{"id":386786,"date":"2019-10-03T13:43:00","date_gmt":"2019-10-03T10:43:00","guid":{"rendered":"http:\/\/devrri.freshlemon.ro\/le-roumain-mot-a-mot\/consulter-les-lecons\/decouverte-de-lest-de-la-transylvanie-id386786.html"},"modified":"2019-10-03T13:43:00","modified_gmt":"2019-10-03T10:43:00","slug":"decouverte-de-lest-de-la-transylvanie","status":"publish","type":"post","link":"https:\/\/www.rri.ro\/fr\/chroniques-hebdomadaires\/radio-tour-fr\/decouverte-de-lest-de-la-transylvanie-id386786.html","title":{"rendered":"D\u00e9couverte de l&rsquo;est de la Transylvanie"},"content":{"rendered":"<p>Sa principale caract\u00e9ristique : c&rsquo;est une zone riche en stations thermales. Tusnad les Bains en est une, situ\u00e9e \u00e0 66 km de Brasov. C&rsquo;est une destination de vacances recherch\u00e9e notamment pendant l&rsquo;\u00e9t\u00e9 par ceux qui souhaitent d\u00e9couvrir les montagnes qui l&rsquo;entourent et profiter des cures. En hiver aussi, les pistes de Tusnad attirent de plus en plus de touristes d&rsquo;une ann\u00e9e \u00e0 l&rsquo;autre. Les d\u00e9buts de cette ville d&rsquo;eau remontent \u00e0 1845 ; toutefois, les premi\u00e8res informations sur l&rsquo;existence des sources d&rsquo;eau min\u00e9rale et sur leur utilisation \u00e0 des fins th\u00e9rapeutiques nous viennent du le 16e si\u00e8cle. Au d\u00e9but du 19e si\u00e8cle, quelques villas ont \u00e9t\u00e9 construites pour accueillir des touristes, alors qu&rsquo;en 1890, la premi\u00e8re base de traitement y ouvrait ses portes. Une grande concentration d&rsquo;ions n\u00e9gatifs, les cures aux eaux min\u00e9rales et les \u00e9manations naturelles de dioxyde de carbone &#8211; autant de facteurs th\u00e9rapeutiques de cette station. Le principal en est le dioxyde de carbone des mofettes et recommand\u00e9 pour le traitement de plusieurs troubles cardiovasculaires. <\/p>\n<p>Notre invit\u00e9 est Costin-Ion Corboianu, guide touristique. Il nous pr\u00e9sente plusieurs endroits \u00e0 d\u00e9couvrir dans l&rsquo;est de la Transylvanie :<em class=cms-italic> \u00abOn peut visiter la contr\u00e9e appel\u00e9e le Pays des Sicules, o\u00f9 vit une partie de la minorit\u00e9 magyare de Roumanie. En fait, on peut passer un weekend tr\u00e8s, tr\u00e8s int\u00e9ressant dans le d\u00e9partement de Covasna. Plusieurs ch\u00e2teaux et manoirs y ont \u00e9t\u00e9 r\u00e9nov\u00e9s ces derni\u00e8res ann\u00e9es et certains ont int\u00e9gr\u00e9 le circuit touristique. On peut m\u00eame y loger. Par exemple \u00e0 Valea Z\u0103lanului ou \u00e0 Miclo\u015foara. On peut voir le lac Sainte Anne ou bien d\u00e9couvrir Tinovul Mohos (un marais qui s&rsquo;est cr\u00e9\u00e9 sur le crat\u00e8re d&rsquo;un volcan et dont les alentours se distinguent par une v\u00e9g\u00e9tation sp\u00e9cifique), on peut se rendre dans la station de Balvanyos les Bains ou dans la ville de T\u00e2rgu Secuiesc. La zone est tr\u00e8s riche en attractions touristiques.\u00bb <\/em><\/p>\n<p>Si c&rsquo;est un \u00e9t\u00e9 indien, nous vous recommandons les randonn\u00e9es en montagne. Faire un tour dans la for\u00eat qui entoure le lac Sainte Anne ou bien une visite guid\u00e9e \u00e0 l&rsquo;int\u00e9rieur de Tinovul Mohos pour voir le dros\u00e9ra \u00e0 feuilles rondes ou \u00ab la ros\u00e9e du ciel \u00bb, comme on l&rsquo;appelle en roumain &#8211; une esp\u00e8ce tr\u00e8s rare de plante insectivore. En voiture on peut parcourir des distances encore plus grandes. Par exemple \u00e0 75 km de Tusnad se trouve le Lac Rouge, un autre endroit unique. Ce lac est apparu le 23 janvier 1838, lorsqu&rsquo;un versant s&rsquo;est \u00e9croul\u00e9 suite \u00e0 un fort tremblement de terre, formant un barrage naturel. La vall\u00e9e \u00e9tant bloqu\u00e9e par le versant, la for\u00eat fut inond\u00e9e, si bien que de nos jours, les sommets des arbres p\u00e9trifi\u00e9s sont visibles \u00e0 la surface du lac.<\/p>\n<p>En parcourant les villages des d\u00e9partements de Covasna et de Harghita, une autre caract\u00e9ristique de la zone se fait remarquer. Costin-Ion Corboianu nous en parle : <em class=cms-italic>\u00ab Par exemple, les portails des jardins des Sicules sont d\u00e9cor\u00e9s d&rsquo;\u00e9l\u00e9ments tr\u00e8s int\u00e9ressants. On dit qu&rsquo;un tel portail doit mesurer au moins 3,8 m\u00e8tres de haut. Les \u00e9l\u00e9ments qui y sont sculpt\u00e9s sont \u00e0 part aussi. Le plus souvent, on y repr\u00e9sente des tulipes, alors que les trous que l&rsquo;on voit dans la partie sup\u00e9rieure sont faits pour les esprits des membres de la famille qui ont quitt\u00e9 ce monde. On dit que pendant les principales f\u00eates religieuses de l&rsquo;ann\u00e9e, les esprits des morts viennent se reposer autour de la maison qu&rsquo;ils ont quitt\u00e9e. \u00bb    <\/em><\/p>\n<p>On ne saurait oublier non plus le c\u00f4t\u00e9 pratique de ces portails : ils doivent permettre le passage des charrues remplies de foin. <\/p>\n<p>Les touristes qui se rendent dans la zone n&rsquo;auront pas le temps de s&rsquo;ennuyer, nous assure notre invit\u00e9 : <em class=cms-italic>\u00ab A la belle saison on peut faire des cures \u00e0 Balvanyos les Bains, bronzer au bord du lac Sainte Anne ou bien faire des randonn\u00e9es en montagne. Si vous recherchez plut\u00f4t les traitements, vous \u00eates les bienvenus en toute saison. Et puis, il y a plein d&rsquo;activit\u00e9s \u00e0 essayer : le travail des ma\u00eetres artisans, des ateliers des forgerons, des ateliers de travail du bois. Enfin, en automne on peut apprendre \u00e0 faire de l&rsquo;eau-de vie, la \u00ab palinca \u00bb &#8230; \u00bb <\/em><\/p>\n<p>Notre invit\u00e9 a d\u00e9j\u00e0 mentionn\u00e9 la station de Balvanyos les Bains. Il faut dire aussi qu&rsquo;elle rec\u00e8le ce que l&rsquo;on appelle les \u00ab sources d&rsquo;eau gu\u00e9rissantes \u00bb, un ph\u00e9nom\u00e8ne tr\u00e8s rare. Le gaz sort de la terre avec des particules tr\u00e8s fines des couches de roche qu&rsquo;il parcourt, accompagn\u00e9 d&rsquo;eau de la nappe phr\u00e9atique. Si bien qu&rsquo;\u00e0 la surface, on a l&rsquo;impression que la terre bout en quelque sorte.   <\/p>\n<p>Direction la commune de Turia, maintenant, dont les habitants figurent dans le Livre des Records pour avoir fait le \u00ab bulz \u00bb le plus grand au monde : il mesurait 150 m de longueur et 32 cm d&rsquo;\u00e9paisseur. Il s&rsquo;agit d&rsquo;une sorte de rouleau de polenta farci de fromage et de cr\u00e8me aigre. De Turia, on peut se rendre \u00e0 T\u00e2rgu Secuiesc pour visiter deux mus\u00e9es pas comme les autres : le Mus\u00e9e d&rsquo;histoire des guildes et le Mus\u00e9e des poup\u00e9es. Ou encore vous pouvez apprendre \u00e0 pr\u00e9parer du pain d&rsquo;\u00e9pices dans un atelier propos\u00e9 par des sp\u00e9cialistes p\u00e2tissiers. <\/p>\n<p>Notre voyage \u00e0 travers le d\u00e9partement de Covasna s&rsquo;ach\u00e8ve dans la ville homonyme. Elle est surnomm\u00e9e \u00ab la station des mille sources d&rsquo;eau min\u00e9rale \u00bb, car elle est parsem\u00e9e de telles sources. Certaines sont utilis\u00e9es pour les cures, d&rsquo;autres font tout simplement partie du paysage. Les curiosit\u00e9s n&rsquo;y manquent pas non plus : l&rsquo;Etang du Diable est un ph\u00e9nom\u00e8ne naturel qui consiste en de petites \u00e9ruptions de boue et de gaz, du dioxyde de carbone notamment, et du souffre. <\/p>\n<p>Voil\u00e0 donc, chers amis, une multitude de choses \u00e0 d\u00e9couvrir dans l&rsquo;est de la Transylvanie, une zone tr\u00e8s diff\u00e9rente du reste du pays en termes de traditions, d&rsquo;architecture et de paysages, o\u00f9 le hongrois est la langue qui domine. (Trad. Valentina Beleavski)<\/p>\n","protected":false},"excerpt":{"rendered":"<p>Sa principale caract\u00e9ristique : c&rsquo;est une zone riche en stations thermales. Tusnad les Bains en est une, situ\u00e9e \u00e0 66 km de Brasov. C&rsquo;est une destination de vacances recherch\u00e9e notamment pendant l&rsquo;\u00e9t\u00e9 par ceux qui souhaitent d\u00e9couvrir les montagnes qui l&rsquo;entourent et profiter des cures. En hiver aussi, les pistes de Tusnad attirent de plus [&hellip;]<\/p>\n","protected":false},"author":125,"featured_media":386787,"comment_status":"closed","ping_status":"closed","sticky":false,"template":"","format":"standard","meta":{"_acf_changed":false,"footnotes":""},"categories":[86826],"tags":[171594,32311,87848,86216,87847,87846],"coauthors":[],"class_list":["post-386786","post","type-post","status-publish","format-standard","has-post-thumbnail","hentry","category-radio-tour-fr","tag-balvanyos-fr","tag-covasna","tag-sicules","tag-tourisme","tag-translyvanie","tag-turia"],"acf":[],"yoast_head":"<!-- This site is optimized with the Yoast SEO plugin v27.5 - https:\/\/yoast.com\/product\/yoast-seo-wordpress\/ -->\n<title>D\u00e9couverte de l&#039;est de la Transylvanie - Radio Roumanie Internationale<\/title>\n<meta name=\"robots\" content=\"index, follow, max-snippet:-1, max-image-preview:large, max-video-preview:-1\" \/>\n<link rel=\"canonical\" href=\"https:\/\/www.rri.ro\/fr\/chroniques-hebdomadaires\/radio-tour-fr\/decouverte-de-lest-de-la-transylvanie-id386786.html\" \/>\n<meta property=\"og:locale\" content=\"fr_FR\" \/>\n<meta property=\"og:type\" content=\"article\" \/>\n<meta property=\"og:title\" content=\"D\u00e9couverte de l&#039;est de la Transylvanie - Radio Roumanie Internationale\" \/>\n<meta property=\"og:description\" content=\"Sa principale caract\u00e9ristique : c&rsquo;est une zone riche en stations thermales. Tusnad les Bains en est une, situ\u00e9e \u00e0 66 km de Brasov. C&rsquo;est une destination de vacances recherch\u00e9e notamment pendant l&rsquo;\u00e9t\u00e9 par ceux qui souhaitent d\u00e9couvrir les montagnes qui l&rsquo;entourent et profiter des cures. En hiver aussi, les pistes de Tusnad attirent de plus [&hellip;]\" \/>\n<meta property=\"og:url\" content=\"https:\/\/www.rri.ro\/fr\/chroniques-hebdomadaires\/radio-tour-fr\/decouverte-de-lest-de-la-transylvanie-id386786.html\" \/>\n<meta property=\"og:site_name\" content=\"Radio Roumanie Internationale\" \/>\n<meta property=\"article:published_time\" content=\"2019-10-03T10:43:00+00:00\" \/>\n<meta property=\"og:image\" content=\"https:\/\/www.rri.ro\/wp-content\/uploads\/2023\/10\/tinovul-mohos-foto-valentina-dumitrescu-rri-franceza.jpg\" \/>\n\t<meta property=\"og:image:width\" content=\"640\" \/>\n\t<meta property=\"og:image:height\" content=\"480\" \/>\n\t<meta property=\"og:image:type\" content=\"image\/jpeg\" \/>\n<meta name=\"author\" content=\"\u0218tefan Baciu\" \/>\n<meta name=\"twitter:card\" content=\"summary_large_image\" \/>\n<meta name=\"twitter:label1\" content=\"\u00c9crit par\" \/>\n\t<meta name=\"twitter:data1\" content=\"\u0218tefan Baciu\" \/>\n\t<meta name=\"twitter:label2\" content=\"Dur\u00e9e de lecture estim\u00e9e\" \/>\n\t<meta name=\"twitter:data2\" content=\"5 minutes\" \/>\n\t<meta name=\"twitter:label3\" content=\"Written by\" \/>\n\t<meta name=\"twitter:data3\" content=\"\u0218tefan Baciu\" \/>\n<script type=\"application\/ld+json\" class=\"yoast-schema-graph\">{\"@context\":\"https:\\\/\\\/schema.org\",\"@graph\":[{\"@type\":\"Article\",\"@id\":\"https:\\\/\\\/www.rri.ro\\\/fr\\\/chroniques-hebdomadaires\\\/radio-tour-fr\\\/decouverte-de-lest-de-la-transylvanie-id386786.html#article\",\"isPartOf\":{\"@id\":\"https:\\\/\\\/www.rri.ro\\\/fr\\\/chroniques-hebdomadaires\\\/radio-tour-fr\\\/decouverte-de-lest-de-la-transylvanie-id386786.html\"},\"author\":{\"name\":\"\u0218tefan Baciu\",\"@id\":\"https:\\\/\\\/www.rri.ro\\\/#\\\/schema\\\/person\\\/fbb3638d6b8cdc5f110e10b1e6f1b7b5\"},\"headline\":\"D\u00e9couverte de l&rsquo;est de la Transylvanie\",\"datePublished\":\"2019-10-03T10:43:00+00:00\",\"mainEntityOfPage\":{\"@id\":\"https:\\\/\\\/www.rri.ro\\\/fr\\\/chroniques-hebdomadaires\\\/radio-tour-fr\\\/decouverte-de-lest-de-la-transylvanie-id386786.html\"},\"wordCount\":1090,\"image\":{\"@id\":\"https:\\\/\\\/www.rri.ro\\\/fr\\\/chroniques-hebdomadaires\\\/radio-tour-fr\\\/decouverte-de-lest-de-la-transylvanie-id386786.html#primaryimage\"},\"thumbnailUrl\":\"https:\\\/\\\/www.rri.ro\\\/wp-content\\\/uploads\\\/2023\\\/10\\\/tinovul-mohos-foto-valentina-dumitrescu-rri-franceza.jpg\",\"keywords\":[\"Balvanyos\",\"Covasna\",\"Sicules\",\"tourisme\",\"Translyvanie\",\"Turia\"],\"articleSection\":[\"Radio Tour\"],\"inLanguage\":\"fr-FR\"},{\"@type\":\"WebPage\",\"@id\":\"https:\\\/\\\/www.rri.ro\\\/fr\\\/chroniques-hebdomadaires\\\/radio-tour-fr\\\/decouverte-de-lest-de-la-transylvanie-id386786.html\",\"url\":\"https:\\\/\\\/www.rri.ro\\\/fr\\\/chroniques-hebdomadaires\\\/radio-tour-fr\\\/decouverte-de-lest-de-la-transylvanie-id386786.html\",\"name\":\"D\u00e9couverte de l'est de la Transylvanie - Radio Roumanie Internationale\",\"isPartOf\":{\"@id\":\"https:\\\/\\\/www.rri.ro\\\/#website\"},\"primaryImageOfPage\":{\"@id\":\"https:\\\/\\\/www.rri.ro\\\/fr\\\/chroniques-hebdomadaires\\\/radio-tour-fr\\\/decouverte-de-lest-de-la-transylvanie-id386786.html#primaryimage\"},\"image\":{\"@id\":\"https:\\\/\\\/www.rri.ro\\\/fr\\\/chroniques-hebdomadaires\\\/radio-tour-fr\\\/decouverte-de-lest-de-la-transylvanie-id386786.html#primaryimage\"},\"thumbnailUrl\":\"https:\\\/\\\/www.rri.ro\\\/wp-content\\\/uploads\\\/2023\\\/10\\\/tinovul-mohos-foto-valentina-dumitrescu-rri-franceza.jpg\",\"datePublished\":\"2019-10-03T10:43:00+00:00\",\"author\":{\"@id\":\"https:\\\/\\\/www.rri.ro\\\/#\\\/schema\\\/person\\\/fbb3638d6b8cdc5f110e10b1e6f1b7b5\"},\"breadcrumb\":{\"@id\":\"https:\\\/\\\/www.rri.ro\\\/fr\\\/chroniques-hebdomadaires\\\/radio-tour-fr\\\/decouverte-de-lest-de-la-transylvanie-id386786.html#breadcrumb\"},\"inLanguage\":\"fr-FR\",\"potentialAction\":[{\"@type\":\"ReadAction\",\"target\":[\"https:\\\/\\\/www.rri.ro\\\/fr\\\/chroniques-hebdomadaires\\\/radio-tour-fr\\\/decouverte-de-lest-de-la-transylvanie-id386786.html\"]}]},{\"@type\":\"ImageObject\",\"inLanguage\":\"fr-FR\",\"@id\":\"https:\\\/\\\/www.rri.ro\\\/fr\\\/chroniques-hebdomadaires\\\/radio-tour-fr\\\/decouverte-de-lest-de-la-transylvanie-id386786.html#primaryimage\",\"url\":\"https:\\\/\\\/www.rri.ro\\\/wp-content\\\/uploads\\\/2023\\\/10\\\/tinovul-mohos-foto-valentina-dumitrescu-rri-franceza.jpg\",\"contentUrl\":\"https:\\\/\\\/www.rri.ro\\\/wp-content\\\/uploads\\\/2023\\\/10\\\/tinovul-mohos-foto-valentina-dumitrescu-rri-franceza.jpg\",\"width\":640,\"height\":480,\"caption\":\"Tinovul Mohos\"},{\"@type\":\"BreadcrumbList\",\"@id\":\"https:\\\/\\\/www.rri.ro\\\/fr\\\/chroniques-hebdomadaires\\\/radio-tour-fr\\\/decouverte-de-lest-de-la-transylvanie-id386786.html#breadcrumb\",\"itemListElement\":[{\"@type\":\"ListItem\",\"position\":1,\"name\":\"Page d'accueil\",\"item\":\"https:\\\/\\\/www.rri.ro\\\/fr\"},{\"@type\":\"ListItem\",\"position\":2,\"name\":\"Chroniques hebdomadaires\",\"item\":\"https:\\\/\\\/www.rri.ro\\\/fr\\\/chroniques-hebdomadaires\"},{\"@type\":\"ListItem\",\"position\":3,\"name\":\"Radio Tour\",\"item\":\"https:\\\/\\\/www.rri.ro\\\/fr\\\/chroniques-hebdomadaires\\\/radio-tour-fr\"},{\"@type\":\"ListItem\",\"position\":4,\"name\":\"D\u00e9couverte de l&rsquo;est de la Transylvanie\"}]},{\"@type\":\"WebSite\",\"@id\":\"https:\\\/\\\/www.rri.ro\\\/#website\",\"url\":\"https:\\\/\\\/www.rri.ro\\\/\",\"name\":\"Radio Roumanie Internationale\",\"description\":\"Totul despre Rom\u00e2nia \u015fi rom\u00e2ni, \u00een 13 limbi\\\/dialecte!\",\"inLanguage\":\"fr-FR\"},{\"@type\":\"Person\",\"@id\":\"https:\\\/\\\/www.rri.ro\\\/#\\\/schema\\\/person\\\/fbb3638d6b8cdc5f110e10b1e6f1b7b5\",\"name\":\"\u0218tefan Baciu\",\"url\":\"https:\\\/\\\/www.rri.ro\\\/fr\\\/author\\\/stefan-baciu\"}]}<\/script>\n<!-- \/ Yoast SEO plugin. -->","yoast_head_json":{"title":"D\u00e9couverte de l'est de la Transylvanie - Radio Roumanie Internationale","robots":{"index":"index","follow":"follow","max-snippet":"max-snippet:-1","max-image-preview":"max-image-preview:large","max-video-preview":"max-video-preview:-1"},"canonical":"https:\/\/www.rri.ro\/fr\/chroniques-hebdomadaires\/radio-tour-fr\/decouverte-de-lest-de-la-transylvanie-id386786.html","og_locale":"fr_FR","og_type":"article","og_title":"D\u00e9couverte de l'est de la Transylvanie - Radio Roumanie Internationale","og_description":"Sa principale caract\u00e9ristique : c&rsquo;est une zone riche en stations thermales. Tusnad les Bains en est une, situ\u00e9e \u00e0 66 km de Brasov. C&rsquo;est une destination de vacances recherch\u00e9e notamment pendant l&rsquo;\u00e9t\u00e9 par ceux qui souhaitent d\u00e9couvrir les montagnes qui l&rsquo;entourent et profiter des cures. En hiver aussi, les pistes de Tusnad attirent de plus [&hellip;]","og_url":"https:\/\/www.rri.ro\/fr\/chroniques-hebdomadaires\/radio-tour-fr\/decouverte-de-lest-de-la-transylvanie-id386786.html","og_site_name":"Radio Roumanie Internationale","article_published_time":"2019-10-03T10:43:00+00:00","og_image":[{"width":640,"height":480,"url":"https:\/\/www.rri.ro\/wp-content\/uploads\/2023\/10\/tinovul-mohos-foto-valentina-dumitrescu-rri-franceza.jpg","type":"image\/jpeg"}],"author":"\u0218tefan Baciu","twitter_card":"summary_large_image","twitter_misc":{"\u00c9crit par":"\u0218tefan Baciu","Dur\u00e9e de lecture estim\u00e9e":"5 minutes","Written by":"\u0218tefan Baciu"},"schema":{"@context":"https:\/\/schema.org","@graph":[{"@type":"Article","@id":"https:\/\/www.rri.ro\/fr\/chroniques-hebdomadaires\/radio-tour-fr\/decouverte-de-lest-de-la-transylvanie-id386786.html#article","isPartOf":{"@id":"https:\/\/www.rri.ro\/fr\/chroniques-hebdomadaires\/radio-tour-fr\/decouverte-de-lest-de-la-transylvanie-id386786.html"},"author":{"name":"\u0218tefan Baciu","@id":"https:\/\/www.rri.ro\/#\/schema\/person\/fbb3638d6b8cdc5f110e10b1e6f1b7b5"},"headline":"D\u00e9couverte de l&rsquo;est de la Transylvanie","datePublished":"2019-10-03T10:43:00+00:00","mainEntityOfPage":{"@id":"https:\/\/www.rri.ro\/fr\/chroniques-hebdomadaires\/radio-tour-fr\/decouverte-de-lest-de-la-transylvanie-id386786.html"},"wordCount":1090,"image":{"@id":"https:\/\/www.rri.ro\/fr\/chroniques-hebdomadaires\/radio-tour-fr\/decouverte-de-lest-de-la-transylvanie-id386786.html#primaryimage"},"thumbnailUrl":"https:\/\/www.rri.ro\/wp-content\/uploads\/2023\/10\/tinovul-mohos-foto-valentina-dumitrescu-rri-franceza.jpg","keywords":["Balvanyos","Covasna","Sicules","tourisme","Translyvanie","Turia"],"articleSection":["Radio Tour"],"inLanguage":"fr-FR"},{"@type":"WebPage","@id":"https:\/\/www.rri.ro\/fr\/chroniques-hebdomadaires\/radio-tour-fr\/decouverte-de-lest-de-la-transylvanie-id386786.html","url":"https:\/\/www.rri.ro\/fr\/chroniques-hebdomadaires\/radio-tour-fr\/decouverte-de-lest-de-la-transylvanie-id386786.html","name":"D\u00e9couverte de l'est de la Transylvanie - Radio Roumanie Internationale","isPartOf":{"@id":"https:\/\/www.rri.ro\/#website"},"primaryImageOfPage":{"@id":"https:\/\/www.rri.ro\/fr\/chroniques-hebdomadaires\/radio-tour-fr\/decouverte-de-lest-de-la-transylvanie-id386786.html#primaryimage"},"image":{"@id":"https:\/\/www.rri.ro\/fr\/chroniques-hebdomadaires\/radio-tour-fr\/decouverte-de-lest-de-la-transylvanie-id386786.html#primaryimage"},"thumbnailUrl":"https:\/\/www.rri.ro\/wp-content\/uploads\/2023\/10\/tinovul-mohos-foto-valentina-dumitrescu-rri-franceza.jpg","datePublished":"2019-10-03T10:43:00+00:00","author":{"@id":"https:\/\/www.rri.ro\/#\/schema\/person\/fbb3638d6b8cdc5f110e10b1e6f1b7b5"},"breadcrumb":{"@id":"https:\/\/www.rri.ro\/fr\/chroniques-hebdomadaires\/radio-tour-fr\/decouverte-de-lest-de-la-transylvanie-id386786.html#breadcrumb"},"inLanguage":"fr-FR","potentialAction":[{"@type":"ReadAction","target":["https:\/\/www.rri.ro\/fr\/chroniques-hebdomadaires\/radio-tour-fr\/decouverte-de-lest-de-la-transylvanie-id386786.html"]}]},{"@type":"ImageObject","inLanguage":"fr-FR","@id":"https:\/\/www.rri.ro\/fr\/chroniques-hebdomadaires\/radio-tour-fr\/decouverte-de-lest-de-la-transylvanie-id386786.html#primaryimage","url":"https:\/\/www.rri.ro\/wp-content\/uploads\/2023\/10\/tinovul-mohos-foto-valentina-dumitrescu-rri-franceza.jpg","contentUrl":"https:\/\/www.rri.ro\/wp-content\/uploads\/2023\/10\/tinovul-mohos-foto-valentina-dumitrescu-rri-franceza.jpg","width":640,"height":480,"caption":"Tinovul Mohos"},{"@type":"BreadcrumbList","@id":"https:\/\/www.rri.ro\/fr\/chroniques-hebdomadaires\/radio-tour-fr\/decouverte-de-lest-de-la-transylvanie-id386786.html#breadcrumb","itemListElement":[{"@type":"ListItem","position":1,"name":"Page d'accueil","item":"https:\/\/www.rri.ro\/fr"},{"@type":"ListItem","position":2,"name":"Chroniques hebdomadaires","item":"https:\/\/www.rri.ro\/fr\/chroniques-hebdomadaires"},{"@type":"ListItem","position":3,"name":"Radio Tour","item":"https:\/\/www.rri.ro\/fr\/chroniques-hebdomadaires\/radio-tour-fr"},{"@type":"ListItem","position":4,"name":"D\u00e9couverte de l&rsquo;est de la Transylvanie"}]},{"@type":"WebSite","@id":"https:\/\/www.rri.ro\/#website","url":"https:\/\/www.rri.ro\/","name":"Radio Roumanie Internationale","description":"Totul despre Rom\u00e2nia \u015fi rom\u00e2ni, \u00een 13 limbi\/dialecte!","inLanguage":"fr-FR"},{"@type":"Person","@id":"https:\/\/www.rri.ro\/#\/schema\/person\/fbb3638d6b8cdc5f110e10b1e6f1b7b5","name":"\u0218tefan Baciu","url":"https:\/\/www.rri.ro\/fr\/author\/stefan-baciu"}]}},"_links":{"self":[{"href":"https:\/\/www.rri.ro\/fr\/wp-json\/wp\/v2\/posts\/386786","targetHints":{"allow":["GET"]}}],"collection":[{"href":"https:\/\/www.rri.ro\/fr\/wp-json\/wp\/v2\/posts"}],"about":[{"href":"https:\/\/www.rri.ro\/fr\/wp-json\/wp\/v2\/types\/post"}],"author":[{"embeddable":true,"href":"https:\/\/www.rri.ro\/fr\/wp-json\/wp\/v2\/users\/125"}],"replies":[{"embeddable":true,"href":"https:\/\/www.rri.ro\/fr\/wp-json\/wp\/v2\/comments?post=386786"}],"version-history":[{"count":0,"href":"https:\/\/www.rri.ro\/fr\/wp-json\/wp\/v2\/posts\/386786\/revisions"}],"wp:featuredmedia":[{"embeddable":true,"href":"https:\/\/www.rri.ro\/fr\/wp-json\/wp\/v2\/media\/386787"}],"wp:attachment":[{"href":"https:\/\/www.rri.ro\/fr\/wp-json\/wp\/v2\/media?parent=386786"}],"wp:term":[{"taxonomy":"category","embeddable":true,"href":"https:\/\/www.rri.ro\/fr\/wp-json\/wp\/v2\/categories?post=386786"},{"taxonomy":"post_tag","embeddable":true,"href":"https:\/\/www.rri.ro\/fr\/wp-json\/wp\/v2\/tags?post=386786"},{"taxonomy":"author","embeddable":true,"href":"https:\/\/www.rri.ro\/fr\/wp-json\/wp\/v2\/coauthors?post=386786"}],"curies":[{"name":"wp","href":"https:\/\/api.w.org\/{rel}","templated":true}]}}