{"id":386817,"date":"2019-11-10T13:14:00","date_gmt":"2019-11-10T11:14:00","guid":{"rendered":"http:\/\/devrri.freshlemon.ro\/le-roumain-mot-a-mot\/consulter-les-lecons\/escapade-au-pays-de-buzau-id386817.html"},"modified":"2019-11-10T13:14:00","modified_gmt":"2019-11-10T11:14:00","slug":"escapade-au-pays-de-buzau","status":"publish","type":"post","link":"https:\/\/www.rri.ro\/fr\/chroniques-hebdomadaires\/radio-tour-fr\/escapade-au-pays-de-buzau-id386817.html","title":{"rendered":"Escapade au Pays de Buz\u0103u"},"content":{"rendered":"<p>Vastes for\u00eats, volcans de boue, collines et sources rapides font du pays de Buz\u0103u le paradis des amateurs d\u2019adr\u00e9naline. Si les sports extr\u00eames ne sont pas forc\u00e9ment votre point fort, sachez que la r\u00e9gion abrite aussi des monast\u00e8res anciens, des sites rupestres ou encore des mus\u00e9es des plus divers. Pour les Roumains, le nom de Buz\u0103u s\u2019associe invariablement aux fameux bretzels &#8212; \u00ab covrigi \u00bb &#8211; secs du m\u00eame nom, au vin de Pietroasele, aux saucisses de Ple\u015fcoi ou \u00e0 la saucisse s\u00e8che connue sous le nom de \u00ab babic \u00bb ou encore \u00e0 la fameuse \u00ab tzuica \u00bb, une eau-de-vie de prunes. Que vouloir de plus? Peut-\u00eatre un peu de calme et de tranquillit\u00e9, surtout pour les pauvres citadins, oblig\u00e9s \u00e0 faire face \u00e0 la pollution sonore presque quotidiennement. Eh bien, de ce point de vue aussi, le pays de Buz\u0103u est privil\u00e9gi\u00e9, puisque les touristes qui s\u2019y rendent seront surpris de constater \u00e0 quel point ce bout de terre est-il \u00e0 l\u2019abri du vacarme des grandes agglom\u00e9rations urbaines. Aux dires de Florina Florea, \u00e0 la t\u00eate du Centre national de tourisme de Nehoiu, le pays de Buz\u0103u regorge de l\u00e9gendes et d\u2019histoires anciennes qui charment les visiteurs de tout \u00e2ge.<\/p>\n<p>&#13;<br \/>\n&#13;<\/p>\n<p>&#13;<br \/>\n&#13;<\/p>\n<p><em>\u00ab Je voudrais commencer par vous raconter l\u2019histoire de l\u2019aigle Ilie sculpt\u00e9 juste en face de la gare de Buzau. La l\u00e9gende dit que dans les ann\u00e9es 1924-1942, un aubergiste, Adam de son nom, aurait caress\u00e9 cet aigle qui se plaisait \u00e0 descendre du ciel, sur les quais de la gare. Mais, en 1942, un soldat allemand tue l\u2019oiseau qui se verra par la suite consacr\u00e9 aussi bien une sculpture, qu\u2019un recueil de po\u00e8mes portant la signature du po\u00e8te local, Bucur Chiriac. Une fois \u00e0 la gare, vous pourriez rejoindre facilement le centre-ville avec son H\u00f4tel de ville, l\u2019un des plus beaux \u00e9difices communaux de Roumanie, selon le grand historien roumain, Nicolae Iorga. Ce Palais c\u2019est l\u2019embl\u00e8me m\u00eame de la ville et le plus grand \u00e9difice de l\u2019ancienne province roumaine de Valachie. Toujours au centre-ville, il y a une petite place appel\u00e9e le Plateau Dacia,  enti\u00e8rement couverte de plaques de granite avec diff\u00e9rents mod\u00e8les de blouses roumaines. Et puis, on ne saurait oublier la petite \u00e9glise patronn\u00e9e par les Saints Anges d\u00e9clar\u00e9e monument historique. Elle offre au beau milieu de la ville un oasis de calme. \u00bb <\/em><\/p>\n<p>&#13;<br \/>\n&#13;<\/p>\n<p>&#13;<br \/>\n&#13;<\/p>\n<p>Connu pour la multitude de foires et d\u2019\u00e9v\u00e9nements mis en place toute au long de l\u2019ann\u00e9e, le pays de Buz\u0103u est \u00e0 visiter notamment en juin, \u00e0 l\u2019occasion de deux f\u00eates particuli\u00e8rement int\u00e9ressantes: la Dr\u0103gaica, le 24 juin, et Buz\u0103u Fest, accueilli en d\u00e9but d\u2019\u00e9t\u00e9, par la station de S\u0103rata Monteoru. Florina Florea revient au micro:<\/p>\n<p>&#13;<br \/>\n&#13;<\/p>\n<p>&#13;<br \/>\n&#13;<\/p>\n<p><em>\u00ab R\u00e9put\u00e9e pour ses bassins remplis d\u2019eau sal\u00e9e, la station de S\u0103rata Monteoru s\u2019est vu doter en 2016, d\u2019un parc d\u2019aventure et de loisirs, am\u00e9nag\u00e9 au c\u0153ur de la for\u00eat. La localit\u00e9 d\u00e9tient, depuis trois ans d\u00e9j\u00e0, le statut de station baln\u00e9aire, ce qui la rend encore plus int\u00e9ressante. Apr\u00e8s avoir profit\u00e9 des b\u00e9n\u00e9fices des eaux de cure, je vous propose de faire halte \u00e0 35 km de Buz\u0103u, pour y d\u00e9couvrir une curiosit\u00e9 g\u00e9ologique: les Volcans de boue. L\u00e0-bas, le paysage semble lunaire, et on observe partout des remont\u00e9es de gaz \u00e0 la surface des crat\u00e8res. Le site est sur la liste des \u00ab monuments naturels \u00bb depuis 1924. Apr\u00e8s cet incontournable de la r\u00e9gion, la prochaine destination serait le site des Vieilles femmes de Ulmet. Ce sont, en fait, des pierres nomm\u00e9es trovants, dont les formes bizarres nourrissent l\u2019imagination des ceux qui les regardent. \u00bb <\/em><\/p>\n<p>&#13;<br \/>\n&#13;<\/p>\n<p>&#13;<br \/>\n&#13;<\/p>\n<p>Notre visite se poursuit dans la contr\u00e9e dite de Buzioru, qui doit sa renomm\u00e9e aux sites rupestres servant jadis de lieux de culte. Florina Florea \u00e0 la t\u00eate du Centre national de tourisme de Nehoiu, raconte:<\/p>\n<p>&#13;<br \/>\n&#13;<\/p>\n<p>&#13;<br \/>\n&#13;<\/p>\n<p><em>\u00ab Je voudrais pr\u00e9ciser que notre centre collabore \u00e9troitement avec le g\u00e9ographe et professeur des universit\u00e9s Cezar Buterez, qui m\u00e8ne depuis dix ans d\u00e9j\u00e0 des recherches dans la r\u00e9gion. D\u2019ailleurs, il s\u2019appr\u00eate \u00e0 r\u00e9aliser une carte des vestiges rupestres de Buzioru, surtout que la r\u00e9gion est moins connue du grand public et qu\u2019il faut pr\u00e9voir un guide agr\u00e9\u00e9, pour la visiter. Sur l\u2019ensemble des vestiges, le plus connu est celui de l\u2019Eglise en pierre d\u2019Aluni\u015f, creus\u00e9e dans un rocher par deux bergers, en 1274. Cette \u00e9glise n\u2019est pas le seul vestige, il y en a d\u2019autres aux noms tout aussi r\u00e9v\u00e9lateurs. \u00bb<\/em><\/p>\n<p>&#13;<br \/>\n&#13;<\/p>\n<p>&#13;<br \/>\n&#13;<\/p>\n<p>Florin Burgui, guide de haute montagne, nous propose un trajet en altitude, \u00e0 travers cette r\u00e9gion de m\u00e9galithes, avec pour point de d\u00e9part un endroit magnifique nomm\u00e9 Poiana Cozanei.<\/p>\n<p>&#13;<br \/>\n&#13;<\/p>\n<p>&#13;<br \/>\n&#13;<\/p>\n<p><em>\u00ab Un premier objectif \u00e0 d\u00e9couvrir est la cellule de Dionisie Torc\u0103torul, le Filateur. Creus\u00e9e dans le rocher, la grotte lui a servi d\u2019abri une trentaine d\u2019ann\u00e9es. Il n\u2019y sortait qu\u2019une fois par semaine, pour se rendre \u00e0 l\u2019\u00e9glise et se confesser. Le reste du temps, il travaillait la laine qu\u2019un de ses proches lui ramenait. Pas tr\u00e8s loin de cette cellule, il y a l\u2019Ermitage dit du Bout de la Grotte. M\u00eame si les touristes se voient interdire l\u2019acc\u00e8s \u00e0 l\u2019int\u00e9rieur, l\u2019endroit reste un des plus importants de la r\u00e9gion puisqu\u2019il renferme 137 gravures par incision, repr\u00e9sentant diff\u00e9rentes armes et datant des ann\u00e9es 4000 avant J.C. Un autre vestige \u00e0 ne pas rater est celui dit de  l\u2019Eglise de Joseph. Le trajet dure huit \u00e0 dix heures pendant lesquelles on est cens\u00e9 grimper vers le sommet de la montagne avant de redescendre \u00e0 travers la for\u00eat. Le balisage des sentiers laisse \u00e0 d\u00e9sirer, mais bon, avec un bon guide, \u00e7a ira. \u00bb<\/em><\/p>\n<p>&#13;<br \/>\n&#13;<\/p>\n<p>&#13;<br \/>\n&#13;<\/p>\n<p>Et pour cl\u00f4turer la visite dans la r\u00e9gion en toute beaut\u00e9, Florina Florea du Centre national de tourisme de Nehoiu, nous conseille une pouss\u00e9e d\u2019adr\u00e9naline:<\/p>\n<p>&#13;<br \/>\n&#13;<\/p>\n<p>&#13;<br \/>\n&#13;<\/p>\n<p><em>\u00ab Personnellement, je recommande aux touristes de finir leurs vacances du c\u00f4t\u00e9 de Nehoiu, au bord de la rivi\u00e8re Buz\u0103u, id\u00e9ale pour pratiquer le rafting presque toute au long de l\u2019ann\u00e9e, \u00e0 l\u2019exception des mois de l\u2019hiver, bien-s\u00fbr. Nous avons organis\u00e9 en mars dernier, la deuxi\u00e8me \u00e9dition du Championnat de rafting avec des participants venus de plusieurs pays tels la Serbie, la Bulgarie et la Grande Bretagne. Du coup, on vous attend nombreux \u00e0 Nehoiu! Pour mieux conna\u00eetre les incontournables de la r\u00e9gion, je vous sugg\u00e8re de consulter la Carte du visiteur, que notre centre a lanc\u00e9e l\u2019ann\u00e9e derni\u00e8re, avec le soutien du professeur Cezar Buterez. \u00bb <\/em><\/p>\n<p>&#13;<br \/>\n&#13;<\/p>\n<p>&#13;<br \/>\n&#13;<\/p>\n<p> Sur ce prend fin notre visite dans le Pays de Buz\u0103u, une destination de vacances \u00e0 explorer en toute saison. (Trad. Ioana St\u0103ncescu)<\/p>\n<p>&#13;<\/p>\n","protected":false},"excerpt":{"rendered":"<p>Vastes for\u00eats, volcans de boue, collines et sources rapides font du pays de Buz\u0103u le paradis des amateurs d\u2019adr\u00e9naline. Si les sports extr\u00eames ne sont pas forc\u00e9ment votre point fort, sachez que la r\u00e9gion abrite aussi des monast\u00e8res anciens, des sites rupestres ou encore des mus\u00e9es des plus divers. Pour les Roumains, le nom de [&hellip;]<\/p>\n","protected":false},"author":128,"featured_media":148782,"comment_status":"closed","ping_status":"closed","sticky":false,"template":"","format":"standard","meta":{"_acf_changed":false,"footnotes":""},"categories":[86826],"tags":[151606,87856,85412,87857,87855],"coauthors":[],"class_list":["post-386817","post","type-post","status-publish","format-standard","has-post-thumbnail","hentry","category-radio-tour-fr","tag-buzau-fr","tag-covrigi","tag-roumanie","tag-tuica","tag-volcans-de-boue"],"acf":[],"yoast_head":"<!-- This site is optimized with the Yoast SEO plugin v27.5 - https:\/\/yoast.com\/product\/yoast-seo-wordpress\/ -->\n<title>Escapade au Pays de Buz\u0103u - Radio Roumanie Internationale<\/title>\n<meta name=\"robots\" content=\"index, follow, max-snippet:-1, max-image-preview:large, max-video-preview:-1\" \/>\n<link rel=\"canonical\" href=\"https:\/\/www.rri.ro\/fr\/chroniques-hebdomadaires\/radio-tour-fr\/escapade-au-pays-de-buzau-id386817.html\" \/>\n<meta property=\"og:locale\" content=\"fr_FR\" \/>\n<meta property=\"og:type\" content=\"article\" \/>\n<meta property=\"og:title\" content=\"Escapade au Pays de Buz\u0103u - Radio Roumanie Internationale\" \/>\n<meta property=\"og:description\" content=\"Vastes for\u00eats, volcans de boue, collines et sources rapides font du pays de Buz\u0103u le paradis des amateurs d\u2019adr\u00e9naline. Si les sports extr\u00eames ne sont pas forc\u00e9ment votre point fort, sachez que la r\u00e9gion abrite aussi des monast\u00e8res anciens, des sites rupestres ou encore des mus\u00e9es des plus divers. Pour les Roumains, le nom de [&hellip;]\" \/>\n<meta property=\"og:url\" content=\"https:\/\/www.rri.ro\/fr\/chroniques-hebdomadaires\/radio-tour-fr\/escapade-au-pays-de-buzau-id386817.html\" \/>\n<meta property=\"og:site_name\" content=\"Radio Roumanie Internationale\" \/>\n<meta property=\"article:published_time\" content=\"2019-11-10T11:14:00+00:00\" \/>\n<meta property=\"og:image\" content=\"https:\/\/www.rri.ro\/wp-content\/uploads\/2023\/10\/buzau-vulcanii-noroiosi-640.png\" \/>\n\t<meta property=\"og:image:width\" content=\"640\" \/>\n\t<meta property=\"og:image:height\" content=\"480\" \/>\n\t<meta property=\"og:image:type\" content=\"image\/png\" \/>\n<meta name=\"author\" content=\"Daniel Onea\" \/>\n<meta name=\"twitter:card\" content=\"summary_large_image\" \/>\n<meta name=\"twitter:label1\" content=\"\u00c9crit par\" \/>\n\t<meta name=\"twitter:data1\" content=\"Daniel Onea\" \/>\n\t<meta name=\"twitter:label2\" content=\"Dur\u00e9e de lecture estim\u00e9e\" \/>\n\t<meta name=\"twitter:data2\" content=\"6 minutes\" \/>\n\t<meta name=\"twitter:label3\" content=\"Written by\" \/>\n\t<meta name=\"twitter:data3\" content=\"Daniel Onea\" \/>\n<script type=\"application\/ld+json\" class=\"yoast-schema-graph\">{\"@context\":\"https:\\\/\\\/schema.org\",\"@graph\":[{\"@type\":\"Article\",\"@id\":\"https:\\\/\\\/www.rri.ro\\\/fr\\\/chroniques-hebdomadaires\\\/radio-tour-fr\\\/escapade-au-pays-de-buzau-id386817.html#article\",\"isPartOf\":{\"@id\":\"https:\\\/\\\/www.rri.ro\\\/fr\\\/chroniques-hebdomadaires\\\/radio-tour-fr\\\/escapade-au-pays-de-buzau-id386817.html\"},\"author\":{\"name\":\"Daniel Onea\",\"@id\":\"https:\\\/\\\/www.rri.ro\\\/#\\\/schema\\\/person\\\/fcce42c208d45f30f5b054b64bc1e0df\"},\"headline\":\"Escapade au Pays de Buz\u0103u\",\"datePublished\":\"2019-11-10T11:14:00+00:00\",\"mainEntityOfPage\":{\"@id\":\"https:\\\/\\\/www.rri.ro\\\/fr\\\/chroniques-hebdomadaires\\\/radio-tour-fr\\\/escapade-au-pays-de-buzau-id386817.html\"},\"wordCount\":1198,\"image\":{\"@id\":\"https:\\\/\\\/www.rri.ro\\\/fr\\\/chroniques-hebdomadaires\\\/radio-tour-fr\\\/escapade-au-pays-de-buzau-id386817.html#primaryimage\"},\"thumbnailUrl\":\"https:\\\/\\\/www.rri.ro\\\/wp-content\\\/uploads\\\/2023\\\/10\\\/buzau-vulcanii-noroiosi-640.png\",\"keywords\":[\"buzau\",\"covrigi\",\"Roumanie\",\"tuica\",\"volcans de boue\"],\"articleSection\":[\"Radio Tour\"],\"inLanguage\":\"fr-FR\"},{\"@type\":\"WebPage\",\"@id\":\"https:\\\/\\\/www.rri.ro\\\/fr\\\/chroniques-hebdomadaires\\\/radio-tour-fr\\\/escapade-au-pays-de-buzau-id386817.html\",\"url\":\"https:\\\/\\\/www.rri.ro\\\/fr\\\/chroniques-hebdomadaires\\\/radio-tour-fr\\\/escapade-au-pays-de-buzau-id386817.html\",\"name\":\"Escapade au Pays de Buz\u0103u - Radio Roumanie Internationale\",\"isPartOf\":{\"@id\":\"https:\\\/\\\/www.rri.ro\\\/#website\"},\"primaryImageOfPage\":{\"@id\":\"https:\\\/\\\/www.rri.ro\\\/fr\\\/chroniques-hebdomadaires\\\/radio-tour-fr\\\/escapade-au-pays-de-buzau-id386817.html#primaryimage\"},\"image\":{\"@id\":\"https:\\\/\\\/www.rri.ro\\\/fr\\\/chroniques-hebdomadaires\\\/radio-tour-fr\\\/escapade-au-pays-de-buzau-id386817.html#primaryimage\"},\"thumbnailUrl\":\"https:\\\/\\\/www.rri.ro\\\/wp-content\\\/uploads\\\/2023\\\/10\\\/buzau-vulcanii-noroiosi-640.png\",\"datePublished\":\"2019-11-10T11:14:00+00:00\",\"author\":{\"@id\":\"https:\\\/\\\/www.rri.ro\\\/#\\\/schema\\\/person\\\/fcce42c208d45f30f5b054b64bc1e0df\"},\"breadcrumb\":{\"@id\":\"https:\\\/\\\/www.rri.ro\\\/fr\\\/chroniques-hebdomadaires\\\/radio-tour-fr\\\/escapade-au-pays-de-buzau-id386817.html#breadcrumb\"},\"inLanguage\":\"fr-FR\",\"potentialAction\":[{\"@type\":\"ReadAction\",\"target\":[\"https:\\\/\\\/www.rri.ro\\\/fr\\\/chroniques-hebdomadaires\\\/radio-tour-fr\\\/escapade-au-pays-de-buzau-id386817.html\"]}]},{\"@type\":\"ImageObject\",\"inLanguage\":\"fr-FR\",\"@id\":\"https:\\\/\\\/www.rri.ro\\\/fr\\\/chroniques-hebdomadaires\\\/radio-tour-fr\\\/escapade-au-pays-de-buzau-id386817.html#primaryimage\",\"url\":\"https:\\\/\\\/www.rri.ro\\\/wp-content\\\/uploads\\\/2023\\\/10\\\/buzau-vulcanii-noroiosi-640.png\",\"contentUrl\":\"https:\\\/\\\/www.rri.ro\\\/wp-content\\\/uploads\\\/2023\\\/10\\\/buzau-vulcanii-noroiosi-640.png\",\"width\":640,\"height\":480},{\"@type\":\"BreadcrumbList\",\"@id\":\"https:\\\/\\\/www.rri.ro\\\/fr\\\/chroniques-hebdomadaires\\\/radio-tour-fr\\\/escapade-au-pays-de-buzau-id386817.html#breadcrumb\",\"itemListElement\":[{\"@type\":\"ListItem\",\"position\":1,\"name\":\"Page d'accueil\",\"item\":\"https:\\\/\\\/www.rri.ro\\\/fr\"},{\"@type\":\"ListItem\",\"position\":2,\"name\":\"Chroniques hebdomadaires\",\"item\":\"https:\\\/\\\/www.rri.ro\\\/fr\\\/chroniques-hebdomadaires\"},{\"@type\":\"ListItem\",\"position\":3,\"name\":\"Radio Tour\",\"item\":\"https:\\\/\\\/www.rri.ro\\\/fr\\\/chroniques-hebdomadaires\\\/radio-tour-fr\"},{\"@type\":\"ListItem\",\"position\":4,\"name\":\"Escapade au Pays de Buz\u0103u\"}]},{\"@type\":\"WebSite\",\"@id\":\"https:\\\/\\\/www.rri.ro\\\/#website\",\"url\":\"https:\\\/\\\/www.rri.ro\\\/\",\"name\":\"Radio Roumanie Internationale\",\"description\":\"Totul despre Rom\u00e2nia \u015fi rom\u00e2ni, \u00een 13 limbi\\\/dialecte!\",\"inLanguage\":\"fr-FR\"},{\"@type\":\"Person\",\"@id\":\"https:\\\/\\\/www.rri.ro\\\/#\\\/schema\\\/person\\\/fcce42c208d45f30f5b054b64bc1e0df\",\"name\":\"Daniel Onea\",\"url\":\"https:\\\/\\\/www.rri.ro\\\/fr\\\/author\\\/daniel-onea\"}]}<\/script>\n<!-- \/ Yoast SEO plugin. -->","yoast_head_json":{"title":"Escapade au Pays de Buz\u0103u - Radio Roumanie Internationale","robots":{"index":"index","follow":"follow","max-snippet":"max-snippet:-1","max-image-preview":"max-image-preview:large","max-video-preview":"max-video-preview:-1"},"canonical":"https:\/\/www.rri.ro\/fr\/chroniques-hebdomadaires\/radio-tour-fr\/escapade-au-pays-de-buzau-id386817.html","og_locale":"fr_FR","og_type":"article","og_title":"Escapade au Pays de Buz\u0103u - Radio Roumanie Internationale","og_description":"Vastes for\u00eats, volcans de boue, collines et sources rapides font du pays de Buz\u0103u le paradis des amateurs d\u2019adr\u00e9naline. Si les sports extr\u00eames ne sont pas forc\u00e9ment votre point fort, sachez que la r\u00e9gion abrite aussi des monast\u00e8res anciens, des sites rupestres ou encore des mus\u00e9es des plus divers. Pour les Roumains, le nom de [&hellip;]","og_url":"https:\/\/www.rri.ro\/fr\/chroniques-hebdomadaires\/radio-tour-fr\/escapade-au-pays-de-buzau-id386817.html","og_site_name":"Radio Roumanie Internationale","article_published_time":"2019-11-10T11:14:00+00:00","og_image":[{"width":640,"height":480,"url":"https:\/\/www.rri.ro\/wp-content\/uploads\/2023\/10\/buzau-vulcanii-noroiosi-640.png","type":"image\/png"}],"author":"Daniel Onea","twitter_card":"summary_large_image","twitter_misc":{"\u00c9crit par":"Daniel Onea","Dur\u00e9e de lecture estim\u00e9e":"6 minutes","Written by":"Daniel Onea"},"schema":{"@context":"https:\/\/schema.org","@graph":[{"@type":"Article","@id":"https:\/\/www.rri.ro\/fr\/chroniques-hebdomadaires\/radio-tour-fr\/escapade-au-pays-de-buzau-id386817.html#article","isPartOf":{"@id":"https:\/\/www.rri.ro\/fr\/chroniques-hebdomadaires\/radio-tour-fr\/escapade-au-pays-de-buzau-id386817.html"},"author":{"name":"Daniel Onea","@id":"https:\/\/www.rri.ro\/#\/schema\/person\/fcce42c208d45f30f5b054b64bc1e0df"},"headline":"Escapade au Pays de Buz\u0103u","datePublished":"2019-11-10T11:14:00+00:00","mainEntityOfPage":{"@id":"https:\/\/www.rri.ro\/fr\/chroniques-hebdomadaires\/radio-tour-fr\/escapade-au-pays-de-buzau-id386817.html"},"wordCount":1198,"image":{"@id":"https:\/\/www.rri.ro\/fr\/chroniques-hebdomadaires\/radio-tour-fr\/escapade-au-pays-de-buzau-id386817.html#primaryimage"},"thumbnailUrl":"https:\/\/www.rri.ro\/wp-content\/uploads\/2023\/10\/buzau-vulcanii-noroiosi-640.png","keywords":["buzau","covrigi","Roumanie","tuica","volcans de boue"],"articleSection":["Radio Tour"],"inLanguage":"fr-FR"},{"@type":"WebPage","@id":"https:\/\/www.rri.ro\/fr\/chroniques-hebdomadaires\/radio-tour-fr\/escapade-au-pays-de-buzau-id386817.html","url":"https:\/\/www.rri.ro\/fr\/chroniques-hebdomadaires\/radio-tour-fr\/escapade-au-pays-de-buzau-id386817.html","name":"Escapade au Pays de Buz\u0103u - Radio Roumanie Internationale","isPartOf":{"@id":"https:\/\/www.rri.ro\/#website"},"primaryImageOfPage":{"@id":"https:\/\/www.rri.ro\/fr\/chroniques-hebdomadaires\/radio-tour-fr\/escapade-au-pays-de-buzau-id386817.html#primaryimage"},"image":{"@id":"https:\/\/www.rri.ro\/fr\/chroniques-hebdomadaires\/radio-tour-fr\/escapade-au-pays-de-buzau-id386817.html#primaryimage"},"thumbnailUrl":"https:\/\/www.rri.ro\/wp-content\/uploads\/2023\/10\/buzau-vulcanii-noroiosi-640.png","datePublished":"2019-11-10T11:14:00+00:00","author":{"@id":"https:\/\/www.rri.ro\/#\/schema\/person\/fcce42c208d45f30f5b054b64bc1e0df"},"breadcrumb":{"@id":"https:\/\/www.rri.ro\/fr\/chroniques-hebdomadaires\/radio-tour-fr\/escapade-au-pays-de-buzau-id386817.html#breadcrumb"},"inLanguage":"fr-FR","potentialAction":[{"@type":"ReadAction","target":["https:\/\/www.rri.ro\/fr\/chroniques-hebdomadaires\/radio-tour-fr\/escapade-au-pays-de-buzau-id386817.html"]}]},{"@type":"ImageObject","inLanguage":"fr-FR","@id":"https:\/\/www.rri.ro\/fr\/chroniques-hebdomadaires\/radio-tour-fr\/escapade-au-pays-de-buzau-id386817.html#primaryimage","url":"https:\/\/www.rri.ro\/wp-content\/uploads\/2023\/10\/buzau-vulcanii-noroiosi-640.png","contentUrl":"https:\/\/www.rri.ro\/wp-content\/uploads\/2023\/10\/buzau-vulcanii-noroiosi-640.png","width":640,"height":480},{"@type":"BreadcrumbList","@id":"https:\/\/www.rri.ro\/fr\/chroniques-hebdomadaires\/radio-tour-fr\/escapade-au-pays-de-buzau-id386817.html#breadcrumb","itemListElement":[{"@type":"ListItem","position":1,"name":"Page d'accueil","item":"https:\/\/www.rri.ro\/fr"},{"@type":"ListItem","position":2,"name":"Chroniques hebdomadaires","item":"https:\/\/www.rri.ro\/fr\/chroniques-hebdomadaires"},{"@type":"ListItem","position":3,"name":"Radio Tour","item":"https:\/\/www.rri.ro\/fr\/chroniques-hebdomadaires\/radio-tour-fr"},{"@type":"ListItem","position":4,"name":"Escapade au Pays de Buz\u0103u"}]},{"@type":"WebSite","@id":"https:\/\/www.rri.ro\/#website","url":"https:\/\/www.rri.ro\/","name":"Radio Roumanie Internationale","description":"Totul despre Rom\u00e2nia \u015fi rom\u00e2ni, \u00een 13 limbi\/dialecte!","inLanguage":"fr-FR"},{"@type":"Person","@id":"https:\/\/www.rri.ro\/#\/schema\/person\/fcce42c208d45f30f5b054b64bc1e0df","name":"Daniel Onea","url":"https:\/\/www.rri.ro\/fr\/author\/daniel-onea"}]}},"_links":{"self":[{"href":"https:\/\/www.rri.ro\/fr\/wp-json\/wp\/v2\/posts\/386817","targetHints":{"allow":["GET"]}}],"collection":[{"href":"https:\/\/www.rri.ro\/fr\/wp-json\/wp\/v2\/posts"}],"about":[{"href":"https:\/\/www.rri.ro\/fr\/wp-json\/wp\/v2\/types\/post"}],"author":[{"embeddable":true,"href":"https:\/\/www.rri.ro\/fr\/wp-json\/wp\/v2\/users\/128"}],"replies":[{"embeddable":true,"href":"https:\/\/www.rri.ro\/fr\/wp-json\/wp\/v2\/comments?post=386817"}],"version-history":[{"count":0,"href":"https:\/\/www.rri.ro\/fr\/wp-json\/wp\/v2\/posts\/386817\/revisions"}],"wp:featuredmedia":[{"embeddable":true,"href":"https:\/\/www.rri.ro\/fr\/wp-json\/wp\/v2\/media\/148782"}],"wp:attachment":[{"href":"https:\/\/www.rri.ro\/fr\/wp-json\/wp\/v2\/media?parent=386817"}],"wp:term":[{"taxonomy":"category","embeddable":true,"href":"https:\/\/www.rri.ro\/fr\/wp-json\/wp\/v2\/categories?post=386817"},{"taxonomy":"post_tag","embeddable":true,"href":"https:\/\/www.rri.ro\/fr\/wp-json\/wp\/v2\/tags?post=386817"},{"taxonomy":"author","embeddable":true,"href":"https:\/\/www.rri.ro\/fr\/wp-json\/wp\/v2\/coauthors?post=386817"}],"curies":[{"name":"wp","href":"https:\/\/api.w.org\/{rel}","templated":true}]}}