{"id":386904,"date":"2020-10-15T12:26:00","date_gmt":"2020-10-15T09:26:00","guid":{"rendered":"http:\/\/devrri.freshlemon.ro\/le-roumain-mot-a-mot\/consulter-les-lecons\/randonnee-et-observation-de-la-vie-sauvage-dans-les-carpates-id386904.html"},"modified":"2020-10-15T12:26:00","modified_gmt":"2020-10-15T09:26:00","slug":"randonnee-et-observation-de-la-vie-sauvage-dans-les-carpates","status":"publish","type":"post","link":"https:\/\/www.rri.ro\/fr\/chroniques-hebdomadaires\/radio-tour-fr\/randonnee-et-observation-de-la-vie-sauvage-dans-les-carpates-id386904.html","title":{"rendered":"Randonn\u00e9e et observation de la vie sauvage dans les Carpates"},"content":{"rendered":"<p><p>World Wide Fund for&#13;<br \/>\nNature &#8211; le Fonds mondial pour la nature &#8211; estime qu&rsquo;il y aurait environ 320&#13;<br \/>\n000 hectares de for\u00eats dans les Carpates qui peuvent \u00eatre inclus dans les&#13;<br \/>\ncat\u00e9gories vierges et quasi vierges, dont 250 000 en Roumanie. Nous vous proposons&#13;<br \/>\naujourd&rsquo;hui une incursion dans des zones situ\u00e9es loin de la pollution et des agglom\u00e9rations&#13;<br \/>\nurbaines, o\u00f9 nous verrons des arbres s\u00e9culaires et des animaux tels que l&rsquo;ours brun,&#13;<br \/>\nle loup ou le lynx, dans leur environnement naturel. <\/p>\n<p><\/p>\n<p>&#13;<br \/>\n&#13;<br \/>\n&#13;<br \/>\n&#13;<br \/>\n&#13;<br \/>\n&#13;<\/p>\n<p>Hermann Kurmens est&#13;<br \/>\nprofesseur de biologie et voyagiste, propri\u00e9taire d&rsquo;une maison d&rsquo;h\u00f4tes dans le&#13;<br \/>\nvillage de M\u0103gura, du d\u00e9partement de Bra\u0219ov. La Roumanie a une biodiversit\u00e9&#13;<br \/>\nimpressionnante, mais qui est trop peu connue comme attraction touristique, affirme&#13;<br \/>\nHermann Kurmens : <em class=cms-italic>\u00ab Il n&rsquo;est&#13;<br \/>\npas n\u00e9cessaire de visiter les savanes africaines pour l&rsquo;observation des&#13;<br \/>\nanimaux, on peut le faire en Roumanie, dans les zones de montagne ou dans les&#13;<br \/>\nfor\u00eats. Nous savons que ce pays dispose de la plus forte densit\u00e9 d&rsquo;ours, de&#13;<br \/>\nloups et de lynx de toute l&rsquo;Europe. Un tiers de la population de ces animaux&#13;<br \/>\nest \u00e0 retrouver en Roumanie. Il y a des animaux sauvages dans toutes les&#13;<br \/>\nmontagnes roumaines. Il en existe plus dans les zones montagneuses des comt\u00e9s&#13;<br \/>\nde Harghita, Covasna et Brasov. Nous avons commenc\u00e9 par un observatoire dans&#13;<br \/>\nles ann\u00e9es 2000 dans la r\u00e9gion de F\u0103g\u0103ra\u015f, \u00e0 \u015eercaia. \u00bb<\/em><\/p>\n<p><\/p>\n<p>Dans les Carpates, l&rsquo;observation&#13;<br \/>\nde la vie sauvage de mani\u00e8re organis\u00e9e, comme une forme de tourisme, se fait&#13;<br \/>\ndepuis peu de temps, poursuit Hermann Kurmens, professeur de biologie et&#13;<br \/>\ntour-op\u00e9rateur :<em class=cms-italic style=font-size: 1em;> \u00ab Dans les&#13;<br \/>\nann\u00e9es &rsquo;70 et &rsquo;80, on pratiquait davantage la chasse, apr\u00e8s quoi les troph\u00e9es \u00e9taient&#13;<br \/>\nvendus. Les touristes venaient d&rsquo;Europe de l&rsquo;Ouest et pour une telle&#13;<br \/>\nexp\u00e9rience, ils payaient entre 5 000 $ et 12 000 $. Au fil du temps, les&#13;<br \/>\nadministrations des aires prot\u00e9g\u00e9es ont \u00e9galement compris que, bien que cela&#13;<br \/>\nsoit beaucoup plus difficile et que cela pr\u00e9suppose plus de travail, il est&#13;<br \/>\npossible de gagner par la mise en place d&rsquo;un observatoire des animaux. Le gain est assur\u00e9 \u00e0 long terme. Un ours vit une trentaine d&rsquo;ann\u00e9es ; s&rsquo;il&#13;<br \/>\nest abattu \u00e0 quatre ans, on ne peut plus rien utiliser, m\u00eame si on aurait pu le&#13;<br \/>\nvoir pendant 20 ans. Il nous a \u00e9t\u00e9 assez difficile de convaincre les&#13;<br \/>\nadministrations dans les ann\u00e9es 2000, parce qu&rsquo;il \u00e9tait beaucoup plus facile de&#13;<br \/>\nfaire venir des chasseurs \u00e9trangers. La chasse \u00e9tait pr\u00e9par\u00e9e trois jours \u00e0&#13;<br \/>\nl&rsquo;avance, le touriste tirait sur l&rsquo;animal, et les administrations foresti\u00e8res encaissaient&#13;<br \/>\nl&rsquo;argent. Cependant, les choses ont&#13;<br \/>\nradicalement chang\u00e9. Dans notre r\u00e9gion, nous avons d\u00e9j\u00e0 une quinzaine d&rsquo;observatoires&#13;<br \/>\net cela est devenu une attraction touristique croissante. Les gens viennent de&#13;<br \/>\ntoute l&rsquo;Europe pour observer les animaux. \u00bb<\/em><\/p>\n<p><\/p>\n<p>&#13;<br \/>\n&#13;<br \/>\n&#13;<br \/>\n&#13;<br \/>\n&#13;<br \/>\n&#13;<br \/>\n&#13;<br \/>\n&#13;<\/p>\n<p>Mais comment fonctionne un tel programme touristique ?&#13;<br \/>\nTout d&rsquo;abord, observer les animaux se fait uniquement de mani\u00e8re organis\u00e9e.&#13;<br \/>\nHermann Kurmens explique :<em class=cms-italic> \u00ab Les&#13;<br \/>\ntouristes sont accompagn\u00e9s par un guide sp\u00e9cialis\u00e9 et il y a aussi un autre&#13;<br \/>\nemploy\u00e9 des administrations foresti\u00e8res ou des administrations des zones&#13;<br \/>\nprot\u00e9g\u00e9es, g\u00e9n\u00e9ralement arm\u00e9. Le trajet est parcouru avec un v\u00e9hicule tout-terrain,&#13;<br \/>\nfourni par l&rsquo;op\u00e9rateur. On arrive \u00e0 proximit\u00e9 de l&rsquo;observatoire, et les 100&#13;<br \/>\nderniers m\u00e8tres se font \u00e0 pied. \u00c0 cet \u00e9gard, les guides informent les touristes&#13;<br \/>\navant le d\u00e9part. Une fois sortis du v\u00e9hicule, on ne parle plus, le d\u00e9placement a&#13;<br \/>\nlieu lentement et en silence. Il est interdit d&#8217;emmener de la nourriture avec soi,&#13;<br \/>\nafin de ne pas attirer les ours dans l&rsquo;observatoire. Les v\u00eatements doivent \u00eatre&#13;<br \/>\nappropri\u00e9s, sans couleurs criardes. Les touristes doivent avoir sur eux des imperm\u00e9ables&#13;<br \/>\net des chaussures de randonn\u00e9e. Il est pr\u00e9f\u00e9rable de se munir \u00e9galement de&#13;<br \/>\njumelles pour une meilleure observation des animaux. Les amateurs de photos&#13;<br \/>\npeuvent apporter leur appareil photo. \u00bb<\/em><\/p>\n<p><\/p>\n<p>&#13;<br \/>\n&#13;<br \/>\n&#13;<br \/>\n&#13;<br \/>\n&#13;<br \/>\n&#13;<\/p>\n<p>L&rsquo;observation de la&#13;<br \/>\nfaune est certes une attraction touristique, mais c&rsquo;est aussi la composante&#13;<br \/>\nd&rsquo;un s\u00e9jour. Elle est incluse dans un programme de sept jours, qui combine plusieurs&#13;<br \/>\nformes de tourisme. Hermann Kurmens, professeur de biologie et de&#13;<br \/>\ntour-op\u00e9rateur, d\u00e9taille : <em class=cms-italic>\u00ab Dans&#13;<br \/>\nce programme, nous avons une combinaison de nature et de culture. Nous quittons&#13;<br \/>\nle village de Magura et nous organisons plusieurs jours de randonn\u00e9e autour du Massif&#13;<br \/>\nde Piatra Craiului, en mettant l&rsquo;accent sur la flore et la faune des Carpates.&#13;<br \/>\nNous faisons une randonn\u00e9e jusqu&rsquo;\u00e0 un chalet isol\u00e9 ou visitons la Grotte des Chauves-souris,&#13;<br \/>\no\u00f9 vivent trois esp\u00e8ces diff\u00e9rentes de chauves-souris. On va visiter le ch\u00e2teau&#13;<br \/>\nde Bran, aussi. Nous avons toujours un point culturel dans ce programme. Par&#13;<br \/>\nexemple, nous visitons \u00e9galement une \u00e9glise fortifi\u00e9e dans la commune de&#13;<br \/>\nVulcan, la vieille ville de Brasov avec l&rsquo;Eglise noire et ses murailles m\u00e9di\u00e9vales.&#13;<br \/>\nAinsi s&rsquo;ach\u00e8ve cette combinaison de nature et de culture. \u00bb<\/em><\/p>\n<p><em class=cms-italic><br \/><\/em><\/p>\n<p>&#13;<br \/>\n&#13;<br \/>\n&#13;<br \/>\n&#13;<br \/>\n&#13;<br \/>\n&#13;<\/p>\n<p>Les touristes \u00e9trangers&#13;<br \/>\nviennent de nombreux pays d&rsquo;Europe et m\u00eame d&rsquo;Am\u00e9rique, du Canada ou&#13;<br \/>\nd&rsquo;Australie. La plupart arrivent par des agences de voyage britanniques.&#13;<br \/>\nHermann Kurmens constate que : <em class=cms-italic>\u00ab En&#13;<br \/>\ng\u00e9n\u00e9ral, les Occidentaux sont les plus int\u00e9ress\u00e9s par la nature. Par exemple,&#13;<br \/>\nles touristes britanniques sont les plus sensibilis\u00e9s, parce que les Anglais&#13;<br \/>\nont \u00e9t\u00e9 les premiers \u00e0 couper leurs for\u00eats il y a plus de 200 ans. Suite \u00e0 la&#13;<br \/>\ndisparition des for\u00eats, les ours, les loups ou les lynx ont \u00e9galement disparu. C&rsquo;est&#13;<br \/>\npourquoi ils appr\u00e9cient le plus la nature. Ils sont enchant\u00e9s de voir des ours&#13;<br \/>\nen libert\u00e9, mais ils se r\u00e9jouissent aussi quand ils voient une grenouille ou un&#13;<br \/>\noiseau qui n&rsquo;existe plus chez eux. Le butor \u00e9toil\u00e9, par exemple. Ils aiment&#13;<br \/>\n\u00e9galement des plantes rares comme le Dianthus callizonus, une fleur end\u00e9mique&#13;<br \/>\ndu Massif de Piatra Craiului ou la campanule des Carpates. De m\u00eame, ils&#13;<br \/>\ns&rsquo;\u00e9merveillent en entendant le cri de la huppe ou de l&rsquo;aigle criard. \u00bb<\/em><\/p>\n<p><em class=cms-italic><br \/><\/em><\/p>\n<p>&#13;<br \/>\n&#13;<br \/>\n&#13;<br \/>\n&#13;<br \/>\n&#13;<br \/>\n&#13;<\/p>\n<p>Voici donc une offre de&#13;<br \/>\nloisirs dans la nature, loin des agglom\u00e9rations urbaines. Ceux qui ont choisi&#13;<br \/>\nces forfaits touristiques affirment que cette exp\u00e9rience in\u00e9dite leur a permis&#13;<br \/>\nde faire leur plein d&rsquo;\u00e9nergie pour une ann\u00e9e enti\u00e8re.  (Trad. : Ligia Mihaiescu)<\/p>\n<p><\/p>\n","protected":false},"excerpt":{"rendered":"<p>World Wide Fund for&#13; Nature &#8211; le Fonds mondial pour la nature &#8211; estime qu&rsquo;il y aurait environ 320&#13; 000 hectares de for\u00eats dans les Carpates qui peuvent \u00eatre inclus dans les&#13; cat\u00e9gories vierges et quasi vierges, dont 250 000 en Roumanie. Nous vous proposons&#13; aujourd&rsquo;hui une incursion dans des zones situ\u00e9es loin de la [&hellip;]<\/p>\n","protected":false},"author":128,"featured_media":191012,"comment_status":"closed","ping_status":"closed","sticky":false,"template":"","format":"standard","meta":{"_acf_changed":false,"footnotes":""},"categories":[86826],"tags":[85821,86179,87827,86216,87884],"coauthors":[],"class_list":["post-386904","post","type-post","status-publish","format-standard","has-post-thumbnail","hentry","category-radio-tour-fr","tag-carpates","tag-observation","tag-randonnee","tag-tourisme","tag-vie-sauvage"],"acf":[],"yoast_head":"<!-- This site is optimized with the Yoast SEO plugin v27.5 - https:\/\/yoast.com\/product\/yoast-seo-wordpress\/ -->\n<title>Randonn\u00e9e et observation de la vie sauvage dans les Carpates - Radio Roumanie Internationale<\/title>\n<meta name=\"robots\" content=\"index, follow, max-snippet:-1, max-image-preview:large, max-video-preview:-1\" \/>\n<link rel=\"canonical\" href=\"https:\/\/www.rri.ro\/fr\/chroniques-hebdomadaires\/radio-tour-fr\/randonnee-et-observation-de-la-vie-sauvage-dans-les-carpates-id386904.html\" \/>\n<meta property=\"og:locale\" content=\"fr_FR\" \/>\n<meta property=\"og:type\" content=\"article\" \/>\n<meta property=\"og:title\" content=\"Randonn\u00e9e et observation de la vie sauvage dans les Carpates - Radio Roumanie Internationale\" \/>\n<meta property=\"og:description\" content=\"World Wide Fund for&#013; Nature &#8211; le Fonds mondial pour la nature &#8211; estime qu&rsquo;il y aurait environ 320&#013; 000 hectares de for\u00eats dans les Carpates qui peuvent \u00eatre inclus dans les&#013; cat\u00e9gories vierges et quasi vierges, dont 250 000 en Roumanie. Nous vous proposons&#013; aujourd&rsquo;hui une incursion dans des zones situ\u00e9es loin de la [&hellip;]\" \/>\n<meta property=\"og:url\" content=\"https:\/\/www.rri.ro\/fr\/chroniques-hebdomadaires\/radio-tour-fr\/randonnee-et-observation-de-la-vie-sauvage-dans-les-carpates-id386904.html\" \/>\n<meta property=\"og:site_name\" content=\"Radio Roumanie Internationale\" \/>\n<meta property=\"article:published_time\" content=\"2020-10-15T09:26:00+00:00\" \/>\n<meta property=\"og:image\" content=\"https:\/\/www.rri.ro\/wp-content\/uploads\/2023\/10\/sat-magura-brasov-transilvania-foto-rri.png\" \/>\n\t<meta property=\"og:image:width\" content=\"640\" \/>\n\t<meta property=\"og:image:height\" content=\"480\" \/>\n\t<meta property=\"og:image:type\" content=\"image\/png\" \/>\n<meta name=\"author\" content=\"Daniel Onea\" \/>\n<meta name=\"twitter:card\" content=\"summary_large_image\" \/>\n<meta name=\"twitter:label1\" content=\"\u00c9crit par\" \/>\n\t<meta name=\"twitter:data1\" content=\"Daniel Onea\" \/>\n\t<meta name=\"twitter:label2\" content=\"Dur\u00e9e de lecture estim\u00e9e\" \/>\n\t<meta name=\"twitter:data2\" content=\"5 minutes\" \/>\n\t<meta name=\"twitter:label3\" content=\"Written by\" \/>\n\t<meta name=\"twitter:data3\" content=\"Daniel Onea\" \/>\n<script type=\"application\/ld+json\" class=\"yoast-schema-graph\">{\"@context\":\"https:\\\/\\\/schema.org\",\"@graph\":[{\"@type\":\"Article\",\"@id\":\"https:\\\/\\\/www.rri.ro\\\/fr\\\/chroniques-hebdomadaires\\\/radio-tour-fr\\\/randonnee-et-observation-de-la-vie-sauvage-dans-les-carpates-id386904.html#article\",\"isPartOf\":{\"@id\":\"https:\\\/\\\/www.rri.ro\\\/fr\\\/chroniques-hebdomadaires\\\/radio-tour-fr\\\/randonnee-et-observation-de-la-vie-sauvage-dans-les-carpates-id386904.html\"},\"author\":{\"name\":\"Daniel Onea\",\"@id\":\"https:\\\/\\\/www.rri.ro\\\/#\\\/schema\\\/person\\\/fcce42c208d45f30f5b054b64bc1e0df\"},\"headline\":\"Randonn\u00e9e et observation de la vie sauvage dans les Carpates\",\"datePublished\":\"2020-10-15T09:26:00+00:00\",\"mainEntityOfPage\":{\"@id\":\"https:\\\/\\\/www.rri.ro\\\/fr\\\/chroniques-hebdomadaires\\\/radio-tour-fr\\\/randonnee-et-observation-de-la-vie-sauvage-dans-les-carpates-id386904.html\"},\"wordCount\":1078,\"image\":{\"@id\":\"https:\\\/\\\/www.rri.ro\\\/fr\\\/chroniques-hebdomadaires\\\/radio-tour-fr\\\/randonnee-et-observation-de-la-vie-sauvage-dans-les-carpates-id386904.html#primaryimage\"},\"thumbnailUrl\":\"https:\\\/\\\/www.rri.ro\\\/wp-content\\\/uploads\\\/2023\\\/10\\\/sat-magura-brasov-transilvania-foto-rri.png\",\"keywords\":[\"Carpates\",\"observation\",\"randonn\u00e9e\",\"tourisme\",\"vie sauvage\"],\"articleSection\":[\"Radio Tour\"],\"inLanguage\":\"fr-FR\"},{\"@type\":\"WebPage\",\"@id\":\"https:\\\/\\\/www.rri.ro\\\/fr\\\/chroniques-hebdomadaires\\\/radio-tour-fr\\\/randonnee-et-observation-de-la-vie-sauvage-dans-les-carpates-id386904.html\",\"url\":\"https:\\\/\\\/www.rri.ro\\\/fr\\\/chroniques-hebdomadaires\\\/radio-tour-fr\\\/randonnee-et-observation-de-la-vie-sauvage-dans-les-carpates-id386904.html\",\"name\":\"Randonn\u00e9e et observation de la vie sauvage dans les Carpates - Radio Roumanie Internationale\",\"isPartOf\":{\"@id\":\"https:\\\/\\\/www.rri.ro\\\/#website\"},\"primaryImageOfPage\":{\"@id\":\"https:\\\/\\\/www.rri.ro\\\/fr\\\/chroniques-hebdomadaires\\\/radio-tour-fr\\\/randonnee-et-observation-de-la-vie-sauvage-dans-les-carpates-id386904.html#primaryimage\"},\"image\":{\"@id\":\"https:\\\/\\\/www.rri.ro\\\/fr\\\/chroniques-hebdomadaires\\\/radio-tour-fr\\\/randonnee-et-observation-de-la-vie-sauvage-dans-les-carpates-id386904.html#primaryimage\"},\"thumbnailUrl\":\"https:\\\/\\\/www.rri.ro\\\/wp-content\\\/uploads\\\/2023\\\/10\\\/sat-magura-brasov-transilvania-foto-rri.png\",\"datePublished\":\"2020-10-15T09:26:00+00:00\",\"author\":{\"@id\":\"https:\\\/\\\/www.rri.ro\\\/#\\\/schema\\\/person\\\/fcce42c208d45f30f5b054b64bc1e0df\"},\"breadcrumb\":{\"@id\":\"https:\\\/\\\/www.rri.ro\\\/fr\\\/chroniques-hebdomadaires\\\/radio-tour-fr\\\/randonnee-et-observation-de-la-vie-sauvage-dans-les-carpates-id386904.html#breadcrumb\"},\"inLanguage\":\"fr-FR\",\"potentialAction\":[{\"@type\":\"ReadAction\",\"target\":[\"https:\\\/\\\/www.rri.ro\\\/fr\\\/chroniques-hebdomadaires\\\/radio-tour-fr\\\/randonnee-et-observation-de-la-vie-sauvage-dans-les-carpates-id386904.html\"]}]},{\"@type\":\"ImageObject\",\"inLanguage\":\"fr-FR\",\"@id\":\"https:\\\/\\\/www.rri.ro\\\/fr\\\/chroniques-hebdomadaires\\\/radio-tour-fr\\\/randonnee-et-observation-de-la-vie-sauvage-dans-les-carpates-id386904.html#primaryimage\",\"url\":\"https:\\\/\\\/www.rri.ro\\\/wp-content\\\/uploads\\\/2023\\\/10\\\/sat-magura-brasov-transilvania-foto-rri.png\",\"contentUrl\":\"https:\\\/\\\/www.rri.ro\\\/wp-content\\\/uploads\\\/2023\\\/10\\\/sat-magura-brasov-transilvania-foto-rri.png\",\"width\":640,\"height\":480},{\"@type\":\"BreadcrumbList\",\"@id\":\"https:\\\/\\\/www.rri.ro\\\/fr\\\/chroniques-hebdomadaires\\\/radio-tour-fr\\\/randonnee-et-observation-de-la-vie-sauvage-dans-les-carpates-id386904.html#breadcrumb\",\"itemListElement\":[{\"@type\":\"ListItem\",\"position\":1,\"name\":\"Page d'accueil\",\"item\":\"https:\\\/\\\/www.rri.ro\\\/fr\"},{\"@type\":\"ListItem\",\"position\":2,\"name\":\"Chroniques hebdomadaires\",\"item\":\"https:\\\/\\\/www.rri.ro\\\/fr\\\/chroniques-hebdomadaires\"},{\"@type\":\"ListItem\",\"position\":3,\"name\":\"Radio Tour\",\"item\":\"https:\\\/\\\/www.rri.ro\\\/fr\\\/chroniques-hebdomadaires\\\/radio-tour-fr\"},{\"@type\":\"ListItem\",\"position\":4,\"name\":\"Randonn\u00e9e et observation de la vie sauvage dans les Carpates\"}]},{\"@type\":\"WebSite\",\"@id\":\"https:\\\/\\\/www.rri.ro\\\/#website\",\"url\":\"https:\\\/\\\/www.rri.ro\\\/\",\"name\":\"Radio Roumanie Internationale\",\"description\":\"Totul despre Rom\u00e2nia \u015fi rom\u00e2ni, \u00een 13 limbi\\\/dialecte!\",\"inLanguage\":\"fr-FR\"},{\"@type\":\"Person\",\"@id\":\"https:\\\/\\\/www.rri.ro\\\/#\\\/schema\\\/person\\\/fcce42c208d45f30f5b054b64bc1e0df\",\"name\":\"Daniel Onea\",\"url\":\"https:\\\/\\\/www.rri.ro\\\/fr\\\/author\\\/daniel-onea\"}]}<\/script>\n<!-- \/ Yoast SEO plugin. -->","yoast_head_json":{"title":"Randonn\u00e9e et observation de la vie sauvage dans les Carpates - Radio Roumanie Internationale","robots":{"index":"index","follow":"follow","max-snippet":"max-snippet:-1","max-image-preview":"max-image-preview:large","max-video-preview":"max-video-preview:-1"},"canonical":"https:\/\/www.rri.ro\/fr\/chroniques-hebdomadaires\/radio-tour-fr\/randonnee-et-observation-de-la-vie-sauvage-dans-les-carpates-id386904.html","og_locale":"fr_FR","og_type":"article","og_title":"Randonn\u00e9e et observation de la vie sauvage dans les Carpates - Radio Roumanie Internationale","og_description":"World Wide Fund for&#13; Nature &#8211; le Fonds mondial pour la nature &#8211; estime qu&rsquo;il y aurait environ 320&#13; 000 hectares de for\u00eats dans les Carpates qui peuvent \u00eatre inclus dans les&#13; cat\u00e9gories vierges et quasi vierges, dont 250 000 en Roumanie. Nous vous proposons&#13; aujourd&rsquo;hui une incursion dans des zones situ\u00e9es loin de la [&hellip;]","og_url":"https:\/\/www.rri.ro\/fr\/chroniques-hebdomadaires\/radio-tour-fr\/randonnee-et-observation-de-la-vie-sauvage-dans-les-carpates-id386904.html","og_site_name":"Radio Roumanie Internationale","article_published_time":"2020-10-15T09:26:00+00:00","og_image":[{"width":640,"height":480,"url":"https:\/\/www.rri.ro\/wp-content\/uploads\/2023\/10\/sat-magura-brasov-transilvania-foto-rri.png","type":"image\/png"}],"author":"Daniel Onea","twitter_card":"summary_large_image","twitter_misc":{"\u00c9crit par":"Daniel Onea","Dur\u00e9e de lecture estim\u00e9e":"5 minutes","Written by":"Daniel Onea"},"schema":{"@context":"https:\/\/schema.org","@graph":[{"@type":"Article","@id":"https:\/\/www.rri.ro\/fr\/chroniques-hebdomadaires\/radio-tour-fr\/randonnee-et-observation-de-la-vie-sauvage-dans-les-carpates-id386904.html#article","isPartOf":{"@id":"https:\/\/www.rri.ro\/fr\/chroniques-hebdomadaires\/radio-tour-fr\/randonnee-et-observation-de-la-vie-sauvage-dans-les-carpates-id386904.html"},"author":{"name":"Daniel Onea","@id":"https:\/\/www.rri.ro\/#\/schema\/person\/fcce42c208d45f30f5b054b64bc1e0df"},"headline":"Randonn\u00e9e et observation de la vie sauvage dans les Carpates","datePublished":"2020-10-15T09:26:00+00:00","mainEntityOfPage":{"@id":"https:\/\/www.rri.ro\/fr\/chroniques-hebdomadaires\/radio-tour-fr\/randonnee-et-observation-de-la-vie-sauvage-dans-les-carpates-id386904.html"},"wordCount":1078,"image":{"@id":"https:\/\/www.rri.ro\/fr\/chroniques-hebdomadaires\/radio-tour-fr\/randonnee-et-observation-de-la-vie-sauvage-dans-les-carpates-id386904.html#primaryimage"},"thumbnailUrl":"https:\/\/www.rri.ro\/wp-content\/uploads\/2023\/10\/sat-magura-brasov-transilvania-foto-rri.png","keywords":["Carpates","observation","randonn\u00e9e","tourisme","vie sauvage"],"articleSection":["Radio Tour"],"inLanguage":"fr-FR"},{"@type":"WebPage","@id":"https:\/\/www.rri.ro\/fr\/chroniques-hebdomadaires\/radio-tour-fr\/randonnee-et-observation-de-la-vie-sauvage-dans-les-carpates-id386904.html","url":"https:\/\/www.rri.ro\/fr\/chroniques-hebdomadaires\/radio-tour-fr\/randonnee-et-observation-de-la-vie-sauvage-dans-les-carpates-id386904.html","name":"Randonn\u00e9e et observation de la vie sauvage dans les Carpates - Radio Roumanie Internationale","isPartOf":{"@id":"https:\/\/www.rri.ro\/#website"},"primaryImageOfPage":{"@id":"https:\/\/www.rri.ro\/fr\/chroniques-hebdomadaires\/radio-tour-fr\/randonnee-et-observation-de-la-vie-sauvage-dans-les-carpates-id386904.html#primaryimage"},"image":{"@id":"https:\/\/www.rri.ro\/fr\/chroniques-hebdomadaires\/radio-tour-fr\/randonnee-et-observation-de-la-vie-sauvage-dans-les-carpates-id386904.html#primaryimage"},"thumbnailUrl":"https:\/\/www.rri.ro\/wp-content\/uploads\/2023\/10\/sat-magura-brasov-transilvania-foto-rri.png","datePublished":"2020-10-15T09:26:00+00:00","author":{"@id":"https:\/\/www.rri.ro\/#\/schema\/person\/fcce42c208d45f30f5b054b64bc1e0df"},"breadcrumb":{"@id":"https:\/\/www.rri.ro\/fr\/chroniques-hebdomadaires\/radio-tour-fr\/randonnee-et-observation-de-la-vie-sauvage-dans-les-carpates-id386904.html#breadcrumb"},"inLanguage":"fr-FR","potentialAction":[{"@type":"ReadAction","target":["https:\/\/www.rri.ro\/fr\/chroniques-hebdomadaires\/radio-tour-fr\/randonnee-et-observation-de-la-vie-sauvage-dans-les-carpates-id386904.html"]}]},{"@type":"ImageObject","inLanguage":"fr-FR","@id":"https:\/\/www.rri.ro\/fr\/chroniques-hebdomadaires\/radio-tour-fr\/randonnee-et-observation-de-la-vie-sauvage-dans-les-carpates-id386904.html#primaryimage","url":"https:\/\/www.rri.ro\/wp-content\/uploads\/2023\/10\/sat-magura-brasov-transilvania-foto-rri.png","contentUrl":"https:\/\/www.rri.ro\/wp-content\/uploads\/2023\/10\/sat-magura-brasov-transilvania-foto-rri.png","width":640,"height":480},{"@type":"BreadcrumbList","@id":"https:\/\/www.rri.ro\/fr\/chroniques-hebdomadaires\/radio-tour-fr\/randonnee-et-observation-de-la-vie-sauvage-dans-les-carpates-id386904.html#breadcrumb","itemListElement":[{"@type":"ListItem","position":1,"name":"Page d'accueil","item":"https:\/\/www.rri.ro\/fr"},{"@type":"ListItem","position":2,"name":"Chroniques hebdomadaires","item":"https:\/\/www.rri.ro\/fr\/chroniques-hebdomadaires"},{"@type":"ListItem","position":3,"name":"Radio Tour","item":"https:\/\/www.rri.ro\/fr\/chroniques-hebdomadaires\/radio-tour-fr"},{"@type":"ListItem","position":4,"name":"Randonn\u00e9e et observation de la vie sauvage dans les Carpates"}]},{"@type":"WebSite","@id":"https:\/\/www.rri.ro\/#website","url":"https:\/\/www.rri.ro\/","name":"Radio Roumanie Internationale","description":"Totul despre Rom\u00e2nia \u015fi rom\u00e2ni, \u00een 13 limbi\/dialecte!","inLanguage":"fr-FR"},{"@type":"Person","@id":"https:\/\/www.rri.ro\/#\/schema\/person\/fcce42c208d45f30f5b054b64bc1e0df","name":"Daniel Onea","url":"https:\/\/www.rri.ro\/fr\/author\/daniel-onea"}]}},"_links":{"self":[{"href":"https:\/\/www.rri.ro\/fr\/wp-json\/wp\/v2\/posts\/386904","targetHints":{"allow":["GET"]}}],"collection":[{"href":"https:\/\/www.rri.ro\/fr\/wp-json\/wp\/v2\/posts"}],"about":[{"href":"https:\/\/www.rri.ro\/fr\/wp-json\/wp\/v2\/types\/post"}],"author":[{"embeddable":true,"href":"https:\/\/www.rri.ro\/fr\/wp-json\/wp\/v2\/users\/128"}],"replies":[{"embeddable":true,"href":"https:\/\/www.rri.ro\/fr\/wp-json\/wp\/v2\/comments?post=386904"}],"version-history":[{"count":0,"href":"https:\/\/www.rri.ro\/fr\/wp-json\/wp\/v2\/posts\/386904\/revisions"}],"wp:featuredmedia":[{"embeddable":true,"href":"https:\/\/www.rri.ro\/fr\/wp-json\/wp\/v2\/media\/191012"}],"wp:attachment":[{"href":"https:\/\/www.rri.ro\/fr\/wp-json\/wp\/v2\/media?parent=386904"}],"wp:term":[{"taxonomy":"category","embeddable":true,"href":"https:\/\/www.rri.ro\/fr\/wp-json\/wp\/v2\/categories?post=386904"},{"taxonomy":"post_tag","embeddable":true,"href":"https:\/\/www.rri.ro\/fr\/wp-json\/wp\/v2\/tags?post=386904"},{"taxonomy":"author","embeddable":true,"href":"https:\/\/www.rri.ro\/fr\/wp-json\/wp\/v2\/coauthors?post=386904"}],"curies":[{"name":"wp","href":"https:\/\/api.w.org\/{rel}","templated":true}]}}