{"id":386908,"date":"2020-11-12T13:00:00","date_gmt":"2020-11-12T11:00:00","guid":{"rendered":"http:\/\/devrri.freshlemon.ro\/le-roumain-mot-a-mot\/consulter-les-lecons\/le-parc-naturel-de-vanatori-neamt-id386908.html"},"modified":"2020-11-12T13:00:00","modified_gmt":"2020-11-12T11:00:00","slug":"le-parc-naturel-de-vanatori-neamt","status":"publish","type":"post","link":"https:\/\/www.rri.ro\/fr\/chroniques-hebdomadaires\/radio-tour-fr\/le-parc-naturel-de-vanatori-neamt-id386908.html","title":{"rendered":"Le Parc naturel de V\u00e2n\u0103tori-Neam\u021b"},"content":{"rendered":"<p>Aujourd&rsquo;hui, nous visitons une zone naturelle prot\u00e9g\u00e9e, l&rsquo;une des sept destinations \u00e9cotouristiques de la Roumanie. Les circuits sp\u00e9ciaux qui y sont organis\u00e9s rendent uniques au monde la nature et l&rsquo;histoire locales. Vous pouvez passer une journ\u00e9e dans une bergerie, go\u00fbter l&rsquo;eau sal\u00e9e d&rsquo;une source et, bien s\u00fbr, vous familiariser avec la diversit\u00e9 des esp\u00e8ces v\u00e9g\u00e9tales et animales pr\u00e9sentes dans le Parc naturel de V\u00e2n\u0103tori-Neam\u021b, dans le nord-est de la Roumanie. Le Pays du bison s&rsquo;\u00e9tend sur une bonne partie du Parc naturel de V\u00e2n\u0103tori-Neam\u021b, explique Viorela Chiper, manager de l&rsquo;Association Le Pays du bison : \u00ab <em class=cms-italic>La principale aire prot\u00e9g\u00e9e de la zone est ce parc naturel, le seul endroit d&rsquo;Europe o\u00f9 l&rsquo;on peut voir des bisons vivant en libert\u00e9, en semi-libert\u00e9 ou en captivit\u00e9. Actuellement, il y a environ 50 bisons \u00e0 l&rsquo;\u00e9tat sauvage, que l&rsquo;on peut rencontrer lors des promenades dans les bois. Comme les bisons vivent en troupeau, m\u00eame si un seul d&rsquo;entre eux a un collier GPS, vous pouvez voir o\u00f9 se trouve tout le troupeau. Les bisons en semi-libert\u00e9 sont surveill\u00e9s et ils seront rel\u00e2ch\u00e9s dans les for\u00eats du d\u00e9partement de Neam\u021b. La r\u00e9serve de bisons et de faune des Carpates \u00ab Drago\u0219 Vod\u0103 \u00bb accueille huit animaux. Rencontrer le bison, \u00e0 seulement quelques m\u00e8tres de distance, sans aucune barri\u00e8re entre vous et le plus grand mammif\u00e8re terrestre d&rsquo;Europe, c&rsquo;est une exp\u00e9rience. Parmi les autres aires prot\u00e9g\u00e9es, il convient de mentionner la For\u00eat d&rsquo;argent &#8211; une r\u00e9serve de bouleaux s\u00e9culaires &#8211; ou encore les Bois de laiton, soit une r\u00e9serve de ch\u00eanes tr\u00e8s anciens. Ces deux for\u00eats sont \u00e9voqu\u00e9es par le po\u00e8te national Mihai Eminescu dans ses \u00e9crits. Vous pouvez admirer aussi le lac Cuejdel, form\u00e9 \u00e0 la suite d&rsquo;un glissement de terrain, tout comme le Lac rouge. Les troncs des arbres qui sortent de l&rsquo;eau cr\u00e9ent une atmosph\u00e8re de conte de f\u00e9es. <\/em>\u00bb<\/p>\n<p><\/p>\n<p>L&rsquo;exp\u00e9rience la plus in\u00e9dite reste cependant celle \u00e0 laquelle vous invitent les rangers du Parc naturel de V\u00e2n\u0103tori-Neam\u021b, pr\u00e9cise Viorela Chiper, manager de l&rsquo;Association Le Pays du bison. \u00ab <em class=cms-italic>Vous pouvez partir \u00e0 la recherche de bisons qui vivent en libert\u00e9 ou en semi-libert\u00e9, mais pour cela il faut faire une r\u00e9servation. Un rendez-vous est pris quelques jours \u00e0 l&rsquo;avance au Centre d&rsquo;accueil du Parc naturel de V\u00e2n\u0103tori-Neam\u021b. Accompagn\u00e9s par les rangers, les visiteurs peuvent se rendre \u00e0 l&rsquo;enclos d&rsquo;acclimatation des bisons, situ\u00e9 pr\u00e8s du Centre d&rsquo;accueil, ou parcourir un itin\u00e9raire \u00e0 dix \u00e9tapes. Au centre de visite, on peut trouver des \u00e9l\u00e9ments de la flore et de la faune du Parc de V\u00e2n\u0103tori-Neam\u021b et une exposition d&rsquo;objets traditionnels. Un magasin de produits locaux a \u00e9galement ouvert r\u00e9cemment. Depuis le centre d&rsquo;accueil, vous pouvez emprunter deux trajets, dont l&rsquo;un m\u00e8ne \u00e0 la R\u00e9serve de bisons et de faune des Carpates \u00ab Drago\u0219 Vod\u0103 \u00bb. Si les touristes n&rsquo;ont pas la chance de voir des bisons en libert\u00e9, ils les verront dans cette r\u00e9serve qui fonctionne comme un zoo. Nos h\u00f4tes auront \u00e9galement la chance d&rsquo;assister \u00e0 diff\u00e9rentes activit\u00e9s dans les ateliers des ma\u00eetres artisans de la r\u00e9gion : tisserands, potiers ou tailleurs de bois.<\/em> \u00bb<\/p>\n<p><\/p>\n<p>Mais comment percer les myst\u00e8res de l&rsquo;artisanat traditionnel ? Viorela Chiper : \u00ab <em class=cms-italic>Cela d\u00e9pend de chaque artisan. Vous pouvez vous rendre chez eux ou organiser un atelier ailleurs. Parmi les activit\u00e9s les plus appr\u00e9ci\u00e9es figurent le modelage de l&rsquo;argile, le tissage, le crochet et filature ou la sculpture du bois. Le touriste peut ainsi en apprendre davantage sur l&rsquo;artisanat ou essayer de p\u00e9n\u00e9trer les secrets de fabrication d&rsquo;un objet traditionnel<\/em>. \u00bb<\/p>\n<p><\/p>\n<p>La plupart des structures d&rsquo;h\u00e9bergement de la r\u00e9gion ont une petite capacit\u00e9, ce qui correspond tr\u00e8s bien aux exigences actuelles. Le visiteur peut opter pour un s\u00e9jour dans une zone plus isol\u00e9e, dans les maisons d&rsquo;h\u00f4tes de la r\u00e9gion d&rsquo;Agapia, V\u00e2n\u0103tori ou dans la r\u00e9gion de T\u00e2rgu Neam\u021b. Viorela Chiper, manager de l&rsquo;Association Le Pays du bison, pr\u00e9cise qu&rsquo;apr\u00e8s notre s\u00e9jour, nous pouvons choisir un des programmes con\u00e7us pour les touristes : \u00ab <em class=cms-italic>Le petit-d\u00e9jeuner peut \u00eatre organis\u00e9 dans une bergerie. Vous allez \u00e0 la bergerie, o\u00f9 vous pouvez voir comment faire du fromage, comment traire les brebis, mais vous pouvez aussi y d\u00e9guster les produits. Depuis quelque temps, nous organisons \u00e9galement des brunchs \u00e9cologiques. L&rsquo;\u00e9co-brunch est un \u00e9v\u00e9nement cens\u00e9 promouvoir la culture et la gastronomie locales. Plusieurs propri\u00e9taires et amateurs de produits locaux se r\u00e9unissent et pr\u00e9parent des plats s\u00e9lectionn\u00e9s sp\u00e9cifiques \u00e0 la saison ou \u00e0 la localit\u00e9. Les touristes sont invit\u00e9s \u00e0 d\u00e9guster les produits pr\u00e9par\u00e9s. En outre, il y a des ateliers et des visites des sites touristiques de la r\u00e9gion du brunch. On peut organiser un brunch dans les pensions, au centre de visite du Parc naturel de V\u00e2n\u0103tori-Neam\u021b, dans les vergers ou dans les clairi\u00e8res. \u00bb<\/em><\/p>\n<p><\/p>\n<p>Nous travaillons actuellement sur le balisage des itin\u00e9raires cyclables, car la r\u00e9gion est tr\u00e8s propice \u00e0 la randonn\u00e9e plus ou moins longue, suivant des trajets de niveau facile ou de grande difficult\u00e9. Il ne faut pas non plus manquer de visiter la forteresse de Neam\u021b, construite entre 1375 et 1391. Elle faisait partie du syst\u00e8me de fortifications b\u00e2ti en Moldavie \u00e0 la fin du 14e si\u00e8cle, pour contrer le danger ottoman. (Trad. Mariana Tudose)<\/p>\n","protected":false},"excerpt":{"rendered":"<p>Aujourd&rsquo;hui, nous visitons une zone naturelle prot\u00e9g\u00e9e, l&rsquo;une des sept destinations \u00e9cotouristiques de la Roumanie. Les circuits sp\u00e9ciaux qui y sont organis\u00e9s rendent uniques au monde la nature et l&rsquo;histoire locales. Vous pouvez passer une journ\u00e9e dans une bergerie, go\u00fbter l&rsquo;eau sal\u00e9e d&rsquo;une source et, bien s\u00fbr, vous familiariser avec la diversit\u00e9 des esp\u00e8ces v\u00e9g\u00e9tales [&hellip;]<\/p>\n","protected":false},"author":128,"featured_media":288136,"comment_status":"closed","ping_status":"closed","sticky":false,"template":"","format":"standard","meta":{"_acf_changed":false,"footnotes":""},"categories":[86826],"tags":[87805,85821,87890,44273],"coauthors":[],"class_list":["post-386908","post","type-post","status-publish","format-standard","has-post-thumbnail","hentry","category-radio-tour-fr","tag-bison","tag-carpates","tag-parc-naturel-vanatori-neamt","tag-reserve"],"acf":[],"yoast_head":"<!-- This site is optimized with the Yoast SEO plugin v27.5 - https:\/\/yoast.com\/product\/yoast-seo-wordpress\/ -->\n<title>Le Parc naturel de V\u00e2n\u0103tori-Neam\u021b - Radio Roumanie Internationale<\/title>\n<meta name=\"robots\" content=\"index, follow, max-snippet:-1, max-image-preview:large, max-video-preview:-1\" \/>\n<link rel=\"canonical\" href=\"https:\/\/www.rri.ro\/fr\/chroniques-hebdomadaires\/radio-tour-fr\/le-parc-naturel-de-vanatori-neamt-id386908.html\" \/>\n<meta property=\"og:locale\" content=\"fr_FR\" \/>\n<meta property=\"og:type\" content=\"article\" \/>\n<meta property=\"og:title\" content=\"Le Parc naturel de V\u00e2n\u0103tori-Neam\u021b - Radio Roumanie Internationale\" \/>\n<meta property=\"og:description\" content=\"Aujourd&rsquo;hui, nous visitons une zone naturelle prot\u00e9g\u00e9e, l&rsquo;une des sept destinations \u00e9cotouristiques de la Roumanie. Les circuits sp\u00e9ciaux qui y sont organis\u00e9s rendent uniques au monde la nature et l&rsquo;histoire locales. Vous pouvez passer une journ\u00e9e dans une bergerie, go\u00fbter l&rsquo;eau sal\u00e9e d&rsquo;une source et, bien s\u00fbr, vous familiariser avec la diversit\u00e9 des esp\u00e8ces v\u00e9g\u00e9tales [&hellip;]\" \/>\n<meta property=\"og:url\" content=\"https:\/\/www.rri.ro\/fr\/chroniques-hebdomadaires\/radio-tour-fr\/le-parc-naturel-de-vanatori-neamt-id386908.html\" \/>\n<meta property=\"og:site_name\" content=\"Radio Roumanie Internationale\" \/>\n<meta property=\"article:published_time\" content=\"2020-11-12T11:00:00+00:00\" \/>\n<meta property=\"og:image\" content=\"https:\/\/www.rri.ro\/wp-content\/uploads\/2023\/10\/parcul-natural-vanatori-neamt-zimbru-4.png\" \/>\n\t<meta property=\"og:image:width\" content=\"640\" \/>\n\t<meta property=\"og:image:height\" content=\"480\" \/>\n\t<meta property=\"og:image:type\" content=\"image\/png\" \/>\n<meta name=\"author\" content=\"Daniel Onea\" \/>\n<meta name=\"twitter:card\" content=\"summary_large_image\" \/>\n<meta name=\"twitter:label1\" content=\"\u00c9crit par\" \/>\n\t<meta name=\"twitter:data1\" content=\"Daniel Onea\" \/>\n\t<meta name=\"twitter:label2\" content=\"Dur\u00e9e de lecture estim\u00e9e\" \/>\n\t<meta name=\"twitter:data2\" content=\"5 minutes\" \/>\n\t<meta name=\"twitter:label3\" content=\"Written by\" \/>\n\t<meta name=\"twitter:data3\" content=\"Daniel Onea\" \/>\n<script type=\"application\/ld+json\" class=\"yoast-schema-graph\">{\"@context\":\"https:\\\/\\\/schema.org\",\"@graph\":[{\"@type\":\"Article\",\"@id\":\"https:\\\/\\\/www.rri.ro\\\/fr\\\/chroniques-hebdomadaires\\\/radio-tour-fr\\\/le-parc-naturel-de-vanatori-neamt-id386908.html#article\",\"isPartOf\":{\"@id\":\"https:\\\/\\\/www.rri.ro\\\/fr\\\/chroniques-hebdomadaires\\\/radio-tour-fr\\\/le-parc-naturel-de-vanatori-neamt-id386908.html\"},\"author\":{\"name\":\"Daniel Onea\",\"@id\":\"https:\\\/\\\/www.rri.ro\\\/#\\\/schema\\\/person\\\/fcce42c208d45f30f5b054b64bc1e0df\"},\"headline\":\"Le Parc naturel de V\u00e2n\u0103tori-Neam\u021b\",\"datePublished\":\"2020-11-12T11:00:00+00:00\",\"mainEntityOfPage\":{\"@id\":\"https:\\\/\\\/www.rri.ro\\\/fr\\\/chroniques-hebdomadaires\\\/radio-tour-fr\\\/le-parc-naturel-de-vanatori-neamt-id386908.html\"},\"wordCount\":983,\"image\":{\"@id\":\"https:\\\/\\\/www.rri.ro\\\/fr\\\/chroniques-hebdomadaires\\\/radio-tour-fr\\\/le-parc-naturel-de-vanatori-neamt-id386908.html#primaryimage\"},\"thumbnailUrl\":\"https:\\\/\\\/www.rri.ro\\\/wp-content\\\/uploads\\\/2023\\\/10\\\/parcul-natural-vanatori-neamt-zimbru-4.png\",\"keywords\":[\"bison\",\"Carpates\",\"Parc naturel V\u00e2n\u0103tori-Neam\u021b\",\"reserve\"],\"articleSection\":[\"Radio Tour\"],\"inLanguage\":\"fr-FR\"},{\"@type\":\"WebPage\",\"@id\":\"https:\\\/\\\/www.rri.ro\\\/fr\\\/chroniques-hebdomadaires\\\/radio-tour-fr\\\/le-parc-naturel-de-vanatori-neamt-id386908.html\",\"url\":\"https:\\\/\\\/www.rri.ro\\\/fr\\\/chroniques-hebdomadaires\\\/radio-tour-fr\\\/le-parc-naturel-de-vanatori-neamt-id386908.html\",\"name\":\"Le Parc naturel de V\u00e2n\u0103tori-Neam\u021b - Radio Roumanie Internationale\",\"isPartOf\":{\"@id\":\"https:\\\/\\\/www.rri.ro\\\/#website\"},\"primaryImageOfPage\":{\"@id\":\"https:\\\/\\\/www.rri.ro\\\/fr\\\/chroniques-hebdomadaires\\\/radio-tour-fr\\\/le-parc-naturel-de-vanatori-neamt-id386908.html#primaryimage\"},\"image\":{\"@id\":\"https:\\\/\\\/www.rri.ro\\\/fr\\\/chroniques-hebdomadaires\\\/radio-tour-fr\\\/le-parc-naturel-de-vanatori-neamt-id386908.html#primaryimage\"},\"thumbnailUrl\":\"https:\\\/\\\/www.rri.ro\\\/wp-content\\\/uploads\\\/2023\\\/10\\\/parcul-natural-vanatori-neamt-zimbru-4.png\",\"datePublished\":\"2020-11-12T11:00:00+00:00\",\"author\":{\"@id\":\"https:\\\/\\\/www.rri.ro\\\/#\\\/schema\\\/person\\\/fcce42c208d45f30f5b054b64bc1e0df\"},\"breadcrumb\":{\"@id\":\"https:\\\/\\\/www.rri.ro\\\/fr\\\/chroniques-hebdomadaires\\\/radio-tour-fr\\\/le-parc-naturel-de-vanatori-neamt-id386908.html#breadcrumb\"},\"inLanguage\":\"fr-FR\",\"potentialAction\":[{\"@type\":\"ReadAction\",\"target\":[\"https:\\\/\\\/www.rri.ro\\\/fr\\\/chroniques-hebdomadaires\\\/radio-tour-fr\\\/le-parc-naturel-de-vanatori-neamt-id386908.html\"]}]},{\"@type\":\"ImageObject\",\"inLanguage\":\"fr-FR\",\"@id\":\"https:\\\/\\\/www.rri.ro\\\/fr\\\/chroniques-hebdomadaires\\\/radio-tour-fr\\\/le-parc-naturel-de-vanatori-neamt-id386908.html#primaryimage\",\"url\":\"https:\\\/\\\/www.rri.ro\\\/wp-content\\\/uploads\\\/2023\\\/10\\\/parcul-natural-vanatori-neamt-zimbru-4.png\",\"contentUrl\":\"https:\\\/\\\/www.rri.ro\\\/wp-content\\\/uploads\\\/2023\\\/10\\\/parcul-natural-vanatori-neamt-zimbru-4.png\",\"width\":640,\"height\":480},{\"@type\":\"BreadcrumbList\",\"@id\":\"https:\\\/\\\/www.rri.ro\\\/fr\\\/chroniques-hebdomadaires\\\/radio-tour-fr\\\/le-parc-naturel-de-vanatori-neamt-id386908.html#breadcrumb\",\"itemListElement\":[{\"@type\":\"ListItem\",\"position\":1,\"name\":\"Page d'accueil\",\"item\":\"https:\\\/\\\/www.rri.ro\\\/fr\"},{\"@type\":\"ListItem\",\"position\":2,\"name\":\"Chroniques hebdomadaires\",\"item\":\"https:\\\/\\\/www.rri.ro\\\/fr\\\/chroniques-hebdomadaires\"},{\"@type\":\"ListItem\",\"position\":3,\"name\":\"Radio Tour\",\"item\":\"https:\\\/\\\/www.rri.ro\\\/fr\\\/chroniques-hebdomadaires\\\/radio-tour-fr\"},{\"@type\":\"ListItem\",\"position\":4,\"name\":\"Le Parc naturel de V\u00e2n\u0103tori-Neam\u021b\"}]},{\"@type\":\"WebSite\",\"@id\":\"https:\\\/\\\/www.rri.ro\\\/#website\",\"url\":\"https:\\\/\\\/www.rri.ro\\\/\",\"name\":\"Radio Roumanie Internationale\",\"description\":\"Totul despre Rom\u00e2nia \u015fi rom\u00e2ni, \u00een 13 limbi\\\/dialecte!\",\"inLanguage\":\"fr-FR\"},{\"@type\":\"Person\",\"@id\":\"https:\\\/\\\/www.rri.ro\\\/#\\\/schema\\\/person\\\/fcce42c208d45f30f5b054b64bc1e0df\",\"name\":\"Daniel Onea\",\"url\":\"https:\\\/\\\/www.rri.ro\\\/fr\\\/author\\\/daniel-onea\"}]}<\/script>\n<!-- \/ Yoast SEO plugin. -->","yoast_head_json":{"title":"Le Parc naturel de V\u00e2n\u0103tori-Neam\u021b - Radio Roumanie Internationale","robots":{"index":"index","follow":"follow","max-snippet":"max-snippet:-1","max-image-preview":"max-image-preview:large","max-video-preview":"max-video-preview:-1"},"canonical":"https:\/\/www.rri.ro\/fr\/chroniques-hebdomadaires\/radio-tour-fr\/le-parc-naturel-de-vanatori-neamt-id386908.html","og_locale":"fr_FR","og_type":"article","og_title":"Le Parc naturel de V\u00e2n\u0103tori-Neam\u021b - Radio Roumanie Internationale","og_description":"Aujourd&rsquo;hui, nous visitons une zone naturelle prot\u00e9g\u00e9e, l&rsquo;une des sept destinations \u00e9cotouristiques de la Roumanie. Les circuits sp\u00e9ciaux qui y sont organis\u00e9s rendent uniques au monde la nature et l&rsquo;histoire locales. Vous pouvez passer une journ\u00e9e dans une bergerie, go\u00fbter l&rsquo;eau sal\u00e9e d&rsquo;une source et, bien s\u00fbr, vous familiariser avec la diversit\u00e9 des esp\u00e8ces v\u00e9g\u00e9tales [&hellip;]","og_url":"https:\/\/www.rri.ro\/fr\/chroniques-hebdomadaires\/radio-tour-fr\/le-parc-naturel-de-vanatori-neamt-id386908.html","og_site_name":"Radio Roumanie Internationale","article_published_time":"2020-11-12T11:00:00+00:00","og_image":[{"width":640,"height":480,"url":"https:\/\/www.rri.ro\/wp-content\/uploads\/2023\/10\/parcul-natural-vanatori-neamt-zimbru-4.png","type":"image\/png"}],"author":"Daniel Onea","twitter_card":"summary_large_image","twitter_misc":{"\u00c9crit par":"Daniel Onea","Dur\u00e9e de lecture estim\u00e9e":"5 minutes","Written by":"Daniel Onea"},"schema":{"@context":"https:\/\/schema.org","@graph":[{"@type":"Article","@id":"https:\/\/www.rri.ro\/fr\/chroniques-hebdomadaires\/radio-tour-fr\/le-parc-naturel-de-vanatori-neamt-id386908.html#article","isPartOf":{"@id":"https:\/\/www.rri.ro\/fr\/chroniques-hebdomadaires\/radio-tour-fr\/le-parc-naturel-de-vanatori-neamt-id386908.html"},"author":{"name":"Daniel Onea","@id":"https:\/\/www.rri.ro\/#\/schema\/person\/fcce42c208d45f30f5b054b64bc1e0df"},"headline":"Le Parc naturel de V\u00e2n\u0103tori-Neam\u021b","datePublished":"2020-11-12T11:00:00+00:00","mainEntityOfPage":{"@id":"https:\/\/www.rri.ro\/fr\/chroniques-hebdomadaires\/radio-tour-fr\/le-parc-naturel-de-vanatori-neamt-id386908.html"},"wordCount":983,"image":{"@id":"https:\/\/www.rri.ro\/fr\/chroniques-hebdomadaires\/radio-tour-fr\/le-parc-naturel-de-vanatori-neamt-id386908.html#primaryimage"},"thumbnailUrl":"https:\/\/www.rri.ro\/wp-content\/uploads\/2023\/10\/parcul-natural-vanatori-neamt-zimbru-4.png","keywords":["bison","Carpates","Parc naturel V\u00e2n\u0103tori-Neam\u021b","reserve"],"articleSection":["Radio Tour"],"inLanguage":"fr-FR"},{"@type":"WebPage","@id":"https:\/\/www.rri.ro\/fr\/chroniques-hebdomadaires\/radio-tour-fr\/le-parc-naturel-de-vanatori-neamt-id386908.html","url":"https:\/\/www.rri.ro\/fr\/chroniques-hebdomadaires\/radio-tour-fr\/le-parc-naturel-de-vanatori-neamt-id386908.html","name":"Le Parc naturel de V\u00e2n\u0103tori-Neam\u021b - Radio Roumanie Internationale","isPartOf":{"@id":"https:\/\/www.rri.ro\/#website"},"primaryImageOfPage":{"@id":"https:\/\/www.rri.ro\/fr\/chroniques-hebdomadaires\/radio-tour-fr\/le-parc-naturel-de-vanatori-neamt-id386908.html#primaryimage"},"image":{"@id":"https:\/\/www.rri.ro\/fr\/chroniques-hebdomadaires\/radio-tour-fr\/le-parc-naturel-de-vanatori-neamt-id386908.html#primaryimage"},"thumbnailUrl":"https:\/\/www.rri.ro\/wp-content\/uploads\/2023\/10\/parcul-natural-vanatori-neamt-zimbru-4.png","datePublished":"2020-11-12T11:00:00+00:00","author":{"@id":"https:\/\/www.rri.ro\/#\/schema\/person\/fcce42c208d45f30f5b054b64bc1e0df"},"breadcrumb":{"@id":"https:\/\/www.rri.ro\/fr\/chroniques-hebdomadaires\/radio-tour-fr\/le-parc-naturel-de-vanatori-neamt-id386908.html#breadcrumb"},"inLanguage":"fr-FR","potentialAction":[{"@type":"ReadAction","target":["https:\/\/www.rri.ro\/fr\/chroniques-hebdomadaires\/radio-tour-fr\/le-parc-naturel-de-vanatori-neamt-id386908.html"]}]},{"@type":"ImageObject","inLanguage":"fr-FR","@id":"https:\/\/www.rri.ro\/fr\/chroniques-hebdomadaires\/radio-tour-fr\/le-parc-naturel-de-vanatori-neamt-id386908.html#primaryimage","url":"https:\/\/www.rri.ro\/wp-content\/uploads\/2023\/10\/parcul-natural-vanatori-neamt-zimbru-4.png","contentUrl":"https:\/\/www.rri.ro\/wp-content\/uploads\/2023\/10\/parcul-natural-vanatori-neamt-zimbru-4.png","width":640,"height":480},{"@type":"BreadcrumbList","@id":"https:\/\/www.rri.ro\/fr\/chroniques-hebdomadaires\/radio-tour-fr\/le-parc-naturel-de-vanatori-neamt-id386908.html#breadcrumb","itemListElement":[{"@type":"ListItem","position":1,"name":"Page d'accueil","item":"https:\/\/www.rri.ro\/fr"},{"@type":"ListItem","position":2,"name":"Chroniques hebdomadaires","item":"https:\/\/www.rri.ro\/fr\/chroniques-hebdomadaires"},{"@type":"ListItem","position":3,"name":"Radio Tour","item":"https:\/\/www.rri.ro\/fr\/chroniques-hebdomadaires\/radio-tour-fr"},{"@type":"ListItem","position":4,"name":"Le Parc naturel de V\u00e2n\u0103tori-Neam\u021b"}]},{"@type":"WebSite","@id":"https:\/\/www.rri.ro\/#website","url":"https:\/\/www.rri.ro\/","name":"Radio Roumanie Internationale","description":"Totul despre Rom\u00e2nia \u015fi rom\u00e2ni, \u00een 13 limbi\/dialecte!","inLanguage":"fr-FR"},{"@type":"Person","@id":"https:\/\/www.rri.ro\/#\/schema\/person\/fcce42c208d45f30f5b054b64bc1e0df","name":"Daniel Onea","url":"https:\/\/www.rri.ro\/fr\/author\/daniel-onea"}]}},"_links":{"self":[{"href":"https:\/\/www.rri.ro\/fr\/wp-json\/wp\/v2\/posts\/386908","targetHints":{"allow":["GET"]}}],"collection":[{"href":"https:\/\/www.rri.ro\/fr\/wp-json\/wp\/v2\/posts"}],"about":[{"href":"https:\/\/www.rri.ro\/fr\/wp-json\/wp\/v2\/types\/post"}],"author":[{"embeddable":true,"href":"https:\/\/www.rri.ro\/fr\/wp-json\/wp\/v2\/users\/128"}],"replies":[{"embeddable":true,"href":"https:\/\/www.rri.ro\/fr\/wp-json\/wp\/v2\/comments?post=386908"}],"version-history":[{"count":0,"href":"https:\/\/www.rri.ro\/fr\/wp-json\/wp\/v2\/posts\/386908\/revisions"}],"wp:featuredmedia":[{"embeddable":true,"href":"https:\/\/www.rri.ro\/fr\/wp-json\/wp\/v2\/media\/288136"}],"wp:attachment":[{"href":"https:\/\/www.rri.ro\/fr\/wp-json\/wp\/v2\/media?parent=386908"}],"wp:term":[{"taxonomy":"category","embeddable":true,"href":"https:\/\/www.rri.ro\/fr\/wp-json\/wp\/v2\/categories?post=386908"},{"taxonomy":"post_tag","embeddable":true,"href":"https:\/\/www.rri.ro\/fr\/wp-json\/wp\/v2\/tags?post=386908"},{"taxonomy":"author","embeddable":true,"href":"https:\/\/www.rri.ro\/fr\/wp-json\/wp\/v2\/coauthors?post=386908"}],"curies":[{"name":"wp","href":"https:\/\/api.w.org\/{rel}","templated":true}]}}