{"id":386913,"date":"2020-12-17T12:57:00","date_gmt":"2020-12-17T10:57:00","guid":{"rendered":"http:\/\/devrri.freshlemon.ro\/le-roumain-mot-a-mot\/consulter-les-lecons\/padurea-craiului-destination-decotourisme-id386913.html"},"modified":"2020-12-17T12:57:00","modified_gmt":"2020-12-17T10:57:00","slug":"padurea-craiului-destination-decotourisme","status":"publish","type":"post","link":"https:\/\/www.rri.ro\/fr\/chroniques-hebdomadaires\/radio-tour-fr\/padurea-craiului-destination-decotourisme-id386913.html","title":{"rendered":"P\u0103durea Craiului &#8211; destination d\u2019\u00e9cotourisme"},"content":{"rendered":"<p>Nous d\u00e9couvrirons l\u00e0 des paysages pittoresques, une cuisine d\u00e9licieuse et des gens qui savent offrir des exp\u00e9riences inoubliables \u00e0 tous les touristes. Loffre comprend des sentiers touristiques et th\u00e9matiques, des grottes am\u00e9nag\u00e9es, des randonn\u00e9es, des sentiers descalade faciles et des visites chez des artisans. Les plus audacieux peuvent sessayer au rafting, \u00e0 la via ferrata, \u00e0 lescalade ou \u00e0 la tyrolienne. Nous apprendrons aujourdhui quels sont les sites les plus visit\u00e9s de P\u0103durea Craiului, avec Paul Iacoba\u015f, responsable de cette destination \u00e9cotouristique.<\/p>\n<p>&#13;<br \/>\n&#13;<\/p>\n<p>&#13;<br \/>\n&#13;<\/p>\n<p><em>\u00ab P\u0103durea Craiului est situ\u00e9e dans le nord-ouest des Monts Apuseni, dans la partie occidentale de la Roumanie. Ce nest pas une zone tr\u00e8s haute, elle a environ 600-800 m\u00e8tres daltitude, mais l\u00e0 nous retrouvons un des \u00e9l\u00e9ments assez rares en Roumanie : le karst. Vous verrez donc des grottes, des gorges, des d\u00e9fil\u00e9s, des plateaux karstiques. Tout ce karst bois\u00e9 est un des \u00e9l\u00e9ments qui rendent P\u0103durea Craiului un peu diff\u00e9rente des autres r\u00e9gions du pays. \u00bb<\/em><\/p>\n<p>&#13;<br \/>\n&#13;<\/p>\n<p>&#13;<br \/>\n&#13;<\/p>\n<p>Cest une zone qui a beaucoup de choses \u00e0 offrir du point de vue touristique, en particulier pour ceux qui souhaitent des programmes daventure dans la nature, explique Paul Iacoba\u015f, responsable de la destination d\u00e9cotourisme P\u0103durea Craiului :<\/p>\n<p>&#13;<br \/>\n&#13;<\/p>\n<p>&#13;<br \/>\n&#13;<\/p>\n<p><em>\u00ab Nous pouvons dire que ces derni\u00e8res ann\u00e9es, la r\u00e9gion sest beaucoup profil\u00e9e, dune part, comme destination daventure non seulement pour les professionnels, mais aussi pour ceux qui passent beaucoup de temps assis derri\u00e8re un ordinateur et qui souhaitent mettre un peu de couleur dans leur vie. Dautre part, cest une destination int\u00e9ressante pour les familles avec enfants et les personnes \u00e2g\u00e9es, qui viennent ici pour diff\u00e9rentes activit\u00e9s adapt\u00e9es \u00e0 leur \u00e2ge. Si nous pensons \u00e0 ceux qui viennent pour laventure, je crois bien que P\u0103durea Craiului peut \u00eatre appel\u00e9e le paradis de ces activit\u00e9s en Roumanie. Sur une zone relativement petite, nous avons presque la plus grande diversit\u00e9 dexp\u00e9riences de<\/em> <em>ce type<\/em> <em>du pays<\/em><em>. Nous nous r\u00e9f\u00e9rons, tout dabord, \u00e0 la visite des grottes touristiques, au sp\u00e9l\u00e9o tourisme dans des grottes non am\u00e9nag\u00e9es, nous pensons aux pistes cyclables, \u00e0 la via ferrata, aux sentiers de randonn\u00e9e, aux parcours de rafting et, derni\u00e8rement, nous avons \u00e9galement d\u00e9velopp\u00e9 quelques itin\u00e9raires de course en montagne. Pratiquement, \u00e0 P\u0103durea Craiului, vous pouvez vivre toutes ces exp\u00e9riences. \u00bb<\/em><\/p>\n<p>&#13;<br \/>\n&#13;<\/p>\n<p>&#13;<br \/>\n&#13;<\/p>\n<p>La zone est riche en sites touristiques et attractions culturelles. Voici deux dentre elles, recommand\u00e9es par Paul Iacoba\u015f.<\/p>\n<p>&#13;<br \/>\n&#13;<\/p>\n<p>&#13;<br \/>\n&#13;<\/p>\n<p><em>\u00ab La Grotte de Meziad est bien connue du grand public en Roumanie ; elle a b\u00e9n\u00e9fici\u00e9 ces derni\u00e8res ann\u00e9es dun nouvel am\u00e9nagement et dune mise en valeur de son int\u00e9rieur par des moyens modernes. Pour ce qui est des attractions culturelles, je mentionnerais les \u00e9glises en bois. M\u00eame si elles ne sont pas aussi connues que celles du Maramure\u015f, elles sont au moins aussi anciennes et int\u00e9ressantes. \u00bb<\/em><\/p>\n<p>&#13;<br \/>\n&#13;<\/p>\n<p>&#13;<br \/>\n&#13;<\/p>\n<p>Si vous vous int\u00e9ressez \u00e0 lartisanat, il faut savoir que dans cette destination \u00e9cotouristique, vous trouverez de nombreux artisans. Paul Iacoba\u015f, responsable de la destination d&rsquo;\u00e9cotourisme P\u0103durea Craiului, nous en dit davantage :<\/p>\n<p>&#13;<br \/>\n&#13;<\/p>\n<p>&#13;<br \/>\n&#13;<\/p>\n<p><em>\u00ab Il y a la poterie blanche de Vadu Cri\u015fului. Cest une c\u00e9ramique tr\u00e8s rare sur le continent europ\u00e9en. On dit quil nexiste quun ou deux endroits au monde o\u00f9 il y a cette c\u00e9ramique sans oxydes de fer, qui lui conf\u00e8re son aspect sp\u00e9cifique, proche de la porcelaine. Dans la r\u00e9gion de Bihor et de P\u0103durea Craiului, il y a aussi lartisanat du violon \u00e0 pavillon. Cest un violon auquel est attach\u00e9 un dispositif damplification du son. Ainsi, le son du violon devient tr\u00e8s m\u00e9tallique et aigu. Cest lun des instruments \u00e0 retrouver lors de tous les \u00e9v\u00e9nements communautaires ici &#8211; de la naissance et du bapt\u00eame jusquau mariage et m\u00eame \u00e0 lenterrement. Nous avons ici un autre m\u00e9tier moins connu : la peinture sur \u0153ufs. Ils ne sont pas comme les \u0153ufs peints de Bucovine, cest une technique sp\u00e9cifique \u00e0 P\u0103durea Craiului. \u00bb<\/em><\/p>\n<p>&#13;<br \/>\n&#13;<\/p>\n<p>&#13;<br \/>\n&#13;<\/p>\n<p>Paul Iacoba\u015f, responsable de la destination \u00e9cotouristique de P\u0103durea Craiului, dit que la pand\u00e9mie de Covid-19 na pas affect\u00e9 les plans de lorganisation quil repr\u00e9sente.<\/p>\n<p>&#13;<br \/>\n&#13;<\/p>\n<p>&#13;<br \/>\n&#13;<\/p>\n<p><em>\u00ab P\u0103durea Craiului fait partie du r\u00e9seau national des destinations \u00e9cotouristiques. Nous avons un autre projet, qui vise \u00e0 d\u00e9velopper davantage linfrastructure de visite. Nous travaillerons \u00e0 lam\u00e9nagement de pistes cyclables d\u00e9di\u00e9es principalement aux familles avec enfants. Ce seront des itin\u00e9raires plus faciles. Nous travaillons \u00e9galement \u00e0 l\u00e9laboration dun calendrier d\u00e9v\u00e9nements responsables \u00e0 l\u00e9gard de lenvironnement et des communaut\u00e9s locales. Nous pr\u00e9voyons aussi<\/em> <em>un itin\u00e9raire de via ferrata. Ce sera un parcours qui ne sera pas adapt\u00e9 seulement aux habitu\u00e9s des sommets et \u00e0 ce type ditin\u00e9raire. Il aura une partie adapt\u00e9e m\u00eame pour les familles avec enfants. Ainsi, tout le monde pourra profiter de cette exp\u00e9rience. \u00bb<\/em><\/p>\n<p>&#13;<br \/>\n&#13;<\/p>\n<p>&#13;<br \/>\n&#13;<\/p>\n<p>Cette ann\u00e9e, en raison des restrictions de voyage, P\u0103durea Craiului a eu moins de touristes que dhabitude, mais les opinions de ceux qui ont visit\u00e9 la r\u00e9gion au cours des ann\u00e9es pr\u00e9c\u00e9dentes ne se sont pas laiss\u00e9 attendre. Paul Iacoba\u015f pr\u00e9cise :<\/p>\n<p>&#13;<br \/>\n&#13;<\/p>\n<p>&#13;<br \/>\n&#13;<\/p>\n<p><em>\u00ab La plupart de ceux qui sont venus visiter cet endroit ont \u00e9t\u00e9 ravis quil ne soit pas bond\u00e9, car cest encore une zone peu connue non seulement par les touristes \u00e9trangers, mais m\u00eame par les touristes roumains. Ils sont enchant\u00e9s que la nature et larchitecture des b\u00e2timents soient pr\u00e9serv\u00e9es comme avant. Cest un endroit id\u00e9al pour un s\u00e9jour dun jour ou deux, mais aussi pour un s\u00e9jour dune semaine. \u00bb<\/em><\/p>\n<p>&#13;<br \/>\n&#13;<\/p>\n<p>&#13;<br \/>\n&#13;<\/p>\n<p>A P\u0103durea Craiului, vous trouverez la grotte la plus longue de Roumanie : la Grotte du Vent, avec une longueur sup\u00e9rieure \u00e0 47 km. Et pas en dernier lieu, vous pourrez m\u00eame participer \u00e0 des pratiques agricoles traditionnelles telles que le fauchage, la cueillette des fruits et l\u00e9levage. Sur le site padureacraiului.ro vous pouvez consulter \u00e0 la fois loffre compl\u00e8te dactivit\u00e9s, mais \u00e9galement trouver dautres attractions int\u00e9ressantes, en vue dun s\u00e9jour inoubliable.<\/p>\n<p>&#13;<br \/>\n&#13;<\/p>\n<p>                                                                                                   (Trad.: Ligia)<\/p>\n<p>&#13;<\/p>\n","protected":false},"excerpt":{"rendered":"<p>Nous d\u00e9couvrirons l\u00e0 des paysages pittoresques, une cuisine d\u00e9licieuse et des gens qui savent offrir des exp\u00e9riences inoubliables \u00e0 tous les touristes. Loffre comprend des sentiers touristiques et th\u00e9matiques, des grottes am\u00e9nag\u00e9es, des randonn\u00e9es, des sentiers descalade faciles et des visites chez des artisans. Les plus audacieux peuvent sessayer au rafting, \u00e0 la via ferrata, [&hellip;]<\/p>\n","protected":false},"author":128,"featured_media":149904,"comment_status":"closed","ping_status":"closed","sticky":false,"template":"","format":"standard","meta":{"_acf_changed":false,"footnotes":""},"categories":[86826],"tags":[87900,87880,87547,87897,87748,148566,87899,43993,87827,85412,87898,146306],"coauthors":[],"class_list":["post-386913","post","type-post","status-publish","format-standard","has-post-thumbnail","hentry","category-radio-tour-fr","tag-course-en-montagne","tag-ecotourisme","tag-grottes","tag-karst","tag-monts-apuseni","tag-padurea-craiului-fr","tag-pistes-cyclables","tag-rafting","tag-randonnee","tag-roumanie","tag-speleo-tourisme","tag-via-ferrata-fr"],"acf":[],"yoast_head":"<!-- This site is optimized with the Yoast SEO plugin v27.5 - https:\/\/yoast.com\/product\/yoast-seo-wordpress\/ -->\n<title>P\u0103durea Craiului - destination d\u2019\u00e9cotourisme - Radio Roumanie Internationale<\/title>\n<meta name=\"robots\" content=\"index, follow, max-snippet:-1, max-image-preview:large, max-video-preview:-1\" \/>\n<link rel=\"canonical\" href=\"https:\/\/www.rri.ro\/fr\/chroniques-hebdomadaires\/radio-tour-fr\/padurea-craiului-destination-decotourisme-id386913.html\" \/>\n<meta property=\"og:locale\" content=\"fr_FR\" \/>\n<meta property=\"og:type\" content=\"article\" \/>\n<meta property=\"og:title\" content=\"P\u0103durea Craiului - destination d\u2019\u00e9cotourisme - Radio Roumanie Internationale\" \/>\n<meta property=\"og:description\" content=\"Nous d\u00e9couvrirons l\u00e0 des paysages pittoresques, une cuisine d\u00e9licieuse et des gens qui savent offrir des exp\u00e9riences inoubliables \u00e0 tous les touristes. Loffre comprend des sentiers touristiques et th\u00e9matiques, des grottes am\u00e9nag\u00e9es, des randonn\u00e9es, des sentiers descalade faciles et des visites chez des artisans. Les plus audacieux peuvent sessayer au rafting, \u00e0 la via ferrata, [&hellip;]\" \/>\n<meta property=\"og:url\" content=\"https:\/\/www.rri.ro\/fr\/chroniques-hebdomadaires\/radio-tour-fr\/padurea-craiului-destination-decotourisme-id386913.html\" \/>\n<meta property=\"og:site_name\" content=\"Radio Roumanie Internationale\" \/>\n<meta property=\"article:published_time\" content=\"2020-12-17T10:57:00+00:00\" \/>\n<meta property=\"og:image\" content=\"https:\/\/www.rri.ro\/wp-content\/uploads\/2023\/10\/apuseni-padurea-craiului-foto-fb-padurea-craiului.png\" \/>\n\t<meta property=\"og:image:width\" content=\"640\" \/>\n\t<meta property=\"og:image:height\" content=\"512\" \/>\n\t<meta property=\"og:image:type\" content=\"image\/png\" \/>\n<meta name=\"author\" content=\"Daniel Onea\" \/>\n<meta name=\"twitter:card\" content=\"summary_large_image\" \/>\n<meta name=\"twitter:label1\" content=\"\u00c9crit par\" \/>\n\t<meta name=\"twitter:data1\" content=\"Daniel Onea\" \/>\n\t<meta name=\"twitter:label2\" content=\"Dur\u00e9e de lecture estim\u00e9e\" \/>\n\t<meta name=\"twitter:data2\" content=\"5 minutes\" \/>\n\t<meta name=\"twitter:label3\" content=\"Written by\" \/>\n\t<meta name=\"twitter:data3\" content=\"Daniel Onea\" \/>\n<script type=\"application\/ld+json\" class=\"yoast-schema-graph\">{\"@context\":\"https:\\\/\\\/schema.org\",\"@graph\":[{\"@type\":\"Article\",\"@id\":\"https:\\\/\\\/www.rri.ro\\\/fr\\\/chroniques-hebdomadaires\\\/radio-tour-fr\\\/padurea-craiului-destination-decotourisme-id386913.html#article\",\"isPartOf\":{\"@id\":\"https:\\\/\\\/www.rri.ro\\\/fr\\\/chroniques-hebdomadaires\\\/radio-tour-fr\\\/padurea-craiului-destination-decotourisme-id386913.html\"},\"author\":{\"name\":\"Daniel Onea\",\"@id\":\"https:\\\/\\\/www.rri.ro\\\/#\\\/schema\\\/person\\\/fcce42c208d45f30f5b054b64bc1e0df\"},\"headline\":\"P\u0103durea Craiului &#8211; destination d\u2019\u00e9cotourisme\",\"datePublished\":\"2020-12-17T10:57:00+00:00\",\"mainEntityOfPage\":{\"@id\":\"https:\\\/\\\/www.rri.ro\\\/fr\\\/chroniques-hebdomadaires\\\/radio-tour-fr\\\/padurea-craiului-destination-decotourisme-id386913.html\"},\"wordCount\":1044,\"image\":{\"@id\":\"https:\\\/\\\/www.rri.ro\\\/fr\\\/chroniques-hebdomadaires\\\/radio-tour-fr\\\/padurea-craiului-destination-decotourisme-id386913.html#primaryimage\"},\"thumbnailUrl\":\"https:\\\/\\\/www.rri.ro\\\/wp-content\\\/uploads\\\/2023\\\/10\\\/apuseni-padurea-craiului-foto-fb-padurea-craiului.png\",\"keywords\":[\"course en montagne\",\"\u00e9cotourisme\",\"grottes\",\"karst\",\"Monts Apuseni\",\"Padurea Craiului\",\"pistes cyclables\",\"rafting\",\"randonn\u00e9e\",\"Roumanie\",\"sp\u00e9l\u00e9o tourisme\",\"Via Ferrata\"],\"articleSection\":[\"Radio Tour\"],\"inLanguage\":\"fr-FR\"},{\"@type\":\"WebPage\",\"@id\":\"https:\\\/\\\/www.rri.ro\\\/fr\\\/chroniques-hebdomadaires\\\/radio-tour-fr\\\/padurea-craiului-destination-decotourisme-id386913.html\",\"url\":\"https:\\\/\\\/www.rri.ro\\\/fr\\\/chroniques-hebdomadaires\\\/radio-tour-fr\\\/padurea-craiului-destination-decotourisme-id386913.html\",\"name\":\"P\u0103durea Craiului - destination d\u2019\u00e9cotourisme - Radio Roumanie Internationale\",\"isPartOf\":{\"@id\":\"https:\\\/\\\/www.rri.ro\\\/#website\"},\"primaryImageOfPage\":{\"@id\":\"https:\\\/\\\/www.rri.ro\\\/fr\\\/chroniques-hebdomadaires\\\/radio-tour-fr\\\/padurea-craiului-destination-decotourisme-id386913.html#primaryimage\"},\"image\":{\"@id\":\"https:\\\/\\\/www.rri.ro\\\/fr\\\/chroniques-hebdomadaires\\\/radio-tour-fr\\\/padurea-craiului-destination-decotourisme-id386913.html#primaryimage\"},\"thumbnailUrl\":\"https:\\\/\\\/www.rri.ro\\\/wp-content\\\/uploads\\\/2023\\\/10\\\/apuseni-padurea-craiului-foto-fb-padurea-craiului.png\",\"datePublished\":\"2020-12-17T10:57:00+00:00\",\"author\":{\"@id\":\"https:\\\/\\\/www.rri.ro\\\/#\\\/schema\\\/person\\\/fcce42c208d45f30f5b054b64bc1e0df\"},\"breadcrumb\":{\"@id\":\"https:\\\/\\\/www.rri.ro\\\/fr\\\/chroniques-hebdomadaires\\\/radio-tour-fr\\\/padurea-craiului-destination-decotourisme-id386913.html#breadcrumb\"},\"inLanguage\":\"fr-FR\",\"potentialAction\":[{\"@type\":\"ReadAction\",\"target\":[\"https:\\\/\\\/www.rri.ro\\\/fr\\\/chroniques-hebdomadaires\\\/radio-tour-fr\\\/padurea-craiului-destination-decotourisme-id386913.html\"]}]},{\"@type\":\"ImageObject\",\"inLanguage\":\"fr-FR\",\"@id\":\"https:\\\/\\\/www.rri.ro\\\/fr\\\/chroniques-hebdomadaires\\\/radio-tour-fr\\\/padurea-craiului-destination-decotourisme-id386913.html#primaryimage\",\"url\":\"https:\\\/\\\/www.rri.ro\\\/wp-content\\\/uploads\\\/2023\\\/10\\\/apuseni-padurea-craiului-foto-fb-padurea-craiului.png\",\"contentUrl\":\"https:\\\/\\\/www.rri.ro\\\/wp-content\\\/uploads\\\/2023\\\/10\\\/apuseni-padurea-craiului-foto-fb-padurea-craiului.png\",\"width\":640,\"height\":512},{\"@type\":\"BreadcrumbList\",\"@id\":\"https:\\\/\\\/www.rri.ro\\\/fr\\\/chroniques-hebdomadaires\\\/radio-tour-fr\\\/padurea-craiului-destination-decotourisme-id386913.html#breadcrumb\",\"itemListElement\":[{\"@type\":\"ListItem\",\"position\":1,\"name\":\"Page d'accueil\",\"item\":\"https:\\\/\\\/www.rri.ro\\\/fr\"},{\"@type\":\"ListItem\",\"position\":2,\"name\":\"Chroniques hebdomadaires\",\"item\":\"https:\\\/\\\/www.rri.ro\\\/fr\\\/chroniques-hebdomadaires\"},{\"@type\":\"ListItem\",\"position\":3,\"name\":\"Radio Tour\",\"item\":\"https:\\\/\\\/www.rri.ro\\\/fr\\\/chroniques-hebdomadaires\\\/radio-tour-fr\"},{\"@type\":\"ListItem\",\"position\":4,\"name\":\"P\u0103durea Craiului &#8211; destination d\u2019\u00e9cotourisme\"}]},{\"@type\":\"WebSite\",\"@id\":\"https:\\\/\\\/www.rri.ro\\\/#website\",\"url\":\"https:\\\/\\\/www.rri.ro\\\/\",\"name\":\"Radio Roumanie Internationale\",\"description\":\"Totul despre Rom\u00e2nia \u015fi rom\u00e2ni, \u00een 13 limbi\\\/dialecte!\",\"inLanguage\":\"fr-FR\"},{\"@type\":\"Person\",\"@id\":\"https:\\\/\\\/www.rri.ro\\\/#\\\/schema\\\/person\\\/fcce42c208d45f30f5b054b64bc1e0df\",\"name\":\"Daniel Onea\",\"url\":\"https:\\\/\\\/www.rri.ro\\\/fr\\\/author\\\/daniel-onea\"}]}<\/script>\n<!-- \/ Yoast SEO plugin. -->","yoast_head_json":{"title":"P\u0103durea Craiului - destination d\u2019\u00e9cotourisme - Radio Roumanie Internationale","robots":{"index":"index","follow":"follow","max-snippet":"max-snippet:-1","max-image-preview":"max-image-preview:large","max-video-preview":"max-video-preview:-1"},"canonical":"https:\/\/www.rri.ro\/fr\/chroniques-hebdomadaires\/radio-tour-fr\/padurea-craiului-destination-decotourisme-id386913.html","og_locale":"fr_FR","og_type":"article","og_title":"P\u0103durea Craiului - destination d\u2019\u00e9cotourisme - Radio Roumanie Internationale","og_description":"Nous d\u00e9couvrirons l\u00e0 des paysages pittoresques, une cuisine d\u00e9licieuse et des gens qui savent offrir des exp\u00e9riences inoubliables \u00e0 tous les touristes. Loffre comprend des sentiers touristiques et th\u00e9matiques, des grottes am\u00e9nag\u00e9es, des randonn\u00e9es, des sentiers descalade faciles et des visites chez des artisans. Les plus audacieux peuvent sessayer au rafting, \u00e0 la via ferrata, [&hellip;]","og_url":"https:\/\/www.rri.ro\/fr\/chroniques-hebdomadaires\/radio-tour-fr\/padurea-craiului-destination-decotourisme-id386913.html","og_site_name":"Radio Roumanie Internationale","article_published_time":"2020-12-17T10:57:00+00:00","og_image":[{"width":640,"height":512,"url":"https:\/\/www.rri.ro\/wp-content\/uploads\/2023\/10\/apuseni-padurea-craiului-foto-fb-padurea-craiului.png","type":"image\/png"}],"author":"Daniel Onea","twitter_card":"summary_large_image","twitter_misc":{"\u00c9crit par":"Daniel Onea","Dur\u00e9e de lecture estim\u00e9e":"5 minutes","Written by":"Daniel Onea"},"schema":{"@context":"https:\/\/schema.org","@graph":[{"@type":"Article","@id":"https:\/\/www.rri.ro\/fr\/chroniques-hebdomadaires\/radio-tour-fr\/padurea-craiului-destination-decotourisme-id386913.html#article","isPartOf":{"@id":"https:\/\/www.rri.ro\/fr\/chroniques-hebdomadaires\/radio-tour-fr\/padurea-craiului-destination-decotourisme-id386913.html"},"author":{"name":"Daniel Onea","@id":"https:\/\/www.rri.ro\/#\/schema\/person\/fcce42c208d45f30f5b054b64bc1e0df"},"headline":"P\u0103durea Craiului &#8211; destination d\u2019\u00e9cotourisme","datePublished":"2020-12-17T10:57:00+00:00","mainEntityOfPage":{"@id":"https:\/\/www.rri.ro\/fr\/chroniques-hebdomadaires\/radio-tour-fr\/padurea-craiului-destination-decotourisme-id386913.html"},"wordCount":1044,"image":{"@id":"https:\/\/www.rri.ro\/fr\/chroniques-hebdomadaires\/radio-tour-fr\/padurea-craiului-destination-decotourisme-id386913.html#primaryimage"},"thumbnailUrl":"https:\/\/www.rri.ro\/wp-content\/uploads\/2023\/10\/apuseni-padurea-craiului-foto-fb-padurea-craiului.png","keywords":["course en montagne","\u00e9cotourisme","grottes","karst","Monts Apuseni","Padurea Craiului","pistes cyclables","rafting","randonn\u00e9e","Roumanie","sp\u00e9l\u00e9o tourisme","Via Ferrata"],"articleSection":["Radio Tour"],"inLanguage":"fr-FR"},{"@type":"WebPage","@id":"https:\/\/www.rri.ro\/fr\/chroniques-hebdomadaires\/radio-tour-fr\/padurea-craiului-destination-decotourisme-id386913.html","url":"https:\/\/www.rri.ro\/fr\/chroniques-hebdomadaires\/radio-tour-fr\/padurea-craiului-destination-decotourisme-id386913.html","name":"P\u0103durea Craiului - destination d\u2019\u00e9cotourisme - Radio Roumanie Internationale","isPartOf":{"@id":"https:\/\/www.rri.ro\/#website"},"primaryImageOfPage":{"@id":"https:\/\/www.rri.ro\/fr\/chroniques-hebdomadaires\/radio-tour-fr\/padurea-craiului-destination-decotourisme-id386913.html#primaryimage"},"image":{"@id":"https:\/\/www.rri.ro\/fr\/chroniques-hebdomadaires\/radio-tour-fr\/padurea-craiului-destination-decotourisme-id386913.html#primaryimage"},"thumbnailUrl":"https:\/\/www.rri.ro\/wp-content\/uploads\/2023\/10\/apuseni-padurea-craiului-foto-fb-padurea-craiului.png","datePublished":"2020-12-17T10:57:00+00:00","author":{"@id":"https:\/\/www.rri.ro\/#\/schema\/person\/fcce42c208d45f30f5b054b64bc1e0df"},"breadcrumb":{"@id":"https:\/\/www.rri.ro\/fr\/chroniques-hebdomadaires\/radio-tour-fr\/padurea-craiului-destination-decotourisme-id386913.html#breadcrumb"},"inLanguage":"fr-FR","potentialAction":[{"@type":"ReadAction","target":["https:\/\/www.rri.ro\/fr\/chroniques-hebdomadaires\/radio-tour-fr\/padurea-craiului-destination-decotourisme-id386913.html"]}]},{"@type":"ImageObject","inLanguage":"fr-FR","@id":"https:\/\/www.rri.ro\/fr\/chroniques-hebdomadaires\/radio-tour-fr\/padurea-craiului-destination-decotourisme-id386913.html#primaryimage","url":"https:\/\/www.rri.ro\/wp-content\/uploads\/2023\/10\/apuseni-padurea-craiului-foto-fb-padurea-craiului.png","contentUrl":"https:\/\/www.rri.ro\/wp-content\/uploads\/2023\/10\/apuseni-padurea-craiului-foto-fb-padurea-craiului.png","width":640,"height":512},{"@type":"BreadcrumbList","@id":"https:\/\/www.rri.ro\/fr\/chroniques-hebdomadaires\/radio-tour-fr\/padurea-craiului-destination-decotourisme-id386913.html#breadcrumb","itemListElement":[{"@type":"ListItem","position":1,"name":"Page d'accueil","item":"https:\/\/www.rri.ro\/fr"},{"@type":"ListItem","position":2,"name":"Chroniques hebdomadaires","item":"https:\/\/www.rri.ro\/fr\/chroniques-hebdomadaires"},{"@type":"ListItem","position":3,"name":"Radio Tour","item":"https:\/\/www.rri.ro\/fr\/chroniques-hebdomadaires\/radio-tour-fr"},{"@type":"ListItem","position":4,"name":"P\u0103durea Craiului &#8211; destination d\u2019\u00e9cotourisme"}]},{"@type":"WebSite","@id":"https:\/\/www.rri.ro\/#website","url":"https:\/\/www.rri.ro\/","name":"Radio Roumanie Internationale","description":"Totul despre Rom\u00e2nia \u015fi rom\u00e2ni, \u00een 13 limbi\/dialecte!","inLanguage":"fr-FR"},{"@type":"Person","@id":"https:\/\/www.rri.ro\/#\/schema\/person\/fcce42c208d45f30f5b054b64bc1e0df","name":"Daniel Onea","url":"https:\/\/www.rri.ro\/fr\/author\/daniel-onea"}]}},"_links":{"self":[{"href":"https:\/\/www.rri.ro\/fr\/wp-json\/wp\/v2\/posts\/386913","targetHints":{"allow":["GET"]}}],"collection":[{"href":"https:\/\/www.rri.ro\/fr\/wp-json\/wp\/v2\/posts"}],"about":[{"href":"https:\/\/www.rri.ro\/fr\/wp-json\/wp\/v2\/types\/post"}],"author":[{"embeddable":true,"href":"https:\/\/www.rri.ro\/fr\/wp-json\/wp\/v2\/users\/128"}],"replies":[{"embeddable":true,"href":"https:\/\/www.rri.ro\/fr\/wp-json\/wp\/v2\/comments?post=386913"}],"version-history":[{"count":0,"href":"https:\/\/www.rri.ro\/fr\/wp-json\/wp\/v2\/posts\/386913\/revisions"}],"wp:featuredmedia":[{"embeddable":true,"href":"https:\/\/www.rri.ro\/fr\/wp-json\/wp\/v2\/media\/149904"}],"wp:attachment":[{"href":"https:\/\/www.rri.ro\/fr\/wp-json\/wp\/v2\/media?parent=386913"}],"wp:term":[{"taxonomy":"category","embeddable":true,"href":"https:\/\/www.rri.ro\/fr\/wp-json\/wp\/v2\/categories?post=386913"},{"taxonomy":"post_tag","embeddable":true,"href":"https:\/\/www.rri.ro\/fr\/wp-json\/wp\/v2\/tags?post=386913"},{"taxonomy":"author","embeddable":true,"href":"https:\/\/www.rri.ro\/fr\/wp-json\/wp\/v2\/coauthors?post=386913"}],"curies":[{"name":"wp","href":"https:\/\/api.w.org\/{rel}","templated":true}]}}