{"id":386919,"date":"2021-07-22T13:27:00","date_gmt":"2021-07-22T10:27:00","guid":{"rendered":"http:\/\/devrri.freshlemon.ro\/le-roumain-mot-a-mot\/consulter-les-lecons\/attractions-touristiques-inedites-dans-le-departement-de-buzau-id386919.html"},"modified":"2021-07-22T13:27:00","modified_gmt":"2021-07-22T10:27:00","slug":"attractions-touristiques-inedites-dans-le-departement-de-buzau","status":"publish","type":"post","link":"https:\/\/www.rri.ro\/fr\/chroniques-hebdomadaires\/radio-tour-fr\/attractions-touristiques-inedites-dans-le-departement-de-buzau-id386919.html","title":{"rendered":"Attractions touristiques in\u00e9dites dans le d\u00e9partement de Buz\u0103u"},"content":{"rendered":"<p>Nous en apprendrons davantage sur des collections in\u00e9dites, dont celle de t\u00e9l\u00e9phones. La pi\u00e8ce la plus ancienne de lexposition a \u00e9t\u00e9 fabriqu\u00e9e en 1894, peu de temps apr\u00e8s linvention du t\u00e9l\u00e9phone. Notre guide daujourdhui est Daniel Costache, directeur du Mus\u00e9e d\u00e9partemental de Buz\u0103u. Il nous propose de commencer par les attractions naturelles : <em style=font-size: 1em;>\u00ab Beaucoup de gens, quand ils entendent parler du comt\u00e9 de Buz\u0103u, pensent aux Volcans de boue. Cest un ph\u00e9nom\u00e8ne naturel unique en Europe du Sud-Est, qui s\u00e9tend sur plusieurs dizaines dhectares et offre un paysage lunaire. Nous avons ensuite les Feux vivants, un ph\u00e9nom\u00e8ne naturel tout aussi unique, dans la r\u00e9gion montagneuse du d\u00e9partement de Buz\u0103u, celle de Lop\u0103tari. L\u00e0, le feu sort tout droit du sol, le transformant en un champ de flammes. Toujours \u00e0 Buz\u0103u, un autre ph\u00e9nom\u00e8ne naturel in\u00e9dit est celui des \u00ab pierres qui poussent \u00bb. Nous avons deux zones o\u00f9 ces pierres circulaires peuvent \u00eatre vues, dont certaines sises en un \u00e9quilibre incroyable sur des cr\u00eates de montagne. La premi\u00e8re serait la r\u00e9gion dUlmet, lesdites pierres \u00e9tant connues sous le nom Babele de la Ulmet ou dans la r\u00e9gion de la vall\u00e9e de la rivi\u00e8re B\u00e2sca, du c\u00f4t\u00e9 de Chiojdu. Ce sont des formations naturelles, aux formes quasi circulaires, envelopp\u00e9es dune couche de bitume naturel, autour desquelles, au fil du temps, diff\u00e9rentes l\u00e9gendes sont n\u00e9es. \u00bb<\/em><\/p>\n<p>&#13;<br \/>\n&#13;<\/p>\n<p>&#13;<br \/>\n&#13;<\/p>\n<p>Le Mus\u00e9e d\u00e9partemental de Buz\u0103u est un ensemble compos\u00e9 de quatre mus\u00e9es pavillonnaires et dun autre en plein air. Le dernier est, en fait, le Camp M\u0103gura, le plus grand camp de sculpture en plein air dans cette partie de la Roumanie. Daniel Costache, directeur du Mus\u00e9e du comt\u00e9 de Buz\u0103u, explique : <em style=font-size: 1em;>\u00ab Il a une histoire extr\u00eamement int\u00e9ressante. Il couvre une superficie de plus de 20 hectares, dont il en occupe effectivement sept. Ainsi, au sommet des collines de la r\u00e9gion du monast\u00e8re de Ciolanu, il existe pas moins de 256 \u0153uvres monumentales, sculpt\u00e9es dans de la pierre de M\u0103gura, une pierre sp\u00e9ciale, avec beaucoup de calcaire coquillier dans sa composition, et avec une apparence particuli\u00e8re. En outre, cette exposition est \u00e0 proximit\u00e9 dun monument de culte extr\u00eamement int\u00e9ressant et visit\u00e9 : le monast\u00e8re de Ciolanu. Le Mus\u00e9e de lAmbre, \u00e0 Col\u0163i, fait \u00e9galement partie de lensemble de mus\u00e9es de Buz\u0103u. Il est unique dans cette partie de lEurope. Le mus\u00e9e a rouvert ses portes au public en ao\u00fbt 2020 et, sis au sommet de la montagne, il accueille ses visiteurs avec un paysage de conte de f\u00e9es et une exposition de base digne de tout autre grand mus\u00e9e du monde. Vous y d\u00e9couvrirez aussi des \u00e9l\u00e9ments de technique mus\u00e9ale tr\u00e8s innovants : vitrines interactives et dautres modalit\u00e9s innovantes de mettre<\/em><span style=font-size: 1em;> <\/span><em style=font-size: 1em;>en valeur le patrimoine culturel d\u00e9tenu par cette institution. \u00bb<\/em><\/p>\n<p>&#13;<br \/>\n&#13;<\/p>\n<p>&#13;<br \/>\n&#13;<\/p>\n<p>Il existe peu dendroits dans le monde o\u00f9 lambre est \u00e0 retrouver en surface. La commune de Col\u0163i, o\u00f9 ce mus\u00e9e est situ\u00e9, est un de ces rares endroits. Notre voyage se poursuit avec Daniel Costache, directeur du Mus\u00e9e du comt\u00e9 de Buz\u0103u : <em style=font-size: 1em;>\u00ab Le Mus\u00e9e dethnographie \u00ab Casa Vergu-Man\u0103ila \u00bb fait \u00e9galement partie du complexe mus\u00e9al de Buz\u0103u, dans la ville homonyme. Le mus\u00e9e a rouvert en juillet de lann\u00e9e derni\u00e8re, apr\u00e8s dix ans. Il met en \u00e9vidence la maison traditionnelle de lespace du d\u00e9partement. Il fonctionne dans un b\u00e2timent monument historique, attest\u00e9 pour la premi\u00e8re fois vers 1792 &#8211; 1794. La Maison mus\u00e9e du po\u00e8te Vasile Voiculescu (1884-1963, n\u00e9 dans le comt\u00e9 de Buz\u0103u) qui a \u00e9galement \u00e9t\u00e9 appel\u00e9 le \u00ab m\u00e9decin sans payer \u00bb, tr\u00e8s appr\u00e9ci\u00e9 par la communaut\u00e9, a cependant fait partie du groupe de ceux qui allaient subir les horreurs des prisons communistes. \u00bb<\/em><\/p>\n<p>&#13;<br \/>\n&#13;<\/p>\n<p>&#13;<br \/>\n&#13;<\/p>\n<p>Enfin, nous arrivons au Mus\u00e9e darch\u00e9ologie, dhistoire et dart de Buz\u0103u, lune des institutions mus\u00e9ales embl\u00e9matiques de Roumanie, qui poss\u00e8de une s\u00e9rie de collections uniques, qui ne peuvent pas \u00eatre vues dans dautres mus\u00e9es du pays. Daniel Costache, directeur du Mus\u00e9e d\u00e9partemental de Buz\u0103u, pr\u00e9cise : <em style=font-size: 1em;>\u00ab Cest la plus grande collection de t\u00e9l\u00e9phones de Roumanie. Nous en avons plus de 400 exemplaires, tous fonctionnels. La pi\u00e8ce de r\u00e9sistance est un dispositif figurant dans la cat\u00e9gorie \u00ab tr\u00e9sor national \u00bb, un t\u00e9l\u00e9phone de 1894. Nous en avons aussi un de bureau qui semble avoir fait partie du mobilier de bureau de Gheorghe Gheorghiu-Dej (le premier chef d\u00c9tat communiste roumain). Nous avons aussi lunique exposition organis\u00e9e en lhonneur du premier globe-trotter roumain, Dumitru Dan. Lexposition a \u00e9t\u00e9 r\u00e9alis\u00e9e avec des fonds europ\u00e9ens il y a quatre ans et elle a beaucoup de succ\u00e8s, notamment aupr\u00e8s des visiteurs \u00e9trangers.<\/em><span style=font-size: 1em;> <\/span><em style=font-size: 1em;>Notre institution a un programme sp\u00e9cial qui attire \u00e9galement les touristes \u00e9trangers. Il sappelle \u00ab Escapade culturelle nocturne \u00bb. Lann\u00e9e derni\u00e8re, lors des \u00e9v\u00e9nements de la Nuit internationale des mus\u00e9es, nous avons organis\u00e9 une \u00e9dition internationale. Nous avions invit\u00e9 Son Excellence lAmbassadeur du Mexique, qui nous a pr\u00e9sent\u00e9 un costume traditionnel mexicain. Nous avons eu lhonneur davoir des invit\u00e9s \u00e9trangers, des personnalit\u00e9s politiques et culturelles lors de<\/em><span style=font-size: 1em;> <\/span><em style=font-size: 1em;>visites de travail mais aussi<\/em><span style=font-size: 1em;> <\/span><em style=font-size: 1em;>priv\u00e9es. \u00bb<\/em><\/p>\n<p>&#13;<br \/>\n&#13;<\/p>\n<p>&#13;<br \/>\n&#13;<\/p>\n<p>Le d\u00e9partement de Buz\u0103u est \u00e9galement reconnu parmi les amateurs de tourisme daventure, car le rafting y est pratiqu\u00e9 avec succ\u00e8s. Les vins de Buz\u0103u sont \u00e9galement connus. Pietroasele est la plus ancienne station de recherche viti-vinicole de Roumanie, fond\u00e9e en 1893. L\u00e0, trois vari\u00e9t\u00e9s de vins roumains ont \u00e9t\u00e9 mises en valeur : le Muscat roumain, la Gras\u0103 et la Busuioac\u0103. Et parce que les l\u00e9gendes se racontent mieux le soir, entre amis, avec un verre de bon vin, nous vous recommandons le Muscat roumain, la vari\u00e9t\u00e9 \u00e0 partir de laquelle les meilleurs vins aromatiques sont obtenus. Le go\u00fbt est floral, compos\u00e9 de fleurs des champs et de tilleul, auquel sajoute lar\u00f4me du miel et des amandes. Bonne d\u00e9gustation !<\/p>\n<p>&#13;<br \/>\n&#13;<\/p>\n<p>                                                                                 (Trad.: Ligia)<\/p>\n<p>&#13;<\/p>\n","protected":false},"excerpt":{"rendered":"<p>Nous en apprendrons davantage sur des collections in\u00e9dites, dont celle de t\u00e9l\u00e9phones. La pi\u00e8ce la plus ancienne de lexposition a \u00e9t\u00e9 fabriqu\u00e9e en 1894, peu de temps apr\u00e8s linvention du t\u00e9l\u00e9phone. Notre guide daujourdhui est Daniel Costache, directeur du Mus\u00e9e d\u00e9partemental de Buz\u0103u. Il nous propose de commencer par les attractions naturelles : \u00ab Beaucoup [&hellip;]<\/p>\n","protected":false},"author":128,"featured_media":150316,"comment_status":"closed","ping_status":"closed","sticky":false,"template":"","format":"standard","meta":{"_acf_changed":false,"footnotes":""},"categories":[86826],"tags":[87908,85406,76968,151606,87907,87912,161760,87909,86203,85412,150441,87910,87911,87855],"coauthors":[],"class_list":["post-386919","post","type-post","status-publish","format-standard","has-post-thumbnail","hentry","category-radio-tour-fr","tag-pierres-qui-poussent","tag-archeologie","tag-busuioaca","tag-buzau-fr","tag-feux-vivants","tag-grasa","tag-magura-fr","tag-musee-de-lambre","tag-musees","tag-roumanie","tag-sculpture-fr","tag-telephones","tag-vins-muscat-roumain","tag-volcans-de-boue"],"acf":[],"yoast_head":"<!-- This site is optimized with the Yoast SEO plugin v27.5 - https:\/\/yoast.com\/product\/yoast-seo-wordpress\/ -->\n<title>Attractions touristiques in\u00e9dites dans le d\u00e9partement de Buz\u0103u - Radio Roumanie Internationale<\/title>\n<meta name=\"robots\" content=\"index, follow, max-snippet:-1, max-image-preview:large, max-video-preview:-1\" \/>\n<link rel=\"canonical\" href=\"https:\/\/www.rri.ro\/fr\/chroniques-hebdomadaires\/radio-tour-fr\/attractions-touristiques-inedites-dans-le-departement-de-buzau-id386919.html\" \/>\n<meta property=\"og:locale\" content=\"fr_FR\" \/>\n<meta property=\"og:type\" content=\"article\" \/>\n<meta property=\"og:title\" content=\"Attractions touristiques in\u00e9dites dans le d\u00e9partement de Buz\u0103u - Radio Roumanie Internationale\" \/>\n<meta property=\"og:description\" content=\"Nous en apprendrons davantage sur des collections in\u00e9dites, dont celle de t\u00e9l\u00e9phones. La pi\u00e8ce la plus ancienne de lexposition a \u00e9t\u00e9 fabriqu\u00e9e en 1894, peu de temps apr\u00e8s linvention du t\u00e9l\u00e9phone. Notre guide daujourdhui est Daniel Costache, directeur du Mus\u00e9e d\u00e9partemental de Buz\u0103u. Il nous propose de commencer par les attractions naturelles : \u00ab Beaucoup [&hellip;]\" \/>\n<meta property=\"og:url\" content=\"https:\/\/www.rri.ro\/fr\/chroniques-hebdomadaires\/radio-tour-fr\/attractions-touristiques-inedites-dans-le-departement-de-buzau-id386919.html\" \/>\n<meta property=\"og:site_name\" content=\"Radio Roumanie Internationale\" \/>\n<meta property=\"article:published_time\" content=\"2021-07-22T10:27:00+00:00\" \/>\n<meta property=\"og:image\" content=\"https:\/\/www.rri.ro\/wp-content\/uploads\/2023\/10\/focul-viu-terca-buzau-foto-mchirita-rri.jpg\" \/>\n\t<meta property=\"og:image:width\" content=\"640\" \/>\n\t<meta property=\"og:image:height\" content=\"481\" \/>\n\t<meta property=\"og:image:type\" content=\"image\/jpeg\" \/>\n<meta name=\"author\" content=\"Daniel Onea\" \/>\n<meta name=\"twitter:card\" content=\"summary_large_image\" \/>\n<meta name=\"twitter:label1\" content=\"\u00c9crit par\" \/>\n\t<meta name=\"twitter:data1\" content=\"Daniel Onea\" \/>\n\t<meta name=\"twitter:label2\" content=\"Dur\u00e9e de lecture estim\u00e9e\" \/>\n\t<meta name=\"twitter:data2\" content=\"5 minutes\" \/>\n\t<meta name=\"twitter:label3\" content=\"Written by\" \/>\n\t<meta name=\"twitter:data3\" content=\"Daniel Onea\" \/>\n<script type=\"application\/ld+json\" class=\"yoast-schema-graph\">{\"@context\":\"https:\\\/\\\/schema.org\",\"@graph\":[{\"@type\":\"Article\",\"@id\":\"https:\\\/\\\/www.rri.ro\\\/fr\\\/chroniques-hebdomadaires\\\/radio-tour-fr\\\/attractions-touristiques-inedites-dans-le-departement-de-buzau-id386919.html#article\",\"isPartOf\":{\"@id\":\"https:\\\/\\\/www.rri.ro\\\/fr\\\/chroniques-hebdomadaires\\\/radio-tour-fr\\\/attractions-touristiques-inedites-dans-le-departement-de-buzau-id386919.html\"},\"author\":{\"name\":\"Daniel Onea\",\"@id\":\"https:\\\/\\\/www.rri.ro\\\/#\\\/schema\\\/person\\\/fcce42c208d45f30f5b054b64bc1e0df\"},\"headline\":\"Attractions touristiques in\u00e9dites dans le d\u00e9partement de Buz\u0103u\",\"datePublished\":\"2021-07-22T10:27:00+00:00\",\"mainEntityOfPage\":{\"@id\":\"https:\\\/\\\/www.rri.ro\\\/fr\\\/chroniques-hebdomadaires\\\/radio-tour-fr\\\/attractions-touristiques-inedites-dans-le-departement-de-buzau-id386919.html\"},\"wordCount\":1061,\"image\":{\"@id\":\"https:\\\/\\\/www.rri.ro\\\/fr\\\/chroniques-hebdomadaires\\\/radio-tour-fr\\\/attractions-touristiques-inedites-dans-le-departement-de-buzau-id386919.html#primaryimage\"},\"thumbnailUrl\":\"https:\\\/\\\/www.rri.ro\\\/wp-content\\\/uploads\\\/2023\\\/10\\\/focul-viu-terca-buzau-foto-mchirita-rri.jpg\",\"keywords\":[\"\u00ab pierres qui poussent \u00bb\",\"arch\u00e9ologie\",\"Busuioaca\",\"buzau\",\"Feux vivants\",\"Gras\u0103\",\"Magura\",\"Mus\u00e9e de lAmbre\",\"mus\u00e9es\",\"Roumanie\",\"sculpture\",\"t\u00e9l\u00e9phones\",\"vins ; Muscat roumain\",\"volcans de boue\"],\"articleSection\":[\"Radio Tour\"],\"inLanguage\":\"fr-FR\"},{\"@type\":\"WebPage\",\"@id\":\"https:\\\/\\\/www.rri.ro\\\/fr\\\/chroniques-hebdomadaires\\\/radio-tour-fr\\\/attractions-touristiques-inedites-dans-le-departement-de-buzau-id386919.html\",\"url\":\"https:\\\/\\\/www.rri.ro\\\/fr\\\/chroniques-hebdomadaires\\\/radio-tour-fr\\\/attractions-touristiques-inedites-dans-le-departement-de-buzau-id386919.html\",\"name\":\"Attractions touristiques in\u00e9dites dans le d\u00e9partement de Buz\u0103u - Radio Roumanie Internationale\",\"isPartOf\":{\"@id\":\"https:\\\/\\\/www.rri.ro\\\/#website\"},\"primaryImageOfPage\":{\"@id\":\"https:\\\/\\\/www.rri.ro\\\/fr\\\/chroniques-hebdomadaires\\\/radio-tour-fr\\\/attractions-touristiques-inedites-dans-le-departement-de-buzau-id386919.html#primaryimage\"},\"image\":{\"@id\":\"https:\\\/\\\/www.rri.ro\\\/fr\\\/chroniques-hebdomadaires\\\/radio-tour-fr\\\/attractions-touristiques-inedites-dans-le-departement-de-buzau-id386919.html#primaryimage\"},\"thumbnailUrl\":\"https:\\\/\\\/www.rri.ro\\\/wp-content\\\/uploads\\\/2023\\\/10\\\/focul-viu-terca-buzau-foto-mchirita-rri.jpg\",\"datePublished\":\"2021-07-22T10:27:00+00:00\",\"author\":{\"@id\":\"https:\\\/\\\/www.rri.ro\\\/#\\\/schema\\\/person\\\/fcce42c208d45f30f5b054b64bc1e0df\"},\"breadcrumb\":{\"@id\":\"https:\\\/\\\/www.rri.ro\\\/fr\\\/chroniques-hebdomadaires\\\/radio-tour-fr\\\/attractions-touristiques-inedites-dans-le-departement-de-buzau-id386919.html#breadcrumb\"},\"inLanguage\":\"fr-FR\",\"potentialAction\":[{\"@type\":\"ReadAction\",\"target\":[\"https:\\\/\\\/www.rri.ro\\\/fr\\\/chroniques-hebdomadaires\\\/radio-tour-fr\\\/attractions-touristiques-inedites-dans-le-departement-de-buzau-id386919.html\"]}]},{\"@type\":\"ImageObject\",\"inLanguage\":\"fr-FR\",\"@id\":\"https:\\\/\\\/www.rri.ro\\\/fr\\\/chroniques-hebdomadaires\\\/radio-tour-fr\\\/attractions-touristiques-inedites-dans-le-departement-de-buzau-id386919.html#primaryimage\",\"url\":\"https:\\\/\\\/www.rri.ro\\\/wp-content\\\/uploads\\\/2023\\\/10\\\/focul-viu-terca-buzau-foto-mchirita-rri.jpg\",\"contentUrl\":\"https:\\\/\\\/www.rri.ro\\\/wp-content\\\/uploads\\\/2023\\\/10\\\/focul-viu-terca-buzau-foto-mchirita-rri.jpg\",\"width\":640,\"height\":481},{\"@type\":\"BreadcrumbList\",\"@id\":\"https:\\\/\\\/www.rri.ro\\\/fr\\\/chroniques-hebdomadaires\\\/radio-tour-fr\\\/attractions-touristiques-inedites-dans-le-departement-de-buzau-id386919.html#breadcrumb\",\"itemListElement\":[{\"@type\":\"ListItem\",\"position\":1,\"name\":\"Page d'accueil\",\"item\":\"https:\\\/\\\/www.rri.ro\\\/fr\"},{\"@type\":\"ListItem\",\"position\":2,\"name\":\"Chroniques hebdomadaires\",\"item\":\"https:\\\/\\\/www.rri.ro\\\/fr\\\/chroniques-hebdomadaires\"},{\"@type\":\"ListItem\",\"position\":3,\"name\":\"Radio Tour\",\"item\":\"https:\\\/\\\/www.rri.ro\\\/fr\\\/chroniques-hebdomadaires\\\/radio-tour-fr\"},{\"@type\":\"ListItem\",\"position\":4,\"name\":\"Attractions touristiques in\u00e9dites dans le d\u00e9partement de Buz\u0103u\"}]},{\"@type\":\"WebSite\",\"@id\":\"https:\\\/\\\/www.rri.ro\\\/#website\",\"url\":\"https:\\\/\\\/www.rri.ro\\\/\",\"name\":\"Radio Roumanie Internationale\",\"description\":\"Totul despre Rom\u00e2nia \u015fi rom\u00e2ni, \u00een 13 limbi\\\/dialecte!\",\"inLanguage\":\"fr-FR\"},{\"@type\":\"Person\",\"@id\":\"https:\\\/\\\/www.rri.ro\\\/#\\\/schema\\\/person\\\/fcce42c208d45f30f5b054b64bc1e0df\",\"name\":\"Daniel Onea\",\"url\":\"https:\\\/\\\/www.rri.ro\\\/fr\\\/author\\\/daniel-onea\"}]}<\/script>\n<!-- \/ Yoast SEO plugin. -->","yoast_head_json":{"title":"Attractions touristiques in\u00e9dites dans le d\u00e9partement de Buz\u0103u - Radio Roumanie Internationale","robots":{"index":"index","follow":"follow","max-snippet":"max-snippet:-1","max-image-preview":"max-image-preview:large","max-video-preview":"max-video-preview:-1"},"canonical":"https:\/\/www.rri.ro\/fr\/chroniques-hebdomadaires\/radio-tour-fr\/attractions-touristiques-inedites-dans-le-departement-de-buzau-id386919.html","og_locale":"fr_FR","og_type":"article","og_title":"Attractions touristiques in\u00e9dites dans le d\u00e9partement de Buz\u0103u - Radio Roumanie Internationale","og_description":"Nous en apprendrons davantage sur des collections in\u00e9dites, dont celle de t\u00e9l\u00e9phones. La pi\u00e8ce la plus ancienne de lexposition a \u00e9t\u00e9 fabriqu\u00e9e en 1894, peu de temps apr\u00e8s linvention du t\u00e9l\u00e9phone. Notre guide daujourdhui est Daniel Costache, directeur du Mus\u00e9e d\u00e9partemental de Buz\u0103u. Il nous propose de commencer par les attractions naturelles : \u00ab Beaucoup [&hellip;]","og_url":"https:\/\/www.rri.ro\/fr\/chroniques-hebdomadaires\/radio-tour-fr\/attractions-touristiques-inedites-dans-le-departement-de-buzau-id386919.html","og_site_name":"Radio Roumanie Internationale","article_published_time":"2021-07-22T10:27:00+00:00","og_image":[{"width":640,"height":481,"url":"https:\/\/www.rri.ro\/wp-content\/uploads\/2023\/10\/focul-viu-terca-buzau-foto-mchirita-rri.jpg","type":"image\/jpeg"}],"author":"Daniel Onea","twitter_card":"summary_large_image","twitter_misc":{"\u00c9crit par":"Daniel Onea","Dur\u00e9e de lecture estim\u00e9e":"5 minutes","Written by":"Daniel Onea"},"schema":{"@context":"https:\/\/schema.org","@graph":[{"@type":"Article","@id":"https:\/\/www.rri.ro\/fr\/chroniques-hebdomadaires\/radio-tour-fr\/attractions-touristiques-inedites-dans-le-departement-de-buzau-id386919.html#article","isPartOf":{"@id":"https:\/\/www.rri.ro\/fr\/chroniques-hebdomadaires\/radio-tour-fr\/attractions-touristiques-inedites-dans-le-departement-de-buzau-id386919.html"},"author":{"name":"Daniel Onea","@id":"https:\/\/www.rri.ro\/#\/schema\/person\/fcce42c208d45f30f5b054b64bc1e0df"},"headline":"Attractions touristiques in\u00e9dites dans le d\u00e9partement de Buz\u0103u","datePublished":"2021-07-22T10:27:00+00:00","mainEntityOfPage":{"@id":"https:\/\/www.rri.ro\/fr\/chroniques-hebdomadaires\/radio-tour-fr\/attractions-touristiques-inedites-dans-le-departement-de-buzau-id386919.html"},"wordCount":1061,"image":{"@id":"https:\/\/www.rri.ro\/fr\/chroniques-hebdomadaires\/radio-tour-fr\/attractions-touristiques-inedites-dans-le-departement-de-buzau-id386919.html#primaryimage"},"thumbnailUrl":"https:\/\/www.rri.ro\/wp-content\/uploads\/2023\/10\/focul-viu-terca-buzau-foto-mchirita-rri.jpg","keywords":["\u00ab pierres qui poussent \u00bb","arch\u00e9ologie","Busuioaca","buzau","Feux vivants","Gras\u0103","Magura","Mus\u00e9e de lAmbre","mus\u00e9es","Roumanie","sculpture","t\u00e9l\u00e9phones","vins ; Muscat roumain","volcans de boue"],"articleSection":["Radio Tour"],"inLanguage":"fr-FR"},{"@type":"WebPage","@id":"https:\/\/www.rri.ro\/fr\/chroniques-hebdomadaires\/radio-tour-fr\/attractions-touristiques-inedites-dans-le-departement-de-buzau-id386919.html","url":"https:\/\/www.rri.ro\/fr\/chroniques-hebdomadaires\/radio-tour-fr\/attractions-touristiques-inedites-dans-le-departement-de-buzau-id386919.html","name":"Attractions touristiques in\u00e9dites dans le d\u00e9partement de Buz\u0103u - Radio Roumanie Internationale","isPartOf":{"@id":"https:\/\/www.rri.ro\/#website"},"primaryImageOfPage":{"@id":"https:\/\/www.rri.ro\/fr\/chroniques-hebdomadaires\/radio-tour-fr\/attractions-touristiques-inedites-dans-le-departement-de-buzau-id386919.html#primaryimage"},"image":{"@id":"https:\/\/www.rri.ro\/fr\/chroniques-hebdomadaires\/radio-tour-fr\/attractions-touristiques-inedites-dans-le-departement-de-buzau-id386919.html#primaryimage"},"thumbnailUrl":"https:\/\/www.rri.ro\/wp-content\/uploads\/2023\/10\/focul-viu-terca-buzau-foto-mchirita-rri.jpg","datePublished":"2021-07-22T10:27:00+00:00","author":{"@id":"https:\/\/www.rri.ro\/#\/schema\/person\/fcce42c208d45f30f5b054b64bc1e0df"},"breadcrumb":{"@id":"https:\/\/www.rri.ro\/fr\/chroniques-hebdomadaires\/radio-tour-fr\/attractions-touristiques-inedites-dans-le-departement-de-buzau-id386919.html#breadcrumb"},"inLanguage":"fr-FR","potentialAction":[{"@type":"ReadAction","target":["https:\/\/www.rri.ro\/fr\/chroniques-hebdomadaires\/radio-tour-fr\/attractions-touristiques-inedites-dans-le-departement-de-buzau-id386919.html"]}]},{"@type":"ImageObject","inLanguage":"fr-FR","@id":"https:\/\/www.rri.ro\/fr\/chroniques-hebdomadaires\/radio-tour-fr\/attractions-touristiques-inedites-dans-le-departement-de-buzau-id386919.html#primaryimage","url":"https:\/\/www.rri.ro\/wp-content\/uploads\/2023\/10\/focul-viu-terca-buzau-foto-mchirita-rri.jpg","contentUrl":"https:\/\/www.rri.ro\/wp-content\/uploads\/2023\/10\/focul-viu-terca-buzau-foto-mchirita-rri.jpg","width":640,"height":481},{"@type":"BreadcrumbList","@id":"https:\/\/www.rri.ro\/fr\/chroniques-hebdomadaires\/radio-tour-fr\/attractions-touristiques-inedites-dans-le-departement-de-buzau-id386919.html#breadcrumb","itemListElement":[{"@type":"ListItem","position":1,"name":"Page d'accueil","item":"https:\/\/www.rri.ro\/fr"},{"@type":"ListItem","position":2,"name":"Chroniques hebdomadaires","item":"https:\/\/www.rri.ro\/fr\/chroniques-hebdomadaires"},{"@type":"ListItem","position":3,"name":"Radio Tour","item":"https:\/\/www.rri.ro\/fr\/chroniques-hebdomadaires\/radio-tour-fr"},{"@type":"ListItem","position":4,"name":"Attractions touristiques in\u00e9dites dans le d\u00e9partement de Buz\u0103u"}]},{"@type":"WebSite","@id":"https:\/\/www.rri.ro\/#website","url":"https:\/\/www.rri.ro\/","name":"Radio Roumanie Internationale","description":"Totul despre Rom\u00e2nia \u015fi rom\u00e2ni, \u00een 13 limbi\/dialecte!","inLanguage":"fr-FR"},{"@type":"Person","@id":"https:\/\/www.rri.ro\/#\/schema\/person\/fcce42c208d45f30f5b054b64bc1e0df","name":"Daniel Onea","url":"https:\/\/www.rri.ro\/fr\/author\/daniel-onea"}]}},"_links":{"self":[{"href":"https:\/\/www.rri.ro\/fr\/wp-json\/wp\/v2\/posts\/386919","targetHints":{"allow":["GET"]}}],"collection":[{"href":"https:\/\/www.rri.ro\/fr\/wp-json\/wp\/v2\/posts"}],"about":[{"href":"https:\/\/www.rri.ro\/fr\/wp-json\/wp\/v2\/types\/post"}],"author":[{"embeddable":true,"href":"https:\/\/www.rri.ro\/fr\/wp-json\/wp\/v2\/users\/128"}],"replies":[{"embeddable":true,"href":"https:\/\/www.rri.ro\/fr\/wp-json\/wp\/v2\/comments?post=386919"}],"version-history":[{"count":0,"href":"https:\/\/www.rri.ro\/fr\/wp-json\/wp\/v2\/posts\/386919\/revisions"}],"wp:featuredmedia":[{"embeddable":true,"href":"https:\/\/www.rri.ro\/fr\/wp-json\/wp\/v2\/media\/150316"}],"wp:attachment":[{"href":"https:\/\/www.rri.ro\/fr\/wp-json\/wp\/v2\/media?parent=386919"}],"wp:term":[{"taxonomy":"category","embeddable":true,"href":"https:\/\/www.rri.ro\/fr\/wp-json\/wp\/v2\/categories?post=386919"},{"taxonomy":"post_tag","embeddable":true,"href":"https:\/\/www.rri.ro\/fr\/wp-json\/wp\/v2\/tags?post=386919"},{"taxonomy":"author","embeddable":true,"href":"https:\/\/www.rri.ro\/fr\/wp-json\/wp\/v2\/coauthors?post=386919"}],"curies":[{"name":"wp","href":"https:\/\/api.w.org\/{rel}","templated":true}]}}