{"id":386920,"date":"2021-02-04T13:15:00","date_gmt":"2021-02-04T11:15:00","guid":{"rendered":"http:\/\/devrri.freshlemon.ro\/le-roumain-mot-a-mot\/consulter-les-lecons\/vacances-a-rasnov-id386920.html"},"modified":"2021-02-04T13:15:00","modified_gmt":"2021-02-04T11:15:00","slug":"vacances-a-rasnov","status":"publish","type":"post","link":"https:\/\/www.rri.ro\/fr\/chroniques-hebdomadaires\/radio-tour-fr\/vacances-a-rasnov-id386920.html","title":{"rendered":"Vacances \u00e0 R\u00e2\u0219nov"},"content":{"rendered":"<p><p>En 2009, R\u00e2\u0219nov devenait la premi\u00e8re ville touristique de Roumanie promue \u00e0&#13;<br \/>\nl&rsquo;aide de fonds europ\u00e9ens. C&rsquo;est un endroit charg\u00e9 d&rsquo;histoire, surtout que sa&#13;<br \/>\npremi\u00e8re attestation documentaire remonte \u00e0 1331. L&#8217;embl\u00e8me de la ville, choisi&#13;<br \/>\nau Moyen Age, c&rsquo;est la rose. Sans doute, la principale attraction touristique&#13;<br \/>\nde R\u00e2\u0219nov est sa citadelle m\u00e9di\u00e9vale qui accueille chaque ann\u00e9e de nombreux&#13;<br \/>\nvisiteurs et nombre d&rsquo;\u00e9v\u00e9nements culturels. Et puis, elle est aussi une des&#13;<br \/>\nvilles pr\u00e9f\u00e9r\u00e9es des amateurs de vacances actives. <\/p>\n<p><\/p>\n<p>Pour plus de d\u00e9tails, nous&#13;<br \/>\nnous sommes adress\u00e9s \u00e0 Daniela Bonta, pr\u00e9sidente de l&rsquo;Association Rosenau&#13;<br \/>\nTurism de R\u00e2\u0219nov. Elle nous donne des raisons pour visiter cette ville&#13;<br \/>\ntransylvaine sise au c\u0153ur m\u00eame de la Roumanie : <em class=cms-italic>\u00ab Cette une ville propre&#13;<br \/>\net accueillante, avec des espaces ouverts tr\u00e8s larges, avoisin\u00e9e par des for\u00eats,&#13;<br \/>\nest \u00e0 l&rsquo;abri de l&rsquo;agitation urbaine. Depuis le d\u00e9but de la pand\u00e9mie, elle a eu&#13;<br \/>\nun taux d&rsquo;infection au coronavirus tr\u00e8s bas, en dessous de 2 cas par millier&#13;<br \/>\nd&rsquo;habitants, ce qui prouve notre pr\u00e9occupation pour la s\u00e9curit\u00e9 et pour la&#13;<br \/>\nsant\u00e9. Par cons\u00e9quent, les touristes sont invit\u00e9s \u00e0 visiter les principales&#13;<br \/>\nattractions de la ville, telles la forteresse, la grotte Valea Cetatii,&#13;<br \/>\nl&rsquo;Eglise ancienne roumaine et l&rsquo;Eglise \u00e9vang\u00e9lique, \u00e0 loger en toute s\u00e9curit\u00e9&#13;<br \/>\ndans les maisons d&rsquo;h\u00f4tes et les h\u00f4tels de R\u00e2\u0219nov, \u00e0 d\u00eener dans nos restaurants&#13;<br \/>\nou \u00e0 faire des randonn\u00e9es \u00e0 pied ou \u00e0 v\u00e9lo, \u00e0 profiter des programmes&#13;<br \/>\nd&rsquo;\u00e9quitation ou \u00e0 se balader dans les for\u00eats. Nos g\u00eetes touristiques et h\u00f4tels&#13;<br \/>\nsont ouverts, leur capacit\u00e9 est d&rsquo;environ 2 700 places d&rsquo;h\u00e9bergement. Les&#13;<br \/>\nrestaurants fonctionnent \u00e0 30% de leur capacit\u00e9 et la plupart proposent aussi&#13;<br \/>\ndes repas \u00e0 emporter ou des services de livraison \u00e0 domicile. Tous les&#13;<br \/>\nrestaurants de R\u00e2\u0219nov ont des terrasses ouvertes avec vue sur la montagne, la&#13;<br \/>\nfor\u00eat ou la citadelle. Au printemps, nous allons marquer les cinq itin\u00e9raires&#13;<br \/>\nde randonn\u00e9e \u00e0 v\u00e9lo. Nous comptons en permanence sur l&rsquo;ouverture et le soutien&#13;<br \/>\nde l&rsquo;administration locale pour d\u00e9velopper le potentiel touristique de la&#13;<br \/>\nville, dans l&rsquo;esprit d&rsquo;un tourisme durable et de qualit\u00e9. \u00bb <\/em><\/p>\n<p><\/p>\n<p>&#13;<br \/>\n&#13;<\/p>\n<p>Depuis des si\u00e8cles, la citadelle de R\u00e2\u0219nov veille sur la ville du haut de&#13;<br \/>\nsa montagne, pr\u00e9cise Daniela Bonta qui nous en fait le tour : <em class=cms-italic>\u00ab Notre forteresse&#13;<br \/>\nest une attraction touristique nationale dont l&rsquo;attestation documentaire&#13;<br \/>\nremonte au 12e si\u00e8cle. On peut toujours voir les \u00e9l\u00e9ments&#13;<br \/>\narchitecturaux qui ont aid\u00e9 cette cit\u00e9 \u00e0 r\u00e9sister avec succ\u00e8s aux si\u00e8ges. Elle&#13;<br \/>\nn&rsquo;a \u00e9t\u00e9 conquise qu&rsquo;une seule fois, par trahison. Comme elle n&rsquo;avait pas&#13;<br \/>\nd&rsquo;alimentation en eau, elle a \u00e9t\u00e9 conquise parce que ses habitants risquaient&#13;<br \/>\nde mourir de soif. A pr\u00e9sent, elle est en travaux de restauration, gr\u00e2ce \u00e0 un&#13;<br \/>\nprojet financ\u00e9 de fonds europ\u00e9ens. Ces travaux devraient \u00eatre finalis\u00e9s d&rsquo;ici&#13;<br \/>\nun an. On peut acc\u00e9der \u00e0 la citadelle \u00e0 l&rsquo;aide d&rsquo;un funiculaire qui part du&#13;<br \/>\ncentre-ville et qui est un moyen de transport \u00e9cologique \u00e0 100%. Cela permettra&#13;<br \/>\naux touristes de garer leurs voitures dans le parking am\u00e9nag\u00e9 au centre-ville. La&#13;<br \/>\nvisite est gratuite. La citadelle est ouverte tous les jours de 9h \u00e0 17h. \u00bb <\/em><\/p>\n<p><\/p>\n<p>&#13;<br \/>\n&#13;<\/p>\n<p>Quittons la belle forteresse de R\u00e2\u0219nov pour d\u00e9couvrir un autre objectif&#13;<br \/>\ntouristique important de la ville : son Eglise \u00e9vang\u00e9lique, le lieu de culte de&#13;<br \/>\nla communaut\u00e9 saxonne de la r\u00e9gion. Notre invit\u00e9e, Daniela Bonta, ajoute :&#13;<br \/>\n<em class=cms-italic>\u00ab Avant la R\u00e9forme, elle avait pour patron le Saint Ap\u00f4tre Mathieu&#13;<br \/>\n(Matei). L&rsquo;attestation documentaire de l&rsquo;Eglise \u00e9vang\u00e9lique date du 12e&#13;<br \/>\nsi\u00e8cle, tout comme celle de l&rsquo;Eglise ancienne roumaine. Elle a servi d&rsquo;\u00e9glise&#13;<br \/>\nparoissiale pour le quartier de Dobrice de R\u00e2\u0219nov. \u00bb <\/em><\/p>\n<p><\/p>\n<p>&#13;<br \/>\n&#13;<br \/>\n&#13;<br \/>\n&#13;<\/p>\n<p>Nous continuons notre visite par la grotte de Valea Cetatii (La Vall\u00e9e de&#13;<br \/>\nla cit\u00e9). Elle fut d\u00e9couverte en 1954 par des jeunes de la ville. A pr\u00e9sent,&#13;<br \/>\nc&rsquo;est un endroit incontournable de R\u00e2\u0219nov, affirme Daniela Bonta : <em class=cms-italic>\u00ab En&#13;<br \/>\n2010, il a fallu excaver manuellement la grotte pour la rendre accessible au&#13;<br \/>\npublic. D&rsquo;un point de vue g\u00e9ologique, c&rsquo;est une grotte jeune, car elle n&rsquo;a que&#13;<br \/>\n2 millions d&rsquo;ann\u00e9es. Mais les roches dont elle est form\u00e9e sont tr\u00e8s anciennes,&#13;<br \/>\ndatant du Jurassique, soit d&rsquo;il y a 160-170 millions d&rsquo;ann\u00e9es. Gr\u00e2ce \u00e0 son&#13;<br \/>\nacoustique exceptionnelle, pendant l&rsquo;\u00e9t\u00e9, 5 membres de la Philharmonie de Bra\u015fov&#13;<br \/>\ny organisent toutes les semaines des concerts de musique traditionnelle&#13;<br \/>\nancienne roumaine ou des concerts de jazz, qui ne n\u00e9cessitent pas de micros, ni&#13;<br \/>\nd&rsquo;amplificateurs. Durant l&rsquo;\u00e9t\u00e9, on peut visiter la grotte de 10h \u00e0 20h, alors&#13;<br \/>\nque pendant l&rsquo;hiver elle ferme \u00e0 18h. Pand\u00e9mie oblige, d\u00e9sormais l&rsquo;acc\u00e8s est&#13;<br \/>\npossible par petits groupes et se fait toutes les 30 minutes en hiver et toutes&#13;<br \/>\nles 20 minutes en \u00e9t\u00e9. \u00bb <\/em><\/p>\n<p><\/p>\n<p>&#13;<br \/>\n&#13;<\/p>\n<p>Notre dernier arr\u00eat est un endroit ador\u00e9 par les grands mais aussi et&#13;<br \/>\nsurtout par les petits : le Parc des dinosaures de R\u00e2\u0219nov, l&rsquo;endroit id\u00e9al&#13;<br \/>\npour passer une journ\u00e9e inoubliable en famille. Daniela Bonta nous y&#13;<br \/>\nemm\u00e8ne : <em class=cms-italic>\u00ab C&rsquo;est le plus grand parc d&rsquo;attractions aux dinosaures de&#13;<br \/>\ntoute l&rsquo;Europe du Sud-Est. Il s&rsquo;\u00e9tale sur 3 hectares de for\u00eat, tout pr\u00e8s de la&#13;<br \/>\ncitadelle de R\u00e2\u0219nov. C&rsquo;est \u00e0 la fois un parc d&rsquo;attractions et un mus\u00e9e en plein&#13;<br \/>\nair. A part un itin\u00e9raire impressionnant parsem\u00e9 d&rsquo;une centaine de dinosaures&#13;<br \/>\ngrandeur nature, il dispose d&rsquo;aires de jeux pour les enfants, de maisonnettes b\u00e2ties&#13;<br \/>\ndans des arbres, d&rsquo;un cin\u00e9ma en 9D et un cin\u00e9ma \u00e0 360 degr\u00e9s, d&rsquo;itin\u00e9raires&#13;<br \/>\nd&rsquo;aventure, d&rsquo;expositions uniques et de nombreuses zones interactives. C&rsquo;est l\u00e0&#13;<br \/>\nque l&rsquo;on a reproduit en premi\u00e8re l&rsquo;animal volant le plus grand au monde et le&#13;<br \/>\nplus grand dinosaure jamais d\u00e9couvert : le seismosaure, un g\u00e9ant de 45 m&#13;<br \/>\nde longueur. \u00bb <\/em><\/p>\n<p><\/p>\n<p>&#13;<br \/>\n&#13;<\/p>\n<p>Enfin, on ne saurait oublier le fait que R\u00e2\u0219nov est une station de sports&#13;<br \/>\nd&rsquo;hiver depuis plus d&rsquo;un si\u00e8cle. A pr\u00e9sent elle s&rsquo;enorgueillit de la base de&#13;<br \/>\nsauts \u00e0 skis et de biathlon la plus moderne de Roumanie. Qui plus est, du 18 au&#13;<br \/>\n20 f\u00e9vrier, la base olympique de R\u00e2\u0219nov accueillera une \u00e9tape de la Coupe du&#13;<br \/>\nmonde de sauts \u00e0 skis et deux comp\u00e9titions individuelles. Dans le contexte de&#13;<br \/>\nla pand\u00e9mie, le public n&rsquo;y aura pas acc\u00e8s cette ann\u00e9e, mais les t\u00e9l\u00e9visions&#13;<br \/>\npourront transmettre l&rsquo;\u00e9v\u00e9nement en direct. Voil\u00e0 donc autant de raisons pour choisir la ville de R\u00e2\u0219nov comme&#13;<br \/>\ndestination de vacances en toute saison. (Trad. Valentina Beleavski)<\/p>\n<p><\/p>\n","protected":false},"excerpt":{"rendered":"<p>En 2009, R\u00e2\u0219nov devenait la premi\u00e8re ville touristique de Roumanie promue \u00e0&#13; l&rsquo;aide de fonds europ\u00e9ens. C&rsquo;est un endroit charg\u00e9 d&rsquo;histoire, surtout que sa&#13; premi\u00e8re attestation documentaire remonte \u00e0 1331. L&#8217;embl\u00e8me de la ville, choisi&#13; au Moyen Age, c&rsquo;est la rose. Sans doute, la principale attraction touristique&#13; de R\u00e2\u0219nov est sa citadelle m\u00e9di\u00e9vale qui accueille [&hellip;]<\/p>\n","protected":false},"author":128,"featured_media":150330,"comment_status":"closed","ping_status":"closed","sticky":false,"template":"","format":"standard","meta":{"_acf_changed":false,"footnotes":""},"categories":[86826],"tags":[86354,87712,87698,87547,87913,34898,85314,85229,36761],"coauthors":[],"class_list":["post-386920","post","type-post","status-publish","format-standard","has-post-thumbnail","hentry","category-radio-tour-fr","tag-activites","tag-citadelle","tag-eglises","tag-grottes","tag-parc-des-dinosaures","tag-rasnov","tag-transylvanie","tag-vacances","tag-voyage"],"acf":[],"yoast_head":"<!-- This site is optimized with the Yoast SEO plugin v27.3 - https:\/\/yoast.com\/product\/yoast-seo-wordpress\/ -->\n<title>Vacances \u00e0 R\u00e2\u0219nov - Radio Roumanie Internationale<\/title>\n<meta name=\"robots\" content=\"index, follow, max-snippet:-1, max-image-preview:large, max-video-preview:-1\" \/>\n<link rel=\"canonical\" href=\"https:\/\/www.rri.ro\/fr\/chroniques-hebdomadaires\/radio-tour-fr\/vacances-a-rasnov-id386920.html\" \/>\n<meta property=\"og:locale\" content=\"fr_FR\" \/>\n<meta property=\"og:type\" content=\"article\" \/>\n<meta property=\"og:title\" content=\"Vacances \u00e0 R\u00e2\u0219nov - Radio Roumanie Internationale\" \/>\n<meta property=\"og:description\" content=\"En 2009, R\u00e2\u0219nov devenait la premi\u00e8re ville touristique de Roumanie promue \u00e0&#013; l&rsquo;aide de fonds europ\u00e9ens. C&rsquo;est un endroit charg\u00e9 d&rsquo;histoire, surtout que sa&#013; premi\u00e8re attestation documentaire remonte \u00e0 1331. L&#8217;embl\u00e8me de la ville, choisi&#013; au Moyen Age, c&rsquo;est la rose. Sans doute, la principale attraction touristique&#013; de R\u00e2\u0219nov est sa citadelle m\u00e9di\u00e9vale qui accueille [&hellip;]\" \/>\n<meta property=\"og:url\" content=\"https:\/\/www.rri.ro\/fr\/chroniques-hebdomadaires\/radio-tour-fr\/vacances-a-rasnov-id386920.html\" \/>\n<meta property=\"og:site_name\" content=\"Radio Roumanie Internationale\" \/>\n<meta property=\"article:published_time\" content=\"2021-02-04T11:15:00+00:00\" \/>\n<meta property=\"og:image\" content=\"https:\/\/www.rri.ro\/wp-content\/uploads\/2023\/10\/cetatea-rasnov-fotofbcetaterasnov.png\" \/>\n\t<meta property=\"og:image:width\" content=\"640\" \/>\n\t<meta property=\"og:image:height\" content=\"480\" \/>\n\t<meta property=\"og:image:type\" content=\"image\/png\" \/>\n<meta name=\"author\" content=\"Daniel Onea\" \/>\n<meta name=\"twitter:card\" content=\"summary_large_image\" \/>\n<meta name=\"twitter:label1\" content=\"\u00c9crit par\" \/>\n\t<meta name=\"twitter:data1\" content=\"Daniel Onea\" \/>\n\t<meta name=\"twitter:label2\" content=\"Dur\u00e9e de lecture estim\u00e9e\" \/>\n\t<meta name=\"twitter:data2\" content=\"5 minutes\" \/>\n\t<meta name=\"twitter:label3\" content=\"Written by\" \/>\n\t<meta name=\"twitter:data3\" content=\"Daniel Onea\" \/>\n<script type=\"application\/ld+json\" class=\"yoast-schema-graph\">{\"@context\":\"https:\\\/\\\/schema.org\",\"@graph\":[{\"@type\":\"Article\",\"@id\":\"https:\\\/\\\/www.rri.ro\\\/fr\\\/chroniques-hebdomadaires\\\/radio-tour-fr\\\/vacances-a-rasnov-id386920.html#article\",\"isPartOf\":{\"@id\":\"https:\\\/\\\/www.rri.ro\\\/fr\\\/chroniques-hebdomadaires\\\/radio-tour-fr\\\/vacances-a-rasnov-id386920.html\"},\"author\":{\"name\":\"Daniel Onea\",\"@id\":\"https:\\\/\\\/www.rri.ro\\\/#\\\/schema\\\/person\\\/fcce42c208d45f30f5b054b64bc1e0df\"},\"headline\":\"Vacances \u00e0 R\u00e2\u0219nov\",\"datePublished\":\"2021-02-04T11:15:00+00:00\",\"mainEntityOfPage\":{\"@id\":\"https:\\\/\\\/www.rri.ro\\\/fr\\\/chroniques-hebdomadaires\\\/radio-tour-fr\\\/vacances-a-rasnov-id386920.html\"},\"wordCount\":1148,\"image\":{\"@id\":\"https:\\\/\\\/www.rri.ro\\\/fr\\\/chroniques-hebdomadaires\\\/radio-tour-fr\\\/vacances-a-rasnov-id386920.html#primaryimage\"},\"thumbnailUrl\":\"https:\\\/\\\/www.rri.ro\\\/wp-content\\\/uploads\\\/2023\\\/10\\\/cetatea-rasnov-fotofbcetaterasnov.png\",\"keywords\":[\"activit\u00e9s\",\"citadelle\",\"\u00e9glises\",\"grottes\",\"Parc des dinosaures\",\"Rasnov\",\"Transylvanie\",\"vacances\",\"Voyage\"],\"articleSection\":[\"Radio Tour\"],\"inLanguage\":\"fr-FR\"},{\"@type\":\"WebPage\",\"@id\":\"https:\\\/\\\/www.rri.ro\\\/fr\\\/chroniques-hebdomadaires\\\/radio-tour-fr\\\/vacances-a-rasnov-id386920.html\",\"url\":\"https:\\\/\\\/www.rri.ro\\\/fr\\\/chroniques-hebdomadaires\\\/radio-tour-fr\\\/vacances-a-rasnov-id386920.html\",\"name\":\"Vacances \u00e0 R\u00e2\u0219nov - Radio Roumanie Internationale\",\"isPartOf\":{\"@id\":\"https:\\\/\\\/www.rri.ro\\\/#website\"},\"primaryImageOfPage\":{\"@id\":\"https:\\\/\\\/www.rri.ro\\\/fr\\\/chroniques-hebdomadaires\\\/radio-tour-fr\\\/vacances-a-rasnov-id386920.html#primaryimage\"},\"image\":{\"@id\":\"https:\\\/\\\/www.rri.ro\\\/fr\\\/chroniques-hebdomadaires\\\/radio-tour-fr\\\/vacances-a-rasnov-id386920.html#primaryimage\"},\"thumbnailUrl\":\"https:\\\/\\\/www.rri.ro\\\/wp-content\\\/uploads\\\/2023\\\/10\\\/cetatea-rasnov-fotofbcetaterasnov.png\",\"datePublished\":\"2021-02-04T11:15:00+00:00\",\"author\":{\"@id\":\"https:\\\/\\\/www.rri.ro\\\/#\\\/schema\\\/person\\\/fcce42c208d45f30f5b054b64bc1e0df\"},\"breadcrumb\":{\"@id\":\"https:\\\/\\\/www.rri.ro\\\/fr\\\/chroniques-hebdomadaires\\\/radio-tour-fr\\\/vacances-a-rasnov-id386920.html#breadcrumb\"},\"inLanguage\":\"fr-FR\",\"potentialAction\":[{\"@type\":\"ReadAction\",\"target\":[\"https:\\\/\\\/www.rri.ro\\\/fr\\\/chroniques-hebdomadaires\\\/radio-tour-fr\\\/vacances-a-rasnov-id386920.html\"]}]},{\"@type\":\"ImageObject\",\"inLanguage\":\"fr-FR\",\"@id\":\"https:\\\/\\\/www.rri.ro\\\/fr\\\/chroniques-hebdomadaires\\\/radio-tour-fr\\\/vacances-a-rasnov-id386920.html#primaryimage\",\"url\":\"https:\\\/\\\/www.rri.ro\\\/wp-content\\\/uploads\\\/2023\\\/10\\\/cetatea-rasnov-fotofbcetaterasnov.png\",\"contentUrl\":\"https:\\\/\\\/www.rri.ro\\\/wp-content\\\/uploads\\\/2023\\\/10\\\/cetatea-rasnov-fotofbcetaterasnov.png\",\"width\":640,\"height\":480},{\"@type\":\"BreadcrumbList\",\"@id\":\"https:\\\/\\\/www.rri.ro\\\/fr\\\/chroniques-hebdomadaires\\\/radio-tour-fr\\\/vacances-a-rasnov-id386920.html#breadcrumb\",\"itemListElement\":[{\"@type\":\"ListItem\",\"position\":1,\"name\":\"Page d'accueil\",\"item\":\"https:\\\/\\\/www.rri.ro\\\/fr\"},{\"@type\":\"ListItem\",\"position\":2,\"name\":\"Chroniques hebdomadaires\",\"item\":\"https:\\\/\\\/www.rri.ro\\\/fr\\\/chroniques-hebdomadaires\"},{\"@type\":\"ListItem\",\"position\":3,\"name\":\"Radio Tour\",\"item\":\"https:\\\/\\\/www.rri.ro\\\/fr\\\/chroniques-hebdomadaires\\\/radio-tour-fr\"},{\"@type\":\"ListItem\",\"position\":4,\"name\":\"Vacances \u00e0 R\u00e2\u0219nov\"}]},{\"@type\":\"WebSite\",\"@id\":\"https:\\\/\\\/www.rri.ro\\\/#website\",\"url\":\"https:\\\/\\\/www.rri.ro\\\/\",\"name\":\"Radio Roumanie Internationale\",\"description\":\"Totul despre Rom\u00e2nia \u015fi rom\u00e2ni, \u00een 13 limbi\\\/dialecte!\",\"inLanguage\":\"fr-FR\"},{\"@type\":\"Person\",\"@id\":\"https:\\\/\\\/www.rri.ro\\\/#\\\/schema\\\/person\\\/fcce42c208d45f30f5b054b64bc1e0df\",\"name\":\"Daniel Onea\",\"url\":\"https:\\\/\\\/www.rri.ro\\\/fr\\\/author\\\/daniel-onea\"}]}<\/script>\n<!-- \/ Yoast SEO plugin. -->","yoast_head_json":{"title":"Vacances \u00e0 R\u00e2\u0219nov - Radio Roumanie Internationale","robots":{"index":"index","follow":"follow","max-snippet":"max-snippet:-1","max-image-preview":"max-image-preview:large","max-video-preview":"max-video-preview:-1"},"canonical":"https:\/\/www.rri.ro\/fr\/chroniques-hebdomadaires\/radio-tour-fr\/vacances-a-rasnov-id386920.html","og_locale":"fr_FR","og_type":"article","og_title":"Vacances \u00e0 R\u00e2\u0219nov - Radio Roumanie Internationale","og_description":"En 2009, R\u00e2\u0219nov devenait la premi\u00e8re ville touristique de Roumanie promue \u00e0&#13; l&rsquo;aide de fonds europ\u00e9ens. C&rsquo;est un endroit charg\u00e9 d&rsquo;histoire, surtout que sa&#13; premi\u00e8re attestation documentaire remonte \u00e0 1331. L&#8217;embl\u00e8me de la ville, choisi&#13; au Moyen Age, c&rsquo;est la rose. Sans doute, la principale attraction touristique&#13; de R\u00e2\u0219nov est sa citadelle m\u00e9di\u00e9vale qui accueille [&hellip;]","og_url":"https:\/\/www.rri.ro\/fr\/chroniques-hebdomadaires\/radio-tour-fr\/vacances-a-rasnov-id386920.html","og_site_name":"Radio Roumanie Internationale","article_published_time":"2021-02-04T11:15:00+00:00","og_image":[{"width":640,"height":480,"url":"https:\/\/www.rri.ro\/wp-content\/uploads\/2023\/10\/cetatea-rasnov-fotofbcetaterasnov.png","type":"image\/png"}],"author":"Daniel Onea","twitter_card":"summary_large_image","twitter_misc":{"\u00c9crit par":"Daniel Onea","Dur\u00e9e de lecture estim\u00e9e":"5 minutes","Written by":"Daniel Onea"},"schema":{"@context":"https:\/\/schema.org","@graph":[{"@type":"Article","@id":"https:\/\/www.rri.ro\/fr\/chroniques-hebdomadaires\/radio-tour-fr\/vacances-a-rasnov-id386920.html#article","isPartOf":{"@id":"https:\/\/www.rri.ro\/fr\/chroniques-hebdomadaires\/radio-tour-fr\/vacances-a-rasnov-id386920.html"},"author":{"name":"Daniel Onea","@id":"https:\/\/www.rri.ro\/#\/schema\/person\/fcce42c208d45f30f5b054b64bc1e0df"},"headline":"Vacances \u00e0 R\u00e2\u0219nov","datePublished":"2021-02-04T11:15:00+00:00","mainEntityOfPage":{"@id":"https:\/\/www.rri.ro\/fr\/chroniques-hebdomadaires\/radio-tour-fr\/vacances-a-rasnov-id386920.html"},"wordCount":1148,"image":{"@id":"https:\/\/www.rri.ro\/fr\/chroniques-hebdomadaires\/radio-tour-fr\/vacances-a-rasnov-id386920.html#primaryimage"},"thumbnailUrl":"https:\/\/www.rri.ro\/wp-content\/uploads\/2023\/10\/cetatea-rasnov-fotofbcetaterasnov.png","keywords":["activit\u00e9s","citadelle","\u00e9glises","grottes","Parc des dinosaures","Rasnov","Transylvanie","vacances","Voyage"],"articleSection":["Radio Tour"],"inLanguage":"fr-FR"},{"@type":"WebPage","@id":"https:\/\/www.rri.ro\/fr\/chroniques-hebdomadaires\/radio-tour-fr\/vacances-a-rasnov-id386920.html","url":"https:\/\/www.rri.ro\/fr\/chroniques-hebdomadaires\/radio-tour-fr\/vacances-a-rasnov-id386920.html","name":"Vacances \u00e0 R\u00e2\u0219nov - Radio Roumanie Internationale","isPartOf":{"@id":"https:\/\/www.rri.ro\/#website"},"primaryImageOfPage":{"@id":"https:\/\/www.rri.ro\/fr\/chroniques-hebdomadaires\/radio-tour-fr\/vacances-a-rasnov-id386920.html#primaryimage"},"image":{"@id":"https:\/\/www.rri.ro\/fr\/chroniques-hebdomadaires\/radio-tour-fr\/vacances-a-rasnov-id386920.html#primaryimage"},"thumbnailUrl":"https:\/\/www.rri.ro\/wp-content\/uploads\/2023\/10\/cetatea-rasnov-fotofbcetaterasnov.png","datePublished":"2021-02-04T11:15:00+00:00","author":{"@id":"https:\/\/www.rri.ro\/#\/schema\/person\/fcce42c208d45f30f5b054b64bc1e0df"},"breadcrumb":{"@id":"https:\/\/www.rri.ro\/fr\/chroniques-hebdomadaires\/radio-tour-fr\/vacances-a-rasnov-id386920.html#breadcrumb"},"inLanguage":"fr-FR","potentialAction":[{"@type":"ReadAction","target":["https:\/\/www.rri.ro\/fr\/chroniques-hebdomadaires\/radio-tour-fr\/vacances-a-rasnov-id386920.html"]}]},{"@type":"ImageObject","inLanguage":"fr-FR","@id":"https:\/\/www.rri.ro\/fr\/chroniques-hebdomadaires\/radio-tour-fr\/vacances-a-rasnov-id386920.html#primaryimage","url":"https:\/\/www.rri.ro\/wp-content\/uploads\/2023\/10\/cetatea-rasnov-fotofbcetaterasnov.png","contentUrl":"https:\/\/www.rri.ro\/wp-content\/uploads\/2023\/10\/cetatea-rasnov-fotofbcetaterasnov.png","width":640,"height":480},{"@type":"BreadcrumbList","@id":"https:\/\/www.rri.ro\/fr\/chroniques-hebdomadaires\/radio-tour-fr\/vacances-a-rasnov-id386920.html#breadcrumb","itemListElement":[{"@type":"ListItem","position":1,"name":"Page d'accueil","item":"https:\/\/www.rri.ro\/fr"},{"@type":"ListItem","position":2,"name":"Chroniques hebdomadaires","item":"https:\/\/www.rri.ro\/fr\/chroniques-hebdomadaires"},{"@type":"ListItem","position":3,"name":"Radio Tour","item":"https:\/\/www.rri.ro\/fr\/chroniques-hebdomadaires\/radio-tour-fr"},{"@type":"ListItem","position":4,"name":"Vacances \u00e0 R\u00e2\u0219nov"}]},{"@type":"WebSite","@id":"https:\/\/www.rri.ro\/#website","url":"https:\/\/www.rri.ro\/","name":"Radio Roumanie Internationale","description":"Totul despre Rom\u00e2nia \u015fi rom\u00e2ni, \u00een 13 limbi\/dialecte!","inLanguage":"fr-FR"},{"@type":"Person","@id":"https:\/\/www.rri.ro\/#\/schema\/person\/fcce42c208d45f30f5b054b64bc1e0df","name":"Daniel Onea","url":"https:\/\/www.rri.ro\/fr\/author\/daniel-onea"}]}},"_links":{"self":[{"href":"https:\/\/www.rri.ro\/fr\/wp-json\/wp\/v2\/posts\/386920","targetHints":{"allow":["GET"]}}],"collection":[{"href":"https:\/\/www.rri.ro\/fr\/wp-json\/wp\/v2\/posts"}],"about":[{"href":"https:\/\/www.rri.ro\/fr\/wp-json\/wp\/v2\/types\/post"}],"author":[{"embeddable":true,"href":"https:\/\/www.rri.ro\/fr\/wp-json\/wp\/v2\/users\/128"}],"replies":[{"embeddable":true,"href":"https:\/\/www.rri.ro\/fr\/wp-json\/wp\/v2\/comments?post=386920"}],"version-history":[{"count":0,"href":"https:\/\/www.rri.ro\/fr\/wp-json\/wp\/v2\/posts\/386920\/revisions"}],"wp:featuredmedia":[{"embeddable":true,"href":"https:\/\/www.rri.ro\/fr\/wp-json\/wp\/v2\/media\/150330"}],"wp:attachment":[{"href":"https:\/\/www.rri.ro\/fr\/wp-json\/wp\/v2\/media?parent=386920"}],"wp:term":[{"taxonomy":"category","embeddable":true,"href":"https:\/\/www.rri.ro\/fr\/wp-json\/wp\/v2\/categories?post=386920"},{"taxonomy":"post_tag","embeddable":true,"href":"https:\/\/www.rri.ro\/fr\/wp-json\/wp\/v2\/tags?post=386920"},{"taxonomy":"author","embeddable":true,"href":"https:\/\/www.rri.ro\/fr\/wp-json\/wp\/v2\/coauthors?post=386920"}],"curies":[{"name":"wp","href":"https:\/\/api.w.org\/{rel}","templated":true}]}}