{"id":386955,"date":"2021-09-16T19:33:00","date_gmt":"2021-09-16T16:33:00","guid":{"rendered":"http:\/\/devrri.freshlemon.ro\/le-roumain-mot-a-mot\/consulter-les-lecons\/invitation-au-voyage-dans-le-comte-de-gorj-id386955.html"},"modified":"2021-09-16T19:33:00","modified_gmt":"2021-09-16T16:33:00","slug":"invitation-au-voyage-dans-le-comte-de-gorj","status":"publish","type":"post","link":"https:\/\/www.rri.ro\/fr\/chroniques-hebdomadaires\/radio-tour-fr\/invitation-au-voyage-dans-le-comte-de-gorj-id386955.html","title":{"rendered":"Invitation au voyage dans le comt\u00e9 de Gorj"},"content":{"rendered":"<p>Qui plus est, le calendrier riche des \u00e9v\u00e9nements qui s&rsquo;y d\u00e9roulent ne fait que compl\u00e9ter l&rsquo;offre touristique de cette r\u00e9gion. Oana Palo\u0219, porte-parole du Conseil d\u00e9partemental de Gorj, explique que malgr\u00e9 sa superficie assez restreinte, l&rsquo;offre touristique de la r\u00e9gion est \u00e0 la fois vari\u00e9e et&#8230; intense. <em class=cms-italic>\u00ab Le touriste ne devrait pas perdre trop de temps pour arriver d&rsquo;un point d&rsquo;int\u00e9r\u00eat \u00e0 un autre, vu que les distances ne sont pas trop longues. Hormis les quelques sites archiconnus, tels les \u0153uvres du c\u00e9l\u00e8bre sculpteur roumain Constantin Brancusi \u00e0 T\u00e2rgu Jiu, le monast\u00e8re de Tismana et la station alpine de R\u00e2nca sur la route appel\u00e9e Transalpina, les contr\u00e9es se trouvant sur les rives du Haut Jiu, aux pieds des Monts Par\u00e2ng et Vulcan, proposent aux visiteurs une multitude de nouveaux endroits \u00e0 d\u00e9couvrir et d&rsquo;exp\u00e9riences \u00e0 conna\u00eetre, \u00e0 commencer par les sites touristiques et jusqu&rsquo;aux activit\u00e9s en plein air. Tout ce qu&rsquo;il faut faire, une fois arriv\u00e9 au comt\u00e9 de Gorj, c&rsquo;est de trouver la d\u00e9tente, de se laisser envelopper par l&rsquo;atmosph\u00e8re des parages et de recharger ses batteries avec l&rsquo;\u00e9nergie de l&rsquo;endroit, parfois vibrante, parfois chaleureuse et m\u00eame provinciale. Voici les principaux rep\u00e8res d&rsquo;un s\u00e9jour inoubliable \u00bb<\/em>. <\/p>\n<p><\/p>\n<p>Le d\u00e9partement de Gorj est donc une destination pour tous puisqu&rsquo;il existe des offres pour toute famille et tout budget. Oana Palo\u015f, porte-parole du Conseil d\u00e9partemental de Gorj : <em class=cms-italic>\u00ab Si vous \u00eates \u00e0 la recherche de vacances \u00e0 la campagne, domin\u00e9es par la d\u00e9tente et les plats traditionnels faits maison, vous pouvez choisir un des nombreux g\u00eetes sis aux pieds des montagnes \u00e0 Polovragi, Baia de Fier et Musetesti, soit sur la route qui m\u00e8ne \u00e0 V\u00e2lcea et Bucarest. C&rsquo;est de l\u00e0 que l&rsquo;on descend vers le c\u0153ur du d\u00e9partement, \u00e9galement une r\u00e9gion de montagne, vers les localit\u00e9s de Runcu, Cheile Sohodorului, Pestisani. On peut recharger ses batteries au sein de la famille, respirer l&rsquo;air pur et manger sain avant de faire des randonn\u00e9es sauvages. Evidemment, il faut suivre les conseils des sauveteurs alpins de Gorj pour se renseigner au sujet des itin\u00e9raires balis\u00e9s. Ce sont autant d&rsquo;activit\u00e9s \u00e0 faire le long de l&rsquo;ann\u00e9e, en hiver comme en \u00e9t\u00e9. C&rsquo;est un aspect que j&rsquo;aimerais souligner, puisqu&rsquo;ici \u00e0 Gorj notre devise est \u00ab le tourisme en toute s\u00e9curit\u00e9 vous offre les meilleures vacances \u00bb<\/em>. <\/p>\n<p><\/p>\n<p>Nous sommes facilement joignables sur les r\u00e9seaux sociaux, o\u00f9 nous sommes d&rsquo;ailleurs tr\u00e8s actifs. Cherchez Salvamont Gorj et Consiliul Judetean Gorj. \u00bb Mais si vous \u00eates \u00e0 la recherche de vacances pleines d&rsquo;in\u00e9dit, sans limite d&rsquo;\u00e2ge, sans pr\u00e9paration physique ni d&rsquo;autres connaissances, alors le comt\u00e9 de Gorj peut s&rsquo;av\u00e9rer une destination \u00e0 ne pas ignorer, o\u00f9 vous attendent des guides sp\u00e9cialis\u00e9s et des exp\u00e9riences inoubliables. Dans les massifs de V\u00e2lcan, Mehedin\u0163i et Godeanu \u00e0 des altitudes allant jusqu&rsquo;\u00e0 2 500 m on peut faire des ascensions \u00e0 pied, du ski hors-piste et des randonn\u00e9es aux raquettes \u00e0 neige. Des escalades sur les cascades gel\u00e9es sont \u00e9galement organis\u00e9es en hiver dans la r\u00e9gion de montagne du comt\u00e9 de Gorj. Oana Palo\u0219 : <em class=cms-italic> \u00ab Je mentionnerais aussi pour les passionn\u00e9s d&rsquo;adr\u00e9naline que le tourisme d&rsquo;aventure est chez lui dans le comt\u00e9 de Gorj. C\u00f4t\u00e9 sport automobile, une \u00e9preuve de vitesse sur trajet de montagne a lieu \u00e0 R\u00e2nca, o\u00f9 il y a aussi une comp\u00e9tition d&rsquo;off-road \u00e0 Runcu, une offre riche donc pour les passionn\u00e9s des quatre roues. A Polovragi, vous pouvez vous relaxer sur des hamacs install\u00e9s \u00e0 200 m d&rsquo;altitude. Vous aurez \u00e9galement la possibilit\u00e9 de parcourir des itin\u00e9raires \u00e0 v\u00e9lo jusqu&rsquo;aux cimes des montagnes, entour\u00e9s par des nuages sur la route la plus haute de Roumanie : la Transalpina. Ou bien vous pouvez explorer des grottes profondes, immenses afin d&rsquo;\u00e9prouver des sensations intenses et uniques. \u00bb<\/em> <\/p>\n<p><\/p>\n<p>Au cours d&rsquo;un s\u00e9jour dans le d\u00e9partement de Gorj, vous pouvez \u00e9galement visiter une s\u00e9rie de monast\u00e8res orthodoxes, dont certains ont \u00e9t\u00e9 \u00e9rig\u00e9s il y a plusieurs centaines d&rsquo;ann\u00e9es. Le monast\u00e8re de Polovragi est situ\u00e9 dans l&rsquo;est du d\u00e9partement de Gorj et sa construction d\u00e9marr\u00e9e en 1505 a \u00e9t\u00e9 achev\u00e9e dans les ann\u00e9es 1699 &#8211; 1700, durant le r\u00e8gne du prince Constantin Brancovan. Mentionnons aussi le monast\u00e8re de Tismana, dont la construction a d\u00e9marr\u00e9 au 14e si\u00e8cle, avec une \u00e9glise int\u00e9rieure entour\u00e9e de hautes murailles. Ce qui est sp\u00e9cifique \u00e0 ce monast\u00e8re, c&rsquo;est la couleur de base des murs, pr\u00e9par\u00e9e d&rsquo;apr\u00e8s une recette inconnue de nos jours, mais appel\u00e9e \u00ab rouge de Tismana \u00bb. Nous poursuivons notre p\u00e9riple en compagnie d&rsquo;Oana Palo\u015f, porte-parole du Conseil d\u00e9partemental de Gorj :  <em class=cms-italic> \u00ab Les touristes devraient absolument prendre leurs appareils-photo, car les paysages sont absolument fabuleux. Surtout en automne, lorsque les for\u00eats donnent un v\u00e9ritable spectacle. C&rsquo;est une explosion de couleurs rouge\u00e2tres qui collent aux \u00e2mes des voyageurs. A ne pas rater non plus les parcs d&rsquo;aventure de R\u00e2nca, Musetesti, Dragutesti, con\u00e7us pour divertir enfants et adultes \u00e0 la fois. A Pe\u0219ti\u0219ani il est possible de pratiquer le minigolf, alors qu&rsquo;\u00e0 R\u00e2nca et Runcu, vous pouvez louer des quads pour des incursions motoris\u00e9s. \u00bb<\/em>    <\/p>\n<p><\/p>\n<p>C\u00f4t\u00e9 h\u00e9bergement, les h\u00f4tels de trois et quatre \u00e9toiles proposent des services de qualit\u00e9, affirme Oana Palo\u015f. <em class=cms-italic>\u00ab A ne pas rater non plus l&rsquo;atmosph\u00e8re urbaine estivale et hivernale \u00e0 T\u00e2rgu Jiu, qui accueille souvent des festivals nationaux de musique, de th\u00e9\u00e2tre et de litt\u00e9rature. Parmi eux, un festival de folk important qui se d\u00e9roule annuellement et que nous avons r\u00e9ussi \u00e0 organiser m\u00eame dans les conditions strictes de pand\u00e9mie, impos\u00e9es cet \u00e9t\u00e9 aussi. Pour les touristes qui souhaitent exp\u00e9rimenter quelque chose d&rsquo;in\u00e9dit, il y a toute une s\u00e9rie d&rsquo;offres de haut niveau, de type \u00ab glamping \u00bb. C&rsquo;est un concept nouveau d&rsquo;h\u00e9bergement dans des conditions de luxe mais dans des tentes, devant des paysages merveilleux, au c\u0153ur de la nature. S&rsquo;y ajoute l&rsquo;offre des mini-villages de vacances et leurs cabanes en bois rustiques \u00e0 100 %. On peut y observer ainsi les traditions et le patrimoine culinaire, soigneusement pr\u00e9serv\u00e9s d&rsquo;une g\u00e9n\u00e9ration \u00e0 l&rsquo;autre. Il s&rsquo;agit en fait d&rsquo;affaires de famille qui nous aident \u00e0 passer les f\u00eates d&rsquo;hiver \u00e0 la roumaine. Cette r\u00e9gion pr\u00e9serve des traditions ancestrales telles les \u00ab pi\u021b\u0103r\u0103i \u00bb, pr\u00e9sents dans quelques r\u00e9gions roumaines seulement. Il s&rsquo;agit de groupes d&rsquo;enfants et d&rsquo;adultes qui font du porte \u00e0 porte pour recevoir en \u00e9change des fruits secs et des noix. Toute la communaut\u00e9 connait ainsi l&rsquo;atmosph\u00e8re de No\u00ebl et du passage au Nouvel An. Personne n&rsquo;est seul durant les f\u00eates d&rsquo;hiver. C\u00f4t\u00e9 infrastructure touristique, les investissements connaissent une dynamique importante, et les capacit\u00e9s ne font que progresser. \u00bb<\/em> <\/p>\n<p><\/p>\n<p>A ne pas oublier non plus, le d\u00e9partement de Gorj est \u00e9galement la r\u00e9gion natale du c\u00e9l\u00e8bre sculpteur roumain Constantin Brancusi, celui qui a fortement influenc\u00e9 l&rsquo;art moderne et dont les \u0153uvres sont mondialement connues. Plusieurs \u0153uvres monumentles portant la signature de Constantin Brancusi se trouvent \u00e0 T\u00e2rgu Jiu dont la Colonne sans fin, la Porte du baiser et la Table du Silence. Ces \u0153uvres sont \u00e0 retrouver dans le cadre de l&rsquo;ensemble sculptural appel\u00e9 \u00ab La Voie des h\u00e9ros \u00bb. <\/p>\n","protected":false},"excerpt":{"rendered":"<p>Qui plus est, le calendrier riche des \u00e9v\u00e9nements qui s&rsquo;y d\u00e9roulent ne fait que compl\u00e9ter l&rsquo;offre touristique de cette r\u00e9gion. Oana Palo\u0219, porte-parole du Conseil d\u00e9partemental de Gorj, explique que malgr\u00e9 sa superficie assez restreinte, l&rsquo;offre touristique de la r\u00e9gion est \u00e0 la fois vari\u00e9e et&#8230; intense. \u00ab Le touriste ne devrait pas perdre trop [&hellip;]<\/p>\n","protected":false},"author":128,"featured_media":150533,"comment_status":"closed","ping_status":"closed","sticky":false,"template":"","format":"standard","meta":{"_acf_changed":false,"footnotes":""},"categories":[86826],"tags":[87541,150440,151718,85857,151716,86216,151717,144399],"coauthors":[],"class_list":["post-386955","post","type-post","status-publish","format-standard","has-post-thumbnail","hentry","category-radio-tour-fr","tag-aventure","tag-brancusi-fr","tag-gorj-fr","tag-patrimoine","tag-ranca-fr","tag-tourisme","tag-transalpina-fr","tag-voyage-fr"],"acf":[],"yoast_head":"<!-- This site is optimized with the Yoast SEO plugin v27.5 - https:\/\/yoast.com\/product\/yoast-seo-wordpress\/ -->\n<title>Invitation au voyage dans le comt\u00e9 de Gorj - Radio Roumanie Internationale<\/title>\n<meta name=\"robots\" content=\"index, follow, max-snippet:-1, max-image-preview:large, max-video-preview:-1\" \/>\n<link rel=\"canonical\" href=\"https:\/\/www.rri.ro\/fr\/chroniques-hebdomadaires\/radio-tour-fr\/invitation-au-voyage-dans-le-comte-de-gorj-id386955.html\" \/>\n<meta property=\"og:locale\" content=\"fr_FR\" \/>\n<meta property=\"og:type\" content=\"article\" \/>\n<meta property=\"og:title\" content=\"Invitation au voyage dans le comt\u00e9 de Gorj - Radio Roumanie Internationale\" \/>\n<meta property=\"og:description\" content=\"Qui plus est, le calendrier riche des \u00e9v\u00e9nements qui s&rsquo;y d\u00e9roulent ne fait que compl\u00e9ter l&rsquo;offre touristique de cette r\u00e9gion. Oana Palo\u0219, porte-parole du Conseil d\u00e9partemental de Gorj, explique que malgr\u00e9 sa superficie assez restreinte, l&rsquo;offre touristique de la r\u00e9gion est \u00e0 la fois vari\u00e9e et&#8230; intense. \u00ab Le touriste ne devrait pas perdre trop [&hellip;]\" \/>\n<meta property=\"og:url\" content=\"https:\/\/www.rri.ro\/fr\/chroniques-hebdomadaires\/radio-tour-fr\/invitation-au-voyage-dans-le-comte-de-gorj-id386955.html\" \/>\n<meta property=\"og:site_name\" content=\"Radio Roumanie Internationale\" \/>\n<meta property=\"article:published_time\" content=\"2021-09-16T16:33:00+00:00\" \/>\n<meta property=\"og:image\" content=\"https:\/\/www.rri.ro\/wp-content\/uploads\/2023\/10\/transalpina-daniel-onea.png\" \/>\n\t<meta property=\"og:image:width\" content=\"640\" \/>\n\t<meta property=\"og:image:height\" content=\"480\" \/>\n\t<meta property=\"og:image:type\" content=\"image\/png\" \/>\n<meta name=\"author\" content=\"Daniel Onea\" \/>\n<meta name=\"twitter:card\" content=\"summary_large_image\" \/>\n<meta name=\"twitter:label1\" content=\"\u00c9crit par\" \/>\n\t<meta name=\"twitter:data1\" content=\"Daniel Onea\" \/>\n\t<meta name=\"twitter:label2\" content=\"Dur\u00e9e de lecture estim\u00e9e\" \/>\n\t<meta name=\"twitter:data2\" content=\"6 minutes\" \/>\n\t<meta name=\"twitter:label3\" content=\"Written by\" \/>\n\t<meta name=\"twitter:data3\" content=\"Daniel Onea\" \/>\n<script type=\"application\/ld+json\" class=\"yoast-schema-graph\">{\"@context\":\"https:\\\/\\\/schema.org\",\"@graph\":[{\"@type\":\"Article\",\"@id\":\"https:\\\/\\\/www.rri.ro\\\/fr\\\/chroniques-hebdomadaires\\\/radio-tour-fr\\\/invitation-au-voyage-dans-le-comte-de-gorj-id386955.html#article\",\"isPartOf\":{\"@id\":\"https:\\\/\\\/www.rri.ro\\\/fr\\\/chroniques-hebdomadaires\\\/radio-tour-fr\\\/invitation-au-voyage-dans-le-comte-de-gorj-id386955.html\"},\"author\":{\"name\":\"Daniel Onea\",\"@id\":\"https:\\\/\\\/www.rri.ro\\\/#\\\/schema\\\/person\\\/fcce42c208d45f30f5b054b64bc1e0df\"},\"headline\":\"Invitation au voyage dans le comt\u00e9 de Gorj\",\"datePublished\":\"2021-09-16T16:33:00+00:00\",\"mainEntityOfPage\":{\"@id\":\"https:\\\/\\\/www.rri.ro\\\/fr\\\/chroniques-hebdomadaires\\\/radio-tour-fr\\\/invitation-au-voyage-dans-le-comte-de-gorj-id386955.html\"},\"wordCount\":1307,\"image\":{\"@id\":\"https:\\\/\\\/www.rri.ro\\\/fr\\\/chroniques-hebdomadaires\\\/radio-tour-fr\\\/invitation-au-voyage-dans-le-comte-de-gorj-id386955.html#primaryimage\"},\"thumbnailUrl\":\"https:\\\/\\\/www.rri.ro\\\/wp-content\\\/uploads\\\/2023\\\/10\\\/transalpina-daniel-onea.png\",\"keywords\":[\"aventure\",\"Brancusi\",\"Gorj\",\"patrimoine\",\"Ranca\",\"tourisme\",\"Transalpina\",\"Voyage\"],\"articleSection\":[\"Radio Tour\"],\"inLanguage\":\"fr-FR\"},{\"@type\":\"WebPage\",\"@id\":\"https:\\\/\\\/www.rri.ro\\\/fr\\\/chroniques-hebdomadaires\\\/radio-tour-fr\\\/invitation-au-voyage-dans-le-comte-de-gorj-id386955.html\",\"url\":\"https:\\\/\\\/www.rri.ro\\\/fr\\\/chroniques-hebdomadaires\\\/radio-tour-fr\\\/invitation-au-voyage-dans-le-comte-de-gorj-id386955.html\",\"name\":\"Invitation au voyage dans le comt\u00e9 de Gorj - Radio Roumanie Internationale\",\"isPartOf\":{\"@id\":\"https:\\\/\\\/www.rri.ro\\\/#website\"},\"primaryImageOfPage\":{\"@id\":\"https:\\\/\\\/www.rri.ro\\\/fr\\\/chroniques-hebdomadaires\\\/radio-tour-fr\\\/invitation-au-voyage-dans-le-comte-de-gorj-id386955.html#primaryimage\"},\"image\":{\"@id\":\"https:\\\/\\\/www.rri.ro\\\/fr\\\/chroniques-hebdomadaires\\\/radio-tour-fr\\\/invitation-au-voyage-dans-le-comte-de-gorj-id386955.html#primaryimage\"},\"thumbnailUrl\":\"https:\\\/\\\/www.rri.ro\\\/wp-content\\\/uploads\\\/2023\\\/10\\\/transalpina-daniel-onea.png\",\"datePublished\":\"2021-09-16T16:33:00+00:00\",\"author\":{\"@id\":\"https:\\\/\\\/www.rri.ro\\\/#\\\/schema\\\/person\\\/fcce42c208d45f30f5b054b64bc1e0df\"},\"breadcrumb\":{\"@id\":\"https:\\\/\\\/www.rri.ro\\\/fr\\\/chroniques-hebdomadaires\\\/radio-tour-fr\\\/invitation-au-voyage-dans-le-comte-de-gorj-id386955.html#breadcrumb\"},\"inLanguage\":\"fr-FR\",\"potentialAction\":[{\"@type\":\"ReadAction\",\"target\":[\"https:\\\/\\\/www.rri.ro\\\/fr\\\/chroniques-hebdomadaires\\\/radio-tour-fr\\\/invitation-au-voyage-dans-le-comte-de-gorj-id386955.html\"]}]},{\"@type\":\"ImageObject\",\"inLanguage\":\"fr-FR\",\"@id\":\"https:\\\/\\\/www.rri.ro\\\/fr\\\/chroniques-hebdomadaires\\\/radio-tour-fr\\\/invitation-au-voyage-dans-le-comte-de-gorj-id386955.html#primaryimage\",\"url\":\"https:\\\/\\\/www.rri.ro\\\/wp-content\\\/uploads\\\/2023\\\/10\\\/transalpina-daniel-onea.png\",\"contentUrl\":\"https:\\\/\\\/www.rri.ro\\\/wp-content\\\/uploads\\\/2023\\\/10\\\/transalpina-daniel-onea.png\",\"width\":640,\"height\":480},{\"@type\":\"BreadcrumbList\",\"@id\":\"https:\\\/\\\/www.rri.ro\\\/fr\\\/chroniques-hebdomadaires\\\/radio-tour-fr\\\/invitation-au-voyage-dans-le-comte-de-gorj-id386955.html#breadcrumb\",\"itemListElement\":[{\"@type\":\"ListItem\",\"position\":1,\"name\":\"Page d'accueil\",\"item\":\"https:\\\/\\\/www.rri.ro\\\/fr\"},{\"@type\":\"ListItem\",\"position\":2,\"name\":\"Chroniques hebdomadaires\",\"item\":\"https:\\\/\\\/www.rri.ro\\\/fr\\\/chroniques-hebdomadaires\"},{\"@type\":\"ListItem\",\"position\":3,\"name\":\"Radio Tour\",\"item\":\"https:\\\/\\\/www.rri.ro\\\/fr\\\/chroniques-hebdomadaires\\\/radio-tour-fr\"},{\"@type\":\"ListItem\",\"position\":4,\"name\":\"Invitation au voyage dans le comt\u00e9 de Gorj\"}]},{\"@type\":\"WebSite\",\"@id\":\"https:\\\/\\\/www.rri.ro\\\/#website\",\"url\":\"https:\\\/\\\/www.rri.ro\\\/\",\"name\":\"Radio Roumanie Internationale\",\"description\":\"Totul despre Rom\u00e2nia \u015fi rom\u00e2ni, \u00een 13 limbi\\\/dialecte!\",\"inLanguage\":\"fr-FR\"},{\"@type\":\"Person\",\"@id\":\"https:\\\/\\\/www.rri.ro\\\/#\\\/schema\\\/person\\\/fcce42c208d45f30f5b054b64bc1e0df\",\"name\":\"Daniel Onea\",\"url\":\"https:\\\/\\\/www.rri.ro\\\/fr\\\/author\\\/daniel-onea\"}]}<\/script>\n<!-- \/ Yoast SEO plugin. -->","yoast_head_json":{"title":"Invitation au voyage dans le comt\u00e9 de Gorj - Radio Roumanie Internationale","robots":{"index":"index","follow":"follow","max-snippet":"max-snippet:-1","max-image-preview":"max-image-preview:large","max-video-preview":"max-video-preview:-1"},"canonical":"https:\/\/www.rri.ro\/fr\/chroniques-hebdomadaires\/radio-tour-fr\/invitation-au-voyage-dans-le-comte-de-gorj-id386955.html","og_locale":"fr_FR","og_type":"article","og_title":"Invitation au voyage dans le comt\u00e9 de Gorj - Radio Roumanie Internationale","og_description":"Qui plus est, le calendrier riche des \u00e9v\u00e9nements qui s&rsquo;y d\u00e9roulent ne fait que compl\u00e9ter l&rsquo;offre touristique de cette r\u00e9gion. Oana Palo\u0219, porte-parole du Conseil d\u00e9partemental de Gorj, explique que malgr\u00e9 sa superficie assez restreinte, l&rsquo;offre touristique de la r\u00e9gion est \u00e0 la fois vari\u00e9e et&#8230; intense. \u00ab Le touriste ne devrait pas perdre trop [&hellip;]","og_url":"https:\/\/www.rri.ro\/fr\/chroniques-hebdomadaires\/radio-tour-fr\/invitation-au-voyage-dans-le-comte-de-gorj-id386955.html","og_site_name":"Radio Roumanie Internationale","article_published_time":"2021-09-16T16:33:00+00:00","og_image":[{"width":640,"height":480,"url":"https:\/\/www.rri.ro\/wp-content\/uploads\/2023\/10\/transalpina-daniel-onea.png","type":"image\/png"}],"author":"Daniel Onea","twitter_card":"summary_large_image","twitter_misc":{"\u00c9crit par":"Daniel Onea","Dur\u00e9e de lecture estim\u00e9e":"6 minutes","Written by":"Daniel Onea"},"schema":{"@context":"https:\/\/schema.org","@graph":[{"@type":"Article","@id":"https:\/\/www.rri.ro\/fr\/chroniques-hebdomadaires\/radio-tour-fr\/invitation-au-voyage-dans-le-comte-de-gorj-id386955.html#article","isPartOf":{"@id":"https:\/\/www.rri.ro\/fr\/chroniques-hebdomadaires\/radio-tour-fr\/invitation-au-voyage-dans-le-comte-de-gorj-id386955.html"},"author":{"name":"Daniel Onea","@id":"https:\/\/www.rri.ro\/#\/schema\/person\/fcce42c208d45f30f5b054b64bc1e0df"},"headline":"Invitation au voyage dans le comt\u00e9 de Gorj","datePublished":"2021-09-16T16:33:00+00:00","mainEntityOfPage":{"@id":"https:\/\/www.rri.ro\/fr\/chroniques-hebdomadaires\/radio-tour-fr\/invitation-au-voyage-dans-le-comte-de-gorj-id386955.html"},"wordCount":1307,"image":{"@id":"https:\/\/www.rri.ro\/fr\/chroniques-hebdomadaires\/radio-tour-fr\/invitation-au-voyage-dans-le-comte-de-gorj-id386955.html#primaryimage"},"thumbnailUrl":"https:\/\/www.rri.ro\/wp-content\/uploads\/2023\/10\/transalpina-daniel-onea.png","keywords":["aventure","Brancusi","Gorj","patrimoine","Ranca","tourisme","Transalpina","Voyage"],"articleSection":["Radio Tour"],"inLanguage":"fr-FR"},{"@type":"WebPage","@id":"https:\/\/www.rri.ro\/fr\/chroniques-hebdomadaires\/radio-tour-fr\/invitation-au-voyage-dans-le-comte-de-gorj-id386955.html","url":"https:\/\/www.rri.ro\/fr\/chroniques-hebdomadaires\/radio-tour-fr\/invitation-au-voyage-dans-le-comte-de-gorj-id386955.html","name":"Invitation au voyage dans le comt\u00e9 de Gorj - Radio Roumanie Internationale","isPartOf":{"@id":"https:\/\/www.rri.ro\/#website"},"primaryImageOfPage":{"@id":"https:\/\/www.rri.ro\/fr\/chroniques-hebdomadaires\/radio-tour-fr\/invitation-au-voyage-dans-le-comte-de-gorj-id386955.html#primaryimage"},"image":{"@id":"https:\/\/www.rri.ro\/fr\/chroniques-hebdomadaires\/radio-tour-fr\/invitation-au-voyage-dans-le-comte-de-gorj-id386955.html#primaryimage"},"thumbnailUrl":"https:\/\/www.rri.ro\/wp-content\/uploads\/2023\/10\/transalpina-daniel-onea.png","datePublished":"2021-09-16T16:33:00+00:00","author":{"@id":"https:\/\/www.rri.ro\/#\/schema\/person\/fcce42c208d45f30f5b054b64bc1e0df"},"breadcrumb":{"@id":"https:\/\/www.rri.ro\/fr\/chroniques-hebdomadaires\/radio-tour-fr\/invitation-au-voyage-dans-le-comte-de-gorj-id386955.html#breadcrumb"},"inLanguage":"fr-FR","potentialAction":[{"@type":"ReadAction","target":["https:\/\/www.rri.ro\/fr\/chroniques-hebdomadaires\/radio-tour-fr\/invitation-au-voyage-dans-le-comte-de-gorj-id386955.html"]}]},{"@type":"ImageObject","inLanguage":"fr-FR","@id":"https:\/\/www.rri.ro\/fr\/chroniques-hebdomadaires\/radio-tour-fr\/invitation-au-voyage-dans-le-comte-de-gorj-id386955.html#primaryimage","url":"https:\/\/www.rri.ro\/wp-content\/uploads\/2023\/10\/transalpina-daniel-onea.png","contentUrl":"https:\/\/www.rri.ro\/wp-content\/uploads\/2023\/10\/transalpina-daniel-onea.png","width":640,"height":480},{"@type":"BreadcrumbList","@id":"https:\/\/www.rri.ro\/fr\/chroniques-hebdomadaires\/radio-tour-fr\/invitation-au-voyage-dans-le-comte-de-gorj-id386955.html#breadcrumb","itemListElement":[{"@type":"ListItem","position":1,"name":"Page d'accueil","item":"https:\/\/www.rri.ro\/fr"},{"@type":"ListItem","position":2,"name":"Chroniques hebdomadaires","item":"https:\/\/www.rri.ro\/fr\/chroniques-hebdomadaires"},{"@type":"ListItem","position":3,"name":"Radio Tour","item":"https:\/\/www.rri.ro\/fr\/chroniques-hebdomadaires\/radio-tour-fr"},{"@type":"ListItem","position":4,"name":"Invitation au voyage dans le comt\u00e9 de Gorj"}]},{"@type":"WebSite","@id":"https:\/\/www.rri.ro\/#website","url":"https:\/\/www.rri.ro\/","name":"Radio Roumanie Internationale","description":"Totul despre Rom\u00e2nia \u015fi rom\u00e2ni, \u00een 13 limbi\/dialecte!","inLanguage":"fr-FR"},{"@type":"Person","@id":"https:\/\/www.rri.ro\/#\/schema\/person\/fcce42c208d45f30f5b054b64bc1e0df","name":"Daniel Onea","url":"https:\/\/www.rri.ro\/fr\/author\/daniel-onea"}]}},"_links":{"self":[{"href":"https:\/\/www.rri.ro\/fr\/wp-json\/wp\/v2\/posts\/386955","targetHints":{"allow":["GET"]}}],"collection":[{"href":"https:\/\/www.rri.ro\/fr\/wp-json\/wp\/v2\/posts"}],"about":[{"href":"https:\/\/www.rri.ro\/fr\/wp-json\/wp\/v2\/types\/post"}],"author":[{"embeddable":true,"href":"https:\/\/www.rri.ro\/fr\/wp-json\/wp\/v2\/users\/128"}],"replies":[{"embeddable":true,"href":"https:\/\/www.rri.ro\/fr\/wp-json\/wp\/v2\/comments?post=386955"}],"version-history":[{"count":0,"href":"https:\/\/www.rri.ro\/fr\/wp-json\/wp\/v2\/posts\/386955\/revisions"}],"wp:featuredmedia":[{"embeddable":true,"href":"https:\/\/www.rri.ro\/fr\/wp-json\/wp\/v2\/media\/150533"}],"wp:attachment":[{"href":"https:\/\/www.rri.ro\/fr\/wp-json\/wp\/v2\/media?parent=386955"}],"wp:term":[{"taxonomy":"category","embeddable":true,"href":"https:\/\/www.rri.ro\/fr\/wp-json\/wp\/v2\/categories?post=386955"},{"taxonomy":"post_tag","embeddable":true,"href":"https:\/\/www.rri.ro\/fr\/wp-json\/wp\/v2\/tags?post=386955"},{"taxonomy":"author","embeddable":true,"href":"https:\/\/www.rri.ro\/fr\/wp-json\/wp\/v2\/coauthors?post=386955"}],"curies":[{"name":"wp","href":"https:\/\/api.w.org\/{rel}","templated":true}]}}