{"id":386992,"date":"2022-03-17T13:19:00","date_gmt":"2022-03-17T11:19:00","guid":{"rendered":"http:\/\/devrri.freshlemon.ro\/le-roumain-mot-a-mot\/consulter-les-lecons\/le-parc-national-de-calimani-id386992.html"},"modified":"2022-03-17T13:19:00","modified_gmt":"2022-03-17T11:19:00","slug":"le-parc-national-de-calimani","status":"publish","type":"post","link":"https:\/\/www.rri.ro\/fr\/chroniques-hebdomadaires\/radio-tour-fr\/le-parc-national-de-calimani-id386992.html","title":{"rendered":"Le Parc national de C\u0103limani"},"content":{"rendered":"<p><p>Nous&#13;<br \/>\nnous rendons aujourd&rsquo;hui dans le nord de la Roumanie, dans le Parc national de&#13;<br \/>\nC\u0103limani. Un endroit qui a beaucoup \u00e0 offrir aux touristes. L&rsquo;hiver, il est&#13;<br \/>\npossible d&rsquo;y faire du ski de fond, et l&rsquo;\u00e9t\u00e9 de se promener pour observer la&#13;<br \/>\nfaune locale. R\u00e9cemment, l&rsquo;administration du Parc a aussi inaugur\u00e9 son centre&#13;<br \/>\nde visite, un lieu moderne et ludique o\u00f9 sont organis\u00e9es des expositions, et&#13;<br \/>\nqui met en avant les atouts de la r\u00e9gion. On y trouve aussi de l&rsquo;artisanat&#13;<br \/>\nlocal. Vous pouvez \u00e9galement participer \u00e0 une excursion th\u00e9matique de deux&#13;<br \/>\nheures afin de d\u00e9couvrir le myst\u00e9rieux (lac oligotrophe) Tinov de \u0218aru Dornei. Liviu&#13;<br \/>\nHu\u021banu est responsable des activit\u00e9s touristiques au sein du Parc. Il a accept\u00e9&#13;<br \/>\nd&rsquo;\u00eatre notre guide pour aujourd&rsquo;hui :<\/p>\n<p><\/p>\n<p>&#13;<br \/>\n&#13;<br \/>\n&#13;<br \/>\n&#13;<\/p>\n<p><em class=cms-italic>\u00ab Le&#13;<br \/>\nParc est une zone prot\u00e9g\u00e9e des Monts C\u0103limani. Elle englobe le tiers sup\u00e9rieur&#13;<br \/>\ndes montagnes de ce massif. Il s&rsquo;agit d&rsquo;une aire prot\u00e9g\u00e9e depuis 2000.&#13;<br \/>\nL&rsquo;objectif est de sauvegarder la flore et la faune locales ainsi que l&rsquo;habitat&#13;<br \/>\ndes animaux. En parall\u00e8le de cette activit\u00e9 de protection, nous essayons de&#13;<br \/>\nd\u00e9velopper le tourisme durable ou l&rsquo;\u00e9cotourisme comme on dit aujourd&rsquo;hui. Il&#13;<br \/>\nserait injuste de ne pas donner acc\u00e8s \u00e0 toute cette splendide nature ! Le&#13;<br \/>\nr\u00f4le des parcs nationaux comme le n\u00f4tre est d&rsquo;une part de la prot\u00e9ger, et&#13;<br \/>\nd&rsquo;autre part d&rsquo;encourager le tourisme dans les r\u00e9gions concern\u00e9es, en faisant&#13;<br \/>\nen sorte que ces deux d\u00e9marches restent compatibles. \u00bb<\/em><\/p>\n<p><\/p>\n<p>&#13;<br \/>\n&#13;<br \/>\n&#13;<br \/>\n&#13;<\/p>\n<p>Le ski de&#13;<br \/>\nfond peut vous offrir une exp\u00e9rience inoubliable. Accompagn\u00e9s d&rsquo;un guide&#13;<br \/>\nsp\u00e9cialis\u00e9 dans l&rsquo;observation et l&rsquo;interpr\u00e9tation de la nature, vous aurez&#13;<br \/>\npeut-\u00eatre la chance de suivre les traces d&rsquo;animaux sauvages ou encore de&#13;<br \/>\nd\u00e9couvrir la vie myst\u00e9rieuse de la for\u00eat. Entre les mois de d\u00e9cembre et de mai,&#13;<br \/>\nl&rsquo;itin\u00e9raire propos\u00e9 aux visiteurs est choisi en fonction de la saison et de la&#13;<br \/>\nm\u00e9t\u00e9o. Certaines randonn\u00e9es peuvent durer jusqu&rsquo;\u00e0 sept heures, et comprennent un&#13;<br \/>\nmoment de repos et une pause d\u00e9jeuner avec de la nourriture traditionnelle.&#13;<br \/>\nL&rsquo;inscription est \u00e0 partir de 120 lei (environ 25 euros), mais le prix peut&#13;<br \/>\nvarier en fonction du nombre de participants. Liviu Hu\u021banu nous en dit&#13;<br \/>\nplus :<\/p>\n<p><\/p>\n<p>&#13;<br \/>\n&#13;<br \/>\n&#13;<br \/>\n&#13;<\/p>\n<p><em class=cms-italic>\u00ab Le Parc comprend environ 120 km de sentiers&#13;<br \/>\ntouristiques. Nous disposons de deux itin\u00e9raires th\u00e9matiques : celui des&#13;<br \/>\n\u00ab 12 Ap\u00f4tres \u00bb et celui de l&rsquo;ancienne exploitation de soufre de C\u0103limani. Sans compter la Via Maria Terezia,&#13;<br \/>\npr\u00e9vue pour les marathons, dont un tiers traverse le Parc. Des zones de&#13;<br \/>\ncampement ainsi que des refuges ont \u00e9t\u00e9 am\u00e9nag\u00e9s dans certains lieux&#13;<br \/>\nstrat\u00e9giques, par exemple pr\u00e8s de diff\u00e9rentes sources. Bref, les&#13;<br \/>\ninfrastructures r\u00e9serv\u00e9es aux touristes sont bien install\u00e9es et bien balis\u00e9es,&#13;<br \/>\nsurtout pour les randonneurs. Nous cherchons donc surtout \u00e0 promouvoir des&#13;<br \/>\nactivit\u00e9s non polluantes et respectueuses de l&rsquo;environnement. \u00bb<\/em><\/p>\n<p><\/p>\n<p>&#13;<br \/>\n&#13;<br \/>\n&#13;<br \/>\n&#13;<\/p>\n<p>Quels&#13;<br \/>\nsont les atouts les plus importants du Parc national de C\u0103limani ?  Liviu Hu\u021banu nous r\u00e9pond : <em class=cms-italic>\u00ab L&rsquo;atout majeur du Parc, qui figure sur&#13;<br \/>\nnotre logo, est la R\u00e9serve naturelle des 12 Ap\u00f4tres. Il s&rsquo;agit d&rsquo;un ensemble de&#13;<br \/>\nformations rocheuses de formes diverses, dont le nom a chang\u00e9 au cours de&#13;<br \/>\nl&rsquo;histoire, ce qui a stimul\u00e9 l&rsquo;imagination des touristes. Parmi elles on&#13;<br \/>\nretrouve le Mar\u00e9chal, N\u00e9fertiti ou encore le Lion. Mais la plus photographi\u00e9e&#13;<br \/>\nreste celle du Vieillard. Elle est immense, haute de 30 \u00e0 40 m\u00e8tres et&#13;<br \/>\nressemble \u00e0 un visage de vieil homme sous trois angles diff\u00e9rents. On la&#13;<br \/>\ncompare souvent au rocher du Sphinx des Monts Bucegi (dans le centre du pays).&#13;<br \/>\nVoil\u00e0 quelques exemples de tr\u00e9sors naturels. Mais nous avons aussi des&#13;<br \/>\nattractions construites par l&rsquo;homme. C&rsquo;est le cas de l&rsquo;ancienne carri\u00e8re de&#13;<br \/>\nsoufre, inaugur\u00e9e en 1976. Le massif de C\u0103limani est compos\u00e9 de roches&#13;<br \/>\nvolcaniques. Il a donc \u00e9t\u00e9 possible d&rsquo;effectuer une coupe transversale dans la&#13;<br \/>\nroche, ce qui permet de voir \u00e0 quoi ressemble un volcan vu de l&rsquo;int\u00e9rieur.&#13;<br \/>\nC&rsquo;est une chance presque unique en Europe. \u00bb<\/em><\/p>\n<p><\/p>\n<p>&#13;<br \/>\n&#13;<br \/>\n&#13;<br \/>\n&#13;<\/p>\n<p>Liviu&#13;<br \/>\nHu\u021banu, responsable des activit\u00e9s touristiques du Parc, nous explique que&#13;<br \/>\nchaque randonn\u00e9e part d&rsquo;un point d&rsquo;information. <em class=cms-italic>\u00ab Les&#13;<br \/>\ntouristes peuvent se renseigner au Centre de visite du Parc national de&#13;<br \/>\nC\u0103limani, et des guides sont toujours disponibles pour eux dans chacun des&#13;<br \/>\ntrois points d&rsquo;information du Parc. Notre centre de visite est l&rsquo;une des&#13;<br \/>\nattractions principales de la r\u00e9gion des Dorne (\u021aara Dornelor). Le minist\u00e8re du Tourisme nous a accord\u00e9 le statut de&#13;<br \/>\n\u00ab destination \u00e9cotouristique \u00bb il y a maintenant 4 ans. Ce centre a&#13;<br \/>\n\u00e9t\u00e9 pens\u00e9 afin de rendre cette destination plus attrayante, mais aussi pour&#13;<br \/>\nfaciliter la communication avec le public. On y trouve des informations sur les&#13;<br \/>\ndiff\u00e9rentes attractions et itin\u00e9raires, ainsi que les diff\u00e9rentes restrictions&#13;<br \/>\nimpos\u00e9es dans les parcs nationaux comme le n\u00f4tre. Le centre accueille une&#13;<br \/>\nexposition didactique expliquant les valeurs du Parc, et un espace consacr\u00e9 aux&#13;<br \/>\nproduits confectionn\u00e9s par des artisans des communes avoisinantes. Dans la&#13;<br \/>\ncour, un petit sentier th\u00e9matique pr\u00e9sentant les diff\u00e9rentes activit\u00e9s des&#13;<br \/>\nartisans de la r\u00e9gion a \u00e9t\u00e9 am\u00e9nag\u00e9. Pas loin d&rsquo;ici on trouve aussi la R\u00e9serve&#13;<br \/>\nde Tinovul \u0218aru Dornei. \u00bb<\/em><\/p>\n<p><em class=cms-italic><br \/><\/em><\/p>\n<p>&#13;<br \/>\n&#13;<br \/>\n&#13;<br \/>\n&#13;<\/p>\n<p>L&rsquo;administration&#13;<br \/>\ndu Parc travaille actuellement sur plusieurs projets, comme nous l&rsquo;explique Liviu&#13;<br \/>\nHu\u021banu <em class=cms-italic>\u00ab Nous souhaiterions installer un centre&#13;<br \/>\nde recherche sur le site de l&rsquo;ancienne carri\u00e8re de soufre. Nous aimerions aussi&#13;<br \/>\nqu&rsquo;il serve de base \u00e0 Salvamont (les secours en montagne). Nous souhaiterions&#13;<br \/>\nque ce lieu accueille aussi une aire de jeux pour les enfants, pour les&#13;<br \/>\ncolonies de vacances de la r\u00e9gion. A plus court terme, nous voulons installer&#13;<br \/>\nplus de refuges en montagne. A l&rsquo;heure actuelle, le Parc ne dispose que d&rsquo;un&#13;<br \/>\nseul circuit de v\u00e9lo de montagne et nous aimerions en cr\u00e9er encore deux. Nous&#13;<br \/>\naccueillons tout le monde \u00e0 bras ouverts. Que ceux qui souhaitent venir&#13;<br \/>\nd\u00e9couvrir le Parc se rassurent : les Monts C\u0103limani ne sont pas tr\u00e8s&#13;<br \/>\nabrupts. Les sentiers sont facilement praticables et peuvent aussi \u00eatre&#13;<br \/>\nparcourus en famille, avec des enfants. Les paysages sont intacts et nous&#13;<br \/>\ndisposons de centaines d&rsquo;hectares de for\u00eats vierges. Nous sommes fiers de&#13;<br \/>\npouvoir affirmer que vous pouvez vous promener dans le Parc pendant trois ou&#13;<br \/>\nquatre jours sans jamais croiser personne. Pour tous ceux qui souhaiteraient&#13;<br \/>\nvivre une exp\u00e9rience unique en pleine nature, tout en choisissant un lieu&#13;<br \/>\naccessible, le Parc national de C\u0103limani est id\u00e9al. \u00bb<\/em><\/p>\n<p><em class=cms-italic><br \/><\/em><\/p>\n<p>&#13;<br \/>\n&#13;<br \/>\n&#13;<br \/>\n&#13;<\/p>\n<p>Voil\u00e0,&#13;<br \/>\nvous \u00eatre officiellement invit\u00e9s. Rendez-vous la semaine prochaine pour une&#13;<br \/>\nnouvelle destination ! (Trad. : Charlotte Fromenteaud)<\/p>\n<p>&#13;<br \/>\n&#13;<br \/><\/p>\n","protected":false},"excerpt":{"rendered":"<p>Nous&#13; nous rendons aujourd&rsquo;hui dans le nord de la Roumanie, dans le Parc national de&#13; C\u0103limani. Un endroit qui a beaucoup \u00e0 offrir aux touristes. L&rsquo;hiver, il est&#13; possible d&rsquo;y faire du ski de fond, et l&rsquo;\u00e9t\u00e9 de se promener pour observer la&#13; faune locale. R\u00e9cemment, l&rsquo;administration du Parc a aussi inaugur\u00e9 son centre&#13; de [&hellip;]<\/p>\n","protected":false},"author":128,"featured_media":150777,"comment_status":"closed","ping_status":"closed","sticky":false,"template":"","format":"standard","meta":{"_acf_changed":false,"footnotes":""},"categories":[86826],"tags":[87880,147337,87981],"coauthors":[],"class_list":["post-386992","post","type-post","status-publish","format-standard","has-post-thumbnail","hentry","category-radio-tour-fr","tag-ecotourisme","tag-nature-fr","tag-raoumanie"],"acf":[],"yoast_head":"<!-- This site is optimized with the Yoast SEO plugin v27.5 - https:\/\/yoast.com\/product\/yoast-seo-wordpress\/ -->\n<title>Le Parc national de C\u0103limani - Radio Roumanie Internationale<\/title>\n<meta name=\"robots\" content=\"index, follow, max-snippet:-1, max-image-preview:large, max-video-preview:-1\" \/>\n<link rel=\"canonical\" href=\"https:\/\/www.rri.ro\/fr\/chroniques-hebdomadaires\/radio-tour-fr\/le-parc-national-de-calimani-id386992.html\" \/>\n<meta property=\"og:locale\" content=\"fr_FR\" \/>\n<meta property=\"og:type\" content=\"article\" \/>\n<meta property=\"og:title\" content=\"Le Parc national de C\u0103limani - Radio Roumanie Internationale\" \/>\n<meta property=\"og:description\" content=\"Nous&#013; nous rendons aujourd&rsquo;hui dans le nord de la Roumanie, dans le Parc national de&#013; C\u0103limani. Un endroit qui a beaucoup \u00e0 offrir aux touristes. L&rsquo;hiver, il est&#013; possible d&rsquo;y faire du ski de fond, et l&rsquo;\u00e9t\u00e9 de se promener pour observer la&#013; faune locale. R\u00e9cemment, l&rsquo;administration du Parc a aussi inaugur\u00e9 son centre&#013; de [&hellip;]\" \/>\n<meta property=\"og:url\" content=\"https:\/\/www.rri.ro\/fr\/chroniques-hebdomadaires\/radio-tour-fr\/le-parc-national-de-calimani-id386992.html\" \/>\n<meta property=\"og:site_name\" content=\"Radio Roumanie Internationale\" \/>\n<meta property=\"article:published_time\" content=\"2022-03-17T11:19:00+00:00\" \/>\n<meta property=\"og:image\" content=\"https:\/\/www.rri.ro\/wp-content\/uploads\/2023\/10\/ucra-calimani-12ap.png\" \/>\n\t<meta property=\"og:image:width\" content=\"640\" \/>\n\t<meta property=\"og:image:height\" content=\"520\" \/>\n\t<meta property=\"og:image:type\" content=\"image\/png\" \/>\n<meta name=\"author\" content=\"Daniel Onea\" \/>\n<meta name=\"twitter:card\" content=\"summary_large_image\" \/>\n<meta name=\"twitter:label1\" content=\"\u00c9crit par\" \/>\n\t<meta name=\"twitter:data1\" content=\"Daniel Onea\" \/>\n\t<meta name=\"twitter:label2\" content=\"Dur\u00e9e de lecture estim\u00e9e\" \/>\n\t<meta name=\"twitter:data2\" content=\"6 minutes\" \/>\n\t<meta name=\"twitter:label3\" content=\"Written by\" \/>\n\t<meta name=\"twitter:data3\" content=\"Daniel Onea\" \/>\n<script type=\"application\/ld+json\" class=\"yoast-schema-graph\">{\"@context\":\"https:\\\/\\\/schema.org\",\"@graph\":[{\"@type\":\"Article\",\"@id\":\"https:\\\/\\\/www.rri.ro\\\/fr\\\/chroniques-hebdomadaires\\\/radio-tour-fr\\\/le-parc-national-de-calimani-id386992.html#article\",\"isPartOf\":{\"@id\":\"https:\\\/\\\/www.rri.ro\\\/fr\\\/chroniques-hebdomadaires\\\/radio-tour-fr\\\/le-parc-national-de-calimani-id386992.html\"},\"author\":{\"name\":\"Daniel Onea\",\"@id\":\"https:\\\/\\\/www.rri.ro\\\/#\\\/schema\\\/person\\\/fcce42c208d45f30f5b054b64bc1e0df\"},\"headline\":\"Le Parc national de C\u0103limani\",\"datePublished\":\"2022-03-17T11:19:00+00:00\",\"mainEntityOfPage\":{\"@id\":\"https:\\\/\\\/www.rri.ro\\\/fr\\\/chroniques-hebdomadaires\\\/radio-tour-fr\\\/le-parc-national-de-calimani-id386992.html\"},\"wordCount\":1153,\"image\":{\"@id\":\"https:\\\/\\\/www.rri.ro\\\/fr\\\/chroniques-hebdomadaires\\\/radio-tour-fr\\\/le-parc-national-de-calimani-id386992.html#primaryimage\"},\"thumbnailUrl\":\"https:\\\/\\\/www.rri.ro\\\/wp-content\\\/uploads\\\/2023\\\/10\\\/ucra-calimani-12ap.png\",\"keywords\":[\"\u00e9cotourisme\",\"nature\",\"Raoumanie\"],\"articleSection\":[\"Radio Tour\"],\"inLanguage\":\"fr-FR\"},{\"@type\":\"WebPage\",\"@id\":\"https:\\\/\\\/www.rri.ro\\\/fr\\\/chroniques-hebdomadaires\\\/radio-tour-fr\\\/le-parc-national-de-calimani-id386992.html\",\"url\":\"https:\\\/\\\/www.rri.ro\\\/fr\\\/chroniques-hebdomadaires\\\/radio-tour-fr\\\/le-parc-national-de-calimani-id386992.html\",\"name\":\"Le Parc national de C\u0103limani - Radio Roumanie Internationale\",\"isPartOf\":{\"@id\":\"https:\\\/\\\/www.rri.ro\\\/#website\"},\"primaryImageOfPage\":{\"@id\":\"https:\\\/\\\/www.rri.ro\\\/fr\\\/chroniques-hebdomadaires\\\/radio-tour-fr\\\/le-parc-national-de-calimani-id386992.html#primaryimage\"},\"image\":{\"@id\":\"https:\\\/\\\/www.rri.ro\\\/fr\\\/chroniques-hebdomadaires\\\/radio-tour-fr\\\/le-parc-national-de-calimani-id386992.html#primaryimage\"},\"thumbnailUrl\":\"https:\\\/\\\/www.rri.ro\\\/wp-content\\\/uploads\\\/2023\\\/10\\\/ucra-calimani-12ap.png\",\"datePublished\":\"2022-03-17T11:19:00+00:00\",\"author\":{\"@id\":\"https:\\\/\\\/www.rri.ro\\\/#\\\/schema\\\/person\\\/fcce42c208d45f30f5b054b64bc1e0df\"},\"breadcrumb\":{\"@id\":\"https:\\\/\\\/www.rri.ro\\\/fr\\\/chroniques-hebdomadaires\\\/radio-tour-fr\\\/le-parc-national-de-calimani-id386992.html#breadcrumb\"},\"inLanguage\":\"fr-FR\",\"potentialAction\":[{\"@type\":\"ReadAction\",\"target\":[\"https:\\\/\\\/www.rri.ro\\\/fr\\\/chroniques-hebdomadaires\\\/radio-tour-fr\\\/le-parc-national-de-calimani-id386992.html\"]}]},{\"@type\":\"ImageObject\",\"inLanguage\":\"fr-FR\",\"@id\":\"https:\\\/\\\/www.rri.ro\\\/fr\\\/chroniques-hebdomadaires\\\/radio-tour-fr\\\/le-parc-national-de-calimani-id386992.html#primaryimage\",\"url\":\"https:\\\/\\\/www.rri.ro\\\/wp-content\\\/uploads\\\/2023\\\/10\\\/ucra-calimani-12ap.png\",\"contentUrl\":\"https:\\\/\\\/www.rri.ro\\\/wp-content\\\/uploads\\\/2023\\\/10\\\/ucra-calimani-12ap.png\",\"width\":640,\"height\":520},{\"@type\":\"BreadcrumbList\",\"@id\":\"https:\\\/\\\/www.rri.ro\\\/fr\\\/chroniques-hebdomadaires\\\/radio-tour-fr\\\/le-parc-national-de-calimani-id386992.html#breadcrumb\",\"itemListElement\":[{\"@type\":\"ListItem\",\"position\":1,\"name\":\"Page d'accueil\",\"item\":\"https:\\\/\\\/www.rri.ro\\\/fr\"},{\"@type\":\"ListItem\",\"position\":2,\"name\":\"Chroniques hebdomadaires\",\"item\":\"https:\\\/\\\/www.rri.ro\\\/fr\\\/chroniques-hebdomadaires\"},{\"@type\":\"ListItem\",\"position\":3,\"name\":\"Radio Tour\",\"item\":\"https:\\\/\\\/www.rri.ro\\\/fr\\\/chroniques-hebdomadaires\\\/radio-tour-fr\"},{\"@type\":\"ListItem\",\"position\":4,\"name\":\"Le Parc national de C\u0103limani\"}]},{\"@type\":\"WebSite\",\"@id\":\"https:\\\/\\\/www.rri.ro\\\/#website\",\"url\":\"https:\\\/\\\/www.rri.ro\\\/\",\"name\":\"Radio Roumanie Internationale\",\"description\":\"Totul despre Rom\u00e2nia \u015fi rom\u00e2ni, \u00een 13 limbi\\\/dialecte!\",\"inLanguage\":\"fr-FR\"},{\"@type\":\"Person\",\"@id\":\"https:\\\/\\\/www.rri.ro\\\/#\\\/schema\\\/person\\\/fcce42c208d45f30f5b054b64bc1e0df\",\"name\":\"Daniel Onea\",\"url\":\"https:\\\/\\\/www.rri.ro\\\/fr\\\/author\\\/daniel-onea\"}]}<\/script>\n<!-- \/ Yoast SEO plugin. -->","yoast_head_json":{"title":"Le Parc national de C\u0103limani - Radio Roumanie Internationale","robots":{"index":"index","follow":"follow","max-snippet":"max-snippet:-1","max-image-preview":"max-image-preview:large","max-video-preview":"max-video-preview:-1"},"canonical":"https:\/\/www.rri.ro\/fr\/chroniques-hebdomadaires\/radio-tour-fr\/le-parc-national-de-calimani-id386992.html","og_locale":"fr_FR","og_type":"article","og_title":"Le Parc national de C\u0103limani - Radio Roumanie Internationale","og_description":"Nous&#13; nous rendons aujourd&rsquo;hui dans le nord de la Roumanie, dans le Parc national de&#13; C\u0103limani. Un endroit qui a beaucoup \u00e0 offrir aux touristes. L&rsquo;hiver, il est&#13; possible d&rsquo;y faire du ski de fond, et l&rsquo;\u00e9t\u00e9 de se promener pour observer la&#13; faune locale. R\u00e9cemment, l&rsquo;administration du Parc a aussi inaugur\u00e9 son centre&#13; de [&hellip;]","og_url":"https:\/\/www.rri.ro\/fr\/chroniques-hebdomadaires\/radio-tour-fr\/le-parc-national-de-calimani-id386992.html","og_site_name":"Radio Roumanie Internationale","article_published_time":"2022-03-17T11:19:00+00:00","og_image":[{"width":640,"height":520,"url":"https:\/\/www.rri.ro\/wp-content\/uploads\/2023\/10\/ucra-calimani-12ap.png","type":"image\/png"}],"author":"Daniel Onea","twitter_card":"summary_large_image","twitter_misc":{"\u00c9crit par":"Daniel Onea","Dur\u00e9e de lecture estim\u00e9e":"6 minutes","Written by":"Daniel Onea"},"schema":{"@context":"https:\/\/schema.org","@graph":[{"@type":"Article","@id":"https:\/\/www.rri.ro\/fr\/chroniques-hebdomadaires\/radio-tour-fr\/le-parc-national-de-calimani-id386992.html#article","isPartOf":{"@id":"https:\/\/www.rri.ro\/fr\/chroniques-hebdomadaires\/radio-tour-fr\/le-parc-national-de-calimani-id386992.html"},"author":{"name":"Daniel Onea","@id":"https:\/\/www.rri.ro\/#\/schema\/person\/fcce42c208d45f30f5b054b64bc1e0df"},"headline":"Le Parc national de C\u0103limani","datePublished":"2022-03-17T11:19:00+00:00","mainEntityOfPage":{"@id":"https:\/\/www.rri.ro\/fr\/chroniques-hebdomadaires\/radio-tour-fr\/le-parc-national-de-calimani-id386992.html"},"wordCount":1153,"image":{"@id":"https:\/\/www.rri.ro\/fr\/chroniques-hebdomadaires\/radio-tour-fr\/le-parc-national-de-calimani-id386992.html#primaryimage"},"thumbnailUrl":"https:\/\/www.rri.ro\/wp-content\/uploads\/2023\/10\/ucra-calimani-12ap.png","keywords":["\u00e9cotourisme","nature","Raoumanie"],"articleSection":["Radio Tour"],"inLanguage":"fr-FR"},{"@type":"WebPage","@id":"https:\/\/www.rri.ro\/fr\/chroniques-hebdomadaires\/radio-tour-fr\/le-parc-national-de-calimani-id386992.html","url":"https:\/\/www.rri.ro\/fr\/chroniques-hebdomadaires\/radio-tour-fr\/le-parc-national-de-calimani-id386992.html","name":"Le Parc national de C\u0103limani - Radio Roumanie Internationale","isPartOf":{"@id":"https:\/\/www.rri.ro\/#website"},"primaryImageOfPage":{"@id":"https:\/\/www.rri.ro\/fr\/chroniques-hebdomadaires\/radio-tour-fr\/le-parc-national-de-calimani-id386992.html#primaryimage"},"image":{"@id":"https:\/\/www.rri.ro\/fr\/chroniques-hebdomadaires\/radio-tour-fr\/le-parc-national-de-calimani-id386992.html#primaryimage"},"thumbnailUrl":"https:\/\/www.rri.ro\/wp-content\/uploads\/2023\/10\/ucra-calimani-12ap.png","datePublished":"2022-03-17T11:19:00+00:00","author":{"@id":"https:\/\/www.rri.ro\/#\/schema\/person\/fcce42c208d45f30f5b054b64bc1e0df"},"breadcrumb":{"@id":"https:\/\/www.rri.ro\/fr\/chroniques-hebdomadaires\/radio-tour-fr\/le-parc-national-de-calimani-id386992.html#breadcrumb"},"inLanguage":"fr-FR","potentialAction":[{"@type":"ReadAction","target":["https:\/\/www.rri.ro\/fr\/chroniques-hebdomadaires\/radio-tour-fr\/le-parc-national-de-calimani-id386992.html"]}]},{"@type":"ImageObject","inLanguage":"fr-FR","@id":"https:\/\/www.rri.ro\/fr\/chroniques-hebdomadaires\/radio-tour-fr\/le-parc-national-de-calimani-id386992.html#primaryimage","url":"https:\/\/www.rri.ro\/wp-content\/uploads\/2023\/10\/ucra-calimani-12ap.png","contentUrl":"https:\/\/www.rri.ro\/wp-content\/uploads\/2023\/10\/ucra-calimani-12ap.png","width":640,"height":520},{"@type":"BreadcrumbList","@id":"https:\/\/www.rri.ro\/fr\/chroniques-hebdomadaires\/radio-tour-fr\/le-parc-national-de-calimani-id386992.html#breadcrumb","itemListElement":[{"@type":"ListItem","position":1,"name":"Page d'accueil","item":"https:\/\/www.rri.ro\/fr"},{"@type":"ListItem","position":2,"name":"Chroniques hebdomadaires","item":"https:\/\/www.rri.ro\/fr\/chroniques-hebdomadaires"},{"@type":"ListItem","position":3,"name":"Radio Tour","item":"https:\/\/www.rri.ro\/fr\/chroniques-hebdomadaires\/radio-tour-fr"},{"@type":"ListItem","position":4,"name":"Le Parc national de C\u0103limani"}]},{"@type":"WebSite","@id":"https:\/\/www.rri.ro\/#website","url":"https:\/\/www.rri.ro\/","name":"Radio Roumanie Internationale","description":"Totul despre Rom\u00e2nia \u015fi rom\u00e2ni, \u00een 13 limbi\/dialecte!","inLanguage":"fr-FR"},{"@type":"Person","@id":"https:\/\/www.rri.ro\/#\/schema\/person\/fcce42c208d45f30f5b054b64bc1e0df","name":"Daniel Onea","url":"https:\/\/www.rri.ro\/fr\/author\/daniel-onea"}]}},"_links":{"self":[{"href":"https:\/\/www.rri.ro\/fr\/wp-json\/wp\/v2\/posts\/386992","targetHints":{"allow":["GET"]}}],"collection":[{"href":"https:\/\/www.rri.ro\/fr\/wp-json\/wp\/v2\/posts"}],"about":[{"href":"https:\/\/www.rri.ro\/fr\/wp-json\/wp\/v2\/types\/post"}],"author":[{"embeddable":true,"href":"https:\/\/www.rri.ro\/fr\/wp-json\/wp\/v2\/users\/128"}],"replies":[{"embeddable":true,"href":"https:\/\/www.rri.ro\/fr\/wp-json\/wp\/v2\/comments?post=386992"}],"version-history":[{"count":0,"href":"https:\/\/www.rri.ro\/fr\/wp-json\/wp\/v2\/posts\/386992\/revisions"}],"wp:featuredmedia":[{"embeddable":true,"href":"https:\/\/www.rri.ro\/fr\/wp-json\/wp\/v2\/media\/150777"}],"wp:attachment":[{"href":"https:\/\/www.rri.ro\/fr\/wp-json\/wp\/v2\/media?parent=386992"}],"wp:term":[{"taxonomy":"category","embeddable":true,"href":"https:\/\/www.rri.ro\/fr\/wp-json\/wp\/v2\/categories?post=386992"},{"taxonomy":"post_tag","embeddable":true,"href":"https:\/\/www.rri.ro\/fr\/wp-json\/wp\/v2\/tags?post=386992"},{"taxonomy":"author","embeddable":true,"href":"https:\/\/www.rri.ro\/fr\/wp-json\/wp\/v2\/coauthors?post=386992"}],"curies":[{"name":"wp","href":"https:\/\/api.w.org\/{rel}","templated":true}]}}