{"id":387086,"date":"2023-06-29T06:54:00","date_gmt":"2023-06-29T03:54:00","guid":{"rendered":"http:\/\/devrri.freshlemon.ro\/le-roumain-mot-a-mot\/consulter-les-lecons\/lecotourisme-en-roumanie-id387086.html"},"modified":"2024-02-22T10:21:48","modified_gmt":"2024-02-22T08:21:48","slug":"lecotourisme-en-roumanie","status":"publish","type":"post","link":"https:\/\/www.rri.ro\/fr\/chroniques-hebdomadaires\/radio-tour-fr\/lecotourisme-en-roumanie-id387086.html","title":{"rendered":"L&rsquo;\u00e9cotourisme en Roumanie"},"content":{"rendered":"<\/p>\n<p>La Roumanie est connue pour ses immenses for\u00eats vierges et ses r\u00e9gions dans&#13;<br \/>\nlesquelles l&rsquo;artisanat et les traditions locales ancestrales ont \u00e9t\u00e9&#13;<br \/>\npr\u00e9serv\u00e9es. Dans ce contexte, il existe de nombreuses associations qui tentent&#13;<br \/>\nde pr\u00e9server au mieux ce patrimoine naturel et culturel en sensibilisant les&#13;<br \/>\nhabitants et les voyageurs au tourisme durable et responsable. <\/p>\n<p><\/p>\n<p>Notre invit\u00e9e du&#13;<br \/>\njour, Loredana Pan\u0103 experte en lobbying et coordinatrice du projet Asocia\u021bia&#13;<br \/>\nMai Mult Verde (Pour davantage de vert), nous explique en quoi consiste&#13;<br \/>\naujourd&rsquo;hui l&rsquo;\u00e9cotourisme :<\/p>\n<p><em class=cms-italic style=font-size: 1em;>\u00ab On fait en fait ici r\u00e9f\u00e9rence aux&#13;<br \/>\nactivit\u00e9s que l&rsquo;on peut effectuer en vacances, des activit\u00e9s dont l&rsquo;impact sur&#13;<br \/>\nnotre environnement est moindre. De mani\u00e8re g\u00e9n\u00e9rale, le tourisme peut faire de&#13;<br \/>\ngros d\u00e9g\u00e2ts sur notre environnement. Les flux importants de touristes, les&#13;<br \/>\ntrajets en avion, ce que l&rsquo;on consomme lorsque l&rsquo;on part en vacances, tout \u00e7a&#13;<br \/>\nlaisse une empreinte sur nos destinations de vacances. Faire de l&rsquo;\u00e9cotourisme,&#13;<br \/>\nou du slow-tourisme comme on l&rsquo;appelle aussi parfois, c&rsquo;est partir en gardant&#13;<br \/>\nbien en t\u00eate notre impact sur l&rsquo;environnement. Par exemple en n&rsquo;utilisant pas&#13;<br \/>\nde moyen de transport motoris\u00e9, en passant plus de temps au m\u00eame endroit, ou&#13;<br \/>\nbien en consommant des produits locaux. Il s&rsquo;agit en fait de r\u00e9fl\u00e9chir \u00e0 notre&#13;<br \/>\nimpact sur les communaut\u00e9s locales et \u00e0 ce que nous laissons derri\u00e8re nous. Les&#13;<br \/>\nitin\u00e9raires \u00e9cotouristiques peuvent \u00eatre parcourus \u00e0 pied, \u00e0 v\u00e9lo, \u00e0 cheval,&#13;<br \/>\nbref, sans engin motoris\u00e9. \u00bb<\/em><\/p>\n<p>&#13;<br \/>\n&#13;<br \/>\n&#13;<br \/>\n&#13;<\/p>\n<p><\/p>\n<p>Heureusement, de nombreuses r\u00e9gions roumaines restent encore peu&#13;<br \/>\nd\u00e9velopp\u00e9es, ce qui les pr\u00e9serve et leur permet de conserver un environnement&#13;<br \/>\nnaturel propice \u00e0 l&rsquo;\u00e9cotourisme. Toutefois explique Loredana Pan\u0103,&#13;<br \/>\nl&rsquo;\u00e9cotourisme doit \u00eatre d\u00e9velopp\u00e9 dans un cadre l\u00e9gal robuste :<\/p>\n<p>&#13;<br \/>\n&#13;<br \/>\n&#13;<br \/>\n&#13;<\/p>\n<p><em class=cms-italic style=font-size: 1em;>\u00ab Malheureusement,&#13;<br \/>\nje crains qu&rsquo;il n&rsquo;existe pas de cadre l\u00e9gal ou national venant soutenir ces&#13;<br \/>\ndestinations \u00e9cotouristiques, et je pense qu&rsquo;il serait possible de le mettre en&#13;<br \/>\nplace, car nous n&rsquo;en sommes qu&rsquo;aux balbutiements, mais nous devrions en faire&#13;<br \/>\nbeaucoup plus pour que les choses avancent dans cette direction ! \u00bb<\/em><\/p>\n<p>&#13;<br \/>\n&#13;<br \/>\n&#13;<br \/>\n&#13;<\/p>\n<p><\/p>\n<p>Le concept de \u00ab destination \u00e9cotouristique \u00bb a \u00e9t\u00e9 initi\u00e9 en 2012&#13;<br \/>\npar les autorit\u00e9s publiques du tourisme, en partenariat avec des institutions&#13;<br \/>\net organisations repr\u00e9sent\u00e9es au niveau national. A cette \u00e9poque, la Roumanie&#13;<br \/>\n\u00e9tait le seul pays d&rsquo;Europe \u00e0 proposer un autre syst\u00e8me permettant de&#13;<br \/>\nreconna\u00eetre les destinations \u00e9cotouristiques. A l&rsquo;heure actuelle, on d\u00e9nombre&#13;<br \/>\nen Roumanie 7 destinations officiellement reconnues comme \u00e9cotouristiques. <\/p>\n<p><\/p>\n<p>Cependant, Loredana Pan\u0103, experte en lobbying et coordinatrice du projet&#13;<br \/>\nAsocia\u021bia Mai Mult Verde nous encourage \u00e0 partir \u00e0 la d\u00e9couverte d&rsquo;une r\u00e9gion&#13;<br \/>\nqui n&rsquo;a pas encore \u00e9t\u00e9 officiellement reconnue comme telle, mais qui n&rsquo;en&#13;<br \/>\ndemeure pas moins id\u00e9ale pour les amateurs de tourisme durable :<\/p>\n<p>&#13;<br \/>\n&#13;<br \/>\n&#13;<br \/>\n&#13;<\/p>\n<p><em class=cms-italic style=font-size: 1em;>\u00ab Je vous&#13;<br \/>\nrecommande les r\u00e9gions longeant le Danube. Nous avons de nombreux projets dans&#13;<br \/>\nces zones ainsi que dans le delta. Ce dernier est un lieu vraiment magnifique,&#13;<br \/>\nclass\u00e9 au patrimoine de l&rsquo;UNESCO, qui regorge de paysages splendides et uniques&#13;<br \/>\nau monde, l\u00e0 o\u00f9 le fleuve se jette dans la mer Noire. On y trouve de nombreux&#13;<br \/>\nvillages qui ne sont pas encore touristiques. Je recommande chaudement \u00e0 vos&#13;<br \/>\nauditeurs de prendre quelques jours pour se promener sur les eaux tranquilles&#13;<br \/>\ndu delta, dans un petit canot, et de passer du temps avec les habitants de ces&#13;<br \/>\nvillages. A l&rsquo;inverse je ne vous encourage pas \u00e0 vous rendre dans les h\u00f4tels&#13;<br \/>\nresort qui restent \u00e0 l&rsquo;\u00e9cart de ces communaut\u00e9s. Le delta du Danube est unique&#13;<br \/>\ndu point de vue de la multiculturalit\u00e9. En effet, pr\u00e8s de 12 ethnies&#13;<br \/>\ndiff\u00e9rentes vivent dans le delta et la r\u00e9gion de la Dobroudja, dans le sud du&#13;<br \/>\npays. Elles incarnent le parfait exemple du respect des traditions locales et cohabitent&#13;<br \/>\ndepuis tr\u00e8s longtemps ! \u00bb<\/em><\/p>\n<p>&#13;<br \/>\n&#13;<br \/>\n&#13;<br \/>\n&#13;<\/p>\n<p><\/p>\n<p>D&rsquo;ailleurs, le plus r\u00e9cent projet de&#13;<br \/>\nl&rsquo;Association \u00ab Mai verde \u00bb est l&rsquo;Itin\u00e9raire \u00e9cotouristique du Danube.&#13;<br \/>\nLoredana Pan\u0103 nous en parle :<\/p>\n<p>&#13;<br \/>\n&#13;<br \/>\n&#13;<br \/>\n&#13;<\/p>\n<p><em class=cms-italic style=font-size: 1em;>\u00ab C&rsquo;est une id\u00e9e que nous souhaitons&#13;<br \/>\nd\u00e9velopper davantage. Il s&rsquo;agit d&rsquo;un itin\u00e9raire de 44 km \u00e0 parcourir par voie&#13;<br \/>\nde l&rsquo;eau et par voie terrestre, qui comprend la ville de Giurgiu et 4 communes&#13;<br \/>\navoisinantes. On peut le parcourir \u00e0 v\u00e9lo, \u00e0 pied, \u00e0 cheval ou en barque. Il&#13;<br \/>\nest important de ne pas utiliser de moyens de transport motoris\u00e9s pour ces&#13;<br \/>\nactivit\u00e9s propos\u00e9es en plein air, mais de profiter de la tranquillit\u00e9 de la&#13;<br \/>\nnature et de l&rsquo;air frais. Nous avons propos\u00e9 cet itin\u00e9raire longeant le Danube&#13;<br \/>\njustement parque nous avons besoin de davantage d&rsquo;espaces verts pour sortir en&#13;<br \/>\nnature et pour nous d\u00e9tendre. Plus encore c&rsquo;est aussi b\u00e9n\u00e9fique pour notre&#13;<br \/>\nsant\u00e9 mentale. L&rsquo;itin\u00e9raire est \u00e0 une heure de distance de Bucarest. C&rsquo;est une&#13;<br \/>\nzone superbe que le fleuve creuse dans cette partie de son cours. D&rsquo;ailleurs, dans&#13;<br \/>\nle sud du pays il n&rsquo;y a pas beaucoup d&rsquo;options de loisirs et de tourisme sur le&#13;<br \/>\nDanube, \u00e0 la diff\u00e9rence du delta ou de la zone o\u00f9 le fleuve entre dans le&#13;<br \/>\npays \u00bb.<\/em><\/p>\n<p>&#13;<br \/>\n&#13;<br \/>\n&#13;<br \/>\n&#13;<\/p>\n<p><\/p>\n<p>Les touristes qui souhaiteront parcourir ce nouvel itin\u00e9raire auront&#13;<br \/>\nbient\u00f4t \u00e0 leur disposition un site qui leur fournira toutes les informations&#13;<br \/>\nn\u00e9cessaires, pr\u00e9cise notre invit\u00e9e :<\/p>\n<p>&#13;<br \/>\n&#13;<\/p>\n<p><em class=cms-italic style=font-size: 1em;>\u00ab D&rsquo;ici la fin de&#13;<br \/>\nl&rsquo;ann\u00e9e, nous voulons cr\u00e9er une carte virtuelle de cet itin\u00e9raire&#13;<br \/>\n\u00e9cotouristique, car c&rsquo;est important pour les touristes d&rsquo;avoir toutes les&#13;<br \/>\ninformations \u00e0 leur port\u00e9e : par ou se fait l&rsquo;acc\u00e8s, quel est l&rsquo;\u00e9tat des&#13;<br \/>\nroutes, si la route est ad\u00e9quate pour les enfants etc. Je vous invite donc \u00e0&#13;<br \/>\nsuivre le site maimultverde.ro  et nos profils sur les r\u00e9seaux sociaux. Nous&#13;<br \/>\nallons poster toutes les informations n\u00e9cessaires. \u00bb <\/em><\/p>\n<p>&#13;<br \/>\n&#13;<br \/>\n&#13;<br \/>\n&#13;<\/p>\n<p><\/p>\n<p>Les Roumains ne sont pas les seuls invit\u00e9s \u00e0 parcourir ces itin\u00e9raires&#13;<br \/>\n\u00e9cotouristiques. En fait, notre invit\u00e9e avoue avoir rencontr\u00e9 de plus en plus&#13;<br \/>\nde touristes \u00e9trangers sur les routes propos\u00e9es. Ils sont tous attir\u00e9s par les&#13;<br \/>\nzones sauvages o\u00f9 l&rsquo;homme n&rsquo;est presque jamais intervenu. Loredana Pan\u0103 :<\/p>\n<p>&#13;<br \/>\n&#13;<\/p>\n<p><em class=cms-italic style=font-size: 1em;>\u00ab Les itin\u00e9raires de&#13;<br \/>\nmontagne dans le zones tr\u00e8s sauvages sont parmi les plus appr\u00e9ci\u00e9s. La&#13;<br \/>\nTransylvanie est \u00e9galement recherch\u00e9e, alors que Bucarest est une destination&#13;<br \/>\nqui se pr\u00eate plut\u00f4t pour un city-break. Nous avons m\u00eame lanc\u00e9 un projet&#13;<br \/>\nenvironnemental et \u00e9cologique dans la capitale. Il s&rsquo;intitule \u00ab En plein&#13;<br \/>\nair \u00bb et tente de rapprocher la communaut\u00e9 \u00e0 la ville et aux espaces verts&#13;<br \/>\nmoins connus. Certains sont am\u00e9nag\u00e9s mais moins fr\u00e9quent\u00e9s, d&rsquo;autres n&rsquo;ont pas&#13;<br \/>\n\u00e9t\u00e9 du tout am\u00e9nag\u00e9s, ce qui les rend inaccessibles au public. Par exemple, les&#13;<br \/>\nlacs qui longent la rivi\u00e8re de Colentina. Dans les ann\u00e9es 60, des dizaines de&#13;<br \/>\npiscines publiques y fonctionnaient et la zone \u00e9tait consid\u00e9r\u00e9e comme le&#13;<br \/>\nlittoral de Bucarest. Aujourd&rsquo;hui, il n&rsquo;y a pratiquement rien l\u00e0-bas. Alors que&#13;<br \/>\nBucarest pourrait tr\u00e8s bien devenir une attraction \u00e9cotouristique de l&rsquo;Europe.&#13;<br \/>\nPourtant, on est encore loin de cet objectif car, pour le moment, il n&rsquo;y a&#13;<br \/>\naucune de strat\u00e9gie en ce sens.\u00bb <\/em><\/p>\n<p><\/p>\n<p>Une chose est s\u00fbre, on observe une volont\u00e9 d&rsquo;effectuer un retour&#13;<br \/>\n\u00e0 la nature il y de plus en plus accentu\u00e9e. Et, de ce point de vue, la Roumanie&#13;<br \/>\na beaucoup \u00e0 offrir. (trad. Charlotte Fromenteaud, Valentina Beleavski)<\/p>\n","protected":false},"excerpt":{"rendered":"<p>La Roumanie est connue pour ses immenses for\u00eats vierges et ses r\u00e9gions dans lesquelles l&rsquo;artisanat et les traditions locales ancestrales ont \u00e9t\u00e9 pr\u00e9serv\u00e9es.<\/p>\n","protected":false},"author":128,"featured_media":151356,"comment_status":"closed","ping_status":"closed","sticky":false,"template":"","format":"standard","meta":{"_acf_changed":false,"footnotes":""},"categories":[86826],"tags":[69120,147336,87880,87991,85314],"coauthors":[],"class_list":["post-387086","post","type-post","status-publish","format-standard","has-post-thumbnail","hentry","category-radio-tour-fr","tag-asociatia-mai-mult-verde","tag-danube-fr","tag-ecotourisme","tag-pour-davantage-de-vert","tag-transylvanie"],"acf":[],"yoast_head":"<!-- This site is optimized with the Yoast SEO plugin v27.5 - https:\/\/yoast.com\/product\/yoast-seo-wordpress\/ -->\n<title>L&#039;\u00e9cotourisme en Roumanie - Radio Roumanie Internationale<\/title>\n<meta name=\"robots\" content=\"index, follow, max-snippet:-1, max-image-preview:large, max-video-preview:-1\" \/>\n<link rel=\"canonical\" href=\"https:\/\/www.rri.ro\/fr\/chroniques-hebdomadaires\/radio-tour-fr\/lecotourisme-en-roumanie-id387086.html\" \/>\n<meta property=\"og:locale\" content=\"fr_FR\" \/>\n<meta property=\"og:type\" content=\"article\" \/>\n<meta property=\"og:title\" content=\"L&#039;\u00e9cotourisme en Roumanie - Radio Roumanie Internationale\" \/>\n<meta property=\"og:description\" content=\"La Roumanie est connue pour ses immenses for\u00eats vierges et ses r\u00e9gions dans lesquelles l&#039;artisanat et les traditions locales ancestrales ont \u00e9t\u00e9 pr\u00e9serv\u00e9es.\" \/>\n<meta property=\"og:url\" content=\"https:\/\/www.rri.ro\/fr\/chroniques-hebdomadaires\/radio-tour-fr\/lecotourisme-en-roumanie-id387086.html\" \/>\n<meta property=\"og:site_name\" content=\"Radio Roumanie Internationale\" \/>\n<meta property=\"article:published_time\" content=\"2023-06-29T03:54:00+00:00\" \/>\n<meta property=\"article:modified_time\" content=\"2024-02-22T08:21:48+00:00\" \/>\n<meta property=\"og:image\" content=\"https:\/\/www.rri.ro\/wp-content\/uploads\/2023\/10\/padure-foto-rri.png\" \/>\n\t<meta property=\"og:image:width\" content=\"640\" \/>\n\t<meta property=\"og:image:height\" content=\"480\" \/>\n\t<meta property=\"og:image:type\" content=\"image\/png\" \/>\n<meta name=\"author\" content=\"Daniel Onea\" \/>\n<meta name=\"twitter:card\" content=\"summary_large_image\" \/>\n<meta name=\"twitter:label1\" content=\"\u00c9crit par\" \/>\n\t<meta name=\"twitter:data1\" content=\"Daniel Onea\" \/>\n\t<meta name=\"twitter:label2\" content=\"Dur\u00e9e de lecture estim\u00e9e\" \/>\n\t<meta name=\"twitter:data2\" content=\"6 minutes\" \/>\n\t<meta name=\"twitter:label3\" content=\"Written by\" \/>\n\t<meta name=\"twitter:data3\" content=\"Daniel Onea\" \/>\n<script type=\"application\/ld+json\" class=\"yoast-schema-graph\">{\"@context\":\"https:\\\/\\\/schema.org\",\"@graph\":[{\"@type\":\"Article\",\"@id\":\"https:\\\/\\\/www.rri.ro\\\/fr\\\/chroniques-hebdomadaires\\\/radio-tour-fr\\\/lecotourisme-en-roumanie-id387086.html#article\",\"isPartOf\":{\"@id\":\"https:\\\/\\\/www.rri.ro\\\/fr\\\/chroniques-hebdomadaires\\\/radio-tour-fr\\\/lecotourisme-en-roumanie-id387086.html\"},\"author\":{\"name\":\"Daniel Onea\",\"@id\":\"https:\\\/\\\/www.rri.ro\\\/#\\\/schema\\\/person\\\/fcce42c208d45f30f5b054b64bc1e0df\"},\"headline\":\"L&rsquo;\u00e9cotourisme en Roumanie\",\"datePublished\":\"2023-06-29T03:54:00+00:00\",\"dateModified\":\"2024-02-22T08:21:48+00:00\",\"mainEntityOfPage\":{\"@id\":\"https:\\\/\\\/www.rri.ro\\\/fr\\\/chroniques-hebdomadaires\\\/radio-tour-fr\\\/lecotourisme-en-roumanie-id387086.html\"},\"wordCount\":1254,\"image\":{\"@id\":\"https:\\\/\\\/www.rri.ro\\\/fr\\\/chroniques-hebdomadaires\\\/radio-tour-fr\\\/lecotourisme-en-roumanie-id387086.html#primaryimage\"},\"thumbnailUrl\":\"https:\\\/\\\/www.rri.ro\\\/wp-content\\\/uploads\\\/2023\\\/10\\\/padure-foto-rri.png\",\"keywords\":[\"Asociatia Mai Mult Verde\",\"Danube\",\"\u00e9cotourisme\",\"Pour davantage de vert\",\"Transylvanie\"],\"articleSection\":[\"Radio Tour\"],\"inLanguage\":\"fr-FR\"},{\"@type\":\"WebPage\",\"@id\":\"https:\\\/\\\/www.rri.ro\\\/fr\\\/chroniques-hebdomadaires\\\/radio-tour-fr\\\/lecotourisme-en-roumanie-id387086.html\",\"url\":\"https:\\\/\\\/www.rri.ro\\\/fr\\\/chroniques-hebdomadaires\\\/radio-tour-fr\\\/lecotourisme-en-roumanie-id387086.html\",\"name\":\"L'\u00e9cotourisme en Roumanie - Radio Roumanie Internationale\",\"isPartOf\":{\"@id\":\"https:\\\/\\\/www.rri.ro\\\/#website\"},\"primaryImageOfPage\":{\"@id\":\"https:\\\/\\\/www.rri.ro\\\/fr\\\/chroniques-hebdomadaires\\\/radio-tour-fr\\\/lecotourisme-en-roumanie-id387086.html#primaryimage\"},\"image\":{\"@id\":\"https:\\\/\\\/www.rri.ro\\\/fr\\\/chroniques-hebdomadaires\\\/radio-tour-fr\\\/lecotourisme-en-roumanie-id387086.html#primaryimage\"},\"thumbnailUrl\":\"https:\\\/\\\/www.rri.ro\\\/wp-content\\\/uploads\\\/2023\\\/10\\\/padure-foto-rri.png\",\"datePublished\":\"2023-06-29T03:54:00+00:00\",\"dateModified\":\"2024-02-22T08:21:48+00:00\",\"author\":{\"@id\":\"https:\\\/\\\/www.rri.ro\\\/#\\\/schema\\\/person\\\/fcce42c208d45f30f5b054b64bc1e0df\"},\"breadcrumb\":{\"@id\":\"https:\\\/\\\/www.rri.ro\\\/fr\\\/chroniques-hebdomadaires\\\/radio-tour-fr\\\/lecotourisme-en-roumanie-id387086.html#breadcrumb\"},\"inLanguage\":\"fr-FR\",\"potentialAction\":[{\"@type\":\"ReadAction\",\"target\":[\"https:\\\/\\\/www.rri.ro\\\/fr\\\/chroniques-hebdomadaires\\\/radio-tour-fr\\\/lecotourisme-en-roumanie-id387086.html\"]}]},{\"@type\":\"ImageObject\",\"inLanguage\":\"fr-FR\",\"@id\":\"https:\\\/\\\/www.rri.ro\\\/fr\\\/chroniques-hebdomadaires\\\/radio-tour-fr\\\/lecotourisme-en-roumanie-id387086.html#primaryimage\",\"url\":\"https:\\\/\\\/www.rri.ro\\\/wp-content\\\/uploads\\\/2023\\\/10\\\/padure-foto-rri.png\",\"contentUrl\":\"https:\\\/\\\/www.rri.ro\\\/wp-content\\\/uploads\\\/2023\\\/10\\\/padure-foto-rri.png\",\"width\":640,\"height\":480},{\"@type\":\"BreadcrumbList\",\"@id\":\"https:\\\/\\\/www.rri.ro\\\/fr\\\/chroniques-hebdomadaires\\\/radio-tour-fr\\\/lecotourisme-en-roumanie-id387086.html#breadcrumb\",\"itemListElement\":[{\"@type\":\"ListItem\",\"position\":1,\"name\":\"Page d'accueil\",\"item\":\"https:\\\/\\\/www.rri.ro\\\/fr\"},{\"@type\":\"ListItem\",\"position\":2,\"name\":\"Chroniques hebdomadaires\",\"item\":\"https:\\\/\\\/www.rri.ro\\\/fr\\\/chroniques-hebdomadaires\"},{\"@type\":\"ListItem\",\"position\":3,\"name\":\"Radio Tour\",\"item\":\"https:\\\/\\\/www.rri.ro\\\/fr\\\/chroniques-hebdomadaires\\\/radio-tour-fr\"},{\"@type\":\"ListItem\",\"position\":4,\"name\":\"L&rsquo;\u00e9cotourisme en Roumanie\"}]},{\"@type\":\"WebSite\",\"@id\":\"https:\\\/\\\/www.rri.ro\\\/#website\",\"url\":\"https:\\\/\\\/www.rri.ro\\\/\",\"name\":\"Radio Roumanie Internationale\",\"description\":\"Totul despre Rom\u00e2nia \u015fi rom\u00e2ni, \u00een 13 limbi\\\/dialecte!\",\"inLanguage\":\"fr-FR\"},{\"@type\":\"Person\",\"@id\":\"https:\\\/\\\/www.rri.ro\\\/#\\\/schema\\\/person\\\/fcce42c208d45f30f5b054b64bc1e0df\",\"name\":\"Daniel Onea\",\"url\":\"https:\\\/\\\/www.rri.ro\\\/fr\\\/author\\\/daniel-onea\"}]}<\/script>\n<!-- \/ Yoast SEO plugin. -->","yoast_head_json":{"title":"L'\u00e9cotourisme en Roumanie - Radio Roumanie Internationale","robots":{"index":"index","follow":"follow","max-snippet":"max-snippet:-1","max-image-preview":"max-image-preview:large","max-video-preview":"max-video-preview:-1"},"canonical":"https:\/\/www.rri.ro\/fr\/chroniques-hebdomadaires\/radio-tour-fr\/lecotourisme-en-roumanie-id387086.html","og_locale":"fr_FR","og_type":"article","og_title":"L'\u00e9cotourisme en Roumanie - Radio Roumanie Internationale","og_description":"La Roumanie est connue pour ses immenses for\u00eats vierges et ses r\u00e9gions dans lesquelles l'artisanat et les traditions locales ancestrales ont \u00e9t\u00e9 pr\u00e9serv\u00e9es.","og_url":"https:\/\/www.rri.ro\/fr\/chroniques-hebdomadaires\/radio-tour-fr\/lecotourisme-en-roumanie-id387086.html","og_site_name":"Radio Roumanie Internationale","article_published_time":"2023-06-29T03:54:00+00:00","article_modified_time":"2024-02-22T08:21:48+00:00","og_image":[{"width":640,"height":480,"url":"https:\/\/www.rri.ro\/wp-content\/uploads\/2023\/10\/padure-foto-rri.png","type":"image\/png"}],"author":"Daniel Onea","twitter_card":"summary_large_image","twitter_misc":{"\u00c9crit par":"Daniel Onea","Dur\u00e9e de lecture estim\u00e9e":"6 minutes","Written by":"Daniel Onea"},"schema":{"@context":"https:\/\/schema.org","@graph":[{"@type":"Article","@id":"https:\/\/www.rri.ro\/fr\/chroniques-hebdomadaires\/radio-tour-fr\/lecotourisme-en-roumanie-id387086.html#article","isPartOf":{"@id":"https:\/\/www.rri.ro\/fr\/chroniques-hebdomadaires\/radio-tour-fr\/lecotourisme-en-roumanie-id387086.html"},"author":{"name":"Daniel Onea","@id":"https:\/\/www.rri.ro\/#\/schema\/person\/fcce42c208d45f30f5b054b64bc1e0df"},"headline":"L&rsquo;\u00e9cotourisme en Roumanie","datePublished":"2023-06-29T03:54:00+00:00","dateModified":"2024-02-22T08:21:48+00:00","mainEntityOfPage":{"@id":"https:\/\/www.rri.ro\/fr\/chroniques-hebdomadaires\/radio-tour-fr\/lecotourisme-en-roumanie-id387086.html"},"wordCount":1254,"image":{"@id":"https:\/\/www.rri.ro\/fr\/chroniques-hebdomadaires\/radio-tour-fr\/lecotourisme-en-roumanie-id387086.html#primaryimage"},"thumbnailUrl":"https:\/\/www.rri.ro\/wp-content\/uploads\/2023\/10\/padure-foto-rri.png","keywords":["Asociatia Mai Mult Verde","Danube","\u00e9cotourisme","Pour davantage de vert","Transylvanie"],"articleSection":["Radio Tour"],"inLanguage":"fr-FR"},{"@type":"WebPage","@id":"https:\/\/www.rri.ro\/fr\/chroniques-hebdomadaires\/radio-tour-fr\/lecotourisme-en-roumanie-id387086.html","url":"https:\/\/www.rri.ro\/fr\/chroniques-hebdomadaires\/radio-tour-fr\/lecotourisme-en-roumanie-id387086.html","name":"L'\u00e9cotourisme en Roumanie - Radio Roumanie Internationale","isPartOf":{"@id":"https:\/\/www.rri.ro\/#website"},"primaryImageOfPage":{"@id":"https:\/\/www.rri.ro\/fr\/chroniques-hebdomadaires\/radio-tour-fr\/lecotourisme-en-roumanie-id387086.html#primaryimage"},"image":{"@id":"https:\/\/www.rri.ro\/fr\/chroniques-hebdomadaires\/radio-tour-fr\/lecotourisme-en-roumanie-id387086.html#primaryimage"},"thumbnailUrl":"https:\/\/www.rri.ro\/wp-content\/uploads\/2023\/10\/padure-foto-rri.png","datePublished":"2023-06-29T03:54:00+00:00","dateModified":"2024-02-22T08:21:48+00:00","author":{"@id":"https:\/\/www.rri.ro\/#\/schema\/person\/fcce42c208d45f30f5b054b64bc1e0df"},"breadcrumb":{"@id":"https:\/\/www.rri.ro\/fr\/chroniques-hebdomadaires\/radio-tour-fr\/lecotourisme-en-roumanie-id387086.html#breadcrumb"},"inLanguage":"fr-FR","potentialAction":[{"@type":"ReadAction","target":["https:\/\/www.rri.ro\/fr\/chroniques-hebdomadaires\/radio-tour-fr\/lecotourisme-en-roumanie-id387086.html"]}]},{"@type":"ImageObject","inLanguage":"fr-FR","@id":"https:\/\/www.rri.ro\/fr\/chroniques-hebdomadaires\/radio-tour-fr\/lecotourisme-en-roumanie-id387086.html#primaryimage","url":"https:\/\/www.rri.ro\/wp-content\/uploads\/2023\/10\/padure-foto-rri.png","contentUrl":"https:\/\/www.rri.ro\/wp-content\/uploads\/2023\/10\/padure-foto-rri.png","width":640,"height":480},{"@type":"BreadcrumbList","@id":"https:\/\/www.rri.ro\/fr\/chroniques-hebdomadaires\/radio-tour-fr\/lecotourisme-en-roumanie-id387086.html#breadcrumb","itemListElement":[{"@type":"ListItem","position":1,"name":"Page d'accueil","item":"https:\/\/www.rri.ro\/fr"},{"@type":"ListItem","position":2,"name":"Chroniques hebdomadaires","item":"https:\/\/www.rri.ro\/fr\/chroniques-hebdomadaires"},{"@type":"ListItem","position":3,"name":"Radio Tour","item":"https:\/\/www.rri.ro\/fr\/chroniques-hebdomadaires\/radio-tour-fr"},{"@type":"ListItem","position":4,"name":"L&rsquo;\u00e9cotourisme en Roumanie"}]},{"@type":"WebSite","@id":"https:\/\/www.rri.ro\/#website","url":"https:\/\/www.rri.ro\/","name":"Radio Roumanie Internationale","description":"Totul despre Rom\u00e2nia \u015fi rom\u00e2ni, \u00een 13 limbi\/dialecte!","inLanguage":"fr-FR"},{"@type":"Person","@id":"https:\/\/www.rri.ro\/#\/schema\/person\/fcce42c208d45f30f5b054b64bc1e0df","name":"Daniel Onea","url":"https:\/\/www.rri.ro\/fr\/author\/daniel-onea"}]}},"_links":{"self":[{"href":"https:\/\/www.rri.ro\/fr\/wp-json\/wp\/v2\/posts\/387086","targetHints":{"allow":["GET"]}}],"collection":[{"href":"https:\/\/www.rri.ro\/fr\/wp-json\/wp\/v2\/posts"}],"about":[{"href":"https:\/\/www.rri.ro\/fr\/wp-json\/wp\/v2\/types\/post"}],"author":[{"embeddable":true,"href":"https:\/\/www.rri.ro\/fr\/wp-json\/wp\/v2\/users\/128"}],"replies":[{"embeddable":true,"href":"https:\/\/www.rri.ro\/fr\/wp-json\/wp\/v2\/comments?post=387086"}],"version-history":[{"count":0,"href":"https:\/\/www.rri.ro\/fr\/wp-json\/wp\/v2\/posts\/387086\/revisions"}],"wp:featuredmedia":[{"embeddable":true,"href":"https:\/\/www.rri.ro\/fr\/wp-json\/wp\/v2\/media\/151356"}],"wp:attachment":[{"href":"https:\/\/www.rri.ro\/fr\/wp-json\/wp\/v2\/media?parent=387086"}],"wp:term":[{"taxonomy":"category","embeddable":true,"href":"https:\/\/www.rri.ro\/fr\/wp-json\/wp\/v2\/categories?post=387086"},{"taxonomy":"post_tag","embeddable":true,"href":"https:\/\/www.rri.ro\/fr\/wp-json\/wp\/v2\/tags?post=387086"},{"taxonomy":"author","embeddable":true,"href":"https:\/\/www.rri.ro\/fr\/wp-json\/wp\/v2\/coauthors?post=387086"}],"curies":[{"name":"wp","href":"https:\/\/api.w.org\/{rel}","templated":true}]}}