{"id":388334,"date":"2015-07-11T13:30:00","date_gmt":"2015-07-11T10:30:00","guid":{"rendered":"http:\/\/devrri.freshlemon.ro\/le-roumain-mot-a-mot\/consulter-les-lecons\/arts-plastiques-a-sibiu-et-brasov-id388334.html"},"modified":"2015-07-11T13:30:00","modified_gmt":"2015-07-11T10:30:00","slug":"arts-plastiques-a-sibiu-et-brasov","status":"publish","type":"post","link":"https:\/\/www.rri.ro\/fr\/chroniques-hebdomadaires\/espace-culture\/arts-plastiques-a-sibiu-et-brasov-id388334.html","title":{"rendered":"Arts plastiques \u00e0 Sibiu et Bra\u015fov"},"content":{"rendered":"<p>De nombreuses expositions personnelles et de groupe figurent au palmar\u00e8s du sculpteur Nicolae Daicu, pr\u00e9sident de l&rsquo;Union des plasticiens de Bra\u015fov. Certaines de ces expositions ont \u00e9t\u00e9 organis\u00e9es \u00e0 l&rsquo;\u00e9tranger &#8211; notamment en France, au Luxembourg, au Danemark et au Japon. <\/p>\n<p>Apr\u00e8s ses \u00e9tudes d&rsquo;art au lyc\u00e9e de Bra\u015fov, en 1971 il d\u00e9cide de se consacrer \u00e0 la sculpture et choisit l&rsquo;Institut d&rsquo;arts plastiques et d\u00e9coratifs de Cluj-Napoca. Encore \u00e9tudiant, il ouvrait d\u00e9j\u00e0 sa premi\u00e8re exposition. <\/p>\n<p>Nicolae Daicu est actuellement professeur \u00e0 l&rsquo;\u00e9cole d&rsquo;arts plastiques de Bra\u015fov : <em class=cms-italic>\u00ab Je travaille dans l&rsquo;enseignement depuis une quarantaine d&rsquo;ann\u00e9es et je dois dire que pendant toute cette p\u00e9riode, je n&rsquo;ai eu aucun moment d&rsquo;ennui. Parmi les jeunes, on garde sa jeunesse. Bien que je sois cens\u00e9 leur apprendre la sculpture, je m&rsquo;\u00e9loigne souvent de cet objet de mon activit\u00e9, pour parler aux jeunes, rempla\u00e7ant m\u00eame les parents et les autres professeurs. C&rsquo;est pourquoi, lors d&rsquo;un sondage organis\u00e9 il y a deux ans, les \u00e9l\u00e8ves m&rsquo;ont d\u00e9sign\u00e9 \u00ab prof de l&rsquo;ann\u00e9e \u00bb. Cela m&rsquo;a beaucoup r\u00e9joui et ils l&rsquo;ont peut-\u00eatre fait parce que nous parlons beaucoup, je r\u00e9ponds \u00e0 leurs questions touchant les sujets les plus divers. Nous le faisons avec une grande libert\u00e9 d&rsquo;esprit et c&rsquo;est pour nous une fa\u00e7on de voyager \u00e0 travers le monde, par la pens\u00e9e. J&rsquo;ai aussi des \u00e9l\u00e8ves atteints de diff\u00e9rentes d\u00e9ficiences. Il y en a plusieurs qui viennent \u00e0 l&rsquo;\u00e9cole dans des fauteuils roulants et je suis tr\u00e8s heureux qu&rsquo;ils aient triomph\u00e9 de cette entrave. Un de mes \u00e9l\u00e8ves est atteint du syndrome de Down, pourtant les autres \u00e9l\u00e8ves l&rsquo;ont accept\u00e9, l&rsquo;ont int\u00e9gr\u00e9, sans faire de diff\u00e9rence par rapport aux autres enfants. \u00bb<\/em><\/p>\n<p>Nicolae Daicu se trouve \u00e0 la t\u00eate de l&rsquo;Union des plasticiens de Bra\u015fov depuis une dizaine d&rsquo;ann\u00e9es. Cr\u00e9\u00e9e en 1946 par un groupe d&rsquo;artistes de la ville, cette union a \u00e9t\u00e9 la premi\u00e8re de ce genre organis\u00e9e en Roumanie : <em class=cms-italic>\u00ab Je ne sais pas qui a adopt\u00e9 qui &#8211; si c&rsquo;est l&rsquo;homme qui a adopt\u00e9 la ville ou la ville qui a adopt\u00e9 l&rsquo;homme, mais cette symbiose me va \u00e0 merveille. Il y a 5 ans, j&rsquo;ai d\u00e9cid\u00e9 de mettre sur pied un mus\u00e9e d&rsquo;art contemporain, en comptant sur les dons d&rsquo;\u0153uvres faits par les artistes. Nous comptons d\u00e9j\u00e0 340 \u0153uvres d&rsquo;art, mais puisque nous ne disposons pas d&rsquo;un espace appropri\u00e9, j&rsquo;envisage de cr\u00e9er un mus\u00e9e virtuel. Quant \u00e0 mon activit\u00e9 artistique, ne pensez pas que l&rsquo;artiste s&rsquo;assied devant une tasse de caf\u00e9 et tout \u00e0 coup l&rsquo;inspiration l&rsquo;envahit. L&rsquo;inspiration, on doit la provoquer et pour ce faire, on doit travailler. Moi, je travaille le bronze et d\u00e9couvrir la technique de la cire perdue a \u00e9t\u00e9 un v\u00e9ritable d\u00e9fi. A pr\u00e9sent, une autre d\u00e9couverte me hante, qui ressemble beaucoup \u00e0 la cire perdue, mais sans utiliser de cire. \u00bb<\/em><\/p>\n<p>Les 18 \u0153uvres monumentales de Nicolae Daicu se trouvent dans diff\u00e9rentes localit\u00e9s du pays. L&rsquo;une d&rsquo;entre elles, repr\u00e9sentant Andrei \u015eaguna, se dresse devant le coll\u00e8ge portant le nom du m\u00e9tropolite. Une autre \u0153uvre, la Colonne du temps, mesurant 8 m\u00e8tres de haut, se trouve \u00e0 Prejmer, non loin de Bra\u015fov, o\u00f9 un atelier de cr\u00e9ation en plein air a \u00e9t\u00e9 organis\u00e9 en 1994. La statue d&rsquo;Avram Iancu a \u00e9t\u00e9 accueillie par la ville de Bra\u015fov. <\/p>\n<p>Pour le sculpteur Nicolae Daicu, le 25 avril 2005, date de la signature du Trait\u00e9 d&rsquo;adh\u00e9sion de la Roumanie \u00e0 l&rsquo;UE, a \u00e9t\u00e9  une journ\u00e9e pas comme les autres. Invit\u00e9 par l&rsquo;ambassade de Roumanie au Luxembourg, l&rsquo;artiste y a expos\u00e9 ses \u0153uvres les plus repr\u00e9sentatives. Une de ses sculptures, un buste de notre po\u00e8te national Mihai Eminescu, il l&rsquo;a offerte aux organisateurs de l&rsquo;exposition.                   <\/p>\n<p>\u00ab Toute ma vie a \u00e9t\u00e9 li\u00e9e \u00e0 la verrerie. Mon p\u00e8re a \u00e9galement \u00e9t\u00e9 artisan verrier. Tout pr\u00e8s de mon village natal, dans le comt\u00e9 de Satu Mare, se trouvait la fabrique de verre de Poiana Codrului, la plus ancienne du pays. Enfant, j&rsquo;y ai vu pour la premi\u00e8re fois les artisans verriers travailler et j&rsquo;ai \u00e9norm\u00e9ment aim\u00e9 ce que j&rsquo;ai vu. Aujourd&rsquo;hui aussi, j&rsquo;ai la conviction que le verrier n&rsquo;est pas un simple travailleur, mais un v\u00e9ritable artiste. Pratiquement j&rsquo;ai commenc\u00e9 \u00e0 z\u00e9ro \u00bb, avoue Ion T\u0103m\u00e2ian, le directeur de l&rsquo;atelier Ion Art Glass de \u015eelimb\u0103r, comt\u00e9 de Sibiu, qui est \u00e9galement pr\u00e9sident de la filiale Sibiu de l&rsquo;Union des plasticiens. L&rsquo;atelier Ion Art Glass produit des objets artistiques et utilitaires \u00e0 la fois : verres, bols, bouteilles de parfum, plateaux, vases et diff\u00e9rentes lampes. <\/p>\n<p><\/p>\n<p>Ion T\u0103m\u00e2ian : <em class=cms-italic>\u00ab On peut faire de tout et se rapprocher le plus possible de l&rsquo;id\u00e9e que nous nous sommes propos\u00e9e. Certes, durant le travail, nous constatons les difficult\u00e9s et nous trouvons des solutions techniques. Je ne peux pas dire qu&rsquo;il existe des choses qui d\u00e9passent nos capacit\u00e9s, mais certes la technologie du verre a ses limites et il faut utiliser diff\u00e9rentes approches. Un bon verrier, un bon cr\u00e9ateur, un technicien peut r\u00e9aliser n&rsquo;importe quoi. Il peut trouver des solutions pour r\u00e9aliser l&rsquo;objet voulu. Nombre de personnes me demandent de r\u00e9aliser un certain objet pr\u00e9cis, selon leur propre imagination. Nous discutons, nous \u00e9changeons des impressions et par le biais des dessins que je pr\u00e9sente, j&rsquo;essaie de r\u00e9aliser un objet original \u00bb. <\/em><\/p>\n<p>L&rsquo;\u0153uvre d&rsquo;art la plus ch\u00e8re jamais produite par l&rsquo;atelier Ion Art Glass a \u00e9t\u00e9 une cr\u00e9ation appel\u00e9e \u00ab Portal \u00bb, \u00e9valu\u00e9e \u00e0 35 mille dollars et vendue \u00e0 un collectionneur priv\u00e9 d&rsquo;Am\u00e9rique. C&rsquo;est \u00e9galement aux Etats-Unis, et plus pr\u00e9cis\u00e9ment \u00e0 la Maison Blanche, que sont arriv\u00e9es ils y a quelques ann\u00e9es des boules de No\u00ebl produites par l&rsquo;atelier de Selimbar. <\/p>\n<p>Ion T\u0103m\u00e2ian, directeur de l&rsquo;atelier : <em class=cms-italic>\u00ab Des touristes du monde entier s&rsquo;y rendent parce que l&rsquo;atelier participe \u00e0 des expositions internationales. Il est connu \u00e0 l&rsquo;\u00e9tranger aussi et c&rsquo;est pourquoi de nombreux touristes de passage par la Transylvanie souhaitent visiter l&rsquo;atelier Ion Art Glass. Nous dirigeons toujours les visiteurs dans l&rsquo;atelier pour qu&rsquo;ils puissent comprendre aussi le c\u00f4t\u00e9 technologique, l&rsquo;explication se fait d&rsquo;une mani\u00e8re interactive et ils sont enchant\u00e9s de pouvoir modeler. C&rsquo;est un atelier qui a pass\u00e9 l&rsquo;\u00e9preuve du temps, nous avons r\u00e9sist\u00e9 surtout parce que nous avons privil\u00e9gi\u00e9 l&rsquo;exportation. C&rsquo;est cela qui nous a soutenus. Nous avons expos\u00e9 dans diff\u00e9rents coins du monde, aux Etats-Unis par exemple, o\u00f9 le march\u00e9 est tr\u00e8s d\u00e9velopp\u00e9. La Chine, les pays nordiques, le Br\u00e9sil, \u00e0 mon avis nous sommes arriv\u00e9s partout dans le monde. Mais la performance, c&rsquo;est r\u00e9ussir \u00e0 ne pas se situer sous les normes et vendre des objets d&rsquo;art dans les conditions actuelles. Gr\u00e2ce aux participations aux foires internationales, nous avons r\u00e9ussi \u00e0 garder le lien avec d&rsquo;importantes galeries d&rsquo;art du monde \u00bb<\/em>. (Trad. : Alex Diaconescu, Dominique)<\/p>\n","protected":false},"excerpt":{"rendered":"<p>De nombreuses expositions personnelles et de groupe figurent au palmar\u00e8s du sculpteur Nicolae Daicu, pr\u00e9sident de l&rsquo;Union des plasticiens de Bra\u015fov. Certaines de ces expositions ont \u00e9t\u00e9 organis\u00e9es \u00e0 l&rsquo;\u00e9tranger &#8211; notamment en France, au Luxembourg, au Danemark et au Japon. Apr\u00e8s ses \u00e9tudes d&rsquo;art au lyc\u00e9e de Bra\u015fov, en 1971 il d\u00e9cide de se [&hellip;]<\/p>\n","protected":false},"author":120,"featured_media":291212,"comment_status":"closed","ping_status":"closed","sticky":false,"template":"","format":"standard","meta":{"_acf_changed":false,"footnotes":""},"categories":[87485],"tags":[88672,149045,88676,87731,86301,88674,88673,88675],"coauthors":[],"class_list":["post-388334","post","type-post","status-publish","format-standard","has-post-thumbnail","hentry","category-espace-culture","tag-arts-plastiques","tag-brasov-fr","tag-consours","tag-navette","tag-peinture","tag-sculputre","tag-sibiun","tag-verrerie"],"acf":[],"yoast_head":"<!-- This site is optimized with the Yoast SEO plugin v27.5 - https:\/\/yoast.com\/product\/yoast-seo-wordpress\/ -->\n<title>Arts plastiques \u00e0 Sibiu et Bra\u015fov - Radio Roumanie Internationale<\/title>\n<meta name=\"robots\" content=\"index, follow, max-snippet:-1, max-image-preview:large, max-video-preview:-1\" \/>\n<link rel=\"canonical\" href=\"https:\/\/www.rri.ro\/fr\/chroniques-hebdomadaires\/espace-culture\/arts-plastiques-a-sibiu-et-brasov-id388334.html\" \/>\n<meta property=\"og:locale\" content=\"fr_FR\" \/>\n<meta property=\"og:type\" content=\"article\" \/>\n<meta property=\"og:title\" content=\"Arts plastiques \u00e0 Sibiu et Bra\u015fov - Radio Roumanie Internationale\" \/>\n<meta property=\"og:description\" content=\"De nombreuses expositions personnelles et de groupe figurent au palmar\u00e8s du sculpteur Nicolae Daicu, pr\u00e9sident de l&rsquo;Union des plasticiens de Bra\u015fov. Certaines de ces expositions ont \u00e9t\u00e9 organis\u00e9es \u00e0 l&rsquo;\u00e9tranger &#8211; notamment en France, au Luxembourg, au Danemark et au Japon. Apr\u00e8s ses \u00e9tudes d&rsquo;art au lyc\u00e9e de Bra\u015fov, en 1971 il d\u00e9cide de se [&hellip;]\" \/>\n<meta property=\"og:url\" content=\"https:\/\/www.rri.ro\/fr\/chroniques-hebdomadaires\/espace-culture\/arts-plastiques-a-sibiu-et-brasov-id388334.html\" \/>\n<meta property=\"og:site_name\" content=\"Radio Roumanie Internationale\" \/>\n<meta property=\"article:published_time\" content=\"2015-07-11T10:30:00+00:00\" \/>\n<meta property=\"og:image\" content=\"https:\/\/www.rri.ro\/wp-content\/uploads\/2023\/10\/tamaian-ion-art-glass-sibiu-sticla.png\" \/>\n\t<meta property=\"og:image:width\" content=\"640\" \/>\n\t<meta property=\"og:image:height\" content=\"480\" \/>\n\t<meta property=\"og:image:type\" content=\"image\/png\" \/>\n<meta name=\"author\" content=\"Roxana Iorgulescu Bandrabur\" \/>\n<meta name=\"twitter:card\" content=\"summary_large_image\" \/>\n<meta name=\"twitter:label1\" content=\"\u00c9crit par\" \/>\n\t<meta name=\"twitter:data1\" content=\"Roxana Iorgulescu Bandrabur\" \/>\n\t<meta name=\"twitter:label2\" content=\"Dur\u00e9e de lecture estim\u00e9e\" \/>\n\t<meta name=\"twitter:data2\" content=\"6 minutes\" \/>\n\t<meta name=\"twitter:label3\" content=\"Written by\" \/>\n\t<meta name=\"twitter:data3\" content=\"Roxana Iorgulescu Bandrabur\" \/>\n<script type=\"application\/ld+json\" class=\"yoast-schema-graph\">{\"@context\":\"https:\\\/\\\/schema.org\",\"@graph\":[{\"@type\":\"Article\",\"@id\":\"https:\\\/\\\/www.rri.ro\\\/fr\\\/chroniques-hebdomadaires\\\/espace-culture\\\/arts-plastiques-a-sibiu-et-brasov-id388334.html#article\",\"isPartOf\":{\"@id\":\"https:\\\/\\\/www.rri.ro\\\/fr\\\/chroniques-hebdomadaires\\\/espace-culture\\\/arts-plastiques-a-sibiu-et-brasov-id388334.html\"},\"author\":{\"name\":\"Roxana Iorgulescu Bandrabur\",\"@id\":\"https:\\\/\\\/www.rri.ro\\\/#\\\/schema\\\/person\\\/50486d446bc7adfed35d428124667c9c\"},\"headline\":\"Arts plastiques \u00e0 Sibiu et Bra\u015fov\",\"datePublished\":\"2015-07-11T10:30:00+00:00\",\"mainEntityOfPage\":{\"@id\":\"https:\\\/\\\/www.rri.ro\\\/fr\\\/chroniques-hebdomadaires\\\/espace-culture\\\/arts-plastiques-a-sibiu-et-brasov-id388334.html\"},\"wordCount\":1260,\"image\":{\"@id\":\"https:\\\/\\\/www.rri.ro\\\/fr\\\/chroniques-hebdomadaires\\\/espace-culture\\\/arts-plastiques-a-sibiu-et-brasov-id388334.html#primaryimage\"},\"thumbnailUrl\":\"https:\\\/\\\/www.rri.ro\\\/wp-content\\\/uploads\\\/2023\\\/10\\\/tamaian-ion-art-glass-sibiu-sticla.png\",\"keywords\":[\"arts plastiques\",\"Brasov\",\"consours\",\"navette\",\"peinture\",\"sculputre\",\"Sibiun\",\"verrerie\"],\"articleSection\":[\"Espace Culture\"],\"inLanguage\":\"fr-FR\"},{\"@type\":\"WebPage\",\"@id\":\"https:\\\/\\\/www.rri.ro\\\/fr\\\/chroniques-hebdomadaires\\\/espace-culture\\\/arts-plastiques-a-sibiu-et-brasov-id388334.html\",\"url\":\"https:\\\/\\\/www.rri.ro\\\/fr\\\/chroniques-hebdomadaires\\\/espace-culture\\\/arts-plastiques-a-sibiu-et-brasov-id388334.html\",\"name\":\"Arts plastiques \u00e0 Sibiu et Bra\u015fov - Radio Roumanie Internationale\",\"isPartOf\":{\"@id\":\"https:\\\/\\\/www.rri.ro\\\/#website\"},\"primaryImageOfPage\":{\"@id\":\"https:\\\/\\\/www.rri.ro\\\/fr\\\/chroniques-hebdomadaires\\\/espace-culture\\\/arts-plastiques-a-sibiu-et-brasov-id388334.html#primaryimage\"},\"image\":{\"@id\":\"https:\\\/\\\/www.rri.ro\\\/fr\\\/chroniques-hebdomadaires\\\/espace-culture\\\/arts-plastiques-a-sibiu-et-brasov-id388334.html#primaryimage\"},\"thumbnailUrl\":\"https:\\\/\\\/www.rri.ro\\\/wp-content\\\/uploads\\\/2023\\\/10\\\/tamaian-ion-art-glass-sibiu-sticla.png\",\"datePublished\":\"2015-07-11T10:30:00+00:00\",\"author\":{\"@id\":\"https:\\\/\\\/www.rri.ro\\\/#\\\/schema\\\/person\\\/50486d446bc7adfed35d428124667c9c\"},\"breadcrumb\":{\"@id\":\"https:\\\/\\\/www.rri.ro\\\/fr\\\/chroniques-hebdomadaires\\\/espace-culture\\\/arts-plastiques-a-sibiu-et-brasov-id388334.html#breadcrumb\"},\"inLanguage\":\"fr-FR\",\"potentialAction\":[{\"@type\":\"ReadAction\",\"target\":[\"https:\\\/\\\/www.rri.ro\\\/fr\\\/chroniques-hebdomadaires\\\/espace-culture\\\/arts-plastiques-a-sibiu-et-brasov-id388334.html\"]}]},{\"@type\":\"ImageObject\",\"inLanguage\":\"fr-FR\",\"@id\":\"https:\\\/\\\/www.rri.ro\\\/fr\\\/chroniques-hebdomadaires\\\/espace-culture\\\/arts-plastiques-a-sibiu-et-brasov-id388334.html#primaryimage\",\"url\":\"https:\\\/\\\/www.rri.ro\\\/wp-content\\\/uploads\\\/2023\\\/10\\\/tamaian-ion-art-glass-sibiu-sticla.png\",\"contentUrl\":\"https:\\\/\\\/www.rri.ro\\\/wp-content\\\/uploads\\\/2023\\\/10\\\/tamaian-ion-art-glass-sibiu-sticla.png\",\"width\":640,\"height\":480},{\"@type\":\"BreadcrumbList\",\"@id\":\"https:\\\/\\\/www.rri.ro\\\/fr\\\/chroniques-hebdomadaires\\\/espace-culture\\\/arts-plastiques-a-sibiu-et-brasov-id388334.html#breadcrumb\",\"itemListElement\":[{\"@type\":\"ListItem\",\"position\":1,\"name\":\"Page d'accueil\",\"item\":\"https:\\\/\\\/www.rri.ro\\\/fr\"},{\"@type\":\"ListItem\",\"position\":2,\"name\":\"Chroniques hebdomadaires\",\"item\":\"https:\\\/\\\/www.rri.ro\\\/fr\\\/chroniques-hebdomadaires\"},{\"@type\":\"ListItem\",\"position\":3,\"name\":\"Espace Culture\",\"item\":\"https:\\\/\\\/www.rri.ro\\\/fr\\\/chroniques-hebdomadaires\\\/espace-culture\"},{\"@type\":\"ListItem\",\"position\":4,\"name\":\"Arts plastiques \u00e0 Sibiu et Bra\u015fov\"}]},{\"@type\":\"WebSite\",\"@id\":\"https:\\\/\\\/www.rri.ro\\\/#website\",\"url\":\"https:\\\/\\\/www.rri.ro\\\/\",\"name\":\"Radio Roumanie Internationale\",\"description\":\"Totul despre Rom\u00e2nia \u015fi rom\u00e2ni, \u00een 13 limbi\\\/dialecte!\",\"inLanguage\":\"fr-FR\"},{\"@type\":\"Person\",\"@id\":\"https:\\\/\\\/www.rri.ro\\\/#\\\/schema\\\/person\\\/50486d446bc7adfed35d428124667c9c\",\"name\":\"Roxana Iorgulescu Bandrabur\",\"url\":\"https:\\\/\\\/www.rri.ro\\\/fr\\\/author\\\/roxana-iorgulescu-bandrabur\"}]}<\/script>\n<!-- \/ Yoast SEO plugin. -->","yoast_head_json":{"title":"Arts plastiques \u00e0 Sibiu et Bra\u015fov - Radio Roumanie Internationale","robots":{"index":"index","follow":"follow","max-snippet":"max-snippet:-1","max-image-preview":"max-image-preview:large","max-video-preview":"max-video-preview:-1"},"canonical":"https:\/\/www.rri.ro\/fr\/chroniques-hebdomadaires\/espace-culture\/arts-plastiques-a-sibiu-et-brasov-id388334.html","og_locale":"fr_FR","og_type":"article","og_title":"Arts plastiques \u00e0 Sibiu et Bra\u015fov - Radio Roumanie Internationale","og_description":"De nombreuses expositions personnelles et de groupe figurent au palmar\u00e8s du sculpteur Nicolae Daicu, pr\u00e9sident de l&rsquo;Union des plasticiens de Bra\u015fov. Certaines de ces expositions ont \u00e9t\u00e9 organis\u00e9es \u00e0 l&rsquo;\u00e9tranger &#8211; notamment en France, au Luxembourg, au Danemark et au Japon. Apr\u00e8s ses \u00e9tudes d&rsquo;art au lyc\u00e9e de Bra\u015fov, en 1971 il d\u00e9cide de se [&hellip;]","og_url":"https:\/\/www.rri.ro\/fr\/chroniques-hebdomadaires\/espace-culture\/arts-plastiques-a-sibiu-et-brasov-id388334.html","og_site_name":"Radio Roumanie Internationale","article_published_time":"2015-07-11T10:30:00+00:00","og_image":[{"width":640,"height":480,"url":"https:\/\/www.rri.ro\/wp-content\/uploads\/2023\/10\/tamaian-ion-art-glass-sibiu-sticla.png","type":"image\/png"}],"author":"Roxana Iorgulescu Bandrabur","twitter_card":"summary_large_image","twitter_misc":{"\u00c9crit par":"Roxana Iorgulescu Bandrabur","Dur\u00e9e de lecture estim\u00e9e":"6 minutes","Written by":"Roxana Iorgulescu Bandrabur"},"schema":{"@context":"https:\/\/schema.org","@graph":[{"@type":"Article","@id":"https:\/\/www.rri.ro\/fr\/chroniques-hebdomadaires\/espace-culture\/arts-plastiques-a-sibiu-et-brasov-id388334.html#article","isPartOf":{"@id":"https:\/\/www.rri.ro\/fr\/chroniques-hebdomadaires\/espace-culture\/arts-plastiques-a-sibiu-et-brasov-id388334.html"},"author":{"name":"Roxana Iorgulescu Bandrabur","@id":"https:\/\/www.rri.ro\/#\/schema\/person\/50486d446bc7adfed35d428124667c9c"},"headline":"Arts plastiques \u00e0 Sibiu et Bra\u015fov","datePublished":"2015-07-11T10:30:00+00:00","mainEntityOfPage":{"@id":"https:\/\/www.rri.ro\/fr\/chroniques-hebdomadaires\/espace-culture\/arts-plastiques-a-sibiu-et-brasov-id388334.html"},"wordCount":1260,"image":{"@id":"https:\/\/www.rri.ro\/fr\/chroniques-hebdomadaires\/espace-culture\/arts-plastiques-a-sibiu-et-brasov-id388334.html#primaryimage"},"thumbnailUrl":"https:\/\/www.rri.ro\/wp-content\/uploads\/2023\/10\/tamaian-ion-art-glass-sibiu-sticla.png","keywords":["arts plastiques","Brasov","consours","navette","peinture","sculputre","Sibiun","verrerie"],"articleSection":["Espace Culture"],"inLanguage":"fr-FR"},{"@type":"WebPage","@id":"https:\/\/www.rri.ro\/fr\/chroniques-hebdomadaires\/espace-culture\/arts-plastiques-a-sibiu-et-brasov-id388334.html","url":"https:\/\/www.rri.ro\/fr\/chroniques-hebdomadaires\/espace-culture\/arts-plastiques-a-sibiu-et-brasov-id388334.html","name":"Arts plastiques \u00e0 Sibiu et Bra\u015fov - Radio Roumanie Internationale","isPartOf":{"@id":"https:\/\/www.rri.ro\/#website"},"primaryImageOfPage":{"@id":"https:\/\/www.rri.ro\/fr\/chroniques-hebdomadaires\/espace-culture\/arts-plastiques-a-sibiu-et-brasov-id388334.html#primaryimage"},"image":{"@id":"https:\/\/www.rri.ro\/fr\/chroniques-hebdomadaires\/espace-culture\/arts-plastiques-a-sibiu-et-brasov-id388334.html#primaryimage"},"thumbnailUrl":"https:\/\/www.rri.ro\/wp-content\/uploads\/2023\/10\/tamaian-ion-art-glass-sibiu-sticla.png","datePublished":"2015-07-11T10:30:00+00:00","author":{"@id":"https:\/\/www.rri.ro\/#\/schema\/person\/50486d446bc7adfed35d428124667c9c"},"breadcrumb":{"@id":"https:\/\/www.rri.ro\/fr\/chroniques-hebdomadaires\/espace-culture\/arts-plastiques-a-sibiu-et-brasov-id388334.html#breadcrumb"},"inLanguage":"fr-FR","potentialAction":[{"@type":"ReadAction","target":["https:\/\/www.rri.ro\/fr\/chroniques-hebdomadaires\/espace-culture\/arts-plastiques-a-sibiu-et-brasov-id388334.html"]}]},{"@type":"ImageObject","inLanguage":"fr-FR","@id":"https:\/\/www.rri.ro\/fr\/chroniques-hebdomadaires\/espace-culture\/arts-plastiques-a-sibiu-et-brasov-id388334.html#primaryimage","url":"https:\/\/www.rri.ro\/wp-content\/uploads\/2023\/10\/tamaian-ion-art-glass-sibiu-sticla.png","contentUrl":"https:\/\/www.rri.ro\/wp-content\/uploads\/2023\/10\/tamaian-ion-art-glass-sibiu-sticla.png","width":640,"height":480},{"@type":"BreadcrumbList","@id":"https:\/\/www.rri.ro\/fr\/chroniques-hebdomadaires\/espace-culture\/arts-plastiques-a-sibiu-et-brasov-id388334.html#breadcrumb","itemListElement":[{"@type":"ListItem","position":1,"name":"Page d'accueil","item":"https:\/\/www.rri.ro\/fr"},{"@type":"ListItem","position":2,"name":"Chroniques hebdomadaires","item":"https:\/\/www.rri.ro\/fr\/chroniques-hebdomadaires"},{"@type":"ListItem","position":3,"name":"Espace Culture","item":"https:\/\/www.rri.ro\/fr\/chroniques-hebdomadaires\/espace-culture"},{"@type":"ListItem","position":4,"name":"Arts plastiques \u00e0 Sibiu et Bra\u015fov"}]},{"@type":"WebSite","@id":"https:\/\/www.rri.ro\/#website","url":"https:\/\/www.rri.ro\/","name":"Radio Roumanie Internationale","description":"Totul despre Rom\u00e2nia \u015fi rom\u00e2ni, \u00een 13 limbi\/dialecte!","inLanguage":"fr-FR"},{"@type":"Person","@id":"https:\/\/www.rri.ro\/#\/schema\/person\/50486d446bc7adfed35d428124667c9c","name":"Roxana Iorgulescu Bandrabur","url":"https:\/\/www.rri.ro\/fr\/author\/roxana-iorgulescu-bandrabur"}]}},"_links":{"self":[{"href":"https:\/\/www.rri.ro\/fr\/wp-json\/wp\/v2\/posts\/388334","targetHints":{"allow":["GET"]}}],"collection":[{"href":"https:\/\/www.rri.ro\/fr\/wp-json\/wp\/v2\/posts"}],"about":[{"href":"https:\/\/www.rri.ro\/fr\/wp-json\/wp\/v2\/types\/post"}],"author":[{"embeddable":true,"href":"https:\/\/www.rri.ro\/fr\/wp-json\/wp\/v2\/users\/120"}],"replies":[{"embeddable":true,"href":"https:\/\/www.rri.ro\/fr\/wp-json\/wp\/v2\/comments?post=388334"}],"version-history":[{"count":0,"href":"https:\/\/www.rri.ro\/fr\/wp-json\/wp\/v2\/posts\/388334\/revisions"}],"wp:featuredmedia":[{"embeddable":true,"href":"https:\/\/www.rri.ro\/fr\/wp-json\/wp\/v2\/media\/291212"}],"wp:attachment":[{"href":"https:\/\/www.rri.ro\/fr\/wp-json\/wp\/v2\/media?parent=388334"}],"wp:term":[{"taxonomy":"category","embeddable":true,"href":"https:\/\/www.rri.ro\/fr\/wp-json\/wp\/v2\/categories?post=388334"},{"taxonomy":"post_tag","embeddable":true,"href":"https:\/\/www.rri.ro\/fr\/wp-json\/wp\/v2\/tags?post=388334"},{"taxonomy":"author","embeddable":true,"href":"https:\/\/www.rri.ro\/fr\/wp-json\/wp\/v2\/coauthors?post=388334"}],"curies":[{"name":"wp","href":"https:\/\/api.w.org\/{rel}","templated":true}]}}