{"id":388945,"date":"2023-02-11T11:00:00","date_gmt":"2023-02-11T09:00:00","guid":{"rendered":"http:\/\/devrri.freshlemon.ro\/le-roumain-mot-a-mot\/consulter-les-lecons\/lexposition-max-hermann-maxy-de-lavant-garde-au-socialisme-id388945.html"},"modified":"2023-02-11T11:00:00","modified_gmt":"2023-02-11T09:00:00","slug":"lexposition-max-hermann-maxy-de-lavant-garde-au-socialisme","status":"publish","type":"post","link":"https:\/\/www.rri.ro\/fr\/chroniques-hebdomadaires\/espace-culture\/lexposition-max-hermann-maxy-de-lavant-garde-au-socialisme-id388945.html","title":{"rendered":"L\u2019exposition \u00ab Max Hermann Maxy \u2013 De l\u2019avant-garde au socialisme \u00bb"},"content":{"rendered":"<\/p>\n<p>Le Mus\u00e9e national d&rsquo;art de Roumanie (MNAR) invite&#13;<br \/>\nson public \u00e0 une nouvelle exposition, ouverte jusqu&rsquo;\u00e0 la fin du mois d&rsquo;avril. Intitul\u00e9e&#13;<br \/>\n\u00ab M.H. Maxy &#8211; De l&rsquo;avant-garde au socialisme \u00bb, elle est consacr\u00e9e \u00e0&#13;<br \/>\nMax Hermann Maxy, artiste roumain d&rsquo;origine juive qui a v\u00e9cu entre 1895 et 1971.&#13;<br \/>\nPeintre, sc\u00e9nographe, professeur \u00e0 L&rsquo;Institut des arts plastiques, Maxy a \u00e9t\u00e9&#13;<br \/>\nun des plus importants membres de l&rsquo;avant-garde de Roumanie, fondateur de la&#13;<br \/>\nrevue \u00ab Integral \u00bb et directeur du Mus\u00e9e d&rsquo;art du pays. Il fut une&#13;<br \/>\npersonnalit\u00e9 en \u00e9gale mesure complexe et forte, controvers\u00e9e et critiqu\u00e9e, un artiste&#13;<br \/>\ndont le talent s&rsquo;est exprim\u00e9 durant deux \u00e9poques historiques distinctes: dans&#13;<br \/>\nla Roumanie monarchique jusqu&rsquo;en 1947 et dans la Roumanie du nouveau r\u00e9gime&#13;<br \/>\ncommuniste au cours de la seconde partie de sa vie. <\/p>\n<p><\/p>\n<p>L&rsquo;exposition suit la&#13;<br \/>\nchronologie de la biographie de l&rsquo;artiste \u00e0 travers des peintures, de l&rsquo;art&#13;<br \/>\ngraphique, des projets de sc\u00e9nographie, des objets d&rsquo;art et des revues. Le&#13;<br \/>\ndirecteur g\u00e9n\u00e9ral du MNAR et commissaire de l&rsquo;exposition, C\u0103lin Stegerean, a&#13;<br \/>\nparl\u00e9 de l&rsquo;artiste:&#13;<br \/>\n\u00ab Il a \u00e9t\u00e9 une figure exceptionnelle de l&rsquo;art roumain du XX\u00e8me si\u00e8cle,&#13;<br \/>\npremi\u00e8rement en tant que chef de file du mouvement d&rsquo;avant-garde \u00e0&#13;<br \/>\nl&rsquo;entre-deux-guerres, fondateur d&rsquo;une importante revue d&rsquo;avant-garde, \u00ab Integral \u00bb,&#13;<br \/>\net d&rsquo;un atelier d&rsquo;art d\u00e9coratif autour de cette revue. En m\u00eame temps, il a \u00e9t\u00e9&#13;<br \/>\nun sc\u00e9nographe tr\u00e8s dou\u00e9, qui a travaill\u00e9 avec diff\u00e9rentes troupes de th\u00e9\u00e2tre&#13;<br \/>\nd&rsquo;avant-garde. Apr\u00e8s l&rsquo;av\u00e8nement du r\u00e9gime communiste, il a occup\u00e9 plusieurs&#13;<br \/>\nfonctions dirigeantes dans l&rsquo;appareil d&rsquo;\u00c9tat.&#13;<br \/>\nAinsi, par exemple, fut-il le pr\u00e9sident de \u00ab Fondul Plastic \u00bb ou&#13;<br \/>\nencore, \u00e0 partir de 1950, le directeur du premier Mus\u00e9e national d&rsquo;art de&#13;<br \/>\nRoumanie, d\u00e9nomm\u00e9 \u00e0 l&rsquo;\u00e9poque le \u00ab Mus\u00e9e d&rsquo;art de la R\u00e9publique Populaire&#13;<br \/>\nRoumaine \u00bb. Il a appuy\u00e9 le mouvement d&rsquo;avant-garde, qu&rsquo;il avait d\u00e9couvert&#13;<br \/>\nen Allemagne, o\u00f9 il avait fait ses \u00e9tudes. Plus tard, il a int\u00e9gr\u00e9 les rangs&#13;<br \/>\ndes organisateurs de grandes expositions d&rsquo;art d&rsquo;avant-garde de&#13;<br \/>\nl&rsquo;entre-deux-guerres en Roumanie, \u00e9crivant aussi pour toutes les revues&#13;<br \/>\nsp\u00e9cialis\u00e9es, v\u00e9ritable lieu de rencontre des arts plastiques avec la&#13;<br \/>\nphilosophie, avec tout ce qui a renouvel\u00e9 le langage artistique. Il a \u00e9t\u00e9 un&#13;<br \/>\nami proche de Marcel Iancu, de Tristan Tzara, Ilarie Voronca, Ion C\u0103lug\u0103ru, tous&#13;<br \/>\ndes collaborateurs de la revue \u00ab Integral \u00bb. Le lien \u00e9tait tr\u00e8s fort,&#13;<br \/>\ncar les \u00e9lites s&rsquo;appr\u00e9ciaient mutuellement et se fr\u00e9quentaient. En 1942, il a&#13;<br \/>\nrejoint le Parti communiste. L&rsquo;\u00e9poque \u00e9tait tr\u00e8s trouble, les Juifs \u00e9taient pers\u00e9cut\u00e9s,&#13;<br \/>\nil y avait ces actions dont le but \u00e9tait de supprimer l&rsquo;ethnie juive. Mais le&#13;<br \/>\nmouvement d&rsquo;avant-garde rassemblait des gens de gauche, leur passage aux&#13;<br \/>\nrecettes du r\u00e9alisme socialiste ayant emprunt\u00e9 un chemin l\u00e9g\u00e8rement diff\u00e9rent&#13;<br \/>\nde celui d&rsquo;autres artistes. Maxy s&rsquo;est int\u00e9ress\u00e9 aux cat\u00e9gories de population&#13;<br \/>\nd\u00e9favoris\u00e9es de Roumanie. Les ann\u00e9es 1930-40 t\u00e9moignent de cet int\u00e9r\u00eat pour les&#13;<br \/>\nouvriers, pour les gueules-noires, pour ces classes qui n&rsquo;\u00e9taient pas des plus&#13;<br \/>\nfavoris\u00e9es. Du point de vue de la conception, l&rsquo;exposition prend en compte les&#13;<br \/>\ndeux \u00e9poques historiques, d&rsquo;une \u00e9tendue quasi \u00e9gale, couverte par son activit\u00e9&#13;<br \/>\n&#8211; la p\u00e9riode monarchique et la p\u00e9riode communiste. Reconnu comme chef de file,&#13;<br \/>\nil a \u00e9t\u00e9 le promoteur d&rsquo;un renouveau du langage artistique, durant la premi\u00e8re&#13;<br \/>\np\u00e9riode, un renouveau dont notre culture avait fortement besoin, en plus d&rsquo;une&#13;<br \/>\nouverture vers l&rsquo;international. Durant la seconde p\u00e9riode, il a lanc\u00e9 des&#13;<br \/>\nsignaux concernant une certaine libert\u00e9 de cr\u00e9ation, de repr\u00e9sentation, qui l&rsquo;a&#13;<br \/>\npouss\u00e9 \u00e0 r\u00e9cup\u00e9rer en quelque sorte les \u00e9l\u00e9ments d&rsquo;expression utilis\u00e9s \u00e0&#13;<br \/>\nl&rsquo;entre-deux-guerres. Certes, sans l&rsquo;envergure ni l&rsquo;inspiration de cette&#13;<br \/>\np\u00e9riode, mais rendre cela possible apr\u00e8s une p\u00e9riode de pression et de&#13;<br \/>\ndogmatisme id\u00e9ologiques fut un signal tr\u00e8s fort pour les coll\u00e8gues&#13;<br \/>\nartistes. \u00bb<\/p>\n<p><\/p>\n<p>&#13;<br \/>\n&#13;<\/p>\n<p>C\u0103lin Stegerean a \u00e9galement parl\u00e9 de l&rsquo;activit\u00e9 de&#13;<br \/>\nMaxy \u00e0 la t\u00eate du MNAR: \u00ab Maxy a pratiquement configur\u00e9 ce mus\u00e9e. Je dois vous dire que les&#13;<br \/>\nmeilleurs entrep\u00f4ts de tableaux sont ceux mis en place par Maxy dans ce mus\u00e9e.&#13;<br \/>\nEt c&rsquo;est aussi lui qui, avec d&rsquo;autres coll\u00e8gues, a organis\u00e9 la Galerie d&rsquo;art&#13;<br \/>\nroumain et la Galerie d&rsquo;art universel. En m\u00eame temps, il a eu l&rsquo;id\u00e9e de cr\u00e9er&#13;<br \/>\ndes activit\u00e9s parall\u00e8les aux expositions, dans le but d&rsquo;\u00e9duquer le public et de&#13;<br \/>\nsoutenir le lien entre les arts et la vie. \u00bb<\/p>\n<p><\/p>\n<p>&#13;<br \/>\n&#13;<\/p>\n<p>Lors du vernissage de l&rsquo;exposition, le pr\u00e9sident&#13;<br \/>\nde la F\u00e9d\u00e9ration des Communaut\u00e9s juives de Roumanie, Silviu Vexler, a parl\u00e9 lui&#13;<br \/>\naussi de Maxy: \u00ab Maxy est une des personnalit\u00e9s les plus complexes de l&rsquo;art roumain, tout&#13;<br \/>\nen \u00e9tant aussi l&rsquo;un des artistes  juifs&#13;<br \/>\nles plus connus de Roumanie, aux c\u00f4t\u00e9s de Marcel Iancu, de Victor Brauner ;&#13;<br \/>\nils sont, si vous voulez, les symboles les plus visibles et les plus facilement&#13;<br \/>\nreconnaissables de la pr\u00e9sence des artistes juifs de Roumanie. En m\u00eame temps, Maxy&#13;<br \/>\nest un artiste extr\u00eamement complexe dont les cr\u00e9ations changent avec le&#13;<br \/>\ncontexte des \u00e9poques travers\u00e9es. Il est donc essentiel de pr\u00e9senter,&#13;<br \/>\nsimultan\u00e9ment avec ses tableaux, le contexte de leur cr\u00e9ation et de l&rsquo;activit\u00e9&#13;<br \/>\nde Maxy. Pourtant, bien qu&rsquo;il ait \u00e9t\u00e9 une personnalit\u00e9 d&rsquo;une telle envergure,&#13;<br \/>\nMaxy a \u00e9t\u00e9 tr\u00e8s peu connu du large public et l&rsquo;exposition propos\u00e9e par le Mus\u00e9e&#13;<br \/>\nnational d&rsquo;art est une chance exceptionnelle de le d\u00e9couvrir. \u00bb<\/p>\n<p><\/p>\n<p>&#13;<br \/>\n&#13;<\/p>\n<p>Silviu Vexler a aussi parl\u00e9 de Maxy l&rsquo;homme: \u00ab Je ne crois&#13;<br \/>\npas que l&rsquo;on puisse ignorer les personnes. Je crois que l&rsquo;on peut arriver \u00e0 un&#13;<br \/>\npoint o\u00f9 l&rsquo;on comprenne que, parfois, la cr\u00e9ation n&rsquo;a pas de lien avec certains&#13;<br \/>\naspects n\u00e9gatifs de l&rsquo;individu, mais on ne peut pas passer l&rsquo;\u00e9ponge dessus. La&#13;<br \/>\nsituation de ce genre la plus c\u00e9l\u00e8bre est celle de Wagner. Jusqu&rsquo;\u00e0 l&rsquo;heure o\u00f9&#13;<br \/>\nl&rsquo;on parle, Wagner est un artiste non seulement extr\u00eamement controvers\u00e9, mais,&#13;<br \/>\npar exemple en Isra\u00ebl, sa musique a \u00e9t\u00e9 \u00e0 l&rsquo;affiche d&rsquo;un seul concert. En m\u00eame&#13;<br \/>\ntemps, il est impossible de ne pas reconna\u00eetre que l&rsquo;\u0153uvre de Wagner est un&#13;<br \/>\n\u00e9l\u00e9ment fondamental de la signification de l&rsquo;op\u00e9ra. Mais je ne suis pas&#13;<br \/>\nd&rsquo;accord avec les tentatives de rayer tout ce qui a \u00e9t\u00e9 n\u00e9gatif dans la vie&#13;<br \/>\nd&rsquo;une quelconque personne en raison de son \u0153uvre. Ces deux choses sont compl\u00e9mentaires, \u00e0 mon avis, il faut les&#13;<br \/>\nconna\u00eetre toutes les deux et comprendre leur vraie valeur. Ce qu&rsquo;un artiste&#13;<br \/>\npense aura in\u00e9vitablement une influence sur son \u0153uvre. C&rsquo;est pour cela que je soulignerais la valeur ajout\u00e9e de cette&#13;<br \/>\nexposition d\u00e9di\u00e9e \u00e0 Maxy se trouve dans le fait qu&rsquo;elle montre toutes les&#13;<br \/>\nfacettes de sa vie. Ce ne sont pas de simples toiles expos\u00e9es, car le contexte&#13;<br \/>\nde la soci\u00e9t\u00e9 dans laquelle il les avait cr\u00e9\u00e9es, l&rsquo;\u00e9volution de sa vie et la&#13;<br \/>\nmani\u00e8re dont son \u0153uvre en a \u00e9t\u00e9 touch\u00e9e ont un grand poids. \u00bb,&#13;<br \/>\na conclu le&#13;<br \/>\npr\u00e9sident de la F\u00e9d\u00e9ration des Communaut\u00e9s juives de Roumanie, Silviu Vexler.&#13;<br \/>\n(Trad. Ileana \u0162\u0103roi)<\/p>\n<p><\/p>\n","protected":false},"excerpt":{"rendered":"<p>Le Mus\u00e9e national d&rsquo;art de Roumanie (MNAR) invite&#13; son public \u00e0 une nouvelle exposition, ouverte jusqu&rsquo;\u00e0 la fin du mois d&rsquo;avril. Intitul\u00e9e&#13; \u00ab M.H. Maxy &#8211; De l&rsquo;avant-garde au socialisme \u00bb, elle est consacr\u00e9e \u00e0&#13; Max Hermann Maxy, artiste roumain d&rsquo;origine juive qui a v\u00e9cu entre 1895 et 1971.&#13; Peintre, sc\u00e9nographe, professeur \u00e0 L&rsquo;Institut des [&hellip;]<\/p>\n","protected":false},"author":139,"featured_media":292385,"comment_status":"closed","ping_status":"closed","sticky":false,"template":"","format":"standard","meta":{"_acf_changed":false,"footnotes":""},"categories":[87485],"tags":[85639,55579,88948],"coauthors":[],"class_list":["post-388945","post","type-post","status-publish","format-standard","has-post-thumbnail","hentry","category-espace-culture","tag-exposition","tag-max-hermann-maxy","tag-musee-national-dart-de-roumanie"],"acf":[],"yoast_head":"<!-- This site is optimized with the Yoast SEO plugin v27.5 - https:\/\/yoast.com\/product\/yoast-seo-wordpress\/ -->\n<title>L\u2019exposition \u00ab Max Hermann Maxy \u2013 De l\u2019avant-garde au socialisme \u00bb - Radio Roumanie Internationale<\/title>\n<meta name=\"robots\" content=\"index, follow, max-snippet:-1, max-image-preview:large, max-video-preview:-1\" \/>\n<link rel=\"canonical\" href=\"https:\/\/www.rri.ro\/fr\/chroniques-hebdomadaires\/espace-culture\/lexposition-max-hermann-maxy-de-lavant-garde-au-socialisme-id388945.html\" \/>\n<meta property=\"og:locale\" content=\"fr_FR\" \/>\n<meta property=\"og:type\" content=\"article\" \/>\n<meta property=\"og:title\" content=\"L\u2019exposition \u00ab Max Hermann Maxy \u2013 De l\u2019avant-garde au socialisme \u00bb - Radio Roumanie Internationale\" \/>\n<meta property=\"og:description\" content=\"Le Mus\u00e9e national d&rsquo;art de Roumanie (MNAR) invite&#013; son public \u00e0 une nouvelle exposition, ouverte jusqu&rsquo;\u00e0 la fin du mois d&rsquo;avril. Intitul\u00e9e&#013; \u00ab M.H. Maxy &#8211; De l&rsquo;avant-garde au socialisme \u00bb, elle est consacr\u00e9e \u00e0&#013; Max Hermann Maxy, artiste roumain d&rsquo;origine juive qui a v\u00e9cu entre 1895 et 1971.&#013; Peintre, sc\u00e9nographe, professeur \u00e0 L&rsquo;Institut des [&hellip;]\" \/>\n<meta property=\"og:url\" content=\"https:\/\/www.rri.ro\/fr\/chroniques-hebdomadaires\/espace-culture\/lexposition-max-hermann-maxy-de-lavant-garde-au-socialisme-id388945.html\" \/>\n<meta property=\"og:site_name\" content=\"Radio Roumanie Internationale\" \/>\n<meta property=\"article:published_time\" content=\"2023-02-11T09:00:00+00:00\" \/>\n<meta property=\"og:image\" content=\"https:\/\/www.rri.ro\/wp-content\/uploads\/2023\/10\/expozitie-Max-Hermann-Maxy-foto-eugen-rri.png\" \/>\n\t<meta property=\"og:image:width\" content=\"640\" \/>\n\t<meta property=\"og:image:height\" content=\"480\" \/>\n\t<meta property=\"og:image:type\" content=\"image\/png\" \/>\n<meta name=\"author\" content=\"Ion Puican\" \/>\n<meta name=\"twitter:card\" content=\"summary_large_image\" \/>\n<meta name=\"twitter:label1\" content=\"\u00c9crit par\" \/>\n\t<meta name=\"twitter:data1\" content=\"Ion Puican\" \/>\n\t<meta name=\"twitter:label2\" content=\"Dur\u00e9e de lecture estim\u00e9e\" \/>\n\t<meta name=\"twitter:data2\" content=\"6 minutes\" \/>\n\t<meta name=\"twitter:label3\" content=\"Written by\" \/>\n\t<meta name=\"twitter:data3\" content=\"Ion Puican\" \/>\n<script type=\"application\/ld+json\" class=\"yoast-schema-graph\">{\"@context\":\"https:\\\/\\\/schema.org\",\"@graph\":[{\"@type\":\"Article\",\"@id\":\"https:\\\/\\\/www.rri.ro\\\/fr\\\/chroniques-hebdomadaires\\\/espace-culture\\\/lexposition-max-hermann-maxy-de-lavant-garde-au-socialisme-id388945.html#article\",\"isPartOf\":{\"@id\":\"https:\\\/\\\/www.rri.ro\\\/fr\\\/chroniques-hebdomadaires\\\/espace-culture\\\/lexposition-max-hermann-maxy-de-lavant-garde-au-socialisme-id388945.html\"},\"author\":{\"name\":\"Ion Puican\",\"@id\":\"https:\\\/\\\/www.rri.ro\\\/#\\\/schema\\\/person\\\/e42eab6499191ec26ce23fe01ad35cb0\"},\"headline\":\"L\u2019exposition \u00ab Max Hermann Maxy \u2013 De l\u2019avant-garde au socialisme \u00bb\",\"datePublished\":\"2023-02-11T09:00:00+00:00\",\"mainEntityOfPage\":{\"@id\":\"https:\\\/\\\/www.rri.ro\\\/fr\\\/chroniques-hebdomadaires\\\/espace-culture\\\/lexposition-max-hermann-maxy-de-lavant-garde-au-socialisme-id388945.html\"},\"wordCount\":1287,\"image\":{\"@id\":\"https:\\\/\\\/www.rri.ro\\\/fr\\\/chroniques-hebdomadaires\\\/espace-culture\\\/lexposition-max-hermann-maxy-de-lavant-garde-au-socialisme-id388945.html#primaryimage\"},\"thumbnailUrl\":\"https:\\\/\\\/www.rri.ro\\\/wp-content\\\/uploads\\\/2023\\\/10\\\/expozitie-Max-Hermann-Maxy-foto-eugen-rri.png\",\"keywords\":[\"exposition\",\"Max Hermann Maxy\",\"Mus\u00e9e national d'art de Roumanie\"],\"articleSection\":[\"Espace Culture\"],\"inLanguage\":\"fr-FR\"},{\"@type\":\"WebPage\",\"@id\":\"https:\\\/\\\/www.rri.ro\\\/fr\\\/chroniques-hebdomadaires\\\/espace-culture\\\/lexposition-max-hermann-maxy-de-lavant-garde-au-socialisme-id388945.html\",\"url\":\"https:\\\/\\\/www.rri.ro\\\/fr\\\/chroniques-hebdomadaires\\\/espace-culture\\\/lexposition-max-hermann-maxy-de-lavant-garde-au-socialisme-id388945.html\",\"name\":\"L\u2019exposition \u00ab Max Hermann Maxy \u2013 De l\u2019avant-garde au socialisme \u00bb - Radio Roumanie Internationale\",\"isPartOf\":{\"@id\":\"https:\\\/\\\/www.rri.ro\\\/#website\"},\"primaryImageOfPage\":{\"@id\":\"https:\\\/\\\/www.rri.ro\\\/fr\\\/chroniques-hebdomadaires\\\/espace-culture\\\/lexposition-max-hermann-maxy-de-lavant-garde-au-socialisme-id388945.html#primaryimage\"},\"image\":{\"@id\":\"https:\\\/\\\/www.rri.ro\\\/fr\\\/chroniques-hebdomadaires\\\/espace-culture\\\/lexposition-max-hermann-maxy-de-lavant-garde-au-socialisme-id388945.html#primaryimage\"},\"thumbnailUrl\":\"https:\\\/\\\/www.rri.ro\\\/wp-content\\\/uploads\\\/2023\\\/10\\\/expozitie-Max-Hermann-Maxy-foto-eugen-rri.png\",\"datePublished\":\"2023-02-11T09:00:00+00:00\",\"author\":{\"@id\":\"https:\\\/\\\/www.rri.ro\\\/#\\\/schema\\\/person\\\/e42eab6499191ec26ce23fe01ad35cb0\"},\"breadcrumb\":{\"@id\":\"https:\\\/\\\/www.rri.ro\\\/fr\\\/chroniques-hebdomadaires\\\/espace-culture\\\/lexposition-max-hermann-maxy-de-lavant-garde-au-socialisme-id388945.html#breadcrumb\"},\"inLanguage\":\"fr-FR\",\"potentialAction\":[{\"@type\":\"ReadAction\",\"target\":[\"https:\\\/\\\/www.rri.ro\\\/fr\\\/chroniques-hebdomadaires\\\/espace-culture\\\/lexposition-max-hermann-maxy-de-lavant-garde-au-socialisme-id388945.html\"]}]},{\"@type\":\"ImageObject\",\"inLanguage\":\"fr-FR\",\"@id\":\"https:\\\/\\\/www.rri.ro\\\/fr\\\/chroniques-hebdomadaires\\\/espace-culture\\\/lexposition-max-hermann-maxy-de-lavant-garde-au-socialisme-id388945.html#primaryimage\",\"url\":\"https:\\\/\\\/www.rri.ro\\\/wp-content\\\/uploads\\\/2023\\\/10\\\/expozitie-Max-Hermann-Maxy-foto-eugen-rri.png\",\"contentUrl\":\"https:\\\/\\\/www.rri.ro\\\/wp-content\\\/uploads\\\/2023\\\/10\\\/expozitie-Max-Hermann-Maxy-foto-eugen-rri.png\",\"width\":640,\"height\":480},{\"@type\":\"BreadcrumbList\",\"@id\":\"https:\\\/\\\/www.rri.ro\\\/fr\\\/chroniques-hebdomadaires\\\/espace-culture\\\/lexposition-max-hermann-maxy-de-lavant-garde-au-socialisme-id388945.html#breadcrumb\",\"itemListElement\":[{\"@type\":\"ListItem\",\"position\":1,\"name\":\"Page d'accueil\",\"item\":\"https:\\\/\\\/www.rri.ro\\\/fr\"},{\"@type\":\"ListItem\",\"position\":2,\"name\":\"Chroniques hebdomadaires\",\"item\":\"https:\\\/\\\/www.rri.ro\\\/fr\\\/chroniques-hebdomadaires\"},{\"@type\":\"ListItem\",\"position\":3,\"name\":\"Espace Culture\",\"item\":\"https:\\\/\\\/www.rri.ro\\\/fr\\\/chroniques-hebdomadaires\\\/espace-culture\"},{\"@type\":\"ListItem\",\"position\":4,\"name\":\"L\u2019exposition \u00ab Max Hermann Maxy \u2013 De l\u2019avant-garde au socialisme \u00bb\"}]},{\"@type\":\"WebSite\",\"@id\":\"https:\\\/\\\/www.rri.ro\\\/#website\",\"url\":\"https:\\\/\\\/www.rri.ro\\\/\",\"name\":\"Radio Roumanie Internationale\",\"description\":\"Totul despre Rom\u00e2nia \u015fi rom\u00e2ni, \u00een 13 limbi\\\/dialecte!\",\"inLanguage\":\"fr-FR\"},{\"@type\":\"Person\",\"@id\":\"https:\\\/\\\/www.rri.ro\\\/#\\\/schema\\\/person\\\/e42eab6499191ec26ce23fe01ad35cb0\",\"name\":\"Ion Puican\",\"url\":\"https:\\\/\\\/www.rri.ro\\\/fr\\\/author\\\/ion-puican\"}]}<\/script>\n<!-- \/ Yoast SEO plugin. -->","yoast_head_json":{"title":"L\u2019exposition \u00ab Max Hermann Maxy \u2013 De l\u2019avant-garde au socialisme \u00bb - Radio Roumanie Internationale","robots":{"index":"index","follow":"follow","max-snippet":"max-snippet:-1","max-image-preview":"max-image-preview:large","max-video-preview":"max-video-preview:-1"},"canonical":"https:\/\/www.rri.ro\/fr\/chroniques-hebdomadaires\/espace-culture\/lexposition-max-hermann-maxy-de-lavant-garde-au-socialisme-id388945.html","og_locale":"fr_FR","og_type":"article","og_title":"L\u2019exposition \u00ab Max Hermann Maxy \u2013 De l\u2019avant-garde au socialisme \u00bb - Radio Roumanie Internationale","og_description":"Le Mus\u00e9e national d&rsquo;art de Roumanie (MNAR) invite&#13; son public \u00e0 une nouvelle exposition, ouverte jusqu&rsquo;\u00e0 la fin du mois d&rsquo;avril. Intitul\u00e9e&#13; \u00ab M.H. Maxy &#8211; De l&rsquo;avant-garde au socialisme \u00bb, elle est consacr\u00e9e \u00e0&#13; Max Hermann Maxy, artiste roumain d&rsquo;origine juive qui a v\u00e9cu entre 1895 et 1971.&#13; Peintre, sc\u00e9nographe, professeur \u00e0 L&rsquo;Institut des [&hellip;]","og_url":"https:\/\/www.rri.ro\/fr\/chroniques-hebdomadaires\/espace-culture\/lexposition-max-hermann-maxy-de-lavant-garde-au-socialisme-id388945.html","og_site_name":"Radio Roumanie Internationale","article_published_time":"2023-02-11T09:00:00+00:00","og_image":[{"width":640,"height":480,"url":"https:\/\/www.rri.ro\/wp-content\/uploads\/2023\/10\/expozitie-Max-Hermann-Maxy-foto-eugen-rri.png","type":"image\/png"}],"author":"Ion Puican","twitter_card":"summary_large_image","twitter_misc":{"\u00c9crit par":"Ion Puican","Dur\u00e9e de lecture estim\u00e9e":"6 minutes","Written by":"Ion Puican"},"schema":{"@context":"https:\/\/schema.org","@graph":[{"@type":"Article","@id":"https:\/\/www.rri.ro\/fr\/chroniques-hebdomadaires\/espace-culture\/lexposition-max-hermann-maxy-de-lavant-garde-au-socialisme-id388945.html#article","isPartOf":{"@id":"https:\/\/www.rri.ro\/fr\/chroniques-hebdomadaires\/espace-culture\/lexposition-max-hermann-maxy-de-lavant-garde-au-socialisme-id388945.html"},"author":{"name":"Ion Puican","@id":"https:\/\/www.rri.ro\/#\/schema\/person\/e42eab6499191ec26ce23fe01ad35cb0"},"headline":"L\u2019exposition \u00ab Max Hermann Maxy \u2013 De l\u2019avant-garde au socialisme \u00bb","datePublished":"2023-02-11T09:00:00+00:00","mainEntityOfPage":{"@id":"https:\/\/www.rri.ro\/fr\/chroniques-hebdomadaires\/espace-culture\/lexposition-max-hermann-maxy-de-lavant-garde-au-socialisme-id388945.html"},"wordCount":1287,"image":{"@id":"https:\/\/www.rri.ro\/fr\/chroniques-hebdomadaires\/espace-culture\/lexposition-max-hermann-maxy-de-lavant-garde-au-socialisme-id388945.html#primaryimage"},"thumbnailUrl":"https:\/\/www.rri.ro\/wp-content\/uploads\/2023\/10\/expozitie-Max-Hermann-Maxy-foto-eugen-rri.png","keywords":["exposition","Max Hermann Maxy","Mus\u00e9e national d'art de Roumanie"],"articleSection":["Espace Culture"],"inLanguage":"fr-FR"},{"@type":"WebPage","@id":"https:\/\/www.rri.ro\/fr\/chroniques-hebdomadaires\/espace-culture\/lexposition-max-hermann-maxy-de-lavant-garde-au-socialisme-id388945.html","url":"https:\/\/www.rri.ro\/fr\/chroniques-hebdomadaires\/espace-culture\/lexposition-max-hermann-maxy-de-lavant-garde-au-socialisme-id388945.html","name":"L\u2019exposition \u00ab Max Hermann Maxy \u2013 De l\u2019avant-garde au socialisme \u00bb - Radio Roumanie Internationale","isPartOf":{"@id":"https:\/\/www.rri.ro\/#website"},"primaryImageOfPage":{"@id":"https:\/\/www.rri.ro\/fr\/chroniques-hebdomadaires\/espace-culture\/lexposition-max-hermann-maxy-de-lavant-garde-au-socialisme-id388945.html#primaryimage"},"image":{"@id":"https:\/\/www.rri.ro\/fr\/chroniques-hebdomadaires\/espace-culture\/lexposition-max-hermann-maxy-de-lavant-garde-au-socialisme-id388945.html#primaryimage"},"thumbnailUrl":"https:\/\/www.rri.ro\/wp-content\/uploads\/2023\/10\/expozitie-Max-Hermann-Maxy-foto-eugen-rri.png","datePublished":"2023-02-11T09:00:00+00:00","author":{"@id":"https:\/\/www.rri.ro\/#\/schema\/person\/e42eab6499191ec26ce23fe01ad35cb0"},"breadcrumb":{"@id":"https:\/\/www.rri.ro\/fr\/chroniques-hebdomadaires\/espace-culture\/lexposition-max-hermann-maxy-de-lavant-garde-au-socialisme-id388945.html#breadcrumb"},"inLanguage":"fr-FR","potentialAction":[{"@type":"ReadAction","target":["https:\/\/www.rri.ro\/fr\/chroniques-hebdomadaires\/espace-culture\/lexposition-max-hermann-maxy-de-lavant-garde-au-socialisme-id388945.html"]}]},{"@type":"ImageObject","inLanguage":"fr-FR","@id":"https:\/\/www.rri.ro\/fr\/chroniques-hebdomadaires\/espace-culture\/lexposition-max-hermann-maxy-de-lavant-garde-au-socialisme-id388945.html#primaryimage","url":"https:\/\/www.rri.ro\/wp-content\/uploads\/2023\/10\/expozitie-Max-Hermann-Maxy-foto-eugen-rri.png","contentUrl":"https:\/\/www.rri.ro\/wp-content\/uploads\/2023\/10\/expozitie-Max-Hermann-Maxy-foto-eugen-rri.png","width":640,"height":480},{"@type":"BreadcrumbList","@id":"https:\/\/www.rri.ro\/fr\/chroniques-hebdomadaires\/espace-culture\/lexposition-max-hermann-maxy-de-lavant-garde-au-socialisme-id388945.html#breadcrumb","itemListElement":[{"@type":"ListItem","position":1,"name":"Page d'accueil","item":"https:\/\/www.rri.ro\/fr"},{"@type":"ListItem","position":2,"name":"Chroniques hebdomadaires","item":"https:\/\/www.rri.ro\/fr\/chroniques-hebdomadaires"},{"@type":"ListItem","position":3,"name":"Espace Culture","item":"https:\/\/www.rri.ro\/fr\/chroniques-hebdomadaires\/espace-culture"},{"@type":"ListItem","position":4,"name":"L\u2019exposition \u00ab Max Hermann Maxy \u2013 De l\u2019avant-garde au socialisme \u00bb"}]},{"@type":"WebSite","@id":"https:\/\/www.rri.ro\/#website","url":"https:\/\/www.rri.ro\/","name":"Radio Roumanie Internationale","description":"Totul despre Rom\u00e2nia \u015fi rom\u00e2ni, \u00een 13 limbi\/dialecte!","inLanguage":"fr-FR"},{"@type":"Person","@id":"https:\/\/www.rri.ro\/#\/schema\/person\/e42eab6499191ec26ce23fe01ad35cb0","name":"Ion Puican","url":"https:\/\/www.rri.ro\/fr\/author\/ion-puican"}]}},"_links":{"self":[{"href":"https:\/\/www.rri.ro\/fr\/wp-json\/wp\/v2\/posts\/388945","targetHints":{"allow":["GET"]}}],"collection":[{"href":"https:\/\/www.rri.ro\/fr\/wp-json\/wp\/v2\/posts"}],"about":[{"href":"https:\/\/www.rri.ro\/fr\/wp-json\/wp\/v2\/types\/post"}],"author":[{"embeddable":true,"href":"https:\/\/www.rri.ro\/fr\/wp-json\/wp\/v2\/users\/139"}],"replies":[{"embeddable":true,"href":"https:\/\/www.rri.ro\/fr\/wp-json\/wp\/v2\/comments?post=388945"}],"version-history":[{"count":0,"href":"https:\/\/www.rri.ro\/fr\/wp-json\/wp\/v2\/posts\/388945\/revisions"}],"wp:featuredmedia":[{"embeddable":true,"href":"https:\/\/www.rri.ro\/fr\/wp-json\/wp\/v2\/media\/292385"}],"wp:attachment":[{"href":"https:\/\/www.rri.ro\/fr\/wp-json\/wp\/v2\/media?parent=388945"}],"wp:term":[{"taxonomy":"category","embeddable":true,"href":"https:\/\/www.rri.ro\/fr\/wp-json\/wp\/v2\/categories?post=388945"},{"taxonomy":"post_tag","embeddable":true,"href":"https:\/\/www.rri.ro\/fr\/wp-json\/wp\/v2\/tags?post=388945"},{"taxonomy":"author","embeddable":true,"href":"https:\/\/www.rri.ro\/fr\/wp-json\/wp\/v2\/coauthors?post=388945"}],"curies":[{"name":"wp","href":"https:\/\/api.w.org\/{rel}","templated":true}]}}