{"id":390435,"date":"2015-01-02T13:31:00","date_gmt":"2015-01-02T11:31:00","guid":{"rendered":"http:\/\/devrri.freshlemon.ro\/le-roumain-mot-a-mot\/consulter-les-lecons\/02-01-2015-id390435.html"},"modified":"2015-01-02T13:31:00","modified_gmt":"2015-01-02T11:31:00","slug":"02-01-2015","status":"publish","type":"post","link":"https:\/\/www.rri.ro\/fr\/actualites\/le-flash\/02-01-2015-id390435.html","title":{"rendered":"02.01.2015"},"content":{"rendered":"<p><strong>Messages<\/strong> &#8212; Le pr\u00e9sident roumain, Klaus Iohannis, souhaite aux Roumains vivant en Roumanie et dans la diaspora qu\u2019en 2015 les espoirs deviennent r\u00e9alit\u00e9. Dans son message pour la Nouvelle ann\u00e9e, le chef de l\u2019Etat se d\u00e9clare confiant que cette ann\u00e9e constituera le d\u00e9but d\u2019une Roumanie de la normalit\u00e9. Il a exhort\u00e9 ses compatriotes \u00e0 laisser de c\u00f4t\u00e9 ce qui les divise et de pr\u00e9server ce qui les unit. Le premier ministre Victor Ponta a lui aussi transmis un bref message pour la Nouvelle ann\u00e9e \u00e0 tous les Roumains sur Facebook, ajoutant que 2015 sera certainement une bonne ann\u00e9e. L\u2019ancien souverain de la Roumanie, le roi Michel Ier et la reine Anne ont, pour leur part, souhait\u00e9 aux Roumains une Nouvelle ann\u00e9e pleine de joies, de chance, bonne sant\u00e9 et l\u2019accomplissement de leurs v\u0153ux. Enfin, Daniel, patriarche de l\u2019Eglise orthodoxe roumaine, qui repr\u00e9sente la confession majoritaire en Roumanie, a appel\u00e9 les Roumains \u00e0 faire preuve de solidarit\u00e9 envers les familles pauvres et les n\u00e9cessiteux. \u00ab Nous devons aider tous ceux \u00e9tant dans le besoin \u00bb, a-t-il exhort\u00e9 les fid\u00e8les.<\/p>\n<p>&#13;<br \/>\n&#13;<\/p>\n<p>&#13;<br \/>\n&#13;<\/p>\n<p><strong>D\u00e9veloppement<\/strong> &#8212; 2015 est l\u2019Ann\u00e9e europ\u00e9enne du d\u00e9veloppement, se f\u00e9licite le minist\u00e8re roumain des Affaires \u00e9trang\u00e8res, dans un communiqu\u00e9. C\u2019est l\u2019occasion d\u2019introduire dans le d\u00e9bat public des sujets tels le r\u00f4le et les responsabilit\u00e9s de la Roumanie, en tant que membre de l\u2019UE, en mati\u00e8re de d\u00e9veloppement global et d\u2019\u00e9radication de la pauvret\u00e9. Durant les 12 prochains mois, la diplomatie roumaine entend ainsi d\u00e9rouler des campagnes d\u2019information des citoyens roumains visant la coop\u00e9ration internationale pour le d\u00e9veloppement, l\u2019importance de celle-ci dans l\u2019actuel contexte mondial, ainsi que la contribution en la mati\u00e8re de la Roumanie, au sein de l\u2019UE. Bucarest souhaite, de cette mani\u00e8re, stimuler l\u2019int\u00e9r\u00eat des Roumains et les faire s\u2019impliquer activement dans les actions cens\u00e9es diminuer la pauvret\u00e9 dans le monde. Ce sont le Parlement et le Conseil communautaires qui ont d\u00e9cid\u00e9 de faire de 2015 l\u2019Ann\u00e9e europ\u00e9enne du d\u00e9veloppement. L\u2019UE est le fournisseur d\u2019assistance au d\u00e9veloppement le plus important au monde, assurant la moiti\u00e9 du volume total de ce genre d\u2019appui. L\u2019ann\u00e9e derni\u00e8re, la Roumanie, elle, a allou\u00e9 plus de 100 millions d\u2019euros au budget national pour l\u2019assistance au d\u00e9veloppement. C\u2019est la R\u00e9publique de Moldova voisine qui en est le principal b\u00e9n\u00e9ficiaire.<\/p>\n<p>&#13;<br \/>\n&#13;<\/p>\n<p>&#13;<br \/>\n&#13;<\/p>\n<p><strong>Al Mawlid<\/strong> &#8212; La communaut\u00e9 musulmane de Roumanie a marqu\u00e9 l\u2019Al Mawlid, soit la naissance du proph\u00e8te Mahomet. A part les services religieux, les fid\u00e8les ont assist\u00e9 \u00e0 des r\u00e9citals de chants et de po\u00e9sies d\u00e9di\u00e9es \u00e0 la personnalit\u00e9 fondamentale de l\u2019islam. R\u00e9unissant une soixantaine de milliers membres, notamment d\u2019origine tatare et turque, la communaut\u00e9 musulmane de Roumanie se concentre notamment en Dobroudja (la r\u00e9gion c\u00f4ti\u00e8re du sud-est du pays), qui s\u2019est trouv\u00e9e sou domination ottomane pendant des centaines d\u2019ann\u00e9es.<\/p>\n<p>&#13;<br \/>\n&#13;<\/p>\n<p>&#13;<br \/>\n&#13;<\/p>\n<p><strong>Lib\u00e9ration<\/strong> &#8212; Un Roumain, commandant d\u2019un cargo, et un Lituanian, chef m\u00e9canicien sur le m\u00eame navire, ont \u00e9t\u00e9 lib\u00e9r\u00e9s par la police apr\u00e8s avoir \u00e9t\u00e9 d\u00e9tenus en otage par deux hommes d\u2019affaires, un Allemand et un Belge, dans le sud du Nig\u00e9ria. Les deux hommes \u00e9taient rest\u00e9s captifs pendant deux semaines, leurs ravisseurs, qui exigeaient une ran\u00e7on en \u00e9change de leur mise en libert\u00e9, \u00e9tant arr\u00eat\u00e9s par les forces de l\u2019ordre.<\/p>\n<p>&#13;<br \/>\n&#13;<\/p>\n<p>&#13;<br \/>\n&#13;<\/p>\n<p><strong>M\u00e9t\u00e9o<\/strong> &#8212; Le temps s\u2019am\u00e9liore et les temp\u00e9ratures deviennent plus cl\u00e9mentes en Roumanie, avec un l\u00e9ger r\u00e9chauffement. Il neigera en montagne ainsi que dans le nord-ouest du pays, de la giboul\u00e9e \u00e9tant attendue dans le reste des r\u00e9gions. Les temp\u00e9ratures maximales devraient s\u2019encadrer entre moins 3 et 6 degr\u00e9s. Sur la toile de fond des temp\u00e9ratures glaciales de ces derniers jours, la consommation d\u2019\u00e9nergie a augment\u00e9 de moiti\u00e9, apr\u00e8s que la vague de froid polaire a amen\u00e9 les Roumains \u00e0 passer la Saint Sylvestre la plus froide des 53 derni\u00e8res ann\u00e9es. La minima nationale de cet hiver a \u00e9t\u00e9 de moins 32 degr\u00e9s et elle a \u00e9t\u00e9 enregistr\u00e9e \u00e0 Intorsura Buzaului, dans le d\u00e9partement de Covasna (centre), alors que dans les villes proches de Miercurea Ciuc et de Brasov les thermom\u00e8tres ont indiqu\u00e9 moins 29 degr\u00e9s. La vague de froid a \u00e9t\u00e9 pr\u00e9c\u00e9d\u00e9e par des chutes abondantes de neige qui ont provoqu\u00e9 des perturbations des trafics routier et ferroviaire. A pr\u00e9sent, toutes les routes nationales sont ouvertes, quelques restrictions \u00e9tant toujours en vigueur dans l\u2019est du pays.<\/p>\n<p>&#13;<\/p>\n","protected":false},"excerpt":{"rendered":"<p>Messages &#8212; Le pr\u00e9sident roumain, Klaus Iohannis, souhaite aux Roumains vivant en Roumanie et dans la diaspora qu\u2019en 2015 les espoirs deviennent r\u00e9alit\u00e9. Dans son message pour la Nouvelle ann\u00e9e, le chef de l\u2019Etat se d\u00e9clare confiant que cette ann\u00e9e constituera le d\u00e9but d\u2019une Roumanie de la normalit\u00e9. Il a exhort\u00e9 ses compatriotes \u00e0 laisser [&hellip;]<\/p>\n","protected":false},"author":113,"featured_media":125260,"comment_status":"closed","ping_status":"closed","sticky":false,"template":"","format":"standard","meta":{"_acf_changed":false,"footnotes":""},"categories":[89002],"tags":[85027,87393,85528,90281,29473,48109,89220],"coauthors":[],"class_list":["post-390435","post","type-post","status-publish","format-standard","has-post-thumbnail","hentry","category-le-flash","tag-annee","tag-developpement","tag-liberation","tag-mawlid","tag-message","tag-meteo","tag-otage"],"acf":[],"yoast_head":"<!-- This site is optimized with the Yoast SEO plugin v27.5 - https:\/\/yoast.com\/product\/yoast-seo-wordpress\/ -->\n<title>02.01.2015 - Radio Roumanie Internationale<\/title>\n<meta name=\"robots\" content=\"index, follow, max-snippet:-1, max-image-preview:large, max-video-preview:-1\" \/>\n<link rel=\"canonical\" href=\"https:\/\/www.rri.ro\/fr\/actualites\/le-flash\/02-01-2015-id390435.html\" \/>\n<meta property=\"og:locale\" content=\"fr_FR\" \/>\n<meta property=\"og:type\" content=\"article\" \/>\n<meta property=\"og:title\" content=\"02.01.2015 - Radio Roumanie Internationale\" \/>\n<meta property=\"og:description\" content=\"Messages &#8212; Le pr\u00e9sident roumain, Klaus Iohannis, souhaite aux Roumains vivant en Roumanie et dans la diaspora qu\u2019en 2015 les espoirs deviennent r\u00e9alit\u00e9. Dans son message pour la Nouvelle ann\u00e9e, le chef de l\u2019Etat se d\u00e9clare confiant que cette ann\u00e9e constituera le d\u00e9but d\u2019une Roumanie de la normalit\u00e9. Il a exhort\u00e9 ses compatriotes \u00e0 laisser [&hellip;]\" \/>\n<meta property=\"og:url\" content=\"https:\/\/www.rri.ro\/fr\/actualites\/le-flash\/02-01-2015-id390435.html\" \/>\n<meta property=\"og:site_name\" content=\"Radio Roumanie Internationale\" \/>\n<meta property=\"article:published_time\" content=\"2015-01-02T11:31:00+00:00\" \/>\n<meta property=\"og:image\" content=\"https:\/\/www.rri.ro\/wp-content\/uploads\/2023\/10\/LOGO-RRI-FUNDAL-ALB1.jpg\" \/>\n\t<meta property=\"og:image:width\" content=\"640\" \/>\n\t<meta property=\"og:image:height\" content=\"479\" \/>\n\t<meta property=\"og:image:type\" content=\"image\/jpeg\" \/>\n<meta name=\"author\" content=\"Newsroom\" \/>\n<meta name=\"twitter:card\" content=\"summary_large_image\" \/>\n<meta name=\"twitter:label1\" content=\"\u00c9crit par\" \/>\n\t<meta name=\"twitter:data1\" content=\"Newsroom\" \/>\n\t<meta name=\"twitter:label2\" content=\"Dur\u00e9e de lecture estim\u00e9e\" \/>\n\t<meta name=\"twitter:data2\" content=\"4 minutes\" \/>\n\t<meta name=\"twitter:label3\" content=\"Written by\" \/>\n\t<meta name=\"twitter:data3\" content=\"Newsroom\" \/>\n<script type=\"application\/ld+json\" class=\"yoast-schema-graph\">{\"@context\":\"https:\\\/\\\/schema.org\",\"@graph\":[{\"@type\":\"Article\",\"@id\":\"https:\\\/\\\/www.rri.ro\\\/fr\\\/actualites\\\/le-flash\\\/02-01-2015-id390435.html#article\",\"isPartOf\":{\"@id\":\"https:\\\/\\\/www.rri.ro\\\/fr\\\/actualites\\\/le-flash\\\/02-01-2015-id390435.html\"},\"author\":{\"name\":\"Newsroom\",\"@id\":\"https:\\\/\\\/www.rri.ro\\\/#\\\/schema\\\/person\\\/4a479940371b9fdefd194f561e8a7f88\"},\"headline\":\"02.01.2015\",\"datePublished\":\"2015-01-02T11:31:00+00:00\",\"mainEntityOfPage\":{\"@id\":\"https:\\\/\\\/www.rri.ro\\\/fr\\\/actualites\\\/le-flash\\\/02-01-2015-id390435.html\"},\"wordCount\":812,\"image\":{\"@id\":\"https:\\\/\\\/www.rri.ro\\\/fr\\\/actualites\\\/le-flash\\\/02-01-2015-id390435.html#primaryimage\"},\"thumbnailUrl\":\"https:\\\/\\\/www.rri.ro\\\/wp-content\\\/uploads\\\/2023\\\/10\\\/LOGO-RRI-FUNDAL-ALB1.jpg\",\"keywords\":[\"ann\u00e9e\",\"d\u00e9veloppement\",\"lib\u00e9ration\",\"Mawlid\",\"message\",\"meteo\",\"otage\"],\"articleSection\":[\"Le flash\"],\"inLanguage\":\"fr-FR\"},{\"@type\":\"WebPage\",\"@id\":\"https:\\\/\\\/www.rri.ro\\\/fr\\\/actualites\\\/le-flash\\\/02-01-2015-id390435.html\",\"url\":\"https:\\\/\\\/www.rri.ro\\\/fr\\\/actualites\\\/le-flash\\\/02-01-2015-id390435.html\",\"name\":\"02.01.2015 - Radio Roumanie Internationale\",\"isPartOf\":{\"@id\":\"https:\\\/\\\/www.rri.ro\\\/#website\"},\"primaryImageOfPage\":{\"@id\":\"https:\\\/\\\/www.rri.ro\\\/fr\\\/actualites\\\/le-flash\\\/02-01-2015-id390435.html#primaryimage\"},\"image\":{\"@id\":\"https:\\\/\\\/www.rri.ro\\\/fr\\\/actualites\\\/le-flash\\\/02-01-2015-id390435.html#primaryimage\"},\"thumbnailUrl\":\"https:\\\/\\\/www.rri.ro\\\/wp-content\\\/uploads\\\/2023\\\/10\\\/LOGO-RRI-FUNDAL-ALB1.jpg\",\"datePublished\":\"2015-01-02T11:31:00+00:00\",\"author\":{\"@id\":\"https:\\\/\\\/www.rri.ro\\\/#\\\/schema\\\/person\\\/4a479940371b9fdefd194f561e8a7f88\"},\"breadcrumb\":{\"@id\":\"https:\\\/\\\/www.rri.ro\\\/fr\\\/actualites\\\/le-flash\\\/02-01-2015-id390435.html#breadcrumb\"},\"inLanguage\":\"fr-FR\",\"potentialAction\":[{\"@type\":\"ReadAction\",\"target\":[\"https:\\\/\\\/www.rri.ro\\\/fr\\\/actualites\\\/le-flash\\\/02-01-2015-id390435.html\"]}]},{\"@type\":\"ImageObject\",\"inLanguage\":\"fr-FR\",\"@id\":\"https:\\\/\\\/www.rri.ro\\\/fr\\\/actualites\\\/le-flash\\\/02-01-2015-id390435.html#primaryimage\",\"url\":\"https:\\\/\\\/www.rri.ro\\\/wp-content\\\/uploads\\\/2023\\\/10\\\/LOGO-RRI-FUNDAL-ALB1.jpg\",\"contentUrl\":\"https:\\\/\\\/www.rri.ro\\\/wp-content\\\/uploads\\\/2023\\\/10\\\/LOGO-RRI-FUNDAL-ALB1.jpg\",\"width\":640,\"height\":479},{\"@type\":\"BreadcrumbList\",\"@id\":\"https:\\\/\\\/www.rri.ro\\\/fr\\\/actualites\\\/le-flash\\\/02-01-2015-id390435.html#breadcrumb\",\"itemListElement\":[{\"@type\":\"ListItem\",\"position\":1,\"name\":\"Page d'accueil\",\"item\":\"https:\\\/\\\/www.rri.ro\\\/fr\"},{\"@type\":\"ListItem\",\"position\":2,\"name\":\"Actualit\u00e9s\",\"item\":\"https:\\\/\\\/www.rri.ro\\\/fr\\\/actualites\"},{\"@type\":\"ListItem\",\"position\":3,\"name\":\"Le flash\",\"item\":\"https:\\\/\\\/www.rri.ro\\\/fr\\\/actualites\\\/le-flash\"},{\"@type\":\"ListItem\",\"position\":4,\"name\":\"02.01.2015\"}]},{\"@type\":\"WebSite\",\"@id\":\"https:\\\/\\\/www.rri.ro\\\/#website\",\"url\":\"https:\\\/\\\/www.rri.ro\\\/\",\"name\":\"Radio Roumanie Internationale\",\"description\":\"Totul despre Rom\u00e2nia \u015fi rom\u00e2ni, \u00een 13 limbi\\\/dialecte!\",\"inLanguage\":\"fr-FR\"},{\"@type\":\"Person\",\"@id\":\"https:\\\/\\\/www.rri.ro\\\/#\\\/schema\\\/person\\\/4a479940371b9fdefd194f561e8a7f88\",\"name\":\"Newsroom\",\"url\":\"https:\\\/\\\/www.rri.ro\\\/fr\\\/author\\\/newsroom\"}]}<\/script>\n<!-- \/ Yoast SEO plugin. -->","yoast_head_json":{"title":"02.01.2015 - Radio Roumanie Internationale","robots":{"index":"index","follow":"follow","max-snippet":"max-snippet:-1","max-image-preview":"max-image-preview:large","max-video-preview":"max-video-preview:-1"},"canonical":"https:\/\/www.rri.ro\/fr\/actualites\/le-flash\/02-01-2015-id390435.html","og_locale":"fr_FR","og_type":"article","og_title":"02.01.2015 - Radio Roumanie Internationale","og_description":"Messages &#8212; Le pr\u00e9sident roumain, Klaus Iohannis, souhaite aux Roumains vivant en Roumanie et dans la diaspora qu\u2019en 2015 les espoirs deviennent r\u00e9alit\u00e9. Dans son message pour la Nouvelle ann\u00e9e, le chef de l\u2019Etat se d\u00e9clare confiant que cette ann\u00e9e constituera le d\u00e9but d\u2019une Roumanie de la normalit\u00e9. Il a exhort\u00e9 ses compatriotes \u00e0 laisser [&hellip;]","og_url":"https:\/\/www.rri.ro\/fr\/actualites\/le-flash\/02-01-2015-id390435.html","og_site_name":"Radio Roumanie Internationale","article_published_time":"2015-01-02T11:31:00+00:00","og_image":[{"width":640,"height":479,"url":"https:\/\/www.rri.ro\/wp-content\/uploads\/2023\/10\/LOGO-RRI-FUNDAL-ALB1.jpg","type":"image\/jpeg"}],"author":"Newsroom","twitter_card":"summary_large_image","twitter_misc":{"\u00c9crit par":"Newsroom","Dur\u00e9e de lecture estim\u00e9e":"4 minutes","Written by":"Newsroom"},"schema":{"@context":"https:\/\/schema.org","@graph":[{"@type":"Article","@id":"https:\/\/www.rri.ro\/fr\/actualites\/le-flash\/02-01-2015-id390435.html#article","isPartOf":{"@id":"https:\/\/www.rri.ro\/fr\/actualites\/le-flash\/02-01-2015-id390435.html"},"author":{"name":"Newsroom","@id":"https:\/\/www.rri.ro\/#\/schema\/person\/4a479940371b9fdefd194f561e8a7f88"},"headline":"02.01.2015","datePublished":"2015-01-02T11:31:00+00:00","mainEntityOfPage":{"@id":"https:\/\/www.rri.ro\/fr\/actualites\/le-flash\/02-01-2015-id390435.html"},"wordCount":812,"image":{"@id":"https:\/\/www.rri.ro\/fr\/actualites\/le-flash\/02-01-2015-id390435.html#primaryimage"},"thumbnailUrl":"https:\/\/www.rri.ro\/wp-content\/uploads\/2023\/10\/LOGO-RRI-FUNDAL-ALB1.jpg","keywords":["ann\u00e9e","d\u00e9veloppement","lib\u00e9ration","Mawlid","message","meteo","otage"],"articleSection":["Le flash"],"inLanguage":"fr-FR"},{"@type":"WebPage","@id":"https:\/\/www.rri.ro\/fr\/actualites\/le-flash\/02-01-2015-id390435.html","url":"https:\/\/www.rri.ro\/fr\/actualites\/le-flash\/02-01-2015-id390435.html","name":"02.01.2015 - Radio Roumanie Internationale","isPartOf":{"@id":"https:\/\/www.rri.ro\/#website"},"primaryImageOfPage":{"@id":"https:\/\/www.rri.ro\/fr\/actualites\/le-flash\/02-01-2015-id390435.html#primaryimage"},"image":{"@id":"https:\/\/www.rri.ro\/fr\/actualites\/le-flash\/02-01-2015-id390435.html#primaryimage"},"thumbnailUrl":"https:\/\/www.rri.ro\/wp-content\/uploads\/2023\/10\/LOGO-RRI-FUNDAL-ALB1.jpg","datePublished":"2015-01-02T11:31:00+00:00","author":{"@id":"https:\/\/www.rri.ro\/#\/schema\/person\/4a479940371b9fdefd194f561e8a7f88"},"breadcrumb":{"@id":"https:\/\/www.rri.ro\/fr\/actualites\/le-flash\/02-01-2015-id390435.html#breadcrumb"},"inLanguage":"fr-FR","potentialAction":[{"@type":"ReadAction","target":["https:\/\/www.rri.ro\/fr\/actualites\/le-flash\/02-01-2015-id390435.html"]}]},{"@type":"ImageObject","inLanguage":"fr-FR","@id":"https:\/\/www.rri.ro\/fr\/actualites\/le-flash\/02-01-2015-id390435.html#primaryimage","url":"https:\/\/www.rri.ro\/wp-content\/uploads\/2023\/10\/LOGO-RRI-FUNDAL-ALB1.jpg","contentUrl":"https:\/\/www.rri.ro\/wp-content\/uploads\/2023\/10\/LOGO-RRI-FUNDAL-ALB1.jpg","width":640,"height":479},{"@type":"BreadcrumbList","@id":"https:\/\/www.rri.ro\/fr\/actualites\/le-flash\/02-01-2015-id390435.html#breadcrumb","itemListElement":[{"@type":"ListItem","position":1,"name":"Page d'accueil","item":"https:\/\/www.rri.ro\/fr"},{"@type":"ListItem","position":2,"name":"Actualit\u00e9s","item":"https:\/\/www.rri.ro\/fr\/actualites"},{"@type":"ListItem","position":3,"name":"Le flash","item":"https:\/\/www.rri.ro\/fr\/actualites\/le-flash"},{"@type":"ListItem","position":4,"name":"02.01.2015"}]},{"@type":"WebSite","@id":"https:\/\/www.rri.ro\/#website","url":"https:\/\/www.rri.ro\/","name":"Radio Roumanie Internationale","description":"Totul despre Rom\u00e2nia \u015fi rom\u00e2ni, \u00een 13 limbi\/dialecte!","inLanguage":"fr-FR"},{"@type":"Person","@id":"https:\/\/www.rri.ro\/#\/schema\/person\/4a479940371b9fdefd194f561e8a7f88","name":"Newsroom","url":"https:\/\/www.rri.ro\/fr\/author\/newsroom"}]}},"_links":{"self":[{"href":"https:\/\/www.rri.ro\/fr\/wp-json\/wp\/v2\/posts\/390435","targetHints":{"allow":["GET"]}}],"collection":[{"href":"https:\/\/www.rri.ro\/fr\/wp-json\/wp\/v2\/posts"}],"about":[{"href":"https:\/\/www.rri.ro\/fr\/wp-json\/wp\/v2\/types\/post"}],"author":[{"embeddable":true,"href":"https:\/\/www.rri.ro\/fr\/wp-json\/wp\/v2\/users\/113"}],"replies":[{"embeddable":true,"href":"https:\/\/www.rri.ro\/fr\/wp-json\/wp\/v2\/comments?post=390435"}],"version-history":[{"count":0,"href":"https:\/\/www.rri.ro\/fr\/wp-json\/wp\/v2\/posts\/390435\/revisions"}],"wp:featuredmedia":[{"embeddable":true,"href":"https:\/\/www.rri.ro\/fr\/wp-json\/wp\/v2\/media\/125260"}],"wp:attachment":[{"href":"https:\/\/www.rri.ro\/fr\/wp-json\/wp\/v2\/media?parent=390435"}],"wp:term":[{"taxonomy":"category","embeddable":true,"href":"https:\/\/www.rri.ro\/fr\/wp-json\/wp\/v2\/categories?post=390435"},{"taxonomy":"post_tag","embeddable":true,"href":"https:\/\/www.rri.ro\/fr\/wp-json\/wp\/v2\/tags?post=390435"},{"taxonomy":"author","embeddable":true,"href":"https:\/\/www.rri.ro\/fr\/wp-json\/wp\/v2\/coauthors?post=390435"}],"curies":[{"name":"wp","href":"https:\/\/api.w.org\/{rel}","templated":true}]}}