{"id":390576,"date":"2015-03-12T19:13:00","date_gmt":"2015-03-12T17:13:00","guid":{"rendered":"http:\/\/devrri.freshlemon.ro\/le-roumain-mot-a-mot\/consulter-les-lecons\/12-03-2015-mise-a-jour-id390576.html"},"modified":"2015-03-12T19:13:00","modified_gmt":"2015-03-12T17:13:00","slug":"12-03-2015-mise-a-jour","status":"publish","type":"post","link":"https:\/\/www.rri.ro\/fr\/actualites\/le-flash\/12-03-2015-mise-a-jour-id390576.html","title":{"rendered":"12.03.2015 (mise \u00e0 jour)"},"content":{"rendered":"<p><strong>Partenariat <\/strong>&#8212; Le pr\u00e9sident roumain Klaus Iohannis et son homologue polonais Bronislaw Komorowski ont sign\u00e9 jeudi \u00e0 Varsovie une d\u00e9claration commune qui renforce le partenariat strat\u00e9gique bilat\u00e9ral, dans le contexte r\u00e9gional trouble engendr\u00e9 par la crise dans lest de lUkraine. Ce partenariat est plus que n\u00e9cessaire dans lactuelle situation et il doit \u00eatre consolid\u00e9, de m\u00eame que flanc oriental de lOTAN, a estim\u00e9 le chef de lEtat polonais. Pour Bucarest, la relation avec la Pologne est prioritaire, a rench\u00e9ri le pr\u00e9sident Klaus Iohannis, tout en r\u00e9affirmant, \u00e0 loccasion, lappui de la Roumanie \u00e0 la souverainet\u00e9, lind\u00e9pendance et lint\u00e9grit\u00e9 territoriale de lUkraine. Les deux hommes ont par ailleurs convenu dorganiser \u00e0 lautomne prochain, \u00e0 Bucarest, une r\u00e9union des chefs des Etats de la r\u00e9gion, en pr\u00e9paration du sommet de lOtan de Varsovie, en 2016.<\/p>\n<p>&#13;<br \/>\n&#13;<\/p>\n<p>&#13;<br \/>\n&#13;<\/p>\n<p><strong>Voisinage <\/strong>&#8211; Le chef de la diplomatie roumaine, Bogdan Aurescu, sest entretenu au t\u00e9l\u00e9phone ce jeudi avec son homologue hongrois, P\u00e9ter Szijj\u00e1rt\u00f3, au sujet des propos tenus par le chef dune ONG magyare, qui avait estim\u00e9 que la Roumanie \u00e9tait \u00ab\u00a0lEtat islamique de lEurope au 21e si\u00e8cle\u00a0\u00bb. Lors dune c\u00e9r\u00e9monie \u00e0 Budapest, \u00c1rp\u00e1d Gy\u00f6rgy-M\u00f3zes, leader de la Soci\u00e9t\u00e9 pour le Pays des Sicules, a estim\u00e9 que les autorit\u00e9s roumaines font \u00ab\u00a0d\u00e9capiter\u00a0\u00bb les droits au rassemblement, \u00e0 la libre expression et \u00e0 lidentit\u00e9 nationale des Magyars de Roumanie. Qualifier la Roumanie \u00ab\u00a0dEtat islamique de lEurope\u00a0\u00bb est \u00ab\u00a0inacceptable\u00a0\u00bb, selon le ministre roumain des Affaires \u00e9trang\u00e8res, de tels propos nayant aucun lien avec lesprit europ\u00e9en qui devrait d\u00e9finir les relations de bon voisinage et le partenariat strat\u00e9gique entre les deux pays. Bogdan Aurescu a encore dit \u00e0 son homologue hongrois que Bucarest souhaite que le Protocole du Comit\u00e9 roumano-hongrois de coop\u00e9ration visant les probl\u00e8mes des minorit\u00e9s nationales soit conclu et sign\u00e9 au plus vite, alors que les n\u00e9gociations sur ce document ont d\u00e9marr\u00e9 en 2011. Le ministre P\u00e9ter Szijj\u00e1rt\u00f3 a, pour sa part, pr\u00e9cis\u00e9 quil avait pris les mesures n\u00e9cessaires pour acc\u00e9l\u00e9rer le processus.<\/p>\n<p>&#13;<br \/>\n&#13;<\/p>\n<p>&#13;<br \/>\n&#13;<\/p>\n<p><strong>D\u00e9veloppement<\/strong> &#8211; Le commissaire europ\u00e9en \u00e0 lagriculture, Phil Hogan, se trouve ces jeudi et vendredi en Roumanie, pour sa premi\u00e8re visite dans le pays apr\u00e8s la prise de ce mandat, d\u00e9tenu auparavant par le Roumain Dacian Ciolo\u015f. Le responsable communautaire rencontre notamment le premier ministre, Victor Ponta, le ministre de lAgriculture, Daniel Constantin, ainsi que les membres des commissions parlementaires pour lagriculture et respectivement pour les affaires europ\u00e9ennes. Cette visite intervient alors que Bucarest attend le feu vert de la Commission europ\u00e9enne pour son Programme national de d\u00e9veloppement rural pour la p\u00e9riode 2014-2020. Lex\u00e9cutif communautaire doit annoncer son point de vue en juin prochain.<\/p>\n<p>&#13;<br \/>\n&#13;<\/p>\n<p>Egalement \u00e0 Bucarest, la commissaire europ\u00e9enne aux Politiques r\u00e9gionales, Corina Cretu, a parl\u00e9 avec les autorit\u00e9s roumaines au sujet du plan g\u00e9n\u00e9ral de transport de la Roumanie, un document strat\u00e9gique, selon Bruxelles. Selon Corina Cretu, la Commission europ\u00e9enne investira 6,8 milliards d\u2019euros dans les projets d\u2019infrastructure inclus dans ce plan directeur jusqu\u2019en 2020.<\/p>\n<p>&#13;<br \/>\n&#13;<\/p>\n<p>&#13;<br \/>\n&#13;<\/p>\n<p><strong>Justice <\/strong>&#8212; Les procureurs anti-corruption ont perquisitionn\u00e9 jeudi le si\u00e8ge de la Mairie du 5e arrondissement de la capitale roumaine, ainsi que le domicile de son \u00e9dile,  Marian Vanghelie, soup\u00e7onn\u00e9 de corruption. Selon des sources judiciaires, \u00e0 commencer par 2007 il aurait ill\u00e9galement accord\u00e9 des march\u00e9s publics contre des commissions d\u2019environ 20%. Le pr\u00e9judice s\u2019\u00e9l\u00e8verait \u00e0 plusieurs dizaines de millions d\u2019euros. M Vanghelie, un des politiciens les plus sulfureux et influents de la gauche, avait \u00e9t\u00e9 exclu en d\u00e9but d\u2019ann\u00e9e du Parti social d\u00e9mocrate au pouvoir et avait annonc\u00e9 son intention de s\u2019impliquer dans un nouveau projet politique social-d\u00e9mocrate. Et toujours jeudi, la compagne de Marian Vanghelie, Oana Niculescu-Mizil, a pr\u00e9sent\u00e9 sa d\u00e9mission de ses fonctions de d\u00e9put\u00e9e social-d\u00e9mocrate, apr\u00e8s avoir \u00e9t\u00e9 auditionn\u00e9e par les procureurs anticorruption. Ceux-ci laccusent davoir \u00e9t\u00e9 impliqu\u00e9e dans des \u00e9changes commerciaux, incompatibles avec la mission parlementaire.<\/p>\n<p>&#13;<\/p>\n","protected":false},"excerpt":{"rendered":"<p>Partenariat &#8212; Le pr\u00e9sident roumain Klaus Iohannis et son homologue polonais Bronislaw Komorowski ont sign\u00e9 jeudi \u00e0 Varsovie une d\u00e9claration commune qui renforce le partenariat strat\u00e9gique bilat\u00e9ral, dans le contexte r\u00e9gional trouble engendr\u00e9 par la crise dans lest de lUkraine. Ce partenariat est plus que n\u00e9cessaire dans lactuelle situation et il doit \u00eatre consolid\u00e9, de [&hellip;]<\/p>\n","protected":false},"author":113,"featured_media":125260,"comment_status":"closed","ping_status":"closed","sticky":false,"template":"","format":"standard","meta":{"_acf_changed":false,"footnotes":""},"categories":[89002],"tags":[29198,28950,87393,29871,48989,88400,44292,87848,89977],"coauthors":[],"class_list":["post-390576","post","type-post","status-publish","format-standard","has-post-thumbnail","hentry","category-le-flash","tag-agriculture","tag-corruption","tag-developpement","tag-justice","tag-otan","tag-partenariat","tag-region","tag-sicules","tag-voisinage"],"acf":[],"yoast_head":"<!-- This site is optimized with the Yoast SEO plugin v27.5 - https:\/\/yoast.com\/product\/yoast-seo-wordpress\/ -->\n<title>12.03.2015 (mise \u00e0 jour) - Radio Roumanie Internationale<\/title>\n<meta name=\"robots\" content=\"index, follow, max-snippet:-1, max-image-preview:large, max-video-preview:-1\" \/>\n<link rel=\"canonical\" href=\"https:\/\/www.rri.ro\/fr\/actualites\/le-flash\/12-03-2015-mise-a-jour-id390576.html\" \/>\n<meta property=\"og:locale\" content=\"fr_FR\" \/>\n<meta property=\"og:type\" content=\"article\" \/>\n<meta property=\"og:title\" content=\"12.03.2015 (mise \u00e0 jour) - Radio Roumanie Internationale\" \/>\n<meta property=\"og:description\" content=\"Partenariat &#8212; Le pr\u00e9sident roumain Klaus Iohannis et son homologue polonais Bronislaw Komorowski ont sign\u00e9 jeudi \u00e0 Varsovie une d\u00e9claration commune qui renforce le partenariat strat\u00e9gique bilat\u00e9ral, dans le contexte r\u00e9gional trouble engendr\u00e9 par la crise dans lest de lUkraine. Ce partenariat est plus que n\u00e9cessaire dans lactuelle situation et il doit \u00eatre consolid\u00e9, de [&hellip;]\" \/>\n<meta property=\"og:url\" content=\"https:\/\/www.rri.ro\/fr\/actualites\/le-flash\/12-03-2015-mise-a-jour-id390576.html\" \/>\n<meta property=\"og:site_name\" content=\"Radio Roumanie Internationale\" \/>\n<meta property=\"article:published_time\" content=\"2015-03-12T17:13:00+00:00\" \/>\n<meta property=\"og:image\" content=\"https:\/\/www.rri.ro\/wp-content\/uploads\/2023\/10\/LOGO-RRI-FUNDAL-ALB1.jpg\" \/>\n\t<meta property=\"og:image:width\" content=\"640\" \/>\n\t<meta property=\"og:image:height\" content=\"479\" \/>\n\t<meta property=\"og:image:type\" content=\"image\/jpeg\" \/>\n<meta name=\"author\" content=\"Newsroom\" \/>\n<meta name=\"twitter:card\" content=\"summary_large_image\" \/>\n<meta name=\"twitter:label1\" content=\"\u00c9crit par\" \/>\n\t<meta name=\"twitter:data1\" content=\"Newsroom\" \/>\n\t<meta name=\"twitter:label2\" content=\"Dur\u00e9e de lecture estim\u00e9e\" \/>\n\t<meta name=\"twitter:data2\" content=\"3 minutes\" \/>\n\t<meta name=\"twitter:label3\" content=\"Written by\" \/>\n\t<meta name=\"twitter:data3\" content=\"Newsroom\" \/>\n<script type=\"application\/ld+json\" class=\"yoast-schema-graph\">{\"@context\":\"https:\\\/\\\/schema.org\",\"@graph\":[{\"@type\":\"Article\",\"@id\":\"https:\\\/\\\/www.rri.ro\\\/fr\\\/actualites\\\/le-flash\\\/12-03-2015-mise-a-jour-id390576.html#article\",\"isPartOf\":{\"@id\":\"https:\\\/\\\/www.rri.ro\\\/fr\\\/actualites\\\/le-flash\\\/12-03-2015-mise-a-jour-id390576.html\"},\"author\":{\"name\":\"Newsroom\",\"@id\":\"https:\\\/\\\/www.rri.ro\\\/#\\\/schema\\\/person\\\/4a479940371b9fdefd194f561e8a7f88\"},\"headline\":\"12.03.2015 (mise \u00e0 jour)\",\"datePublished\":\"2015-03-12T17:13:00+00:00\",\"mainEntityOfPage\":{\"@id\":\"https:\\\/\\\/www.rri.ro\\\/fr\\\/actualites\\\/le-flash\\\/12-03-2015-mise-a-jour-id390576.html\"},\"wordCount\":691,\"image\":{\"@id\":\"https:\\\/\\\/www.rri.ro\\\/fr\\\/actualites\\\/le-flash\\\/12-03-2015-mise-a-jour-id390576.html#primaryimage\"},\"thumbnailUrl\":\"https:\\\/\\\/www.rri.ro\\\/wp-content\\\/uploads\\\/2023\\\/10\\\/LOGO-RRI-FUNDAL-ALB1.jpg\",\"keywords\":[\"agriculture\",\"corruption\",\"d\u00e9veloppement\",\"justice\",\"OTAN\",\"partenariat\",\"region\",\"Sicules\",\"voisinage\"],\"articleSection\":[\"Le flash\"],\"inLanguage\":\"fr-FR\"},{\"@type\":\"WebPage\",\"@id\":\"https:\\\/\\\/www.rri.ro\\\/fr\\\/actualites\\\/le-flash\\\/12-03-2015-mise-a-jour-id390576.html\",\"url\":\"https:\\\/\\\/www.rri.ro\\\/fr\\\/actualites\\\/le-flash\\\/12-03-2015-mise-a-jour-id390576.html\",\"name\":\"12.03.2015 (mise \u00e0 jour) - Radio Roumanie Internationale\",\"isPartOf\":{\"@id\":\"https:\\\/\\\/www.rri.ro\\\/#website\"},\"primaryImageOfPage\":{\"@id\":\"https:\\\/\\\/www.rri.ro\\\/fr\\\/actualites\\\/le-flash\\\/12-03-2015-mise-a-jour-id390576.html#primaryimage\"},\"image\":{\"@id\":\"https:\\\/\\\/www.rri.ro\\\/fr\\\/actualites\\\/le-flash\\\/12-03-2015-mise-a-jour-id390576.html#primaryimage\"},\"thumbnailUrl\":\"https:\\\/\\\/www.rri.ro\\\/wp-content\\\/uploads\\\/2023\\\/10\\\/LOGO-RRI-FUNDAL-ALB1.jpg\",\"datePublished\":\"2015-03-12T17:13:00+00:00\",\"author\":{\"@id\":\"https:\\\/\\\/www.rri.ro\\\/#\\\/schema\\\/person\\\/4a479940371b9fdefd194f561e8a7f88\"},\"breadcrumb\":{\"@id\":\"https:\\\/\\\/www.rri.ro\\\/fr\\\/actualites\\\/le-flash\\\/12-03-2015-mise-a-jour-id390576.html#breadcrumb\"},\"inLanguage\":\"fr-FR\",\"potentialAction\":[{\"@type\":\"ReadAction\",\"target\":[\"https:\\\/\\\/www.rri.ro\\\/fr\\\/actualites\\\/le-flash\\\/12-03-2015-mise-a-jour-id390576.html\"]}]},{\"@type\":\"ImageObject\",\"inLanguage\":\"fr-FR\",\"@id\":\"https:\\\/\\\/www.rri.ro\\\/fr\\\/actualites\\\/le-flash\\\/12-03-2015-mise-a-jour-id390576.html#primaryimage\",\"url\":\"https:\\\/\\\/www.rri.ro\\\/wp-content\\\/uploads\\\/2023\\\/10\\\/LOGO-RRI-FUNDAL-ALB1.jpg\",\"contentUrl\":\"https:\\\/\\\/www.rri.ro\\\/wp-content\\\/uploads\\\/2023\\\/10\\\/LOGO-RRI-FUNDAL-ALB1.jpg\",\"width\":640,\"height\":479},{\"@type\":\"BreadcrumbList\",\"@id\":\"https:\\\/\\\/www.rri.ro\\\/fr\\\/actualites\\\/le-flash\\\/12-03-2015-mise-a-jour-id390576.html#breadcrumb\",\"itemListElement\":[{\"@type\":\"ListItem\",\"position\":1,\"name\":\"Page d'accueil\",\"item\":\"https:\\\/\\\/www.rri.ro\\\/fr\"},{\"@type\":\"ListItem\",\"position\":2,\"name\":\"Actualit\u00e9s\",\"item\":\"https:\\\/\\\/www.rri.ro\\\/fr\\\/actualites\"},{\"@type\":\"ListItem\",\"position\":3,\"name\":\"Le flash\",\"item\":\"https:\\\/\\\/www.rri.ro\\\/fr\\\/actualites\\\/le-flash\"},{\"@type\":\"ListItem\",\"position\":4,\"name\":\"12.03.2015 (mise \u00e0 jour)\"}]},{\"@type\":\"WebSite\",\"@id\":\"https:\\\/\\\/www.rri.ro\\\/#website\",\"url\":\"https:\\\/\\\/www.rri.ro\\\/\",\"name\":\"Radio Roumanie Internationale\",\"description\":\"Totul despre Rom\u00e2nia \u015fi rom\u00e2ni, \u00een 13 limbi\\\/dialecte!\",\"inLanguage\":\"fr-FR\"},{\"@type\":\"Person\",\"@id\":\"https:\\\/\\\/www.rri.ro\\\/#\\\/schema\\\/person\\\/4a479940371b9fdefd194f561e8a7f88\",\"name\":\"Newsroom\",\"url\":\"https:\\\/\\\/www.rri.ro\\\/fr\\\/author\\\/newsroom\"}]}<\/script>\n<!-- \/ Yoast SEO plugin. -->","yoast_head_json":{"title":"12.03.2015 (mise \u00e0 jour) - Radio Roumanie Internationale","robots":{"index":"index","follow":"follow","max-snippet":"max-snippet:-1","max-image-preview":"max-image-preview:large","max-video-preview":"max-video-preview:-1"},"canonical":"https:\/\/www.rri.ro\/fr\/actualites\/le-flash\/12-03-2015-mise-a-jour-id390576.html","og_locale":"fr_FR","og_type":"article","og_title":"12.03.2015 (mise \u00e0 jour) - Radio Roumanie Internationale","og_description":"Partenariat &#8212; Le pr\u00e9sident roumain Klaus Iohannis et son homologue polonais Bronislaw Komorowski ont sign\u00e9 jeudi \u00e0 Varsovie une d\u00e9claration commune qui renforce le partenariat strat\u00e9gique bilat\u00e9ral, dans le contexte r\u00e9gional trouble engendr\u00e9 par la crise dans lest de lUkraine. Ce partenariat est plus que n\u00e9cessaire dans lactuelle situation et il doit \u00eatre consolid\u00e9, de [&hellip;]","og_url":"https:\/\/www.rri.ro\/fr\/actualites\/le-flash\/12-03-2015-mise-a-jour-id390576.html","og_site_name":"Radio Roumanie Internationale","article_published_time":"2015-03-12T17:13:00+00:00","og_image":[{"width":640,"height":479,"url":"https:\/\/www.rri.ro\/wp-content\/uploads\/2023\/10\/LOGO-RRI-FUNDAL-ALB1.jpg","type":"image\/jpeg"}],"author":"Newsroom","twitter_card":"summary_large_image","twitter_misc":{"\u00c9crit par":"Newsroom","Dur\u00e9e de lecture estim\u00e9e":"3 minutes","Written by":"Newsroom"},"schema":{"@context":"https:\/\/schema.org","@graph":[{"@type":"Article","@id":"https:\/\/www.rri.ro\/fr\/actualites\/le-flash\/12-03-2015-mise-a-jour-id390576.html#article","isPartOf":{"@id":"https:\/\/www.rri.ro\/fr\/actualites\/le-flash\/12-03-2015-mise-a-jour-id390576.html"},"author":{"name":"Newsroom","@id":"https:\/\/www.rri.ro\/#\/schema\/person\/4a479940371b9fdefd194f561e8a7f88"},"headline":"12.03.2015 (mise \u00e0 jour)","datePublished":"2015-03-12T17:13:00+00:00","mainEntityOfPage":{"@id":"https:\/\/www.rri.ro\/fr\/actualites\/le-flash\/12-03-2015-mise-a-jour-id390576.html"},"wordCount":691,"image":{"@id":"https:\/\/www.rri.ro\/fr\/actualites\/le-flash\/12-03-2015-mise-a-jour-id390576.html#primaryimage"},"thumbnailUrl":"https:\/\/www.rri.ro\/wp-content\/uploads\/2023\/10\/LOGO-RRI-FUNDAL-ALB1.jpg","keywords":["agriculture","corruption","d\u00e9veloppement","justice","OTAN","partenariat","region","Sicules","voisinage"],"articleSection":["Le flash"],"inLanguage":"fr-FR"},{"@type":"WebPage","@id":"https:\/\/www.rri.ro\/fr\/actualites\/le-flash\/12-03-2015-mise-a-jour-id390576.html","url":"https:\/\/www.rri.ro\/fr\/actualites\/le-flash\/12-03-2015-mise-a-jour-id390576.html","name":"12.03.2015 (mise \u00e0 jour) - Radio Roumanie Internationale","isPartOf":{"@id":"https:\/\/www.rri.ro\/#website"},"primaryImageOfPage":{"@id":"https:\/\/www.rri.ro\/fr\/actualites\/le-flash\/12-03-2015-mise-a-jour-id390576.html#primaryimage"},"image":{"@id":"https:\/\/www.rri.ro\/fr\/actualites\/le-flash\/12-03-2015-mise-a-jour-id390576.html#primaryimage"},"thumbnailUrl":"https:\/\/www.rri.ro\/wp-content\/uploads\/2023\/10\/LOGO-RRI-FUNDAL-ALB1.jpg","datePublished":"2015-03-12T17:13:00+00:00","author":{"@id":"https:\/\/www.rri.ro\/#\/schema\/person\/4a479940371b9fdefd194f561e8a7f88"},"breadcrumb":{"@id":"https:\/\/www.rri.ro\/fr\/actualites\/le-flash\/12-03-2015-mise-a-jour-id390576.html#breadcrumb"},"inLanguage":"fr-FR","potentialAction":[{"@type":"ReadAction","target":["https:\/\/www.rri.ro\/fr\/actualites\/le-flash\/12-03-2015-mise-a-jour-id390576.html"]}]},{"@type":"ImageObject","inLanguage":"fr-FR","@id":"https:\/\/www.rri.ro\/fr\/actualites\/le-flash\/12-03-2015-mise-a-jour-id390576.html#primaryimage","url":"https:\/\/www.rri.ro\/wp-content\/uploads\/2023\/10\/LOGO-RRI-FUNDAL-ALB1.jpg","contentUrl":"https:\/\/www.rri.ro\/wp-content\/uploads\/2023\/10\/LOGO-RRI-FUNDAL-ALB1.jpg","width":640,"height":479},{"@type":"BreadcrumbList","@id":"https:\/\/www.rri.ro\/fr\/actualites\/le-flash\/12-03-2015-mise-a-jour-id390576.html#breadcrumb","itemListElement":[{"@type":"ListItem","position":1,"name":"Page d'accueil","item":"https:\/\/www.rri.ro\/fr"},{"@type":"ListItem","position":2,"name":"Actualit\u00e9s","item":"https:\/\/www.rri.ro\/fr\/actualites"},{"@type":"ListItem","position":3,"name":"Le flash","item":"https:\/\/www.rri.ro\/fr\/actualites\/le-flash"},{"@type":"ListItem","position":4,"name":"12.03.2015 (mise \u00e0 jour)"}]},{"@type":"WebSite","@id":"https:\/\/www.rri.ro\/#website","url":"https:\/\/www.rri.ro\/","name":"Radio Roumanie Internationale","description":"Totul despre Rom\u00e2nia \u015fi rom\u00e2ni, \u00een 13 limbi\/dialecte!","inLanguage":"fr-FR"},{"@type":"Person","@id":"https:\/\/www.rri.ro\/#\/schema\/person\/4a479940371b9fdefd194f561e8a7f88","name":"Newsroom","url":"https:\/\/www.rri.ro\/fr\/author\/newsroom"}]}},"_links":{"self":[{"href":"https:\/\/www.rri.ro\/fr\/wp-json\/wp\/v2\/posts\/390576","targetHints":{"allow":["GET"]}}],"collection":[{"href":"https:\/\/www.rri.ro\/fr\/wp-json\/wp\/v2\/posts"}],"about":[{"href":"https:\/\/www.rri.ro\/fr\/wp-json\/wp\/v2\/types\/post"}],"author":[{"embeddable":true,"href":"https:\/\/www.rri.ro\/fr\/wp-json\/wp\/v2\/users\/113"}],"replies":[{"embeddable":true,"href":"https:\/\/www.rri.ro\/fr\/wp-json\/wp\/v2\/comments?post=390576"}],"version-history":[{"count":0,"href":"https:\/\/www.rri.ro\/fr\/wp-json\/wp\/v2\/posts\/390576\/revisions"}],"wp:featuredmedia":[{"embeddable":true,"href":"https:\/\/www.rri.ro\/fr\/wp-json\/wp\/v2\/media\/125260"}],"wp:attachment":[{"href":"https:\/\/www.rri.ro\/fr\/wp-json\/wp\/v2\/media?parent=390576"}],"wp:term":[{"taxonomy":"category","embeddable":true,"href":"https:\/\/www.rri.ro\/fr\/wp-json\/wp\/v2\/categories?post=390576"},{"taxonomy":"post_tag","embeddable":true,"href":"https:\/\/www.rri.ro\/fr\/wp-json\/wp\/v2\/tags?post=390576"},{"taxonomy":"author","embeddable":true,"href":"https:\/\/www.rri.ro\/fr\/wp-json\/wp\/v2\/coauthors?post=390576"}],"curies":[{"name":"wp","href":"https:\/\/api.w.org\/{rel}","templated":true}]}}