{"id":390737,"date":"2015-06-14T18:57:00","date_gmt":"2015-06-14T15:57:00","guid":{"rendered":"http:\/\/devrri.freshlemon.ro\/le-roumain-mot-a-mot\/consulter-les-lecons\/14-06-2015-mise-a-jour-id390737.html"},"modified":"2015-06-14T18:57:00","modified_gmt":"2015-06-14T15:57:00","slug":"14-06-2015-mise-a-jour","status":"publish","type":"post","link":"https:\/\/www.rri.ro\/fr\/actualites\/le-flash\/14-06-2015-mise-a-jour-id390737.html","title":{"rendered":"14.06.2015 (mise \u00e0 jour)"},"content":{"rendered":"<p><strong>Visite<\/strong> &#8212; Le pr\u00e9sident de la Roumanie, Klaus Iohannis, fera, ces lundi et mardi, une visite officielle en Croatie, \u00e0 l\u2019invitation de son homologue de Zagreb, Mme Kolinda Grabar-Kitarovi\u0107. A cette m\u00eame occasion, le chef de l\u2019Etat roumain aura aussi des pourparlers avec le premier ministre Zoran Milanovi\u0107 et avec le pr\u00e9sident du Parlement croate, Josip Leko. Mardi, M. Iohannis d\u00e9posera une couronne de fleurs au M\u00e9morial \u00ab La voix des victimes croates &#8212; Le mur de la douleur \u00bb.<\/p>\n<p>&#13;<br \/>\n&#13;<\/p>\n<p><strong>Diplomatie<\/strong> &#8212; Les Etats Unis et la Roumanie marquent en ce 14 juin, 135 ans de relations diplomatiques. Pendant tout ce temps, les deux pays ont \u0153uvr\u00e9 pour construire, pr\u00e9server et consolider leur relation bilat\u00e9rale, et se f\u00e9licitent aujourd\u2019hui d\u2019un partenariat florissant &#8212; est-il pr\u00e9cis\u00e9 dans un communiqu\u00e9 de l\u2019ambassade am\u00e9ricaine en Roumanie. Washington souhaite continuer \u00e0 collaborer avec Bucarest  pour \u00ab \u00e9difier une \u00e9conomie de niveau mondial \u00bb et pour s\u2019assurer que \u00ab l\u2019Etat de droit  signifie une justice \u00e9gale pour tous les citoyens \u00bb, affirme le communiqu\u00e9. Les Etats Unis ont l\u2019intention de garder \u00ab un des meilleurs partenariats militaires actuels \u00bb, afin de d\u00e9fendre la libert\u00e9 face aux menaces r\u00e9gionales et globales, ajoute la m\u00eame source. A son tour, le premier ministre roumain Victor Ponta a d\u00e9clar\u00e9 que la Roumanie continuait son engagement ferme pour la consolidation de l\u2019alliance privil\u00e9gi\u00e9e avec les USA, qu\u2019elle consid\u00e8re comme une preuve de confiance mutuelle et comme une garantie de s\u00e9curit\u00e9, d\u00e9veloppement et prosp\u00e9rit\u00e9 pour les deux pays<em>.<\/em><\/p>\n<p>&#13;<br \/>\n&#13;<\/p>\n<p><strong style=line-height: 1.6em;>Protestations<\/strong> &#8212; Des Roumains titulaires de cr\u00e9dits bancaires en francs suisses ont protest\u00e9 dimanche \u00e0 Bucarest contre l\u2019attitude de la classe politique et de la Banque Nationale en ce qui les concerne. Les protestataires reprochaient aux autorit\u00e9s l\u2019absence de toute action, malgr\u00e9 les 5 mois \u00e9coul\u00e9s depuis l\u2019explosion du taux de change de la monnaie nationale par rapport \u00e0 celle de Suisse. Ils affirmaient aussi que les banques n\u2019assumaient toujours pas leurs responsabilit\u00e9s et que les clients \u00e9taient les seuls \u00e0 supporter les co\u00fbts de ce probl\u00e8me. Les protestataires accusaient les institutions bancaires et la Banque centrale d\u2019avoir massivement d\u00e9sinform\u00e9 les clients quant aux risques de ce type de cr\u00e9dit. Le porte-parole de la banque nationale, Dan Suciu, a d\u00e9clar\u00e9 qu\u2019au 1er janvier 2015, les portefeuilles des banques commerciales de Roumanie comptaient 65 mille personnes ayant contract\u00e9 des cr\u00e9dits en francs suisses ; d\u00e9but juin, plus de 36 mille d\u2019entre elles avaient demand\u00e9 la conversion ou la restructuration de leurs cr\u00e9dits.<\/p>\n<p>&#13;<br \/>\n&#13;<\/p>\n<p><strong>R\u00e9union<\/strong> &#8212; Le chef de la diplomatie roumaine, Bogdan Aurescu, participe, lundi, \u00e0 Ohrid, en R\u00e9publique de Mac\u00e9doine, \u00e0 la r\u00e9union minist\u00e9rielle de l\u2019Initiative Centrale-Europ\u00e9enne. A l\u2019agenda, les derni\u00e8res \u00e9volutions dans la r\u00e9gion, notamment du point de vue de l\u2019int\u00e9gration europ\u00e9enne. A cette occasion, le ministre roumain des affaires \u00e9trang\u00e8res aura des entretiens bilat\u00e9raux avec ses homologues des Etats pr\u00e9sents \u00e0 la r\u00e9union. L\u2019Initiative Centrale-Europ\u00e9enne est une coop\u00e9ration r\u00e9gionale r\u00e9unissant 18 pays, dont 10 membres de l\u2019UE &#8212; Autriche, Bulgarie, R\u00e9publique tch\u00e8que, Croatie, Italie, Pologne, Roumanie, Slovaquie, Slov\u00e9nie, Hongrie &#8212; et 8 non-communautaires &#8212; Albanie, B\u00e9larus, Bosnie-Herz\u00e9govine, R\u00e9publique de Mac\u00e9doine, R\u00e9publique de Moldova, Mont\u00e9n\u00e9gro, Serbie et Ukraine.<\/p>\n<p>&#13;<br \/>\n&#13;<\/p>\n<p><strong style=line-height: 20.8000011444092px;>Colloque<\/strong> &#8212; Bucarest accueille, ces lundi et mardi, la deuxi\u00e8me \u00e9dition du colloque r\u00e9gional \u00ab Objectifs de d\u00e9veloppement durable pour les parlements d\u2019Europe Centrale et Orientale \u00bb. Cet \u00e9v\u00e9nement, organis\u00e9 conjointement par la Chambre des d\u00e9put\u00e9s du Parlement roumain et par l\u2019Union interparlementaire, se propose d\u2019attirer l\u2019attention sur le r\u00f4le des L\u00e9gislatifs nationaux dans la mise en \u0153uvre des objectifs de d\u00e9veloppement durable. Le colloque rassemble des \u00e9lus nationaux de Bosnie-Herz\u00e9govine, Bulgarie, R\u00e9publique tch\u00e8que, Croatie, G\u00e9orgie, Serbie et Hongrie.<\/p>\n<p>&#13;<br \/>\n&#13;<\/p>\n<p><strong>Handball<\/strong> &#8212; La nationale de handball masculin de Roumanie a vaincu, dimanche, \u00e0 domicile, la s\u00e9lection italienne, sur le score de 44 \u00e0 25, dans un match comptant pour les qualifications au Championnat europ\u00e9en de 2018. Avec quatre victoires en quatre matchs disput\u00e9s, les Roumains ont termin\u00e9 en premi\u00e8re position dans leur groupe, dont a \u00e9galement fait partie le Kosovo.<\/p>\n<p>&#13;<\/p>\n","protected":false},"excerpt":{"rendered":"<p>Visite &#8212; Le pr\u00e9sident de la Roumanie, Klaus Iohannis, fera, ces lundi et mardi, une visite officielle en Croatie, \u00e0 l\u2019invitation de son homologue de Zagreb, Mme Kolinda Grabar-Kitarovi\u0107. A cette m\u00eame occasion, le chef de l\u2019Etat roumain aura aussi des pourparlers avec le premier ministre Zoran Milanovi\u0107 et avec le pr\u00e9sident du Parlement croate, [&hellip;]<\/p>\n","protected":false},"author":113,"featured_media":125286,"comment_status":"closed","ping_status":"closed","sticky":false,"template":"","format":"standard","meta":{"_acf_changed":false,"footnotes":""},"categories":[89002],"tags":[48978,90622,90618,90615,89810,90610,90319,90620,90617,90616,90619,90614,29244,85700,90621,89559,85412,90100,32165],"coauthors":[],"class_list":["post-390737","post","type-post","status-publish","format-standard","has-post-thumbnail","hentry","category-le-flash","tag-bucarest","tag-championnat-europeen-2018","tag-colloque-regional","tag-credits-bancaires","tag-croatie","tag-europe-centrale-et-orientale","tag-francs-suisses","tag-handball-masculin","tag-initiative-centrale-europeenne","tag-ohrid","tag-parlements","tag-partenariat-militaire","tag-president","tag-protestations","tag-qualifications","tag-reunion","tag-roumanie","tag-visite-officielle","tag-washington"],"acf":[],"yoast_head":"<!-- This site is optimized with the Yoast SEO plugin v27.3 - https:\/\/yoast.com\/product\/yoast-seo-wordpress\/ -->\n<title>14.06.2015 (mise \u00e0 jour) - Radio Roumanie Internationale<\/title>\n<meta name=\"robots\" content=\"index, follow, max-snippet:-1, max-image-preview:large, max-video-preview:-1\" \/>\n<link rel=\"canonical\" href=\"https:\/\/www.rri.ro\/fr\/actualites\/le-flash\/14-06-2015-mise-a-jour-id390737.html\" \/>\n<meta property=\"og:locale\" content=\"fr_FR\" \/>\n<meta property=\"og:type\" content=\"article\" \/>\n<meta property=\"og:title\" content=\"14.06.2015 (mise \u00e0 jour) - Radio Roumanie Internationale\" \/>\n<meta property=\"og:description\" content=\"Visite &#8212; Le pr\u00e9sident de la Roumanie, Klaus Iohannis, fera, ces lundi et mardi, une visite officielle en Croatie, \u00e0 l\u2019invitation de son homologue de Zagreb, Mme Kolinda Grabar-Kitarovi\u0107. A cette m\u00eame occasion, le chef de l\u2019Etat roumain aura aussi des pourparlers avec le premier ministre Zoran Milanovi\u0107 et avec le pr\u00e9sident du Parlement croate, [&hellip;]\" \/>\n<meta property=\"og:url\" content=\"https:\/\/www.rri.ro\/fr\/actualites\/le-flash\/14-06-2015-mise-a-jour-id390737.html\" \/>\n<meta property=\"og:site_name\" content=\"Radio Roumanie Internationale\" \/>\n<meta property=\"article:published_time\" content=\"2015-06-14T15:57:00+00:00\" \/>\n<meta property=\"og:image\" content=\"https:\/\/www.rri.ro\/wp-content\/uploads\/2023\/10\/LOGO-RRI-FUNDAL-ALB1_medium.jpg\" \/>\n\t<meta property=\"og:image:width\" content=\"640\" \/>\n\t<meta property=\"og:image:height\" content=\"478\" \/>\n\t<meta property=\"og:image:type\" content=\"image\/jpeg\" \/>\n<meta name=\"author\" content=\"Newsroom\" \/>\n<meta name=\"twitter:card\" content=\"summary_large_image\" \/>\n<meta name=\"twitter:label1\" content=\"\u00c9crit par\" \/>\n\t<meta name=\"twitter:data1\" content=\"Newsroom\" \/>\n\t<meta name=\"twitter:label2\" content=\"Dur\u00e9e de lecture estim\u00e9e\" \/>\n\t<meta name=\"twitter:data2\" content=\"4 minutes\" \/>\n\t<meta name=\"twitter:label3\" content=\"Written by\" \/>\n\t<meta name=\"twitter:data3\" content=\"Newsroom\" \/>\n<script type=\"application\/ld+json\" class=\"yoast-schema-graph\">{\"@context\":\"https:\\\/\\\/schema.org\",\"@graph\":[{\"@type\":\"Article\",\"@id\":\"https:\\\/\\\/www.rri.ro\\\/fr\\\/actualites\\\/le-flash\\\/14-06-2015-mise-a-jour-id390737.html#article\",\"isPartOf\":{\"@id\":\"https:\\\/\\\/www.rri.ro\\\/fr\\\/actualites\\\/le-flash\\\/14-06-2015-mise-a-jour-id390737.html\"},\"author\":{\"name\":\"Newsroom\",\"@id\":\"https:\\\/\\\/www.rri.ro\\\/#\\\/schema\\\/person\\\/4a479940371b9fdefd194f561e8a7f88\"},\"headline\":\"14.06.2015 (mise \u00e0 jour)\",\"datePublished\":\"2015-06-14T15:57:00+00:00\",\"mainEntityOfPage\":{\"@id\":\"https:\\\/\\\/www.rri.ro\\\/fr\\\/actualites\\\/le-flash\\\/14-06-2015-mise-a-jour-id390737.html\"},\"wordCount\":726,\"image\":{\"@id\":\"https:\\\/\\\/www.rri.ro\\\/fr\\\/actualites\\\/le-flash\\\/14-06-2015-mise-a-jour-id390737.html#primaryimage\"},\"thumbnailUrl\":\"https:\\\/\\\/www.rri.ro\\\/wp-content\\\/uploads\\\/2023\\\/10\\\/LOGO-RRI-FUNDAL-ALB1_medium.jpg\",\"keywords\":[\"Bucarest\",\"Championnat europ\u00e9en 2018\",\"colloque r\u00e9gional\",\"cr\u00e9dits bancaires\",\"Croatie\",\"Europe centrale et orientale\",\"francs suisses\",\"handball masculin\",\"Initiative Centrale-Europ\u00e9enne\",\"Ohrid\",\"parlements\",\"partenariat militaire\",\"President\",\"protestations\",\"qualifications\",\"r\u00e9union\",\"Roumanie\",\"visite officielle\",\"Washington\"],\"articleSection\":[\"Le flash\"],\"inLanguage\":\"fr-FR\"},{\"@type\":\"WebPage\",\"@id\":\"https:\\\/\\\/www.rri.ro\\\/fr\\\/actualites\\\/le-flash\\\/14-06-2015-mise-a-jour-id390737.html\",\"url\":\"https:\\\/\\\/www.rri.ro\\\/fr\\\/actualites\\\/le-flash\\\/14-06-2015-mise-a-jour-id390737.html\",\"name\":\"14.06.2015 (mise \u00e0 jour) - Radio Roumanie Internationale\",\"isPartOf\":{\"@id\":\"https:\\\/\\\/www.rri.ro\\\/#website\"},\"primaryImageOfPage\":{\"@id\":\"https:\\\/\\\/www.rri.ro\\\/fr\\\/actualites\\\/le-flash\\\/14-06-2015-mise-a-jour-id390737.html#primaryimage\"},\"image\":{\"@id\":\"https:\\\/\\\/www.rri.ro\\\/fr\\\/actualites\\\/le-flash\\\/14-06-2015-mise-a-jour-id390737.html#primaryimage\"},\"thumbnailUrl\":\"https:\\\/\\\/www.rri.ro\\\/wp-content\\\/uploads\\\/2023\\\/10\\\/LOGO-RRI-FUNDAL-ALB1_medium.jpg\",\"datePublished\":\"2015-06-14T15:57:00+00:00\",\"author\":{\"@id\":\"https:\\\/\\\/www.rri.ro\\\/#\\\/schema\\\/person\\\/4a479940371b9fdefd194f561e8a7f88\"},\"breadcrumb\":{\"@id\":\"https:\\\/\\\/www.rri.ro\\\/fr\\\/actualites\\\/le-flash\\\/14-06-2015-mise-a-jour-id390737.html#breadcrumb\"},\"inLanguage\":\"fr-FR\",\"potentialAction\":[{\"@type\":\"ReadAction\",\"target\":[\"https:\\\/\\\/www.rri.ro\\\/fr\\\/actualites\\\/le-flash\\\/14-06-2015-mise-a-jour-id390737.html\"]}]},{\"@type\":\"ImageObject\",\"inLanguage\":\"fr-FR\",\"@id\":\"https:\\\/\\\/www.rri.ro\\\/fr\\\/actualites\\\/le-flash\\\/14-06-2015-mise-a-jour-id390737.html#primaryimage\",\"url\":\"https:\\\/\\\/www.rri.ro\\\/wp-content\\\/uploads\\\/2023\\\/10\\\/LOGO-RRI-FUNDAL-ALB1_medium.jpg\",\"contentUrl\":\"https:\\\/\\\/www.rri.ro\\\/wp-content\\\/uploads\\\/2023\\\/10\\\/LOGO-RRI-FUNDAL-ALB1_medium.jpg\",\"width\":640,\"height\":478},{\"@type\":\"BreadcrumbList\",\"@id\":\"https:\\\/\\\/www.rri.ro\\\/fr\\\/actualites\\\/le-flash\\\/14-06-2015-mise-a-jour-id390737.html#breadcrumb\",\"itemListElement\":[{\"@type\":\"ListItem\",\"position\":1,\"name\":\"Page d'accueil\",\"item\":\"https:\\\/\\\/www.rri.ro\\\/fr\"},{\"@type\":\"ListItem\",\"position\":2,\"name\":\"Actualit\u00e9s\",\"item\":\"https:\\\/\\\/www.rri.ro\\\/fr\\\/actualites\"},{\"@type\":\"ListItem\",\"position\":3,\"name\":\"Le flash\",\"item\":\"https:\\\/\\\/www.rri.ro\\\/fr\\\/actualites\\\/le-flash\"},{\"@type\":\"ListItem\",\"position\":4,\"name\":\"14.06.2015 (mise \u00e0 jour)\"}]},{\"@type\":\"WebSite\",\"@id\":\"https:\\\/\\\/www.rri.ro\\\/#website\",\"url\":\"https:\\\/\\\/www.rri.ro\\\/\",\"name\":\"Radio Roumanie Internationale\",\"description\":\"Totul despre Rom\u00e2nia \u015fi rom\u00e2ni, \u00een 13 limbi\\\/dialecte!\",\"inLanguage\":\"fr-FR\"},{\"@type\":\"Person\",\"@id\":\"https:\\\/\\\/www.rri.ro\\\/#\\\/schema\\\/person\\\/4a479940371b9fdefd194f561e8a7f88\",\"name\":\"Newsroom\",\"url\":\"https:\\\/\\\/www.rri.ro\\\/fr\\\/author\\\/newsroom\"}]}<\/script>\n<!-- \/ Yoast SEO plugin. -->","yoast_head_json":{"title":"14.06.2015 (mise \u00e0 jour) - Radio Roumanie Internationale","robots":{"index":"index","follow":"follow","max-snippet":"max-snippet:-1","max-image-preview":"max-image-preview:large","max-video-preview":"max-video-preview:-1"},"canonical":"https:\/\/www.rri.ro\/fr\/actualites\/le-flash\/14-06-2015-mise-a-jour-id390737.html","og_locale":"fr_FR","og_type":"article","og_title":"14.06.2015 (mise \u00e0 jour) - Radio Roumanie Internationale","og_description":"Visite &#8212; Le pr\u00e9sident de la Roumanie, Klaus Iohannis, fera, ces lundi et mardi, une visite officielle en Croatie, \u00e0 l\u2019invitation de son homologue de Zagreb, Mme Kolinda Grabar-Kitarovi\u0107. A cette m\u00eame occasion, le chef de l\u2019Etat roumain aura aussi des pourparlers avec le premier ministre Zoran Milanovi\u0107 et avec le pr\u00e9sident du Parlement croate, [&hellip;]","og_url":"https:\/\/www.rri.ro\/fr\/actualites\/le-flash\/14-06-2015-mise-a-jour-id390737.html","og_site_name":"Radio Roumanie Internationale","article_published_time":"2015-06-14T15:57:00+00:00","og_image":[{"width":640,"height":478,"url":"https:\/\/www.rri.ro\/wp-content\/uploads\/2023\/10\/LOGO-RRI-FUNDAL-ALB1_medium.jpg","type":"image\/jpeg"}],"author":"Newsroom","twitter_card":"summary_large_image","twitter_misc":{"\u00c9crit par":"Newsroom","Dur\u00e9e de lecture estim\u00e9e":"4 minutes","Written by":"Newsroom"},"schema":{"@context":"https:\/\/schema.org","@graph":[{"@type":"Article","@id":"https:\/\/www.rri.ro\/fr\/actualites\/le-flash\/14-06-2015-mise-a-jour-id390737.html#article","isPartOf":{"@id":"https:\/\/www.rri.ro\/fr\/actualites\/le-flash\/14-06-2015-mise-a-jour-id390737.html"},"author":{"name":"Newsroom","@id":"https:\/\/www.rri.ro\/#\/schema\/person\/4a479940371b9fdefd194f561e8a7f88"},"headline":"14.06.2015 (mise \u00e0 jour)","datePublished":"2015-06-14T15:57:00+00:00","mainEntityOfPage":{"@id":"https:\/\/www.rri.ro\/fr\/actualites\/le-flash\/14-06-2015-mise-a-jour-id390737.html"},"wordCount":726,"image":{"@id":"https:\/\/www.rri.ro\/fr\/actualites\/le-flash\/14-06-2015-mise-a-jour-id390737.html#primaryimage"},"thumbnailUrl":"https:\/\/www.rri.ro\/wp-content\/uploads\/2023\/10\/LOGO-RRI-FUNDAL-ALB1_medium.jpg","keywords":["Bucarest","Championnat europ\u00e9en 2018","colloque r\u00e9gional","cr\u00e9dits bancaires","Croatie","Europe centrale et orientale","francs suisses","handball masculin","Initiative Centrale-Europ\u00e9enne","Ohrid","parlements","partenariat militaire","President","protestations","qualifications","r\u00e9union","Roumanie","visite officielle","Washington"],"articleSection":["Le flash"],"inLanguage":"fr-FR"},{"@type":"WebPage","@id":"https:\/\/www.rri.ro\/fr\/actualites\/le-flash\/14-06-2015-mise-a-jour-id390737.html","url":"https:\/\/www.rri.ro\/fr\/actualites\/le-flash\/14-06-2015-mise-a-jour-id390737.html","name":"14.06.2015 (mise \u00e0 jour) - Radio Roumanie Internationale","isPartOf":{"@id":"https:\/\/www.rri.ro\/#website"},"primaryImageOfPage":{"@id":"https:\/\/www.rri.ro\/fr\/actualites\/le-flash\/14-06-2015-mise-a-jour-id390737.html#primaryimage"},"image":{"@id":"https:\/\/www.rri.ro\/fr\/actualites\/le-flash\/14-06-2015-mise-a-jour-id390737.html#primaryimage"},"thumbnailUrl":"https:\/\/www.rri.ro\/wp-content\/uploads\/2023\/10\/LOGO-RRI-FUNDAL-ALB1_medium.jpg","datePublished":"2015-06-14T15:57:00+00:00","author":{"@id":"https:\/\/www.rri.ro\/#\/schema\/person\/4a479940371b9fdefd194f561e8a7f88"},"breadcrumb":{"@id":"https:\/\/www.rri.ro\/fr\/actualites\/le-flash\/14-06-2015-mise-a-jour-id390737.html#breadcrumb"},"inLanguage":"fr-FR","potentialAction":[{"@type":"ReadAction","target":["https:\/\/www.rri.ro\/fr\/actualites\/le-flash\/14-06-2015-mise-a-jour-id390737.html"]}]},{"@type":"ImageObject","inLanguage":"fr-FR","@id":"https:\/\/www.rri.ro\/fr\/actualites\/le-flash\/14-06-2015-mise-a-jour-id390737.html#primaryimage","url":"https:\/\/www.rri.ro\/wp-content\/uploads\/2023\/10\/LOGO-RRI-FUNDAL-ALB1_medium.jpg","contentUrl":"https:\/\/www.rri.ro\/wp-content\/uploads\/2023\/10\/LOGO-RRI-FUNDAL-ALB1_medium.jpg","width":640,"height":478},{"@type":"BreadcrumbList","@id":"https:\/\/www.rri.ro\/fr\/actualites\/le-flash\/14-06-2015-mise-a-jour-id390737.html#breadcrumb","itemListElement":[{"@type":"ListItem","position":1,"name":"Page d'accueil","item":"https:\/\/www.rri.ro\/fr"},{"@type":"ListItem","position":2,"name":"Actualit\u00e9s","item":"https:\/\/www.rri.ro\/fr\/actualites"},{"@type":"ListItem","position":3,"name":"Le flash","item":"https:\/\/www.rri.ro\/fr\/actualites\/le-flash"},{"@type":"ListItem","position":4,"name":"14.06.2015 (mise \u00e0 jour)"}]},{"@type":"WebSite","@id":"https:\/\/www.rri.ro\/#website","url":"https:\/\/www.rri.ro\/","name":"Radio Roumanie Internationale","description":"Totul despre Rom\u00e2nia \u015fi rom\u00e2ni, \u00een 13 limbi\/dialecte!","inLanguage":"fr-FR"},{"@type":"Person","@id":"https:\/\/www.rri.ro\/#\/schema\/person\/4a479940371b9fdefd194f561e8a7f88","name":"Newsroom","url":"https:\/\/www.rri.ro\/fr\/author\/newsroom"}]}},"_links":{"self":[{"href":"https:\/\/www.rri.ro\/fr\/wp-json\/wp\/v2\/posts\/390737","targetHints":{"allow":["GET"]}}],"collection":[{"href":"https:\/\/www.rri.ro\/fr\/wp-json\/wp\/v2\/posts"}],"about":[{"href":"https:\/\/www.rri.ro\/fr\/wp-json\/wp\/v2\/types\/post"}],"author":[{"embeddable":true,"href":"https:\/\/www.rri.ro\/fr\/wp-json\/wp\/v2\/users\/113"}],"replies":[{"embeddable":true,"href":"https:\/\/www.rri.ro\/fr\/wp-json\/wp\/v2\/comments?post=390737"}],"version-history":[{"count":0,"href":"https:\/\/www.rri.ro\/fr\/wp-json\/wp\/v2\/posts\/390737\/revisions"}],"wp:featuredmedia":[{"embeddable":true,"href":"https:\/\/www.rri.ro\/fr\/wp-json\/wp\/v2\/media\/125286"}],"wp:attachment":[{"href":"https:\/\/www.rri.ro\/fr\/wp-json\/wp\/v2\/media?parent=390737"}],"wp:term":[{"taxonomy":"category","embeddable":true,"href":"https:\/\/www.rri.ro\/fr\/wp-json\/wp\/v2\/categories?post=390737"},{"taxonomy":"post_tag","embeddable":true,"href":"https:\/\/www.rri.ro\/fr\/wp-json\/wp\/v2\/tags?post=390737"},{"taxonomy":"author","embeddable":true,"href":"https:\/\/www.rri.ro\/fr\/wp-json\/wp\/v2\/coauthors?post=390737"}],"curies":[{"name":"wp","href":"https:\/\/api.w.org\/{rel}","templated":true}]}}