{"id":390750,"date":"2015-06-21T13:23:00","date_gmt":"2015-06-21T10:23:00","guid":{"rendered":"http:\/\/devrri.freshlemon.ro\/le-roumain-mot-a-mot\/consulter-les-lecons\/21-06-2015-id390750.html"},"modified":"2015-06-21T13:23:00","modified_gmt":"2015-06-21T10:23:00","slug":"21-06-2015","status":"publish","type":"post","link":"https:\/\/www.rri.ro\/fr\/actualites\/le-flash\/21-06-2015-id390750.html","title":{"rendered":"21.06.2015"},"content":{"rendered":"<p><strong>D\u00e9fense<\/strong> &#8212; Le pr\u00e9sident roumain Klaus Iohannis s\u2019adressera lundi aux deux Chambres r\u00e9unies du Parlement de Bucarest, au sujet de la Strat\u00e9gie nationale de d\u00e9fense pour 2015 &#8211; 2019. Les Commissions de d\u00e9fense de la Chambre des d\u00e9put\u00e9s et du S\u00e9nat ont donn\u00e9 un avis favorable \u00e0 ce document, le 17 juin dernier, avant les d\u00e9bats et le vote du pl\u00e9num du Parlement. La Strat\u00e9gie nationale de d\u00e9fense contient plusieurs nouveaut\u00e9s, dont le concept de s\u00e9curit\u00e9 \u00e9largie. La s\u00e9curit\u00e9 nationale n\u2019implique pas que la d\u00e9fense, mais aussi l\u2019ordre public, l\u2019\u00e9conomie, l\u2019infrastructure, l\u2019\u00e9ducation, la sant\u00e9, l\u2019environnement et la culture. Elle r\u00e9affirme aussi le partenariat strat\u00e9gique avec les Etats Unis et l\u2019appartenance \u00e0 l\u2019OTAN comme des piliers de la politique \u00e9trang\u00e8re et de s\u00e9curit\u00e9 de  la Roumanie.<\/p>\n<p>&#13;<br \/>\n&#13;<\/p>\n<p><strong>Diplomatie<\/strong> &#8212; La diplomatie roumaine d\u00e9sapprouve les d\u00e9clarations du ministre autrichien des AE, Sebastian Kurz, au sujet de l\u2019assistance sociale destin\u00e9e aux travailleurs intra-communautaires. Le minist\u00e8re des AE de Bucarest consid\u00e8re que la Roumanie a \u00e9t\u00e9 nomm\u00e9ment indiqu\u00e9e sans aucune justification, vu que les ressortissants roumains occupent la cinqui\u00e8me position sur la liste des b\u00e9n\u00e9ficiaires europ\u00e9ens d\u2019allocations familiales, derri\u00e8re les Hongrois, les Slovaques, les Polonais et les Slov\u00e8nes. \u00ab De telles prises de position avant les \u00e9lections r\u00e9gionales d\u2019Autriche risquent de transformer les citoyens roumains qui travaillent l\u00e9galement dans ce pays en victimes d\u2019une dispute politique interne, et risquent aussi de nuire aux relations roumano-autrichiennes. \u00bb &#8211; fait encore savoir le minist\u00e8re roumain des AE. Le chef de la diplomatie de Vienne, Sebastian Kurz, a r\u00e9cemment demand\u00e9 une r\u00e9forme du syst\u00e8me autrichien de s\u00e9curit\u00e9 sociale, qu\u2019il juge injuste ; appuyant sa demande sur l\u2019exemple des ressortissants roumains qui travaillent dans son pays et dont les enfants sont rest\u00e9s en Roumanie. M. Kurz a affirm\u00e9 que l\u2019allocation de 160 euros pay\u00e9e aux enfants devrait \u00eatre ramen\u00e9e au niveau pay\u00e9 en Roumanie, c\u2019est-\u00e0-dire d\u2019environ 20 euros.<\/p>\n<p>&#13;<br \/>\n&#13;<\/p>\n<p>Th\u00e9\u00e2tre &#8212; La 22e \u00e9dition du Festival international de th\u00e9\u00e2tre de Sibiu prend fin aujourd\u2019hui, au bout de 10 jours d\u2019\u00e9v\u00e9nements. Plus de 2.500 artistes de 70 pays ont offert au public un v\u00e9ritable marathon de spectacles de th\u00e9\u00e2tre, musique et danse sur sc\u00e8ne ou de rue. Le Festival de Sibiu est le troisi\u00e8me comme dimension en Europe, apr\u00e8s ceux d\u2019Edinburgh (Ecosse) et d\u2019Avignon (France).<\/p>\n<p>&#13;<br \/>\n&#13;<\/p>\n<p><strong>Gymnastique<\/strong> &#8212; La Roumanie a remport\u00e9 aujourd\u2019hui la m\u00e9daille d\u2019argent de l\u2019\u00e9preuve r\u00e9serv\u00e9e aux groupes dans la comp\u00e9tition de gymnastique a\u00e9robic, aux Jeux europ\u00e9ens de Baku ; l\u2019or a \u00e9t\u00e9 gagn\u00e9 par la Hongrie, tandis que l\u2019Espagne s\u2019est adjug\u00e9 le bronze. La d\u00e9l\u00e9gation roumaine aux Jeux europ\u00e9ens de la capitale az\u00e9rie compte pour l\u2019instant 5 m\u00e9dailles : trois d\u2019argent et deux de bronze.<\/p>\n<p>&#13;<br \/>\n&#13;<\/p>\n<p><strong>Fronti\u00e8re<\/strong> &#8212; Les premiers citoyens roumains qui voyagent en R\u00e9publique de Moldova voisine munis seulement de leur carte d\u2019identit\u00e9 se sont pr\u00e9sent\u00e9s aux points de fronti\u00e8re entre la Roumanie et la Moldova. Le gouvernement de Chisinau avait adopt\u00e9 mardi une d\u00e9cision permettant l\u2019acc\u00e8s sur le territoire moldave des ressortissants de l\u2019UE aussi sur la base de la carte nationale d\u2019identit\u00e9. Bucarest a salu\u00e9 cette d\u00e9cision qu\u2019il a qualifi\u00e9e de signal politique clair de l\u2019engagement de la R\u00e9publique de Moldova envers son parcours europ\u00e9en.<\/p>\n<p>&#13;<br \/>\n&#13;<\/p>\n<p><strong>Banques<\/strong> &#8212; La Banque centrale europ\u00e9enne ne laissera pas les banques grecques succomber, \u00e0 cause d\u2019un \u00e9ventuel effet de domino qui pourrait entra\u00eener d\u2019autres banques europ\u00e9ennes &#8212; a d\u00e9clar\u00e9 un responsable d\u2019Ath\u00e8nes, cit\u00e9 par les agences de presse. La BCE a allou\u00e9, vendredi, des fonds d\u2019urgence aux banques grecques, confront\u00e9es \u00e0 un manque dramatique de liquidit\u00e9s d\u00fb aux retraits massifs de la derni\u00e8re semaine, les citoyens grecs craignant un retour \u00e0 la monnaie nationale au cas o\u00f9 Ath\u00e8nes sort de la zone euro. Une r\u00e9union d\u2019urgence des chefs d\u2019Etat et de gouvernement des 19 pays de cette zone est pr\u00e9vue ce lundi \u00e0 Bruxelles, pour d\u00e9cider du sort de l\u2019aide financi\u00e8re \u00e0 la Gr\u00e8ce. Le programme a \u00e9t\u00e9 bloqu\u00e9 suite au refus d\u2019Ath\u00e8nes de prendre de nouvelles mesures d\u2019aust\u00e9rit\u00e9, bien qu\u2019elle risque le d\u00e9faut de payement.<\/p>\n<p>&#13;<br \/>\n&#13;<\/p>\n<p>&#13;<br \/>\n&#13;<\/p>\n<p>&#13;<\/p>\n","protected":false},"excerpt":{"rendered":"<p>D\u00e9fense &#8212; Le pr\u00e9sident roumain Klaus Iohannis s\u2019adressera lundi aux deux Chambres r\u00e9unies du Parlement de Bucarest, au sujet de la Strat\u00e9gie nationale de d\u00e9fense pour 2015 &#8211; 2019. Les Commissions de d\u00e9fense de la Chambre des d\u00e9put\u00e9s et du S\u00e9nat ont donn\u00e9 un avis favorable \u00e0 ce document, le 17 juin dernier, avant les [&hellip;]<\/p>\n","protected":false},"author":113,"featured_media":125286,"comment_status":"closed","ping_status":"closed","sticky":false,"template":"","format":"standard","meta":{"_acf_changed":false,"footnotes":""},"categories":[89002],"tags":[80143,31759,89585,90647,90646,85743,90643,90642,88614,90648,90645,90638,90514,90644,90640,90639,85918,85412,150235,90641],"coauthors":[],"class_list":["post-390750","post","type-post","status-publish","format-standard","has-post-thumbnail","hentry","category-le-flash","tag-acces","tag-baku","tag-banque-centrale-europeenne","tag-banques-grecques","tag-carte-didentite","tag-declarations","tag-desapprouve","tag-diplomatie-rouamine","tag-festival-international-de-theatre","tag-fonds-durgence","tag-gymnastique-aerobic","tag-jeux-europeens","tag-medaille-dargent","tag-ministre-autrichien-des-affaires-etrangeres","tag-parlement-de-bucarest","tag-president-roumain","tag-republique-de-moldova","tag-roumanie","tag-sibiu-fr","tag-strategie-nationale-de-defense"],"acf":[],"yoast_head":"<!-- This site is optimized with the Yoast SEO plugin v27.3 - https:\/\/yoast.com\/product\/yoast-seo-wordpress\/ -->\n<title>21.06.2015 - Radio Roumanie Internationale<\/title>\n<meta name=\"robots\" content=\"index, follow, max-snippet:-1, max-image-preview:large, max-video-preview:-1\" \/>\n<link rel=\"canonical\" href=\"https:\/\/www.rri.ro\/fr\/actualites\/le-flash\/21-06-2015-id390750.html\" \/>\n<meta property=\"og:locale\" content=\"fr_FR\" \/>\n<meta property=\"og:type\" content=\"article\" \/>\n<meta property=\"og:title\" content=\"21.06.2015 - Radio Roumanie Internationale\" \/>\n<meta property=\"og:description\" content=\"D\u00e9fense &#8212; Le pr\u00e9sident roumain Klaus Iohannis s\u2019adressera lundi aux deux Chambres r\u00e9unies du Parlement de Bucarest, au sujet de la Strat\u00e9gie nationale de d\u00e9fense pour 2015 &#8211; 2019. Les Commissions de d\u00e9fense de la Chambre des d\u00e9put\u00e9s et du S\u00e9nat ont donn\u00e9 un avis favorable \u00e0 ce document, le 17 juin dernier, avant les [&hellip;]\" \/>\n<meta property=\"og:url\" content=\"https:\/\/www.rri.ro\/fr\/actualites\/le-flash\/21-06-2015-id390750.html\" \/>\n<meta property=\"og:site_name\" content=\"Radio Roumanie Internationale\" \/>\n<meta property=\"article:published_time\" content=\"2015-06-21T10:23:00+00:00\" \/>\n<meta property=\"og:image\" content=\"https:\/\/www.rri.ro\/wp-content\/uploads\/2023\/10\/LOGO-RRI-FUNDAL-ALB1_medium.jpg\" \/>\n\t<meta property=\"og:image:width\" content=\"640\" \/>\n\t<meta property=\"og:image:height\" content=\"478\" \/>\n\t<meta property=\"og:image:type\" content=\"image\/jpeg\" \/>\n<meta name=\"author\" content=\"Newsroom\" \/>\n<meta name=\"twitter:card\" content=\"summary_large_image\" \/>\n<meta name=\"twitter:label1\" content=\"\u00c9crit par\" \/>\n\t<meta name=\"twitter:data1\" content=\"Newsroom\" \/>\n\t<meta name=\"twitter:label2\" content=\"Dur\u00e9e de lecture estim\u00e9e\" \/>\n\t<meta name=\"twitter:data2\" content=\"4 minutes\" \/>\n\t<meta name=\"twitter:label3\" content=\"Written by\" \/>\n\t<meta name=\"twitter:data3\" content=\"Newsroom\" \/>\n<script type=\"application\/ld+json\" class=\"yoast-schema-graph\">{\"@context\":\"https:\\\/\\\/schema.org\",\"@graph\":[{\"@type\":\"Article\",\"@id\":\"https:\\\/\\\/www.rri.ro\\\/fr\\\/actualites\\\/le-flash\\\/21-06-2015-id390750.html#article\",\"isPartOf\":{\"@id\":\"https:\\\/\\\/www.rri.ro\\\/fr\\\/actualites\\\/le-flash\\\/21-06-2015-id390750.html\"},\"author\":{\"name\":\"Newsroom\",\"@id\":\"https:\\\/\\\/www.rri.ro\\\/#\\\/schema\\\/person\\\/4a479940371b9fdefd194f561e8a7f88\"},\"headline\":\"21.06.2015\",\"datePublished\":\"2015-06-21T10:23:00+00:00\",\"mainEntityOfPage\":{\"@id\":\"https:\\\/\\\/www.rri.ro\\\/fr\\\/actualites\\\/le-flash\\\/21-06-2015-id390750.html\"},\"wordCount\":772,\"image\":{\"@id\":\"https:\\\/\\\/www.rri.ro\\\/fr\\\/actualites\\\/le-flash\\\/21-06-2015-id390750.html#primaryimage\"},\"thumbnailUrl\":\"https:\\\/\\\/www.rri.ro\\\/wp-content\\\/uploads\\\/2023\\\/10\\\/LOGO-RRI-FUNDAL-ALB1_medium.jpg\",\"keywords\":[\"acces\",\"Baku\",\"Banque centrale europ\u00e9enne\",\"banques grecques\",\"carte d'identit\u00e9\",\"d\u00e9clarations\",\"d\u00e9sapprouve\",\"diplomatie rouamine\",\"Festival international de th\u00e9\u00e2tre\",\"fonds d'urgence\",\"gymnastique a\u00e9robic\",\"Jeux Europ\u00e9ens\",\"m\u00e9daille dargent\",\"ministre autrichien des affaires \u00e9trang\u00e8res\",\"parlement de bucarest\",\"pr\u00e9sident roumain\",\"R\u00e9publique de Moldova\",\"Roumanie\",\"Sibiu\",\"strat\u00e9gie nationale de d\u00e9fense\"],\"articleSection\":[\"Le flash\"],\"inLanguage\":\"fr-FR\"},{\"@type\":\"WebPage\",\"@id\":\"https:\\\/\\\/www.rri.ro\\\/fr\\\/actualites\\\/le-flash\\\/21-06-2015-id390750.html\",\"url\":\"https:\\\/\\\/www.rri.ro\\\/fr\\\/actualites\\\/le-flash\\\/21-06-2015-id390750.html\",\"name\":\"21.06.2015 - Radio Roumanie Internationale\",\"isPartOf\":{\"@id\":\"https:\\\/\\\/www.rri.ro\\\/#website\"},\"primaryImageOfPage\":{\"@id\":\"https:\\\/\\\/www.rri.ro\\\/fr\\\/actualites\\\/le-flash\\\/21-06-2015-id390750.html#primaryimage\"},\"image\":{\"@id\":\"https:\\\/\\\/www.rri.ro\\\/fr\\\/actualites\\\/le-flash\\\/21-06-2015-id390750.html#primaryimage\"},\"thumbnailUrl\":\"https:\\\/\\\/www.rri.ro\\\/wp-content\\\/uploads\\\/2023\\\/10\\\/LOGO-RRI-FUNDAL-ALB1_medium.jpg\",\"datePublished\":\"2015-06-21T10:23:00+00:00\",\"author\":{\"@id\":\"https:\\\/\\\/www.rri.ro\\\/#\\\/schema\\\/person\\\/4a479940371b9fdefd194f561e8a7f88\"},\"breadcrumb\":{\"@id\":\"https:\\\/\\\/www.rri.ro\\\/fr\\\/actualites\\\/le-flash\\\/21-06-2015-id390750.html#breadcrumb\"},\"inLanguage\":\"fr-FR\",\"potentialAction\":[{\"@type\":\"ReadAction\",\"target\":[\"https:\\\/\\\/www.rri.ro\\\/fr\\\/actualites\\\/le-flash\\\/21-06-2015-id390750.html\"]}]},{\"@type\":\"ImageObject\",\"inLanguage\":\"fr-FR\",\"@id\":\"https:\\\/\\\/www.rri.ro\\\/fr\\\/actualites\\\/le-flash\\\/21-06-2015-id390750.html#primaryimage\",\"url\":\"https:\\\/\\\/www.rri.ro\\\/wp-content\\\/uploads\\\/2023\\\/10\\\/LOGO-RRI-FUNDAL-ALB1_medium.jpg\",\"contentUrl\":\"https:\\\/\\\/www.rri.ro\\\/wp-content\\\/uploads\\\/2023\\\/10\\\/LOGO-RRI-FUNDAL-ALB1_medium.jpg\",\"width\":640,\"height\":478},{\"@type\":\"BreadcrumbList\",\"@id\":\"https:\\\/\\\/www.rri.ro\\\/fr\\\/actualites\\\/le-flash\\\/21-06-2015-id390750.html#breadcrumb\",\"itemListElement\":[{\"@type\":\"ListItem\",\"position\":1,\"name\":\"Page d'accueil\",\"item\":\"https:\\\/\\\/www.rri.ro\\\/fr\"},{\"@type\":\"ListItem\",\"position\":2,\"name\":\"Actualit\u00e9s\",\"item\":\"https:\\\/\\\/www.rri.ro\\\/fr\\\/actualites\"},{\"@type\":\"ListItem\",\"position\":3,\"name\":\"Le flash\",\"item\":\"https:\\\/\\\/www.rri.ro\\\/fr\\\/actualites\\\/le-flash\"},{\"@type\":\"ListItem\",\"position\":4,\"name\":\"21.06.2015\"}]},{\"@type\":\"WebSite\",\"@id\":\"https:\\\/\\\/www.rri.ro\\\/#website\",\"url\":\"https:\\\/\\\/www.rri.ro\\\/\",\"name\":\"Radio Roumanie Internationale\",\"description\":\"Totul despre Rom\u00e2nia \u015fi rom\u00e2ni, \u00een 13 limbi\\\/dialecte!\",\"inLanguage\":\"fr-FR\"},{\"@type\":\"Person\",\"@id\":\"https:\\\/\\\/www.rri.ro\\\/#\\\/schema\\\/person\\\/4a479940371b9fdefd194f561e8a7f88\",\"name\":\"Newsroom\",\"url\":\"https:\\\/\\\/www.rri.ro\\\/fr\\\/author\\\/newsroom\"}]}<\/script>\n<!-- \/ Yoast SEO plugin. -->","yoast_head_json":{"title":"21.06.2015 - Radio Roumanie Internationale","robots":{"index":"index","follow":"follow","max-snippet":"max-snippet:-1","max-image-preview":"max-image-preview:large","max-video-preview":"max-video-preview:-1"},"canonical":"https:\/\/www.rri.ro\/fr\/actualites\/le-flash\/21-06-2015-id390750.html","og_locale":"fr_FR","og_type":"article","og_title":"21.06.2015 - Radio Roumanie Internationale","og_description":"D\u00e9fense &#8212; Le pr\u00e9sident roumain Klaus Iohannis s\u2019adressera lundi aux deux Chambres r\u00e9unies du Parlement de Bucarest, au sujet de la Strat\u00e9gie nationale de d\u00e9fense pour 2015 &#8211; 2019. Les Commissions de d\u00e9fense de la Chambre des d\u00e9put\u00e9s et du S\u00e9nat ont donn\u00e9 un avis favorable \u00e0 ce document, le 17 juin dernier, avant les [&hellip;]","og_url":"https:\/\/www.rri.ro\/fr\/actualites\/le-flash\/21-06-2015-id390750.html","og_site_name":"Radio Roumanie Internationale","article_published_time":"2015-06-21T10:23:00+00:00","og_image":[{"width":640,"height":478,"url":"https:\/\/www.rri.ro\/wp-content\/uploads\/2023\/10\/LOGO-RRI-FUNDAL-ALB1_medium.jpg","type":"image\/jpeg"}],"author":"Newsroom","twitter_card":"summary_large_image","twitter_misc":{"\u00c9crit par":"Newsroom","Dur\u00e9e de lecture estim\u00e9e":"4 minutes","Written by":"Newsroom"},"schema":{"@context":"https:\/\/schema.org","@graph":[{"@type":"Article","@id":"https:\/\/www.rri.ro\/fr\/actualites\/le-flash\/21-06-2015-id390750.html#article","isPartOf":{"@id":"https:\/\/www.rri.ro\/fr\/actualites\/le-flash\/21-06-2015-id390750.html"},"author":{"name":"Newsroom","@id":"https:\/\/www.rri.ro\/#\/schema\/person\/4a479940371b9fdefd194f561e8a7f88"},"headline":"21.06.2015","datePublished":"2015-06-21T10:23:00+00:00","mainEntityOfPage":{"@id":"https:\/\/www.rri.ro\/fr\/actualites\/le-flash\/21-06-2015-id390750.html"},"wordCount":772,"image":{"@id":"https:\/\/www.rri.ro\/fr\/actualites\/le-flash\/21-06-2015-id390750.html#primaryimage"},"thumbnailUrl":"https:\/\/www.rri.ro\/wp-content\/uploads\/2023\/10\/LOGO-RRI-FUNDAL-ALB1_medium.jpg","keywords":["acces","Baku","Banque centrale europ\u00e9enne","banques grecques","carte d'identit\u00e9","d\u00e9clarations","d\u00e9sapprouve","diplomatie rouamine","Festival international de th\u00e9\u00e2tre","fonds d'urgence","gymnastique a\u00e9robic","Jeux Europ\u00e9ens","m\u00e9daille dargent","ministre autrichien des affaires \u00e9trang\u00e8res","parlement de bucarest","pr\u00e9sident roumain","R\u00e9publique de Moldova","Roumanie","Sibiu","strat\u00e9gie nationale de d\u00e9fense"],"articleSection":["Le flash"],"inLanguage":"fr-FR"},{"@type":"WebPage","@id":"https:\/\/www.rri.ro\/fr\/actualites\/le-flash\/21-06-2015-id390750.html","url":"https:\/\/www.rri.ro\/fr\/actualites\/le-flash\/21-06-2015-id390750.html","name":"21.06.2015 - Radio Roumanie Internationale","isPartOf":{"@id":"https:\/\/www.rri.ro\/#website"},"primaryImageOfPage":{"@id":"https:\/\/www.rri.ro\/fr\/actualites\/le-flash\/21-06-2015-id390750.html#primaryimage"},"image":{"@id":"https:\/\/www.rri.ro\/fr\/actualites\/le-flash\/21-06-2015-id390750.html#primaryimage"},"thumbnailUrl":"https:\/\/www.rri.ro\/wp-content\/uploads\/2023\/10\/LOGO-RRI-FUNDAL-ALB1_medium.jpg","datePublished":"2015-06-21T10:23:00+00:00","author":{"@id":"https:\/\/www.rri.ro\/#\/schema\/person\/4a479940371b9fdefd194f561e8a7f88"},"breadcrumb":{"@id":"https:\/\/www.rri.ro\/fr\/actualites\/le-flash\/21-06-2015-id390750.html#breadcrumb"},"inLanguage":"fr-FR","potentialAction":[{"@type":"ReadAction","target":["https:\/\/www.rri.ro\/fr\/actualites\/le-flash\/21-06-2015-id390750.html"]}]},{"@type":"ImageObject","inLanguage":"fr-FR","@id":"https:\/\/www.rri.ro\/fr\/actualites\/le-flash\/21-06-2015-id390750.html#primaryimage","url":"https:\/\/www.rri.ro\/wp-content\/uploads\/2023\/10\/LOGO-RRI-FUNDAL-ALB1_medium.jpg","contentUrl":"https:\/\/www.rri.ro\/wp-content\/uploads\/2023\/10\/LOGO-RRI-FUNDAL-ALB1_medium.jpg","width":640,"height":478},{"@type":"BreadcrumbList","@id":"https:\/\/www.rri.ro\/fr\/actualites\/le-flash\/21-06-2015-id390750.html#breadcrumb","itemListElement":[{"@type":"ListItem","position":1,"name":"Page d'accueil","item":"https:\/\/www.rri.ro\/fr"},{"@type":"ListItem","position":2,"name":"Actualit\u00e9s","item":"https:\/\/www.rri.ro\/fr\/actualites"},{"@type":"ListItem","position":3,"name":"Le flash","item":"https:\/\/www.rri.ro\/fr\/actualites\/le-flash"},{"@type":"ListItem","position":4,"name":"21.06.2015"}]},{"@type":"WebSite","@id":"https:\/\/www.rri.ro\/#website","url":"https:\/\/www.rri.ro\/","name":"Radio Roumanie Internationale","description":"Totul despre Rom\u00e2nia \u015fi rom\u00e2ni, \u00een 13 limbi\/dialecte!","inLanguage":"fr-FR"},{"@type":"Person","@id":"https:\/\/www.rri.ro\/#\/schema\/person\/4a479940371b9fdefd194f561e8a7f88","name":"Newsroom","url":"https:\/\/www.rri.ro\/fr\/author\/newsroom"}]}},"_links":{"self":[{"href":"https:\/\/www.rri.ro\/fr\/wp-json\/wp\/v2\/posts\/390750","targetHints":{"allow":["GET"]}}],"collection":[{"href":"https:\/\/www.rri.ro\/fr\/wp-json\/wp\/v2\/posts"}],"about":[{"href":"https:\/\/www.rri.ro\/fr\/wp-json\/wp\/v2\/types\/post"}],"author":[{"embeddable":true,"href":"https:\/\/www.rri.ro\/fr\/wp-json\/wp\/v2\/users\/113"}],"replies":[{"embeddable":true,"href":"https:\/\/www.rri.ro\/fr\/wp-json\/wp\/v2\/comments?post=390750"}],"version-history":[{"count":0,"href":"https:\/\/www.rri.ro\/fr\/wp-json\/wp\/v2\/posts\/390750\/revisions"}],"wp:featuredmedia":[{"embeddable":true,"href":"https:\/\/www.rri.ro\/fr\/wp-json\/wp\/v2\/media\/125286"}],"wp:attachment":[{"href":"https:\/\/www.rri.ro\/fr\/wp-json\/wp\/v2\/media?parent=390750"}],"wp:term":[{"taxonomy":"category","embeddable":true,"href":"https:\/\/www.rri.ro\/fr\/wp-json\/wp\/v2\/categories?post=390750"},{"taxonomy":"post_tag","embeddable":true,"href":"https:\/\/www.rri.ro\/fr\/wp-json\/wp\/v2\/tags?post=390750"},{"taxonomy":"author","embeddable":true,"href":"https:\/\/www.rri.ro\/fr\/wp-json\/wp\/v2\/coauthors?post=390750"}],"curies":[{"name":"wp","href":"https:\/\/api.w.org\/{rel}","templated":true}]}}