{"id":390892,"date":"2015-09-02T13:38:00","date_gmt":"2015-09-02T10:38:00","guid":{"rendered":"http:\/\/devrri.freshlemon.ro\/le-roumain-mot-a-mot\/consulter-les-lecons\/02-09-2015-id390892.html"},"modified":"2015-09-02T13:38:00","modified_gmt":"2015-09-02T10:38:00","slug":"02-09-2015","status":"publish","type":"post","link":"https:\/\/www.rri.ro\/fr\/actualites\/le-flash\/02-09-2015-id390892.html","title":{"rendered":"02.09.2015"},"content":{"rendered":"<p><strong class=cms-bold>Concours <\/strong>&#8211; Les gagnants des Grands Prix du jeu concours Voyage avec la navette de Mamie Ru\u0163\u0103, organis\u00e9 par RRI et \u00ab L&rsquo;Antenne des villages \u00bb, station de la Radio publique roumaine, ont d\u00e9marr\u00e9 leur excursion \u00e0 F\u0103g\u0103ra\u015f-S\u00e2mb\u0103ta de Sus et \u00e0 M\u0103rginimea Sibiului (au centre de la Roumanie). Une semaine durant, les auditeurs de RRI Jamila Bekkai, du Maroc et Gilbert Dupont, de France, qui est accompagn\u00e9 par son \u00e9pouse, Annie Lef\u00e8vre Dupont, ainsi que les auditeurs de \u00ab L&rsquo;Antenne des villages \u00bb Anca et Cristian Balaban, de Roumanie, d\u00e9couvriront les attractions touristiques, culturelles, historiques et religieuse les plus importantes du pays de Fag\u0103ra\u015f et des alentours de Sibiu. Les gagnants des Grands Prix sont accompagn\u00e9s par les journalistes Simona Laz\u0103r et Valentin \u0162ig\u0103u. RRI, qui a re\u00e7u 197 r\u00e9ponses correctes et compl\u00e8tes aux questions du jeu-concours, a d\u00e9cid\u00e9 de r\u00e9compenser par 60 autres prix et mentions consistant en objets les meilleures r\u00e9ponses et motivations. <\/p>\n<p><strong class=cms-bold>Code fiscal<\/strong> &#8211; Le nouveau Code fiscal devrait \u00eatre d\u00e9battu mercredi par les d\u00e9put\u00e9s membres de la Commission charg\u00e9e du budget. Jeudi, il figurera \u00e0 l&rsquo;ordre du jour du pl\u00e9num de la Chambre des d\u00e9put\u00e9s. Les s\u00e9nateurs roumains ont adopt\u00e9 mardi \u00e0 une large majorit\u00e9 le document dans la forme convenue par les partis politiques. Parmi les mesures figurant dans le nouveau Code fiscal mentionnons la r\u00e9duction de la TVA \u00e0 20% \u00e0 compter de janvier 2016 et \u00e0 19% \u00e0 partir de 2017. La suppression de l&rsquo;accise suppl\u00e9mentaire sur les carburants et de la taxe sur les constructions sp\u00e9ciales sera report\u00e9e \u00e0 2017. Le nouveau Code fiscal pourrait \u00eatre promulgu\u00e9 la semaine prochaine par le pr\u00e9sident Klaus Iohannis, qui, dans un premier temps, l&rsquo;avait renvoy\u00e9 pour r\u00e9examen au Parlement. <\/p>\n<p><strong class=cms-bold>Moldova <\/strong>&#8211; La priorit\u00e9 absolue de Bucarest c&rsquo;est la R\u00e9publique de Moldova &#8211; a d\u00e9clar\u00e9 mercredi le premier ministre roumain Victor Ponta, lors de la r\u00e9union annuelle de la diplomatie roumaine. Il a demand\u00e9 aux diplomates roumains de promouvoir les int\u00e9r\u00eats de l&rsquo;Etat voisin, tout comme ils d\u00e9fendent les int\u00e9r\u00eats de la Roumanie. Rappelons-le, le premier ministre roumain s&rsquo;est rendu dans la capitale moldave, Chisinau, le 27 ao\u00fbt, \u00e0 l&rsquo;occasion du 24e anniversaire de l&rsquo;ind\u00e9pendance de la R\u00e9publique de Moldova \u00e0 l&rsquo;\u00e9gard de Moscou. Il avait \u00e9t\u00e9 re\u00e7u par le pr\u00e9sident Nicolae Timofti et son homologue moldave, Valeriu Strelet. Victor Ponta a r\u00e9affirm\u00e9 \u00e0 Chisinau, le soutien de Bucarest aux aspirations europ\u00e9ennes du pays voisin. A noter aussi que l&rsquo;ann\u00e9e derni\u00e8re, la R\u00e9publique de Moldova a conclu des accords d&rsquo;association et de libre \u00e9change avec l&rsquo;UE, qu&rsquo;elle esp\u00e8re rejoindre en 2020. <\/p>\n<p><strong class=cms-bold>Migration <\/strong>&#8211; Plus de 350&rsquo;000 personnes ont risqu\u00e9 leur vie depuis le d\u00e9but de l&rsquo;ann\u00e9e en traversant la M\u00e9diterran\u00e9e pour gagner l&rsquo;Europe, et pr\u00e8s de 2700 sont mortes en mer lors de ce p\u00e9riple, a r\u00e9v\u00e9l\u00e9 mardi l&rsquo;Organisation internationale pour les migrations. Des dizaines de milliers de Syriens qui ont fui le conflit de leur pays ont atteint cet \u00e9t\u00e9 la c\u00f4te turque de la Mer Eg\u00e9e avant d&#8217;embarquer dans des canots gonflables, direction la Gr\u00e8ce, porte d&rsquo;entr\u00e9e dans l&rsquo;UE. Les organisations humanitaires estiment que ce dernier mois environ 2.000 personnes sont parties de Turquie vers les \u00eeles grecques. Selon l&rsquo;Agence europ\u00e9enne pour le contr\u00f4le des fronti\u00e8res, Frontex, plus de 23 000 migrants sont arriv\u00e9s en Gr\u00e8ce par la mer la semaine derni\u00e8re. L&rsquo;UE d\u00e9ploie des efforts pour faire face \u00e0 cet afflux migratoire sans pr\u00e9c\u00e9dent, le plus grand depuis la Seconde Guerre Mondiale.  <\/p>\n<p><strong class=cms-bold>Tennis <\/strong>&#8211; La joueuse roumaine de tennis Monica Niculescu s&rsquo;est qualifi\u00e9e pour le deuxi\u00e8me tour de l&rsquo;US Open, dernier Grand Chelem de l&rsquo;ann\u00e9e apr\u00e8s avoir vaincu, mardi, la Russe Alexandra Panova. Monica (41e WTA) rencontrera au deuxi\u00e8me tour l&rsquo;Italienne Flavia Pennetta, t\u00eate de s\u00e9rie n\u00b0 26. Simona Halep, deuxi\u00e8me favorite de la comp\u00e9tition, s&rsquo;est elle aussi qualifi\u00e9e, en remportant le match contre la N\u00e9o-Z\u00e9landaise Marina Erakovic. Simona Halep devra affronter au deuxi\u00e8me tour l&rsquo;Ukrainienne Katerina Bondarenko. Les trois autres sportives roumaines figurant dans le tableau du simple dames de l&rsquo;US Open, Andreea Mitu, Alexandra Dulgheru et  Irina Begu ont \u00e9t\u00e9 \u00e9limin\u00e9es d\u00e8s le premier tour. <\/p>\n<p><strong class=cms-bold>Sport <\/strong>&#8211; L&rsquo;\u00e9quipe de Roumanie de football doit affronter vendredi la s\u00e9lection hongroise, dans un match comptant pour les pr\u00e9liminaires du Championnat d&rsquo;Europe. Lundi prochain, les Roumains rencontreront, \u00e0 domicile, les Grecs. Forts des quatre victoires remport\u00e9es et avec deux \u00e9galit\u00e9s sur six matches disput\u00e9s, les Roumains sont leaders du Groupe F des pr\u00e9liminaires. Ils ont engrang\u00e9 14 points et sont talonn\u00e9s par les Nords &#8211; Irlandais (13 points) et les Hongrois (11 points). Les matches du Groupe finiront en octobre. Les footballeurs roumains rencontreront les F\u00e9ro\u00efens en d\u00e9placement et les Finlandais \u00e0 domicile. La derni\u00e8re participation de la Roumanie \u00e0 la finale d&rsquo;un tournoi europ\u00e9en remonte \u00e0 2008. Selon la presse sportive bucarestoise, la consolation des supporters roumains reste la s\u00e9lection nationale, car, pour la premi\u00e8re fois depuis 12 ans, la Roumanie n&rsquo;aura pas de repr\u00e9sentantes dans les comp\u00e9titions europ\u00e9ennes de football interclubs. <\/p>\n<p><strong class=cms-bold>M\u00e9t\u00e9o <\/strong>&#8211; Temps chaud, voire caniculaire, sur la plupart du territoire. Le mercure grimpera jusqu&rsquo;\u00e0 38 degr\u00e9 et l&rsquo;indice de confort thermique franchira, par endroits, le seuil critique des 80 unit\u00e9s. Le ciel sera plut\u00f4t d\u00e9gag\u00e9, except\u00e9 quelques passages nuageux dans les r\u00e9gions de l&rsquo;ouest, o\u00f9 l&rsquo;on attend dans la soir\u00e9e des pluies \u00e0 verse accompagn\u00e9es de ph\u00e9nom\u00e8nes \u00e9lectriques. 29 degr\u00e9s \u00e0 midi dans la capitale. <\/p>\n","protected":false},"excerpt":{"rendered":"<p>Concours &#8211; Les gagnants des Grands Prix du jeu concours Voyage avec la navette de Mamie Ru\u0163\u0103, organis\u00e9 par RRI et \u00ab L&rsquo;Antenne des villages \u00bb, station de la Radio publique roumaine, ont d\u00e9marr\u00e9 leur excursion \u00e0 F\u0103g\u0103ra\u015f-S\u00e2mb\u0103ta de Sus et \u00e0 M\u0103rginimea Sibiului (au centre de la Roumanie). Une semaine durant, les auditeurs de [&hellip;]<\/p>\n","protected":false},"author":113,"featured_media":50395,"comment_status":"closed","ping_status":"closed","sticky":false,"template":"","format":"standard","meta":{"_acf_changed":false,"footnotes":""},"categories":[89002],"tags":[89419,90756,89221,148455,87575,90755,146071,87731,87742,143522,153608],"coauthors":[],"class_list":["post-390892","post","type-post","status-publish","format-standard","has-post-thumbnail","hentry","category-le-flash","tag-canicule","tag-championnat-deurope","tag-code-fiscal","tag-football-fr","tag-gagnants","tag-mamie-ruta","tag-migration-fr","tag-navette","tag-sejour","tag-tennis-fr","tag-us-open-fr"],"acf":[],"yoast_head":"<!-- This site is optimized with the Yoast SEO plugin v27.5 - https:\/\/yoast.com\/product\/yoast-seo-wordpress\/ -->\n<title>02.09.2015 - Radio Roumanie Internationale<\/title>\n<meta name=\"robots\" content=\"index, follow, max-snippet:-1, max-image-preview:large, max-video-preview:-1\" \/>\n<link rel=\"canonical\" href=\"https:\/\/www.rri.ro\/fr\/actualites\/le-flash\/02-09-2015-id390892.html\" \/>\n<meta property=\"og:locale\" content=\"fr_FR\" \/>\n<meta property=\"og:type\" content=\"article\" \/>\n<meta property=\"og:title\" content=\"02.09.2015 - Radio Roumanie Internationale\" \/>\n<meta property=\"og:description\" content=\"Concours &#8211; Les gagnants des Grands Prix du jeu concours Voyage avec la navette de Mamie Ru\u0163\u0103, organis\u00e9 par RRI et \u00ab L&rsquo;Antenne des villages \u00bb, station de la Radio publique roumaine, ont d\u00e9marr\u00e9 leur excursion \u00e0 F\u0103g\u0103ra\u015f-S\u00e2mb\u0103ta de Sus et \u00e0 M\u0103rginimea Sibiului (au centre de la Roumanie). Une semaine durant, les auditeurs de [&hellip;]\" \/>\n<meta property=\"og:url\" content=\"https:\/\/www.rri.ro\/fr\/actualites\/le-flash\/02-09-2015-id390892.html\" \/>\n<meta property=\"og:site_name\" content=\"Radio Roumanie Internationale\" \/>\n<meta property=\"article:published_time\" content=\"2015-09-02T10:38:00+00:00\" \/>\n<meta property=\"og:image\" content=\"https:\/\/www.rri.ro\/wp-content\/uploads\/2023\/10\/LOGO-RRI-FUNDALALB-640.png\" \/>\n\t<meta property=\"og:image:width\" content=\"640\" \/>\n\t<meta property=\"og:image:height\" content=\"480\" \/>\n\t<meta property=\"og:image:type\" content=\"image\/png\" \/>\n<meta name=\"author\" content=\"Newsroom\" \/>\n<meta name=\"twitter:card\" content=\"summary_large_image\" \/>\n<meta name=\"twitter:label1\" content=\"\u00c9crit par\" \/>\n\t<meta name=\"twitter:data1\" content=\"Newsroom\" \/>\n\t<meta name=\"twitter:label2\" content=\"Dur\u00e9e de lecture estim\u00e9e\" \/>\n\t<meta name=\"twitter:data2\" content=\"5 minutes\" \/>\n\t<meta name=\"twitter:label3\" content=\"Written by\" \/>\n\t<meta name=\"twitter:data3\" content=\"Newsroom\" \/>\n<script type=\"application\/ld+json\" class=\"yoast-schema-graph\">{\"@context\":\"https:\\\/\\\/schema.org\",\"@graph\":[{\"@type\":\"Article\",\"@id\":\"https:\\\/\\\/www.rri.ro\\\/fr\\\/actualites\\\/le-flash\\\/02-09-2015-id390892.html#article\",\"isPartOf\":{\"@id\":\"https:\\\/\\\/www.rri.ro\\\/fr\\\/actualites\\\/le-flash\\\/02-09-2015-id390892.html\"},\"author\":{\"name\":\"Newsroom\",\"@id\":\"https:\\\/\\\/www.rri.ro\\\/#\\\/schema\\\/person\\\/4a479940371b9fdefd194f561e8a7f88\"},\"headline\":\"02.09.2015\",\"datePublished\":\"2015-09-02T10:38:00+00:00\",\"mainEntityOfPage\":{\"@id\":\"https:\\\/\\\/www.rri.ro\\\/fr\\\/actualites\\\/le-flash\\\/02-09-2015-id390892.html\"},\"wordCount\":993,\"image\":{\"@id\":\"https:\\\/\\\/www.rri.ro\\\/fr\\\/actualites\\\/le-flash\\\/02-09-2015-id390892.html#primaryimage\"},\"thumbnailUrl\":\"https:\\\/\\\/www.rri.ro\\\/wp-content\\\/uploads\\\/2023\\\/10\\\/LOGO-RRI-FUNDALALB-640.png\",\"keywords\":[\"canicule\",\"Championnat d'Europe\",\"code fiscal\",\"football\",\"gagnants\",\"Mamie Ruta\",\"migration\",\"navette\",\"s\u00e9jour\",\"tennis\",\"US Open\"],\"articleSection\":[\"Le flash\"],\"inLanguage\":\"fr-FR\"},{\"@type\":\"WebPage\",\"@id\":\"https:\\\/\\\/www.rri.ro\\\/fr\\\/actualites\\\/le-flash\\\/02-09-2015-id390892.html\",\"url\":\"https:\\\/\\\/www.rri.ro\\\/fr\\\/actualites\\\/le-flash\\\/02-09-2015-id390892.html\",\"name\":\"02.09.2015 - Radio Roumanie Internationale\",\"isPartOf\":{\"@id\":\"https:\\\/\\\/www.rri.ro\\\/#website\"},\"primaryImageOfPage\":{\"@id\":\"https:\\\/\\\/www.rri.ro\\\/fr\\\/actualites\\\/le-flash\\\/02-09-2015-id390892.html#primaryimage\"},\"image\":{\"@id\":\"https:\\\/\\\/www.rri.ro\\\/fr\\\/actualites\\\/le-flash\\\/02-09-2015-id390892.html#primaryimage\"},\"thumbnailUrl\":\"https:\\\/\\\/www.rri.ro\\\/wp-content\\\/uploads\\\/2023\\\/10\\\/LOGO-RRI-FUNDALALB-640.png\",\"datePublished\":\"2015-09-02T10:38:00+00:00\",\"author\":{\"@id\":\"https:\\\/\\\/www.rri.ro\\\/#\\\/schema\\\/person\\\/4a479940371b9fdefd194f561e8a7f88\"},\"breadcrumb\":{\"@id\":\"https:\\\/\\\/www.rri.ro\\\/fr\\\/actualites\\\/le-flash\\\/02-09-2015-id390892.html#breadcrumb\"},\"inLanguage\":\"fr-FR\",\"potentialAction\":[{\"@type\":\"ReadAction\",\"target\":[\"https:\\\/\\\/www.rri.ro\\\/fr\\\/actualites\\\/le-flash\\\/02-09-2015-id390892.html\"]}]},{\"@type\":\"ImageObject\",\"inLanguage\":\"fr-FR\",\"@id\":\"https:\\\/\\\/www.rri.ro\\\/fr\\\/actualites\\\/le-flash\\\/02-09-2015-id390892.html#primaryimage\",\"url\":\"https:\\\/\\\/www.rri.ro\\\/wp-content\\\/uploads\\\/2023\\\/10\\\/LOGO-RRI-FUNDALALB-640.png\",\"contentUrl\":\"https:\\\/\\\/www.rri.ro\\\/wp-content\\\/uploads\\\/2023\\\/10\\\/LOGO-RRI-FUNDALALB-640.png\",\"width\":640,\"height\":480},{\"@type\":\"BreadcrumbList\",\"@id\":\"https:\\\/\\\/www.rri.ro\\\/fr\\\/actualites\\\/le-flash\\\/02-09-2015-id390892.html#breadcrumb\",\"itemListElement\":[{\"@type\":\"ListItem\",\"position\":1,\"name\":\"Page d'accueil\",\"item\":\"https:\\\/\\\/www.rri.ro\\\/fr\"},{\"@type\":\"ListItem\",\"position\":2,\"name\":\"Actualit\u00e9s\",\"item\":\"https:\\\/\\\/www.rri.ro\\\/fr\\\/actualites\"},{\"@type\":\"ListItem\",\"position\":3,\"name\":\"Le flash\",\"item\":\"https:\\\/\\\/www.rri.ro\\\/fr\\\/actualites\\\/le-flash\"},{\"@type\":\"ListItem\",\"position\":4,\"name\":\"02.09.2015\"}]},{\"@type\":\"WebSite\",\"@id\":\"https:\\\/\\\/www.rri.ro\\\/#website\",\"url\":\"https:\\\/\\\/www.rri.ro\\\/\",\"name\":\"Radio Roumanie Internationale\",\"description\":\"Totul despre Rom\u00e2nia \u015fi rom\u00e2ni, \u00een 13 limbi\\\/dialecte!\",\"inLanguage\":\"fr-FR\"},{\"@type\":\"Person\",\"@id\":\"https:\\\/\\\/www.rri.ro\\\/#\\\/schema\\\/person\\\/4a479940371b9fdefd194f561e8a7f88\",\"name\":\"Newsroom\",\"url\":\"https:\\\/\\\/www.rri.ro\\\/fr\\\/author\\\/newsroom\"}]}<\/script>\n<!-- \/ Yoast SEO plugin. -->","yoast_head_json":{"title":"02.09.2015 - Radio Roumanie Internationale","robots":{"index":"index","follow":"follow","max-snippet":"max-snippet:-1","max-image-preview":"max-image-preview:large","max-video-preview":"max-video-preview:-1"},"canonical":"https:\/\/www.rri.ro\/fr\/actualites\/le-flash\/02-09-2015-id390892.html","og_locale":"fr_FR","og_type":"article","og_title":"02.09.2015 - Radio Roumanie Internationale","og_description":"Concours &#8211; Les gagnants des Grands Prix du jeu concours Voyage avec la navette de Mamie Ru\u0163\u0103, organis\u00e9 par RRI et \u00ab L&rsquo;Antenne des villages \u00bb, station de la Radio publique roumaine, ont d\u00e9marr\u00e9 leur excursion \u00e0 F\u0103g\u0103ra\u015f-S\u00e2mb\u0103ta de Sus et \u00e0 M\u0103rginimea Sibiului (au centre de la Roumanie). Une semaine durant, les auditeurs de [&hellip;]","og_url":"https:\/\/www.rri.ro\/fr\/actualites\/le-flash\/02-09-2015-id390892.html","og_site_name":"Radio Roumanie Internationale","article_published_time":"2015-09-02T10:38:00+00:00","og_image":[{"width":640,"height":480,"url":"https:\/\/www.rri.ro\/wp-content\/uploads\/2023\/10\/LOGO-RRI-FUNDALALB-640.png","type":"image\/png"}],"author":"Newsroom","twitter_card":"summary_large_image","twitter_misc":{"\u00c9crit par":"Newsroom","Dur\u00e9e de lecture estim\u00e9e":"5 minutes","Written by":"Newsroom"},"schema":{"@context":"https:\/\/schema.org","@graph":[{"@type":"Article","@id":"https:\/\/www.rri.ro\/fr\/actualites\/le-flash\/02-09-2015-id390892.html#article","isPartOf":{"@id":"https:\/\/www.rri.ro\/fr\/actualites\/le-flash\/02-09-2015-id390892.html"},"author":{"name":"Newsroom","@id":"https:\/\/www.rri.ro\/#\/schema\/person\/4a479940371b9fdefd194f561e8a7f88"},"headline":"02.09.2015","datePublished":"2015-09-02T10:38:00+00:00","mainEntityOfPage":{"@id":"https:\/\/www.rri.ro\/fr\/actualites\/le-flash\/02-09-2015-id390892.html"},"wordCount":993,"image":{"@id":"https:\/\/www.rri.ro\/fr\/actualites\/le-flash\/02-09-2015-id390892.html#primaryimage"},"thumbnailUrl":"https:\/\/www.rri.ro\/wp-content\/uploads\/2023\/10\/LOGO-RRI-FUNDALALB-640.png","keywords":["canicule","Championnat d'Europe","code fiscal","football","gagnants","Mamie Ruta","migration","navette","s\u00e9jour","tennis","US Open"],"articleSection":["Le flash"],"inLanguage":"fr-FR"},{"@type":"WebPage","@id":"https:\/\/www.rri.ro\/fr\/actualites\/le-flash\/02-09-2015-id390892.html","url":"https:\/\/www.rri.ro\/fr\/actualites\/le-flash\/02-09-2015-id390892.html","name":"02.09.2015 - Radio Roumanie Internationale","isPartOf":{"@id":"https:\/\/www.rri.ro\/#website"},"primaryImageOfPage":{"@id":"https:\/\/www.rri.ro\/fr\/actualites\/le-flash\/02-09-2015-id390892.html#primaryimage"},"image":{"@id":"https:\/\/www.rri.ro\/fr\/actualites\/le-flash\/02-09-2015-id390892.html#primaryimage"},"thumbnailUrl":"https:\/\/www.rri.ro\/wp-content\/uploads\/2023\/10\/LOGO-RRI-FUNDALALB-640.png","datePublished":"2015-09-02T10:38:00+00:00","author":{"@id":"https:\/\/www.rri.ro\/#\/schema\/person\/4a479940371b9fdefd194f561e8a7f88"},"breadcrumb":{"@id":"https:\/\/www.rri.ro\/fr\/actualites\/le-flash\/02-09-2015-id390892.html#breadcrumb"},"inLanguage":"fr-FR","potentialAction":[{"@type":"ReadAction","target":["https:\/\/www.rri.ro\/fr\/actualites\/le-flash\/02-09-2015-id390892.html"]}]},{"@type":"ImageObject","inLanguage":"fr-FR","@id":"https:\/\/www.rri.ro\/fr\/actualites\/le-flash\/02-09-2015-id390892.html#primaryimage","url":"https:\/\/www.rri.ro\/wp-content\/uploads\/2023\/10\/LOGO-RRI-FUNDALALB-640.png","contentUrl":"https:\/\/www.rri.ro\/wp-content\/uploads\/2023\/10\/LOGO-RRI-FUNDALALB-640.png","width":640,"height":480},{"@type":"BreadcrumbList","@id":"https:\/\/www.rri.ro\/fr\/actualites\/le-flash\/02-09-2015-id390892.html#breadcrumb","itemListElement":[{"@type":"ListItem","position":1,"name":"Page d'accueil","item":"https:\/\/www.rri.ro\/fr"},{"@type":"ListItem","position":2,"name":"Actualit\u00e9s","item":"https:\/\/www.rri.ro\/fr\/actualites"},{"@type":"ListItem","position":3,"name":"Le flash","item":"https:\/\/www.rri.ro\/fr\/actualites\/le-flash"},{"@type":"ListItem","position":4,"name":"02.09.2015"}]},{"@type":"WebSite","@id":"https:\/\/www.rri.ro\/#website","url":"https:\/\/www.rri.ro\/","name":"Radio Roumanie Internationale","description":"Totul despre Rom\u00e2nia \u015fi rom\u00e2ni, \u00een 13 limbi\/dialecte!","inLanguage":"fr-FR"},{"@type":"Person","@id":"https:\/\/www.rri.ro\/#\/schema\/person\/4a479940371b9fdefd194f561e8a7f88","name":"Newsroom","url":"https:\/\/www.rri.ro\/fr\/author\/newsroom"}]}},"_links":{"self":[{"href":"https:\/\/www.rri.ro\/fr\/wp-json\/wp\/v2\/posts\/390892","targetHints":{"allow":["GET"]}}],"collection":[{"href":"https:\/\/www.rri.ro\/fr\/wp-json\/wp\/v2\/posts"}],"about":[{"href":"https:\/\/www.rri.ro\/fr\/wp-json\/wp\/v2\/types\/post"}],"author":[{"embeddable":true,"href":"https:\/\/www.rri.ro\/fr\/wp-json\/wp\/v2\/users\/113"}],"replies":[{"embeddable":true,"href":"https:\/\/www.rri.ro\/fr\/wp-json\/wp\/v2\/comments?post=390892"}],"version-history":[{"count":0,"href":"https:\/\/www.rri.ro\/fr\/wp-json\/wp\/v2\/posts\/390892\/revisions"}],"wp:featuredmedia":[{"embeddable":true,"href":"https:\/\/www.rri.ro\/fr\/wp-json\/wp\/v2\/media\/50395"}],"wp:attachment":[{"href":"https:\/\/www.rri.ro\/fr\/wp-json\/wp\/v2\/media?parent=390892"}],"wp:term":[{"taxonomy":"category","embeddable":true,"href":"https:\/\/www.rri.ro\/fr\/wp-json\/wp\/v2\/categories?post=390892"},{"taxonomy":"post_tag","embeddable":true,"href":"https:\/\/www.rri.ro\/fr\/wp-json\/wp\/v2\/tags?post=390892"},{"taxonomy":"author","embeddable":true,"href":"https:\/\/www.rri.ro\/fr\/wp-json\/wp\/v2\/coauthors?post=390892"}],"curies":[{"name":"wp","href":"https:\/\/api.w.org\/{rel}","templated":true}]}}