{"id":390944,"date":"2015-09-29T18:45:00","date_gmt":"2015-09-29T15:45:00","guid":{"rendered":"http:\/\/devrri.freshlemon.ro\/le-roumain-mot-a-mot\/consulter-les-lecons\/29-09-2015-mise-a-jour-id390944.html"},"modified":"2015-09-29T18:45:00","modified_gmt":"2015-09-29T15:45:00","slug":"29-09-2015-mise-a-jour","status":"publish","type":"post","link":"https:\/\/www.rri.ro\/fr\/actualites\/le-flash\/29-09-2015-mise-a-jour-id390944.html","title":{"rendered":"29.09.2015 (mise \u00e0 jour)"},"content":{"rendered":"<p><strong>Motion de censure &#8212; <\/strong>A Bucarest, la motion de censure \u00ab Faites votre choix entre la Roumanie et Ponta, un premier ministre compromis. Destituez Victor Ponta! \u00bb, lanc\u00e9e par l\u2019opposition lib\u00e9rale, a \u00e9t\u00e9 rejet\u00e9e, mardi, lors de la s\u00e9ance pl\u00e9ni\u00e8re du Parlement, par 207 voix favorables et 8 contre. Pour \u00eatre adopt\u00e9e, la motion avait besoin de 275 voix pour. De l\u2019avis du PNL, les accusations des procureurs de la DNA \u00e0 l\u2019adresse de Ponta &#8211; faux en \u00e9critures, complicit\u00e9 d\u2019\u00e9vasion fiscale et blanchiment d\u2019argent &#8211; ne permettent plus \u00e0 ce dernier de signer des actes r\u00e9glementaires ni de g\u00e9rer le budget du pays, et ses probl\u00e8mes avec la justice nuisent gravement \u00e0 la cr\u00e9dibilit\u00e9 de la Roumanie. Aux c\u00f4t\u00e9s de l\u2019ancien s\u00e9nateur social-d\u00e9mocrate Dan \u015eova, Ponta est accus\u00e9 d\u2019ill\u00e9galit\u00e9s commises lorsqu\u2019il \u00e9tait avocat et qui auraient caus\u00e9 un manque \u00e0 gagner de plus de 16 millions d\u2019euros aux compagnies \u00e9nerg\u00e9tiques de Rovinari et Turceni (sud). <\/p>\n<p>&#13;<br \/>\n&#13;<\/p>\n<p>&#13;<br \/>\n&#13;<\/p>\n<p><strong>ONU<\/strong> &#8212; La communaut\u00e9 internationale doit faire davantage pour lutter contre le terrorisme qui est une menace \u00e0 l\u2019adresse de la paix mondiale, a opin\u00e9, mardi, le pr\u00e9sident roumain Klaus Iohannis dans un nouveau discours \u00e0 l\u2019Assembl\u00e9e g\u00e9n\u00e9rale des NU. Il a pr\u00e9cis\u00e9 que la Roumanie, soutenue par l\u2019Espagne, avait d\u00e9termin\u00e9 un processus de r\u00e9flexion sur la possible cr\u00e9ation d\u2019une Cour internationale pour les crimes du terrorisme. D\u2019autre part, Klaus Iohannis a soutenu que l\u2019ONU devait solutionner les principales causes de la migration de mani\u00e8re \u00ab r\u00e9aliste \u00bb et \u00ab \u00e9nergique \u00bb. C\u2019est la troisi\u00e8me intervention du chef de l\u2019Etat roumain devant les leaders mondiaux, apr\u00e8s qu\u2019il se soit r\u00e9f\u00e9r\u00e9 \u00e0 l\u2019\u00e9galit\u00e9 de genre et \u00e0 l\u2019agenda de d\u00e9veloppement durable voici quelques jours. Toujours ce mardi, le chef de lEtat roumain a particip\u00e9 au sommet consacr\u00e9 \u00e0 la lutte contre le groupe Etat Islamique et lextr\u00e9misme violent, initi\u00e9 et accueilli par le pr\u00e9sident am\u00e9ricain Barack Obama. Ant\u00e9rieurement, Klaus Iohannis a rencontr\u00e9 le secr\u00e9taire g\u00e9n\u00e9ral des NU, Ban Ki-moon. Les deux officiels ont abord\u00e9 des th\u00e8mes d\u2019actualit\u00e9 de l\u2019agenda international et ont soulign\u00e9 l\u2019importance de l\u2019ONU dans l\u2019architecture globale de s\u00e9curit\u00e9. Lundi, le pr\u00e9sident roumain sest entretenu avec le vice-pr\u00e9sident am\u00e9ricain Joe Biden au sujet du partenariat strat\u00e9gique bilat\u00e9ral, de la lutte contre le terrorisme et de la crise migratoire \u00e0 laquelle est confront\u00e9e lEurope. <\/p>\n<p>&#13;<br \/>\n&#13;<\/p>\n<p>&#13;<br \/>\n&#13;<\/p>\n<p><strong>Diplomatie<\/strong> &#8211; Le chef de la diplomatie roumaine, Bogdan Aurescu, a pr\u00e9sid\u00e9, \u00e0 New York, la r\u00e9union informelle des ministres des Affaires \u00e9trang\u00e8res des Etats membres de l\u2019Organisation de la coop\u00e9ration \u00e9conomique \u00e0 la mer Noire (OCEMN). Il a pr\u00e9sent\u00e9 les principaux objectifs de la Roumanie, pr\u00e9sidente en exercice de l\u2019organisation. Il s\u2019agit de promouvoir l\u2019inter connectivit\u00e9 r\u00e9gionale dans les domaines des transports, de l\u2019\u00e9nergie, de l\u2019environnement, la lutte contre la criminalit\u00e9 organis\u00e9e et l\u2019\u00e9vasion fiscale. Ant\u00e9rieurement, Aurescu a particip\u00e9 \u00e0 une r\u00e9union informelle de ministres des AE de lUE organis\u00e9e \u00e0 New York en marge de la 70e Assembl\u00e9e des Nations Unies. Sexprimant \u00e0 propos de la situation en Syrie, le ministre roumain des AE, Bogdan Aurescu a d\u00e9clar\u00e9 que seule une solution politique \u00e9tait \u00e0 m\u00eame de garantir un r\u00e9sultat durable. Et lui dajouter que ce processus doit \u00eatre men\u00e9 de sorte que les groupes extr\u00e9mistes ne puissent pas renforcer leur pr\u00e9sence dans la zone. <\/p>\n<p>&#13;<br \/>\n&#13;<\/p>\n<p>&#13;<br \/>\n&#13;<\/p>\n<p><strong style=line-height: 1.6em;>D\u00e9mission <\/strong>&#8212; Le vice pr\u00e9sident de la Chambre des d\u00e9put\u00e9s de Bucarest, le lib\u00e9ral Dan Motreanu, a d\u00e9missionn\u00e9 mardi de ces fonctions. La d\u00e9mission devrait entrer en vigueur le 1er octobre. Lundi, les procureurs du parquet national anticorruption ont d\u00e9cid\u00e9 de traduire en justice le vice-pr\u00e9sident de la Chambre des d\u00e9put\u00e9s et l\u2019ancien conseiller pr\u00e9sidentiel George Scutaru, accus\u00e9s de pots-de-vin de plusieurs centaines de milliers d\u2019euros, pour le financement de la campagne \u00e9lectorale du PNL (d\u2019opposition) en 2008.  70e Assembl\u00e9e des Nations Unies. <\/p>\n<p>&#13;<br \/>\n&#13;<\/p>\n<p>&#13;<br \/>\n&#13;<\/p>\n<p><strong>FMI<\/strong> &#8212; La Roumanie demandera officiellement, cette ann\u00e9e, au Fonds Mon\u00e9taire International la conclusion d\u2019un nouvel accord de cr\u00e9dit, et les n\u00e9gociations seront centr\u00e9es sur la mise en place de r\u00e9formes structurelles et non pas sur le d\u00e9ficit budg\u00e9taire, a d\u00e9clar\u00e9 mardi le ministre des Finances,  Eugen Teodorovici, pour Reuters. Le dernier accord, de type pr\u00e9ventif, conclu par la Roumanie avec le FMI en 2013, d\u2019une valeur de 2 milliards d\u2019euros, a expir\u00e9 samedi. Son but avait \u00e9t\u00e9 de prot\u00e9ger l\u2019\u00e9conomie roumaine de chocs \u00e9ventuels sur les march\u00e9s ext\u00e9rieurs. Depuis le d\u00e9clenchement de la crise \u00e9conomique et jusqu\u2019\u00e0 pr\u00e9sent, la Roumanie a conclu trois accords cons\u00e9cutifs de cr\u00e9dit avec le FMI et l\u2019UE, qui ont constitu\u00e9 un ancrage pour les politiques gouvernementales dans le domaine du budget, de la privatisation des compagnies d\u2019Etat et de l\u2019\u00e9conomie.<\/p>\n<p>&#13;<br \/>\n&#13;<\/p>\n<p>&#13;<br \/>\n&#13;<\/p>\n<p><strong>Tennis<\/strong> &#8211; La joueuse roumaine de tennis, Simona Halep, n\u00b0 2 WTA, est bien partie ce mardi au tournoi de Wuhan, en Chine, dot\u00e9 de prix de 2,2 millions de dollars. Principale favorite, elle a dispos\u00e9 par 6-2, 6-1 de la Russe Anastasia Pavlyoutchenkova, num\u00e9ro 33 mondiale. Dans les huiti\u00e8mes de finale, elle rencontrera Johana Konta du Royaume Uni. Toujours ce mardi, la Roumaine Monica Niculescu, n\u00b0 47 WTA, a perdu devant Carla Suarez Navarro dEspagne, 10e au classement mondial, alors quIrina Begu a perdu devant Roberta Vinci dItalie. La paire roumaine Irina Begu\/Monica Niculescu s\u2019est qualifi\u00e9e, mardi, dans els huiti\u00e8mes de finale de l\u2019\u00e9preuve de double; elles y affronteront el double russo-ukrainien Alla Koudriavtseva\/Olga Savtchouk.<\/p>\n<p>&#13;<br \/>\n&#13;<\/p>\n<p>&#13;<br \/>\n&#13;<\/p>\n<p><strong>Tennis de table <\/strong>&#8212; L\u2019\u00e9quipe f\u00e9minine de tennis de table de la Roumanie a conquis ce mardi les m\u00e9dailles d\u2019argent aux Championnats d\u2019Europe d\u2019Ekaterinbourg, en Russie, apr\u00e8s avoir \u00e9t\u00e9 d\u00e9pass\u00e9e en finale par l\u2019Allemagne, 3-0. Une victoire aurait rapport\u00e9, pour la Roumanie, le quatri\u00e8me titre continental, apr\u00e8s ceux d\u00e9croch\u00e9s en 1992, 2002 et 2005. L\u2019\u00e9quipe masculine de tennis de table a eu un parcours d\u00e9cevant aux Championnats d\u2019Europe, o\u00f9 elle sest class\u00e9e 15e, apr\u00e8s avoir vaincu ce mardi l\u00e9quipe ukrainienne. Cest dailleurs la seule victoire des Roumains \u00e0 ce championnat.  <\/p>\n<p>&#13;<br \/>\n&#13;<\/p>\n<p>&#13;<\/p>\n","protected":false},"excerpt":{"rendered":"<p>Motion de censure &#8212; A Bucarest, la motion de censure \u00ab Faites votre choix entre la Roumanie et Ponta, un premier ministre compromis. Destituez Victor Ponta! \u00bb, lanc\u00e9e par l\u2019opposition lib\u00e9rale, a \u00e9t\u00e9 rejet\u00e9e, mardi, lors de la s\u00e9ance pl\u00e9ni\u00e8re du Parlement, par 207 voix favorables et 8 contre. Pour \u00eatre adopt\u00e9e, la motion avait [&hellip;]<\/p>\n","protected":false},"author":2,"featured_media":212582,"comment_status":"closed","ping_status":"closed","sticky":false,"template":"","format":"standard","meta":{"_acf_changed":false,"footnotes":""},"categories":[89002],"tags":[164826,28963,90673,116084,143871,90514,163836,143789,143522,89599,29184],"coauthors":[],"class_list":["post-390944","post","type-post","status-publish","format-standard","has-post-thumbnail","hentry","category-le-flash","tag-accord-fr","tag-bogdan-aurescu","tag-dan-motreanu","tag-fmi-fr","tag-klaus-iohannis-fr","tag-medaille-dargent","tag-motion-fr","tag-simona-halep-fr","tag-tennis-fr","tag-tennis-de-table","tag-victor-ponta"],"acf":[],"yoast_head":"<!-- This site is optimized with the Yoast SEO plugin v27.3 - https:\/\/yoast.com\/product\/yoast-seo-wordpress\/ -->\n<title>29.09.2015 (mise \u00e0 jour) - Radio Roumanie Internationale<\/title>\n<meta name=\"robots\" content=\"index, follow, max-snippet:-1, max-image-preview:large, max-video-preview:-1\" \/>\n<link rel=\"canonical\" href=\"https:\/\/www.rri.ro\/fr\/actualites\/le-flash\/29-09-2015-mise-a-jour-id390944.html\" \/>\n<meta property=\"og:locale\" content=\"fr_FR\" \/>\n<meta property=\"og:type\" content=\"article\" \/>\n<meta property=\"og:title\" content=\"29.09.2015 (mise \u00e0 jour) - Radio Roumanie Internationale\" \/>\n<meta property=\"og:description\" content=\"Motion de censure &#8212; A Bucarest, la motion de censure \u00ab Faites votre choix entre la Roumanie et Ponta, un premier ministre compromis. Destituez Victor Ponta! \u00bb, lanc\u00e9e par l\u2019opposition lib\u00e9rale, a \u00e9t\u00e9 rejet\u00e9e, mardi, lors de la s\u00e9ance pl\u00e9ni\u00e8re du Parlement, par 207 voix favorables et 8 contre. Pour \u00eatre adopt\u00e9e, la motion avait [&hellip;]\" \/>\n<meta property=\"og:url\" content=\"https:\/\/www.rri.ro\/fr\/actualites\/le-flash\/29-09-2015-mise-a-jour-id390944.html\" \/>\n<meta property=\"og:site_name\" content=\"Radio Roumanie Internationale\" \/>\n<meta property=\"article:published_time\" content=\"2015-09-29T15:45:00+00:00\" \/>\n<meta property=\"og:image\" content=\"https:\/\/www.rri.ro\/wp-content\/uploads\/2023\/10\/jurnal-romanesc-logo-alb.png\" \/>\n\t<meta property=\"og:image:width\" content=\"640\" \/>\n\t<meta property=\"og:image:height\" content=\"480\" \/>\n\t<meta property=\"og:image:type\" content=\"image\/png\" \/>\n<meta name=\"author\" content=\"Rom\u00e2nia Interna\u021bional\" \/>\n<meta name=\"twitter:card\" content=\"summary_large_image\" \/>\n<meta name=\"twitter:label1\" content=\"\u00c9crit par\" \/>\n\t<meta name=\"twitter:data1\" content=\"Rom\u00e2nia Interna\u021bional\" \/>\n\t<meta name=\"twitter:label2\" content=\"Dur\u00e9e de lecture estim\u00e9e\" \/>\n\t<meta name=\"twitter:data2\" content=\"5 minutes\" \/>\n\t<meta name=\"twitter:label3\" content=\"Written by\" \/>\n\t<meta name=\"twitter:data3\" content=\"Rom\u00e2nia Interna\u021bional\" \/>\n<script type=\"application\/ld+json\" class=\"yoast-schema-graph\">{\"@context\":\"https:\\\/\\\/schema.org\",\"@graph\":[{\"@type\":\"Article\",\"@id\":\"https:\\\/\\\/www.rri.ro\\\/fr\\\/actualites\\\/le-flash\\\/29-09-2015-mise-a-jour-id390944.html#article\",\"isPartOf\":{\"@id\":\"https:\\\/\\\/www.rri.ro\\\/fr\\\/actualites\\\/le-flash\\\/29-09-2015-mise-a-jour-id390944.html\"},\"author\":{\"name\":\"Rom\u00e2nia Interna\u021bional\",\"@id\":\"https:\\\/\\\/www.rri.ro\\\/#\\\/schema\\\/person\\\/18fac491bccbfe149b92aea77ad60abd\"},\"headline\":\"29.09.2015 (mise \u00e0 jour)\",\"datePublished\":\"2015-09-29T15:45:00+00:00\",\"mainEntityOfPage\":{\"@id\":\"https:\\\/\\\/www.rri.ro\\\/fr\\\/actualites\\\/le-flash\\\/29-09-2015-mise-a-jour-id390944.html\"},\"wordCount\":1093,\"image\":{\"@id\":\"https:\\\/\\\/www.rri.ro\\\/fr\\\/actualites\\\/le-flash\\\/29-09-2015-mise-a-jour-id390944.html#primaryimage\"},\"thumbnailUrl\":\"https:\\\/\\\/www.rri.ro\\\/wp-content\\\/uploads\\\/2023\\\/10\\\/jurnal-romanesc-logo-alb.png\",\"keywords\":[\"accord\",\"Bogdan Aurescu\",\"Dan Motreanu\",\"FMI\",\"Klaus Iohannis\",\"m\u00e9daille dargent\",\"motion\",\"Simona Halep\",\"tennis\",\"tennis de table\",\"Victor Ponta\"],\"articleSection\":[\"Le flash\"],\"inLanguage\":\"fr-FR\"},{\"@type\":\"WebPage\",\"@id\":\"https:\\\/\\\/www.rri.ro\\\/fr\\\/actualites\\\/le-flash\\\/29-09-2015-mise-a-jour-id390944.html\",\"url\":\"https:\\\/\\\/www.rri.ro\\\/fr\\\/actualites\\\/le-flash\\\/29-09-2015-mise-a-jour-id390944.html\",\"name\":\"29.09.2015 (mise \u00e0 jour) - Radio Roumanie Internationale\",\"isPartOf\":{\"@id\":\"https:\\\/\\\/www.rri.ro\\\/#website\"},\"primaryImageOfPage\":{\"@id\":\"https:\\\/\\\/www.rri.ro\\\/fr\\\/actualites\\\/le-flash\\\/29-09-2015-mise-a-jour-id390944.html#primaryimage\"},\"image\":{\"@id\":\"https:\\\/\\\/www.rri.ro\\\/fr\\\/actualites\\\/le-flash\\\/29-09-2015-mise-a-jour-id390944.html#primaryimage\"},\"thumbnailUrl\":\"https:\\\/\\\/www.rri.ro\\\/wp-content\\\/uploads\\\/2023\\\/10\\\/jurnal-romanesc-logo-alb.png\",\"datePublished\":\"2015-09-29T15:45:00+00:00\",\"author\":{\"@id\":\"https:\\\/\\\/www.rri.ro\\\/#\\\/schema\\\/person\\\/18fac491bccbfe149b92aea77ad60abd\"},\"breadcrumb\":{\"@id\":\"https:\\\/\\\/www.rri.ro\\\/fr\\\/actualites\\\/le-flash\\\/29-09-2015-mise-a-jour-id390944.html#breadcrumb\"},\"inLanguage\":\"fr-FR\",\"potentialAction\":[{\"@type\":\"ReadAction\",\"target\":[\"https:\\\/\\\/www.rri.ro\\\/fr\\\/actualites\\\/le-flash\\\/29-09-2015-mise-a-jour-id390944.html\"]}]},{\"@type\":\"ImageObject\",\"inLanguage\":\"fr-FR\",\"@id\":\"https:\\\/\\\/www.rri.ro\\\/fr\\\/actualites\\\/le-flash\\\/29-09-2015-mise-a-jour-id390944.html#primaryimage\",\"url\":\"https:\\\/\\\/www.rri.ro\\\/wp-content\\\/uploads\\\/2023\\\/10\\\/jurnal-romanesc-logo-alb.png\",\"contentUrl\":\"https:\\\/\\\/www.rri.ro\\\/wp-content\\\/uploads\\\/2023\\\/10\\\/jurnal-romanesc-logo-alb.png\",\"width\":640,\"height\":480},{\"@type\":\"BreadcrumbList\",\"@id\":\"https:\\\/\\\/www.rri.ro\\\/fr\\\/actualites\\\/le-flash\\\/29-09-2015-mise-a-jour-id390944.html#breadcrumb\",\"itemListElement\":[{\"@type\":\"ListItem\",\"position\":1,\"name\":\"Page d'accueil\",\"item\":\"https:\\\/\\\/www.rri.ro\\\/fr\"},{\"@type\":\"ListItem\",\"position\":2,\"name\":\"Actualit\u00e9s\",\"item\":\"https:\\\/\\\/www.rri.ro\\\/fr\\\/actualites\"},{\"@type\":\"ListItem\",\"position\":3,\"name\":\"Le flash\",\"item\":\"https:\\\/\\\/www.rri.ro\\\/fr\\\/actualites\\\/le-flash\"},{\"@type\":\"ListItem\",\"position\":4,\"name\":\"29.09.2015 (mise \u00e0 jour)\"}]},{\"@type\":\"WebSite\",\"@id\":\"https:\\\/\\\/www.rri.ro\\\/#website\",\"url\":\"https:\\\/\\\/www.rri.ro\\\/\",\"name\":\"Radio Roumanie Internationale\",\"description\":\"Totul despre Rom\u00e2nia \u015fi rom\u00e2ni, \u00een 13 limbi\\\/dialecte!\",\"inLanguage\":\"fr-FR\"},{\"@type\":\"Person\",\"@id\":\"https:\\\/\\\/www.rri.ro\\\/#\\\/schema\\\/person\\\/18fac491bccbfe149b92aea77ad60abd\",\"name\":\"Rom\u00e2nia Interna\u021bional\",\"url\":\"https:\\\/\\\/www.rri.ro\\\/fr\\\/author\\\/redactia\"}]}<\/script>\n<!-- \/ Yoast SEO plugin. -->","yoast_head_json":{"title":"29.09.2015 (mise \u00e0 jour) - Radio Roumanie Internationale","robots":{"index":"index","follow":"follow","max-snippet":"max-snippet:-1","max-image-preview":"max-image-preview:large","max-video-preview":"max-video-preview:-1"},"canonical":"https:\/\/www.rri.ro\/fr\/actualites\/le-flash\/29-09-2015-mise-a-jour-id390944.html","og_locale":"fr_FR","og_type":"article","og_title":"29.09.2015 (mise \u00e0 jour) - Radio Roumanie Internationale","og_description":"Motion de censure &#8212; A Bucarest, la motion de censure \u00ab Faites votre choix entre la Roumanie et Ponta, un premier ministre compromis. Destituez Victor Ponta! \u00bb, lanc\u00e9e par l\u2019opposition lib\u00e9rale, a \u00e9t\u00e9 rejet\u00e9e, mardi, lors de la s\u00e9ance pl\u00e9ni\u00e8re du Parlement, par 207 voix favorables et 8 contre. Pour \u00eatre adopt\u00e9e, la motion avait [&hellip;]","og_url":"https:\/\/www.rri.ro\/fr\/actualites\/le-flash\/29-09-2015-mise-a-jour-id390944.html","og_site_name":"Radio Roumanie Internationale","article_published_time":"2015-09-29T15:45:00+00:00","og_image":[{"width":640,"height":480,"url":"https:\/\/www.rri.ro\/wp-content\/uploads\/2023\/10\/jurnal-romanesc-logo-alb.png","type":"image\/png"}],"author":"Rom\u00e2nia Interna\u021bional","twitter_card":"summary_large_image","twitter_misc":{"\u00c9crit par":"Rom\u00e2nia Interna\u021bional","Dur\u00e9e de lecture estim\u00e9e":"5 minutes","Written by":"Rom\u00e2nia Interna\u021bional"},"schema":{"@context":"https:\/\/schema.org","@graph":[{"@type":"Article","@id":"https:\/\/www.rri.ro\/fr\/actualites\/le-flash\/29-09-2015-mise-a-jour-id390944.html#article","isPartOf":{"@id":"https:\/\/www.rri.ro\/fr\/actualites\/le-flash\/29-09-2015-mise-a-jour-id390944.html"},"author":{"name":"Rom\u00e2nia Interna\u021bional","@id":"https:\/\/www.rri.ro\/#\/schema\/person\/18fac491bccbfe149b92aea77ad60abd"},"headline":"29.09.2015 (mise \u00e0 jour)","datePublished":"2015-09-29T15:45:00+00:00","mainEntityOfPage":{"@id":"https:\/\/www.rri.ro\/fr\/actualites\/le-flash\/29-09-2015-mise-a-jour-id390944.html"},"wordCount":1093,"image":{"@id":"https:\/\/www.rri.ro\/fr\/actualites\/le-flash\/29-09-2015-mise-a-jour-id390944.html#primaryimage"},"thumbnailUrl":"https:\/\/www.rri.ro\/wp-content\/uploads\/2023\/10\/jurnal-romanesc-logo-alb.png","keywords":["accord","Bogdan Aurescu","Dan Motreanu","FMI","Klaus Iohannis","m\u00e9daille dargent","motion","Simona Halep","tennis","tennis de table","Victor Ponta"],"articleSection":["Le flash"],"inLanguage":"fr-FR"},{"@type":"WebPage","@id":"https:\/\/www.rri.ro\/fr\/actualites\/le-flash\/29-09-2015-mise-a-jour-id390944.html","url":"https:\/\/www.rri.ro\/fr\/actualites\/le-flash\/29-09-2015-mise-a-jour-id390944.html","name":"29.09.2015 (mise \u00e0 jour) - Radio Roumanie Internationale","isPartOf":{"@id":"https:\/\/www.rri.ro\/#website"},"primaryImageOfPage":{"@id":"https:\/\/www.rri.ro\/fr\/actualites\/le-flash\/29-09-2015-mise-a-jour-id390944.html#primaryimage"},"image":{"@id":"https:\/\/www.rri.ro\/fr\/actualites\/le-flash\/29-09-2015-mise-a-jour-id390944.html#primaryimage"},"thumbnailUrl":"https:\/\/www.rri.ro\/wp-content\/uploads\/2023\/10\/jurnal-romanesc-logo-alb.png","datePublished":"2015-09-29T15:45:00+00:00","author":{"@id":"https:\/\/www.rri.ro\/#\/schema\/person\/18fac491bccbfe149b92aea77ad60abd"},"breadcrumb":{"@id":"https:\/\/www.rri.ro\/fr\/actualites\/le-flash\/29-09-2015-mise-a-jour-id390944.html#breadcrumb"},"inLanguage":"fr-FR","potentialAction":[{"@type":"ReadAction","target":["https:\/\/www.rri.ro\/fr\/actualites\/le-flash\/29-09-2015-mise-a-jour-id390944.html"]}]},{"@type":"ImageObject","inLanguage":"fr-FR","@id":"https:\/\/www.rri.ro\/fr\/actualites\/le-flash\/29-09-2015-mise-a-jour-id390944.html#primaryimage","url":"https:\/\/www.rri.ro\/wp-content\/uploads\/2023\/10\/jurnal-romanesc-logo-alb.png","contentUrl":"https:\/\/www.rri.ro\/wp-content\/uploads\/2023\/10\/jurnal-romanesc-logo-alb.png","width":640,"height":480},{"@type":"BreadcrumbList","@id":"https:\/\/www.rri.ro\/fr\/actualites\/le-flash\/29-09-2015-mise-a-jour-id390944.html#breadcrumb","itemListElement":[{"@type":"ListItem","position":1,"name":"Page d'accueil","item":"https:\/\/www.rri.ro\/fr"},{"@type":"ListItem","position":2,"name":"Actualit\u00e9s","item":"https:\/\/www.rri.ro\/fr\/actualites"},{"@type":"ListItem","position":3,"name":"Le flash","item":"https:\/\/www.rri.ro\/fr\/actualites\/le-flash"},{"@type":"ListItem","position":4,"name":"29.09.2015 (mise \u00e0 jour)"}]},{"@type":"WebSite","@id":"https:\/\/www.rri.ro\/#website","url":"https:\/\/www.rri.ro\/","name":"Radio Roumanie Internationale","description":"Totul despre Rom\u00e2nia \u015fi rom\u00e2ni, \u00een 13 limbi\/dialecte!","inLanguage":"fr-FR"},{"@type":"Person","@id":"https:\/\/www.rri.ro\/#\/schema\/person\/18fac491bccbfe149b92aea77ad60abd","name":"Rom\u00e2nia Interna\u021bional","url":"https:\/\/www.rri.ro\/fr\/author\/redactia"}]}},"_links":{"self":[{"href":"https:\/\/www.rri.ro\/fr\/wp-json\/wp\/v2\/posts\/390944","targetHints":{"allow":["GET"]}}],"collection":[{"href":"https:\/\/www.rri.ro\/fr\/wp-json\/wp\/v2\/posts"}],"about":[{"href":"https:\/\/www.rri.ro\/fr\/wp-json\/wp\/v2\/types\/post"}],"author":[{"embeddable":true,"href":"https:\/\/www.rri.ro\/fr\/wp-json\/wp\/v2\/users\/2"}],"replies":[{"embeddable":true,"href":"https:\/\/www.rri.ro\/fr\/wp-json\/wp\/v2\/comments?post=390944"}],"version-history":[{"count":0,"href":"https:\/\/www.rri.ro\/fr\/wp-json\/wp\/v2\/posts\/390944\/revisions"}],"wp:featuredmedia":[{"embeddable":true,"href":"https:\/\/www.rri.ro\/fr\/wp-json\/wp\/v2\/media\/212582"}],"wp:attachment":[{"href":"https:\/\/www.rri.ro\/fr\/wp-json\/wp\/v2\/media?parent=390944"}],"wp:term":[{"taxonomy":"category","embeddable":true,"href":"https:\/\/www.rri.ro\/fr\/wp-json\/wp\/v2\/categories?post=390944"},{"taxonomy":"post_tag","embeddable":true,"href":"https:\/\/www.rri.ro\/fr\/wp-json\/wp\/v2\/tags?post=390944"},{"taxonomy":"author","embeddable":true,"href":"https:\/\/www.rri.ro\/fr\/wp-json\/wp\/v2\/coauthors?post=390944"}],"curies":[{"name":"wp","href":"https:\/\/api.w.org\/{rel}","templated":true}]}}