{"id":391541,"date":"2016-07-14T14:29:00","date_gmt":"2016-07-14T11:29:00","guid":{"rendered":"http:\/\/devrri.freshlemon.ro\/le-roumain-mot-a-mot\/consulter-les-lecons\/14-07-2016-id391541.html"},"modified":"2016-07-14T14:29:00","modified_gmt":"2016-07-14T11:29:00","slug":"14-07-2016","status":"publish","type":"post","link":"https:\/\/www.rri.ro\/fr\/actualites\/le-flash\/14-07-2016-id391541.html","title":{"rendered":"14.07.2016"},"content":{"rendered":"<p><strong class=cms-bold style=font-size: 1em;>Asie &#8211; <\/strong>Le premier &#8211; ministre roumain, Dacian Ciolo\u015f, a rencontr\u00e9 \u00e0 Hano\u00ef les membres de l&rsquo;Association d&rsquo;amiti\u00e9 Vietnam &#8211; Roumanie, auxquels il a demand\u00e9 d&rsquo;appuyer les d\u00e9marches des autorit\u00e9s de Bucarest visant \u00e0 relancer les relations bilat\u00e9rales \u00e9conomiques et culturelles. En pr\u00e9cisant qu&rsquo;il y avait les pr\u00e9misses n\u00e9cessaires pour renforcer les rapports entre les deux pays, il a mentionn\u00e9 le fait que les milliers de jeunes vietnamiens qui  ont \u00e9tudi\u00e9 en Roumanie gardaient un attachement profond \u00e0 notre pays. Dacian Ciolo\u015f, avait \u00e9t\u00e9 re\u00e7u, auparavant, par le pr\u00e9sident vietnamien Tran Dai Quang et avait rencontr\u00e9 son homologue vietnamien Nguyen Xuan Phuc, pour des pourparlers \u00e0 dominante \u00e9conomique. L&rsquo;occasion d&rsquo;\u00e9voquer les opportunit\u00e9s de coop\u00e9ration dans des domaines tels que l&rsquo;\u00e9nergie, l&rsquo;industrie, l&rsquo;agriculture, le secteur bancaire, le BTP, les technologies de l&rsquo;information, la science, le d\u00e9veloppement durable et le tourisme. Apr\u00e8s sa visite au Vietnam, le premier ministre roumain s&rsquo;est rendu \u00e0 Oulan Bator, en Mongolie, pour participer au sommet Europe-Asie. <\/p>\n<p><strong class=cms-bold><br \/><\/strong><\/p>\n<p><strong class=cms-bold>Visite &#8211;<\/strong> Maria Ligor, nouvelle ministre d\u00e9l\u00e9gu\u00e9e \u00e0 la relation avec les Roumains de l&rsquo;\u00e9tranger, entame ce jeudi une visite de deux jours au Royaume &#8211; Uni, o\u00f9 elle doit rencontrer des officiels britanniques et des repr\u00e9sentants de la communaut\u00e9 roumaine vivant dans ce pays. Les discussions seront cibl\u00e9es sur les retomb\u00e9es du Brexit et l&rsquo;implication de Bucarest pour ce qui est de la protection des int\u00e9r\u00eats des ressortissants roumains. Mercredi, avant de pr\u00e9senter sa d\u00e9mission \u00e0 la reine Elizabeth II, l&rsquo;ancien premier ministre britannique, David Cameron, avait r\u00e9it\u00e9r\u00e9 le fait que Londres respecterait les droits des ressortissants europ\u00e9ens, en fonction de la situation des citoyens britanniques dans l&rsquo;espace communautaire. La conservatrice Theresa May, qui a pris le relais \u00e0 la t\u00eate de l&rsquo;Ex\u00e9cutif britannique, a coopt\u00e9 dans son \u00e9quipe en tant que ministre des Affaires \u00e9trang\u00e8res Boris Johnson, ancien maire de Londres et un des leaders les plus vocaux de la campagne pro-Brexit. <strong class=cms-bold><br \/><\/strong><\/p>\n<p><strong class=cms-bold><br \/><\/strong><\/p>\n<p><strong class=cms-bold>P\u00e9nitenciers &#8211; <\/strong>Les protestations des d\u00e9tenus se poursuivent dans 12 des 45 p\u00e9nitenciers de Roumanie, m\u00e9contents surtout de la surpopulation en milieu carc\u00e9ral et des services m\u00e9dicaux qui leur sont offerts. Ils r\u00e9clament \u00e9galement la possibilit\u00e9 de participer \u00e0 des activit\u00e9s lucratives, le raccourcissement de la p\u00e9riode de d\u00e9tention et des d\u00e9lais de lib\u00e9ration conditionnelle. La ministre de la justice, Raluca Prun\u0103, a d\u00e9clar\u00e9 que l&rsquo;escalade des conflits dans les prisons ne servait \u00e0 personne. Elle a assur\u00e9 que les probl\u00e8mes soulev\u00e9s seraient soumis au gouvernement. A son tour, le vice-premier ministre Vasile D\u00e2ncu a affirm\u00e9 que les tensions pouvaient \u00eatre apais\u00e9es par le biais des n\u00e9gociations et du dialogue. Il a pr\u00e9cis\u00e9 qu&rsquo;il faudrait organiser aussi un d\u00e9bat public afin de convaincre la soci\u00e9t\u00e9 du besoin r\u00e9el d&rsquo;investissement et de modernisation des \u00e9tablissements p\u00e9nitentiaires de Roumanie.  <strong class=cms-bold><br \/><\/strong><\/p>\n<p><\/p>\n<p><\/p>\n<p><strong class=cms-bold>F\u00eate <\/strong>&#8211; La F\u00eate nationale de France est marqu\u00e9e aujourd&rsquo;hui dans nombre de pays \u00e0 travers le monde. L&rsquo;ambassade de France \u00e0 Bucarest donnera une r\u00e9ception cens\u00e9e mettre en valeur la cr\u00e9ativit\u00e9 et l&rsquo;innovation fran\u00e7aises et la coop\u00e9ration franco-roumaine dans diff\u00e9rents domaines. La campagne intitul\u00e9e Cr\u00e9ative France &#8211; exp\u00e9rimentons la cr\u00e9ativit\u00e9 fran\u00e7aise, lanc\u00e9e en octobre dernier par le premier ministre fran\u00e7ais Manuel Valls, se d\u00e9roule en Europe, en Asie, aux Etats-Unis et aux Emirats arabes unis. Elle vise \u00e0 faire conna\u00eetre le potentiel d&rsquo;innovation de la France, son dynamisme industriel et \u00e9conomique, sa vitalit\u00e9 culturelle et artistique. Rappelons qu&rsquo;il existe un partenariat strat\u00e9gique entre la France et la Roumanie, pays francophile et francophone. <\/p>\n<p><\/p>\n<p><\/p>\n<p><\/p>\n<p><strong class=cms-bold>Handball <\/strong>&#8211; A Moscou, la s\u00e9lection f\u00e9minine de handball de Roumanie doit rencontrer aujourd&rsquo;hui le Danemark dans la demi-finale du Championnat du monde de handball junior. L&rsquo;\u00e9quipe gagnante jouera ensuite en finale contre celle qui remportera le match opposant l&rsquo;Allemagne au pays-h\u00f4te, la Russie. Cette qualification des Roumaines en demi-finale survient dans le contexte o\u00f9, en d\u00e9but du mois, la s\u00e9lection de Roumanie de handball masculin a remport\u00e9 le Championnat du monde universitaire, organis\u00e9 \u00e0 Malaga. Dans la m\u00eame comp\u00e9tition, la s\u00e9lection f\u00e9minine avait d\u00e9croch\u00e9 l&rsquo;argent.  <\/p>\n<p><strong class=cms-bold>Football <\/strong>&#8211; L&rsquo;\u00e9quipe roumaine de football CSMS Iasi (du nord-est de la Roumanie) rencontrera ce soir, \u00e0 domicile, l&rsquo;\u00e9quipe croate Hajduk Split, dans la premi\u00e8re manche du 2e tournoi pr\u00e9liminaire de la Ligue Europa. C&rsquo;est une premi\u00e8re pour la ville, aucune \u00e9quipe de Iasi n&rsquo;ayant jusqu&rsquo;ici particip\u00e9 \u00e0 une comp\u00e9tition continentale. Le match retour aura lieu en Croatie, le 21 juillet. <\/p>\n<p><\/p>\n<p><\/p>\n<p><strong class=cms-bold>Tennis <\/strong>&#8211; Ce jeudi a lieu le tirage aux sorts des matchEs des \u00e9quipes de Coupe Davis de Roumanie et d&rsquo;Espagne, au second tour du Groupe I de la zone Europe-Afrique. Le capitaine de l&rsquo;\u00e9quipe roumaine, Andrei Pavel, a choisi pour la comp\u00e9tition qui d\u00e9marre vendredi \u00e0 Cluj, dans le nord-ouest de la Roumanie les joueurs roumains Marius Copil, Adrian Ungur, Horia Tec\u0103u et Florin Mergea. A son tour, la chef de la d\u00e9l\u00e9gation espagnole, Conchita Martinez, a convoqu\u00e9 Roberto Bautista-Agut, Felciano Lopez, Pablo Carreno-Busta et Marc Lopez. Le c\u00e9l\u00e8bre joueur Rafael Nadal ne participera pas \u00e0 cette comp\u00e9tition, \u00e9tant accident\u00e9. L&rsquo;\u00e9quipe gagnante jouera \u00e0 l&rsquo;automne le match de barrage pour acc\u00e9der au Groupe Mondial. Les perdants continueront \u00e0 \u00e9voluer dans le cadre du Groupe I. Par ailleurs, toujours ce jeudi, dans les 8e de finale du tournoi BRD Bucharest Open, la joueuse roumaine Simona Halep, nr 5 mondiale et principale favorite de la comp\u00e9tition, doit rencontrer la Bulgare Isabella Shinikova. De m\u00eame, la Roumaine Patricia Tig affrontera contre Anastasia Sevastova de Lettonie.  <\/p>\n<p><\/p>\n<p><strong class=cms-bold>M\u00e9t\u00e9o <\/strong>&#8211; La canicule s&#8217;empare du sud de la Roumanie, o\u00f9 l&rsquo;inconfort thermique va s&rsquo;accentuer, l&rsquo;indice temp\u00e9rature-humidit\u00e9 devant d\u00e9passer les 80 unit\u00e9s. Les maxima de la journ\u00e9e iront jusqu&rsquo;\u00e0 37 degr\u00e9s. 31 degr\u00e9s \u00e0 midi dans la capitale, Bucarest. <\/p>\n<p><\/p>\n","protected":false},"excerpt":{"rendered":"<p>Asie &#8211; Le premier &#8211; ministre roumain, Dacian Ciolo\u015f, a rencontr\u00e9 \u00e0 Hano\u00ef les membres de l&rsquo;Association d&rsquo;amiti\u00e9 Vietnam &#8211; Roumanie, auxquels il a demand\u00e9 d&rsquo;appuyer les d\u00e9marches des autorit\u00e9s de Bucarest visant \u00e0 relancer les relations bilat\u00e9rales \u00e9conomiques et culturelles. En pr\u00e9cisant qu&rsquo;il y avait les pr\u00e9misses n\u00e9cessaires pour renforcer les rapports entre les [&hellip;]<\/p>\n","protected":false},"author":113,"featured_media":391122,"comment_status":"closed","ping_status":"closed","sticky":false,"template":"","format":"standard","meta":{"_acf_changed":false,"footnotes":""},"categories":[89002],"tags":[90024,33720,89235,85538,86777,29134,29026,29572,85545,85700,28939,86349],"coauthors":[],"class_list":["post-391541","post","type-post","status-publish","format-standard","has-post-thumbnail","hentry","category-le-flash","tag-asie","tag-brd-open","tag-coupe-davis","tag-detenus","tag-fete-nationale","tag-football","tag-france","tag-handball","tag-premier-ministre","tag-protestations","tag-tennis","tag-visite"],"acf":[],"yoast_head":"<!-- This site is optimized with the Yoast SEO plugin v27.3 - https:\/\/yoast.com\/product\/yoast-seo-wordpress\/ -->\n<title>14.07.2016 - Radio Roumanie Internationale<\/title>\n<meta name=\"robots\" content=\"index, follow, max-snippet:-1, max-image-preview:large, max-video-preview:-1\" \/>\n<link rel=\"canonical\" href=\"https:\/\/www.rri.ro\/fr\/actualites\/le-flash\/14-07-2016-id391541.html\" \/>\n<meta property=\"og:locale\" content=\"fr_FR\" \/>\n<meta property=\"og:type\" content=\"article\" \/>\n<meta property=\"og:title\" content=\"14.07.2016 - Radio Roumanie Internationale\" \/>\n<meta property=\"og:description\" content=\"Asie &#8211; Le premier &#8211; ministre roumain, Dacian Ciolo\u015f, a rencontr\u00e9 \u00e0 Hano\u00ef les membres de l&rsquo;Association d&rsquo;amiti\u00e9 Vietnam &#8211; Roumanie, auxquels il a demand\u00e9 d&rsquo;appuyer les d\u00e9marches des autorit\u00e9s de Bucarest visant \u00e0 relancer les relations bilat\u00e9rales \u00e9conomiques et culturelles. En pr\u00e9cisant qu&rsquo;il y avait les pr\u00e9misses n\u00e9cessaires pour renforcer les rapports entre les [&hellip;]\" \/>\n<meta property=\"og:url\" content=\"https:\/\/www.rri.ro\/fr\/actualites\/le-flash\/14-07-2016-id391541.html\" \/>\n<meta property=\"og:site_name\" content=\"Radio Roumanie Internationale\" \/>\n<meta property=\"article:published_time\" content=\"2016-07-14T11:29:00+00:00\" \/>\n<meta property=\"og:image\" content=\"https:\/\/www.rri.ro\/wp-content\/uploads\/2023\/10\/stiri-franceza-ok2.png\" \/>\n\t<meta property=\"og:image:width\" content=\"420\" \/>\n\t<meta property=\"og:image:height\" content=\"280\" \/>\n\t<meta property=\"og:image:type\" content=\"image\/png\" \/>\n<meta name=\"author\" content=\"Newsroom\" \/>\n<meta name=\"twitter:card\" content=\"summary_large_image\" \/>\n<meta name=\"twitter:label1\" content=\"\u00c9crit par\" \/>\n\t<meta name=\"twitter:data1\" content=\"Newsroom\" \/>\n\t<meta name=\"twitter:label2\" content=\"Dur\u00e9e de lecture estim\u00e9e\" \/>\n\t<meta name=\"twitter:data2\" content=\"5 minutes\" \/>\n\t<meta name=\"twitter:label3\" content=\"Written by\" \/>\n\t<meta name=\"twitter:data3\" content=\"Newsroom\" \/>\n<script type=\"application\/ld+json\" class=\"yoast-schema-graph\">{\"@context\":\"https:\\\/\\\/schema.org\",\"@graph\":[{\"@type\":\"Article\",\"@id\":\"https:\\\/\\\/www.rri.ro\\\/fr\\\/actualites\\\/le-flash\\\/14-07-2016-id391541.html#article\",\"isPartOf\":{\"@id\":\"https:\\\/\\\/www.rri.ro\\\/fr\\\/actualites\\\/le-flash\\\/14-07-2016-id391541.html\"},\"author\":{\"name\":\"Newsroom\",\"@id\":\"https:\\\/\\\/www.rri.ro\\\/#\\\/schema\\\/person\\\/4a479940371b9fdefd194f561e8a7f88\"},\"headline\":\"14.07.2016\",\"datePublished\":\"2016-07-14T11:29:00+00:00\",\"mainEntityOfPage\":{\"@id\":\"https:\\\/\\\/www.rri.ro\\\/fr\\\/actualites\\\/le-flash\\\/14-07-2016-id391541.html\"},\"wordCount\":1039,\"image\":{\"@id\":\"https:\\\/\\\/www.rri.ro\\\/fr\\\/actualites\\\/le-flash\\\/14-07-2016-id391541.html#primaryimage\"},\"thumbnailUrl\":\"https:\\\/\\\/www.rri.ro\\\/wp-content\\\/uploads\\\/2023\\\/10\\\/stiri-franceza-ok2.png\",\"keywords\":[\"Asie\",\"BRD Open\",\"Coupe Davis\",\"d\u00e9tenus\",\"f\u00eate nationale\",\"football\",\"France\",\"handball\",\"premier ministre\",\"protestations\",\"tennis\",\"visite\"],\"articleSection\":[\"Le flash\"],\"inLanguage\":\"fr-FR\"},{\"@type\":\"WebPage\",\"@id\":\"https:\\\/\\\/www.rri.ro\\\/fr\\\/actualites\\\/le-flash\\\/14-07-2016-id391541.html\",\"url\":\"https:\\\/\\\/www.rri.ro\\\/fr\\\/actualites\\\/le-flash\\\/14-07-2016-id391541.html\",\"name\":\"14.07.2016 - Radio Roumanie Internationale\",\"isPartOf\":{\"@id\":\"https:\\\/\\\/www.rri.ro\\\/#website\"},\"primaryImageOfPage\":{\"@id\":\"https:\\\/\\\/www.rri.ro\\\/fr\\\/actualites\\\/le-flash\\\/14-07-2016-id391541.html#primaryimage\"},\"image\":{\"@id\":\"https:\\\/\\\/www.rri.ro\\\/fr\\\/actualites\\\/le-flash\\\/14-07-2016-id391541.html#primaryimage\"},\"thumbnailUrl\":\"https:\\\/\\\/www.rri.ro\\\/wp-content\\\/uploads\\\/2023\\\/10\\\/stiri-franceza-ok2.png\",\"datePublished\":\"2016-07-14T11:29:00+00:00\",\"author\":{\"@id\":\"https:\\\/\\\/www.rri.ro\\\/#\\\/schema\\\/person\\\/4a479940371b9fdefd194f561e8a7f88\"},\"breadcrumb\":{\"@id\":\"https:\\\/\\\/www.rri.ro\\\/fr\\\/actualites\\\/le-flash\\\/14-07-2016-id391541.html#breadcrumb\"},\"inLanguage\":\"fr-FR\",\"potentialAction\":[{\"@type\":\"ReadAction\",\"target\":[\"https:\\\/\\\/www.rri.ro\\\/fr\\\/actualites\\\/le-flash\\\/14-07-2016-id391541.html\"]}]},{\"@type\":\"ImageObject\",\"inLanguage\":\"fr-FR\",\"@id\":\"https:\\\/\\\/www.rri.ro\\\/fr\\\/actualites\\\/le-flash\\\/14-07-2016-id391541.html#primaryimage\",\"url\":\"https:\\\/\\\/www.rri.ro\\\/wp-content\\\/uploads\\\/2023\\\/10\\\/stiri-franceza-ok2.png\",\"contentUrl\":\"https:\\\/\\\/www.rri.ro\\\/wp-content\\\/uploads\\\/2023\\\/10\\\/stiri-franceza-ok2.png\",\"width\":420,\"height\":280},{\"@type\":\"BreadcrumbList\",\"@id\":\"https:\\\/\\\/www.rri.ro\\\/fr\\\/actualites\\\/le-flash\\\/14-07-2016-id391541.html#breadcrumb\",\"itemListElement\":[{\"@type\":\"ListItem\",\"position\":1,\"name\":\"Page d'accueil\",\"item\":\"https:\\\/\\\/www.rri.ro\\\/fr\"},{\"@type\":\"ListItem\",\"position\":2,\"name\":\"Actualit\u00e9s\",\"item\":\"https:\\\/\\\/www.rri.ro\\\/fr\\\/actualites\"},{\"@type\":\"ListItem\",\"position\":3,\"name\":\"Le flash\",\"item\":\"https:\\\/\\\/www.rri.ro\\\/fr\\\/actualites\\\/le-flash\"},{\"@type\":\"ListItem\",\"position\":4,\"name\":\"14.07.2016\"}]},{\"@type\":\"WebSite\",\"@id\":\"https:\\\/\\\/www.rri.ro\\\/#website\",\"url\":\"https:\\\/\\\/www.rri.ro\\\/\",\"name\":\"Radio Roumanie Internationale\",\"description\":\"Totul despre Rom\u00e2nia \u015fi rom\u00e2ni, \u00een 13 limbi\\\/dialecte!\",\"inLanguage\":\"fr-FR\"},{\"@type\":\"Person\",\"@id\":\"https:\\\/\\\/www.rri.ro\\\/#\\\/schema\\\/person\\\/4a479940371b9fdefd194f561e8a7f88\",\"name\":\"Newsroom\",\"url\":\"https:\\\/\\\/www.rri.ro\\\/fr\\\/author\\\/newsroom\"}]}<\/script>\n<!-- \/ Yoast SEO plugin. -->","yoast_head_json":{"title":"14.07.2016 - Radio Roumanie Internationale","robots":{"index":"index","follow":"follow","max-snippet":"max-snippet:-1","max-image-preview":"max-image-preview:large","max-video-preview":"max-video-preview:-1"},"canonical":"https:\/\/www.rri.ro\/fr\/actualites\/le-flash\/14-07-2016-id391541.html","og_locale":"fr_FR","og_type":"article","og_title":"14.07.2016 - Radio Roumanie Internationale","og_description":"Asie &#8211; Le premier &#8211; ministre roumain, Dacian Ciolo\u015f, a rencontr\u00e9 \u00e0 Hano\u00ef les membres de l&rsquo;Association d&rsquo;amiti\u00e9 Vietnam &#8211; Roumanie, auxquels il a demand\u00e9 d&rsquo;appuyer les d\u00e9marches des autorit\u00e9s de Bucarest visant \u00e0 relancer les relations bilat\u00e9rales \u00e9conomiques et culturelles. En pr\u00e9cisant qu&rsquo;il y avait les pr\u00e9misses n\u00e9cessaires pour renforcer les rapports entre les [&hellip;]","og_url":"https:\/\/www.rri.ro\/fr\/actualites\/le-flash\/14-07-2016-id391541.html","og_site_name":"Radio Roumanie Internationale","article_published_time":"2016-07-14T11:29:00+00:00","og_image":[{"width":420,"height":280,"url":"https:\/\/www.rri.ro\/wp-content\/uploads\/2023\/10\/stiri-franceza-ok2.png","type":"image\/png"}],"author":"Newsroom","twitter_card":"summary_large_image","twitter_misc":{"\u00c9crit par":"Newsroom","Dur\u00e9e de lecture estim\u00e9e":"5 minutes","Written by":"Newsroom"},"schema":{"@context":"https:\/\/schema.org","@graph":[{"@type":"Article","@id":"https:\/\/www.rri.ro\/fr\/actualites\/le-flash\/14-07-2016-id391541.html#article","isPartOf":{"@id":"https:\/\/www.rri.ro\/fr\/actualites\/le-flash\/14-07-2016-id391541.html"},"author":{"name":"Newsroom","@id":"https:\/\/www.rri.ro\/#\/schema\/person\/4a479940371b9fdefd194f561e8a7f88"},"headline":"14.07.2016","datePublished":"2016-07-14T11:29:00+00:00","mainEntityOfPage":{"@id":"https:\/\/www.rri.ro\/fr\/actualites\/le-flash\/14-07-2016-id391541.html"},"wordCount":1039,"image":{"@id":"https:\/\/www.rri.ro\/fr\/actualites\/le-flash\/14-07-2016-id391541.html#primaryimage"},"thumbnailUrl":"https:\/\/www.rri.ro\/wp-content\/uploads\/2023\/10\/stiri-franceza-ok2.png","keywords":["Asie","BRD Open","Coupe Davis","d\u00e9tenus","f\u00eate nationale","football","France","handball","premier ministre","protestations","tennis","visite"],"articleSection":["Le flash"],"inLanguage":"fr-FR"},{"@type":"WebPage","@id":"https:\/\/www.rri.ro\/fr\/actualites\/le-flash\/14-07-2016-id391541.html","url":"https:\/\/www.rri.ro\/fr\/actualites\/le-flash\/14-07-2016-id391541.html","name":"14.07.2016 - Radio Roumanie Internationale","isPartOf":{"@id":"https:\/\/www.rri.ro\/#website"},"primaryImageOfPage":{"@id":"https:\/\/www.rri.ro\/fr\/actualites\/le-flash\/14-07-2016-id391541.html#primaryimage"},"image":{"@id":"https:\/\/www.rri.ro\/fr\/actualites\/le-flash\/14-07-2016-id391541.html#primaryimage"},"thumbnailUrl":"https:\/\/www.rri.ro\/wp-content\/uploads\/2023\/10\/stiri-franceza-ok2.png","datePublished":"2016-07-14T11:29:00+00:00","author":{"@id":"https:\/\/www.rri.ro\/#\/schema\/person\/4a479940371b9fdefd194f561e8a7f88"},"breadcrumb":{"@id":"https:\/\/www.rri.ro\/fr\/actualites\/le-flash\/14-07-2016-id391541.html#breadcrumb"},"inLanguage":"fr-FR","potentialAction":[{"@type":"ReadAction","target":["https:\/\/www.rri.ro\/fr\/actualites\/le-flash\/14-07-2016-id391541.html"]}]},{"@type":"ImageObject","inLanguage":"fr-FR","@id":"https:\/\/www.rri.ro\/fr\/actualites\/le-flash\/14-07-2016-id391541.html#primaryimage","url":"https:\/\/www.rri.ro\/wp-content\/uploads\/2023\/10\/stiri-franceza-ok2.png","contentUrl":"https:\/\/www.rri.ro\/wp-content\/uploads\/2023\/10\/stiri-franceza-ok2.png","width":420,"height":280},{"@type":"BreadcrumbList","@id":"https:\/\/www.rri.ro\/fr\/actualites\/le-flash\/14-07-2016-id391541.html#breadcrumb","itemListElement":[{"@type":"ListItem","position":1,"name":"Page d'accueil","item":"https:\/\/www.rri.ro\/fr"},{"@type":"ListItem","position":2,"name":"Actualit\u00e9s","item":"https:\/\/www.rri.ro\/fr\/actualites"},{"@type":"ListItem","position":3,"name":"Le flash","item":"https:\/\/www.rri.ro\/fr\/actualites\/le-flash"},{"@type":"ListItem","position":4,"name":"14.07.2016"}]},{"@type":"WebSite","@id":"https:\/\/www.rri.ro\/#website","url":"https:\/\/www.rri.ro\/","name":"Radio Roumanie Internationale","description":"Totul despre Rom\u00e2nia \u015fi rom\u00e2ni, \u00een 13 limbi\/dialecte!","inLanguage":"fr-FR"},{"@type":"Person","@id":"https:\/\/www.rri.ro\/#\/schema\/person\/4a479940371b9fdefd194f561e8a7f88","name":"Newsroom","url":"https:\/\/www.rri.ro\/fr\/author\/newsroom"}]}},"_links":{"self":[{"href":"https:\/\/www.rri.ro\/fr\/wp-json\/wp\/v2\/posts\/391541","targetHints":{"allow":["GET"]}}],"collection":[{"href":"https:\/\/www.rri.ro\/fr\/wp-json\/wp\/v2\/posts"}],"about":[{"href":"https:\/\/www.rri.ro\/fr\/wp-json\/wp\/v2\/types\/post"}],"author":[{"embeddable":true,"href":"https:\/\/www.rri.ro\/fr\/wp-json\/wp\/v2\/users\/113"}],"replies":[{"embeddable":true,"href":"https:\/\/www.rri.ro\/fr\/wp-json\/wp\/v2\/comments?post=391541"}],"version-history":[{"count":0,"href":"https:\/\/www.rri.ro\/fr\/wp-json\/wp\/v2\/posts\/391541\/revisions"}],"wp:featuredmedia":[{"embeddable":true,"href":"https:\/\/www.rri.ro\/fr\/wp-json\/wp\/v2\/media\/391122"}],"wp:attachment":[{"href":"https:\/\/www.rri.ro\/fr\/wp-json\/wp\/v2\/media?parent=391541"}],"wp:term":[{"taxonomy":"category","embeddable":true,"href":"https:\/\/www.rri.ro\/fr\/wp-json\/wp\/v2\/categories?post=391541"},{"taxonomy":"post_tag","embeddable":true,"href":"https:\/\/www.rri.ro\/fr\/wp-json\/wp\/v2\/tags?post=391541"},{"taxonomy":"author","embeddable":true,"href":"https:\/\/www.rri.ro\/fr\/wp-json\/wp\/v2\/coauthors?post=391541"}],"curies":[{"name":"wp","href":"https:\/\/api.w.org\/{rel}","templated":true}]}}