{"id":391811,"date":"2016-11-29T18:44:00","date_gmt":"2016-11-29T16:44:00","guid":{"rendered":"http:\/\/devrri.freshlemon.ro\/le-roumain-mot-a-mot\/consulter-les-lecons\/29-11-2016-mise-a-jour-id391811.html"},"modified":"2016-11-29T18:44:00","modified_gmt":"2016-11-29T16:44:00","slug":"29-11-2016-mise-a-jour","status":"publish","type":"post","link":"https:\/\/www.rri.ro\/fr\/actualites\/le-flash\/29-11-2016-mise-a-jour-id391811.html","title":{"rendered":"29.11.2016 (mise \u00e0 jour)"},"content":{"rendered":"<p><strong>D\u00e9fense<\/strong> &#8212; A Bucarest, le Conseil Supr\u00eame de D\u00e9fense du Pays a approuv\u00e9 le plan d\u2019action sur le moyen et long terme concernant la relation de la Roumanie avec la R\u00e9publique de Moldova voisine. Le chef de l\u2019Etat, Klaus Iohannis, qui a pr\u00e9sid\u00e9 la r\u00e9union du Conseil, a d\u00e9clar\u00e9 que l\u2019int\u00e9gration europ\u00e9enne de Chisinau \u00e9tait un objectif majeur de la Roumanie. Et lui d\u2019ajouter que les efforts de Bucarest seraient syst\u00e9matiques et cibl\u00e9s sur les institutions, de sorte que les r\u00e9sultats soient visibles pour les citoyens moldaves. Le Conseil Supr\u00eame de D\u00e9fense du Pays a \u00e9galement examin\u00e9 le plan d\u2019utilisation des forces arm\u00e9es roumaines qui seront d\u00e9ploy\u00e9es dans des missions et des op\u00e9rations \u00e0 l\u2019ext\u00e9rieur du pays en 2017, ainsi que la mise en \u0153uvre de la strat\u00e9gie nationale de d\u00e9fense pour la p\u00e9riode 2015 &#8212; 2019. <\/p>\n<p>&#13;<br \/>\n&#13;<\/p>\n<p>&#13;<br \/>\n&#13;<\/p>\n<p style=line-height: 20.8px;><strong class=cms-bold>Corruption <\/strong>&#8211; Le pr\u00e9sident roumain Klaus Iohannis a avalis\u00e9 les demandes de la Direction nationale anticorruption visant \u00e0 d\u00e9marrer les poursuites p\u00e9nales contre deux anciens ministres des Communications &#8211; Dan Nica et Silvia \u021aic\u0103u &#8211; et lancien ministre de lEducation, Alexandru Athanasiu. Ils sont accus\u00e9s dabus de fonctions dans le dossier appel\u00e9 Microsoft 2. Il sagit dune r\u00e9duction de presque 50% accord\u00e9e par Microsoft pour des licences de logiciels destin\u00e9s aux \u00e9coles, une r\u00e9duction qui aurait \u00e9t\u00e9 d\u00e9tourn\u00e9e. Le pr\u00e9judice caus\u00e9 dans cette affaire, d\u00e9passe les 67 millions de dollars. Lundi, la Chambre des D\u00e9put\u00e9s de Bucarest a ajourn\u00e9 au 5 d\u00e9cembre la prise dune d\u00e9cision pour lapprobation ou non du lancement des poursuites p\u00e9nales \u00e0 lencontre du d\u00e9put\u00e9 Eugen Bejinariu, par manque de quorum. Ancien secr\u00e9taire g\u00e9n\u00e9ral du Gouvernement entre 2003 et 2004, ce dernier est accus\u00e9 dabus de fonctions dans le m\u00eame dossier. <\/p>\n<p>&#13;<br \/>\n&#13;<\/p>\n<p style=line-height: 20.8px;>\n<p>&#13;<br \/>\n&#13;<\/p>\n<p style=line-height: 20.8px;><strong class=cms-bold>F\u00eate nationale <\/strong>&#8211; Du 30 novembre au 4 d\u00e9cembre, le minist\u00e8re de lInt\u00e9rieur de Bucarest mobilisera chaque jour, au niveau national, plus de 23.000 policiers, gendarmes, pompiers et gardes-fronti\u00e8res afin de maintenir un niveau \u00e9lev\u00e9 de s\u00e9curit\u00e9 pour les citoyens au cours de cette p\u00e9riode de f\u00eate en Roumanie. Une attention accrue sera accord\u00e9e aux manifestations organis\u00e9es \u00e0 loccasion de la F\u00eate nationale de la Roumanie, le 1er D\u00e9cembre, lorsque 257 \u00e9v\u00e9nements publics sont pr\u00e9vus dans 204 villes \u00e0 travers le pays o\u00f9 lon attend quelque 250.000 participants. Le 1er D\u00e9cembre est devenu la F\u00eate nationale de la Roumanie apr\u00e8s la chute du communisme en d\u00e9cembre 1989. Cette date marque la finalisation, \u00e0 la fin de la Premi\u00e8re Guerre mondiale, du processus de formation de lEtat roumain unitaire, par lentr\u00e9e sous lautorit\u00e9 de Bucarest de toutes les provinces \u00e0 population roumaine majoritaire ayant appartenu aux empires multinationaux voisins.<\/p>\n<p>&#13;<br \/>\n&#13;<\/p>\n<p style=line-height: 20.8px;>\n<p>&#13;<br \/>\n&#13;<\/p>\n<p style=line-height: 20.8px;><strong class=cms-bold style=line-height: 20.8px;>Protestations <\/strong>&#8211; A Bucarest, la F\u00e9d\u00e9ration syndicale Sanitas a manifest\u00e9 mardi devant le si\u00e8ge du minist\u00e8re de la Sant\u00e9 en signe de protestation contre le retard des n\u00e9gociations sur la nouvelle convention collective de travail dans le secteur sanitaire. Ant\u00e9rieurement, le ministre de la Sant\u00e9, Vlad Voiculescu, a d\u00e9clar\u00e9 quil serait ill\u00e9gal de d\u00e9marrer de telles n\u00e9gociations avant lapprobation des budgets des revenus et de d\u00e9penses des donneurs dordres. Ces protestations surviennent dans le contexte o\u00f9 lundi les repr\u00e9sentants des syndicats, des patronats et du gouvernement ont d\u00e9battu du salaire minimum national en 2017 et de la Loi de la grille unique des salaires. Les consultations nayant pas abouti, les n\u00e9gociations \u00e0 ce sujet se poursuivront apr\u00e8s les \u00e9lections parlementaires du 11 d\u00e9cembre. <\/p>\n<p>&#13;<br \/>\n&#13;<\/p>\n<p style=line-height: 20.8px;>\n<p>&#13;<br \/>\n&#13;<\/p>\n<p style=line-height: 20.8px;><strong class=cms-bold style=line-height: 20.8px;>Ch\u00f4mage <\/strong>&#8211; En Roumanie, le taux de ch\u00f4mage se situait \u00e0 5,8% en octobre dernier. Selon lInstitut national de la statistique, 522.000 personnes \u00e9taient sans emploi le mois dernier, soit un nombre similaire \u00e0 celui de septembre, mais un chiffre qui a diminu\u00e9 par rapport \u00e0 la m\u00eame p\u00e9riode de lann\u00e9e derni\u00e8re lorsque lon enregistrait 613.000 ch\u00f4meurs. A noter que le taux de ch\u00f4mage parmi les hommes est de 1,8% plus \u00e9lev\u00e9 que celui des femmes. Selon lInstitut national de la statistique, 76% des personnes sans emploi sont \u00e2g\u00e9es de 25 \u00e0 74 ans.    <\/p>\n<p>&#13;<br \/>\n&#13;<\/p>\n<p style=line-height: 20.8px;>\n<p>&#13;<br \/>\n&#13;<\/p>\n<p style=line-height: 20.8px;><strong class=cms-bold style=line-height: 20.8px;>Handball <\/strong>&#8211; La s\u00e9lection f\u00e9minine de handball de Roumanie sest r\u00e9unie mardi \u00e0 Bucarest, avant le Championnat dEurope qui sera organis\u00e9 en Su\u00e8de du 4 au 18 d\u00e9cembre. Dans le Groupe D de cette comp\u00e9tition, la Roumanie affrontera la Norv\u00e8ge (le 5 d\u00e9cembre), la Russie (le 7 d\u00e9cembre) et la Croatie (le 9 d\u00e9cembre). Lors de leur dernier match pr\u00e9paratif, dans le cadre du tournoi \u00ab Le troph\u00e9e des Carpates \u00bb les Roumaines se sont inclin\u00e9es dimanche, \u00e0 Cluj (centre), devant la s\u00e9lection hongroise, score 24 \u00e0 29. Notons aussi que la s\u00e9lection f\u00e9minine de handball de Roumanie est entra\u00een\u00e9e par lEspagnol Ambros Martin, qui a remplac\u00e9, le mois dernier, le Su\u00e9dois Tomas Ryde. Celui-ci avait aid\u00e9 les Roumaines \u00e0 remporter le bronze au Championnat du Monde du Danemark en 2015. <\/p>\n<p>&#13;<br \/>\n&#13;<\/p>\n<p>&#13;<\/p>\n","protected":false},"excerpt":{"rendered":"<p>D\u00e9fense &#8212; A Bucarest, le Conseil Supr\u00eame de D\u00e9fense du Pays a approuv\u00e9 le plan d\u2019action sur le moyen et long terme concernant la relation de la Roumanie avec la R\u00e9publique de Moldova voisine. Le chef de l\u2019Etat, Klaus Iohannis, qui a pr\u00e9sid\u00e9 la r\u00e9union du Conseil, a d\u00e9clar\u00e9 que l\u2019int\u00e9gration europ\u00e9enne de Chisinau \u00e9tait [&hellip;]<\/p>\n","protected":false},"author":113,"featured_media":391122,"comment_status":"closed","ping_status":"closed","sticky":false,"template":"","format":"standard","meta":{"_acf_changed":false,"footnotes":""},"categories":[89002],"tags":[86778,91022,86777,146961,31227,85700,86066,89826],"coauthors":[],"class_list":["post-391811","post","type-post","status-publish","format-standard","has-post-thumbnail","hentry","category-le-flash","tag-1er-decembre","tag-conseil-supreme-de-defense","tag-fete-nationale","tag-handball-fr","tag-microsoft-2","tag-protestations","tag-sante","tag-taux-de-chomage"],"acf":[],"yoast_head":"<!-- This site is optimized with the Yoast SEO plugin v27.3 - https:\/\/yoast.com\/product\/yoast-seo-wordpress\/ -->\n<title>29.11.2016 (mise \u00e0 jour) - Radio Roumanie Internationale<\/title>\n<meta name=\"robots\" content=\"index, follow, max-snippet:-1, max-image-preview:large, max-video-preview:-1\" \/>\n<link rel=\"canonical\" href=\"https:\/\/www.rri.ro\/fr\/actualites\/le-flash\/29-11-2016-mise-a-jour-id391811.html\" \/>\n<meta property=\"og:locale\" content=\"fr_FR\" \/>\n<meta property=\"og:type\" content=\"article\" \/>\n<meta property=\"og:title\" content=\"29.11.2016 (mise \u00e0 jour) - Radio Roumanie Internationale\" \/>\n<meta property=\"og:description\" content=\"D\u00e9fense &#8212; A Bucarest, le Conseil Supr\u00eame de D\u00e9fense du Pays a approuv\u00e9 le plan d\u2019action sur le moyen et long terme concernant la relation de la Roumanie avec la R\u00e9publique de Moldova voisine. Le chef de l\u2019Etat, Klaus Iohannis, qui a pr\u00e9sid\u00e9 la r\u00e9union du Conseil, a d\u00e9clar\u00e9 que l\u2019int\u00e9gration europ\u00e9enne de Chisinau \u00e9tait [&hellip;]\" \/>\n<meta property=\"og:url\" content=\"https:\/\/www.rri.ro\/fr\/actualites\/le-flash\/29-11-2016-mise-a-jour-id391811.html\" \/>\n<meta property=\"og:site_name\" content=\"Radio Roumanie Internationale\" \/>\n<meta property=\"article:published_time\" content=\"2016-11-29T16:44:00+00:00\" \/>\n<meta property=\"og:image\" content=\"https:\/\/www.rri.ro\/wp-content\/uploads\/2023\/10\/stiri-franceza-ok2.png\" \/>\n\t<meta property=\"og:image:width\" content=\"420\" \/>\n\t<meta property=\"og:image:height\" content=\"280\" \/>\n\t<meta property=\"og:image:type\" content=\"image\/png\" \/>\n<meta name=\"author\" content=\"Newsroom\" \/>\n<meta name=\"twitter:card\" content=\"summary_large_image\" \/>\n<meta name=\"twitter:label1\" content=\"\u00c9crit par\" \/>\n\t<meta name=\"twitter:data1\" content=\"Newsroom\" \/>\n\t<meta name=\"twitter:label2\" content=\"Dur\u00e9e de lecture estim\u00e9e\" \/>\n\t<meta name=\"twitter:data2\" content=\"4 minutes\" \/>\n\t<meta name=\"twitter:label3\" content=\"Written by\" \/>\n\t<meta name=\"twitter:data3\" content=\"Newsroom\" \/>\n<script type=\"application\/ld+json\" class=\"yoast-schema-graph\">{\"@context\":\"https:\\\/\\\/schema.org\",\"@graph\":[{\"@type\":\"Article\",\"@id\":\"https:\\\/\\\/www.rri.ro\\\/fr\\\/actualites\\\/le-flash\\\/29-11-2016-mise-a-jour-id391811.html#article\",\"isPartOf\":{\"@id\":\"https:\\\/\\\/www.rri.ro\\\/fr\\\/actualites\\\/le-flash\\\/29-11-2016-mise-a-jour-id391811.html\"},\"author\":{\"name\":\"Newsroom\",\"@id\":\"https:\\\/\\\/www.rri.ro\\\/#\\\/schema\\\/person\\\/4a479940371b9fdefd194f561e8a7f88\"},\"headline\":\"29.11.2016 (mise \u00e0 jour)\",\"datePublished\":\"2016-11-29T16:44:00+00:00\",\"mainEntityOfPage\":{\"@id\":\"https:\\\/\\\/www.rri.ro\\\/fr\\\/actualites\\\/le-flash\\\/29-11-2016-mise-a-jour-id391811.html\"},\"wordCount\":844,\"image\":{\"@id\":\"https:\\\/\\\/www.rri.ro\\\/fr\\\/actualites\\\/le-flash\\\/29-11-2016-mise-a-jour-id391811.html#primaryimage\"},\"thumbnailUrl\":\"https:\\\/\\\/www.rri.ro\\\/wp-content\\\/uploads\\\/2023\\\/10\\\/stiri-franceza-ok2.png\",\"keywords\":[\"1er d\u00e9cembre\",\"Conseil supr\u00eame de d\u00e9fense\",\"f\u00eate nationale\",\"handball\",\"Microsoft 2\",\"protestations\",\"sant\u00e9\",\"taux de ch\u00f4mage\"],\"articleSection\":[\"Le flash\"],\"inLanguage\":\"fr-FR\"},{\"@type\":\"WebPage\",\"@id\":\"https:\\\/\\\/www.rri.ro\\\/fr\\\/actualites\\\/le-flash\\\/29-11-2016-mise-a-jour-id391811.html\",\"url\":\"https:\\\/\\\/www.rri.ro\\\/fr\\\/actualites\\\/le-flash\\\/29-11-2016-mise-a-jour-id391811.html\",\"name\":\"29.11.2016 (mise \u00e0 jour) - Radio Roumanie Internationale\",\"isPartOf\":{\"@id\":\"https:\\\/\\\/www.rri.ro\\\/#website\"},\"primaryImageOfPage\":{\"@id\":\"https:\\\/\\\/www.rri.ro\\\/fr\\\/actualites\\\/le-flash\\\/29-11-2016-mise-a-jour-id391811.html#primaryimage\"},\"image\":{\"@id\":\"https:\\\/\\\/www.rri.ro\\\/fr\\\/actualites\\\/le-flash\\\/29-11-2016-mise-a-jour-id391811.html#primaryimage\"},\"thumbnailUrl\":\"https:\\\/\\\/www.rri.ro\\\/wp-content\\\/uploads\\\/2023\\\/10\\\/stiri-franceza-ok2.png\",\"datePublished\":\"2016-11-29T16:44:00+00:00\",\"author\":{\"@id\":\"https:\\\/\\\/www.rri.ro\\\/#\\\/schema\\\/person\\\/4a479940371b9fdefd194f561e8a7f88\"},\"breadcrumb\":{\"@id\":\"https:\\\/\\\/www.rri.ro\\\/fr\\\/actualites\\\/le-flash\\\/29-11-2016-mise-a-jour-id391811.html#breadcrumb\"},\"inLanguage\":\"fr-FR\",\"potentialAction\":[{\"@type\":\"ReadAction\",\"target\":[\"https:\\\/\\\/www.rri.ro\\\/fr\\\/actualites\\\/le-flash\\\/29-11-2016-mise-a-jour-id391811.html\"]}]},{\"@type\":\"ImageObject\",\"inLanguage\":\"fr-FR\",\"@id\":\"https:\\\/\\\/www.rri.ro\\\/fr\\\/actualites\\\/le-flash\\\/29-11-2016-mise-a-jour-id391811.html#primaryimage\",\"url\":\"https:\\\/\\\/www.rri.ro\\\/wp-content\\\/uploads\\\/2023\\\/10\\\/stiri-franceza-ok2.png\",\"contentUrl\":\"https:\\\/\\\/www.rri.ro\\\/wp-content\\\/uploads\\\/2023\\\/10\\\/stiri-franceza-ok2.png\",\"width\":420,\"height\":280},{\"@type\":\"BreadcrumbList\",\"@id\":\"https:\\\/\\\/www.rri.ro\\\/fr\\\/actualites\\\/le-flash\\\/29-11-2016-mise-a-jour-id391811.html#breadcrumb\",\"itemListElement\":[{\"@type\":\"ListItem\",\"position\":1,\"name\":\"Page d'accueil\",\"item\":\"https:\\\/\\\/www.rri.ro\\\/fr\"},{\"@type\":\"ListItem\",\"position\":2,\"name\":\"Actualit\u00e9s\",\"item\":\"https:\\\/\\\/www.rri.ro\\\/fr\\\/actualites\"},{\"@type\":\"ListItem\",\"position\":3,\"name\":\"Le flash\",\"item\":\"https:\\\/\\\/www.rri.ro\\\/fr\\\/actualites\\\/le-flash\"},{\"@type\":\"ListItem\",\"position\":4,\"name\":\"29.11.2016 (mise \u00e0 jour)\"}]},{\"@type\":\"WebSite\",\"@id\":\"https:\\\/\\\/www.rri.ro\\\/#website\",\"url\":\"https:\\\/\\\/www.rri.ro\\\/\",\"name\":\"Radio Roumanie Internationale\",\"description\":\"Totul despre Rom\u00e2nia \u015fi rom\u00e2ni, \u00een 13 limbi\\\/dialecte!\",\"inLanguage\":\"fr-FR\"},{\"@type\":\"Person\",\"@id\":\"https:\\\/\\\/www.rri.ro\\\/#\\\/schema\\\/person\\\/4a479940371b9fdefd194f561e8a7f88\",\"name\":\"Newsroom\",\"url\":\"https:\\\/\\\/www.rri.ro\\\/fr\\\/author\\\/newsroom\"}]}<\/script>\n<!-- \/ Yoast SEO plugin. -->","yoast_head_json":{"title":"29.11.2016 (mise \u00e0 jour) - Radio Roumanie Internationale","robots":{"index":"index","follow":"follow","max-snippet":"max-snippet:-1","max-image-preview":"max-image-preview:large","max-video-preview":"max-video-preview:-1"},"canonical":"https:\/\/www.rri.ro\/fr\/actualites\/le-flash\/29-11-2016-mise-a-jour-id391811.html","og_locale":"fr_FR","og_type":"article","og_title":"29.11.2016 (mise \u00e0 jour) - Radio Roumanie Internationale","og_description":"D\u00e9fense &#8212; A Bucarest, le Conseil Supr\u00eame de D\u00e9fense du Pays a approuv\u00e9 le plan d\u2019action sur le moyen et long terme concernant la relation de la Roumanie avec la R\u00e9publique de Moldova voisine. Le chef de l\u2019Etat, Klaus Iohannis, qui a pr\u00e9sid\u00e9 la r\u00e9union du Conseil, a d\u00e9clar\u00e9 que l\u2019int\u00e9gration europ\u00e9enne de Chisinau \u00e9tait [&hellip;]","og_url":"https:\/\/www.rri.ro\/fr\/actualites\/le-flash\/29-11-2016-mise-a-jour-id391811.html","og_site_name":"Radio Roumanie Internationale","article_published_time":"2016-11-29T16:44:00+00:00","og_image":[{"width":420,"height":280,"url":"https:\/\/www.rri.ro\/wp-content\/uploads\/2023\/10\/stiri-franceza-ok2.png","type":"image\/png"}],"author":"Newsroom","twitter_card":"summary_large_image","twitter_misc":{"\u00c9crit par":"Newsroom","Dur\u00e9e de lecture estim\u00e9e":"4 minutes","Written by":"Newsroom"},"schema":{"@context":"https:\/\/schema.org","@graph":[{"@type":"Article","@id":"https:\/\/www.rri.ro\/fr\/actualites\/le-flash\/29-11-2016-mise-a-jour-id391811.html#article","isPartOf":{"@id":"https:\/\/www.rri.ro\/fr\/actualites\/le-flash\/29-11-2016-mise-a-jour-id391811.html"},"author":{"name":"Newsroom","@id":"https:\/\/www.rri.ro\/#\/schema\/person\/4a479940371b9fdefd194f561e8a7f88"},"headline":"29.11.2016 (mise \u00e0 jour)","datePublished":"2016-11-29T16:44:00+00:00","mainEntityOfPage":{"@id":"https:\/\/www.rri.ro\/fr\/actualites\/le-flash\/29-11-2016-mise-a-jour-id391811.html"},"wordCount":844,"image":{"@id":"https:\/\/www.rri.ro\/fr\/actualites\/le-flash\/29-11-2016-mise-a-jour-id391811.html#primaryimage"},"thumbnailUrl":"https:\/\/www.rri.ro\/wp-content\/uploads\/2023\/10\/stiri-franceza-ok2.png","keywords":["1er d\u00e9cembre","Conseil supr\u00eame de d\u00e9fense","f\u00eate nationale","handball","Microsoft 2","protestations","sant\u00e9","taux de ch\u00f4mage"],"articleSection":["Le flash"],"inLanguage":"fr-FR"},{"@type":"WebPage","@id":"https:\/\/www.rri.ro\/fr\/actualites\/le-flash\/29-11-2016-mise-a-jour-id391811.html","url":"https:\/\/www.rri.ro\/fr\/actualites\/le-flash\/29-11-2016-mise-a-jour-id391811.html","name":"29.11.2016 (mise \u00e0 jour) - Radio Roumanie Internationale","isPartOf":{"@id":"https:\/\/www.rri.ro\/#website"},"primaryImageOfPage":{"@id":"https:\/\/www.rri.ro\/fr\/actualites\/le-flash\/29-11-2016-mise-a-jour-id391811.html#primaryimage"},"image":{"@id":"https:\/\/www.rri.ro\/fr\/actualites\/le-flash\/29-11-2016-mise-a-jour-id391811.html#primaryimage"},"thumbnailUrl":"https:\/\/www.rri.ro\/wp-content\/uploads\/2023\/10\/stiri-franceza-ok2.png","datePublished":"2016-11-29T16:44:00+00:00","author":{"@id":"https:\/\/www.rri.ro\/#\/schema\/person\/4a479940371b9fdefd194f561e8a7f88"},"breadcrumb":{"@id":"https:\/\/www.rri.ro\/fr\/actualites\/le-flash\/29-11-2016-mise-a-jour-id391811.html#breadcrumb"},"inLanguage":"fr-FR","potentialAction":[{"@type":"ReadAction","target":["https:\/\/www.rri.ro\/fr\/actualites\/le-flash\/29-11-2016-mise-a-jour-id391811.html"]}]},{"@type":"ImageObject","inLanguage":"fr-FR","@id":"https:\/\/www.rri.ro\/fr\/actualites\/le-flash\/29-11-2016-mise-a-jour-id391811.html#primaryimage","url":"https:\/\/www.rri.ro\/wp-content\/uploads\/2023\/10\/stiri-franceza-ok2.png","contentUrl":"https:\/\/www.rri.ro\/wp-content\/uploads\/2023\/10\/stiri-franceza-ok2.png","width":420,"height":280},{"@type":"BreadcrumbList","@id":"https:\/\/www.rri.ro\/fr\/actualites\/le-flash\/29-11-2016-mise-a-jour-id391811.html#breadcrumb","itemListElement":[{"@type":"ListItem","position":1,"name":"Page d'accueil","item":"https:\/\/www.rri.ro\/fr"},{"@type":"ListItem","position":2,"name":"Actualit\u00e9s","item":"https:\/\/www.rri.ro\/fr\/actualites"},{"@type":"ListItem","position":3,"name":"Le flash","item":"https:\/\/www.rri.ro\/fr\/actualites\/le-flash"},{"@type":"ListItem","position":4,"name":"29.11.2016 (mise \u00e0 jour)"}]},{"@type":"WebSite","@id":"https:\/\/www.rri.ro\/#website","url":"https:\/\/www.rri.ro\/","name":"Radio Roumanie Internationale","description":"Totul despre Rom\u00e2nia \u015fi rom\u00e2ni, \u00een 13 limbi\/dialecte!","inLanguage":"fr-FR"},{"@type":"Person","@id":"https:\/\/www.rri.ro\/#\/schema\/person\/4a479940371b9fdefd194f561e8a7f88","name":"Newsroom","url":"https:\/\/www.rri.ro\/fr\/author\/newsroom"}]}},"_links":{"self":[{"href":"https:\/\/www.rri.ro\/fr\/wp-json\/wp\/v2\/posts\/391811","targetHints":{"allow":["GET"]}}],"collection":[{"href":"https:\/\/www.rri.ro\/fr\/wp-json\/wp\/v2\/posts"}],"about":[{"href":"https:\/\/www.rri.ro\/fr\/wp-json\/wp\/v2\/types\/post"}],"author":[{"embeddable":true,"href":"https:\/\/www.rri.ro\/fr\/wp-json\/wp\/v2\/users\/113"}],"replies":[{"embeddable":true,"href":"https:\/\/www.rri.ro\/fr\/wp-json\/wp\/v2\/comments?post=391811"}],"version-history":[{"count":0,"href":"https:\/\/www.rri.ro\/fr\/wp-json\/wp\/v2\/posts\/391811\/revisions"}],"wp:featuredmedia":[{"embeddable":true,"href":"https:\/\/www.rri.ro\/fr\/wp-json\/wp\/v2\/media\/391122"}],"wp:attachment":[{"href":"https:\/\/www.rri.ro\/fr\/wp-json\/wp\/v2\/media?parent=391811"}],"wp:term":[{"taxonomy":"category","embeddable":true,"href":"https:\/\/www.rri.ro\/fr\/wp-json\/wp\/v2\/categories?post=391811"},{"taxonomy":"post_tag","embeddable":true,"href":"https:\/\/www.rri.ro\/fr\/wp-json\/wp\/v2\/tags?post=391811"},{"taxonomy":"author","embeddable":true,"href":"https:\/\/www.rri.ro\/fr\/wp-json\/wp\/v2\/coauthors?post=391811"}],"curies":[{"name":"wp","href":"https:\/\/api.w.org\/{rel}","templated":true}]}}