{"id":391925,"date":"2017-01-25T19:12:00","date_gmt":"2017-01-25T17:12:00","guid":{"rendered":"http:\/\/devrri.freshlemon.ro\/le-roumain-mot-a-mot\/consulter-les-lecons\/25-01-2017-mise-a-jour-id391925.html"},"modified":"2017-01-25T19:12:00","modified_gmt":"2017-01-25T17:12:00","slug":"25-01-2017-mise-a-jour","status":"publish","type":"post","link":"https:\/\/www.rri.ro\/fr\/actualites\/le-flash\/25-01-2017-mise-a-jour-id391925.html","title":{"rendered":"25.01.2017 (mise \u00e0 jour)"},"content":{"rendered":"<p><strong class=cms-bold>Diplomatie <\/strong>&#8211; \u00ab Nous avons besoin de soci\u00e9t\u00e9s d\u00e9mocratiques o\u00f9 les majorit\u00e9s n&rsquo;abusent pas de leurs droits, de soci\u00e9t\u00e9s au sein desquelles le principe de la coop\u00e9ration loyale et constructive entre les institutions d\u00e9mocratiques fonctionne de mani\u00e8re irr\u00e9prochable \u00bb. C&rsquo;est ce qu&rsquo;a d\u00e9clar\u00e9 mercredi le pr\u00e9sident roumain Klaus Iohannis au pl\u00e9num de l&rsquo;Assembl\u00e9e parlementaire du Conseil de l&rsquo;Europe. Il a encore affirm\u00e9 que la Roumanie \u00e9tait devenue un mod\u00e8le en ce qui concerne la protection et la promotion des droits des minorit\u00e9s nationales, un mod\u00e8le reconnu au niveau europ\u00e9en. Par ailleurs, le pr\u00e9sident roumain a annonc\u00e9 l&rsquo;inauguration le 6 avril \u00e0 Bucarest d&rsquo;une conf\u00e9rence internationale organis\u00e9e en coop\u00e9ration avec la Commission de Venise sur le r\u00f4le de la majorit\u00e9 et de l&rsquo;opposition dans une soci\u00e9t\u00e9 d\u00e9mocratique. Mardi, au cours du premier jour de sa visite \u00e0 Strasbourg, le pr\u00e9sident Iohannis a \u00e9galement rencontr\u00e9 des repr\u00e9sentants de la communaut\u00e9 roumaine de la r\u00e9gion d&rsquo;Alsace et particip\u00e9 \u00e0 une c\u00e9r\u00e9monie de comm\u00e9moration de la m\u00e9moire des victimes de l&rsquo;Holocauste. <\/p>\n<p><\/p>\n<p><strong class=cms-bold>Justice <\/strong>&#8211; Le Conseil sup\u00e9rieur de la magistrature a donn\u00e9 son avis n\u00e9gatif aux projets de d\u00e9cret d&rsquo;urgence portant gr\u00e2ce collective et modification du Code P\u00e9nal. Cet avis, formul\u00e9 \u00e0 la demande du Minist\u00e8re de la Justice, a un caract\u00e8re consultatif. Ces documents pr\u00e9voient entre autres de gracier les peines de prison de moins de 5 ans, ainsi que les peines d&rsquo;amende inflig\u00e9es par les cours de Justice. Les r\u00e9cidivistes, ainsi que les auteurs d&rsquo;une s\u00e9rie d&rsquo;infractions pr\u00e9vues par le Code P\u00e9nal et par des lois sp\u00e9ciales ne b\u00e9n\u00e9ficieraient pas de la gr\u00e2ce. Quant au projet de modification du Code p\u00e9nal, celui-ci pr\u00e9voit que l&rsquo;abus de pouvoir est une infraction, uniquement si le pr\u00e9judice d\u00e9passe les 44 mille euros. Dans ce  cas, la peine maximale serait de 3 ans au lieu de 7. Les deux projets de d\u00e9cret gouvernemental ont \u00e9t\u00e9 contest\u00e9s par l&rsquo;opposition parlementaire, ainsi que par des dizaines de milliers de personnes descendues dans les rues des principales villes roumaines  \u00e0 la fin de la semaine derni\u00e8re, qui ont \u00e9t\u00e9 rejointes aussi par le pr\u00e9sident roumain Klaus Iohannis. Le ministre de la Justice, Florin Iordache, affirme que les modifications \u00e9taient n\u00e9cessaires aussi pour r\u00e9soudre le probl\u00e8me de la surpopulation carc\u00e9rale et pour mettre en accord la l\u00e9gislation roumaine avec des d\u00e9cisions de la Cour Constitutionnelle.<\/p>\n<p><\/p>\n<p><strong class=cms-bold>MCV <\/strong>&#8211; La Roumanie continue de faire des progr\u00e8s dans la r\u00e9forme du syst\u00e8me judiciaire et dans la lutte contre la corruption, mais les critiques lanc\u00e9es par les hommes politiques et par la presse \u00e0 l&rsquo;adresse des institutions judiciaires, notamment \u00e0 l&rsquo;adresse de la Direction nationale anticorruption (DNA), risquent de miner la confiance en la justice, lit-on dans un rapport de la Commission europ\u00e9enne r\u00e9dig\u00e9 dans le cadre du M\u00e9canisme de Coop\u00e9ration et de V\u00e9rification. Selon le document, l&rsquo;inculpation et la condamnation de nombreux politiciens connus de Roumanie t\u00e9moignent d&rsquo;une tendance g\u00e9n\u00e9rale positive vers une justice ind\u00e9pendante. Dans ses 10 ann\u00e9es d&rsquo;appartenance \u00e0 l&rsquo;UE, la Roumanie a mis en \u0153uvre les r\u00e9formes dans le cadre du MCV, faisant des progr\u00e8s majeurs, affirme encore la Commission Europ\u00e9enne. Le bilan positif des trois derni\u00e8res ann\u00e9es se refl\u00e8te aussi dans son plus r\u00e9cent rapport de 2017. Le pr\u00e9sident roumain Klaus Iohannis estime que le rapport de la Commission est positif, un avis partag\u00e9 par le gouvernement de gauche de Bucarest et par les principales institutions judiciaires du pays. Le prochain rapport effectu\u00e9 dans le cadre du MCV sera pr\u00e9sent\u00e9 vers la fin l&rsquo;ann\u00e9e. Rappelons aussi que la Roumanie fait l&rsquo;objet d&rsquo;un suivi dans le domaine de la Justice et des Affaires int\u00e9rieures depuis son adh\u00e9sion \u00e0 l&rsquo;UE, en 2007.<\/p>\n<p><\/p>\n<p><strong class=cms-bold>Budget <\/strong>&#8211; Le projet du budget 2017 de la Roumanie, dans sa nouvelle forme, sera d\u00e9battu vendredi dans le cadre de la s\u00e9ance du gouvernement de Bucarest et remis le m\u00eame jour au Parlement, a fait savoir le premier ministre roumain Sorin Grindeanu. Il a d\u00e9clar\u00e9 que la plupart de l&rsquo;argent \u00e9tait destin\u00e9e aux minist\u00e8res des Transports, de l&rsquo;Agriculture, de la Sant\u00e9 et \u00e0 celui charg\u00e9 des PME. Parmi les institutions qui se verront diminuer les budgets comptent l&rsquo;Administration pr\u00e9sidentielle et le Service roumain de renseignements int\u00e9rieurs, a encore pr\u00e9cis\u00e9 le premier ministre Grindeanu. <\/p>\n<p><\/p>\n<p><strong class=cms-bold>M\u00e9t\u00e9o <\/strong>&#8211; Le temp\u00e9ratures sont \u00e0 la baisse en Roumanie, notamment dans le nord et le centre du pays. Dans les 24 prochaines heures les maximales ne d\u00e9passeront pas les 2 degr\u00e9s.<\/p>\n<p><\/p>\n","protected":false},"excerpt":{"rendered":"<p>Diplomatie &#8211; \u00ab Nous avons besoin de soci\u00e9t\u00e9s d\u00e9mocratiques o\u00f9 les majorit\u00e9s n&rsquo;abusent pas de leurs droits, de soci\u00e9t\u00e9s au sein desquelles le principe de la coop\u00e9ration loyale et constructive entre les institutions d\u00e9mocratiques fonctionne de mani\u00e8re irr\u00e9prochable \u00bb. C&rsquo;est ce qu&rsquo;a d\u00e9clar\u00e9 mercredi le pr\u00e9sident roumain Klaus Iohannis au pl\u00e9num de l&rsquo;Assembl\u00e9e parlementaire du [&hellip;]<\/p>\n","protected":false},"author":113,"featured_media":391122,"comment_status":"closed","ping_status":"closed","sticky":false,"template":"","format":"standard","meta":{"_acf_changed":false,"footnotes":""},"categories":[89002],"tags":[91226,91220,87061,88476,89778,91225,90354,91219,29871,28945,31954,69227,86982,32656],"coauthors":[],"class_list":["post-391925","post","type-post","status-publish","format-standard","has-post-thumbnail","hentry","category-le-flash","tag-avis","tag-budget-2017","tag-commission-europeenne","tag-conseil-de-leurope","tag-conseil-superieur-de-la-magistrature","tag-decrets-durgence","tag-discours","tag-grace-collective","tag-justice","tag-klaus-iohannis","tag-mcv","tag-progres","tag-rapport","tag-strasbourg"],"acf":[],"yoast_head":"<!-- This site is optimized with the Yoast SEO plugin v27.5 - https:\/\/yoast.com\/product\/yoast-seo-wordpress\/ -->\n<title>25.01.2017 (mise \u00e0 jour) - Radio Roumanie Internationale<\/title>\n<meta name=\"robots\" content=\"index, follow, max-snippet:-1, max-image-preview:large, max-video-preview:-1\" \/>\n<link rel=\"canonical\" href=\"https:\/\/www.rri.ro\/fr\/actualites\/le-flash\/25-01-2017-mise-a-jour-id391925.html\" \/>\n<meta property=\"og:locale\" content=\"fr_FR\" \/>\n<meta property=\"og:type\" content=\"article\" \/>\n<meta property=\"og:title\" content=\"25.01.2017 (mise \u00e0 jour) - Radio Roumanie Internationale\" \/>\n<meta property=\"og:description\" content=\"Diplomatie &#8211; \u00ab Nous avons besoin de soci\u00e9t\u00e9s d\u00e9mocratiques o\u00f9 les majorit\u00e9s n&rsquo;abusent pas de leurs droits, de soci\u00e9t\u00e9s au sein desquelles le principe de la coop\u00e9ration loyale et constructive entre les institutions d\u00e9mocratiques fonctionne de mani\u00e8re irr\u00e9prochable \u00bb. C&rsquo;est ce qu&rsquo;a d\u00e9clar\u00e9 mercredi le pr\u00e9sident roumain Klaus Iohannis au pl\u00e9num de l&rsquo;Assembl\u00e9e parlementaire du [&hellip;]\" \/>\n<meta property=\"og:url\" content=\"https:\/\/www.rri.ro\/fr\/actualites\/le-flash\/25-01-2017-mise-a-jour-id391925.html\" \/>\n<meta property=\"og:site_name\" content=\"Radio Roumanie Internationale\" \/>\n<meta property=\"article:published_time\" content=\"2017-01-25T17:12:00+00:00\" \/>\n<meta property=\"og:image\" content=\"https:\/\/www.rri.ro\/wp-content\/uploads\/2023\/10\/stiri-franceza-ok2.png\" \/>\n\t<meta property=\"og:image:width\" content=\"420\" \/>\n\t<meta property=\"og:image:height\" content=\"280\" \/>\n\t<meta property=\"og:image:type\" content=\"image\/png\" \/>\n<meta name=\"author\" content=\"Newsroom\" \/>\n<meta name=\"twitter:card\" content=\"summary_large_image\" \/>\n<meta name=\"twitter:label1\" content=\"\u00c9crit par\" \/>\n\t<meta name=\"twitter:data1\" content=\"Newsroom\" \/>\n\t<meta name=\"twitter:label2\" content=\"Dur\u00e9e de lecture estim\u00e9e\" \/>\n\t<meta name=\"twitter:data2\" content=\"4 minutes\" \/>\n\t<meta name=\"twitter:label3\" content=\"Written by\" \/>\n\t<meta name=\"twitter:data3\" content=\"Newsroom\" \/>\n<script type=\"application\/ld+json\" class=\"yoast-schema-graph\">{\"@context\":\"https:\\\/\\\/schema.org\",\"@graph\":[{\"@type\":\"Article\",\"@id\":\"https:\\\/\\\/www.rri.ro\\\/fr\\\/actualites\\\/le-flash\\\/25-01-2017-mise-a-jour-id391925.html#article\",\"isPartOf\":{\"@id\":\"https:\\\/\\\/www.rri.ro\\\/fr\\\/actualites\\\/le-flash\\\/25-01-2017-mise-a-jour-id391925.html\"},\"author\":{\"name\":\"Newsroom\",\"@id\":\"https:\\\/\\\/www.rri.ro\\\/#\\\/schema\\\/person\\\/4a479940371b9fdefd194f561e8a7f88\"},\"headline\":\"25.01.2017 (mise \u00e0 jour)\",\"datePublished\":\"2017-01-25T17:12:00+00:00\",\"mainEntityOfPage\":{\"@id\":\"https:\\\/\\\/www.rri.ro\\\/fr\\\/actualites\\\/le-flash\\\/25-01-2017-mise-a-jour-id391925.html\"},\"wordCount\":836,\"image\":{\"@id\":\"https:\\\/\\\/www.rri.ro\\\/fr\\\/actualites\\\/le-flash\\\/25-01-2017-mise-a-jour-id391925.html#primaryimage\"},\"thumbnailUrl\":\"https:\\\/\\\/www.rri.ro\\\/wp-content\\\/uploads\\\/2023\\\/10\\\/stiri-franceza-ok2.png\",\"keywords\":[\"avis\",\"budget 2017\",\"Commission europ\u00e9enne\",\"Conseil de l'Europe\",\"Conseil sup\u00e9rieur de la magistrature\",\"d\u00e9crets d'urgence\",\"discours\",\"gr\u00e2ce collective\",\"justice\",\"Klaus Iohannis\",\"MCV\",\"progres\",\"rapport\",\"Strasbourg\"],\"articleSection\":[\"Le flash\"],\"inLanguage\":\"fr-FR\"},{\"@type\":\"WebPage\",\"@id\":\"https:\\\/\\\/www.rri.ro\\\/fr\\\/actualites\\\/le-flash\\\/25-01-2017-mise-a-jour-id391925.html\",\"url\":\"https:\\\/\\\/www.rri.ro\\\/fr\\\/actualites\\\/le-flash\\\/25-01-2017-mise-a-jour-id391925.html\",\"name\":\"25.01.2017 (mise \u00e0 jour) - Radio Roumanie Internationale\",\"isPartOf\":{\"@id\":\"https:\\\/\\\/www.rri.ro\\\/#website\"},\"primaryImageOfPage\":{\"@id\":\"https:\\\/\\\/www.rri.ro\\\/fr\\\/actualites\\\/le-flash\\\/25-01-2017-mise-a-jour-id391925.html#primaryimage\"},\"image\":{\"@id\":\"https:\\\/\\\/www.rri.ro\\\/fr\\\/actualites\\\/le-flash\\\/25-01-2017-mise-a-jour-id391925.html#primaryimage\"},\"thumbnailUrl\":\"https:\\\/\\\/www.rri.ro\\\/wp-content\\\/uploads\\\/2023\\\/10\\\/stiri-franceza-ok2.png\",\"datePublished\":\"2017-01-25T17:12:00+00:00\",\"author\":{\"@id\":\"https:\\\/\\\/www.rri.ro\\\/#\\\/schema\\\/person\\\/4a479940371b9fdefd194f561e8a7f88\"},\"breadcrumb\":{\"@id\":\"https:\\\/\\\/www.rri.ro\\\/fr\\\/actualites\\\/le-flash\\\/25-01-2017-mise-a-jour-id391925.html#breadcrumb\"},\"inLanguage\":\"fr-FR\",\"potentialAction\":[{\"@type\":\"ReadAction\",\"target\":[\"https:\\\/\\\/www.rri.ro\\\/fr\\\/actualites\\\/le-flash\\\/25-01-2017-mise-a-jour-id391925.html\"]}]},{\"@type\":\"ImageObject\",\"inLanguage\":\"fr-FR\",\"@id\":\"https:\\\/\\\/www.rri.ro\\\/fr\\\/actualites\\\/le-flash\\\/25-01-2017-mise-a-jour-id391925.html#primaryimage\",\"url\":\"https:\\\/\\\/www.rri.ro\\\/wp-content\\\/uploads\\\/2023\\\/10\\\/stiri-franceza-ok2.png\",\"contentUrl\":\"https:\\\/\\\/www.rri.ro\\\/wp-content\\\/uploads\\\/2023\\\/10\\\/stiri-franceza-ok2.png\",\"width\":420,\"height\":280},{\"@type\":\"BreadcrumbList\",\"@id\":\"https:\\\/\\\/www.rri.ro\\\/fr\\\/actualites\\\/le-flash\\\/25-01-2017-mise-a-jour-id391925.html#breadcrumb\",\"itemListElement\":[{\"@type\":\"ListItem\",\"position\":1,\"name\":\"Page d'accueil\",\"item\":\"https:\\\/\\\/www.rri.ro\\\/fr\"},{\"@type\":\"ListItem\",\"position\":2,\"name\":\"Actualit\u00e9s\",\"item\":\"https:\\\/\\\/www.rri.ro\\\/fr\\\/actualites\"},{\"@type\":\"ListItem\",\"position\":3,\"name\":\"Le flash\",\"item\":\"https:\\\/\\\/www.rri.ro\\\/fr\\\/actualites\\\/le-flash\"},{\"@type\":\"ListItem\",\"position\":4,\"name\":\"25.01.2017 (mise \u00e0 jour)\"}]},{\"@type\":\"WebSite\",\"@id\":\"https:\\\/\\\/www.rri.ro\\\/#website\",\"url\":\"https:\\\/\\\/www.rri.ro\\\/\",\"name\":\"Radio Roumanie Internationale\",\"description\":\"Totul despre Rom\u00e2nia \u015fi rom\u00e2ni, \u00een 13 limbi\\\/dialecte!\",\"inLanguage\":\"fr-FR\"},{\"@type\":\"Person\",\"@id\":\"https:\\\/\\\/www.rri.ro\\\/#\\\/schema\\\/person\\\/4a479940371b9fdefd194f561e8a7f88\",\"name\":\"Newsroom\",\"url\":\"https:\\\/\\\/www.rri.ro\\\/fr\\\/author\\\/newsroom\"}]}<\/script>\n<!-- \/ Yoast SEO plugin. -->","yoast_head_json":{"title":"25.01.2017 (mise \u00e0 jour) - Radio Roumanie Internationale","robots":{"index":"index","follow":"follow","max-snippet":"max-snippet:-1","max-image-preview":"max-image-preview:large","max-video-preview":"max-video-preview:-1"},"canonical":"https:\/\/www.rri.ro\/fr\/actualites\/le-flash\/25-01-2017-mise-a-jour-id391925.html","og_locale":"fr_FR","og_type":"article","og_title":"25.01.2017 (mise \u00e0 jour) - Radio Roumanie Internationale","og_description":"Diplomatie &#8211; \u00ab Nous avons besoin de soci\u00e9t\u00e9s d\u00e9mocratiques o\u00f9 les majorit\u00e9s n&rsquo;abusent pas de leurs droits, de soci\u00e9t\u00e9s au sein desquelles le principe de la coop\u00e9ration loyale et constructive entre les institutions d\u00e9mocratiques fonctionne de mani\u00e8re irr\u00e9prochable \u00bb. C&rsquo;est ce qu&rsquo;a d\u00e9clar\u00e9 mercredi le pr\u00e9sident roumain Klaus Iohannis au pl\u00e9num de l&rsquo;Assembl\u00e9e parlementaire du [&hellip;]","og_url":"https:\/\/www.rri.ro\/fr\/actualites\/le-flash\/25-01-2017-mise-a-jour-id391925.html","og_site_name":"Radio Roumanie Internationale","article_published_time":"2017-01-25T17:12:00+00:00","og_image":[{"width":420,"height":280,"url":"https:\/\/www.rri.ro\/wp-content\/uploads\/2023\/10\/stiri-franceza-ok2.png","type":"image\/png"}],"author":"Newsroom","twitter_card":"summary_large_image","twitter_misc":{"\u00c9crit par":"Newsroom","Dur\u00e9e de lecture estim\u00e9e":"4 minutes","Written by":"Newsroom"},"schema":{"@context":"https:\/\/schema.org","@graph":[{"@type":"Article","@id":"https:\/\/www.rri.ro\/fr\/actualites\/le-flash\/25-01-2017-mise-a-jour-id391925.html#article","isPartOf":{"@id":"https:\/\/www.rri.ro\/fr\/actualites\/le-flash\/25-01-2017-mise-a-jour-id391925.html"},"author":{"name":"Newsroom","@id":"https:\/\/www.rri.ro\/#\/schema\/person\/4a479940371b9fdefd194f561e8a7f88"},"headline":"25.01.2017 (mise \u00e0 jour)","datePublished":"2017-01-25T17:12:00+00:00","mainEntityOfPage":{"@id":"https:\/\/www.rri.ro\/fr\/actualites\/le-flash\/25-01-2017-mise-a-jour-id391925.html"},"wordCount":836,"image":{"@id":"https:\/\/www.rri.ro\/fr\/actualites\/le-flash\/25-01-2017-mise-a-jour-id391925.html#primaryimage"},"thumbnailUrl":"https:\/\/www.rri.ro\/wp-content\/uploads\/2023\/10\/stiri-franceza-ok2.png","keywords":["avis","budget 2017","Commission europ\u00e9enne","Conseil de l'Europe","Conseil sup\u00e9rieur de la magistrature","d\u00e9crets d'urgence","discours","gr\u00e2ce collective","justice","Klaus Iohannis","MCV","progres","rapport","Strasbourg"],"articleSection":["Le flash"],"inLanguage":"fr-FR"},{"@type":"WebPage","@id":"https:\/\/www.rri.ro\/fr\/actualites\/le-flash\/25-01-2017-mise-a-jour-id391925.html","url":"https:\/\/www.rri.ro\/fr\/actualites\/le-flash\/25-01-2017-mise-a-jour-id391925.html","name":"25.01.2017 (mise \u00e0 jour) - Radio Roumanie Internationale","isPartOf":{"@id":"https:\/\/www.rri.ro\/#website"},"primaryImageOfPage":{"@id":"https:\/\/www.rri.ro\/fr\/actualites\/le-flash\/25-01-2017-mise-a-jour-id391925.html#primaryimage"},"image":{"@id":"https:\/\/www.rri.ro\/fr\/actualites\/le-flash\/25-01-2017-mise-a-jour-id391925.html#primaryimage"},"thumbnailUrl":"https:\/\/www.rri.ro\/wp-content\/uploads\/2023\/10\/stiri-franceza-ok2.png","datePublished":"2017-01-25T17:12:00+00:00","author":{"@id":"https:\/\/www.rri.ro\/#\/schema\/person\/4a479940371b9fdefd194f561e8a7f88"},"breadcrumb":{"@id":"https:\/\/www.rri.ro\/fr\/actualites\/le-flash\/25-01-2017-mise-a-jour-id391925.html#breadcrumb"},"inLanguage":"fr-FR","potentialAction":[{"@type":"ReadAction","target":["https:\/\/www.rri.ro\/fr\/actualites\/le-flash\/25-01-2017-mise-a-jour-id391925.html"]}]},{"@type":"ImageObject","inLanguage":"fr-FR","@id":"https:\/\/www.rri.ro\/fr\/actualites\/le-flash\/25-01-2017-mise-a-jour-id391925.html#primaryimage","url":"https:\/\/www.rri.ro\/wp-content\/uploads\/2023\/10\/stiri-franceza-ok2.png","contentUrl":"https:\/\/www.rri.ro\/wp-content\/uploads\/2023\/10\/stiri-franceza-ok2.png","width":420,"height":280},{"@type":"BreadcrumbList","@id":"https:\/\/www.rri.ro\/fr\/actualites\/le-flash\/25-01-2017-mise-a-jour-id391925.html#breadcrumb","itemListElement":[{"@type":"ListItem","position":1,"name":"Page d'accueil","item":"https:\/\/www.rri.ro\/fr"},{"@type":"ListItem","position":2,"name":"Actualit\u00e9s","item":"https:\/\/www.rri.ro\/fr\/actualites"},{"@type":"ListItem","position":3,"name":"Le flash","item":"https:\/\/www.rri.ro\/fr\/actualites\/le-flash"},{"@type":"ListItem","position":4,"name":"25.01.2017 (mise \u00e0 jour)"}]},{"@type":"WebSite","@id":"https:\/\/www.rri.ro\/#website","url":"https:\/\/www.rri.ro\/","name":"Radio Roumanie Internationale","description":"Totul despre Rom\u00e2nia \u015fi rom\u00e2ni, \u00een 13 limbi\/dialecte!","inLanguage":"fr-FR"},{"@type":"Person","@id":"https:\/\/www.rri.ro\/#\/schema\/person\/4a479940371b9fdefd194f561e8a7f88","name":"Newsroom","url":"https:\/\/www.rri.ro\/fr\/author\/newsroom"}]}},"_links":{"self":[{"href":"https:\/\/www.rri.ro\/fr\/wp-json\/wp\/v2\/posts\/391925","targetHints":{"allow":["GET"]}}],"collection":[{"href":"https:\/\/www.rri.ro\/fr\/wp-json\/wp\/v2\/posts"}],"about":[{"href":"https:\/\/www.rri.ro\/fr\/wp-json\/wp\/v2\/types\/post"}],"author":[{"embeddable":true,"href":"https:\/\/www.rri.ro\/fr\/wp-json\/wp\/v2\/users\/113"}],"replies":[{"embeddable":true,"href":"https:\/\/www.rri.ro\/fr\/wp-json\/wp\/v2\/comments?post=391925"}],"version-history":[{"count":0,"href":"https:\/\/www.rri.ro\/fr\/wp-json\/wp\/v2\/posts\/391925\/revisions"}],"wp:featuredmedia":[{"embeddable":true,"href":"https:\/\/www.rri.ro\/fr\/wp-json\/wp\/v2\/media\/391122"}],"wp:attachment":[{"href":"https:\/\/www.rri.ro\/fr\/wp-json\/wp\/v2\/media?parent=391925"}],"wp:term":[{"taxonomy":"category","embeddable":true,"href":"https:\/\/www.rri.ro\/fr\/wp-json\/wp\/v2\/categories?post=391925"},{"taxonomy":"post_tag","embeddable":true,"href":"https:\/\/www.rri.ro\/fr\/wp-json\/wp\/v2\/tags?post=391925"},{"taxonomy":"author","embeddable":true,"href":"https:\/\/www.rri.ro\/fr\/wp-json\/wp\/v2\/coauthors?post=391925"}],"curies":[{"name":"wp","href":"https:\/\/api.w.org\/{rel}","templated":true}]}}