{"id":392536,"date":"2017-11-20T13:33:00","date_gmt":"2017-11-20T11:33:00","guid":{"rendered":"http:\/\/devrri.freshlemon.ro\/le-roumain-mot-a-mot\/consulter-les-lecons\/20-11-2017-id392536.html"},"modified":"2017-11-20T13:33:00","modified_gmt":"2017-11-20T11:33:00","slug":"20-11-2017","status":"publish","type":"post","link":"https:\/\/www.rri.ro\/fr\/actualites\/le-flash\/20-11-2017-id392536.html","title":{"rendered":"20.11.2017"},"content":{"rendered":"<p><strong class=cms-bold>Fiscalit\u00e9 <\/strong>&#8211; Les effets sur le milieu des affaires des mesures fiscales r\u00e9cemment adopt\u00e9es par le gouvernement se retrouvent ce lundi \u00e0 l&rsquo;agenda de la Commission charg\u00e9e du budget et de la commission \u00e9conomique du Parlement de Bucarest. Y participent \u00e9galement les repr\u00e9sentants des patronats, des investisseurs \u00e9trangers et autochtones, de l&rsquo;Association des Villes ainsi que de la Chambre de commerce et d&rsquo;industrie de la Roumanie. Rappelons-le, l&rsquo;Ex\u00e9cutif de Bucarest a r\u00e9cemment adopt\u00e9 plusieurs modifications du Code fiscal, dont la plus controvers\u00e9es porte sur le transfert des contributions sociales depuis l&#8217;employeur \u00e0 l&#8217;employ\u00e9 \u00e0 compter du 1er janvier 2018. Dans la perspective de ce transfert, les patrons sont oblig\u00e9s par d\u00e9cret d&rsquo;urgence de d\u00e9marrer la ren\u00e9gociation des contrats de travail, quel que soit le nombre de leurs employ\u00e9s. Pour sa part, le gouvernement affirme que cette d\u00e9marche est n\u00e9cessaire, car, jusqu&rsquo;ici, seules les soci\u00e9t\u00e9s comptant plus de 21 salari\u00e9s devaient organiser des n\u00e9gociations collectives. La ren\u00e9gociation des contrats de travail doit s&rsquo;achever avant le 20 d\u00e9cembre.  <\/p>\n<p><strong class=cms-bold>Patriot <\/strong>&#8211; Le pl\u00e9num du S\u00e9nat de Bucarest se r\u00e9unit aujourd&rsquo;hui pour approuver le rachat de syst\u00e8mes de missiles Patriot, dans le cadre du programme de dotation de l&rsquo;arm\u00e9e roumaine. Le projet de loi a d\u00e9j\u00e0 \u00e9t\u00e9 approuv\u00e9 par la Commission parlementaire de D\u00e9fense. Mardi ce sera \u00e0 la Chambre des D\u00e9put\u00e9s d&rsquo;en d\u00e9battre et de donner le verdict final. La Roumanie souhaite se doter de 7 syst\u00e8mes de missiles sol-air Patriot d&rsquo;une valeur totale de 4 milliards de dollars. L&rsquo;acquisition du premier syst\u00e8me a d\u00e9j\u00e0 \u00e9t\u00e9 avalis\u00e9e par l&rsquo;administration am\u00e9ricaine, sa valeur est de 750 millions de dollar, \u00e0 contracter avant la fin de l&rsquo;ann\u00e9e en cours. A pr\u00e9sent les forces de l&rsquo;arm\u00e9e roumaine sont \u00e9quip\u00e9es de syst\u00e8mes sol-air d&rsquo;origine sovi\u00e9tique, d\u00e9pass\u00e9s d&rsquo;un point de vue op\u00e9rationnel et technologique.  <\/p>\n<p><\/p>\n<p><strong class=cms-bold>Enfants <\/strong>&#8211; L&rsquo;ann\u00e9e derni\u00e8re, pr\u00e8s de la moiti\u00e9 (49,2%) des enfants de Roumanie \u00e9taient expos\u00e9s au risque de la pauvret\u00e9 et de l&rsquo;exclusion sociale, soit le plus haut pourcentage parmi les Etats membres de l&rsquo;UE, et un chiffre presque double par rapport \u00e0 la moyenne europ\u00e9enne de 26,4%. C&rsquo;est ce que constate une r\u00e9cente \u00e9tude d&rsquo;Eurostat. Au p\u00f4le oppos\u00e9, les pays de l&rsquo;UE o\u00f9 les enfants sont le moins expos\u00e9s \u00e0 ces risques sont le Danemark (13%), la Finlande (14%) et la Slov\u00e9nie (15%). Selon les donn\u00e9es d&rsquo;Eurostat, en 2016, pr\u00e8s de 25 millions d&rsquo;enfants de l&rsquo;Union, \u00e2g\u00e9s de 0 \u00e0 17 ans, couraient le risque de la pauvret\u00e9 et de l&rsquo;exclusion sociale. Toutefois, dans la p\u00e9riode 2010 -2016, ce risque a baiss\u00e9 de 27,5 \u00e0 26,4%. <\/p>\n<p><strong class=cms-bold>Chisinau <\/strong>&#8211; Plus de 87% des \u00e9lecteurs qui ont particip\u00e9 dimanche au r\u00e9f\u00e9rendum organis\u00e9 \u00e0 Chisinau, en R\u00e9publique de Molodova, se sont dits favorables \u00e0 la r\u00e9vocation de sa fonction du maire de la capitale moldave, le lib\u00e9ral pro-occidental Dorin Chirtoaca. 13% ont vot\u00e9 contre. Le r\u00e9sultat du scrutin n&rsquo;a pourtant pas \u00e9t\u00e9 valid\u00e9 en raison de la pr\u00e9sence tr\u00e8s faible aux urnes, \u00e0 savoir de 17,54%. Pour que le r\u00e9sultat soit valable, il fallait avoir une pr\u00e9sence aux urnes d&rsquo;au moins un tiers des \u00e9lecteurs. Ce r\u00e9f\u00e9rendum est une premi\u00e8re pour la R\u00e9publique de Moldova ; il a \u00e9t\u00e9 initi\u00e9 par le Parti des Socialistes, du pr\u00e9sident pro-russe Igor Dodon, \u00e9tant soutenu par 2 autres formations politiques de gauche. <\/p>\n<p><\/p>\n<p><strong class=cms-bold>Agences<\/strong> &#8211; Les ministres des Affaires europ\u00e9ennes de l&rsquo;UE se r\u00e9unissent aujourd&rsquo;hui \u00e0 Bruxelles pour d\u00e9cider du futur si\u00e8ge de l&rsquo;Agence Europ\u00e9enne des M\u00e9dicaments et de l&rsquo;Autorit\u00e9 Bancaire Europ\u00e9enne. Sises actuellement \u00e0 Londres, les deux institutions devront changer de si\u00e8ge apr\u00e8s le Brexit. 19 villes europ\u00e9ennes, dont Bucarest, ont d\u00e9pos\u00e9 leur candidature pour accueillir l&rsquo;Agence Europ\u00e9enne des M\u00e9dicaments. Celle-ci compte 900 employ\u00e9s et surveille la s\u00e9curit\u00e9 des m\u00e9dicaments vendus sur un march\u00e9 de plus de 500 millions de consommateurs. 8 autres villes souhaitent accueillir l&rsquo;Autorit\u00e9 Bancaire Europ\u00e9enne. Selon la presse, les villes favorites pour le si\u00e8ge de l&rsquo;Agence Europ\u00e9enne des M\u00e9dicaments sont Amsterdam, Copenhague, Barcelone, Milan ou Vienne, alors que la ville de Bonn serait favorite pour l&rsquo;Autorit\u00e9 Bancaire europ\u00e9enne.   <\/p>\n<p><\/p>\n<p><strong class=cms-bold>M\u00e9t\u00e9o <\/strong>&#8211; En Roumanie, les temp\u00e9ratures tournent aujourd&rsquo;hui autour de la normale saisonni\u00e8re. Toutefois, le ciel est plut\u00f4t couvert sur l&rsquo;ensemble du territoire et il pleut par endroits sur l&rsquo;ouest, le centre et le sud-est. Les temp\u00e9ratures maximales de ce lundi iront de 20 \u00e0 10 degr\u00e9s. 6 degr\u00e9s et un ciel couvert \u00e0 midi \u00e0 Bucarest.<\/p>\n","protected":false},"excerpt":{"rendered":"<p>Fiscalit\u00e9 &#8211; Les effets sur le milieu des affaires des mesures fiscales r\u00e9cemment adopt\u00e9es par le gouvernement se retrouvent ce lundi \u00e0 l&rsquo;agenda de la Commission charg\u00e9e du budget et de la commission \u00e9conomique du Parlement de Bucarest. Y participent \u00e9galement les repr\u00e9sentants des patronats, des investisseurs \u00e9trangers et autochtones, de l&rsquo;Association des Villes ainsi [&hellip;]<\/p>\n","protected":false},"author":113,"featured_media":391122,"comment_status":"closed","ping_status":"closed","sticky":false,"template":"","format":"standard","meta":{"_acf_changed":false,"footnotes":""},"categories":[89002],"tags":[91523,91525,89221,85572,157987,91404,150040,147309,85620],"coauthors":[],"class_list":["post-392536","post","type-post","status-publish","format-standard","has-post-thumbnail","hentry","category-le-flash","tag-agence-europeenne-des-medicaments","tag-autorite-bancaire-europeenne","tag-code-fiscal","tag-enfants","tag-eurostat-fr","tag-mesures-fiscales","tag-missiles-fr","tag-patriot-fr","tag-pauvrete"],"acf":[],"yoast_head":"<!-- This site is optimized with the Yoast SEO plugin v27.3 - https:\/\/yoast.com\/product\/yoast-seo-wordpress\/ -->\n<title>20.11.2017 - Radio Roumanie Internationale<\/title>\n<meta name=\"robots\" content=\"index, follow, max-snippet:-1, max-image-preview:large, max-video-preview:-1\" \/>\n<link rel=\"canonical\" href=\"https:\/\/www.rri.ro\/fr\/actualites\/le-flash\/20-11-2017-id392536.html\" \/>\n<meta property=\"og:locale\" content=\"fr_FR\" \/>\n<meta property=\"og:type\" content=\"article\" \/>\n<meta property=\"og:title\" content=\"20.11.2017 - Radio Roumanie Internationale\" \/>\n<meta property=\"og:description\" content=\"Fiscalit\u00e9 &#8211; Les effets sur le milieu des affaires des mesures fiscales r\u00e9cemment adopt\u00e9es par le gouvernement se retrouvent ce lundi \u00e0 l&rsquo;agenda de la Commission charg\u00e9e du budget et de la commission \u00e9conomique du Parlement de Bucarest. Y participent \u00e9galement les repr\u00e9sentants des patronats, des investisseurs \u00e9trangers et autochtones, de l&rsquo;Association des Villes ainsi [&hellip;]\" \/>\n<meta property=\"og:url\" content=\"https:\/\/www.rri.ro\/fr\/actualites\/le-flash\/20-11-2017-id392536.html\" \/>\n<meta property=\"og:site_name\" content=\"Radio Roumanie Internationale\" \/>\n<meta property=\"article:published_time\" content=\"2017-11-20T11:33:00+00:00\" \/>\n<meta property=\"og:image\" content=\"https:\/\/www.rri.ro\/wp-content\/uploads\/2023\/10\/stiri-franceza-ok2.png\" \/>\n\t<meta property=\"og:image:width\" content=\"420\" \/>\n\t<meta property=\"og:image:height\" content=\"280\" \/>\n\t<meta property=\"og:image:type\" content=\"image\/png\" \/>\n<meta name=\"author\" content=\"Newsroom\" \/>\n<meta name=\"twitter:card\" content=\"summary_large_image\" \/>\n<meta name=\"twitter:label1\" content=\"\u00c9crit par\" \/>\n\t<meta name=\"twitter:data1\" content=\"Newsroom\" \/>\n\t<meta name=\"twitter:label2\" content=\"Dur\u00e9e de lecture estim\u00e9e\" \/>\n\t<meta name=\"twitter:data2\" content=\"4 minutes\" \/>\n\t<meta name=\"twitter:label3\" content=\"Written by\" \/>\n\t<meta name=\"twitter:data3\" content=\"Newsroom\" \/>\n<script type=\"application\/ld+json\" class=\"yoast-schema-graph\">{\"@context\":\"https:\\\/\\\/schema.org\",\"@graph\":[{\"@type\":\"Article\",\"@id\":\"https:\\\/\\\/www.rri.ro\\\/fr\\\/actualites\\\/le-flash\\\/20-11-2017-id392536.html#article\",\"isPartOf\":{\"@id\":\"https:\\\/\\\/www.rri.ro\\\/fr\\\/actualites\\\/le-flash\\\/20-11-2017-id392536.html\"},\"author\":{\"name\":\"Newsroom\",\"@id\":\"https:\\\/\\\/www.rri.ro\\\/#\\\/schema\\\/person\\\/4a479940371b9fdefd194f561e8a7f88\"},\"headline\":\"20.11.2017\",\"datePublished\":\"2017-11-20T11:33:00+00:00\",\"mainEntityOfPage\":{\"@id\":\"https:\\\/\\\/www.rri.ro\\\/fr\\\/actualites\\\/le-flash\\\/20-11-2017-id392536.html\"},\"wordCount\":816,\"image\":{\"@id\":\"https:\\\/\\\/www.rri.ro\\\/fr\\\/actualites\\\/le-flash\\\/20-11-2017-id392536.html#primaryimage\"},\"thumbnailUrl\":\"https:\\\/\\\/www.rri.ro\\\/wp-content\\\/uploads\\\/2023\\\/10\\\/stiri-franceza-ok2.png\",\"keywords\":[\"Agence europ\u00e9enne des m\u00e9dicaments\",\"Autorit\u00e9 Bancaire Europ\u00e9enne\",\"code fiscal\",\"enfants\",\"Eurostat\",\"mesures fiscales\",\"missiles\",\"Patriot\",\"pauvret\u00e9\"],\"articleSection\":[\"Le flash\"],\"inLanguage\":\"fr-FR\"},{\"@type\":\"WebPage\",\"@id\":\"https:\\\/\\\/www.rri.ro\\\/fr\\\/actualites\\\/le-flash\\\/20-11-2017-id392536.html\",\"url\":\"https:\\\/\\\/www.rri.ro\\\/fr\\\/actualites\\\/le-flash\\\/20-11-2017-id392536.html\",\"name\":\"20.11.2017 - Radio Roumanie Internationale\",\"isPartOf\":{\"@id\":\"https:\\\/\\\/www.rri.ro\\\/#website\"},\"primaryImageOfPage\":{\"@id\":\"https:\\\/\\\/www.rri.ro\\\/fr\\\/actualites\\\/le-flash\\\/20-11-2017-id392536.html#primaryimage\"},\"image\":{\"@id\":\"https:\\\/\\\/www.rri.ro\\\/fr\\\/actualites\\\/le-flash\\\/20-11-2017-id392536.html#primaryimage\"},\"thumbnailUrl\":\"https:\\\/\\\/www.rri.ro\\\/wp-content\\\/uploads\\\/2023\\\/10\\\/stiri-franceza-ok2.png\",\"datePublished\":\"2017-11-20T11:33:00+00:00\",\"author\":{\"@id\":\"https:\\\/\\\/www.rri.ro\\\/#\\\/schema\\\/person\\\/4a479940371b9fdefd194f561e8a7f88\"},\"breadcrumb\":{\"@id\":\"https:\\\/\\\/www.rri.ro\\\/fr\\\/actualites\\\/le-flash\\\/20-11-2017-id392536.html#breadcrumb\"},\"inLanguage\":\"fr-FR\",\"potentialAction\":[{\"@type\":\"ReadAction\",\"target\":[\"https:\\\/\\\/www.rri.ro\\\/fr\\\/actualites\\\/le-flash\\\/20-11-2017-id392536.html\"]}]},{\"@type\":\"ImageObject\",\"inLanguage\":\"fr-FR\",\"@id\":\"https:\\\/\\\/www.rri.ro\\\/fr\\\/actualites\\\/le-flash\\\/20-11-2017-id392536.html#primaryimage\",\"url\":\"https:\\\/\\\/www.rri.ro\\\/wp-content\\\/uploads\\\/2023\\\/10\\\/stiri-franceza-ok2.png\",\"contentUrl\":\"https:\\\/\\\/www.rri.ro\\\/wp-content\\\/uploads\\\/2023\\\/10\\\/stiri-franceza-ok2.png\",\"width\":420,\"height\":280},{\"@type\":\"BreadcrumbList\",\"@id\":\"https:\\\/\\\/www.rri.ro\\\/fr\\\/actualites\\\/le-flash\\\/20-11-2017-id392536.html#breadcrumb\",\"itemListElement\":[{\"@type\":\"ListItem\",\"position\":1,\"name\":\"Page d'accueil\",\"item\":\"https:\\\/\\\/www.rri.ro\\\/fr\"},{\"@type\":\"ListItem\",\"position\":2,\"name\":\"Actualit\u00e9s\",\"item\":\"https:\\\/\\\/www.rri.ro\\\/fr\\\/actualites\"},{\"@type\":\"ListItem\",\"position\":3,\"name\":\"Le flash\",\"item\":\"https:\\\/\\\/www.rri.ro\\\/fr\\\/actualites\\\/le-flash\"},{\"@type\":\"ListItem\",\"position\":4,\"name\":\"20.11.2017\"}]},{\"@type\":\"WebSite\",\"@id\":\"https:\\\/\\\/www.rri.ro\\\/#website\",\"url\":\"https:\\\/\\\/www.rri.ro\\\/\",\"name\":\"Radio Roumanie Internationale\",\"description\":\"Totul despre Rom\u00e2nia \u015fi rom\u00e2ni, \u00een 13 limbi\\\/dialecte!\",\"inLanguage\":\"fr-FR\"},{\"@type\":\"Person\",\"@id\":\"https:\\\/\\\/www.rri.ro\\\/#\\\/schema\\\/person\\\/4a479940371b9fdefd194f561e8a7f88\",\"name\":\"Newsroom\",\"url\":\"https:\\\/\\\/www.rri.ro\\\/fr\\\/author\\\/newsroom\"}]}<\/script>\n<!-- \/ Yoast SEO plugin. -->","yoast_head_json":{"title":"20.11.2017 - Radio Roumanie Internationale","robots":{"index":"index","follow":"follow","max-snippet":"max-snippet:-1","max-image-preview":"max-image-preview:large","max-video-preview":"max-video-preview:-1"},"canonical":"https:\/\/www.rri.ro\/fr\/actualites\/le-flash\/20-11-2017-id392536.html","og_locale":"fr_FR","og_type":"article","og_title":"20.11.2017 - Radio Roumanie Internationale","og_description":"Fiscalit\u00e9 &#8211; Les effets sur le milieu des affaires des mesures fiscales r\u00e9cemment adopt\u00e9es par le gouvernement se retrouvent ce lundi \u00e0 l&rsquo;agenda de la Commission charg\u00e9e du budget et de la commission \u00e9conomique du Parlement de Bucarest. Y participent \u00e9galement les repr\u00e9sentants des patronats, des investisseurs \u00e9trangers et autochtones, de l&rsquo;Association des Villes ainsi [&hellip;]","og_url":"https:\/\/www.rri.ro\/fr\/actualites\/le-flash\/20-11-2017-id392536.html","og_site_name":"Radio Roumanie Internationale","article_published_time":"2017-11-20T11:33:00+00:00","og_image":[{"width":420,"height":280,"url":"https:\/\/www.rri.ro\/wp-content\/uploads\/2023\/10\/stiri-franceza-ok2.png","type":"image\/png"}],"author":"Newsroom","twitter_card":"summary_large_image","twitter_misc":{"\u00c9crit par":"Newsroom","Dur\u00e9e de lecture estim\u00e9e":"4 minutes","Written by":"Newsroom"},"schema":{"@context":"https:\/\/schema.org","@graph":[{"@type":"Article","@id":"https:\/\/www.rri.ro\/fr\/actualites\/le-flash\/20-11-2017-id392536.html#article","isPartOf":{"@id":"https:\/\/www.rri.ro\/fr\/actualites\/le-flash\/20-11-2017-id392536.html"},"author":{"name":"Newsroom","@id":"https:\/\/www.rri.ro\/#\/schema\/person\/4a479940371b9fdefd194f561e8a7f88"},"headline":"20.11.2017","datePublished":"2017-11-20T11:33:00+00:00","mainEntityOfPage":{"@id":"https:\/\/www.rri.ro\/fr\/actualites\/le-flash\/20-11-2017-id392536.html"},"wordCount":816,"image":{"@id":"https:\/\/www.rri.ro\/fr\/actualites\/le-flash\/20-11-2017-id392536.html#primaryimage"},"thumbnailUrl":"https:\/\/www.rri.ro\/wp-content\/uploads\/2023\/10\/stiri-franceza-ok2.png","keywords":["Agence europ\u00e9enne des m\u00e9dicaments","Autorit\u00e9 Bancaire Europ\u00e9enne","code fiscal","enfants","Eurostat","mesures fiscales","missiles","Patriot","pauvret\u00e9"],"articleSection":["Le flash"],"inLanguage":"fr-FR"},{"@type":"WebPage","@id":"https:\/\/www.rri.ro\/fr\/actualites\/le-flash\/20-11-2017-id392536.html","url":"https:\/\/www.rri.ro\/fr\/actualites\/le-flash\/20-11-2017-id392536.html","name":"20.11.2017 - Radio Roumanie Internationale","isPartOf":{"@id":"https:\/\/www.rri.ro\/#website"},"primaryImageOfPage":{"@id":"https:\/\/www.rri.ro\/fr\/actualites\/le-flash\/20-11-2017-id392536.html#primaryimage"},"image":{"@id":"https:\/\/www.rri.ro\/fr\/actualites\/le-flash\/20-11-2017-id392536.html#primaryimage"},"thumbnailUrl":"https:\/\/www.rri.ro\/wp-content\/uploads\/2023\/10\/stiri-franceza-ok2.png","datePublished":"2017-11-20T11:33:00+00:00","author":{"@id":"https:\/\/www.rri.ro\/#\/schema\/person\/4a479940371b9fdefd194f561e8a7f88"},"breadcrumb":{"@id":"https:\/\/www.rri.ro\/fr\/actualites\/le-flash\/20-11-2017-id392536.html#breadcrumb"},"inLanguage":"fr-FR","potentialAction":[{"@type":"ReadAction","target":["https:\/\/www.rri.ro\/fr\/actualites\/le-flash\/20-11-2017-id392536.html"]}]},{"@type":"ImageObject","inLanguage":"fr-FR","@id":"https:\/\/www.rri.ro\/fr\/actualites\/le-flash\/20-11-2017-id392536.html#primaryimage","url":"https:\/\/www.rri.ro\/wp-content\/uploads\/2023\/10\/stiri-franceza-ok2.png","contentUrl":"https:\/\/www.rri.ro\/wp-content\/uploads\/2023\/10\/stiri-franceza-ok2.png","width":420,"height":280},{"@type":"BreadcrumbList","@id":"https:\/\/www.rri.ro\/fr\/actualites\/le-flash\/20-11-2017-id392536.html#breadcrumb","itemListElement":[{"@type":"ListItem","position":1,"name":"Page d'accueil","item":"https:\/\/www.rri.ro\/fr"},{"@type":"ListItem","position":2,"name":"Actualit\u00e9s","item":"https:\/\/www.rri.ro\/fr\/actualites"},{"@type":"ListItem","position":3,"name":"Le flash","item":"https:\/\/www.rri.ro\/fr\/actualites\/le-flash"},{"@type":"ListItem","position":4,"name":"20.11.2017"}]},{"@type":"WebSite","@id":"https:\/\/www.rri.ro\/#website","url":"https:\/\/www.rri.ro\/","name":"Radio Roumanie Internationale","description":"Totul despre Rom\u00e2nia \u015fi rom\u00e2ni, \u00een 13 limbi\/dialecte!","inLanguage":"fr-FR"},{"@type":"Person","@id":"https:\/\/www.rri.ro\/#\/schema\/person\/4a479940371b9fdefd194f561e8a7f88","name":"Newsroom","url":"https:\/\/www.rri.ro\/fr\/author\/newsroom"}]}},"_links":{"self":[{"href":"https:\/\/www.rri.ro\/fr\/wp-json\/wp\/v2\/posts\/392536","targetHints":{"allow":["GET"]}}],"collection":[{"href":"https:\/\/www.rri.ro\/fr\/wp-json\/wp\/v2\/posts"}],"about":[{"href":"https:\/\/www.rri.ro\/fr\/wp-json\/wp\/v2\/types\/post"}],"author":[{"embeddable":true,"href":"https:\/\/www.rri.ro\/fr\/wp-json\/wp\/v2\/users\/113"}],"replies":[{"embeddable":true,"href":"https:\/\/www.rri.ro\/fr\/wp-json\/wp\/v2\/comments?post=392536"}],"version-history":[{"count":0,"href":"https:\/\/www.rri.ro\/fr\/wp-json\/wp\/v2\/posts\/392536\/revisions"}],"wp:featuredmedia":[{"embeddable":true,"href":"https:\/\/www.rri.ro\/fr\/wp-json\/wp\/v2\/media\/391122"}],"wp:attachment":[{"href":"https:\/\/www.rri.ro\/fr\/wp-json\/wp\/v2\/media?parent=392536"}],"wp:term":[{"taxonomy":"category","embeddable":true,"href":"https:\/\/www.rri.ro\/fr\/wp-json\/wp\/v2\/categories?post=392536"},{"taxonomy":"post_tag","embeddable":true,"href":"https:\/\/www.rri.ro\/fr\/wp-json\/wp\/v2\/tags?post=392536"},{"taxonomy":"author","embeddable":true,"href":"https:\/\/www.rri.ro\/fr\/wp-json\/wp\/v2\/coauthors?post=392536"}],"curies":[{"name":"wp","href":"https:\/\/api.w.org\/{rel}","templated":true}]}}