{"id":392580,"date":"2017-12-12T13:59:00","date_gmt":"2017-12-12T11:59:00","guid":{"rendered":"http:\/\/devrri.freshlemon.ro\/le-roumain-mot-a-mot\/consulter-les-lecons\/12-12-2017-id392580.html"},"modified":"2017-12-12T13:59:00","modified_gmt":"2017-12-12T11:59:00","slug":"12-12-2017","status":"publish","type":"post","link":"https:\/\/www.rri.ro\/fr\/actualites\/le-flash\/12-12-2017-id392580.html","title":{"rendered":"12.12.2017"},"content":{"rendered":"<p><strong class=cms-bold>Budget <\/strong>&#8211; Les parlementaires des commissions r\u00e9unies charg\u00e9es du budget et des finances ont entam\u00e9 mardi les d\u00e9bats en marge du futur projet de budget de l&rsquo;Etat et de la s\u00e9curit\u00e9 sociale pour 2018. La forme finale sera d\u00e9cid\u00e9e dans une r\u00e9union pl\u00e9ni\u00e8re du Parlement, dont les d\u00e9bats devraient commencer lundi, le 18 d\u00e9cembre. Le vote final est pr\u00e9vu le 21 d\u00e9cembre, lors d&rsquo;une s\u00e9ance pl\u00e9ni\u00e8re du Parlement. \u00c9quilibre et soutenable, selon la coalition au pouvoir, le projet est critiqu\u00e9 par l&rsquo;opposition, qui r\u00e9clame des modifications. Le budget se fonde sur une croissance \u00e9conomique de 5,5%; l&rsquo;\u00e9ducation, la sant\u00e9, l&rsquo;agriculture et les investissements sont les priorit\u00e9s budg\u00e9taires. Par ailleurs, l&rsquo;ann\u00e9e prochaine on s&rsquo;attend \u00e0 ce que les frais de personnel soient major\u00e9s, tandis que les investissements augmenteront, le plus probablement, de 2,8 milliards d&rsquo;euros. Plus de 3500 amendements ont \u00e9t\u00e9 avanc\u00e9s par l&rsquo;opposition dont la plupart visent l&rsquo;\u00e9ducation, la sant\u00e9, l&rsquo;administration locale et l&rsquo;infrastructure.<\/p>\n<div><\/div>\n<div><strong class=cms-bold>Inflation <\/strong>&#8211; En Roumanie, le taux de l&rsquo;inflation a atteint en novembre son plus haut niveau des 4 derni\u00e8res ann\u00e9es, soit 3,23%. Selon des donn\u00e9es fournies par l&rsquo;Institut national de la statistique et rendues publiques ce mardi, les prix \u00e0 la consommation ont poursuivi leur tendance ascendante en novembre aussi. Par rapport \u00e0 la m\u00eame p\u00e9riode de 2016, en novembre dernier, les prix des aliments ont augment\u00e9 de 3,88%, ceux des marchandises non alimentaires de 4,12% et ceux des services de 0,1%. Ce sont les oeufs, le beurre et les carburants qui ont vu leurs prix grimper le plus. La Banque nationale a r\u00e9vis\u00e9 \u00e0 la hausse ses pr\u00e9visions de mont\u00e9e de l&rsquo;inflation pour l&rsquo;ann\u00e9e en cours \u00e0 2,7%.<\/p>\n<\/div>\n<div><\/div>\n<div><strong class=cms-bold>Fun\u00e9railles <\/strong>&#8211; Le cercueil avec la d\u00e9pouille mortelle de Sa Majest\u00e9 le roi Michel Ier, dernier des 4 souverains de la Roumanie, sera ramen\u00e9 demain en terre roumaine. Le roi est d\u00e9c\u00e9d\u00e9 le 5 d\u00e9cembre \u00e0 96 ans, en Suisse. Depuis lors, les Roumains d\u00e9posent des fleurs et allument des chandelles aux r\u00e9sidences de Roumanie et de Suisse de la Maison royale. Lundi, le Parlement roumain s&rsquo;est r\u00e9uni en session solennelle pour rendre hommage au roi Michel. Y ont \u00e9t\u00e9 pr\u00e9sents le pr\u00e9sident Klaus Iohannis, la d\u00e9positaire de la Couronne, la princesse Margarita, les anciens chefs d&rsquo;Etat roumain Emil Constantinescu et Traian Basescu, le premier ministre Mihai Tudose, les pr\u00e9sidents  du S\u00e9nat et de la Chambre des d\u00e9put\u00e9s Calin Popescu-Tariceanu et respectivement Liviu Dragnea et Daniel, le patriarche de l&rsquo;Eglise orthodoxe roumaine. Les autorit\u00e9s roumaines ont d\u00e9cr\u00e9t\u00e9 trois jours de deuil national les 14,15 et 16 d\u00e9cembre. Le roi Michel sera inhum\u00e9 samedi, le 16 d\u00e9cembre, \u00e0 Curtea de Arges, dans le sud de la Roumanie, dans la n\u00e9cropole royale o\u00f9 reposent ses anc\u00eatres et aussi son \u00e9pouse, la reine Anne, d\u00e9c\u00e9d\u00e9e l&rsquo;ann\u00e9e derni\u00e8re. <\/p>\n<\/div>\n<div><\/div>\n<div><strong class=cms-bold>Protestations <\/strong>&#8211; Le Bloc national syndical, l&rsquo;une des conf\u00e9d\u00e9rations les plus importantes de Roumanie, organise ce mardi, \u00e0 Bucarest, un meeting de protestation contre les dispositions du nouveau Code fiscal, notamment contre le transfert des contributions sociales de l&#8217;employeur \u00e0 l&#8217;employ\u00e9 \u00e0 partir de l&rsquo;ann\u00e9e prochaine. Les syndicalistes souhaitent attirer l&rsquo;attention du gouvernement sur les cons\u00e9quences n\u00e9gatives qu&rsquo;une telle mesure pourrait avoir sur le court, le moyen et le long terme. De l&rsquo;avis du Bloc national syndical, les travailleurs verront leurs droits mis en danger, tandis que les rapports de travail reposant sur le respect seront affect\u00e9s. Les pr\u00e9visions du nouveau Code fiscal ont \u00e9t\u00e9 critiqu\u00e9es aussi bien par des organisations syndicales que par le milieu des affaires et l&rsquo;opposition de droite.<\/p>\n<\/div>\n<div><\/div>\n<div><strong class=cms-bold>Climat<\/strong>&#8211; Les agences spatiales d&rsquo;une vingtaine de pays, y compris de Roumanie, ont propos\u00e9 la cr\u00e9ation d&rsquo;un \u00abObservatoire spatial du climat\u00bb, visant \u00e0 mutualiser les donn\u00e9es climatiques obtenues depuis l&rsquo;espace, dans une d\u00e9claration adopt\u00e9e lundi soir \u00e0 Paris. La Chine, le Japon, l&rsquo;Inde, l&rsquo;Europe, le Royaume-Uni, l&rsquo;Allemagne, l&rsquo;Italie, la Suisse, l&rsquo;Autriche, la Su\u00e8de, la Norv\u00e8ge, la Roumanie, Isra\u00ebl, l&rsquo;Ukraine et les Emirats Arabes Unis notamment ont adopt\u00e9 cette \u00abD\u00e9claration de Paris\u00bb, r\u00e9dig\u00e9e sous l&rsquo;impulsion de la France. Le pr\u00e9sident du Centre national d&rsquo;\u00e9tudes spatiales, Jean-Yves Le Gall, a d\u00e9clar\u00e9 que dans un premier temps, les agences favorables au projet vont r\u00e9fl\u00e9chir \u00e0 des normes communes pour leurs donn\u00e9es climatiques. \u00abL&rsquo;objectif est ensuite de cr\u00e9er un site rassemblant toutes ces donn\u00e9es\u00bb, comme cela existe d\u00e9j\u00e0 pour les donn\u00e9es spatiales sur les catastrophes naturelles au niveau mondial, a-t-il indiqu\u00e9.<\/p>\n<\/div>\n<div><\/div>\n<div>M\u00e9t\u00e9o &#8211; Temps tr\u00e8s doux pour la saison ce mardi dans la plupart des r\u00e9gions, avec un peu de vent dans le nord et l&rsquo;ouest du pays. Le ciel est plut\u00f4t bleu. Les maximales vont de 8 \u00e0 18 degr\u00e9s. Un grand soleil brille sur Bucarest et nous avons 9\u00b0. <\/div>\n<p><\/p>\n","protected":false},"excerpt":{"rendered":"<p>Budget &#8211; Les parlementaires des commissions r\u00e9unies charg\u00e9es du budget et des finances ont entam\u00e9 mardi les d\u00e9bats en marge du futur projet de budget de l&rsquo;Etat et de la s\u00e9curit\u00e9 sociale pour 2018. La forme finale sera d\u00e9cid\u00e9e dans une r\u00e9union pl\u00e9ni\u00e8re du Parlement, dont les d\u00e9bats devraient commencer lundi, le 18 d\u00e9cembre. Le [&hellip;]<\/p>\n","protected":false},"author":113,"featured_media":391122,"comment_status":"closed","ping_status":"closed","sticky":false,"template":"","format":"standard","meta":{"_acf_changed":false,"footnotes":""},"categories":[89002],"tags":[148511,88112,89339,144283,143875,91551,88296,85700,85913],"coauthors":[],"class_list":["post-392580","post","type-post","status-publish","format-standard","has-post-thumbnail","hentry","category-le-flash","tag-budget-fr","tag-climat","tag-deuil","tag-economie-fr","tag-inflation-fr","tag-michel-i","tag-parlement","tag-protestations","tag-souverain"],"acf":[],"yoast_head":"<!-- This site is optimized with the Yoast SEO plugin v27.3 - https:\/\/yoast.com\/product\/yoast-seo-wordpress\/ -->\n<title>12.12.2017 - Radio Roumanie Internationale<\/title>\n<meta name=\"robots\" content=\"index, follow, max-snippet:-1, max-image-preview:large, max-video-preview:-1\" \/>\n<link rel=\"canonical\" href=\"https:\/\/www.rri.ro\/fr\/actualites\/le-flash\/12-12-2017-id392580.html\" \/>\n<meta property=\"og:locale\" content=\"fr_FR\" \/>\n<meta property=\"og:type\" content=\"article\" \/>\n<meta property=\"og:title\" content=\"12.12.2017 - Radio Roumanie Internationale\" \/>\n<meta property=\"og:description\" content=\"Budget &#8211; Les parlementaires des commissions r\u00e9unies charg\u00e9es du budget et des finances ont entam\u00e9 mardi les d\u00e9bats en marge du futur projet de budget de l&rsquo;Etat et de la s\u00e9curit\u00e9 sociale pour 2018. La forme finale sera d\u00e9cid\u00e9e dans une r\u00e9union pl\u00e9ni\u00e8re du Parlement, dont les d\u00e9bats devraient commencer lundi, le 18 d\u00e9cembre. Le [&hellip;]\" \/>\n<meta property=\"og:url\" content=\"https:\/\/www.rri.ro\/fr\/actualites\/le-flash\/12-12-2017-id392580.html\" \/>\n<meta property=\"og:site_name\" content=\"Radio Roumanie Internationale\" \/>\n<meta property=\"article:published_time\" content=\"2017-12-12T11:59:00+00:00\" \/>\n<meta property=\"og:image\" content=\"https:\/\/www.rri.ro\/wp-content\/uploads\/2023\/10\/stiri-franceza-ok2.png\" \/>\n\t<meta property=\"og:image:width\" content=\"420\" \/>\n\t<meta property=\"og:image:height\" content=\"280\" \/>\n\t<meta property=\"og:image:type\" content=\"image\/png\" \/>\n<meta name=\"author\" content=\"Newsroom\" \/>\n<meta name=\"twitter:card\" content=\"summary_large_image\" \/>\n<meta name=\"twitter:label1\" content=\"\u00c9crit par\" \/>\n\t<meta name=\"twitter:data1\" content=\"Newsroom\" \/>\n\t<meta name=\"twitter:label2\" content=\"Dur\u00e9e de lecture estim\u00e9e\" \/>\n\t<meta name=\"twitter:data2\" content=\"4 minutes\" \/>\n\t<meta name=\"twitter:label3\" content=\"Written by\" \/>\n\t<meta name=\"twitter:data3\" content=\"Newsroom\" \/>\n<script type=\"application\/ld+json\" class=\"yoast-schema-graph\">{\"@context\":\"https:\\\/\\\/schema.org\",\"@graph\":[{\"@type\":\"Article\",\"@id\":\"https:\\\/\\\/www.rri.ro\\\/fr\\\/actualites\\\/le-flash\\\/12-12-2017-id392580.html#article\",\"isPartOf\":{\"@id\":\"https:\\\/\\\/www.rri.ro\\\/fr\\\/actualites\\\/le-flash\\\/12-12-2017-id392580.html\"},\"author\":{\"name\":\"Newsroom\",\"@id\":\"https:\\\/\\\/www.rri.ro\\\/#\\\/schema\\\/person\\\/4a479940371b9fdefd194f561e8a7f88\"},\"headline\":\"12.12.2017\",\"datePublished\":\"2017-12-12T11:59:00+00:00\",\"mainEntityOfPage\":{\"@id\":\"https:\\\/\\\/www.rri.ro\\\/fr\\\/actualites\\\/le-flash\\\/12-12-2017-id392580.html\"},\"wordCount\":862,\"image\":{\"@id\":\"https:\\\/\\\/www.rri.ro\\\/fr\\\/actualites\\\/le-flash\\\/12-12-2017-id392580.html#primaryimage\"},\"thumbnailUrl\":\"https:\\\/\\\/www.rri.ro\\\/wp-content\\\/uploads\\\/2023\\\/10\\\/stiri-franceza-ok2.png\",\"keywords\":[\"budget\",\"climat\",\"deuil\",\"economie\",\"inflation\",\"Michel I\",\"Parlement\",\"protestations\",\"souverain\"],\"articleSection\":[\"Le flash\"],\"inLanguage\":\"fr-FR\"},{\"@type\":\"WebPage\",\"@id\":\"https:\\\/\\\/www.rri.ro\\\/fr\\\/actualites\\\/le-flash\\\/12-12-2017-id392580.html\",\"url\":\"https:\\\/\\\/www.rri.ro\\\/fr\\\/actualites\\\/le-flash\\\/12-12-2017-id392580.html\",\"name\":\"12.12.2017 - Radio Roumanie Internationale\",\"isPartOf\":{\"@id\":\"https:\\\/\\\/www.rri.ro\\\/#website\"},\"primaryImageOfPage\":{\"@id\":\"https:\\\/\\\/www.rri.ro\\\/fr\\\/actualites\\\/le-flash\\\/12-12-2017-id392580.html#primaryimage\"},\"image\":{\"@id\":\"https:\\\/\\\/www.rri.ro\\\/fr\\\/actualites\\\/le-flash\\\/12-12-2017-id392580.html#primaryimage\"},\"thumbnailUrl\":\"https:\\\/\\\/www.rri.ro\\\/wp-content\\\/uploads\\\/2023\\\/10\\\/stiri-franceza-ok2.png\",\"datePublished\":\"2017-12-12T11:59:00+00:00\",\"author\":{\"@id\":\"https:\\\/\\\/www.rri.ro\\\/#\\\/schema\\\/person\\\/4a479940371b9fdefd194f561e8a7f88\"},\"breadcrumb\":{\"@id\":\"https:\\\/\\\/www.rri.ro\\\/fr\\\/actualites\\\/le-flash\\\/12-12-2017-id392580.html#breadcrumb\"},\"inLanguage\":\"fr-FR\",\"potentialAction\":[{\"@type\":\"ReadAction\",\"target\":[\"https:\\\/\\\/www.rri.ro\\\/fr\\\/actualites\\\/le-flash\\\/12-12-2017-id392580.html\"]}]},{\"@type\":\"ImageObject\",\"inLanguage\":\"fr-FR\",\"@id\":\"https:\\\/\\\/www.rri.ro\\\/fr\\\/actualites\\\/le-flash\\\/12-12-2017-id392580.html#primaryimage\",\"url\":\"https:\\\/\\\/www.rri.ro\\\/wp-content\\\/uploads\\\/2023\\\/10\\\/stiri-franceza-ok2.png\",\"contentUrl\":\"https:\\\/\\\/www.rri.ro\\\/wp-content\\\/uploads\\\/2023\\\/10\\\/stiri-franceza-ok2.png\",\"width\":420,\"height\":280},{\"@type\":\"BreadcrumbList\",\"@id\":\"https:\\\/\\\/www.rri.ro\\\/fr\\\/actualites\\\/le-flash\\\/12-12-2017-id392580.html#breadcrumb\",\"itemListElement\":[{\"@type\":\"ListItem\",\"position\":1,\"name\":\"Page d'accueil\",\"item\":\"https:\\\/\\\/www.rri.ro\\\/fr\"},{\"@type\":\"ListItem\",\"position\":2,\"name\":\"Actualit\u00e9s\",\"item\":\"https:\\\/\\\/www.rri.ro\\\/fr\\\/actualites\"},{\"@type\":\"ListItem\",\"position\":3,\"name\":\"Le flash\",\"item\":\"https:\\\/\\\/www.rri.ro\\\/fr\\\/actualites\\\/le-flash\"},{\"@type\":\"ListItem\",\"position\":4,\"name\":\"12.12.2017\"}]},{\"@type\":\"WebSite\",\"@id\":\"https:\\\/\\\/www.rri.ro\\\/#website\",\"url\":\"https:\\\/\\\/www.rri.ro\\\/\",\"name\":\"Radio Roumanie Internationale\",\"description\":\"Totul despre Rom\u00e2nia \u015fi rom\u00e2ni, \u00een 13 limbi\\\/dialecte!\",\"inLanguage\":\"fr-FR\"},{\"@type\":\"Person\",\"@id\":\"https:\\\/\\\/www.rri.ro\\\/#\\\/schema\\\/person\\\/4a479940371b9fdefd194f561e8a7f88\",\"name\":\"Newsroom\",\"url\":\"https:\\\/\\\/www.rri.ro\\\/fr\\\/author\\\/newsroom\"}]}<\/script>\n<!-- \/ Yoast SEO plugin. -->","yoast_head_json":{"title":"12.12.2017 - Radio Roumanie Internationale","robots":{"index":"index","follow":"follow","max-snippet":"max-snippet:-1","max-image-preview":"max-image-preview:large","max-video-preview":"max-video-preview:-1"},"canonical":"https:\/\/www.rri.ro\/fr\/actualites\/le-flash\/12-12-2017-id392580.html","og_locale":"fr_FR","og_type":"article","og_title":"12.12.2017 - Radio Roumanie Internationale","og_description":"Budget &#8211; Les parlementaires des commissions r\u00e9unies charg\u00e9es du budget et des finances ont entam\u00e9 mardi les d\u00e9bats en marge du futur projet de budget de l&rsquo;Etat et de la s\u00e9curit\u00e9 sociale pour 2018. La forme finale sera d\u00e9cid\u00e9e dans une r\u00e9union pl\u00e9ni\u00e8re du Parlement, dont les d\u00e9bats devraient commencer lundi, le 18 d\u00e9cembre. Le [&hellip;]","og_url":"https:\/\/www.rri.ro\/fr\/actualites\/le-flash\/12-12-2017-id392580.html","og_site_name":"Radio Roumanie Internationale","article_published_time":"2017-12-12T11:59:00+00:00","og_image":[{"width":420,"height":280,"url":"https:\/\/www.rri.ro\/wp-content\/uploads\/2023\/10\/stiri-franceza-ok2.png","type":"image\/png"}],"author":"Newsroom","twitter_card":"summary_large_image","twitter_misc":{"\u00c9crit par":"Newsroom","Dur\u00e9e de lecture estim\u00e9e":"4 minutes","Written by":"Newsroom"},"schema":{"@context":"https:\/\/schema.org","@graph":[{"@type":"Article","@id":"https:\/\/www.rri.ro\/fr\/actualites\/le-flash\/12-12-2017-id392580.html#article","isPartOf":{"@id":"https:\/\/www.rri.ro\/fr\/actualites\/le-flash\/12-12-2017-id392580.html"},"author":{"name":"Newsroom","@id":"https:\/\/www.rri.ro\/#\/schema\/person\/4a479940371b9fdefd194f561e8a7f88"},"headline":"12.12.2017","datePublished":"2017-12-12T11:59:00+00:00","mainEntityOfPage":{"@id":"https:\/\/www.rri.ro\/fr\/actualites\/le-flash\/12-12-2017-id392580.html"},"wordCount":862,"image":{"@id":"https:\/\/www.rri.ro\/fr\/actualites\/le-flash\/12-12-2017-id392580.html#primaryimage"},"thumbnailUrl":"https:\/\/www.rri.ro\/wp-content\/uploads\/2023\/10\/stiri-franceza-ok2.png","keywords":["budget","climat","deuil","economie","inflation","Michel I","Parlement","protestations","souverain"],"articleSection":["Le flash"],"inLanguage":"fr-FR"},{"@type":"WebPage","@id":"https:\/\/www.rri.ro\/fr\/actualites\/le-flash\/12-12-2017-id392580.html","url":"https:\/\/www.rri.ro\/fr\/actualites\/le-flash\/12-12-2017-id392580.html","name":"12.12.2017 - Radio Roumanie Internationale","isPartOf":{"@id":"https:\/\/www.rri.ro\/#website"},"primaryImageOfPage":{"@id":"https:\/\/www.rri.ro\/fr\/actualites\/le-flash\/12-12-2017-id392580.html#primaryimage"},"image":{"@id":"https:\/\/www.rri.ro\/fr\/actualites\/le-flash\/12-12-2017-id392580.html#primaryimage"},"thumbnailUrl":"https:\/\/www.rri.ro\/wp-content\/uploads\/2023\/10\/stiri-franceza-ok2.png","datePublished":"2017-12-12T11:59:00+00:00","author":{"@id":"https:\/\/www.rri.ro\/#\/schema\/person\/4a479940371b9fdefd194f561e8a7f88"},"breadcrumb":{"@id":"https:\/\/www.rri.ro\/fr\/actualites\/le-flash\/12-12-2017-id392580.html#breadcrumb"},"inLanguage":"fr-FR","potentialAction":[{"@type":"ReadAction","target":["https:\/\/www.rri.ro\/fr\/actualites\/le-flash\/12-12-2017-id392580.html"]}]},{"@type":"ImageObject","inLanguage":"fr-FR","@id":"https:\/\/www.rri.ro\/fr\/actualites\/le-flash\/12-12-2017-id392580.html#primaryimage","url":"https:\/\/www.rri.ro\/wp-content\/uploads\/2023\/10\/stiri-franceza-ok2.png","contentUrl":"https:\/\/www.rri.ro\/wp-content\/uploads\/2023\/10\/stiri-franceza-ok2.png","width":420,"height":280},{"@type":"BreadcrumbList","@id":"https:\/\/www.rri.ro\/fr\/actualites\/le-flash\/12-12-2017-id392580.html#breadcrumb","itemListElement":[{"@type":"ListItem","position":1,"name":"Page d'accueil","item":"https:\/\/www.rri.ro\/fr"},{"@type":"ListItem","position":2,"name":"Actualit\u00e9s","item":"https:\/\/www.rri.ro\/fr\/actualites"},{"@type":"ListItem","position":3,"name":"Le flash","item":"https:\/\/www.rri.ro\/fr\/actualites\/le-flash"},{"@type":"ListItem","position":4,"name":"12.12.2017"}]},{"@type":"WebSite","@id":"https:\/\/www.rri.ro\/#website","url":"https:\/\/www.rri.ro\/","name":"Radio Roumanie Internationale","description":"Totul despre Rom\u00e2nia \u015fi rom\u00e2ni, \u00een 13 limbi\/dialecte!","inLanguage":"fr-FR"},{"@type":"Person","@id":"https:\/\/www.rri.ro\/#\/schema\/person\/4a479940371b9fdefd194f561e8a7f88","name":"Newsroom","url":"https:\/\/www.rri.ro\/fr\/author\/newsroom"}]}},"_links":{"self":[{"href":"https:\/\/www.rri.ro\/fr\/wp-json\/wp\/v2\/posts\/392580","targetHints":{"allow":["GET"]}}],"collection":[{"href":"https:\/\/www.rri.ro\/fr\/wp-json\/wp\/v2\/posts"}],"about":[{"href":"https:\/\/www.rri.ro\/fr\/wp-json\/wp\/v2\/types\/post"}],"author":[{"embeddable":true,"href":"https:\/\/www.rri.ro\/fr\/wp-json\/wp\/v2\/users\/113"}],"replies":[{"embeddable":true,"href":"https:\/\/www.rri.ro\/fr\/wp-json\/wp\/v2\/comments?post=392580"}],"version-history":[{"count":0,"href":"https:\/\/www.rri.ro\/fr\/wp-json\/wp\/v2\/posts\/392580\/revisions"}],"wp:featuredmedia":[{"embeddable":true,"href":"https:\/\/www.rri.ro\/fr\/wp-json\/wp\/v2\/media\/391122"}],"wp:attachment":[{"href":"https:\/\/www.rri.ro\/fr\/wp-json\/wp\/v2\/media?parent=392580"}],"wp:term":[{"taxonomy":"category","embeddable":true,"href":"https:\/\/www.rri.ro\/fr\/wp-json\/wp\/v2\/categories?post=392580"},{"taxonomy":"post_tag","embeddable":true,"href":"https:\/\/www.rri.ro\/fr\/wp-json\/wp\/v2\/tags?post=392580"},{"taxonomy":"author","embeddable":true,"href":"https:\/\/www.rri.ro\/fr\/wp-json\/wp\/v2\/coauthors?post=392580"}],"curies":[{"name":"wp","href":"https:\/\/api.w.org\/{rel}","templated":true}]}}