{"id":392643,"date":"2018-01-12T18:53:00","date_gmt":"2018-01-12T16:53:00","guid":{"rendered":"http:\/\/devrri.freshlemon.ro\/le-roumain-mot-a-mot\/consulter-les-lecons\/12-01-2017-mise-a-jour-2-id392643.html"},"modified":"2018-01-12T18:53:00","modified_gmt":"2018-01-12T16:53:00","slug":"12-01-2017-mise-a-jour-2","status":"publish","type":"post","link":"https:\/\/www.rri.ro\/fr\/actualites\/le-flash\/12-01-2017-mise-a-jour-2-id392643.html","title":{"rendered":"12.01.2017 (mise \u00e0 jour)"},"content":{"rendered":"<p><strong>Budapest &#8212; <\/strong>Le minist\u00e8re des Affaires \u00e9trang\u00e8res de Bucarest a estim\u00e9, vendredi, que les d\u00e9clarations du premier ministre roumain, Mihai Tudose, avaient attir\u00e9 l\u2019attention sur la responsabilit\u00e9 des autorit\u00e9s centrales et locales du pays dans l\u2019assurance du respect de la loi, \u00e9tant d\u00e9pourvues de connotations ethniques, anti-magyares. Selon le minist\u00e8re, les affirmations du premier ministre portent sur la n\u00e9cessit\u00e9 de respecter l\u2019ordre constitutionnel et de droit de Roumanie, qui est un Etat unitaire, souverain et indivisible. L\u2019ambassadeur de Roumanie \u00e0 Budapest a \u00e9t\u00e9 convoqu\u00e9, vendredi, au minist\u00e8re des Affaires \u00e9trang\u00e8res du pays voisin, apr\u00e8s les d\u00e9clarations du chef du cabinet de Bucarest sur l\u2019autonomie de la soi-disant Contr\u00e9e des Sicules de Transylvanie (centre), \u00e0 population ethnique magyare majoritaire. L\u2019officiel roumain avait affirm\u00e9 que \u00ab si le drapeau sicule flottera sur les institutions de cette contr\u00e9e, tous flotteront \u00e0 c\u00f4t\u00e9 du drapeau \u00bb. Budapest consid\u00e8re cette d\u00e9claration totalement inacceptable et indigne des valeurs du XXIe si\u00e8cle, a pr\u00e9cis\u00e9 le ministre hongrois des Affaires \u00e9trang\u00e8res, P\u00e9ter Szijj\u00e1rt\u00f3. Le minist\u00e8re hongrois des Affaires \u00e9trang\u00e8res a mentionn\u00e9 qu\u2019il attendait des explications et des excuses de la part du gouvernement roumain dans ce cas. Les pouvoirs publics et les partis politiques de Roumanie consid\u00e8rent anticonstitutionnelles les demandes de la communaut\u00e9 magyare et de ses repr\u00e9sentants politiques au sujet de l\u2019autonomie territoriale des r\u00e9gions de Transylvanie dans lesquelles vit majoritairement la population d\u2019ethnie magyare.  <\/p>\n<p>&#13;<br \/>\n&#13;<\/p>\n<p>&#13;<br \/>\n&#13;<\/p>\n<p><strong>D\u00e9fense<\/strong> &#8212; Le gouvernement de Bucarest et la soci\u00e9t\u00e9 am\u00e9ricaine G\u00e9n\u00e9ral Dynamics ont sign\u00e9 ce vendredi un contrat d\u2019achat de 227 transporteurs blind\u00e9s Piranha pour l\u2019arm\u00e9e roumaine. Aux termes du contrat, les 30 premiers v\u00e9hicules seront produits par la soci\u00e9t\u00e9 suisse Mowag, membre du groupe am\u00e9ricain, en Suisse, alors que le reste des v\u00e9hicules seront produits en Roumanie. Le co\u00fbt total de ce programme d\u2019acquisitions s\u2019\u00e9l\u00e8ve \u00e0 895 millions d\u2019euros. Les transporteurs Piranha sont destin\u00e9s \u00e0 l\u2019infanterie, mais ils peuvent \u00e9galement servir dans des missions d\u2019\u00e9vacuation m\u00e9dicale, \u00e9tant compatibles avec diff\u00e9rents types d\u2019armement. Cette ann\u00e9e encore, le minist\u00e8re de la D\u00e9fense ach\u00e8tera 173 camions destin\u00e9s au transport des militaires et du mat\u00e9riel. Ces deux contrats visent \u00e0 remplacer une partie des v\u00e9hicules blind\u00e9s et des camions de l\u2019arm\u00e9e roumaine vieux de plus de 3 d\u00e9cennies. L\u2019achat de ces v\u00e9hicules s\u2019inscrit dans les d\u00e9marches de moderniser les forces arm\u00e9es roumaines, d\u00e9marches rendues possibles par un engagement de toutes les forces politiques d\u2019allouer un budget de 2% du PIB \u00e0 la d\u00e9fense pendant une d\u00e9cennie. <\/p>\n<p>&#13;<br \/>\n&#13;<\/p>\n<p>&#13;<br \/>\n&#13;<\/p>\n<p><strong>Enqu\u00eate &#8212; <\/strong>La procureure en chef de la Direction nationale anticorruption (DNA), Laura Codru\u0163a K\u00f6vesi, fera l\u2019objet d\u2019une enqu\u00eate disciplinaire men\u00e9e par la Section de procureurs du Conseil sup\u00e9rieur de la magistrature, apr\u00e8s que l\u2019Inspection judiciaire eut formul\u00e9 une action contre elle, pour \u00e9cart \u00e0 la discipline. Elle se voit reprocher, entre autres, d\u2019avoir port\u00e9 atteinte \u00e0 l\u2019honneur et \u00e0 la probit\u00e9 professionnelle des procureurs ainsi qu\u2019au prestige de la Justice, circonstances identifi\u00e9es dans les enregistrements audio qui se sont fait jour dans les m\u00e9dias en juin 2017. Selon l\u2019Inspection judiciaire, elle a utilis\u00e9 vis-\u00e0-vis de ses coll\u00e8gues procureurs un ton sup\u00e9rieur et agressif, inadmissible par rapport aux normes minimales d\u2019\u00e9thique et de d\u00e9ontologie d\u2019un magistrat. Rappelons que la DNA sous la direction de Laura Codru\u0163a K\u00f6vesi fait l\u2019objet d\u2019\u00e9loges constants dans les rapports de la Commission europ\u00e9enne ayant trait \u00e0 l\u2019\u00e9volution de la justice en Roumanie. <\/p>\n<p>&#13;<br \/>\n&#13;<\/p>\n<p>&#13;<br \/>\n&#13;<\/p>\n<p><strong>Statistiques<\/strong> &#8212; Durant le troisi\u00e8me trimestre de l\u2019ann\u00e9e 2017, le PIB de la Roumanie a augment\u00e9 de 8,8% par rapport \u00e0 la m\u00eame p\u00e9riode de l\u2019ann\u00e9e 2016, selon les chiffres de l\u2019Institut national de la statistique. Par rapport au 2e semestre de l\u2019ann\u00e9e 2017, le PIB a \u00e9t\u00e9 sup\u00e9rieur de 2,6% au cours du troisi\u00e8me trimestre de l\u2019ann\u00e9e derni\u00e8re. La Banque Mondiale a annonc\u00e9 il y a deux jours qu\u2019elle s\u2019attendait \u00e0 ce que la Roumanie rapporte en 2017 une croissance du PIB de 6,4%, par rapport \u00e0 4,4% estim\u00e9s en juin. En novembre 2017, la Commission nationale de la prospective a r\u00e9vis\u00e9 \u00e0 la hausse ses estimations sur la croissance \u00e9conomique de la Roumanie en 2017, \u00e0 savoir de 5,6% \u00e0 6,1%. Le FMI a lui aussi r\u00e9vis\u00e9 de 4,2% \u00e0 5,5% ses estimations relatives \u00e0 l\u2019\u00e9volution de l\u2019\u00e9conomie roumaine en 2017. Ces r\u00e9sultats sont dus notamment aux politiques gouvernementales visant \u00e0 encourager la consommation, politiques assez critiqu\u00e9es par les \u00e9conomistes.  <\/p>\n<p>&#13;<br \/>\n&#13;<\/p>\n<p>&#13;<br \/>\n&#13;<\/p>\n<p><strong>Visite<\/strong> &#8212; Le Premier ministre japonais, Shinzo Abe, a quitt\u00e9 Tokyo vendredi pour une tourn\u00e9e diplomatique en Europe, comprenant les trois pays baltes ainsi que la Bulgarie, la Serbie et Roumanie. La visite intervient alors que le Japon sefforce de multiplier les soutiens \u00e0 sa politique de fermet\u00e9 envers la Cor\u00e9e du Nord. En Roumanie, Shinzo Abe sera re\u00e7u, mardi, \u00e0 Bucarest, par le pr\u00e9sident Klaus Iohannis. L\u2019agenda des discussions comprend le stade et les perspectives de renforcement des tr\u00e8s bons rapports de Partenariat renouvel\u00e9 entre la Roumanie et le Japon, au niveau politique, \u00e9conomique, culturel, s\u00e9curitaire et des relations inter humaines, a pr\u00e9cis\u00e9 l\u2019Administration pr\u00e9sidentielle. Des sujets tels la coop\u00e9ration du Japon avec l\u2019UE, les \u00e9volutions au niveau r\u00e9gional, avec un accent sur le dossier nord-cor\u00e9en, respectivement la coop\u00e9ration roumano-japonaise au niveau multilat\u00e9ral seront abord\u00e9s aussi. C\u2019est la premi\u00e8re visite dun premier ministre japonais et elle a lieu dans le contexte de la c\u00e9l\u00e9bration de 5 ans depuis que le Partenariat renouvel\u00e9 entre la Roumanie et le Japon a \u00e9t\u00e9 convenu, en 2013. <\/p>\n<p>&#13;<br \/>\n&#13;<\/p>\n<p>&#13;<br \/>\n&#13;<\/p>\n<p><strong>Tennis<\/strong> &#8212; La joueuse de tennis roumaine Mihaela Buzarnescu a vaincu ce vendredi l\u2019Ukrainienne Lesia Tsurenko (43e WTA) sur le score de 6-1, 6-2, dans les demi-finales du tournoi WTA de Hobart, en Australie. Lundi, la Roumaine, qui entrera pour la premi\u00e8re fois dans sa carri\u00e8re dans le Top 50 WTA, affrontera en finale la Belge Elise Mertens (36e WTA). Lundi, cest \u00e9galement le coup denvoi de lOpen dAustralie, premier tournoi du Grand Chelem de lann\u00e9e ; la Roumaine Simona Halep, n\u00b0 1 mondiale, en est la principale favorite. Elle jouera au premier tour contre une repr\u00e9sentante du pays h\u00f4te, Destanee Aiava. Outre Simona Halep, la Roumanie aura cinq joueuses au tableau principal : Sorana C\u00eerstea (37e WTA), Irina Begu (40e WTA), Mihaela Buz\u0103rnescu (44e WTA), Monica Niculescu (85e WTA), Ana Bogdan (107e WTA), mais aussi un repr\u00e9sentant dans la comp\u00e9tition de simple messieurs &#8211; Marius Copil (93e ATP). <\/p>\n<p>&#13;<br \/>\n&#13;<\/p>\n<p>&#13;<br \/>\n&#13;<\/p>\n<p><strong>Handball<\/strong> &#8212; La s\u00e9lection nationale masculine de handball de Roumanie a vaincu, vendredi \u00e0 Bolzano, en Italie, la s\u00e9lection des Iles F\u00e9ro\u00e9 28-20, dans le troisi\u00e8me groupe des pr\u00e9liminaires du Championnat du monde 2019, comp\u00e9tition accueillie par l\u2019Allemagne et par le Danemark. Jeudi, la s\u00e9lection de Roumanie, entra\u00een\u00e9e par l\u2019Espagnol Xavier Pascual, a vaincu l\u2019Italie, score 34-24. Samedi, les Roumains affronteront l\u2019Ukraine. 13 \u00e9quipes europ\u00e9ennes participent au Championnat du monde. Trois y sont d\u00e9j\u00e0 qualifi\u00e9es : la France (la championne en titre), et les pays h\u00f4tes &#8211; l\u2019Allemagne et le Danemark. <\/p>\n<p>&#13;<\/p>\n","protected":false},"excerpt":{"rendered":"<p>Budapest &#8212; Le minist\u00e8re des Affaires \u00e9trang\u00e8res de Bucarest a estim\u00e9, vendredi, que les d\u00e9clarations du premier ministre roumain, Mihai Tudose, avaient attir\u00e9 l\u2019attention sur la responsabilit\u00e9 des autorit\u00e9s centrales et locales du pays dans l\u2019assurance du respect de la loi, \u00e9tant d\u00e9pourvues de connotations ethniques, anti-magyares. Selon le minist\u00e8re, les affirmations du premier ministre [&hellip;]<\/p>\n","protected":false},"author":113,"featured_media":391122,"comment_status":"closed","ping_status":"closed","sticky":false,"template":"","format":"standard","meta":{"_acf_changed":false,"footnotes":""},"categories":[89002],"tags":[29875,29572,85310,29799,85765,85412,87848,87130,28939,86349],"coauthors":[],"class_list":["post-392643","post","type-post","status-publish","format-standard","has-post-thumbnail","hentry","category-le-flash","tag-defense","tag-handball","tag-hongrie","tag-laura-codruta-kovesi","tag-magyars","tag-roumanie","tag-sicules","tag-statistique","tag-tennis","tag-visite"],"acf":[],"yoast_head":"<!-- This site is optimized with the Yoast SEO plugin v27.5 - https:\/\/yoast.com\/product\/yoast-seo-wordpress\/ -->\n<title>12.01.2017 (mise \u00e0 jour) - Radio Roumanie Internationale<\/title>\n<meta name=\"robots\" content=\"index, follow, max-snippet:-1, max-image-preview:large, max-video-preview:-1\" \/>\n<link rel=\"canonical\" href=\"https:\/\/www.rri.ro\/fr\/actualites\/le-flash\/12-01-2017-mise-a-jour-2-id392643.html\" \/>\n<meta property=\"og:locale\" content=\"fr_FR\" \/>\n<meta property=\"og:type\" content=\"article\" \/>\n<meta property=\"og:title\" content=\"12.01.2017 (mise \u00e0 jour) - Radio Roumanie Internationale\" \/>\n<meta property=\"og:description\" content=\"Budapest &#8212; Le minist\u00e8re des Affaires \u00e9trang\u00e8res de Bucarest a estim\u00e9, vendredi, que les d\u00e9clarations du premier ministre roumain, Mihai Tudose, avaient attir\u00e9 l\u2019attention sur la responsabilit\u00e9 des autorit\u00e9s centrales et locales du pays dans l\u2019assurance du respect de la loi, \u00e9tant d\u00e9pourvues de connotations ethniques, anti-magyares. Selon le minist\u00e8re, les affirmations du premier ministre [&hellip;]\" \/>\n<meta property=\"og:url\" content=\"https:\/\/www.rri.ro\/fr\/actualites\/le-flash\/12-01-2017-mise-a-jour-2-id392643.html\" \/>\n<meta property=\"og:site_name\" content=\"Radio Roumanie Internationale\" \/>\n<meta property=\"article:published_time\" content=\"2018-01-12T16:53:00+00:00\" \/>\n<meta property=\"og:image\" content=\"https:\/\/www.rri.ro\/wp-content\/uploads\/2023\/10\/stiri-franceza-ok2.png\" \/>\n\t<meta property=\"og:image:width\" content=\"420\" \/>\n\t<meta property=\"og:image:height\" content=\"280\" \/>\n\t<meta property=\"og:image:type\" content=\"image\/png\" \/>\n<meta name=\"author\" content=\"Newsroom\" \/>\n<meta name=\"twitter:card\" content=\"summary_large_image\" \/>\n<meta name=\"twitter:label1\" content=\"\u00c9crit par\" \/>\n\t<meta name=\"twitter:data1\" content=\"Newsroom\" \/>\n\t<meta name=\"twitter:label2\" content=\"Dur\u00e9e de lecture estim\u00e9e\" \/>\n\t<meta name=\"twitter:data2\" content=\"6 minutes\" \/>\n\t<meta name=\"twitter:label3\" content=\"Written by\" \/>\n\t<meta name=\"twitter:data3\" content=\"Newsroom\" \/>\n<script type=\"application\/ld+json\" class=\"yoast-schema-graph\">{\"@context\":\"https:\\\/\\\/schema.org\",\"@graph\":[{\"@type\":\"Article\",\"@id\":\"https:\\\/\\\/www.rri.ro\\\/fr\\\/actualites\\\/le-flash\\\/12-01-2017-mise-a-jour-2-id392643.html#article\",\"isPartOf\":{\"@id\":\"https:\\\/\\\/www.rri.ro\\\/fr\\\/actualites\\\/le-flash\\\/12-01-2017-mise-a-jour-2-id392643.html\"},\"author\":{\"name\":\"Newsroom\",\"@id\":\"https:\\\/\\\/www.rri.ro\\\/#\\\/schema\\\/person\\\/4a479940371b9fdefd194f561e8a7f88\"},\"headline\":\"12.01.2017 (mise \u00e0 jour)\",\"datePublished\":\"2018-01-12T16:53:00+00:00\",\"mainEntityOfPage\":{\"@id\":\"https:\\\/\\\/www.rri.ro\\\/fr\\\/actualites\\\/le-flash\\\/12-01-2017-mise-a-jour-2-id392643.html\"},\"wordCount\":1250,\"image\":{\"@id\":\"https:\\\/\\\/www.rri.ro\\\/fr\\\/actualites\\\/le-flash\\\/12-01-2017-mise-a-jour-2-id392643.html#primaryimage\"},\"thumbnailUrl\":\"https:\\\/\\\/www.rri.ro\\\/wp-content\\\/uploads\\\/2023\\\/10\\\/stiri-franceza-ok2.png\",\"keywords\":[\"defense\",\"handball\",\"Hongrie\",\"Laura Codruta Kovesi\",\"Magyars\",\"Roumanie\",\"Sicules\",\"statistique\",\"tennis\",\"visite\"],\"articleSection\":[\"Le flash\"],\"inLanguage\":\"fr-FR\"},{\"@type\":\"WebPage\",\"@id\":\"https:\\\/\\\/www.rri.ro\\\/fr\\\/actualites\\\/le-flash\\\/12-01-2017-mise-a-jour-2-id392643.html\",\"url\":\"https:\\\/\\\/www.rri.ro\\\/fr\\\/actualites\\\/le-flash\\\/12-01-2017-mise-a-jour-2-id392643.html\",\"name\":\"12.01.2017 (mise \u00e0 jour) - Radio Roumanie Internationale\",\"isPartOf\":{\"@id\":\"https:\\\/\\\/www.rri.ro\\\/#website\"},\"primaryImageOfPage\":{\"@id\":\"https:\\\/\\\/www.rri.ro\\\/fr\\\/actualites\\\/le-flash\\\/12-01-2017-mise-a-jour-2-id392643.html#primaryimage\"},\"image\":{\"@id\":\"https:\\\/\\\/www.rri.ro\\\/fr\\\/actualites\\\/le-flash\\\/12-01-2017-mise-a-jour-2-id392643.html#primaryimage\"},\"thumbnailUrl\":\"https:\\\/\\\/www.rri.ro\\\/wp-content\\\/uploads\\\/2023\\\/10\\\/stiri-franceza-ok2.png\",\"datePublished\":\"2018-01-12T16:53:00+00:00\",\"author\":{\"@id\":\"https:\\\/\\\/www.rri.ro\\\/#\\\/schema\\\/person\\\/4a479940371b9fdefd194f561e8a7f88\"},\"breadcrumb\":{\"@id\":\"https:\\\/\\\/www.rri.ro\\\/fr\\\/actualites\\\/le-flash\\\/12-01-2017-mise-a-jour-2-id392643.html#breadcrumb\"},\"inLanguage\":\"fr-FR\",\"potentialAction\":[{\"@type\":\"ReadAction\",\"target\":[\"https:\\\/\\\/www.rri.ro\\\/fr\\\/actualites\\\/le-flash\\\/12-01-2017-mise-a-jour-2-id392643.html\"]}]},{\"@type\":\"ImageObject\",\"inLanguage\":\"fr-FR\",\"@id\":\"https:\\\/\\\/www.rri.ro\\\/fr\\\/actualites\\\/le-flash\\\/12-01-2017-mise-a-jour-2-id392643.html#primaryimage\",\"url\":\"https:\\\/\\\/www.rri.ro\\\/wp-content\\\/uploads\\\/2023\\\/10\\\/stiri-franceza-ok2.png\",\"contentUrl\":\"https:\\\/\\\/www.rri.ro\\\/wp-content\\\/uploads\\\/2023\\\/10\\\/stiri-franceza-ok2.png\",\"width\":420,\"height\":280},{\"@type\":\"BreadcrumbList\",\"@id\":\"https:\\\/\\\/www.rri.ro\\\/fr\\\/actualites\\\/le-flash\\\/12-01-2017-mise-a-jour-2-id392643.html#breadcrumb\",\"itemListElement\":[{\"@type\":\"ListItem\",\"position\":1,\"name\":\"Page d'accueil\",\"item\":\"https:\\\/\\\/www.rri.ro\\\/fr\"},{\"@type\":\"ListItem\",\"position\":2,\"name\":\"Actualit\u00e9s\",\"item\":\"https:\\\/\\\/www.rri.ro\\\/fr\\\/actualites\"},{\"@type\":\"ListItem\",\"position\":3,\"name\":\"Le flash\",\"item\":\"https:\\\/\\\/www.rri.ro\\\/fr\\\/actualites\\\/le-flash\"},{\"@type\":\"ListItem\",\"position\":4,\"name\":\"12.01.2017 (mise \u00e0 jour)\"}]},{\"@type\":\"WebSite\",\"@id\":\"https:\\\/\\\/www.rri.ro\\\/#website\",\"url\":\"https:\\\/\\\/www.rri.ro\\\/\",\"name\":\"Radio Roumanie Internationale\",\"description\":\"Totul despre Rom\u00e2nia \u015fi rom\u00e2ni, \u00een 13 limbi\\\/dialecte!\",\"inLanguage\":\"fr-FR\"},{\"@type\":\"Person\",\"@id\":\"https:\\\/\\\/www.rri.ro\\\/#\\\/schema\\\/person\\\/4a479940371b9fdefd194f561e8a7f88\",\"name\":\"Newsroom\",\"url\":\"https:\\\/\\\/www.rri.ro\\\/fr\\\/author\\\/newsroom\"}]}<\/script>\n<!-- \/ Yoast SEO plugin. -->","yoast_head_json":{"title":"12.01.2017 (mise \u00e0 jour) - Radio Roumanie Internationale","robots":{"index":"index","follow":"follow","max-snippet":"max-snippet:-1","max-image-preview":"max-image-preview:large","max-video-preview":"max-video-preview:-1"},"canonical":"https:\/\/www.rri.ro\/fr\/actualites\/le-flash\/12-01-2017-mise-a-jour-2-id392643.html","og_locale":"fr_FR","og_type":"article","og_title":"12.01.2017 (mise \u00e0 jour) - Radio Roumanie Internationale","og_description":"Budapest &#8212; Le minist\u00e8re des Affaires \u00e9trang\u00e8res de Bucarest a estim\u00e9, vendredi, que les d\u00e9clarations du premier ministre roumain, Mihai Tudose, avaient attir\u00e9 l\u2019attention sur la responsabilit\u00e9 des autorit\u00e9s centrales et locales du pays dans l\u2019assurance du respect de la loi, \u00e9tant d\u00e9pourvues de connotations ethniques, anti-magyares. Selon le minist\u00e8re, les affirmations du premier ministre [&hellip;]","og_url":"https:\/\/www.rri.ro\/fr\/actualites\/le-flash\/12-01-2017-mise-a-jour-2-id392643.html","og_site_name":"Radio Roumanie Internationale","article_published_time":"2018-01-12T16:53:00+00:00","og_image":[{"width":420,"height":280,"url":"https:\/\/www.rri.ro\/wp-content\/uploads\/2023\/10\/stiri-franceza-ok2.png","type":"image\/png"}],"author":"Newsroom","twitter_card":"summary_large_image","twitter_misc":{"\u00c9crit par":"Newsroom","Dur\u00e9e de lecture estim\u00e9e":"6 minutes","Written by":"Newsroom"},"schema":{"@context":"https:\/\/schema.org","@graph":[{"@type":"Article","@id":"https:\/\/www.rri.ro\/fr\/actualites\/le-flash\/12-01-2017-mise-a-jour-2-id392643.html#article","isPartOf":{"@id":"https:\/\/www.rri.ro\/fr\/actualites\/le-flash\/12-01-2017-mise-a-jour-2-id392643.html"},"author":{"name":"Newsroom","@id":"https:\/\/www.rri.ro\/#\/schema\/person\/4a479940371b9fdefd194f561e8a7f88"},"headline":"12.01.2017 (mise \u00e0 jour)","datePublished":"2018-01-12T16:53:00+00:00","mainEntityOfPage":{"@id":"https:\/\/www.rri.ro\/fr\/actualites\/le-flash\/12-01-2017-mise-a-jour-2-id392643.html"},"wordCount":1250,"image":{"@id":"https:\/\/www.rri.ro\/fr\/actualites\/le-flash\/12-01-2017-mise-a-jour-2-id392643.html#primaryimage"},"thumbnailUrl":"https:\/\/www.rri.ro\/wp-content\/uploads\/2023\/10\/stiri-franceza-ok2.png","keywords":["defense","handball","Hongrie","Laura Codruta Kovesi","Magyars","Roumanie","Sicules","statistique","tennis","visite"],"articleSection":["Le flash"],"inLanguage":"fr-FR"},{"@type":"WebPage","@id":"https:\/\/www.rri.ro\/fr\/actualites\/le-flash\/12-01-2017-mise-a-jour-2-id392643.html","url":"https:\/\/www.rri.ro\/fr\/actualites\/le-flash\/12-01-2017-mise-a-jour-2-id392643.html","name":"12.01.2017 (mise \u00e0 jour) - Radio Roumanie Internationale","isPartOf":{"@id":"https:\/\/www.rri.ro\/#website"},"primaryImageOfPage":{"@id":"https:\/\/www.rri.ro\/fr\/actualites\/le-flash\/12-01-2017-mise-a-jour-2-id392643.html#primaryimage"},"image":{"@id":"https:\/\/www.rri.ro\/fr\/actualites\/le-flash\/12-01-2017-mise-a-jour-2-id392643.html#primaryimage"},"thumbnailUrl":"https:\/\/www.rri.ro\/wp-content\/uploads\/2023\/10\/stiri-franceza-ok2.png","datePublished":"2018-01-12T16:53:00+00:00","author":{"@id":"https:\/\/www.rri.ro\/#\/schema\/person\/4a479940371b9fdefd194f561e8a7f88"},"breadcrumb":{"@id":"https:\/\/www.rri.ro\/fr\/actualites\/le-flash\/12-01-2017-mise-a-jour-2-id392643.html#breadcrumb"},"inLanguage":"fr-FR","potentialAction":[{"@type":"ReadAction","target":["https:\/\/www.rri.ro\/fr\/actualites\/le-flash\/12-01-2017-mise-a-jour-2-id392643.html"]}]},{"@type":"ImageObject","inLanguage":"fr-FR","@id":"https:\/\/www.rri.ro\/fr\/actualites\/le-flash\/12-01-2017-mise-a-jour-2-id392643.html#primaryimage","url":"https:\/\/www.rri.ro\/wp-content\/uploads\/2023\/10\/stiri-franceza-ok2.png","contentUrl":"https:\/\/www.rri.ro\/wp-content\/uploads\/2023\/10\/stiri-franceza-ok2.png","width":420,"height":280},{"@type":"BreadcrumbList","@id":"https:\/\/www.rri.ro\/fr\/actualites\/le-flash\/12-01-2017-mise-a-jour-2-id392643.html#breadcrumb","itemListElement":[{"@type":"ListItem","position":1,"name":"Page d'accueil","item":"https:\/\/www.rri.ro\/fr"},{"@type":"ListItem","position":2,"name":"Actualit\u00e9s","item":"https:\/\/www.rri.ro\/fr\/actualites"},{"@type":"ListItem","position":3,"name":"Le flash","item":"https:\/\/www.rri.ro\/fr\/actualites\/le-flash"},{"@type":"ListItem","position":4,"name":"12.01.2017 (mise \u00e0 jour)"}]},{"@type":"WebSite","@id":"https:\/\/www.rri.ro\/#website","url":"https:\/\/www.rri.ro\/","name":"Radio Roumanie Internationale","description":"Totul despre Rom\u00e2nia \u015fi rom\u00e2ni, \u00een 13 limbi\/dialecte!","inLanguage":"fr-FR"},{"@type":"Person","@id":"https:\/\/www.rri.ro\/#\/schema\/person\/4a479940371b9fdefd194f561e8a7f88","name":"Newsroom","url":"https:\/\/www.rri.ro\/fr\/author\/newsroom"}]}},"_links":{"self":[{"href":"https:\/\/www.rri.ro\/fr\/wp-json\/wp\/v2\/posts\/392643","targetHints":{"allow":["GET"]}}],"collection":[{"href":"https:\/\/www.rri.ro\/fr\/wp-json\/wp\/v2\/posts"}],"about":[{"href":"https:\/\/www.rri.ro\/fr\/wp-json\/wp\/v2\/types\/post"}],"author":[{"embeddable":true,"href":"https:\/\/www.rri.ro\/fr\/wp-json\/wp\/v2\/users\/113"}],"replies":[{"embeddable":true,"href":"https:\/\/www.rri.ro\/fr\/wp-json\/wp\/v2\/comments?post=392643"}],"version-history":[{"count":0,"href":"https:\/\/www.rri.ro\/fr\/wp-json\/wp\/v2\/posts\/392643\/revisions"}],"wp:featuredmedia":[{"embeddable":true,"href":"https:\/\/www.rri.ro\/fr\/wp-json\/wp\/v2\/media\/391122"}],"wp:attachment":[{"href":"https:\/\/www.rri.ro\/fr\/wp-json\/wp\/v2\/media?parent=392643"}],"wp:term":[{"taxonomy":"category","embeddable":true,"href":"https:\/\/www.rri.ro\/fr\/wp-json\/wp\/v2\/categories?post=392643"},{"taxonomy":"post_tag","embeddable":true,"href":"https:\/\/www.rri.ro\/fr\/wp-json\/wp\/v2\/tags?post=392643"},{"taxonomy":"author","embeddable":true,"href":"https:\/\/www.rri.ro\/fr\/wp-json\/wp\/v2\/coauthors?post=392643"}],"curies":[{"name":"wp","href":"https:\/\/api.w.org\/{rel}","templated":true}]}}