{"id":392769,"date":"2018-03-16T19:25:00","date_gmt":"2018-03-16T17:25:00","guid":{"rendered":"http:\/\/devrri.freshlemon.ro\/le-roumain-mot-a-mot\/consulter-les-lecons\/16-03-2018-mise-a-jour-id392769.html"},"modified":"2018-03-16T19:25:00","modified_gmt":"2018-03-16T17:25:00","slug":"16-03-2018-mise-a-jour","status":"publish","type":"post","link":"https:\/\/www.rri.ro\/fr\/actualites\/le-flash\/16-03-2018-mise-a-jour-id392769.html","title":{"rendered":"16.03.2018 (mise \u00e0 jour)"},"content":{"rendered":"<p><strong>Coop\u00e9ration<\/strong> &#8211; Le ministre roumain des Affaires \u00e9trang\u00e8res, Teodor Mele\u0219canu, et le Pr\u00e9sident de lInstitut fran\u00e7ais, Pierre Buhler, ont sign\u00e9, ce vendredi, le proc\u00e8s-verbal du troisi\u00e8me Comit\u00e9 mixte dorganisation de la Saison France-Roumanie. Le document met en exergue lavanc\u00e9e dans la pr\u00e9paration par les deux pays de ce projet commun de diplomatie publique, \u00e9conomique et culturelle. La Saison contribuera \u00e0 renouveler limage et la perception que les peuples roumain et fran\u00e7ais ont lun de lautre et \u00e0 renforcer les liens qui les unissent. Le rattachement des deux pays \u00e0 lid\u00e9al dune Europe de la paix, des id\u00e9es et de la coop\u00e9ration sera \u00e9galement une des lignes directrices de la Saison. \u00ab Ce que je souhaite pour louverture de la Saison France-Roumanie \u00e0 Paris dans 9 mois, cest que ce ne soit pas seulement louverture dune nouvelle Saison mais \u00e9galement dune nouvelle p\u00e9riode de rapprochement des valeurs et des id\u00e9es que partagent nos deux pays \u00bb, a d\u00e9clar\u00e9 le chef de la diplomatie roumaine Teodor Mele\u0219canu. \u00abCette Saison sera ainsi loccasion de mettre en \u00e9vidence, cette histoire et cette culture europ\u00e9enne que nous avons en partage \u00bb, a soulign\u00e9, \u00e0 son tour, le Pr\u00e9sident de lInstitut fran\u00e7ais, Pierre Buhler. La Saison d\u00e9butera en France au moment du Centenaire de la Roumanie moderne, et se prolongera en 2019 pendant la Pr\u00e9sidence roumaine du Conseil de lUnion europ\u00e9enne, en mettant laccent sur la culture et la cr\u00e9ation contemporaine, mais aussi sur l\u00e9ducation, l\u00e9conomie, le sport ou encore le tourisme.<\/p>\n<p>&#13;<br \/>\n&#13;<\/p>\n<p>&#13;<br \/>\n&#13;<\/p>\n<p><strong>Justice<\/strong> &#8211; Le Conseil sup\u00e9rieur de la magistrature de Roumanie a publi\u00e9, ce vendredi, la motivation de lavis n\u00e9gatif donn\u00e9 \u00e0 la sollicitation formul\u00e9e par le ministre de la justice de r\u00e9vocation de ses fonctions de Laura Codruta K\u00f6vesi, la procureure en chef de la Direction nationale anti-corruption. Le CSM pr\u00e9cise que la demande de r\u00e9vocation ne mentionnait ni les attributions l\u00e9gales enfreintes par Mme K\u00f6vesi ni la composante manag\u00e9riale vis\u00e9e. La Section pour les procureurs du CSM consid\u00e8re que la prise de dispositions p\u00e9nales et processuelles p\u00e9nales, qui soit diff\u00e9rente de linterpr\u00e9tation ult\u00e9rieure de la Cour constitutionnelle n\u00e9quivaut pas \u00e0 un manquement aux attributions de la fonction. Lavis du CSM a un pouvoir consultatif et cest le pr\u00e9sident de la R\u00e9publique Klaus Iohannis qui est appel\u00e9, par la loi, \u00e0 d\u00e9cider de r\u00e9voquer le chef de la DNA. Le ministre roumain de la justice, Tudorel Toader, a demand\u00e9, le mois dernier, la r\u00e9vocation de Laura Codruta K\u00f6vesi, sappuyant sur 20 arguments pr\u00e9sent\u00e9s publiquement.<\/p>\n<p>&#13;<br \/>\n&#13;<\/p>\n<p>&#13;<br \/>\n&#13;<\/p>\n<p><strong>D\u00e9couverte<\/strong> &#8212; Le Parquet g\u00e9n\u00e9ral de Roumanie a inform\u00e9 ce vendredi que 164 monnaies antiques, dont 20 monnaies daces de type Koson, vol\u00e9es sur les sites arch\u00e9ologiques des Monts Or\u0103\u015ftiei, avaient \u00e9t\u00e9 r\u00e9cup\u00e9r\u00e9es suites \u00e0 des perquisitions effectu\u00e9es en Autriche et en Allemagne. La Section Poursuite p\u00e9nale et criminalistique du Parquet pr\u00e8s la Haute Cour de Cassation et de Justice instruit une affaire de blanchiment d\u2019argent et de complicit\u00e9 de vol qualifi\u00e9, concernant des biens arch\u00e9ologiques du patrimoine culturel national roumain. Il s\u2019agit de tr\u00e9sors form\u00e9s de bracelets spiral\u00e9s, pi\u00e8ces de monnaie, boucliers, soustraits des sites arch\u00e9ologiques des Monts Or\u0103\u015ftiei et introduits ill\u00e9galement sur le march\u00e9 international d\u2019art\u00e9facts. Une ample op\u00e9ration de coop\u00e9ration judiciaire internationale, a \u00e9t\u00e9 men\u00e9e en f\u00e9vrier et mars 2018, par des officiers roumains du Service de protection du patrimoine culturel, en coop\u00e9ration avec les autorit\u00e9s judiciaires autrichiennes et allemandes, avec le soutien d\u2019Eurojust.     <\/p>\n<p>&#13;<br \/>\n&#13;<\/p>\n<p>&#13;<br \/>\n&#13;<\/p>\n<p><strong>M\u00e9t\u00e9o<\/strong> &#8211; Le temps entrera dans un processus de refroidissement s\u00e9v\u00e8re en Roumanie, qui d\u00e9butera samedi apr\u00e8s-midi dans le nord et le nord-ouest du pays. Dans le sud, le thermom\u00e8tre grimpera jusqu\u00e0 20\u00b0. Une alerte jaune aux pluies et aux chutes de neige abondantes, ainsi quau froid et au vent fort, entrera en vigueur samedi en milieu de journ\u00e9e, dans louest et le nord-ouest du pays. La chute des temp\u00e9ratures sera tr\u00e8s marqu\u00e9e, les valeurs enregistr\u00e9es allant se situer \u00e0 plus de 10-15\u00b0 en dessous des normales de saison.<\/p>\n<p>&#13;<\/p>\n","protected":false},"excerpt":{"rendered":"<p>Coop\u00e9ration &#8211; Le ministre roumain des Affaires \u00e9trang\u00e8res, Teodor Mele\u0219canu, et le Pr\u00e9sident de lInstitut fran\u00e7ais, Pierre Buhler, ont sign\u00e9, ce vendredi, le proc\u00e8s-verbal du troisi\u00e8me Comit\u00e9 mixte dorganisation de la Saison France-Roumanie. Le document met en exergue lavanc\u00e9e dans la pr\u00e9paration par les deux pays de ce projet commun de diplomatie publique, \u00e9conomique et [&hellip;]<\/p>\n","protected":false},"author":113,"featured_media":391122,"comment_status":"closed","ping_status":"closed","sticky":false,"template":"","format":"standard","meta":{"_acf_changed":false,"footnotes":""},"categories":[89002],"tags":[91226,181124,150642,91641,147064,91640,38921,91642,85412,91639],"coauthors":[],"class_list":["post-392769","post","type-post","status-publish","format-standard","has-post-thumbnail","hentry","category-le-flash","tag-avis","tag-csm-fr","tag-france-fr","tag-koson","tag-meteo-fr","tag-monnaies","tag-motivation","tag-recuperees","tag-roumanie","tag-saison-croisee"],"acf":[],"yoast_head":"<!-- This site is optimized with the Yoast SEO plugin v27.3 - https:\/\/yoast.com\/product\/yoast-seo-wordpress\/ -->\n<title>16.03.2018 (mise \u00e0 jour) - Radio Roumanie Internationale<\/title>\n<meta name=\"robots\" content=\"index, follow, max-snippet:-1, max-image-preview:large, max-video-preview:-1\" \/>\n<link rel=\"canonical\" href=\"https:\/\/www.rri.ro\/fr\/actualites\/le-flash\/16-03-2018-mise-a-jour-id392769.html\" \/>\n<meta property=\"og:locale\" content=\"fr_FR\" \/>\n<meta property=\"og:type\" content=\"article\" \/>\n<meta property=\"og:title\" content=\"16.03.2018 (mise \u00e0 jour) - Radio Roumanie Internationale\" \/>\n<meta property=\"og:description\" content=\"Coop\u00e9ration &#8211; Le ministre roumain des Affaires \u00e9trang\u00e8res, Teodor Mele\u0219canu, et le Pr\u00e9sident de lInstitut fran\u00e7ais, Pierre Buhler, ont sign\u00e9, ce vendredi, le proc\u00e8s-verbal du troisi\u00e8me Comit\u00e9 mixte dorganisation de la Saison France-Roumanie. Le document met en exergue lavanc\u00e9e dans la pr\u00e9paration par les deux pays de ce projet commun de diplomatie publique, \u00e9conomique et [&hellip;]\" \/>\n<meta property=\"og:url\" content=\"https:\/\/www.rri.ro\/fr\/actualites\/le-flash\/16-03-2018-mise-a-jour-id392769.html\" \/>\n<meta property=\"og:site_name\" content=\"Radio Roumanie Internationale\" \/>\n<meta property=\"article:published_time\" content=\"2018-03-16T17:25:00+00:00\" \/>\n<meta property=\"og:image\" content=\"https:\/\/www.rri.ro\/wp-content\/uploads\/2023\/10\/stiri-franceza-ok2.png\" \/>\n\t<meta property=\"og:image:width\" content=\"420\" \/>\n\t<meta property=\"og:image:height\" content=\"280\" \/>\n\t<meta property=\"og:image:type\" content=\"image\/png\" \/>\n<meta name=\"author\" content=\"Newsroom\" \/>\n<meta name=\"twitter:card\" content=\"summary_large_image\" \/>\n<meta name=\"twitter:label1\" content=\"\u00c9crit par\" \/>\n\t<meta name=\"twitter:data1\" content=\"Newsroom\" \/>\n\t<meta name=\"twitter:label2\" content=\"Dur\u00e9e de lecture estim\u00e9e\" \/>\n\t<meta name=\"twitter:data2\" content=\"4 minutes\" \/>\n\t<meta name=\"twitter:label3\" content=\"Written by\" \/>\n\t<meta name=\"twitter:data3\" content=\"Newsroom\" \/>\n<script type=\"application\/ld+json\" class=\"yoast-schema-graph\">{\"@context\":\"https:\\\/\\\/schema.org\",\"@graph\":[{\"@type\":\"Article\",\"@id\":\"https:\\\/\\\/www.rri.ro\\\/fr\\\/actualites\\\/le-flash\\\/16-03-2018-mise-a-jour-id392769.html#article\",\"isPartOf\":{\"@id\":\"https:\\\/\\\/www.rri.ro\\\/fr\\\/actualites\\\/le-flash\\\/16-03-2018-mise-a-jour-id392769.html\"},\"author\":{\"name\":\"Newsroom\",\"@id\":\"https:\\\/\\\/www.rri.ro\\\/#\\\/schema\\\/person\\\/4a479940371b9fdefd194f561e8a7f88\"},\"headline\":\"16.03.2018 (mise \u00e0 jour)\",\"datePublished\":\"2018-03-16T17:25:00+00:00\",\"mainEntityOfPage\":{\"@id\":\"https:\\\/\\\/www.rri.ro\\\/fr\\\/actualites\\\/le-flash\\\/16-03-2018-mise-a-jour-id392769.html\"},\"wordCount\":723,\"image\":{\"@id\":\"https:\\\/\\\/www.rri.ro\\\/fr\\\/actualites\\\/le-flash\\\/16-03-2018-mise-a-jour-id392769.html#primaryimage\"},\"thumbnailUrl\":\"https:\\\/\\\/www.rri.ro\\\/wp-content\\\/uploads\\\/2023\\\/10\\\/stiri-franceza-ok2.png\",\"keywords\":[\"avis\",\"CSM\",\"France\",\"koson\",\"meteo\",\"monnaies\",\"motivation\",\"r\u00e9cup\u00e9r\u00e9es\",\"Roumanie\",\"saison crois\u00e9e\"],\"articleSection\":[\"Le flash\"],\"inLanguage\":\"fr-FR\"},{\"@type\":\"WebPage\",\"@id\":\"https:\\\/\\\/www.rri.ro\\\/fr\\\/actualites\\\/le-flash\\\/16-03-2018-mise-a-jour-id392769.html\",\"url\":\"https:\\\/\\\/www.rri.ro\\\/fr\\\/actualites\\\/le-flash\\\/16-03-2018-mise-a-jour-id392769.html\",\"name\":\"16.03.2018 (mise \u00e0 jour) - Radio Roumanie Internationale\",\"isPartOf\":{\"@id\":\"https:\\\/\\\/www.rri.ro\\\/#website\"},\"primaryImageOfPage\":{\"@id\":\"https:\\\/\\\/www.rri.ro\\\/fr\\\/actualites\\\/le-flash\\\/16-03-2018-mise-a-jour-id392769.html#primaryimage\"},\"image\":{\"@id\":\"https:\\\/\\\/www.rri.ro\\\/fr\\\/actualites\\\/le-flash\\\/16-03-2018-mise-a-jour-id392769.html#primaryimage\"},\"thumbnailUrl\":\"https:\\\/\\\/www.rri.ro\\\/wp-content\\\/uploads\\\/2023\\\/10\\\/stiri-franceza-ok2.png\",\"datePublished\":\"2018-03-16T17:25:00+00:00\",\"author\":{\"@id\":\"https:\\\/\\\/www.rri.ro\\\/#\\\/schema\\\/person\\\/4a479940371b9fdefd194f561e8a7f88\"},\"breadcrumb\":{\"@id\":\"https:\\\/\\\/www.rri.ro\\\/fr\\\/actualites\\\/le-flash\\\/16-03-2018-mise-a-jour-id392769.html#breadcrumb\"},\"inLanguage\":\"fr-FR\",\"potentialAction\":[{\"@type\":\"ReadAction\",\"target\":[\"https:\\\/\\\/www.rri.ro\\\/fr\\\/actualites\\\/le-flash\\\/16-03-2018-mise-a-jour-id392769.html\"]}]},{\"@type\":\"ImageObject\",\"inLanguage\":\"fr-FR\",\"@id\":\"https:\\\/\\\/www.rri.ro\\\/fr\\\/actualites\\\/le-flash\\\/16-03-2018-mise-a-jour-id392769.html#primaryimage\",\"url\":\"https:\\\/\\\/www.rri.ro\\\/wp-content\\\/uploads\\\/2023\\\/10\\\/stiri-franceza-ok2.png\",\"contentUrl\":\"https:\\\/\\\/www.rri.ro\\\/wp-content\\\/uploads\\\/2023\\\/10\\\/stiri-franceza-ok2.png\",\"width\":420,\"height\":280},{\"@type\":\"BreadcrumbList\",\"@id\":\"https:\\\/\\\/www.rri.ro\\\/fr\\\/actualites\\\/le-flash\\\/16-03-2018-mise-a-jour-id392769.html#breadcrumb\",\"itemListElement\":[{\"@type\":\"ListItem\",\"position\":1,\"name\":\"Page d'accueil\",\"item\":\"https:\\\/\\\/www.rri.ro\\\/fr\"},{\"@type\":\"ListItem\",\"position\":2,\"name\":\"Actualit\u00e9s\",\"item\":\"https:\\\/\\\/www.rri.ro\\\/fr\\\/actualites\"},{\"@type\":\"ListItem\",\"position\":3,\"name\":\"Le flash\",\"item\":\"https:\\\/\\\/www.rri.ro\\\/fr\\\/actualites\\\/le-flash\"},{\"@type\":\"ListItem\",\"position\":4,\"name\":\"16.03.2018 (mise \u00e0 jour)\"}]},{\"@type\":\"WebSite\",\"@id\":\"https:\\\/\\\/www.rri.ro\\\/#website\",\"url\":\"https:\\\/\\\/www.rri.ro\\\/\",\"name\":\"Radio Roumanie Internationale\",\"description\":\"Totul despre Rom\u00e2nia \u015fi rom\u00e2ni, \u00een 13 limbi\\\/dialecte!\",\"inLanguage\":\"fr-FR\"},{\"@type\":\"Person\",\"@id\":\"https:\\\/\\\/www.rri.ro\\\/#\\\/schema\\\/person\\\/4a479940371b9fdefd194f561e8a7f88\",\"name\":\"Newsroom\",\"url\":\"https:\\\/\\\/www.rri.ro\\\/fr\\\/author\\\/newsroom\"}]}<\/script>\n<!-- \/ Yoast SEO plugin. -->","yoast_head_json":{"title":"16.03.2018 (mise \u00e0 jour) - Radio Roumanie Internationale","robots":{"index":"index","follow":"follow","max-snippet":"max-snippet:-1","max-image-preview":"max-image-preview:large","max-video-preview":"max-video-preview:-1"},"canonical":"https:\/\/www.rri.ro\/fr\/actualites\/le-flash\/16-03-2018-mise-a-jour-id392769.html","og_locale":"fr_FR","og_type":"article","og_title":"16.03.2018 (mise \u00e0 jour) - Radio Roumanie Internationale","og_description":"Coop\u00e9ration &#8211; Le ministre roumain des Affaires \u00e9trang\u00e8res, Teodor Mele\u0219canu, et le Pr\u00e9sident de lInstitut fran\u00e7ais, Pierre Buhler, ont sign\u00e9, ce vendredi, le proc\u00e8s-verbal du troisi\u00e8me Comit\u00e9 mixte dorganisation de la Saison France-Roumanie. Le document met en exergue lavanc\u00e9e dans la pr\u00e9paration par les deux pays de ce projet commun de diplomatie publique, \u00e9conomique et [&hellip;]","og_url":"https:\/\/www.rri.ro\/fr\/actualites\/le-flash\/16-03-2018-mise-a-jour-id392769.html","og_site_name":"Radio Roumanie Internationale","article_published_time":"2018-03-16T17:25:00+00:00","og_image":[{"width":420,"height":280,"url":"https:\/\/www.rri.ro\/wp-content\/uploads\/2023\/10\/stiri-franceza-ok2.png","type":"image\/png"}],"author":"Newsroom","twitter_card":"summary_large_image","twitter_misc":{"\u00c9crit par":"Newsroom","Dur\u00e9e de lecture estim\u00e9e":"4 minutes","Written by":"Newsroom"},"schema":{"@context":"https:\/\/schema.org","@graph":[{"@type":"Article","@id":"https:\/\/www.rri.ro\/fr\/actualites\/le-flash\/16-03-2018-mise-a-jour-id392769.html#article","isPartOf":{"@id":"https:\/\/www.rri.ro\/fr\/actualites\/le-flash\/16-03-2018-mise-a-jour-id392769.html"},"author":{"name":"Newsroom","@id":"https:\/\/www.rri.ro\/#\/schema\/person\/4a479940371b9fdefd194f561e8a7f88"},"headline":"16.03.2018 (mise \u00e0 jour)","datePublished":"2018-03-16T17:25:00+00:00","mainEntityOfPage":{"@id":"https:\/\/www.rri.ro\/fr\/actualites\/le-flash\/16-03-2018-mise-a-jour-id392769.html"},"wordCount":723,"image":{"@id":"https:\/\/www.rri.ro\/fr\/actualites\/le-flash\/16-03-2018-mise-a-jour-id392769.html#primaryimage"},"thumbnailUrl":"https:\/\/www.rri.ro\/wp-content\/uploads\/2023\/10\/stiri-franceza-ok2.png","keywords":["avis","CSM","France","koson","meteo","monnaies","motivation","r\u00e9cup\u00e9r\u00e9es","Roumanie","saison crois\u00e9e"],"articleSection":["Le flash"],"inLanguage":"fr-FR"},{"@type":"WebPage","@id":"https:\/\/www.rri.ro\/fr\/actualites\/le-flash\/16-03-2018-mise-a-jour-id392769.html","url":"https:\/\/www.rri.ro\/fr\/actualites\/le-flash\/16-03-2018-mise-a-jour-id392769.html","name":"16.03.2018 (mise \u00e0 jour) - Radio Roumanie Internationale","isPartOf":{"@id":"https:\/\/www.rri.ro\/#website"},"primaryImageOfPage":{"@id":"https:\/\/www.rri.ro\/fr\/actualites\/le-flash\/16-03-2018-mise-a-jour-id392769.html#primaryimage"},"image":{"@id":"https:\/\/www.rri.ro\/fr\/actualites\/le-flash\/16-03-2018-mise-a-jour-id392769.html#primaryimage"},"thumbnailUrl":"https:\/\/www.rri.ro\/wp-content\/uploads\/2023\/10\/stiri-franceza-ok2.png","datePublished":"2018-03-16T17:25:00+00:00","author":{"@id":"https:\/\/www.rri.ro\/#\/schema\/person\/4a479940371b9fdefd194f561e8a7f88"},"breadcrumb":{"@id":"https:\/\/www.rri.ro\/fr\/actualites\/le-flash\/16-03-2018-mise-a-jour-id392769.html#breadcrumb"},"inLanguage":"fr-FR","potentialAction":[{"@type":"ReadAction","target":["https:\/\/www.rri.ro\/fr\/actualites\/le-flash\/16-03-2018-mise-a-jour-id392769.html"]}]},{"@type":"ImageObject","inLanguage":"fr-FR","@id":"https:\/\/www.rri.ro\/fr\/actualites\/le-flash\/16-03-2018-mise-a-jour-id392769.html#primaryimage","url":"https:\/\/www.rri.ro\/wp-content\/uploads\/2023\/10\/stiri-franceza-ok2.png","contentUrl":"https:\/\/www.rri.ro\/wp-content\/uploads\/2023\/10\/stiri-franceza-ok2.png","width":420,"height":280},{"@type":"BreadcrumbList","@id":"https:\/\/www.rri.ro\/fr\/actualites\/le-flash\/16-03-2018-mise-a-jour-id392769.html#breadcrumb","itemListElement":[{"@type":"ListItem","position":1,"name":"Page d'accueil","item":"https:\/\/www.rri.ro\/fr"},{"@type":"ListItem","position":2,"name":"Actualit\u00e9s","item":"https:\/\/www.rri.ro\/fr\/actualites"},{"@type":"ListItem","position":3,"name":"Le flash","item":"https:\/\/www.rri.ro\/fr\/actualites\/le-flash"},{"@type":"ListItem","position":4,"name":"16.03.2018 (mise \u00e0 jour)"}]},{"@type":"WebSite","@id":"https:\/\/www.rri.ro\/#website","url":"https:\/\/www.rri.ro\/","name":"Radio Roumanie Internationale","description":"Totul despre Rom\u00e2nia \u015fi rom\u00e2ni, \u00een 13 limbi\/dialecte!","inLanguage":"fr-FR"},{"@type":"Person","@id":"https:\/\/www.rri.ro\/#\/schema\/person\/4a479940371b9fdefd194f561e8a7f88","name":"Newsroom","url":"https:\/\/www.rri.ro\/fr\/author\/newsroom"}]}},"_links":{"self":[{"href":"https:\/\/www.rri.ro\/fr\/wp-json\/wp\/v2\/posts\/392769","targetHints":{"allow":["GET"]}}],"collection":[{"href":"https:\/\/www.rri.ro\/fr\/wp-json\/wp\/v2\/posts"}],"about":[{"href":"https:\/\/www.rri.ro\/fr\/wp-json\/wp\/v2\/types\/post"}],"author":[{"embeddable":true,"href":"https:\/\/www.rri.ro\/fr\/wp-json\/wp\/v2\/users\/113"}],"replies":[{"embeddable":true,"href":"https:\/\/www.rri.ro\/fr\/wp-json\/wp\/v2\/comments?post=392769"}],"version-history":[{"count":0,"href":"https:\/\/www.rri.ro\/fr\/wp-json\/wp\/v2\/posts\/392769\/revisions"}],"wp:featuredmedia":[{"embeddable":true,"href":"https:\/\/www.rri.ro\/fr\/wp-json\/wp\/v2\/media\/391122"}],"wp:attachment":[{"href":"https:\/\/www.rri.ro\/fr\/wp-json\/wp\/v2\/media?parent=392769"}],"wp:term":[{"taxonomy":"category","embeddable":true,"href":"https:\/\/www.rri.ro\/fr\/wp-json\/wp\/v2\/categories?post=392769"},{"taxonomy":"post_tag","embeddable":true,"href":"https:\/\/www.rri.ro\/fr\/wp-json\/wp\/v2\/tags?post=392769"},{"taxonomy":"author","embeddable":true,"href":"https:\/\/www.rri.ro\/fr\/wp-json\/wp\/v2\/coauthors?post=392769"}],"curies":[{"name":"wp","href":"https:\/\/api.w.org\/{rel}","templated":true}]}}