{"id":393434,"date":"2019-02-24T18:56:00","date_gmt":"2019-02-24T16:56:00","guid":{"rendered":"http:\/\/devrri.freshlemon.ro\/le-roumain-mot-a-mot\/consulter-les-lecons\/24-02-2019-mise-a-jour-id393434.html"},"modified":"2019-02-24T18:56:00","modified_gmt":"2019-02-24T16:56:00","slug":"24-02-2019-mise-a-jour","status":"publish","type":"post","link":"https:\/\/www.rri.ro\/fr\/actualites\/le-flash\/24-02-2019-mise-a-jour-id393434.html","title":{"rendered":"24.02.2019 (mise \u00e0 jour)"},"content":{"rendered":"<p><strong class=cms-bold>Etats Arabes<\/strong> &#8211; La coop\u00e9ration entre l&rsquo;UE et la Ligue des Etats Arabes est vitale dans la lutte contre le terrorisme, a d\u00e9clar\u00e9 dimanche le pr\u00e9sident roumain, Klaus Iohannis, dans son allocution au premier sommet entre UE et la Ligue des Etat arabes, accueille par la ville de Sharm El-Sheikh, en Egypte. Il a \u00e9galement soulign\u00e9 que la Roumanie s&rsquo;opposait fortement \u00e0 toute forme de terrorisme et d&rsquo;extr\u00e9misme violent. Ces derni\u00e8res ann\u00e9es, la r\u00e9gion a connu plusieurs crises, qui, malgr\u00e9 les efforts des acteurs locaux et de la communaut\u00e9 internationale, continuent d&rsquo;affecter la s\u00e9curit\u00e9 internationale, a encore ajout\u00e9 le pr\u00e9sident roumain. A son avis, l&rsquo;\u00e9conomie est le \u00ab moteur de la transformation positive \u00bb, les \u00e9changes commerciaux et les investissements contribuant au d\u00e9veloppement durable, \u00e0 la r\u00e9duction de la pauvret\u00e9 et \u00e0 la cr\u00e9ation d&#8217;emplois. Enfin, la migration reste un d\u00e9fi majeur et il faut \u00ab approcher les causes profondes de ce ph\u00e9nom\u00e8ne et de coop\u00e9rer de pr\u00e8s avec les pays d&rsquo;origine et de transit des migrants \u00bb a conclu le chef de l&rsquo;Etat roumain.  <\/p>\n<p><\/p>\n<p><strong class=cms-bold>Magistrats <\/strong>&#8211; A Bucarest, la premi\u00e8re ministre Viorica Dancila a invit\u00e9 les repr\u00e9sentants des associations des magistrats et du Conseil Sup\u00e9rieur de la Magistrature aux discussions, lundi, au sujet des modifications des lois de la Justice. Dans un communiqu\u00e9, Mme Dancila garantit la totale disponibilit\u00e9 de la part de son cabinet pour soutenir toutes les institutions du syst\u00e8me judiciaire roumain \u00e0 r\u00e9aliser l&rsquo;acte de justice de mani\u00e8re correcte, dans le respect des droits fondamentaux des citoyens. Cette annonce a \u00e9t\u00e9 faite dans le contexte o\u00f9, vendredi, dans plusieurs villes roumaines, les magistrats ont protest\u00e9 contre un d\u00e9cret d&rsquo;urgence adopt\u00e9 par le gouvernement dans le domaine de la justice, qui, \u00e0 leur avis, risque de d\u00e9boucher sur un blocage institutionnel et porter atteinte \u00e0 l&rsquo;ind\u00e9pendance de la justice. De m\u00eame, plusieurs tribunaux \u00e0 travers le pays ont d\u00e9cid\u00e9 de suspendre leur activit\u00e9 une semaine durant, \u00e0 partir de lundi, toujours en signe protestation. Enfin, 3 associations de magistrats ont d\u00e9j\u00e0 d\u00e9clin\u00e9 l&rsquo;invitation aux discussions lanc\u00e9e par le gouvernement, Dimanche soir, les gens se ressemblaient \u00e0 Bucarest et dans plusieurs villes de Roumanie pour de nouvelles protestations anti-gouvernementales. <\/p>\n<p><\/p>\n<p><strong class=cms-bold>Diaspora <\/strong>&#8211; Du 22 au 24 f\u00e9vrier, des experts internationaux se sont r\u00e9unis pour la premi\u00e8re fois pour un d\u00e9bat sur des questions li\u00e9es \u00e0 la diaspora de l&rsquo;UE \u00e0 Craiova (sud). L&rsquo;accent \u00e9tait mis sur la r\u00e9insertion socio-professionnelle dans les pays d&rsquo;origine, sur la lutte contre la traite de personnes et contre le ph\u00e9nom\u00e8ne de l&rsquo;esclavage contemporain. L&rsquo;occasion pour les participants de pr\u00e9senter des programmes de r\u00e9insertion professionnelle et d&rsquo;int\u00e9gration sociale ou bien de projets cens\u00e9s persuader les gens de rentrer au pays d&rsquo;origine, mais aussi des campagnes pour informer correctement le public au sujet de la traite des \u00eatres humains. Notons aussi que ces d\u00e9bats sont organis\u00e9s par le minist\u00e8re charg\u00e9 de la relation avec les Roumains de l&rsquo;\u00e9tranger, dans le cadre de la pr\u00e9sidence tournante de l&rsquo;UE que la Roumanie assume au premier semestre de cette ann\u00e9e.  <\/p>\n<p><strong class=cms-bold>Tourisme <\/strong>&#8211; La Foire de Tourisme de la Roumanie a ferm\u00e9 ses portes ce dimanche. Quatre jours durant, quelque 330 tour-op\u00e9rateurs de 15 pays y ont pr\u00e9sent\u00e9 leurs offres. A cette occasion, le projet intitul\u00e9 \u00ab La route du Vo\u00efvode Stefan cel Mare (Etienne le Grand) \u00bb a \u00e9t\u00e9 lanc\u00e9 dans le but de faire d\u00e9couvrir aux touristes l&rsquo;histoire et la culture de la r\u00e9gion de l&rsquo;ancienne province de Moldavie. La route inclut 24 objectifs historiques et culturels se trouvant sur le territoire de la Roumanie et une dizaine se trouvant en R\u00e9publique de Moldova voisine.<\/p>\n<p><\/p>\n<p><strong class=cms-bold>M\u00e9t\u00e9o <\/strong>&#8211; Les m\u00e9t\u00e9orologues annoncent du beau temps en Roumanie dans les 24 prochaines heures,. Le vent soufflera l\u00e9g\u00e8rement sur le pays et plus fort en altitude. Les temp\u00e9ratures maximales seront \u00e0 la hausse et iront de -2 \u00e0 10 degr\u00e9s. <\/p>\n","protected":false},"excerpt":{"rendered":"<p>Etats Arabes &#8211; La coop\u00e9ration entre l&rsquo;UE et la Ligue des Etats Arabes est vitale dans la lutte contre le terrorisme, a d\u00e9clar\u00e9 dimanche le pr\u00e9sident roumain, Klaus Iohannis, dans son allocution au premier sommet entre UE et la Ligue des Etat arabes, accueille par la ville de Sharm El-Sheikh, en Egypte. Il a \u00e9galement [&hellip;]<\/p>\n","protected":false},"author":113,"featured_media":391122,"comment_status":"closed","ping_status":"closed","sticky":false,"template":"","format":"standard","meta":{"_acf_changed":false,"footnotes":""},"categories":[89002],"tags":[22456,92098,87778,29871,89940,90290,85700,88110,90750,40296],"coauthors":[],"class_list":["post-393434","post","type-post","status-publish","format-standard","has-post-thumbnail","hentry","category-le-flash","tag-diaspora","tag-etats-arabes","tag-foire-de-tourisme","tag-justice","tag-ligue-des-etats-arabes","tag-magistrats","tag-protestations","tag-sommet","tag-traite-de-personnes","tag-ue"],"acf":[],"yoast_head":"<!-- This site is optimized with the Yoast SEO plugin v27.3 - https:\/\/yoast.com\/product\/yoast-seo-wordpress\/ -->\n<title>24.02.2019 (mise \u00e0 jour) - Radio Roumanie Internationale<\/title>\n<meta name=\"robots\" content=\"index, follow, max-snippet:-1, max-image-preview:large, max-video-preview:-1\" \/>\n<link rel=\"canonical\" href=\"https:\/\/www.rri.ro\/fr\/actualites\/le-flash\/24-02-2019-mise-a-jour-id393434.html\" \/>\n<meta property=\"og:locale\" content=\"fr_FR\" \/>\n<meta property=\"og:type\" content=\"article\" \/>\n<meta property=\"og:title\" content=\"24.02.2019 (mise \u00e0 jour) - Radio Roumanie Internationale\" \/>\n<meta property=\"og:description\" content=\"Etats Arabes &#8211; La coop\u00e9ration entre l&rsquo;UE et la Ligue des Etats Arabes est vitale dans la lutte contre le terrorisme, a d\u00e9clar\u00e9 dimanche le pr\u00e9sident roumain, Klaus Iohannis, dans son allocution au premier sommet entre UE et la Ligue des Etat arabes, accueille par la ville de Sharm El-Sheikh, en Egypte. Il a \u00e9galement [&hellip;]\" \/>\n<meta property=\"og:url\" content=\"https:\/\/www.rri.ro\/fr\/actualites\/le-flash\/24-02-2019-mise-a-jour-id393434.html\" \/>\n<meta property=\"og:site_name\" content=\"Radio Roumanie Internationale\" \/>\n<meta property=\"article:published_time\" content=\"2019-02-24T16:56:00+00:00\" \/>\n<meta property=\"og:image\" content=\"https:\/\/www.rri.ro\/wp-content\/uploads\/2023\/10\/stiri-franceza-ok2.png\" \/>\n\t<meta property=\"og:image:width\" content=\"420\" \/>\n\t<meta property=\"og:image:height\" content=\"280\" \/>\n\t<meta property=\"og:image:type\" content=\"image\/png\" \/>\n<meta name=\"author\" content=\"Newsroom\" \/>\n<meta name=\"twitter:card\" content=\"summary_large_image\" \/>\n<meta name=\"twitter:label1\" content=\"\u00c9crit par\" \/>\n\t<meta name=\"twitter:data1\" content=\"Newsroom\" \/>\n\t<meta name=\"twitter:label2\" content=\"Dur\u00e9e de lecture estim\u00e9e\" \/>\n\t<meta name=\"twitter:data2\" content=\"3 minutes\" \/>\n\t<meta name=\"twitter:label3\" content=\"Written by\" \/>\n\t<meta name=\"twitter:data3\" content=\"Newsroom\" \/>\n<script type=\"application\/ld+json\" class=\"yoast-schema-graph\">{\"@context\":\"https:\\\/\\\/schema.org\",\"@graph\":[{\"@type\":\"Article\",\"@id\":\"https:\\\/\\\/www.rri.ro\\\/fr\\\/actualites\\\/le-flash\\\/24-02-2019-mise-a-jour-id393434.html#article\",\"isPartOf\":{\"@id\":\"https:\\\/\\\/www.rri.ro\\\/fr\\\/actualites\\\/le-flash\\\/24-02-2019-mise-a-jour-id393434.html\"},\"author\":{\"name\":\"Newsroom\",\"@id\":\"https:\\\/\\\/www.rri.ro\\\/#\\\/schema\\\/person\\\/4a479940371b9fdefd194f561e8a7f88\"},\"headline\":\"24.02.2019 (mise \u00e0 jour)\",\"datePublished\":\"2019-02-24T16:56:00+00:00\",\"mainEntityOfPage\":{\"@id\":\"https:\\\/\\\/www.rri.ro\\\/fr\\\/actualites\\\/le-flash\\\/24-02-2019-mise-a-jour-id393434.html\"},\"wordCount\":698,\"image\":{\"@id\":\"https:\\\/\\\/www.rri.ro\\\/fr\\\/actualites\\\/le-flash\\\/24-02-2019-mise-a-jour-id393434.html#primaryimage\"},\"thumbnailUrl\":\"https:\\\/\\\/www.rri.ro\\\/wp-content\\\/uploads\\\/2023\\\/10\\\/stiri-franceza-ok2.png\",\"keywords\":[\"diaspora\",\"etats arabes\",\"foire de tourisme\",\"justice\",\"Ligue des Etats Arabes\",\"magistrats\",\"protestations\",\"sommet\",\"traite de personnes\",\"UE\"],\"articleSection\":[\"Le flash\"],\"inLanguage\":\"fr-FR\"},{\"@type\":\"WebPage\",\"@id\":\"https:\\\/\\\/www.rri.ro\\\/fr\\\/actualites\\\/le-flash\\\/24-02-2019-mise-a-jour-id393434.html\",\"url\":\"https:\\\/\\\/www.rri.ro\\\/fr\\\/actualites\\\/le-flash\\\/24-02-2019-mise-a-jour-id393434.html\",\"name\":\"24.02.2019 (mise \u00e0 jour) - Radio Roumanie Internationale\",\"isPartOf\":{\"@id\":\"https:\\\/\\\/www.rri.ro\\\/#website\"},\"primaryImageOfPage\":{\"@id\":\"https:\\\/\\\/www.rri.ro\\\/fr\\\/actualites\\\/le-flash\\\/24-02-2019-mise-a-jour-id393434.html#primaryimage\"},\"image\":{\"@id\":\"https:\\\/\\\/www.rri.ro\\\/fr\\\/actualites\\\/le-flash\\\/24-02-2019-mise-a-jour-id393434.html#primaryimage\"},\"thumbnailUrl\":\"https:\\\/\\\/www.rri.ro\\\/wp-content\\\/uploads\\\/2023\\\/10\\\/stiri-franceza-ok2.png\",\"datePublished\":\"2019-02-24T16:56:00+00:00\",\"author\":{\"@id\":\"https:\\\/\\\/www.rri.ro\\\/#\\\/schema\\\/person\\\/4a479940371b9fdefd194f561e8a7f88\"},\"breadcrumb\":{\"@id\":\"https:\\\/\\\/www.rri.ro\\\/fr\\\/actualites\\\/le-flash\\\/24-02-2019-mise-a-jour-id393434.html#breadcrumb\"},\"inLanguage\":\"fr-FR\",\"potentialAction\":[{\"@type\":\"ReadAction\",\"target\":[\"https:\\\/\\\/www.rri.ro\\\/fr\\\/actualites\\\/le-flash\\\/24-02-2019-mise-a-jour-id393434.html\"]}]},{\"@type\":\"ImageObject\",\"inLanguage\":\"fr-FR\",\"@id\":\"https:\\\/\\\/www.rri.ro\\\/fr\\\/actualites\\\/le-flash\\\/24-02-2019-mise-a-jour-id393434.html#primaryimage\",\"url\":\"https:\\\/\\\/www.rri.ro\\\/wp-content\\\/uploads\\\/2023\\\/10\\\/stiri-franceza-ok2.png\",\"contentUrl\":\"https:\\\/\\\/www.rri.ro\\\/wp-content\\\/uploads\\\/2023\\\/10\\\/stiri-franceza-ok2.png\",\"width\":420,\"height\":280},{\"@type\":\"BreadcrumbList\",\"@id\":\"https:\\\/\\\/www.rri.ro\\\/fr\\\/actualites\\\/le-flash\\\/24-02-2019-mise-a-jour-id393434.html#breadcrumb\",\"itemListElement\":[{\"@type\":\"ListItem\",\"position\":1,\"name\":\"Page d'accueil\",\"item\":\"https:\\\/\\\/www.rri.ro\\\/fr\"},{\"@type\":\"ListItem\",\"position\":2,\"name\":\"Actualit\u00e9s\",\"item\":\"https:\\\/\\\/www.rri.ro\\\/fr\\\/actualites\"},{\"@type\":\"ListItem\",\"position\":3,\"name\":\"Le flash\",\"item\":\"https:\\\/\\\/www.rri.ro\\\/fr\\\/actualites\\\/le-flash\"},{\"@type\":\"ListItem\",\"position\":4,\"name\":\"24.02.2019 (mise \u00e0 jour)\"}]},{\"@type\":\"WebSite\",\"@id\":\"https:\\\/\\\/www.rri.ro\\\/#website\",\"url\":\"https:\\\/\\\/www.rri.ro\\\/\",\"name\":\"Radio Roumanie Internationale\",\"description\":\"Totul despre Rom\u00e2nia \u015fi rom\u00e2ni, \u00een 13 limbi\\\/dialecte!\",\"inLanguage\":\"fr-FR\"},{\"@type\":\"Person\",\"@id\":\"https:\\\/\\\/www.rri.ro\\\/#\\\/schema\\\/person\\\/4a479940371b9fdefd194f561e8a7f88\",\"name\":\"Newsroom\",\"url\":\"https:\\\/\\\/www.rri.ro\\\/fr\\\/author\\\/newsroom\"}]}<\/script>\n<!-- \/ Yoast SEO plugin. -->","yoast_head_json":{"title":"24.02.2019 (mise \u00e0 jour) - Radio Roumanie Internationale","robots":{"index":"index","follow":"follow","max-snippet":"max-snippet:-1","max-image-preview":"max-image-preview:large","max-video-preview":"max-video-preview:-1"},"canonical":"https:\/\/www.rri.ro\/fr\/actualites\/le-flash\/24-02-2019-mise-a-jour-id393434.html","og_locale":"fr_FR","og_type":"article","og_title":"24.02.2019 (mise \u00e0 jour) - Radio Roumanie Internationale","og_description":"Etats Arabes &#8211; La coop\u00e9ration entre l&rsquo;UE et la Ligue des Etats Arabes est vitale dans la lutte contre le terrorisme, a d\u00e9clar\u00e9 dimanche le pr\u00e9sident roumain, Klaus Iohannis, dans son allocution au premier sommet entre UE et la Ligue des Etat arabes, accueille par la ville de Sharm El-Sheikh, en Egypte. Il a \u00e9galement [&hellip;]","og_url":"https:\/\/www.rri.ro\/fr\/actualites\/le-flash\/24-02-2019-mise-a-jour-id393434.html","og_site_name":"Radio Roumanie Internationale","article_published_time":"2019-02-24T16:56:00+00:00","og_image":[{"width":420,"height":280,"url":"https:\/\/www.rri.ro\/wp-content\/uploads\/2023\/10\/stiri-franceza-ok2.png","type":"image\/png"}],"author":"Newsroom","twitter_card":"summary_large_image","twitter_misc":{"\u00c9crit par":"Newsroom","Dur\u00e9e de lecture estim\u00e9e":"3 minutes","Written by":"Newsroom"},"schema":{"@context":"https:\/\/schema.org","@graph":[{"@type":"Article","@id":"https:\/\/www.rri.ro\/fr\/actualites\/le-flash\/24-02-2019-mise-a-jour-id393434.html#article","isPartOf":{"@id":"https:\/\/www.rri.ro\/fr\/actualites\/le-flash\/24-02-2019-mise-a-jour-id393434.html"},"author":{"name":"Newsroom","@id":"https:\/\/www.rri.ro\/#\/schema\/person\/4a479940371b9fdefd194f561e8a7f88"},"headline":"24.02.2019 (mise \u00e0 jour)","datePublished":"2019-02-24T16:56:00+00:00","mainEntityOfPage":{"@id":"https:\/\/www.rri.ro\/fr\/actualites\/le-flash\/24-02-2019-mise-a-jour-id393434.html"},"wordCount":698,"image":{"@id":"https:\/\/www.rri.ro\/fr\/actualites\/le-flash\/24-02-2019-mise-a-jour-id393434.html#primaryimage"},"thumbnailUrl":"https:\/\/www.rri.ro\/wp-content\/uploads\/2023\/10\/stiri-franceza-ok2.png","keywords":["diaspora","etats arabes","foire de tourisme","justice","Ligue des Etats Arabes","magistrats","protestations","sommet","traite de personnes","UE"],"articleSection":["Le flash"],"inLanguage":"fr-FR"},{"@type":"WebPage","@id":"https:\/\/www.rri.ro\/fr\/actualites\/le-flash\/24-02-2019-mise-a-jour-id393434.html","url":"https:\/\/www.rri.ro\/fr\/actualites\/le-flash\/24-02-2019-mise-a-jour-id393434.html","name":"24.02.2019 (mise \u00e0 jour) - Radio Roumanie Internationale","isPartOf":{"@id":"https:\/\/www.rri.ro\/#website"},"primaryImageOfPage":{"@id":"https:\/\/www.rri.ro\/fr\/actualites\/le-flash\/24-02-2019-mise-a-jour-id393434.html#primaryimage"},"image":{"@id":"https:\/\/www.rri.ro\/fr\/actualites\/le-flash\/24-02-2019-mise-a-jour-id393434.html#primaryimage"},"thumbnailUrl":"https:\/\/www.rri.ro\/wp-content\/uploads\/2023\/10\/stiri-franceza-ok2.png","datePublished":"2019-02-24T16:56:00+00:00","author":{"@id":"https:\/\/www.rri.ro\/#\/schema\/person\/4a479940371b9fdefd194f561e8a7f88"},"breadcrumb":{"@id":"https:\/\/www.rri.ro\/fr\/actualites\/le-flash\/24-02-2019-mise-a-jour-id393434.html#breadcrumb"},"inLanguage":"fr-FR","potentialAction":[{"@type":"ReadAction","target":["https:\/\/www.rri.ro\/fr\/actualites\/le-flash\/24-02-2019-mise-a-jour-id393434.html"]}]},{"@type":"ImageObject","inLanguage":"fr-FR","@id":"https:\/\/www.rri.ro\/fr\/actualites\/le-flash\/24-02-2019-mise-a-jour-id393434.html#primaryimage","url":"https:\/\/www.rri.ro\/wp-content\/uploads\/2023\/10\/stiri-franceza-ok2.png","contentUrl":"https:\/\/www.rri.ro\/wp-content\/uploads\/2023\/10\/stiri-franceza-ok2.png","width":420,"height":280},{"@type":"BreadcrumbList","@id":"https:\/\/www.rri.ro\/fr\/actualites\/le-flash\/24-02-2019-mise-a-jour-id393434.html#breadcrumb","itemListElement":[{"@type":"ListItem","position":1,"name":"Page d'accueil","item":"https:\/\/www.rri.ro\/fr"},{"@type":"ListItem","position":2,"name":"Actualit\u00e9s","item":"https:\/\/www.rri.ro\/fr\/actualites"},{"@type":"ListItem","position":3,"name":"Le flash","item":"https:\/\/www.rri.ro\/fr\/actualites\/le-flash"},{"@type":"ListItem","position":4,"name":"24.02.2019 (mise \u00e0 jour)"}]},{"@type":"WebSite","@id":"https:\/\/www.rri.ro\/#website","url":"https:\/\/www.rri.ro\/","name":"Radio Roumanie Internationale","description":"Totul despre Rom\u00e2nia \u015fi rom\u00e2ni, \u00een 13 limbi\/dialecte!","inLanguage":"fr-FR"},{"@type":"Person","@id":"https:\/\/www.rri.ro\/#\/schema\/person\/4a479940371b9fdefd194f561e8a7f88","name":"Newsroom","url":"https:\/\/www.rri.ro\/fr\/author\/newsroom"}]}},"_links":{"self":[{"href":"https:\/\/www.rri.ro\/fr\/wp-json\/wp\/v2\/posts\/393434","targetHints":{"allow":["GET"]}}],"collection":[{"href":"https:\/\/www.rri.ro\/fr\/wp-json\/wp\/v2\/posts"}],"about":[{"href":"https:\/\/www.rri.ro\/fr\/wp-json\/wp\/v2\/types\/post"}],"author":[{"embeddable":true,"href":"https:\/\/www.rri.ro\/fr\/wp-json\/wp\/v2\/users\/113"}],"replies":[{"embeddable":true,"href":"https:\/\/www.rri.ro\/fr\/wp-json\/wp\/v2\/comments?post=393434"}],"version-history":[{"count":0,"href":"https:\/\/www.rri.ro\/fr\/wp-json\/wp\/v2\/posts\/393434\/revisions"}],"wp:featuredmedia":[{"embeddable":true,"href":"https:\/\/www.rri.ro\/fr\/wp-json\/wp\/v2\/media\/391122"}],"wp:attachment":[{"href":"https:\/\/www.rri.ro\/fr\/wp-json\/wp\/v2\/media?parent=393434"}],"wp:term":[{"taxonomy":"category","embeddable":true,"href":"https:\/\/www.rri.ro\/fr\/wp-json\/wp\/v2\/categories?post=393434"},{"taxonomy":"post_tag","embeddable":true,"href":"https:\/\/www.rri.ro\/fr\/wp-json\/wp\/v2\/tags?post=393434"},{"taxonomy":"author","embeddable":true,"href":"https:\/\/www.rri.ro\/fr\/wp-json\/wp\/v2\/coauthors?post=393434"}],"curies":[{"name":"wp","href":"https:\/\/api.w.org\/{rel}","templated":true}]}}