{"id":393588,"date":"2019-05-12T19:57:00","date_gmt":"2019-05-12T16:57:00","guid":{"rendered":"http:\/\/devrri.freshlemon.ro\/le-roumain-mot-a-mot\/consulter-les-lecons\/12-05-2019-mise-a-jour-id393588.html"},"modified":"2019-05-12T19:57:00","modified_gmt":"2019-05-12T16:57:00","slug":"12-05-2019-mise-a-jour","status":"publish","type":"post","link":"https:\/\/www.rri.ro\/fr\/actualites\/le-flash\/12-05-2019-mise-a-jour-id393588.html","title":{"rendered":"12.05.2019 (mise \u00e0 jour)"},"content":{"rendered":"<\/p>\n<p><strong class=cms-bold>Partenariat<\/strong><strong> &#8211; <\/strong>Le pr\u00e9sident roumain Klaus Iohannis participera lundi, \u00e0&#13;<br \/>\nBruxelles, \u00e0 une r\u00e9union avec les repr\u00e9sentants des Etats du Partenariat&#13;<br \/>\noriental, organis\u00e9e \u00e0 l&rsquo;occasion des dix ans de cette initiative. Selon&#13;<br \/>\nl&rsquo;Administration pr\u00e9sidentielle de Bucarest, le chef de l&rsquo;Etat y soulignera que&#13;<br \/>\nle Partenariat a contribu\u00e9 au renforcement des \u00e9conomies et des soci\u00e9t\u00e9s des&#13;<br \/>\nEtats de l&rsquo;Est, mais aussi \u00e0 une plus grande stabilit\u00e9 aux fronti\u00e8res de l&rsquo;UE.&#13;<br \/>\nLe pr\u00e9sident mettra \u00e9galement en exergue le fait que l&rsquo;Union europ\u00e9enne attend&#13;<br \/>\nun engagement politique continu des pays partenaires de remplir les obligations&#13;<br \/>\nassum\u00e9es dans les relations avec l&rsquo;Union. Le Partenariat oriental est une&#13;<br \/>\ninitiative qui consiste \u00e0 cr\u00e9er une zone commune de d\u00e9mocratie, prosp\u00e9rit\u00e9,&#13;<br \/>\nstabilit\u00e9 et coop\u00e9ration \u00e9troite entre les Etats membres de l&rsquo;UE et les pays&#13;<br \/>\npartenaires &#8211; Arm\u00e9nie, Azerba\u00efdjan, Belarus, G\u00e9orgie, R\u00e9publique de Moldova,&#13;<br \/>\nUkraine. A la r\u00e9union de Bruxelles pendront part le pr\u00e9sident du Conseil&#13;<br \/>\neurop\u00e9en, Donald Tusk, celui de la Commission europ\u00e9enne, Jean-Claude Juncker,&#13;<br \/>\nla Haute repr\u00e9sentante pour les affaires \u00e9trang\u00e8res et la politique de s\u00e9curit\u00e9&#13;<br \/>\nde l&rsquo;UE, Federica Mogherini, ainsi que le pr\u00e9sident du Parlement europ\u00e9en,&#13;<br \/>\nAntonio Tajani.<\/p>\n<p><\/p>\n<p><strong class=cms-bold>CAE<\/strong> &#8211; Le chef de la diplomatie de Bucarest, Teodor Mele\u015fcanu, prendra&#13;<br \/>\npart \u00e0 la r\u00e9union du Conseil Affaires Etrang\u00e8res (CAE) de l&rsquo;Union europ\u00e9enne, qui&#13;<br \/>\naura lieu \u00e0 Bruxelles, ce lundi. L&rsquo;agenda des discussions de la r\u00e9union inclut aussi&#13;<br \/>\nune analyse de la situation en Libye et au Sahel. Le ministre roumain&#13;<br \/>\nparticipera \u00e9galement \u00e0 plusieurs actions organis\u00e9es dans le contexte du 10e&#13;<br \/>\nanniversaire du Partenariat oriental de l&rsquo;UE. Mardi, est pr\u00e9vue une session&#13;<br \/>\ncommune des ministres des affaires \u00e9trang\u00e8res et de ceux de la d\u00e9fense du bloc&#13;<br \/>\ncommunautaires avec leurs homologues des Etats du groupe G5 &#8211; Sahel: le Burkina&#13;<br \/>\nFaso, le Tchad, le Mali, la Mauritanie et le Niger.<\/p>\n<p><\/p>\n<p>&#13;<br \/>\n&#13;<br \/>\n&#13;<br \/>\n&#13;<br \/>\n&#13;<br \/>\n&#13;<br \/>\n&#13;<br \/>\n&#13;<br \/>\n&#13;<br \/>\n&#13;<br \/>\n&#13;<br \/>\n&#13;<\/p>\n<p><strong class=cms-bold>Elections europ\u00e9ennes<\/strong> &#8211; En Roumanie, la campagne pour les \u00e9lections&#13;<br \/>\neurop\u00e9ennes du 26 mai se poursuit. 13 partis et formations politiques y pr\u00e9sentent&#13;<br \/>\ndes candidats: le Parti social-d\u00e9mocrate et l&rsquo;Alliance des d\u00e9mocrates et des&#13;<br \/>\nlib\u00e9raux, membres de la coalition au pouvoir, l&rsquo;Union d\u00e9mocratiques des Magyars&#13;<br \/>\nde Roumanie, li\u00e9e au pouvoir par un protocole de coop\u00e9ration parlementaire, le Parti&#13;<br \/>\nnational lib\u00e9ral, l&rsquo;Alliance Union Sauvez la Roumanie-PLUS, le Parti du&#13;<br \/>\nMouvement populaire, le parti Pro Romania (form\u00e9 de dissidents du PSD), tous&#13;<br \/>\nd&rsquo;opposition. S&rsquo;y ajoutent les partis extraparlementaires l&rsquo;Union nationale&#13;<br \/>\npour le progr\u00e8s de la Roumanie, le bloc de l&rsquo;Unit\u00e9 nationale et les partis Romania Unita,&#13;<br \/>\nPRODEMO, Socialiste Roumain et Social-d\u00e9mocrate ind\u00e9pendant. Il y a aussi trois&#13;<br \/>\ncandidatures ind\u00e9pendantes. Si le Royaume-Uni quitte l&rsquo;Union europ\u00e9enne, Bucarest enverra au&#13;<br \/>\nParlement europ\u00e9en 33 eurod\u00e9put\u00e9s, un eurod\u00e9put\u00e9 de plus par rapport \u00e0 la&#13;<br \/>\nl\u00e9gislature actuelle. 441 bureaux de vote seront&#13;<br \/>\nouverts \u00e0 l&rsquo;intention des Roumains de l&rsquo;\u00e9tranger, la plupart en Italie, Espagne&#13;<br \/>\net en R\u00e9publique de Moldova voisine. Le 26 mai, jour des \u00e9lections europ\u00e9ennes,&#13;<br \/>\nest \u00e9galement pr\u00e9vu le r\u00e9f\u00e9rendum sur la Justice convoqu\u00e9 par le pr\u00e9sident du&#13;<br \/>\npays, Klaus Iohannis.<\/p>\n<p><\/p>\n<p>&#13;<br \/>\n&#13;<br \/>\n&#13;<br \/>\n&#13;<br \/>\n&#13;<br \/>\n&#13;<br \/>\n&#13;<br \/>\n&#13;<br \/>\n&#13;<br \/>\n&#13;<br \/>\n&#13;<br \/>\n&#13;<br \/>\n&#13;<br \/>\n&#13;<br \/>\n&#13;<br \/>\n&#13;<br \/>\n&#13;<br \/>\n&#13;<br \/>\n&#13;<br \/>\n&#13;<br \/>\n&#13;<br \/>\n&#13;<br \/>\n&#13;<br \/>\n&#13;<br \/>\n&#13;<br \/>\n&#13;<br \/>\n&#13;<br \/>\n&#13;<br \/>\n&#13;<br \/>\n&#13;<br \/>\n&#13;<br \/>\n&#13;<br \/>\n&#13;<br \/>\n&#13;<br \/>\n&#13;<br \/>\n&#13;<\/p>\n<p><strong class=cms-bold>Statistiques<\/strong> &#8211; Les in\u00e9galit\u00e9s se sont creus\u00e9es dans l&rsquo;Union&#13;<br \/>\neurop\u00e9enne, au cours des derni\u00e8res d\u00e9cennies, notamment dans l&rsquo;ancien bloc de l&rsquo;Est,&#13;<br \/>\nmais le foss\u00e9 entre les riches et les pauvres y est moins profond que dans d&rsquo;autres&#13;<br \/>\nr\u00e9gions du monde, indique l&rsquo;office europ\u00e9en de l&rsquo;information statistique&#13;<br \/>\nEurostat. Selon ces donn\u00e9es, la Bulgarie enregistre les in\u00e9galit\u00e9s les plus&#13;<br \/>\nfortes parmi les Etats membres de l&rsquo;UE et elle est suivie par les pays baltes,&#13;<br \/>\nl&rsquo;Espagne, le Portugal, la Gr\u00e8ce, l&rsquo;Italie, la Roumanie et le Royaume Uni. Entre&#13;<br \/>\n1980 et 2017, en Europe, le revenu moyen de 1% des citoyens les plus riches a&#13;<br \/>\naugment\u00e9 deux fois plus vite que celui de 50% des plus pauvres, selon une&#13;<br \/>\nenqu\u00eate du Laboratoire d&rsquo;\u00e9tude des in\u00e9galit\u00e9s dans le monde (WIL), rendue publique&#13;<br \/>\nen avril dernier. Dans les pays d&rsquo;Europe de l&rsquo;Est, les \u00e9carts entre les revenus&#13;<br \/>\nont explos\u00e9 pendant \u00ab la transition du socialisme vers le capitalisme \u00bb,&#13;<br \/>\ndans les ann\u00e9es 1990, une \u00ab \u00e9lite restreinte \u00bb ayant profit\u00e9 des&#13;<br \/>\nprivatisations, conform\u00e9ment au WIL. En Europe occidentale, 10% des plus riches&#13;<br \/>\npersonnes gagnent en moyenne sept fois plus que 50% des plus pauvres, avant l&rsquo;application&#13;<br \/>\nde l&rsquo;imp\u00f4t sur le revenu, et cinq fois plus apr\u00e8s l&rsquo;application de celui-ci.<\/p>\n<p><\/p>\n<p>&#13;<br \/>\n&#13;<br \/>\n&#13;<br \/>\n&#13;<br \/>\n&#13;<br \/>\n&#13;<br \/>\n&#13;<br \/>\n&#13;<br \/>\n&#13;<br \/>\n&#13;<br \/>\n&#13;<br \/>\n&#13;<br \/>\n&#13;<br \/>\n&#13;<br \/>\n&#13;<br \/>\n&#13;<\/p>\n<p><strong class=cms-bold>Visite<\/strong> &#8211; Les inscriptions&#13;<br \/>\nen ligne aux messes du Pape&#13;<br \/>\nFran\u00e7ois en Roumanie continuent jusqu&rsquo;au 31 mai. Aux c\u00f4t\u00e9s&#13;<br \/>\ndes Roumains, assisteront aux messes des chr\u00e9tiens des pays voisins, comme la&#13;<br \/>\nHongrie, la Serbie ou l&rsquo;Ukraine. Les organisateurs ont \u00e9galement soulign\u00e9 la&#13;<br \/>\npr\u00e9sence de p\u00e8lerins de pays lointains, comme Pakistan, Rwanda, Afrique du Sud,&#13;<br \/>\nNamibie, Nigeria, Madagascar, Australie, Isra\u00ebl ou Canada. Le pape Fran\u00e7ois&#13;<br \/>\neffectuera sa visite en Roumanie du 31 mai au 2 juin, \u00e0 l&rsquo;invitation du&#13;<br \/>\npr\u00e9sident Klaus Iohannis et de l&rsquo;\u00e9glise catholique roumaine. Plac\u00e9 sous la&#13;<br \/>\ndevise \u00ab Cheminons ensemble ! \u00bb, l&rsquo;itin\u00e9raire du Souverain Pontife inclura la&#13;<br \/>\ncapitale, Bucarest, les villes de Ia\u015fi (la plus grande agglom\u00e9ration urbaine de&#13;<br \/>\nl&rsquo;est du pays, o\u00f9 vit une importante communaut\u00e9 de confession catholique) et&#13;<br \/>\nBlaj (centre spirituel des Roumains de confession grecque-catholique), ainsi&#13;<br \/>\nque le sanctuaire marial franciscain de \u015eumuleu Ciuc (qui se trouve dans une&#13;<br \/>\nzone \u00e0 population majoritaire d&rsquo;origine ethnique hongroise). Ce sera la&#13;<br \/>\ndeuxi\u00e8me visite d&rsquo;un Souverain pontife en Roumanie, apr\u00e8s la visite du pape&#13;<br \/>\nJean-Paul II de 1999. C&rsquo;\u00e9tait alors pour la premi\u00e8re fois dans l&rsquo;histoire qu&rsquo;un&#13;<br \/>\npape se rendait dans un pays majoritairement orthodoxe.<\/p>\n<p><\/p>\n<p>&#13;<br \/>\n&#13;<br \/>\n&#13;<br \/>\n&#13;<br \/>\n&#13;<br \/>\n&#13;<br \/>\n&#13;<br \/>\n&#13;<br \/>\n&#13;<br \/>\n&#13;<br \/>\n&#13;<br \/>\n&#13;<br \/>\n&#13;<br \/>\n&#13;<\/p>\n<p><strong class=cms-bold>Tennis<\/strong>  &#8211;  La paire&#13;<br \/>\nroumano-n\u00e9erlandaise Horia Tec\u0103u\/Jean-Julien Rojer a remport\u00e9, au bout de deux&#13;<br \/>\nsets, 6-2 6-3, la finale de double du tournoi de tennis de Madrid, contre Diego Schwartzman (Argentine)\/Dominic Thiem (Autriche). Le patron&#13;<br \/>\ndu tournoi de la capitale espagnole est l&rsquo;ancien joueur de tennis et actuel&#13;<br \/>\nhomme d&rsquo;affaires roumain Ion \u0162iriac.<\/p>\n<p><\/p>\n<p>&#13;<br \/>\n&#13;<br \/>\n&#13;<br \/>\n&#13;<br \/>\n&#13;<br \/>\n&#13;<br \/>\n<strong class=cms-bold>M\u00e9t\u00e9o<\/strong> &#8211; En Roumanie, le temps deviendra instable mais&#13;<br \/>\nrestera chaud dans les prochaines 24 heures. Des pluies \u00e0 verse tomberont sur l&rsquo;ouest&#13;<br \/>\net en montagne. Lundi, les temp\u00e9ratures de la mi-journ\u00e9e se situeront entre 16 et&#13;<br \/>\n25\u00b0.<\/p>\n","protected":false},"excerpt":{"rendered":"<p>Partenariat &#8211; Le pr\u00e9sident roumain Klaus Iohannis participera lundi, \u00e0&#13; Bruxelles, \u00e0 une r\u00e9union avec les repr\u00e9sentants des Etats du Partenariat&#13; oriental, organis\u00e9e \u00e0 l&rsquo;occasion des dix ans de cette initiative. Selon&#13; l&rsquo;Administration pr\u00e9sidentielle de Bucarest, le chef de l&rsquo;Etat y soulignera que&#13; le Partenariat a contribu\u00e9 au renforcement des \u00e9conomies et des soci\u00e9t\u00e9s des&#13; [&hellip;]<\/p>\n","protected":false},"author":113,"featured_media":391122,"comment_status":"closed","ping_status":"closed","sticky":false,"template":"","format":"standard","meta":{"_acf_changed":false,"footnotes":""},"categories":[89002],"tags":[46660,53243,86011,89847,29594,90974,30284,48109,88266,88060,90782,91178,85412,28939],"coauthors":[],"class_list":["post-393588","post","type-post","status-publish","format-standard","has-post-thumbnail","hentry","category-le-flash","tag-bruxelles","tag-cae","tag-campagne","tag-elections-europeennes","tag-eurostat","tag-inegalites","tag-madrid","tag-meteo","tag-pape-francois","tag-partenariat-oriental","tag-resultats","tag-reunions","tag-roumanie","tag-tennis"],"acf":[],"yoast_head":"<!-- This site is optimized with the Yoast SEO plugin v27.5 - https:\/\/yoast.com\/product\/yoast-seo-wordpress\/ -->\n<title>12.05.2019 (mise \u00e0 jour) - Radio Roumanie Internationale<\/title>\n<meta name=\"robots\" content=\"index, follow, max-snippet:-1, max-image-preview:large, max-video-preview:-1\" \/>\n<link rel=\"canonical\" href=\"https:\/\/www.rri.ro\/fr\/actualites\/le-flash\/12-05-2019-mise-a-jour-id393588.html\" \/>\n<meta property=\"og:locale\" content=\"fr_FR\" \/>\n<meta property=\"og:type\" content=\"article\" \/>\n<meta property=\"og:title\" content=\"12.05.2019 (mise \u00e0 jour) - Radio Roumanie Internationale\" \/>\n<meta property=\"og:description\" content=\"Partenariat &#8211; Le pr\u00e9sident roumain Klaus Iohannis participera lundi, \u00e0&#013; Bruxelles, \u00e0 une r\u00e9union avec les repr\u00e9sentants des Etats du Partenariat&#013; oriental, organis\u00e9e \u00e0 l&rsquo;occasion des dix ans de cette initiative. Selon&#013; l&rsquo;Administration pr\u00e9sidentielle de Bucarest, le chef de l&rsquo;Etat y soulignera que&#013; le Partenariat a contribu\u00e9 au renforcement des \u00e9conomies et des soci\u00e9t\u00e9s des&#013; [&hellip;]\" \/>\n<meta property=\"og:url\" content=\"https:\/\/www.rri.ro\/fr\/actualites\/le-flash\/12-05-2019-mise-a-jour-id393588.html\" \/>\n<meta property=\"og:site_name\" content=\"Radio Roumanie Internationale\" \/>\n<meta property=\"article:published_time\" content=\"2019-05-12T16:57:00+00:00\" \/>\n<meta property=\"og:image\" content=\"https:\/\/www.rri.ro\/wp-content\/uploads\/2023\/10\/stiri-franceza-ok2.png\" \/>\n\t<meta property=\"og:image:width\" content=\"420\" \/>\n\t<meta property=\"og:image:height\" content=\"280\" \/>\n\t<meta property=\"og:image:type\" content=\"image\/png\" \/>\n<meta name=\"author\" content=\"Newsroom\" \/>\n<meta name=\"twitter:card\" content=\"summary_large_image\" \/>\n<meta name=\"twitter:label1\" content=\"\u00c9crit par\" \/>\n\t<meta name=\"twitter:data1\" content=\"Newsroom\" \/>\n\t<meta name=\"twitter:label2\" content=\"Dur\u00e9e de lecture estim\u00e9e\" \/>\n\t<meta name=\"twitter:data2\" content=\"5 minutes\" \/>\n\t<meta name=\"twitter:label3\" content=\"Written by\" \/>\n\t<meta name=\"twitter:data3\" content=\"Newsroom\" \/>\n<script type=\"application\/ld+json\" class=\"yoast-schema-graph\">{\"@context\":\"https:\\\/\\\/schema.org\",\"@graph\":[{\"@type\":\"Article\",\"@id\":\"https:\\\/\\\/www.rri.ro\\\/fr\\\/actualites\\\/le-flash\\\/12-05-2019-mise-a-jour-id393588.html#article\",\"isPartOf\":{\"@id\":\"https:\\\/\\\/www.rri.ro\\\/fr\\\/actualites\\\/le-flash\\\/12-05-2019-mise-a-jour-id393588.html\"},\"author\":{\"name\":\"Newsroom\",\"@id\":\"https:\\\/\\\/www.rri.ro\\\/#\\\/schema\\\/person\\\/4a479940371b9fdefd194f561e8a7f88\"},\"headline\":\"12.05.2019 (mise \u00e0 jour)\",\"datePublished\":\"2019-05-12T16:57:00+00:00\",\"mainEntityOfPage\":{\"@id\":\"https:\\\/\\\/www.rri.ro\\\/fr\\\/actualites\\\/le-flash\\\/12-05-2019-mise-a-jour-id393588.html\"},\"wordCount\":1083,\"image\":{\"@id\":\"https:\\\/\\\/www.rri.ro\\\/fr\\\/actualites\\\/le-flash\\\/12-05-2019-mise-a-jour-id393588.html#primaryimage\"},\"thumbnailUrl\":\"https:\\\/\\\/www.rri.ro\\\/wp-content\\\/uploads\\\/2023\\\/10\\\/stiri-franceza-ok2.png\",\"keywords\":[\"Bruxelles\",\"CAE\",\"campagne\",\"\u00e9lections europ\u00e9ennes\",\"Eurostat\",\"in\u00e9galit\u00e9s\",\"Madrid\",\"meteo\",\"pape Fran\u00e7ois\",\"Partenariat oriental\",\"r\u00e9sultats\",\"r\u00e9unions\",\"Roumanie\",\"tennis\"],\"articleSection\":[\"Le flash\"],\"inLanguage\":\"fr-FR\"},{\"@type\":\"WebPage\",\"@id\":\"https:\\\/\\\/www.rri.ro\\\/fr\\\/actualites\\\/le-flash\\\/12-05-2019-mise-a-jour-id393588.html\",\"url\":\"https:\\\/\\\/www.rri.ro\\\/fr\\\/actualites\\\/le-flash\\\/12-05-2019-mise-a-jour-id393588.html\",\"name\":\"12.05.2019 (mise \u00e0 jour) - Radio Roumanie Internationale\",\"isPartOf\":{\"@id\":\"https:\\\/\\\/www.rri.ro\\\/#website\"},\"primaryImageOfPage\":{\"@id\":\"https:\\\/\\\/www.rri.ro\\\/fr\\\/actualites\\\/le-flash\\\/12-05-2019-mise-a-jour-id393588.html#primaryimage\"},\"image\":{\"@id\":\"https:\\\/\\\/www.rri.ro\\\/fr\\\/actualites\\\/le-flash\\\/12-05-2019-mise-a-jour-id393588.html#primaryimage\"},\"thumbnailUrl\":\"https:\\\/\\\/www.rri.ro\\\/wp-content\\\/uploads\\\/2023\\\/10\\\/stiri-franceza-ok2.png\",\"datePublished\":\"2019-05-12T16:57:00+00:00\",\"author\":{\"@id\":\"https:\\\/\\\/www.rri.ro\\\/#\\\/schema\\\/person\\\/4a479940371b9fdefd194f561e8a7f88\"},\"breadcrumb\":{\"@id\":\"https:\\\/\\\/www.rri.ro\\\/fr\\\/actualites\\\/le-flash\\\/12-05-2019-mise-a-jour-id393588.html#breadcrumb\"},\"inLanguage\":\"fr-FR\",\"potentialAction\":[{\"@type\":\"ReadAction\",\"target\":[\"https:\\\/\\\/www.rri.ro\\\/fr\\\/actualites\\\/le-flash\\\/12-05-2019-mise-a-jour-id393588.html\"]}]},{\"@type\":\"ImageObject\",\"inLanguage\":\"fr-FR\",\"@id\":\"https:\\\/\\\/www.rri.ro\\\/fr\\\/actualites\\\/le-flash\\\/12-05-2019-mise-a-jour-id393588.html#primaryimage\",\"url\":\"https:\\\/\\\/www.rri.ro\\\/wp-content\\\/uploads\\\/2023\\\/10\\\/stiri-franceza-ok2.png\",\"contentUrl\":\"https:\\\/\\\/www.rri.ro\\\/wp-content\\\/uploads\\\/2023\\\/10\\\/stiri-franceza-ok2.png\",\"width\":420,\"height\":280},{\"@type\":\"BreadcrumbList\",\"@id\":\"https:\\\/\\\/www.rri.ro\\\/fr\\\/actualites\\\/le-flash\\\/12-05-2019-mise-a-jour-id393588.html#breadcrumb\",\"itemListElement\":[{\"@type\":\"ListItem\",\"position\":1,\"name\":\"Page d'accueil\",\"item\":\"https:\\\/\\\/www.rri.ro\\\/fr\"},{\"@type\":\"ListItem\",\"position\":2,\"name\":\"Actualit\u00e9s\",\"item\":\"https:\\\/\\\/www.rri.ro\\\/fr\\\/actualites\"},{\"@type\":\"ListItem\",\"position\":3,\"name\":\"Le flash\",\"item\":\"https:\\\/\\\/www.rri.ro\\\/fr\\\/actualites\\\/le-flash\"},{\"@type\":\"ListItem\",\"position\":4,\"name\":\"12.05.2019 (mise \u00e0 jour)\"}]},{\"@type\":\"WebSite\",\"@id\":\"https:\\\/\\\/www.rri.ro\\\/#website\",\"url\":\"https:\\\/\\\/www.rri.ro\\\/\",\"name\":\"Radio Roumanie Internationale\",\"description\":\"Totul despre Rom\u00e2nia \u015fi rom\u00e2ni, \u00een 13 limbi\\\/dialecte!\",\"inLanguage\":\"fr-FR\"},{\"@type\":\"Person\",\"@id\":\"https:\\\/\\\/www.rri.ro\\\/#\\\/schema\\\/person\\\/4a479940371b9fdefd194f561e8a7f88\",\"name\":\"Newsroom\",\"url\":\"https:\\\/\\\/www.rri.ro\\\/fr\\\/author\\\/newsroom\"}]}<\/script>\n<!-- \/ Yoast SEO plugin. -->","yoast_head_json":{"title":"12.05.2019 (mise \u00e0 jour) - Radio Roumanie Internationale","robots":{"index":"index","follow":"follow","max-snippet":"max-snippet:-1","max-image-preview":"max-image-preview:large","max-video-preview":"max-video-preview:-1"},"canonical":"https:\/\/www.rri.ro\/fr\/actualites\/le-flash\/12-05-2019-mise-a-jour-id393588.html","og_locale":"fr_FR","og_type":"article","og_title":"12.05.2019 (mise \u00e0 jour) - Radio Roumanie Internationale","og_description":"Partenariat &#8211; Le pr\u00e9sident roumain Klaus Iohannis participera lundi, \u00e0&#13; Bruxelles, \u00e0 une r\u00e9union avec les repr\u00e9sentants des Etats du Partenariat&#13; oriental, organis\u00e9e \u00e0 l&rsquo;occasion des dix ans de cette initiative. Selon&#13; l&rsquo;Administration pr\u00e9sidentielle de Bucarest, le chef de l&rsquo;Etat y soulignera que&#13; le Partenariat a contribu\u00e9 au renforcement des \u00e9conomies et des soci\u00e9t\u00e9s des&#13; [&hellip;]","og_url":"https:\/\/www.rri.ro\/fr\/actualites\/le-flash\/12-05-2019-mise-a-jour-id393588.html","og_site_name":"Radio Roumanie Internationale","article_published_time":"2019-05-12T16:57:00+00:00","og_image":[{"width":420,"height":280,"url":"https:\/\/www.rri.ro\/wp-content\/uploads\/2023\/10\/stiri-franceza-ok2.png","type":"image\/png"}],"author":"Newsroom","twitter_card":"summary_large_image","twitter_misc":{"\u00c9crit par":"Newsroom","Dur\u00e9e de lecture estim\u00e9e":"5 minutes","Written by":"Newsroom"},"schema":{"@context":"https:\/\/schema.org","@graph":[{"@type":"Article","@id":"https:\/\/www.rri.ro\/fr\/actualites\/le-flash\/12-05-2019-mise-a-jour-id393588.html#article","isPartOf":{"@id":"https:\/\/www.rri.ro\/fr\/actualites\/le-flash\/12-05-2019-mise-a-jour-id393588.html"},"author":{"name":"Newsroom","@id":"https:\/\/www.rri.ro\/#\/schema\/person\/4a479940371b9fdefd194f561e8a7f88"},"headline":"12.05.2019 (mise \u00e0 jour)","datePublished":"2019-05-12T16:57:00+00:00","mainEntityOfPage":{"@id":"https:\/\/www.rri.ro\/fr\/actualites\/le-flash\/12-05-2019-mise-a-jour-id393588.html"},"wordCount":1083,"image":{"@id":"https:\/\/www.rri.ro\/fr\/actualites\/le-flash\/12-05-2019-mise-a-jour-id393588.html#primaryimage"},"thumbnailUrl":"https:\/\/www.rri.ro\/wp-content\/uploads\/2023\/10\/stiri-franceza-ok2.png","keywords":["Bruxelles","CAE","campagne","\u00e9lections europ\u00e9ennes","Eurostat","in\u00e9galit\u00e9s","Madrid","meteo","pape Fran\u00e7ois","Partenariat oriental","r\u00e9sultats","r\u00e9unions","Roumanie","tennis"],"articleSection":["Le flash"],"inLanguage":"fr-FR"},{"@type":"WebPage","@id":"https:\/\/www.rri.ro\/fr\/actualites\/le-flash\/12-05-2019-mise-a-jour-id393588.html","url":"https:\/\/www.rri.ro\/fr\/actualites\/le-flash\/12-05-2019-mise-a-jour-id393588.html","name":"12.05.2019 (mise \u00e0 jour) - Radio Roumanie Internationale","isPartOf":{"@id":"https:\/\/www.rri.ro\/#website"},"primaryImageOfPage":{"@id":"https:\/\/www.rri.ro\/fr\/actualites\/le-flash\/12-05-2019-mise-a-jour-id393588.html#primaryimage"},"image":{"@id":"https:\/\/www.rri.ro\/fr\/actualites\/le-flash\/12-05-2019-mise-a-jour-id393588.html#primaryimage"},"thumbnailUrl":"https:\/\/www.rri.ro\/wp-content\/uploads\/2023\/10\/stiri-franceza-ok2.png","datePublished":"2019-05-12T16:57:00+00:00","author":{"@id":"https:\/\/www.rri.ro\/#\/schema\/person\/4a479940371b9fdefd194f561e8a7f88"},"breadcrumb":{"@id":"https:\/\/www.rri.ro\/fr\/actualites\/le-flash\/12-05-2019-mise-a-jour-id393588.html#breadcrumb"},"inLanguage":"fr-FR","potentialAction":[{"@type":"ReadAction","target":["https:\/\/www.rri.ro\/fr\/actualites\/le-flash\/12-05-2019-mise-a-jour-id393588.html"]}]},{"@type":"ImageObject","inLanguage":"fr-FR","@id":"https:\/\/www.rri.ro\/fr\/actualites\/le-flash\/12-05-2019-mise-a-jour-id393588.html#primaryimage","url":"https:\/\/www.rri.ro\/wp-content\/uploads\/2023\/10\/stiri-franceza-ok2.png","contentUrl":"https:\/\/www.rri.ro\/wp-content\/uploads\/2023\/10\/stiri-franceza-ok2.png","width":420,"height":280},{"@type":"BreadcrumbList","@id":"https:\/\/www.rri.ro\/fr\/actualites\/le-flash\/12-05-2019-mise-a-jour-id393588.html#breadcrumb","itemListElement":[{"@type":"ListItem","position":1,"name":"Page d'accueil","item":"https:\/\/www.rri.ro\/fr"},{"@type":"ListItem","position":2,"name":"Actualit\u00e9s","item":"https:\/\/www.rri.ro\/fr\/actualites"},{"@type":"ListItem","position":3,"name":"Le flash","item":"https:\/\/www.rri.ro\/fr\/actualites\/le-flash"},{"@type":"ListItem","position":4,"name":"12.05.2019 (mise \u00e0 jour)"}]},{"@type":"WebSite","@id":"https:\/\/www.rri.ro\/#website","url":"https:\/\/www.rri.ro\/","name":"Radio Roumanie Internationale","description":"Totul despre Rom\u00e2nia \u015fi rom\u00e2ni, \u00een 13 limbi\/dialecte!","inLanguage":"fr-FR"},{"@type":"Person","@id":"https:\/\/www.rri.ro\/#\/schema\/person\/4a479940371b9fdefd194f561e8a7f88","name":"Newsroom","url":"https:\/\/www.rri.ro\/fr\/author\/newsroom"}]}},"_links":{"self":[{"href":"https:\/\/www.rri.ro\/fr\/wp-json\/wp\/v2\/posts\/393588","targetHints":{"allow":["GET"]}}],"collection":[{"href":"https:\/\/www.rri.ro\/fr\/wp-json\/wp\/v2\/posts"}],"about":[{"href":"https:\/\/www.rri.ro\/fr\/wp-json\/wp\/v2\/types\/post"}],"author":[{"embeddable":true,"href":"https:\/\/www.rri.ro\/fr\/wp-json\/wp\/v2\/users\/113"}],"replies":[{"embeddable":true,"href":"https:\/\/www.rri.ro\/fr\/wp-json\/wp\/v2\/comments?post=393588"}],"version-history":[{"count":0,"href":"https:\/\/www.rri.ro\/fr\/wp-json\/wp\/v2\/posts\/393588\/revisions"}],"wp:featuredmedia":[{"embeddable":true,"href":"https:\/\/www.rri.ro\/fr\/wp-json\/wp\/v2\/media\/391122"}],"wp:attachment":[{"href":"https:\/\/www.rri.ro\/fr\/wp-json\/wp\/v2\/media?parent=393588"}],"wp:term":[{"taxonomy":"category","embeddable":true,"href":"https:\/\/www.rri.ro\/fr\/wp-json\/wp\/v2\/categories?post=393588"},{"taxonomy":"post_tag","embeddable":true,"href":"https:\/\/www.rri.ro\/fr\/wp-json\/wp\/v2\/tags?post=393588"},{"taxonomy":"author","embeddable":true,"href":"https:\/\/www.rri.ro\/fr\/wp-json\/wp\/v2\/coauthors?post=393588"}],"curies":[{"name":"wp","href":"https:\/\/api.w.org\/{rel}","templated":true}]}}