{"id":393591,"date":"2019-05-14T13:20:00","date_gmt":"2019-05-14T10:20:00","guid":{"rendered":"http:\/\/devrri.freshlemon.ro\/le-roumain-mot-a-mot\/consulter-les-lecons\/14-05-2019-id393591.html"},"modified":"2019-05-14T13:20:00","modified_gmt":"2019-05-14T10:20:00","slug":"14-05-2019","status":"publish","type":"post","link":"https:\/\/www.rri.ro\/fr\/actualites\/le-flash\/14-05-2019-id393591.html","title":{"rendered":"14.05.2019"},"content":{"rendered":"<\/p>\n<p><strong class=cms-bold>UE <\/strong>&#8211; Le ministre roumain de l&rsquo;Agriculture, Petre Daea, pr\u00e9side&#13;<br \/>\naujourd&rsquo;hui la r\u00e9union du Conseil \u00ab Agriculture et p\u00eache \u00bb de l&rsquo;Union&#13;<br \/>\neurop\u00e9enne. Les principaux th\u00e8mes \u00e0 l&rsquo;agenda rel\u00e8vent de la Politique agricole&#13;<br \/>\ncommune, la PAC. Les membres du Conseil \u00ab Agriculture et p\u00eache \u00bb&#13;<br \/>\nd\u00e9battront du paquet \u00ab R\u00e9forme de la PAC post-2020 \u00bb et du r\u00e8glement relatif&#13;<br \/>\naux plans strat\u00e9giques relevant de la PAC. Ca sera aussi l&rsquo;occasion pour la&#13;<br \/>\nCommission europ\u00e9enne d&rsquo;informer et d&rsquo;\u00e9changer avec les membres du Conseil concernant&#13;<br \/>\nune vision strat\u00e9gique sur le long terme pour une \u00e9conomie neutre d&rsquo;un point de&#13;<br \/>\nvue \u00e9cologique pour ce qui est de l&rsquo;agriculture, ainsi que sur la D\u00e9claration&#13;<br \/>\npour un avenir num\u00e9rique intelligent et durable de l&rsquo;agriculture et des zones&#13;<br \/>\nrurales europ\u00e9ennes.<\/p>\n<p>&#13;<br \/>\n&#13;<br \/>\n&#13;<br \/>\n&#13;<br \/>\n<br \/>&#13;<br \/>\n&#13;<br \/>\n&#13;<\/p>\n<p><strong class=cms-bold style=font-size: 1em;>Partenariat&#13;<br \/>\noriental <\/strong>&#8211; Le ministre roumain des Affaires&#13;<br \/>\n\u00e9trang\u00e8res, Teodor Mele\u015fcanu, a pris position pour la continuation des r\u00e9formes&#13;<br \/>\net du processus de modernisation dans les anciennes r\u00e9publiques sovi\u00e9tiques,&#13;<br \/>\npartenaires de l&rsquo;Union europ\u00e9enne. Il a particip\u00e9 lundi, \u00e0 Bruxelles, \u00e0 la&#13;<br \/>\nr\u00e9union minist\u00e9rielle du Partenariat oriental, en pr\u00e9sence des repr\u00e9sentants&#13;<br \/>\ndes 28 Etats membres et des six pays partenaires &#8211; Arm\u00e9nie, Azerba\u00efdjan,&#13;<br \/>\nBelarus, G\u00e9orgie, R\u00e9publique de Moldova et Ukraine. Le chef de la diplomatie de&#13;<br \/>\nBucarest a salu\u00e9 la c\u00e9l\u00e9bration du 10e anniversaire du Partenariat oriental&#13;<br \/>\npendant la pr\u00e9sidence roumaine du Conseil de l&rsquo;Union comme une \u00ab occasion&#13;<br \/>\nde r\u00e9affirmer l&rsquo;importance du Partenariat pour les citoyens des Etats membres&#13;<br \/>\nde l&rsquo;Union, comme du Partenariat oriental \u00bb.<\/p>\n<p><\/p>\n<p>&#13;<br \/>\n&#13;<\/p>\n<p><strong class=cms-bold>OTAN <\/strong>&#8211; L&rsquo;OTAN a disloqu\u00e9 un d\u00e9tachement italien \u00e0&#13;<br \/>\nla Base de Mihail&#13;<br \/>\nKog\u0103lniceanu (sud-est) afin d&rsquo;ex\u00e9cuter, en premi\u00e8re en Roumanie, des missions&#13;<br \/>\nde police a\u00e9rienne. Les quatre prochains mois, 130 militaires italiens, des&#13;<br \/>\npilotes et du personnel technique ainsi que quatre a\u00e9ronefs Eurofighter Typhoon&#13;<br \/>\nprendront part \u00e0 de telles missions, aux c\u00f4t\u00e9s de militaires des Forces&#13;<br \/>\na\u00e9riennes roumaines et d&rsquo;a\u00e9ronefs MiG-21 Lancer sous commande alli\u00e9e. Les&#13;<br \/>\nmissions de police a\u00e9rienne men\u00e9es conjointement visent \u00e0 d\u00e9velopper la&#13;<br \/>\ncapacit\u00e9 de r\u00e9action et de dissuasion et \u00e0 renforcer l&rsquo;interop\u00e9rabilit\u00e9 entre&#13;<br \/>\nles Forces a\u00e9riennes des deux pays. Le fait d&rsquo;avoir disloqu\u00e9 le d\u00e9tachement&#13;<br \/>\nitalien en Roumanie fait partie de la mise en \u0153uvre du plan d&rsquo;action pour&#13;<br \/>\nassurer la capacit\u00e9 op\u00e9rationnelle de l&rsquo;OTAN en r\u00e9ponse aux d\u00e9fis de&#13;<br \/>\nl&rsquo;environnement de s\u00e9curit\u00e9 sur le flanc Est de l&rsquo;Alliance. <\/p>\n<p>&#13;<br \/>\n&#13;<\/p>\n<p><\/p>\n<p><p><strong class=cms-bold>Cin\u00e9ma <\/strong>&#8211; Aujourd&rsquo;hui s&rsquo;ouvre la 72e \u00e9dition du Festival de Cannes, qui continuera jusqu&rsquo;au 25 mai. La Roumanie est pr\u00e9sente dans les s\u00e9lections officielles et parall\u00e8les. Corneliu Porumboiu retourne \u00e0 Cannes, cette fois-ci en comp\u00e9tition pour la Palme d&rsquo;Or, avec son dernier long m\u00e9trage, \u00ab La Gomera \/ Les siffleurs \u00bb. C&rsquo;est le premier film que Porumboiu tourne \u00e9galement \u00e0 l&rsquo;\u00e9tranger, sur l&rsquo;\u00eele de La Gomera, dans les Canaries, et \u00e0 Singapour. Un programme de courts-m\u00e9trages, Romanian Short Waves, sera \u00e9galement pr\u00e9sent\u00e9 \u00e0 Cannes dans le Short Film Corner, un forum d\u00e9di\u00e9 au films courts et \u00e0 la promotion des jeunes talents. Parmi les 13 courts-m\u00e9trages s\u00e9lectionn\u00e9s, compte \u00ab Cadou de Cr\u0103ciun \u00bb \/ \u00ab Cadeau de No\u00ebl \u00bb de Bogdan Mure\u015fanu, qui a gagn\u00e9 le Grand Prix du Festival de Clermont-Ferrand cette ann\u00e9e. Une autre pr\u00e9sence roumaine \u00e0 Cannes sera le r\u00e9alisateur, sc\u00e9nariste et producteur C\u0103t\u0103lin Mitulescu, qui sera membre du jury des courts m\u00e9trages et de la Cin\u00e9fondation.<\/p>\n<p><strong class=cms-bold><br \/><\/strong><\/p>\n<p><strong class=cms-bold>Eurovision <\/strong>&#8211; La premi\u00e8re demi-finale de la 64e \u00e9dition du concours&#13;<br \/>\nEurovision de la chanson se d\u00e9roule ce soir \u00e0 Expo Tel Aviv. Les repr\u00e9sentants&#13;<br \/>\nde 17 pays se produiront sur sc\u00e8ne ce soir, avec la gagnante de l&rsquo;ann\u00e9e&#13;<br \/>\nderni\u00e8re, Netta Barzilai, pour ouvrir le show avec une nouvelle version de sa&#13;<br \/>\nchanson prim\u00e9e en 2018, \u00ab Toy \u00bb. Ester Peony, la repr\u00e9sentante de la&#13;<br \/>\nRoumanie, chantera la chanson \u00ab On a Sunday \u00bb dans la deuxi\u00e8me&#13;<br \/>\ndemi-finale, le 16 mai. La finale du concours aura lieu deux jours plus tard,&#13;<br \/>\nle 18 mai. 41 pays sont inscrits \u00e0 l&rsquo;Eurovision de la chanson 2019.<\/p>\n<p>&#13;<br \/>\n&#13;<br \/>\n&#13;<br \/>\n&#13;<br \/>\n&#13;<br \/>\n&#13;<br \/>\n<br \/>&#13;<br \/>\n&#13;<br \/>\n&#13;<\/p>\n<p><strong class=cms-bold>Tennis <\/strong>&#8211; La joueuse roumaine de tennis Irina Begu (113e WTA)&#13;<br \/>\naffrontera aujourd&rsquo;hui la Russe Daria Kasatkina (21e WTA) au premier&#13;<br \/>\ntour du tournoi de Rome. Aujourd&rsquo;hui et toujours au premier tour, la Roumaine&#13;<br \/>\nMihaela Buz\u0103rnescu (29e WTA) rencontre l&rsquo;ancienne gagnante de Roland&#13;<br \/>\nGarros, la Lettonne Jelena Ostapenko (27e WTA). A nouveau num\u00e9ro 2&#13;<br \/>\nmondiale, Simona Halep est aussi pr\u00e9sente au tournoi de Rome, o\u00f9 elle rencontrera&#13;<br \/>\nau second tour une des Tch\u00e8ques Marketa Vondrousova ou Barbora Strycova.<\/p>\n<p><\/p>\n<p>&#13;<br \/>\n&#13;<br \/>\n&#13;<br \/>\n&#13;<\/p>\n<p><strong class=cms-bold>M\u00e9t\u00e9o <\/strong>&#8211; Alerte jaune aux fortes pr\u00e9cipitations et \u00e0 l&rsquo;instabilit\u00e9&#13;<br \/>\natmosph\u00e9rique dans sept d\u00e9partements du sud et sud-est du pays. L&rsquo;avertissement&#13;<br \/>\ndes m\u00e9t\u00e9orologues est valable jusqu&rsquo;\u00e0 vendredi matin. Des averses, des ph\u00e9nom\u00e8nes&#13;<br \/>\n\u00e9lectriques et de br\u00e8ves intensifications du vent sont attendues, ainsi que des&#13;<br \/>\nquantit\u00e9s d&rsquo;eau qui d\u00e9passent les 15-20 l\/mp. Les temp\u00e9ratures maximales vont&#13;<br \/>\nde 16 \u00e0 23\u00b0C. 15 degr\u00e9s \u00e0 Bucarest, sous la pluie.<\/p>\n<p><\/p>\n","protected":false},"excerpt":{"rendered":"<p>UE &#8211; Le ministre roumain de l&rsquo;Agriculture, Petre Daea, pr\u00e9side&#13; aujourd&rsquo;hui la r\u00e9union du Conseil \u00ab Agriculture et p\u00eache \u00bb de l&rsquo;Union&#13; europ\u00e9enne. Les principaux th\u00e8mes \u00e0 l&rsquo;agenda rel\u00e8vent de la Politique agricole&#13; commune, la PAC. Les membres du Conseil \u00ab Agriculture et p\u00eache \u00bb&#13; d\u00e9battront du paquet \u00ab R\u00e9forme de la PAC post-2020 \u00bb [&hellip;]<\/p>\n","protected":false},"author":113,"featured_media":391122,"comment_status":"closed","ping_status":"closed","sticky":false,"template":"","format":"standard","meta":{"_acf_changed":false,"footnotes":""},"categories":[89002],"tags":[147518,143292,35610,170167,137215,88060,87677,33179,143522,31448],"coauthors":[],"class_list":["post-393591","post","type-post","status-publish","format-standard","has-post-thumbnail","hentry","category-le-flash","tag-agriculture-fr","tag-cinema-fr","tag-corneliu-porumboiu","tag-eurovision-fr","tag-otan-fr","tag-partenariat-oriental","tag-peche","tag-petre-daea","tag-tennis-fr","tag-teodor-melescanu"],"acf":[],"yoast_head":"<!-- This site is optimized with the Yoast SEO plugin v27.3 - https:\/\/yoast.com\/product\/yoast-seo-wordpress\/ -->\n<title>14.05.2019 - Radio Roumanie Internationale<\/title>\n<meta name=\"robots\" content=\"index, follow, max-snippet:-1, max-image-preview:large, max-video-preview:-1\" \/>\n<link rel=\"canonical\" href=\"https:\/\/www.rri.ro\/fr\/actualites\/le-flash\/14-05-2019-id393591.html\" \/>\n<meta property=\"og:locale\" content=\"fr_FR\" \/>\n<meta property=\"og:type\" content=\"article\" \/>\n<meta property=\"og:title\" content=\"14.05.2019 - Radio Roumanie Internationale\" \/>\n<meta property=\"og:description\" content=\"UE &#8211; Le ministre roumain de l&rsquo;Agriculture, Petre Daea, pr\u00e9side&#013; aujourd&rsquo;hui la r\u00e9union du Conseil \u00ab Agriculture et p\u00eache \u00bb de l&rsquo;Union&#013; europ\u00e9enne. Les principaux th\u00e8mes \u00e0 l&rsquo;agenda rel\u00e8vent de la Politique agricole&#013; commune, la PAC. Les membres du Conseil \u00ab Agriculture et p\u00eache \u00bb&#013; d\u00e9battront du paquet \u00ab R\u00e9forme de la PAC post-2020 \u00bb [&hellip;]\" \/>\n<meta property=\"og:url\" content=\"https:\/\/www.rri.ro\/fr\/actualites\/le-flash\/14-05-2019-id393591.html\" \/>\n<meta property=\"og:site_name\" content=\"Radio Roumanie Internationale\" \/>\n<meta property=\"article:published_time\" content=\"2019-05-14T10:20:00+00:00\" \/>\n<meta property=\"og:image\" content=\"https:\/\/www.rri.ro\/wp-content\/uploads\/2023\/10\/stiri-franceza-ok2.png\" \/>\n\t<meta property=\"og:image:width\" content=\"420\" \/>\n\t<meta property=\"og:image:height\" content=\"280\" \/>\n\t<meta property=\"og:image:type\" content=\"image\/png\" \/>\n<meta name=\"author\" content=\"Newsroom\" \/>\n<meta name=\"twitter:card\" content=\"summary_large_image\" \/>\n<meta name=\"twitter:label1\" content=\"\u00c9crit par\" \/>\n\t<meta name=\"twitter:data1\" content=\"Newsroom\" \/>\n\t<meta name=\"twitter:label2\" content=\"Dur\u00e9e de lecture estim\u00e9e\" \/>\n\t<meta name=\"twitter:data2\" content=\"4 minutes\" \/>\n\t<meta name=\"twitter:label3\" content=\"Written by\" \/>\n\t<meta name=\"twitter:data3\" content=\"Newsroom\" \/>\n<script type=\"application\/ld+json\" class=\"yoast-schema-graph\">{\"@context\":\"https:\\\/\\\/schema.org\",\"@graph\":[{\"@type\":\"Article\",\"@id\":\"https:\\\/\\\/www.rri.ro\\\/fr\\\/actualites\\\/le-flash\\\/14-05-2019-id393591.html#article\",\"isPartOf\":{\"@id\":\"https:\\\/\\\/www.rri.ro\\\/fr\\\/actualites\\\/le-flash\\\/14-05-2019-id393591.html\"},\"author\":{\"name\":\"Newsroom\",\"@id\":\"https:\\\/\\\/www.rri.ro\\\/#\\\/schema\\\/person\\\/4a479940371b9fdefd194f561e8a7f88\"},\"headline\":\"14.05.2019\",\"datePublished\":\"2019-05-14T10:20:00+00:00\",\"mainEntityOfPage\":{\"@id\":\"https:\\\/\\\/www.rri.ro\\\/fr\\\/actualites\\\/le-flash\\\/14-05-2019-id393591.html\"},\"wordCount\":876,\"image\":{\"@id\":\"https:\\\/\\\/www.rri.ro\\\/fr\\\/actualites\\\/le-flash\\\/14-05-2019-id393591.html#primaryimage\"},\"thumbnailUrl\":\"https:\\\/\\\/www.rri.ro\\\/wp-content\\\/uploads\\\/2023\\\/10\\\/stiri-franceza-ok2.png\",\"keywords\":[\"agriculture\",\"cinema\",\"Corneliu Porumboiu\",\"Eurovision\",\"OTAN\",\"Partenariat oriental\",\"p\u00eache\",\"Petre Daea\",\"tennis\",\"Teodor Mele\u015fcanu\"],\"articleSection\":[\"Le flash\"],\"inLanguage\":\"fr-FR\"},{\"@type\":\"WebPage\",\"@id\":\"https:\\\/\\\/www.rri.ro\\\/fr\\\/actualites\\\/le-flash\\\/14-05-2019-id393591.html\",\"url\":\"https:\\\/\\\/www.rri.ro\\\/fr\\\/actualites\\\/le-flash\\\/14-05-2019-id393591.html\",\"name\":\"14.05.2019 - Radio Roumanie Internationale\",\"isPartOf\":{\"@id\":\"https:\\\/\\\/www.rri.ro\\\/#website\"},\"primaryImageOfPage\":{\"@id\":\"https:\\\/\\\/www.rri.ro\\\/fr\\\/actualites\\\/le-flash\\\/14-05-2019-id393591.html#primaryimage\"},\"image\":{\"@id\":\"https:\\\/\\\/www.rri.ro\\\/fr\\\/actualites\\\/le-flash\\\/14-05-2019-id393591.html#primaryimage\"},\"thumbnailUrl\":\"https:\\\/\\\/www.rri.ro\\\/wp-content\\\/uploads\\\/2023\\\/10\\\/stiri-franceza-ok2.png\",\"datePublished\":\"2019-05-14T10:20:00+00:00\",\"author\":{\"@id\":\"https:\\\/\\\/www.rri.ro\\\/#\\\/schema\\\/person\\\/4a479940371b9fdefd194f561e8a7f88\"},\"breadcrumb\":{\"@id\":\"https:\\\/\\\/www.rri.ro\\\/fr\\\/actualites\\\/le-flash\\\/14-05-2019-id393591.html#breadcrumb\"},\"inLanguage\":\"fr-FR\",\"potentialAction\":[{\"@type\":\"ReadAction\",\"target\":[\"https:\\\/\\\/www.rri.ro\\\/fr\\\/actualites\\\/le-flash\\\/14-05-2019-id393591.html\"]}]},{\"@type\":\"ImageObject\",\"inLanguage\":\"fr-FR\",\"@id\":\"https:\\\/\\\/www.rri.ro\\\/fr\\\/actualites\\\/le-flash\\\/14-05-2019-id393591.html#primaryimage\",\"url\":\"https:\\\/\\\/www.rri.ro\\\/wp-content\\\/uploads\\\/2023\\\/10\\\/stiri-franceza-ok2.png\",\"contentUrl\":\"https:\\\/\\\/www.rri.ro\\\/wp-content\\\/uploads\\\/2023\\\/10\\\/stiri-franceza-ok2.png\",\"width\":420,\"height\":280},{\"@type\":\"BreadcrumbList\",\"@id\":\"https:\\\/\\\/www.rri.ro\\\/fr\\\/actualites\\\/le-flash\\\/14-05-2019-id393591.html#breadcrumb\",\"itemListElement\":[{\"@type\":\"ListItem\",\"position\":1,\"name\":\"Page d'accueil\",\"item\":\"https:\\\/\\\/www.rri.ro\\\/fr\"},{\"@type\":\"ListItem\",\"position\":2,\"name\":\"Actualit\u00e9s\",\"item\":\"https:\\\/\\\/www.rri.ro\\\/fr\\\/actualites\"},{\"@type\":\"ListItem\",\"position\":3,\"name\":\"Le flash\",\"item\":\"https:\\\/\\\/www.rri.ro\\\/fr\\\/actualites\\\/le-flash\"},{\"@type\":\"ListItem\",\"position\":4,\"name\":\"14.05.2019\"}]},{\"@type\":\"WebSite\",\"@id\":\"https:\\\/\\\/www.rri.ro\\\/#website\",\"url\":\"https:\\\/\\\/www.rri.ro\\\/\",\"name\":\"Radio Roumanie Internationale\",\"description\":\"Totul despre Rom\u00e2nia \u015fi rom\u00e2ni, \u00een 13 limbi\\\/dialecte!\",\"inLanguage\":\"fr-FR\"},{\"@type\":\"Person\",\"@id\":\"https:\\\/\\\/www.rri.ro\\\/#\\\/schema\\\/person\\\/4a479940371b9fdefd194f561e8a7f88\",\"name\":\"Newsroom\",\"url\":\"https:\\\/\\\/www.rri.ro\\\/fr\\\/author\\\/newsroom\"}]}<\/script>\n<!-- \/ Yoast SEO plugin. -->","yoast_head_json":{"title":"14.05.2019 - Radio Roumanie Internationale","robots":{"index":"index","follow":"follow","max-snippet":"max-snippet:-1","max-image-preview":"max-image-preview:large","max-video-preview":"max-video-preview:-1"},"canonical":"https:\/\/www.rri.ro\/fr\/actualites\/le-flash\/14-05-2019-id393591.html","og_locale":"fr_FR","og_type":"article","og_title":"14.05.2019 - Radio Roumanie Internationale","og_description":"UE &#8211; Le ministre roumain de l&rsquo;Agriculture, Petre Daea, pr\u00e9side&#13; aujourd&rsquo;hui la r\u00e9union du Conseil \u00ab Agriculture et p\u00eache \u00bb de l&rsquo;Union&#13; europ\u00e9enne. Les principaux th\u00e8mes \u00e0 l&rsquo;agenda rel\u00e8vent de la Politique agricole&#13; commune, la PAC. Les membres du Conseil \u00ab Agriculture et p\u00eache \u00bb&#13; d\u00e9battront du paquet \u00ab R\u00e9forme de la PAC post-2020 \u00bb [&hellip;]","og_url":"https:\/\/www.rri.ro\/fr\/actualites\/le-flash\/14-05-2019-id393591.html","og_site_name":"Radio Roumanie Internationale","article_published_time":"2019-05-14T10:20:00+00:00","og_image":[{"width":420,"height":280,"url":"https:\/\/www.rri.ro\/wp-content\/uploads\/2023\/10\/stiri-franceza-ok2.png","type":"image\/png"}],"author":"Newsroom","twitter_card":"summary_large_image","twitter_misc":{"\u00c9crit par":"Newsroom","Dur\u00e9e de lecture estim\u00e9e":"4 minutes","Written by":"Newsroom"},"schema":{"@context":"https:\/\/schema.org","@graph":[{"@type":"Article","@id":"https:\/\/www.rri.ro\/fr\/actualites\/le-flash\/14-05-2019-id393591.html#article","isPartOf":{"@id":"https:\/\/www.rri.ro\/fr\/actualites\/le-flash\/14-05-2019-id393591.html"},"author":{"name":"Newsroom","@id":"https:\/\/www.rri.ro\/#\/schema\/person\/4a479940371b9fdefd194f561e8a7f88"},"headline":"14.05.2019","datePublished":"2019-05-14T10:20:00+00:00","mainEntityOfPage":{"@id":"https:\/\/www.rri.ro\/fr\/actualites\/le-flash\/14-05-2019-id393591.html"},"wordCount":876,"image":{"@id":"https:\/\/www.rri.ro\/fr\/actualites\/le-flash\/14-05-2019-id393591.html#primaryimage"},"thumbnailUrl":"https:\/\/www.rri.ro\/wp-content\/uploads\/2023\/10\/stiri-franceza-ok2.png","keywords":["agriculture","cinema","Corneliu Porumboiu","Eurovision","OTAN","Partenariat oriental","p\u00eache","Petre Daea","tennis","Teodor Mele\u015fcanu"],"articleSection":["Le flash"],"inLanguage":"fr-FR"},{"@type":"WebPage","@id":"https:\/\/www.rri.ro\/fr\/actualites\/le-flash\/14-05-2019-id393591.html","url":"https:\/\/www.rri.ro\/fr\/actualites\/le-flash\/14-05-2019-id393591.html","name":"14.05.2019 - Radio Roumanie Internationale","isPartOf":{"@id":"https:\/\/www.rri.ro\/#website"},"primaryImageOfPage":{"@id":"https:\/\/www.rri.ro\/fr\/actualites\/le-flash\/14-05-2019-id393591.html#primaryimage"},"image":{"@id":"https:\/\/www.rri.ro\/fr\/actualites\/le-flash\/14-05-2019-id393591.html#primaryimage"},"thumbnailUrl":"https:\/\/www.rri.ro\/wp-content\/uploads\/2023\/10\/stiri-franceza-ok2.png","datePublished":"2019-05-14T10:20:00+00:00","author":{"@id":"https:\/\/www.rri.ro\/#\/schema\/person\/4a479940371b9fdefd194f561e8a7f88"},"breadcrumb":{"@id":"https:\/\/www.rri.ro\/fr\/actualites\/le-flash\/14-05-2019-id393591.html#breadcrumb"},"inLanguage":"fr-FR","potentialAction":[{"@type":"ReadAction","target":["https:\/\/www.rri.ro\/fr\/actualites\/le-flash\/14-05-2019-id393591.html"]}]},{"@type":"ImageObject","inLanguage":"fr-FR","@id":"https:\/\/www.rri.ro\/fr\/actualites\/le-flash\/14-05-2019-id393591.html#primaryimage","url":"https:\/\/www.rri.ro\/wp-content\/uploads\/2023\/10\/stiri-franceza-ok2.png","contentUrl":"https:\/\/www.rri.ro\/wp-content\/uploads\/2023\/10\/stiri-franceza-ok2.png","width":420,"height":280},{"@type":"BreadcrumbList","@id":"https:\/\/www.rri.ro\/fr\/actualites\/le-flash\/14-05-2019-id393591.html#breadcrumb","itemListElement":[{"@type":"ListItem","position":1,"name":"Page d'accueil","item":"https:\/\/www.rri.ro\/fr"},{"@type":"ListItem","position":2,"name":"Actualit\u00e9s","item":"https:\/\/www.rri.ro\/fr\/actualites"},{"@type":"ListItem","position":3,"name":"Le flash","item":"https:\/\/www.rri.ro\/fr\/actualites\/le-flash"},{"@type":"ListItem","position":4,"name":"14.05.2019"}]},{"@type":"WebSite","@id":"https:\/\/www.rri.ro\/#website","url":"https:\/\/www.rri.ro\/","name":"Radio Roumanie Internationale","description":"Totul despre Rom\u00e2nia \u015fi rom\u00e2ni, \u00een 13 limbi\/dialecte!","inLanguage":"fr-FR"},{"@type":"Person","@id":"https:\/\/www.rri.ro\/#\/schema\/person\/4a479940371b9fdefd194f561e8a7f88","name":"Newsroom","url":"https:\/\/www.rri.ro\/fr\/author\/newsroom"}]}},"_links":{"self":[{"href":"https:\/\/www.rri.ro\/fr\/wp-json\/wp\/v2\/posts\/393591","targetHints":{"allow":["GET"]}}],"collection":[{"href":"https:\/\/www.rri.ro\/fr\/wp-json\/wp\/v2\/posts"}],"about":[{"href":"https:\/\/www.rri.ro\/fr\/wp-json\/wp\/v2\/types\/post"}],"author":[{"embeddable":true,"href":"https:\/\/www.rri.ro\/fr\/wp-json\/wp\/v2\/users\/113"}],"replies":[{"embeddable":true,"href":"https:\/\/www.rri.ro\/fr\/wp-json\/wp\/v2\/comments?post=393591"}],"version-history":[{"count":0,"href":"https:\/\/www.rri.ro\/fr\/wp-json\/wp\/v2\/posts\/393591\/revisions"}],"wp:featuredmedia":[{"embeddable":true,"href":"https:\/\/www.rri.ro\/fr\/wp-json\/wp\/v2\/media\/391122"}],"wp:attachment":[{"href":"https:\/\/www.rri.ro\/fr\/wp-json\/wp\/v2\/media?parent=393591"}],"wp:term":[{"taxonomy":"category","embeddable":true,"href":"https:\/\/www.rri.ro\/fr\/wp-json\/wp\/v2\/categories?post=393591"},{"taxonomy":"post_tag","embeddable":true,"href":"https:\/\/www.rri.ro\/fr\/wp-json\/wp\/v2\/tags?post=393591"},{"taxonomy":"author","embeddable":true,"href":"https:\/\/www.rri.ro\/fr\/wp-json\/wp\/v2\/coauthors?post=393591"}],"curies":[{"name":"wp","href":"https:\/\/api.w.org\/{rel}","templated":true}]}}