{"id":393607,"date":"2019-05-22T13:40:00","date_gmt":"2019-05-22T10:40:00","guid":{"rendered":"http:\/\/devrri.freshlemon.ro\/le-roumain-mot-a-mot\/consulter-les-lecons\/22-05-2019-id393607.html"},"modified":"2019-05-22T13:40:00","modified_gmt":"2019-05-22T10:40:00","slug":"22-05-2019","status":"publish","type":"post","link":"https:\/\/www.rri.ro\/fr\/actualites\/le-flash\/22-05-2019-id393607.html","title":{"rendered":"22.05.2019"},"content":{"rendered":"<p><strong class=cms-bold>Syndicats <\/strong>&#8211; Les syndicats des travailleurs des p\u00e9nitenciers roumains ont suspendu les protestations d\u00e9marr\u00e9s d\u00e9but mai, apr\u00e8s avoir re\u00e7u une invitation du gouvernement pour des discussions ce mercredi 22 mai. Les syndicalistes ont toutefois l&rsquo;intention de reprendre les protestations si le r\u00e9sultat des n\u00e9gociations ne leur est pas favorable. Ils demandent, principalement, que le Statut du policier des prisons soit adopt\u00e9 et la publication d&rsquo;urgence de l&rsquo;ordre du ministre portant paiement des heures suppl\u00e9mentaires. Par ailleurs, des dizaines d&#8217;employ\u00e9s du m\u00e9tro de Bucarest ont protest\u00e9 mardi devant le si\u00e8ge du minist\u00e8re des Transports, accusant la direction de la compagnie qui g\u00e8re le m\u00e9tro de d\u00e9sint\u00e9r\u00eat face aux probl\u00e8mes du r\u00e9seau, ce qui perturbe leur activit\u00e9. Pour sa part, le leader du Syndicat Libre M\u00e9tro, Ion Radoi, affirme que le d\u00e9ficit de personnel et la sous-qualification des employ\u00e9s mettent en danger la s\u00e9curit\u00e9 des passagers et de la circulation du m\u00e9tro de la capitale roumaine.  <\/p>\n<p><\/p>\n<p><strong class=cms-bold>Forum <\/strong>&#8211; Constanta, la plus grande ville-port roumaine, accueille ces mercredi et jeudi le Forum des Investissements \u00e0 la mer Noire, un \u00e9v\u00e9nement organis\u00e9 par le minist\u00e8re des Transports en collaboration avec la Commission europ\u00e9enne. Selon un communiqu\u00e9 du minist\u00e8re, ce forum est une continuation de la r\u00e9union minist\u00e9rielle consacr\u00e9e \u00e0 l&rsquo;Agenda maritime commun pour la Mer Noire, qui s&rsquo;est tenue mardi \u00e0 Bucarest, dans le cadre du mandat de la Roumanie \u00e0 la t\u00eate du Conseil de l&rsquo;UE. L&rsquo;Agenda adopt\u00e9 \u00e0 la fin de cette r\u00e9union permettra aux pays participants d&rsquo;attirer et de mieux hi\u00e9rarchiser le financement international, europ\u00e9en, r\u00e9gional et national pour les projets et les actions de diff\u00e9rents domaines, tels les affaires maritimes, la p\u00eache, l&rsquo;aquaculture, la recherche et l&rsquo;innovation, la connectivit\u00e9, la protection de l&rsquo;environnement, le tourisme et l&rsquo;\u00e9ducation. A la r\u00e9union de Bucarest participaient des repr\u00e9sentants  des pays riverains de la Mer Noire (Bulgarie, G\u00e9orgie, Roumanie, F\u00e9d\u00e9ration de Russie, Turquie, Ukraine) ainsi que ce de la R\u00e9publique de Moldova. Dans ce contexte, le Forum des Investissements \u00e0 la mer Noire qui se tient ces jours-ci \u00e0 Constanta, repr\u00e9sente une opportunit\u00e9 importante pour d\u00e9rouler des affaires et faire des investissements dans la zone. <\/p>\n<p><\/p>\n<p><strong class=cms-bold>Litt\u00e9rature<\/strong> &#8211; Les gagnants des Prix de l&rsquo;UE pour la litt\u00e9rature seront annonc\u00e9s aujourd&rsquo;hui, \u00e0 Bruxelles par le ministre roumain de la Culture, Valer-Daniel Breaz, et le commissaire europ\u00e9en \u00e0 l&rsquo;\u00e9ducation, \u00e0 la culture et au multilinguisme, Tibor Navracsics. Soutenus par le programme Europe Cr\u00e9ative, ces prix mettent en lumi\u00e8re la cr\u00e9ativit\u00e9, la diversit\u00e9 et la richesse de la litt\u00e9rature europ\u00e9enne contemporaine. Leur r\u00f4le est aussi de promouvoir la circulation de la litt\u00e9rature au sein de l&rsquo;UE, avec un accent mis sur les jeunes auteurs. Les pays dont les auteurs sont r\u00e9compens\u00e9s par cette prestigieuse distinction sont \u00e9tablis annuellement en suivant le principe de la rotation. Par cons\u00e9quent, cette ann\u00e9e, la liste des 14 laur\u00e9ats comportera aussi le nom d&rsquo;un \u00e9crivain roumain. Puis, jeudi, toujours \u00e0 Bruxelles, le ministre roumain de la Culture pr\u00e9sidera la section Culture et Audiovisuel du Conseil Education, Jeunesse, Culture et Sport. Ce sera l&rsquo;occasion d&rsquo;adopter plusieurs recommandations politiques cens\u00e9es soutenir d&rsquo;une part la cr\u00e9ativit\u00e9 des jeunes et les co-productions europ\u00e9ennes de l&rsquo;autre. Le Conseil se penchera \u00e9galement sur les nouvelles mesures \u00e0 prendre au niveau communautaire afin de lutter contre la d\u00e9sinformation et regagner la confiance des citoyens Europ\u00e9ens dans les m\u00e9dias.   <\/p>\n<p><\/p>\n<p><strong class=cms-bold>Gaudeamus <\/strong>&#8211; Une nouvelle \u00e9dition de la Foire du Livre Gaudeamus, un projet de Radio Roumanie, a lieu jusqu&rsquo;\u00e0 dimanche \u00e0 Timisoara (ouest). Cinq jours durant, des maisons d&rsquo;\u00e9dition de Roumanie et des distributeurs de livres \u00e9trangers pr\u00e9senteront leurs meilleurs titres. Au programme \u00e9galement : une tombola, un concours de lecture pour les adolescents et des invit\u00e9s tr\u00e8s int\u00e9ressants.   <\/p>\n<p><\/p>\n<p><strong class=cms-bold>Tennis <\/strong>&#8211; La joueuse de tennis roumaine Ana Bodgan (n\u00b0 126 WTA) affronte aujourd&rsquo;hui Veronica Cepede Royg du Paraguay (n\u00b0 160 WTA) dans le tour pr\u00e9liminaire des qualifications au tableau principal du tournoi de Roland Garros, le 2e tournoi du Grand Chelem de l&rsquo;ann\u00e9e. La Roumanie compte d\u00e9j\u00e0 4 joueuses au tableau principal de cette comp\u00e9tition : Simona Halep (n\u00b0 3 mondiale), Mihaela Buzarnescu (n\u00b0 30 WTA), Sorana Carstea (n\u00b0 93 WTA) et Irina Begu (n\u00b0 118 WTA). Dans la comp\u00e9tition masculine la Roumanie est repr\u00e9sent\u00e9e par Marius Copil (n\u00b0 81 mondial) \u00e0 l&rsquo;\u00e9preuve de simple. Les matchs au tableau principal de Roland Garros d\u00e9marreront dimanche.  <\/p>\n<p><strong class=cms-bold>M\u00e9t\u00e9o <\/strong>&#8211; Il fait chaud aujourd&rsquo;hui en Roumanie, mais la m\u00e9t\u00e9o est toujours capricieuse. Des pluies \u00e0 verse et avec de la gr\u00eale sont signal\u00e9es au centre du pays et dans les montagnes. Ces derniers jours, 32 localit\u00e9s de 10 d\u00e9partements du sud, du centre et du nord-est, ainsi que Bucarest, la capitale, ont \u00e9t\u00e9 touch\u00e9 par des pluies abondantes et le vent fort. Les sapeurs &#8211; pompiers de l&rsquo;Inspection pour les situations d&rsquo;urgence ont aid\u00e9 \u00e0 \u00e9vacuer l&rsquo;eau de plus de 300 habitations inond\u00e9es. Le trafic routier a \u00e9t\u00e9 temporairement bloqu\u00e9 en raison des arbres tomb\u00e9s ou des alluvions. Ce mercredi, les temp\u00e9ratures maximales iront de 18 \u00e0 26 degr\u00e9s. 22 degr\u00e9s et du soleil \u00e0 midi \u00e0 Bucarest. <\/p>\n","protected":false},"excerpt":{"rendered":"<p>Syndicats &#8211; Les syndicats des travailleurs des p\u00e9nitenciers roumains ont suspendu les protestations d\u00e9marr\u00e9s d\u00e9but mai, apr\u00e8s avoir re\u00e7u une invitation du gouvernement pour des discussions ce mercredi 22 mai. Les syndicalistes ont toutefois l&rsquo;intention de reprendre les protestations si le r\u00e9sultat des n\u00e9gociations ne leur est pas favorable. Ils demandent, principalement, que le Statut [&hellip;]<\/p>\n","protected":false},"author":113,"featured_media":391122,"comment_status":"closed","ping_status":"closed","sticky":false,"template":"","format":"standard","meta":{"_acf_changed":false,"footnotes":""},"categories":[89002],"tags":[150581,146705,88121,85485,85943,149010,90399,143928,85700,148917,85598,143522,143291],"coauthors":[],"class_list":["post-393607","post","type-post","status-publish","format-standard","has-post-thumbnail","hentry","category-le-flash","tag-forum-fr","tag-gaudeamus-fr","tag-investissements","tag-litterature","tag-mer-noire","tag-metro-fr","tag-penitenciers","tag-prix-fr","tag-protestations","tag-roland-garros-fr","tag-syndicats","tag-tennis-fr","tag-ue-fr"],"acf":[],"yoast_head":"<!-- This site is optimized with the Yoast SEO plugin v27.3 - https:\/\/yoast.com\/product\/yoast-seo-wordpress\/ -->\n<title>22.05.2019 - Radio Roumanie Internationale<\/title>\n<meta name=\"robots\" content=\"index, follow, max-snippet:-1, max-image-preview:large, max-video-preview:-1\" \/>\n<link rel=\"canonical\" href=\"https:\/\/www.rri.ro\/fr\/actualites\/le-flash\/22-05-2019-id393607.html\" \/>\n<meta property=\"og:locale\" content=\"fr_FR\" \/>\n<meta property=\"og:type\" content=\"article\" \/>\n<meta property=\"og:title\" content=\"22.05.2019 - Radio Roumanie Internationale\" \/>\n<meta property=\"og:description\" content=\"Syndicats &#8211; Les syndicats des travailleurs des p\u00e9nitenciers roumains ont suspendu les protestations d\u00e9marr\u00e9s d\u00e9but mai, apr\u00e8s avoir re\u00e7u une invitation du gouvernement pour des discussions ce mercredi 22 mai. Les syndicalistes ont toutefois l&rsquo;intention de reprendre les protestations si le r\u00e9sultat des n\u00e9gociations ne leur est pas favorable. Ils demandent, principalement, que le Statut [&hellip;]\" \/>\n<meta property=\"og:url\" content=\"https:\/\/www.rri.ro\/fr\/actualites\/le-flash\/22-05-2019-id393607.html\" \/>\n<meta property=\"og:site_name\" content=\"Radio Roumanie Internationale\" \/>\n<meta property=\"article:published_time\" content=\"2019-05-22T10:40:00+00:00\" \/>\n<meta property=\"og:image\" content=\"https:\/\/www.rri.ro\/wp-content\/uploads\/2023\/10\/stiri-franceza-ok2.png\" \/>\n\t<meta property=\"og:image:width\" content=\"420\" \/>\n\t<meta property=\"og:image:height\" content=\"280\" \/>\n\t<meta property=\"og:image:type\" content=\"image\/png\" \/>\n<meta name=\"author\" content=\"Newsroom\" \/>\n<meta name=\"twitter:card\" content=\"summary_large_image\" \/>\n<meta name=\"twitter:label1\" content=\"\u00c9crit par\" \/>\n\t<meta name=\"twitter:data1\" content=\"Newsroom\" \/>\n\t<meta name=\"twitter:label2\" content=\"Dur\u00e9e de lecture estim\u00e9e\" \/>\n\t<meta name=\"twitter:data2\" content=\"4 minutes\" \/>\n\t<meta name=\"twitter:label3\" content=\"Written by\" \/>\n\t<meta name=\"twitter:data3\" content=\"Newsroom\" \/>\n<script type=\"application\/ld+json\" class=\"yoast-schema-graph\">{\"@context\":\"https:\\\/\\\/schema.org\",\"@graph\":[{\"@type\":\"Article\",\"@id\":\"https:\\\/\\\/www.rri.ro\\\/fr\\\/actualites\\\/le-flash\\\/22-05-2019-id393607.html#article\",\"isPartOf\":{\"@id\":\"https:\\\/\\\/www.rri.ro\\\/fr\\\/actualites\\\/le-flash\\\/22-05-2019-id393607.html\"},\"author\":{\"name\":\"Newsroom\",\"@id\":\"https:\\\/\\\/www.rri.ro\\\/#\\\/schema\\\/person\\\/4a479940371b9fdefd194f561e8a7f88\"},\"headline\":\"22.05.2019\",\"datePublished\":\"2019-05-22T10:40:00+00:00\",\"mainEntityOfPage\":{\"@id\":\"https:\\\/\\\/www.rri.ro\\\/fr\\\/actualites\\\/le-flash\\\/22-05-2019-id393607.html\"},\"wordCount\":921,\"image\":{\"@id\":\"https:\\\/\\\/www.rri.ro\\\/fr\\\/actualites\\\/le-flash\\\/22-05-2019-id393607.html#primaryimage\"},\"thumbnailUrl\":\"https:\\\/\\\/www.rri.ro\\\/wp-content\\\/uploads\\\/2023\\\/10\\\/stiri-franceza-ok2.png\",\"keywords\":[\"forum\",\"gaudeamus\",\"investissements\",\"litt\u00e9rature\",\"mer Noire\",\"metro\",\"p\u00e9nitenciers\",\"Prix\",\"protestations\",\"Roland Garros\",\"syndicats\",\"tennis\",\"UE\"],\"articleSection\":[\"Le flash\"],\"inLanguage\":\"fr-FR\"},{\"@type\":\"WebPage\",\"@id\":\"https:\\\/\\\/www.rri.ro\\\/fr\\\/actualites\\\/le-flash\\\/22-05-2019-id393607.html\",\"url\":\"https:\\\/\\\/www.rri.ro\\\/fr\\\/actualites\\\/le-flash\\\/22-05-2019-id393607.html\",\"name\":\"22.05.2019 - Radio Roumanie Internationale\",\"isPartOf\":{\"@id\":\"https:\\\/\\\/www.rri.ro\\\/#website\"},\"primaryImageOfPage\":{\"@id\":\"https:\\\/\\\/www.rri.ro\\\/fr\\\/actualites\\\/le-flash\\\/22-05-2019-id393607.html#primaryimage\"},\"image\":{\"@id\":\"https:\\\/\\\/www.rri.ro\\\/fr\\\/actualites\\\/le-flash\\\/22-05-2019-id393607.html#primaryimage\"},\"thumbnailUrl\":\"https:\\\/\\\/www.rri.ro\\\/wp-content\\\/uploads\\\/2023\\\/10\\\/stiri-franceza-ok2.png\",\"datePublished\":\"2019-05-22T10:40:00+00:00\",\"author\":{\"@id\":\"https:\\\/\\\/www.rri.ro\\\/#\\\/schema\\\/person\\\/4a479940371b9fdefd194f561e8a7f88\"},\"breadcrumb\":{\"@id\":\"https:\\\/\\\/www.rri.ro\\\/fr\\\/actualites\\\/le-flash\\\/22-05-2019-id393607.html#breadcrumb\"},\"inLanguage\":\"fr-FR\",\"potentialAction\":[{\"@type\":\"ReadAction\",\"target\":[\"https:\\\/\\\/www.rri.ro\\\/fr\\\/actualites\\\/le-flash\\\/22-05-2019-id393607.html\"]}]},{\"@type\":\"ImageObject\",\"inLanguage\":\"fr-FR\",\"@id\":\"https:\\\/\\\/www.rri.ro\\\/fr\\\/actualites\\\/le-flash\\\/22-05-2019-id393607.html#primaryimage\",\"url\":\"https:\\\/\\\/www.rri.ro\\\/wp-content\\\/uploads\\\/2023\\\/10\\\/stiri-franceza-ok2.png\",\"contentUrl\":\"https:\\\/\\\/www.rri.ro\\\/wp-content\\\/uploads\\\/2023\\\/10\\\/stiri-franceza-ok2.png\",\"width\":420,\"height\":280},{\"@type\":\"BreadcrumbList\",\"@id\":\"https:\\\/\\\/www.rri.ro\\\/fr\\\/actualites\\\/le-flash\\\/22-05-2019-id393607.html#breadcrumb\",\"itemListElement\":[{\"@type\":\"ListItem\",\"position\":1,\"name\":\"Page d'accueil\",\"item\":\"https:\\\/\\\/www.rri.ro\\\/fr\"},{\"@type\":\"ListItem\",\"position\":2,\"name\":\"Actualit\u00e9s\",\"item\":\"https:\\\/\\\/www.rri.ro\\\/fr\\\/actualites\"},{\"@type\":\"ListItem\",\"position\":3,\"name\":\"Le flash\",\"item\":\"https:\\\/\\\/www.rri.ro\\\/fr\\\/actualites\\\/le-flash\"},{\"@type\":\"ListItem\",\"position\":4,\"name\":\"22.05.2019\"}]},{\"@type\":\"WebSite\",\"@id\":\"https:\\\/\\\/www.rri.ro\\\/#website\",\"url\":\"https:\\\/\\\/www.rri.ro\\\/\",\"name\":\"Radio Roumanie Internationale\",\"description\":\"Totul despre Rom\u00e2nia \u015fi rom\u00e2ni, \u00een 13 limbi\\\/dialecte!\",\"inLanguage\":\"fr-FR\"},{\"@type\":\"Person\",\"@id\":\"https:\\\/\\\/www.rri.ro\\\/#\\\/schema\\\/person\\\/4a479940371b9fdefd194f561e8a7f88\",\"name\":\"Newsroom\",\"url\":\"https:\\\/\\\/www.rri.ro\\\/fr\\\/author\\\/newsroom\"}]}<\/script>\n<!-- \/ Yoast SEO plugin. -->","yoast_head_json":{"title":"22.05.2019 - Radio Roumanie Internationale","robots":{"index":"index","follow":"follow","max-snippet":"max-snippet:-1","max-image-preview":"max-image-preview:large","max-video-preview":"max-video-preview:-1"},"canonical":"https:\/\/www.rri.ro\/fr\/actualites\/le-flash\/22-05-2019-id393607.html","og_locale":"fr_FR","og_type":"article","og_title":"22.05.2019 - Radio Roumanie Internationale","og_description":"Syndicats &#8211; Les syndicats des travailleurs des p\u00e9nitenciers roumains ont suspendu les protestations d\u00e9marr\u00e9s d\u00e9but mai, apr\u00e8s avoir re\u00e7u une invitation du gouvernement pour des discussions ce mercredi 22 mai. Les syndicalistes ont toutefois l&rsquo;intention de reprendre les protestations si le r\u00e9sultat des n\u00e9gociations ne leur est pas favorable. Ils demandent, principalement, que le Statut [&hellip;]","og_url":"https:\/\/www.rri.ro\/fr\/actualites\/le-flash\/22-05-2019-id393607.html","og_site_name":"Radio Roumanie Internationale","article_published_time":"2019-05-22T10:40:00+00:00","og_image":[{"width":420,"height":280,"url":"https:\/\/www.rri.ro\/wp-content\/uploads\/2023\/10\/stiri-franceza-ok2.png","type":"image\/png"}],"author":"Newsroom","twitter_card":"summary_large_image","twitter_misc":{"\u00c9crit par":"Newsroom","Dur\u00e9e de lecture estim\u00e9e":"4 minutes","Written by":"Newsroom"},"schema":{"@context":"https:\/\/schema.org","@graph":[{"@type":"Article","@id":"https:\/\/www.rri.ro\/fr\/actualites\/le-flash\/22-05-2019-id393607.html#article","isPartOf":{"@id":"https:\/\/www.rri.ro\/fr\/actualites\/le-flash\/22-05-2019-id393607.html"},"author":{"name":"Newsroom","@id":"https:\/\/www.rri.ro\/#\/schema\/person\/4a479940371b9fdefd194f561e8a7f88"},"headline":"22.05.2019","datePublished":"2019-05-22T10:40:00+00:00","mainEntityOfPage":{"@id":"https:\/\/www.rri.ro\/fr\/actualites\/le-flash\/22-05-2019-id393607.html"},"wordCount":921,"image":{"@id":"https:\/\/www.rri.ro\/fr\/actualites\/le-flash\/22-05-2019-id393607.html#primaryimage"},"thumbnailUrl":"https:\/\/www.rri.ro\/wp-content\/uploads\/2023\/10\/stiri-franceza-ok2.png","keywords":["forum","gaudeamus","investissements","litt\u00e9rature","mer Noire","metro","p\u00e9nitenciers","Prix","protestations","Roland Garros","syndicats","tennis","UE"],"articleSection":["Le flash"],"inLanguage":"fr-FR"},{"@type":"WebPage","@id":"https:\/\/www.rri.ro\/fr\/actualites\/le-flash\/22-05-2019-id393607.html","url":"https:\/\/www.rri.ro\/fr\/actualites\/le-flash\/22-05-2019-id393607.html","name":"22.05.2019 - Radio Roumanie Internationale","isPartOf":{"@id":"https:\/\/www.rri.ro\/#website"},"primaryImageOfPage":{"@id":"https:\/\/www.rri.ro\/fr\/actualites\/le-flash\/22-05-2019-id393607.html#primaryimage"},"image":{"@id":"https:\/\/www.rri.ro\/fr\/actualites\/le-flash\/22-05-2019-id393607.html#primaryimage"},"thumbnailUrl":"https:\/\/www.rri.ro\/wp-content\/uploads\/2023\/10\/stiri-franceza-ok2.png","datePublished":"2019-05-22T10:40:00+00:00","author":{"@id":"https:\/\/www.rri.ro\/#\/schema\/person\/4a479940371b9fdefd194f561e8a7f88"},"breadcrumb":{"@id":"https:\/\/www.rri.ro\/fr\/actualites\/le-flash\/22-05-2019-id393607.html#breadcrumb"},"inLanguage":"fr-FR","potentialAction":[{"@type":"ReadAction","target":["https:\/\/www.rri.ro\/fr\/actualites\/le-flash\/22-05-2019-id393607.html"]}]},{"@type":"ImageObject","inLanguage":"fr-FR","@id":"https:\/\/www.rri.ro\/fr\/actualites\/le-flash\/22-05-2019-id393607.html#primaryimage","url":"https:\/\/www.rri.ro\/wp-content\/uploads\/2023\/10\/stiri-franceza-ok2.png","contentUrl":"https:\/\/www.rri.ro\/wp-content\/uploads\/2023\/10\/stiri-franceza-ok2.png","width":420,"height":280},{"@type":"BreadcrumbList","@id":"https:\/\/www.rri.ro\/fr\/actualites\/le-flash\/22-05-2019-id393607.html#breadcrumb","itemListElement":[{"@type":"ListItem","position":1,"name":"Page d'accueil","item":"https:\/\/www.rri.ro\/fr"},{"@type":"ListItem","position":2,"name":"Actualit\u00e9s","item":"https:\/\/www.rri.ro\/fr\/actualites"},{"@type":"ListItem","position":3,"name":"Le flash","item":"https:\/\/www.rri.ro\/fr\/actualites\/le-flash"},{"@type":"ListItem","position":4,"name":"22.05.2019"}]},{"@type":"WebSite","@id":"https:\/\/www.rri.ro\/#website","url":"https:\/\/www.rri.ro\/","name":"Radio Roumanie Internationale","description":"Totul despre Rom\u00e2nia \u015fi rom\u00e2ni, \u00een 13 limbi\/dialecte!","inLanguage":"fr-FR"},{"@type":"Person","@id":"https:\/\/www.rri.ro\/#\/schema\/person\/4a479940371b9fdefd194f561e8a7f88","name":"Newsroom","url":"https:\/\/www.rri.ro\/fr\/author\/newsroom"}]}},"_links":{"self":[{"href":"https:\/\/www.rri.ro\/fr\/wp-json\/wp\/v2\/posts\/393607","targetHints":{"allow":["GET"]}}],"collection":[{"href":"https:\/\/www.rri.ro\/fr\/wp-json\/wp\/v2\/posts"}],"about":[{"href":"https:\/\/www.rri.ro\/fr\/wp-json\/wp\/v2\/types\/post"}],"author":[{"embeddable":true,"href":"https:\/\/www.rri.ro\/fr\/wp-json\/wp\/v2\/users\/113"}],"replies":[{"embeddable":true,"href":"https:\/\/www.rri.ro\/fr\/wp-json\/wp\/v2\/comments?post=393607"}],"version-history":[{"count":0,"href":"https:\/\/www.rri.ro\/fr\/wp-json\/wp\/v2\/posts\/393607\/revisions"}],"wp:featuredmedia":[{"embeddable":true,"href":"https:\/\/www.rri.ro\/fr\/wp-json\/wp\/v2\/media\/391122"}],"wp:attachment":[{"href":"https:\/\/www.rri.ro\/fr\/wp-json\/wp\/v2\/media?parent=393607"}],"wp:term":[{"taxonomy":"category","embeddable":true,"href":"https:\/\/www.rri.ro\/fr\/wp-json\/wp\/v2\/categories?post=393607"},{"taxonomy":"post_tag","embeddable":true,"href":"https:\/\/www.rri.ro\/fr\/wp-json\/wp\/v2\/tags?post=393607"},{"taxonomy":"author","embeddable":true,"href":"https:\/\/www.rri.ro\/fr\/wp-json\/wp\/v2\/coauthors?post=393607"}],"curies":[{"name":"wp","href":"https:\/\/api.w.org\/{rel}","templated":true}]}}