{"id":393721,"date":"2019-07-18T13:49:00","date_gmt":"2019-07-18T10:49:00","guid":{"rendered":"http:\/\/devrri.freshlemon.ro\/le-roumain-mot-a-mot\/consulter-les-lecons\/18-07-2019-id393721.html"},"modified":"2019-07-18T13:49:00","modified_gmt":"2019-07-18T10:49:00","slug":"18-07-2019","status":"publish","type":"post","link":"https:\/\/www.rri.ro\/fr\/actualites\/le-flash\/18-07-2019-id393721.html","title":{"rendered":"18.07.2019"},"content":{"rendered":"<\/p>\n<p><strong class=cms-bold>UE<\/strong> &#8211; La ministre roumaine de la&#13;<br \/>\nJustice, Ana Birchall, participe ces jeudi et vendredi aux travaux de la&#13;<br \/>\nr\u00e9union informelle du Conseil Justice et Affaires int\u00e9rieures (JAI), organis\u00e9e&#13;<br \/>\n\u00e0 Helsinki et consacr\u00e9 au renforcement de l&rsquo;Etat de droit. C&rsquo;est la premi\u00e8re&#13;<br \/>\nr\u00e9union tenue dans le cadre de la pr\u00e9sidence finlandaise du Conseil de&#13;<br \/>\nl&rsquo;UE, qui succ\u00e8de au mandat de la Roumanie et qui sera suivie par la&#13;<br \/>\npr\u00e9sidence croate au premier semestre de 2020. A l&rsquo;agenda du Conseil Justice et&#13;<br \/>\nAffaires int\u00e9rieures figurent plusieurs sujets d&rsquo;int\u00e9r\u00eat majeur pour le&#13;<br \/>\nrenforcement de la justice, de la libert\u00e9 et de la s\u00e9curit\u00e9 au sein de l&rsquo;UE, dont&#13;<br \/>\nl&rsquo;ind\u00e9pendance, la qualit\u00e9 et l&rsquo;efficacit\u00e9 des syst\u00e8mes nationaux de justice et&#13;<br \/>\nl&rsquo;importance d&rsquo;un processus judiciaire \u00e9quitable ou encore la d\u00e9tention et ses&#13;<br \/>\nalternatives, notamment dans le contexte de la coop\u00e9ration judiciaire en mati\u00e8re&#13;<br \/>\nde droit p\u00e9nal. S&rsquo;y ajoute le th\u00e8me de la justice civile europ\u00e9enne plac\u00e9e dans&#13;<br \/>\nun contexte multilat\u00e9ral. De m\u00eame, en marge de cette r\u00e9union \u00e0 Helsinki, la&#13;<br \/>\nministre Ana Birchall doit s&rsquo;entretenir avec plusieurs de ses homologues des&#13;<br \/>\nEtats membres de l&rsquo;UE.   <\/p>\n<p><\/p>\n<p>&#13;<br \/>\n&#13;<br \/>\n&#13;<br \/>\n&#13;<\/p>\n<p><strong class=cms-bold>Constitution<\/strong> &#8211; La Cour constitutionnelle de Roumanie d\u00e9bat aujourd&rsquo;hui du respect&#13;<br \/>\ndes dispositions constitutionnelles des deux projets de modification de la Loi&#13;<br \/>\nfondamentale d\u00e9pos\u00e9s au Parlement roumain, une par l&rsquo;opposition, soit le Parti&#13;<br \/>\nnational lib\u00e9ral et l&rsquo;Union Sauvez la Roumanie et l&rsquo;autre par les partis au pouvoir,&#13;<br \/>\nle Parti social-d\u00e9mocrate et l&rsquo;Alliance des lib\u00e9raux et des d\u00e9mocrates. Le 1er&#13;<br \/>\njuillet, les partis d&rsquo;opposition ont soumis leur projet de modification de la&#13;<br \/>\nConstitution, qui traduit les r\u00e9sultats du r\u00e9f\u00e9rendum du 26 mai. Selon le Parti&#13;<br \/>\nnational lib\u00e9ral, les propositions du document en question sont en accord avec&#13;<br \/>\nle Pacte politique national pour la consolidation du parcours europ\u00e9en de la&#13;<br \/>\nRoumanie, initi\u00e9 par le pr\u00e9sident Klaus Iohannis. Le Pacte a \u00e9t\u00e9 sign\u00e9 par les&#13;<br \/>\npartis d&rsquo;opposition, le Parti national lib\u00e9ral, l&rsquo;Union Sauvez la Roumanie et&#13;<br \/>\nle Parti du mouvement populaire, mais aussi par 9 membres du parti PRO Rom\u00e2nia,&#13;<br \/>\ncompos\u00e9 de dissidents du Parti social-d\u00e9mocrate. Ce projet de loi interdit&#13;<br \/>\nl&rsquo;amnistie et la gr\u00e2ce des condamn\u00e9s pour des faits de corruption, y compris&#13;<br \/>\npar le pr\u00e9sident de l&rsquo;Etat. De m\u00eame, il introduit dans la Loi fondamentale un&#13;<br \/>\ncrit\u00e8re d&rsquo;int\u00e9grit\u00e9 pour exercer une fonction publique. Aussi, les personnes&#13;<br \/>\nayant \u00e9cop\u00e9 des peines d\u00e9finitives pour des infractions commises \u00e0 dessein ne pourront&#13;<br \/>\npr\u00e9senter leur candidature aux \u00e9lections parlementaires, locales, europ\u00e9ennes&#13;<br \/>\nou pr\u00e9sidentielles. Les partis d&rsquo;opposition proposent \u00e9galement que les d\u00e9crets&#13;<br \/>\ngouvernementaux d&rsquo;urgence soient soumis \u00e0 un contr\u00f4le de constitutionnalit\u00e9. De&#13;<br \/>\nleur c\u00f4t\u00e9, les partis au pouvoir &#8211; le Parti social-d\u00e9mocrate et l&rsquo;Alliance des&#13;<br \/>\nlib\u00e9raux et des d\u00e9mocrates &#8211; ont aussi d\u00e9pos\u00e9 au d\u00e9but du mois de juillet leur&#13;<br \/>\npropre projet de r\u00e9vision de la Constitution, qui pr\u00e9voit d&rsquo;interdire la&#13;<br \/>\nnomination \u00e0 des fonctions publiques pour les condamn\u00e9s \u00e0 des peines de prison,&#13;<br \/>\nainsi que l&rsquo;\u00e9largissement du droit de saisir la Cour constitutionnelle pour les&#13;<br \/>\nd\u00e9crets gouvernementaux d&rsquo;urgence. Un autre changement vise \u00e0 interdire au&#13;<br \/>\npr\u00e9sident de la Roumanie le droit d&rsquo;accorder la gr\u00e2ce pour des infractions de&#13;<br \/>\ncorruption. <\/p>\n<p><\/p>\n<p>&#13;<br \/>\n&#13;<br \/>\n&#13;<br \/>\n&#13;<\/p>\n<p><strong class=cms-bold>Economie<\/strong> &#8211; La Roumanie compte&#13;<br \/>\nparmi les pays de l&rsquo;Union europ\u00e9enne avec les plus importants \u00e9carts de revenu,&#13;<br \/>\nmontrent les donn\u00e9es rendues publiques aujourd&rsquo;hui par Eurostat sur la base des&#13;<br \/>\ninformations collect\u00e9es en 2017. Dans ce classement, la Roumanie est devanc\u00e9e&#13;<br \/>\nuniquement par la Bulgarie, la Lituanie et l&rsquo;Espagne. L&rsquo;in\u00e9galit\u00e9 de revenu est&#13;<br \/>\ncalcul\u00e9e comme le rapport entre les revenus des 20% des plus riches citoyens&#13;<br \/>\nd&rsquo;un pays et des 20% des plus pauvres, sur la base du revenu disponible&#13;<br \/>\n\u00e9quivalent (soit le revenu total d&rsquo;un m\u00e9nage, apr\u00e8s imp\u00f4ts et autres&#13;<br \/>\nd\u00e9ductions, disponible \u00e0 \u00eatre d\u00e9pens\u00e9 ou \u00e9pargn\u00e9). En 2017, ce rapport au&#13;<br \/>\nniveau de toute l&rsquo;Union \u00e9tait de 5,2. Parmi les Etats membres, la Tch\u00e9quie et&#13;<br \/>\nla Slov\u00e9nie avaient en 2017 le plus r\u00e9duit taux d&rsquo;in\u00e9galit\u00e9 des revenus, soit&#13;<br \/>\n3,4. Viennent ensuite la Finlande et la Slovaquie (3,5) et ensuite la Belgique&#13;<br \/>\n(3,8). A la queue du classement, on retrouve la Gr\u00e8ce (6,1), la Lettonie (6,3),&#13;<br \/>\nla Roumanie (6,5), l&rsquo;Espagne (6,6), la Lituanie (7,3) et la Bulgarie (8,2). La&#13;<br \/>\nmani\u00e8re dont les revenus et la richesse sont distribu\u00e9s dans une soci\u00e9t\u00e9&#13;<br \/>\nd\u00e9termine l&rsquo;acc\u00e8s diff\u00e9renci\u00e9 des individus aux biens et aux services dans le&#13;<br \/>\ncadre d&rsquo;une \u00e9conomie nationale.<\/p>\n<p><\/p>\n<p>&#13;<br \/>\n&#13;<br \/>\n&#13;<br \/>\n&#13;<\/p>\n<p><strong class=cms-bold>D\u00e9fense<\/strong> &#8211; La Roumanie participe&#13;<br \/>\naux c\u00f4t\u00e9s de 11 Etats membres de l&rsquo;OTAN \u00e0 l&rsquo;exercice international Breeze 2019&#13;<br \/>\nqui se d\u00e9roule jusqu&rsquo;au 21 juillet, dans les eaux territoriales bulgares de la&#13;<br \/>\nmer Noire. Y prennent part plus de 2000 militaires (Albanie, Belgique,&#13;<br \/>\nBulgarie, Canada, Gr\u00e8ce, France, Italie, Pologne, Roumanie, Etats-Unis et&#13;<br \/>\nTurquie) ainsi que 26 navires de combat et auxiliaires, 10 avions et&#13;<br \/>\nh\u00e9licopt\u00e8res, le deuxi\u00e8me Groupe naval permanent de l&rsquo;OTAN ainsi que le Groupe&#13;<br \/>\npermanent de l&rsquo;OTAN contre les mines et des repr\u00e9sentants de diff\u00e9rentes&#13;<br \/>\ninstitutions et organisations non gouvernementales et publiques. L&rsquo;exercice&#13;<br \/>\nporte sur la simulation d&rsquo;une op\u00e9ration de sauvetage en mer dans le cas d&rsquo;une&#13;<br \/>\ncrise et son principal objectif est d&rsquo;accro\u00eetre l&rsquo;interop\u00e9rabilit\u00e9 des forces&#13;<br \/>\nnavales des pays participants.<\/p>\n<p><\/p>\n<p>&#13;<br \/>\n&#13;<br \/>\n&#13;<br \/>\n&#13;<\/p>\n<p><strong class=cms-bold>Musique<\/strong> &#8211; Des milliers de personnes \u00e9taient pr\u00e9sentes mercredi soir \u00e0&#13;<br \/>\nl&rsquo;ouverture du festival Electric Castle 2019, qui se d\u00e9roule, depuis 7 ans&#13;<br \/>\nmaintenant, \u00e0 Bon\u0163ida, pr\u00e8s de Cluj-Napoca, dans&#13;<br \/>\nle centre de la Roumanie. Parmi les artistes qui se sont produits hier soir on&#13;<br \/>\ncompte Elder Brook, Grandmaster Flash, Dr Big ou Made From Scratch. Electric Castle propose, jusqu&rsquo;\u00e0 dimanche soir, bon nombre d&rsquo;artistes&#13;<br \/>\ndans une multitude de styles musicaux. Les t\u00eates d&rsquo;affiche de cette ann\u00e9e sont le&#13;<br \/>\ngroupe britannique Florence and the Machine et le groupe am\u00e9ricain de rock Limp&#13;<br \/>\nBizkit. Le Festival est organis\u00e9 sur le domaine&#13;<br \/>\ndu Ch\u00e2teau de Banffy, un b\u00e2timent de patrimoine du XVe si\u00e8cle. Une surface&#13;<br \/>\ntotale de 300.000 m\u00b2 a \u00e9t\u00e9 am\u00e9nag\u00e9e avec au total dix sc\u00e8nes diff\u00e9rentes, un&#13;<br \/>\nespace de restauration et un camping qui peut accueillir plusieurs milliers de&#13;<br \/>\ntentes. Electric Castle compte aussi un parking de 5.000 de places, mais les&#13;<br \/>\norganisateurs invitent les spectateurs \u00e0 se rendre sur le site avec les bus Electric&#13;<br \/>\nCastle ou en train, la compagnie nationale de chemin de fer ayant adapt\u00e9 ses&#13;<br \/>\nhoraires dans la r\u00e9gion pendant le Festival.<\/p>\n<p><\/p>\n<p>&#13;<br \/>\n&#13;<br \/>\n&#13;<br \/>\n&#13;<\/p>\n<p><strong class=cms-bold>Football<\/strong> &#8211; Les matchs retour du premier tour des qualifications de la Ligue Europa sont pr\u00e9vus aujourd&rsquo;hui&#13;<br \/>\npour deux des trois \u00e9quipes roumaines pr\u00e9sentes dans la comp\u00e9tition. Le club&#13;<br \/>\nvice-champion de Roumanie, FCSB, affrontera en d\u00e9placement les Moldaves de&#13;<br \/>\nMilsami Orhei qu&rsquo;ils ont battus 2-0 lors du match aller \u00e0 domicile. Les&#13;<br \/>\nRoumains de CSU Craiova joueront contre FK Sabail d&rsquo;Azerba\u00efdjan, apr\u00e8s leur&#13;<br \/>\nvictoire 3-2 \u00e0 l&rsquo;ext\u00e9rieur. Pour sa part, la d\u00e9tentrice de la Coupe de Roumanie,&#13;<br \/>\nl&rsquo;\u00e9quipe Viitorul Constan\u0163a, rencontrera les Belges de FC Anvers directement au 2e&#13;<br \/>\ntour pr\u00e9liminaire de la Ligue Europa. L&rsquo;\u00e9quipe d&rsquo;Anvers est entra\u00een\u00e9e par&#13;<br \/>\nl&rsquo;ancien joueur de l&rsquo;\u00e9quipe nationale de Roumanie, Ladislau B\u00f6l\u00f6ni. Pour ce qui&#13;<br \/>\nest de la Ligue des Champions, la championne de Roumanie de football, l&rsquo;\u00e9quipe&#13;<br \/>\nCFR Cluj (nord-ouest), s&rsquo;est qualifi\u00e9e mercredi au deuxi\u00e8me tour pr\u00e9liminaire.&#13;<br \/>\nElle a gagn\u00e9 3-1 le match retour \u00e0 domicile contre FC Astana du Kazakhstan.&#13;<br \/>\nLors du match aller, CFR Cluj avait battu les kazakhs 1-0 sur leur propre&#13;<br \/>\nterrain. <\/p>\n<p><\/p>\n<p>&#13;<br \/>\n&#13;<br \/>\n&#13;<br \/>\n&#13;<\/p>\n<p><strong class=cms-bold>M\u00e9t\u00e9o<\/strong> &#8211; Le temps continue \u00e0 se r\u00e9chauffer l\u00e9g\u00e8rement partout en Roumanie,&#13;<br \/>\napprochant \u00e0 nouveau les normales de saison. Le ciel est variable, partiellement&#13;<br \/>\ncouvert, et des ph\u00e9nom\u00e8nes orageux sont attendus dans l&rsquo;ouest du pays et \u00e0 la&#13;<br \/>\nmontagne. Les quantit\u00e9s d&rsquo;eau pourraient d\u00e9passer les 15 \u00e0 20 litres par m\u00e8tre&#13;<br \/>\ncarr\u00e9. Les temp\u00e9ratures maximales vont de 23 \u00e0 32\u00b0C, avec 26\u00b0 \u00e0 midi \u00e0 Bucarest.<\/p>\n<p><\/p>\n","protected":false},"excerpt":{"rendered":"<p>UE &#8211; La ministre roumaine de la&#13; Justice, Ana Birchall, participe ces jeudi et vendredi aux travaux de la&#13; r\u00e9union informelle du Conseil Justice et Affaires int\u00e9rieures (JAI), organis\u00e9e&#13; \u00e0 Helsinki et consacr\u00e9 au renforcement de l&rsquo;Etat de droit. C&rsquo;est la premi\u00e8re&#13; r\u00e9union tenue dans le cadre de la pr\u00e9sidence finlandaise du Conseil de&#13; l&rsquo;UE, [&hellip;]<\/p>\n","protected":false},"author":113,"featured_media":391122,"comment_status":"closed","ping_status":"closed","sticky":false,"template":"","format":"standard","meta":{"_acf_changed":false,"footnotes":""},"categories":[89002],"tags":[29893,154767,151060,157987,148455,156297,137215,85620,86809],"coauthors":[],"class_list":["post-393721","post","type-post","status-publish","format-standard","has-post-thumbnail","hentry","category-le-flash","tag-ana-birchall","tag-constitution-fr","tag-electric-castle-fr","tag-eurostat-fr","tag-football-fr","tag-jai-fr","tag-otan-fr","tag-pauvrete","tag-revenu"],"acf":[],"yoast_head":"<!-- This site is optimized with the Yoast SEO plugin v27.3 - https:\/\/yoast.com\/product\/yoast-seo-wordpress\/ -->\n<title>18.07.2019 - Radio Roumanie Internationale<\/title>\n<meta name=\"robots\" content=\"index, follow, max-snippet:-1, max-image-preview:large, max-video-preview:-1\" \/>\n<link rel=\"canonical\" href=\"https:\/\/www.rri.ro\/fr\/actualites\/le-flash\/18-07-2019-id393721.html\" \/>\n<meta property=\"og:locale\" content=\"fr_FR\" \/>\n<meta property=\"og:type\" content=\"article\" \/>\n<meta property=\"og:title\" content=\"18.07.2019 - Radio Roumanie Internationale\" \/>\n<meta property=\"og:description\" content=\"UE &#8211; La ministre roumaine de la&#013; Justice, Ana Birchall, participe ces jeudi et vendredi aux travaux de la&#013; r\u00e9union informelle du Conseil Justice et Affaires int\u00e9rieures (JAI), organis\u00e9e&#013; \u00e0 Helsinki et consacr\u00e9 au renforcement de l&rsquo;Etat de droit. C&rsquo;est la premi\u00e8re&#013; r\u00e9union tenue dans le cadre de la pr\u00e9sidence finlandaise du Conseil de&#013; l&rsquo;UE, [&hellip;]\" \/>\n<meta property=\"og:url\" content=\"https:\/\/www.rri.ro\/fr\/actualites\/le-flash\/18-07-2019-id393721.html\" \/>\n<meta property=\"og:site_name\" content=\"Radio Roumanie Internationale\" \/>\n<meta property=\"article:published_time\" content=\"2019-07-18T10:49:00+00:00\" \/>\n<meta property=\"og:image\" content=\"https:\/\/www.rri.ro\/wp-content\/uploads\/2023\/10\/stiri-franceza-ok2.png\" \/>\n\t<meta property=\"og:image:width\" content=\"420\" \/>\n\t<meta property=\"og:image:height\" content=\"280\" \/>\n\t<meta property=\"og:image:type\" content=\"image\/png\" \/>\n<meta name=\"author\" content=\"Newsroom\" \/>\n<meta name=\"twitter:card\" content=\"summary_large_image\" \/>\n<meta name=\"twitter:label1\" content=\"\u00c9crit par\" \/>\n\t<meta name=\"twitter:data1\" content=\"Newsroom\" \/>\n\t<meta name=\"twitter:label2\" content=\"Dur\u00e9e de lecture estim\u00e9e\" \/>\n\t<meta name=\"twitter:data2\" content=\"7 minutes\" \/>\n\t<meta name=\"twitter:label3\" content=\"Written by\" \/>\n\t<meta name=\"twitter:data3\" content=\"Newsroom\" \/>\n<script type=\"application\/ld+json\" class=\"yoast-schema-graph\">{\"@context\":\"https:\\\/\\\/schema.org\",\"@graph\":[{\"@type\":\"Article\",\"@id\":\"https:\\\/\\\/www.rri.ro\\\/fr\\\/actualites\\\/le-flash\\\/18-07-2019-id393721.html#article\",\"isPartOf\":{\"@id\":\"https:\\\/\\\/www.rri.ro\\\/fr\\\/actualites\\\/le-flash\\\/18-07-2019-id393721.html\"},\"author\":{\"name\":\"Newsroom\",\"@id\":\"https:\\\/\\\/www.rri.ro\\\/#\\\/schema\\\/person\\\/4a479940371b9fdefd194f561e8a7f88\"},\"headline\":\"18.07.2019\",\"datePublished\":\"2019-07-18T10:49:00+00:00\",\"mainEntityOfPage\":{\"@id\":\"https:\\\/\\\/www.rri.ro\\\/fr\\\/actualites\\\/le-flash\\\/18-07-2019-id393721.html\"},\"wordCount\":1398,\"image\":{\"@id\":\"https:\\\/\\\/www.rri.ro\\\/fr\\\/actualites\\\/le-flash\\\/18-07-2019-id393721.html#primaryimage\"},\"thumbnailUrl\":\"https:\\\/\\\/www.rri.ro\\\/wp-content\\\/uploads\\\/2023\\\/10\\\/stiri-franceza-ok2.png\",\"keywords\":[\"Ana Birchall\",\"constitution\",\"Electric Castle\",\"Eurostat\",\"football\",\"JAI\",\"OTAN\",\"pauvret\u00e9\",\"revenu\"],\"articleSection\":[\"Le flash\"],\"inLanguage\":\"fr-FR\"},{\"@type\":\"WebPage\",\"@id\":\"https:\\\/\\\/www.rri.ro\\\/fr\\\/actualites\\\/le-flash\\\/18-07-2019-id393721.html\",\"url\":\"https:\\\/\\\/www.rri.ro\\\/fr\\\/actualites\\\/le-flash\\\/18-07-2019-id393721.html\",\"name\":\"18.07.2019 - Radio Roumanie Internationale\",\"isPartOf\":{\"@id\":\"https:\\\/\\\/www.rri.ro\\\/#website\"},\"primaryImageOfPage\":{\"@id\":\"https:\\\/\\\/www.rri.ro\\\/fr\\\/actualites\\\/le-flash\\\/18-07-2019-id393721.html#primaryimage\"},\"image\":{\"@id\":\"https:\\\/\\\/www.rri.ro\\\/fr\\\/actualites\\\/le-flash\\\/18-07-2019-id393721.html#primaryimage\"},\"thumbnailUrl\":\"https:\\\/\\\/www.rri.ro\\\/wp-content\\\/uploads\\\/2023\\\/10\\\/stiri-franceza-ok2.png\",\"datePublished\":\"2019-07-18T10:49:00+00:00\",\"author\":{\"@id\":\"https:\\\/\\\/www.rri.ro\\\/#\\\/schema\\\/person\\\/4a479940371b9fdefd194f561e8a7f88\"},\"breadcrumb\":{\"@id\":\"https:\\\/\\\/www.rri.ro\\\/fr\\\/actualites\\\/le-flash\\\/18-07-2019-id393721.html#breadcrumb\"},\"inLanguage\":\"fr-FR\",\"potentialAction\":[{\"@type\":\"ReadAction\",\"target\":[\"https:\\\/\\\/www.rri.ro\\\/fr\\\/actualites\\\/le-flash\\\/18-07-2019-id393721.html\"]}]},{\"@type\":\"ImageObject\",\"inLanguage\":\"fr-FR\",\"@id\":\"https:\\\/\\\/www.rri.ro\\\/fr\\\/actualites\\\/le-flash\\\/18-07-2019-id393721.html#primaryimage\",\"url\":\"https:\\\/\\\/www.rri.ro\\\/wp-content\\\/uploads\\\/2023\\\/10\\\/stiri-franceza-ok2.png\",\"contentUrl\":\"https:\\\/\\\/www.rri.ro\\\/wp-content\\\/uploads\\\/2023\\\/10\\\/stiri-franceza-ok2.png\",\"width\":420,\"height\":280},{\"@type\":\"BreadcrumbList\",\"@id\":\"https:\\\/\\\/www.rri.ro\\\/fr\\\/actualites\\\/le-flash\\\/18-07-2019-id393721.html#breadcrumb\",\"itemListElement\":[{\"@type\":\"ListItem\",\"position\":1,\"name\":\"Page d'accueil\",\"item\":\"https:\\\/\\\/www.rri.ro\\\/fr\"},{\"@type\":\"ListItem\",\"position\":2,\"name\":\"Actualit\u00e9s\",\"item\":\"https:\\\/\\\/www.rri.ro\\\/fr\\\/actualites\"},{\"@type\":\"ListItem\",\"position\":3,\"name\":\"Le flash\",\"item\":\"https:\\\/\\\/www.rri.ro\\\/fr\\\/actualites\\\/le-flash\"},{\"@type\":\"ListItem\",\"position\":4,\"name\":\"18.07.2019\"}]},{\"@type\":\"WebSite\",\"@id\":\"https:\\\/\\\/www.rri.ro\\\/#website\",\"url\":\"https:\\\/\\\/www.rri.ro\\\/\",\"name\":\"Radio Roumanie Internationale\",\"description\":\"Totul despre Rom\u00e2nia \u015fi rom\u00e2ni, \u00een 13 limbi\\\/dialecte!\",\"inLanguage\":\"fr-FR\"},{\"@type\":\"Person\",\"@id\":\"https:\\\/\\\/www.rri.ro\\\/#\\\/schema\\\/person\\\/4a479940371b9fdefd194f561e8a7f88\",\"name\":\"Newsroom\",\"url\":\"https:\\\/\\\/www.rri.ro\\\/fr\\\/author\\\/newsroom\"}]}<\/script>\n<!-- \/ Yoast SEO plugin. -->","yoast_head_json":{"title":"18.07.2019 - Radio Roumanie Internationale","robots":{"index":"index","follow":"follow","max-snippet":"max-snippet:-1","max-image-preview":"max-image-preview:large","max-video-preview":"max-video-preview:-1"},"canonical":"https:\/\/www.rri.ro\/fr\/actualites\/le-flash\/18-07-2019-id393721.html","og_locale":"fr_FR","og_type":"article","og_title":"18.07.2019 - Radio Roumanie Internationale","og_description":"UE &#8211; La ministre roumaine de la&#13; Justice, Ana Birchall, participe ces jeudi et vendredi aux travaux de la&#13; r\u00e9union informelle du Conseil Justice et Affaires int\u00e9rieures (JAI), organis\u00e9e&#13; \u00e0 Helsinki et consacr\u00e9 au renforcement de l&rsquo;Etat de droit. C&rsquo;est la premi\u00e8re&#13; r\u00e9union tenue dans le cadre de la pr\u00e9sidence finlandaise du Conseil de&#13; l&rsquo;UE, [&hellip;]","og_url":"https:\/\/www.rri.ro\/fr\/actualites\/le-flash\/18-07-2019-id393721.html","og_site_name":"Radio Roumanie Internationale","article_published_time":"2019-07-18T10:49:00+00:00","og_image":[{"width":420,"height":280,"url":"https:\/\/www.rri.ro\/wp-content\/uploads\/2023\/10\/stiri-franceza-ok2.png","type":"image\/png"}],"author":"Newsroom","twitter_card":"summary_large_image","twitter_misc":{"\u00c9crit par":"Newsroom","Dur\u00e9e de lecture estim\u00e9e":"7 minutes","Written by":"Newsroom"},"schema":{"@context":"https:\/\/schema.org","@graph":[{"@type":"Article","@id":"https:\/\/www.rri.ro\/fr\/actualites\/le-flash\/18-07-2019-id393721.html#article","isPartOf":{"@id":"https:\/\/www.rri.ro\/fr\/actualites\/le-flash\/18-07-2019-id393721.html"},"author":{"name":"Newsroom","@id":"https:\/\/www.rri.ro\/#\/schema\/person\/4a479940371b9fdefd194f561e8a7f88"},"headline":"18.07.2019","datePublished":"2019-07-18T10:49:00+00:00","mainEntityOfPage":{"@id":"https:\/\/www.rri.ro\/fr\/actualites\/le-flash\/18-07-2019-id393721.html"},"wordCount":1398,"image":{"@id":"https:\/\/www.rri.ro\/fr\/actualites\/le-flash\/18-07-2019-id393721.html#primaryimage"},"thumbnailUrl":"https:\/\/www.rri.ro\/wp-content\/uploads\/2023\/10\/stiri-franceza-ok2.png","keywords":["Ana Birchall","constitution","Electric Castle","Eurostat","football","JAI","OTAN","pauvret\u00e9","revenu"],"articleSection":["Le flash"],"inLanguage":"fr-FR"},{"@type":"WebPage","@id":"https:\/\/www.rri.ro\/fr\/actualites\/le-flash\/18-07-2019-id393721.html","url":"https:\/\/www.rri.ro\/fr\/actualites\/le-flash\/18-07-2019-id393721.html","name":"18.07.2019 - Radio Roumanie Internationale","isPartOf":{"@id":"https:\/\/www.rri.ro\/#website"},"primaryImageOfPage":{"@id":"https:\/\/www.rri.ro\/fr\/actualites\/le-flash\/18-07-2019-id393721.html#primaryimage"},"image":{"@id":"https:\/\/www.rri.ro\/fr\/actualites\/le-flash\/18-07-2019-id393721.html#primaryimage"},"thumbnailUrl":"https:\/\/www.rri.ro\/wp-content\/uploads\/2023\/10\/stiri-franceza-ok2.png","datePublished":"2019-07-18T10:49:00+00:00","author":{"@id":"https:\/\/www.rri.ro\/#\/schema\/person\/4a479940371b9fdefd194f561e8a7f88"},"breadcrumb":{"@id":"https:\/\/www.rri.ro\/fr\/actualites\/le-flash\/18-07-2019-id393721.html#breadcrumb"},"inLanguage":"fr-FR","potentialAction":[{"@type":"ReadAction","target":["https:\/\/www.rri.ro\/fr\/actualites\/le-flash\/18-07-2019-id393721.html"]}]},{"@type":"ImageObject","inLanguage":"fr-FR","@id":"https:\/\/www.rri.ro\/fr\/actualites\/le-flash\/18-07-2019-id393721.html#primaryimage","url":"https:\/\/www.rri.ro\/wp-content\/uploads\/2023\/10\/stiri-franceza-ok2.png","contentUrl":"https:\/\/www.rri.ro\/wp-content\/uploads\/2023\/10\/stiri-franceza-ok2.png","width":420,"height":280},{"@type":"BreadcrumbList","@id":"https:\/\/www.rri.ro\/fr\/actualites\/le-flash\/18-07-2019-id393721.html#breadcrumb","itemListElement":[{"@type":"ListItem","position":1,"name":"Page d'accueil","item":"https:\/\/www.rri.ro\/fr"},{"@type":"ListItem","position":2,"name":"Actualit\u00e9s","item":"https:\/\/www.rri.ro\/fr\/actualites"},{"@type":"ListItem","position":3,"name":"Le flash","item":"https:\/\/www.rri.ro\/fr\/actualites\/le-flash"},{"@type":"ListItem","position":4,"name":"18.07.2019"}]},{"@type":"WebSite","@id":"https:\/\/www.rri.ro\/#website","url":"https:\/\/www.rri.ro\/","name":"Radio Roumanie Internationale","description":"Totul despre Rom\u00e2nia \u015fi rom\u00e2ni, \u00een 13 limbi\/dialecte!","inLanguage":"fr-FR"},{"@type":"Person","@id":"https:\/\/www.rri.ro\/#\/schema\/person\/4a479940371b9fdefd194f561e8a7f88","name":"Newsroom","url":"https:\/\/www.rri.ro\/fr\/author\/newsroom"}]}},"_links":{"self":[{"href":"https:\/\/www.rri.ro\/fr\/wp-json\/wp\/v2\/posts\/393721","targetHints":{"allow":["GET"]}}],"collection":[{"href":"https:\/\/www.rri.ro\/fr\/wp-json\/wp\/v2\/posts"}],"about":[{"href":"https:\/\/www.rri.ro\/fr\/wp-json\/wp\/v2\/types\/post"}],"author":[{"embeddable":true,"href":"https:\/\/www.rri.ro\/fr\/wp-json\/wp\/v2\/users\/113"}],"replies":[{"embeddable":true,"href":"https:\/\/www.rri.ro\/fr\/wp-json\/wp\/v2\/comments?post=393721"}],"version-history":[{"count":0,"href":"https:\/\/www.rri.ro\/fr\/wp-json\/wp\/v2\/posts\/393721\/revisions"}],"wp:featuredmedia":[{"embeddable":true,"href":"https:\/\/www.rri.ro\/fr\/wp-json\/wp\/v2\/media\/391122"}],"wp:attachment":[{"href":"https:\/\/www.rri.ro\/fr\/wp-json\/wp\/v2\/media?parent=393721"}],"wp:term":[{"taxonomy":"category","embeddable":true,"href":"https:\/\/www.rri.ro\/fr\/wp-json\/wp\/v2\/categories?post=393721"},{"taxonomy":"post_tag","embeddable":true,"href":"https:\/\/www.rri.ro\/fr\/wp-json\/wp\/v2\/tags?post=393721"},{"taxonomy":"author","embeddable":true,"href":"https:\/\/www.rri.ro\/fr\/wp-json\/wp\/v2\/coauthors?post=393721"}],"curies":[{"name":"wp","href":"https:\/\/api.w.org\/{rel}","templated":true}]}}