{"id":394027,"date":"2019-12-18T14:30:00","date_gmt":"2019-12-18T12:30:00","guid":{"rendered":"http:\/\/devrri.freshlemon.ro\/le-roumain-mot-a-mot\/consulter-les-lecons\/18-12-2019-2-id394027.html"},"modified":"2019-12-18T14:30:00","modified_gmt":"2019-12-18T12:30:00","slug":"18-12-2019-2","status":"publish","type":"post","link":"https:\/\/www.rri.ro\/fr\/actualites\/le-flash\/18-12-2019-2-id394027.html","title":{"rendered":"18.12.2019"},"content":{"rendered":"<p><strong class=cms-bold>R\u00e9volution <\/strong>&#8211; A Timisoara (ouest), poursuite des manifestations consacr\u00e9es au 30e anniversaire de la chute du communisme en Roumanie. Pour rappel, le 18 d\u00e9cembre 1989, des manifestants ont \u00e9t\u00e9 tu\u00e9s par balle sur les marches de la Cath\u00e9drale orthodoxe de Timisoara, 43 cadavre ayant \u00e9t\u00e9 vol\u00e9s de la morgue de H\u00f4pital d\u00e9partemental pour \u00eatre emmen\u00e9s \u00e0 Bucarest et incin\u00e9r\u00e9s par la Securitate, la police politique du r\u00e9gime communiste, afin d&rsquo;effacer les traces des crimes. Hier, c&rsquo;\u00e9tait une journ\u00e9e de deuil \u00e0 Timisoara, \u00e0 la m\u00e9moire de martyrs de la r\u00e9volution.  <\/p>\n<p><strong class=cms-bold>Budget <\/strong>&#8211; Le projet de la Loi du budget de l&rsquo;Etat et celui de la Loi du budget des assurances publiques pour 2020 sont en d\u00e9bat public que le site du minist\u00e8re des Finances de Bucarest. Le budget 2020 table sur une croissance \u00e9conomique de 4,1%, sur un d\u00e9ficit d&rsquo;environ 3,6% et sur un taux moyen d&rsquo;inflation de 3,1%. Des majorations budg\u00e9taires visent la D\u00e9fense, l&rsquo;Education, la Culture et les Affaires int\u00e9rieures, tout comme le minist\u00e8re de l&rsquo;Emploi et celui des Fonds Europ\u00e9ens. Par contre, les minist\u00e8res de la Sant\u00e9, des Affaires \u00e9trang\u00e8res, de l&rsquo;Agriculture et du D\u00e9veloppement r\u00e9gional verront diminuer leurs budgets en 2020. Pour sa part, le pr\u00e9sident Klaus Iohannis s&rsquo;est dit satisfait de ce projet. En m\u00eame temps, l&rsquo;objectif du gouvernement est que la Loi du budget soit adopt\u00e9e avant la fin de l&rsquo;ann\u00e9e.<\/p>\n<p><\/p>\n<p><strong class=cms-bold>Retraites<\/strong> &#8211; 6 milliers de greffiers protestent ce mercredi en Roumanie pour d\u00e9noncer la loi qui supprime les r\u00e9gimes sp\u00e9ciaux de retraite. L&rsquo;activit\u00e9 des tribunaux est donc bloqu\u00e9e. Selon greffiers, le minist\u00e8re de la Justice a d\u00e9j\u00e0 exprim\u00e9 sa position favorable au maintien des r\u00e9gimes sp\u00e9ciaux de retraites pour les greffiers et demand\u00e9 que les d\u00e9bats sur l&rsquo;initiative l\u00e9gislative qui les supprime soit report\u00e9 pour lui permettre de d\u00e9poser un point de vue officiel \u00e9crit. N\u00e9anmoins le projet qui abroge les r\u00e9gimes sp\u00e9ciaux de retraite a \u00e9t\u00e9 adopt\u00e9. En m\u00eame temps, \u00e0 l&rsquo;ordre du jour de la Chambre des d\u00e9putes l&rsquo;on retrouve un projet de loi d\u00e9pos\u00e9 par les lib\u00e9raux qui supprime les r\u00e9gimes sp\u00e9ciaux de retraite pour plusieurs cat\u00e9gories de salari\u00e9s, dont les parlementaires, les magistrats et les fonctionnaires publics au statut sp\u00e9cial. Y font exception les militaires et les policiers. Mardi, la commission de travail de la Chambre des d\u00e9put\u00e9s a donn\u00e9 son avis favorable \u00e0 ce projet de loi, et c&rsquo;est maintenant \u00e0 la Chambre des d\u00e9putes de prendre la d\u00e9cision finale, ce mercredi. Elle doit aussi s&rsquo;exprimer au sujet de deux autres projets ayant un impact budg\u00e9taire majeur, l&rsquo;un visant \u00e0 doubler les allocations familiales, l&rsquo;autre portant sur la baisse de la TVA de 19 \u00e0 16%.  <\/p>\n<p><\/p>\n<p><strong class=cms-bold>Militaires<\/strong> &#8211; Le ministre roumain de la D\u00e9fense, Nicolae Ciuca, le ministre de l&rsquo;Int\u00e9rieur, Marcel Vela, et le chef de l&rsquo;Etat-major de la D\u00e9fense, le g\u00e9n\u00e9ral &#8211; lieutenant Daniel Petrescu ont effectu\u00e9 une visite de travail en Afghanistan. Selon un communiqu\u00e9 du minist\u00e8re de tutelle,  le ministre Nicolae Ciuca s&rsquo;est rendu sur les bases militaires de Kandahar (sud) et de Kabul, o\u00f9 il a rencontr\u00e9 les militaires roumains d\u00e9ploy\u00e9s sur place, ainsi que le g\u00e9n\u00e9ral &#8211; lieutenant Giles Hill, le rempla\u00e7ant du commandant de la Mission de l&rsquo;OTAN Resolute Support. Les deux responsables se sont pench\u00e9s sur la situation de s\u00e9curit\u00e9 en Afghanistan, sur la contribution de la Roumanie \u00e0 la Mission mentionn\u00e9e, sur le soutien accord\u00e9 par les militaires am\u00e9ricains d&rsquo;Afghanistan aux militaires roumains, tout comme sur les plans du Commandement multinationale pour 2020. Notons que la Roumanie est le 6e contributeur en termes d&rsquo;effectifs sur ce th\u00e9\u00e2tre d&rsquo;op\u00e9rations et qu&rsquo;elle compte \u00e0 pr\u00e9sent 1200 militaires d\u00e9ploy\u00e9s dans des missions \u00e0 l&rsquo;\u00e9tranger, dont 775 en Afghanistan. Depuis 2002, lors des missions de combat ex\u00e9cut\u00e9es sur les th\u00e9\u00e2tres d&rsquo;op\u00e9rations d&rsquo;Afghanistan, Irak et Kosovo, 30 militaires roumains ont perdu la vie, dont 27 en Afghanistan. <\/p>\n<p><\/p>\n<p><strong class=cms-bold>Minorit\u00e9s <\/strong>&#8211; Par des politiques fond\u00e9es sur le respect, sur la reconnaissance r\u00e9ciproque des droits et des valeurs, sur la tol\u00e9rance, le dialogue et la repr\u00e9sentations d\u00e9mocratique au niveau politique et institutionnel, la Roumanie est devenue un des mod\u00e8les les plus appr\u00e9ci\u00e9s en mati\u00e8re de protection des droits de l&rsquo;homme. C&rsquo;est ce qu&rsquo;a d\u00e9clar\u00e9 aujourd&rsquo;hui le chef du gouvernement de Bucarest, Ludovic Orban, \u00e0 l&rsquo;occasion de la Journ\u00e9e des Minorit\u00e9s nationales de Roumanie. \u00ab Ces 30 derni\u00e8res ann\u00e9es, la soci\u00e9t\u00e9 roumaine a \u00e9volu\u00e9 du multiculturalisme \u00e0 l&rsquo;inter-culturalisme, d\u00e9montrant que la diversit\u00e9 ne signifie pas division, mais un avantage pour tous \u00bb, a encore ajout\u00e9 le premier ministre. Notons qu&rsquo;\u00e0 pr\u00e9sent 18 minorit\u00e9s ethniques vivent en Roumanie, dont 17 dont repr\u00e9sent\u00e9es au Parlement par un d\u00e9put\u00e9, alors que l&rsquo;Union d\u00e9mocrate &#8211; magyare de Roumanie (UDMR), repr\u00e9sentante de la minorit\u00e9 hongroise compte 21 mandats de d\u00e9put\u00e9 et 9 mandats de s\u00e9nateur. Elle est repr\u00e9sent\u00e9e au Parlement de la Roumanie depuis 1990, alors que depuis 1996 elle a \u00e9t\u00e9 \u00e0 plusieurs reprises partenaire au sein de la coalition qui assumait la gouvernance. Depuis l&rsquo;adh\u00e9sion de la Roumanie \u00e0 l&rsquo;UE, en 2007, l&rsquo;UDMR a aussi des membres au Parlement Europ\u00e9en. <\/p>\n<p><strong class=cms-bold>M\u00e9t\u00e9o <\/strong>&#8211; La m\u00e9t\u00e9o est extr\u00eamement douce en Roumanie pour cette p\u00e9riode de l&rsquo;ann\u00e9e, printani\u00e8re m\u00eame, avec des temp\u00e9ratures maximales qui iront de 9 \u00e0 19 degr\u00e9s. 12 degr\u00e9s et du soleil \u00e0 midi \u00e0 Bucarest. <\/p>\n","protected":false},"excerpt":{"rendered":"<p>R\u00e9volution &#8211; A Timisoara (ouest), poursuite des manifestations consacr\u00e9es au 30e anniversaire de la chute du communisme en Roumanie. Pour rappel, le 18 d\u00e9cembre 1989, des manifestants ont \u00e9t\u00e9 tu\u00e9s par balle sur les marches de la Cath\u00e9drale orthodoxe de Timisoara, 43 cadavre ayant \u00e9t\u00e9 vol\u00e9s de la morgue de H\u00f4pital d\u00e9partemental pour \u00eatre emmen\u00e9s [&hellip;]<\/p>\n","protected":false},"author":113,"featured_media":391122,"comment_status":"closed","ping_status":"closed","sticky":false,"template":"","format":"standard","meta":{"_acf_changed":false,"footnotes":""},"categories":[89002],"tags":[28908,85319,91611,85962,89523,85700,92506,86983,160192,149998],"coauthors":[],"class_list":["post-394027","post","type-post","status-publish","format-standard","has-post-thumbnail","hentry","category-le-flash","tag-afghanistan","tag-communisme","tag-greffiers","tag-militaires","tag-minorites-ethniques","tag-protestations","tag-regimes-speciaux-de-retraite","tag-retraite","tag-revolution-fr","tag-timisoara-fr"],"acf":[],"yoast_head":"<!-- This site is optimized with the Yoast SEO plugin v27.3 - https:\/\/yoast.com\/product\/yoast-seo-wordpress\/ -->\n<title>18.12.2019 - Radio Roumanie Internationale<\/title>\n<meta name=\"robots\" content=\"index, follow, max-snippet:-1, max-image-preview:large, max-video-preview:-1\" \/>\n<link rel=\"canonical\" href=\"https:\/\/www.rri.ro\/fr\/actualites\/le-flash\/18-12-2019-2-id394027.html\" \/>\n<meta property=\"og:locale\" content=\"fr_FR\" \/>\n<meta property=\"og:type\" content=\"article\" \/>\n<meta property=\"og:title\" content=\"18.12.2019 - Radio Roumanie Internationale\" \/>\n<meta property=\"og:description\" content=\"R\u00e9volution &#8211; A Timisoara (ouest), poursuite des manifestations consacr\u00e9es au 30e anniversaire de la chute du communisme en Roumanie. Pour rappel, le 18 d\u00e9cembre 1989, des manifestants ont \u00e9t\u00e9 tu\u00e9s par balle sur les marches de la Cath\u00e9drale orthodoxe de Timisoara, 43 cadavre ayant \u00e9t\u00e9 vol\u00e9s de la morgue de H\u00f4pital d\u00e9partemental pour \u00eatre emmen\u00e9s [&hellip;]\" \/>\n<meta property=\"og:url\" content=\"https:\/\/www.rri.ro\/fr\/actualites\/le-flash\/18-12-2019-2-id394027.html\" \/>\n<meta property=\"og:site_name\" content=\"Radio Roumanie Internationale\" \/>\n<meta property=\"article:published_time\" content=\"2019-12-18T12:30:00+00:00\" \/>\n<meta property=\"og:image\" content=\"https:\/\/www.rri.ro\/wp-content\/uploads\/2023\/10\/stiri-franceza-ok2.png\" \/>\n\t<meta property=\"og:image:width\" content=\"420\" \/>\n\t<meta property=\"og:image:height\" content=\"280\" \/>\n\t<meta property=\"og:image:type\" content=\"image\/png\" \/>\n<meta name=\"author\" content=\"Newsroom\" \/>\n<meta name=\"twitter:card\" content=\"summary_large_image\" \/>\n<meta name=\"twitter:label1\" content=\"\u00c9crit par\" \/>\n\t<meta name=\"twitter:data1\" content=\"Newsroom\" \/>\n\t<meta name=\"twitter:label2\" content=\"Dur\u00e9e de lecture estim\u00e9e\" \/>\n\t<meta name=\"twitter:data2\" content=\"5 minutes\" \/>\n\t<meta name=\"twitter:label3\" content=\"Written by\" \/>\n\t<meta name=\"twitter:data3\" content=\"Newsroom\" \/>\n<script type=\"application\/ld+json\" class=\"yoast-schema-graph\">{\"@context\":\"https:\\\/\\\/schema.org\",\"@graph\":[{\"@type\":\"Article\",\"@id\":\"https:\\\/\\\/www.rri.ro\\\/fr\\\/actualites\\\/le-flash\\\/18-12-2019-2-id394027.html#article\",\"isPartOf\":{\"@id\":\"https:\\\/\\\/www.rri.ro\\\/fr\\\/actualites\\\/le-flash\\\/18-12-2019-2-id394027.html\"},\"author\":{\"name\":\"Newsroom\",\"@id\":\"https:\\\/\\\/www.rri.ro\\\/#\\\/schema\\\/person\\\/4a479940371b9fdefd194f561e8a7f88\"},\"headline\":\"18.12.2019\",\"datePublished\":\"2019-12-18T12:30:00+00:00\",\"mainEntityOfPage\":{\"@id\":\"https:\\\/\\\/www.rri.ro\\\/fr\\\/actualites\\\/le-flash\\\/18-12-2019-2-id394027.html\"},\"wordCount\":981,\"image\":{\"@id\":\"https:\\\/\\\/www.rri.ro\\\/fr\\\/actualites\\\/le-flash\\\/18-12-2019-2-id394027.html#primaryimage\"},\"thumbnailUrl\":\"https:\\\/\\\/www.rri.ro\\\/wp-content\\\/uploads\\\/2023\\\/10\\\/stiri-franceza-ok2.png\",\"keywords\":[\"Afghanistan\",\"communisme\",\"greffiers\",\"militaires\",\"minorit\u00e9s ethniques\",\"protestations\",\"r\u00e9gimes sp\u00e9ciaux de retraite\",\"retraite\",\"Revolution\",\"Timisoara\"],\"articleSection\":[\"Le flash\"],\"inLanguage\":\"fr-FR\"},{\"@type\":\"WebPage\",\"@id\":\"https:\\\/\\\/www.rri.ro\\\/fr\\\/actualites\\\/le-flash\\\/18-12-2019-2-id394027.html\",\"url\":\"https:\\\/\\\/www.rri.ro\\\/fr\\\/actualites\\\/le-flash\\\/18-12-2019-2-id394027.html\",\"name\":\"18.12.2019 - Radio Roumanie Internationale\",\"isPartOf\":{\"@id\":\"https:\\\/\\\/www.rri.ro\\\/#website\"},\"primaryImageOfPage\":{\"@id\":\"https:\\\/\\\/www.rri.ro\\\/fr\\\/actualites\\\/le-flash\\\/18-12-2019-2-id394027.html#primaryimage\"},\"image\":{\"@id\":\"https:\\\/\\\/www.rri.ro\\\/fr\\\/actualites\\\/le-flash\\\/18-12-2019-2-id394027.html#primaryimage\"},\"thumbnailUrl\":\"https:\\\/\\\/www.rri.ro\\\/wp-content\\\/uploads\\\/2023\\\/10\\\/stiri-franceza-ok2.png\",\"datePublished\":\"2019-12-18T12:30:00+00:00\",\"author\":{\"@id\":\"https:\\\/\\\/www.rri.ro\\\/#\\\/schema\\\/person\\\/4a479940371b9fdefd194f561e8a7f88\"},\"breadcrumb\":{\"@id\":\"https:\\\/\\\/www.rri.ro\\\/fr\\\/actualites\\\/le-flash\\\/18-12-2019-2-id394027.html#breadcrumb\"},\"inLanguage\":\"fr-FR\",\"potentialAction\":[{\"@type\":\"ReadAction\",\"target\":[\"https:\\\/\\\/www.rri.ro\\\/fr\\\/actualites\\\/le-flash\\\/18-12-2019-2-id394027.html\"]}]},{\"@type\":\"ImageObject\",\"inLanguage\":\"fr-FR\",\"@id\":\"https:\\\/\\\/www.rri.ro\\\/fr\\\/actualites\\\/le-flash\\\/18-12-2019-2-id394027.html#primaryimage\",\"url\":\"https:\\\/\\\/www.rri.ro\\\/wp-content\\\/uploads\\\/2023\\\/10\\\/stiri-franceza-ok2.png\",\"contentUrl\":\"https:\\\/\\\/www.rri.ro\\\/wp-content\\\/uploads\\\/2023\\\/10\\\/stiri-franceza-ok2.png\",\"width\":420,\"height\":280},{\"@type\":\"BreadcrumbList\",\"@id\":\"https:\\\/\\\/www.rri.ro\\\/fr\\\/actualites\\\/le-flash\\\/18-12-2019-2-id394027.html#breadcrumb\",\"itemListElement\":[{\"@type\":\"ListItem\",\"position\":1,\"name\":\"Page d'accueil\",\"item\":\"https:\\\/\\\/www.rri.ro\\\/fr\"},{\"@type\":\"ListItem\",\"position\":2,\"name\":\"Actualit\u00e9s\",\"item\":\"https:\\\/\\\/www.rri.ro\\\/fr\\\/actualites\"},{\"@type\":\"ListItem\",\"position\":3,\"name\":\"Le flash\",\"item\":\"https:\\\/\\\/www.rri.ro\\\/fr\\\/actualites\\\/le-flash\"},{\"@type\":\"ListItem\",\"position\":4,\"name\":\"18.12.2019\"}]},{\"@type\":\"WebSite\",\"@id\":\"https:\\\/\\\/www.rri.ro\\\/#website\",\"url\":\"https:\\\/\\\/www.rri.ro\\\/\",\"name\":\"Radio Roumanie Internationale\",\"description\":\"Totul despre Rom\u00e2nia \u015fi rom\u00e2ni, \u00een 13 limbi\\\/dialecte!\",\"inLanguage\":\"fr-FR\"},{\"@type\":\"Person\",\"@id\":\"https:\\\/\\\/www.rri.ro\\\/#\\\/schema\\\/person\\\/4a479940371b9fdefd194f561e8a7f88\",\"name\":\"Newsroom\",\"url\":\"https:\\\/\\\/www.rri.ro\\\/fr\\\/author\\\/newsroom\"}]}<\/script>\n<!-- \/ Yoast SEO plugin. -->","yoast_head_json":{"title":"18.12.2019 - Radio Roumanie Internationale","robots":{"index":"index","follow":"follow","max-snippet":"max-snippet:-1","max-image-preview":"max-image-preview:large","max-video-preview":"max-video-preview:-1"},"canonical":"https:\/\/www.rri.ro\/fr\/actualites\/le-flash\/18-12-2019-2-id394027.html","og_locale":"fr_FR","og_type":"article","og_title":"18.12.2019 - Radio Roumanie Internationale","og_description":"R\u00e9volution &#8211; A Timisoara (ouest), poursuite des manifestations consacr\u00e9es au 30e anniversaire de la chute du communisme en Roumanie. Pour rappel, le 18 d\u00e9cembre 1989, des manifestants ont \u00e9t\u00e9 tu\u00e9s par balle sur les marches de la Cath\u00e9drale orthodoxe de Timisoara, 43 cadavre ayant \u00e9t\u00e9 vol\u00e9s de la morgue de H\u00f4pital d\u00e9partemental pour \u00eatre emmen\u00e9s [&hellip;]","og_url":"https:\/\/www.rri.ro\/fr\/actualites\/le-flash\/18-12-2019-2-id394027.html","og_site_name":"Radio Roumanie Internationale","article_published_time":"2019-12-18T12:30:00+00:00","og_image":[{"width":420,"height":280,"url":"https:\/\/www.rri.ro\/wp-content\/uploads\/2023\/10\/stiri-franceza-ok2.png","type":"image\/png"}],"author":"Newsroom","twitter_card":"summary_large_image","twitter_misc":{"\u00c9crit par":"Newsroom","Dur\u00e9e de lecture estim\u00e9e":"5 minutes","Written by":"Newsroom"},"schema":{"@context":"https:\/\/schema.org","@graph":[{"@type":"Article","@id":"https:\/\/www.rri.ro\/fr\/actualites\/le-flash\/18-12-2019-2-id394027.html#article","isPartOf":{"@id":"https:\/\/www.rri.ro\/fr\/actualites\/le-flash\/18-12-2019-2-id394027.html"},"author":{"name":"Newsroom","@id":"https:\/\/www.rri.ro\/#\/schema\/person\/4a479940371b9fdefd194f561e8a7f88"},"headline":"18.12.2019","datePublished":"2019-12-18T12:30:00+00:00","mainEntityOfPage":{"@id":"https:\/\/www.rri.ro\/fr\/actualites\/le-flash\/18-12-2019-2-id394027.html"},"wordCount":981,"image":{"@id":"https:\/\/www.rri.ro\/fr\/actualites\/le-flash\/18-12-2019-2-id394027.html#primaryimage"},"thumbnailUrl":"https:\/\/www.rri.ro\/wp-content\/uploads\/2023\/10\/stiri-franceza-ok2.png","keywords":["Afghanistan","communisme","greffiers","militaires","minorit\u00e9s ethniques","protestations","r\u00e9gimes sp\u00e9ciaux de retraite","retraite","Revolution","Timisoara"],"articleSection":["Le flash"],"inLanguage":"fr-FR"},{"@type":"WebPage","@id":"https:\/\/www.rri.ro\/fr\/actualites\/le-flash\/18-12-2019-2-id394027.html","url":"https:\/\/www.rri.ro\/fr\/actualites\/le-flash\/18-12-2019-2-id394027.html","name":"18.12.2019 - Radio Roumanie Internationale","isPartOf":{"@id":"https:\/\/www.rri.ro\/#website"},"primaryImageOfPage":{"@id":"https:\/\/www.rri.ro\/fr\/actualites\/le-flash\/18-12-2019-2-id394027.html#primaryimage"},"image":{"@id":"https:\/\/www.rri.ro\/fr\/actualites\/le-flash\/18-12-2019-2-id394027.html#primaryimage"},"thumbnailUrl":"https:\/\/www.rri.ro\/wp-content\/uploads\/2023\/10\/stiri-franceza-ok2.png","datePublished":"2019-12-18T12:30:00+00:00","author":{"@id":"https:\/\/www.rri.ro\/#\/schema\/person\/4a479940371b9fdefd194f561e8a7f88"},"breadcrumb":{"@id":"https:\/\/www.rri.ro\/fr\/actualites\/le-flash\/18-12-2019-2-id394027.html#breadcrumb"},"inLanguage":"fr-FR","potentialAction":[{"@type":"ReadAction","target":["https:\/\/www.rri.ro\/fr\/actualites\/le-flash\/18-12-2019-2-id394027.html"]}]},{"@type":"ImageObject","inLanguage":"fr-FR","@id":"https:\/\/www.rri.ro\/fr\/actualites\/le-flash\/18-12-2019-2-id394027.html#primaryimage","url":"https:\/\/www.rri.ro\/wp-content\/uploads\/2023\/10\/stiri-franceza-ok2.png","contentUrl":"https:\/\/www.rri.ro\/wp-content\/uploads\/2023\/10\/stiri-franceza-ok2.png","width":420,"height":280},{"@type":"BreadcrumbList","@id":"https:\/\/www.rri.ro\/fr\/actualites\/le-flash\/18-12-2019-2-id394027.html#breadcrumb","itemListElement":[{"@type":"ListItem","position":1,"name":"Page d'accueil","item":"https:\/\/www.rri.ro\/fr"},{"@type":"ListItem","position":2,"name":"Actualit\u00e9s","item":"https:\/\/www.rri.ro\/fr\/actualites"},{"@type":"ListItem","position":3,"name":"Le flash","item":"https:\/\/www.rri.ro\/fr\/actualites\/le-flash"},{"@type":"ListItem","position":4,"name":"18.12.2019"}]},{"@type":"WebSite","@id":"https:\/\/www.rri.ro\/#website","url":"https:\/\/www.rri.ro\/","name":"Radio Roumanie Internationale","description":"Totul despre Rom\u00e2nia \u015fi rom\u00e2ni, \u00een 13 limbi\/dialecte!","inLanguage":"fr-FR"},{"@type":"Person","@id":"https:\/\/www.rri.ro\/#\/schema\/person\/4a479940371b9fdefd194f561e8a7f88","name":"Newsroom","url":"https:\/\/www.rri.ro\/fr\/author\/newsroom"}]}},"_links":{"self":[{"href":"https:\/\/www.rri.ro\/fr\/wp-json\/wp\/v2\/posts\/394027","targetHints":{"allow":["GET"]}}],"collection":[{"href":"https:\/\/www.rri.ro\/fr\/wp-json\/wp\/v2\/posts"}],"about":[{"href":"https:\/\/www.rri.ro\/fr\/wp-json\/wp\/v2\/types\/post"}],"author":[{"embeddable":true,"href":"https:\/\/www.rri.ro\/fr\/wp-json\/wp\/v2\/users\/113"}],"replies":[{"embeddable":true,"href":"https:\/\/www.rri.ro\/fr\/wp-json\/wp\/v2\/comments?post=394027"}],"version-history":[{"count":0,"href":"https:\/\/www.rri.ro\/fr\/wp-json\/wp\/v2\/posts\/394027\/revisions"}],"wp:featuredmedia":[{"embeddable":true,"href":"https:\/\/www.rri.ro\/fr\/wp-json\/wp\/v2\/media\/391122"}],"wp:attachment":[{"href":"https:\/\/www.rri.ro\/fr\/wp-json\/wp\/v2\/media?parent=394027"}],"wp:term":[{"taxonomy":"category","embeddable":true,"href":"https:\/\/www.rri.ro\/fr\/wp-json\/wp\/v2\/categories?post=394027"},{"taxonomy":"post_tag","embeddable":true,"href":"https:\/\/www.rri.ro\/fr\/wp-json\/wp\/v2\/tags?post=394027"},{"taxonomy":"author","embeddable":true,"href":"https:\/\/www.rri.ro\/fr\/wp-json\/wp\/v2\/coauthors?post=394027"}],"curies":[{"name":"wp","href":"https:\/\/api.w.org\/{rel}","templated":true}]}}