{"id":394294,"date":"2020-04-29T19:46:00","date_gmt":"2020-04-29T16:46:00","guid":{"rendered":"http:\/\/devrri.freshlemon.ro\/le-roumain-mot-a-mot\/consulter-les-lecons\/29-04-2020-mise-a-jour-id394294.html"},"modified":"2020-04-29T19:46:00","modified_gmt":"2020-04-29T16:46:00","slug":"29-04-2020-mise-a-jour","status":"publish","type":"post","link":"https:\/\/www.rri.ro\/fr\/actualites\/le-flash\/29-04-2020-mise-a-jour-id394294.html","title":{"rendered":"29.04.2020 (mise \u00e0 jour)"},"content":{"rendered":"<\/p>\n<p><strong class=cms-bold>Coronavirus en Roumanie<\/strong>&#13;<br \/>\n&#8211; D\u00e9confinement ou pas le 15 mai, les Roumains devront encore attendre pour conna\u00eetre&#13;<br \/>\nla r\u00e9ponse. Selon le premier ministre Ludovic Orban, quatre sc\u00e9narios sont envisag\u00e9s&#13;<br \/>\npour apr\u00e8s cette date : de prolonger, une troisi\u00e8me fois, l&rsquo;\u00e9tat d&rsquo;urgence,&#13;<br \/>\nd&rsquo;instituer l&rsquo;\u00e9tat d&rsquo;alerte, d&rsquo;instaurer des r\u00e8gles \u00e9pid\u00e9miologiques sp\u00e9ciales ou&#13;<br \/>\nrien de tout cela, si la situation ne demande plus d&rsquo;activer un r\u00e9gime d&rsquo;exception.&#13;<br \/>\nLe chef du gouvernement roumain a expliqu\u00e9 que la d\u00e9cision sera prise plus pr\u00e8s&#13;<br \/>\nde la date en question, en fonction de l&rsquo;\u00e9volution de la pand\u00e9mie de Covid-19.&#13;<br \/>\nPr\u00e9c\u00e9demment, le pr\u00e9sident Klaus Iohannis avait d\u00e9clar\u00e9 que l&rsquo;assouplissement&#13;<br \/>\nde certaines restrictions ne voulait aucunement dire que les Roumains allaient revenir&#13;<br \/>\n\u00e0 leur vie d&rsquo;avant la pand\u00e9mie, car le danger \u00e9tait encore pr\u00e9sent. Le ministre&#13;<br \/>\nde la Sant\u00e9 Nelu T\u0103taru&#13;<br \/>\na lui aussi soulign\u00e9 que la Roumanie n&rsquo;avait pas encore atteint le pic de la&#13;<br \/>\npand\u00e9mie et qu&rsquo;il s&rsquo;attendait \u00e0 voir redescendre, d&rsquo;un jour \u00e0 l&rsquo;autre, le&#13;<br \/>\nnombre de nouveaux cas rapport\u00e9s quotidiennement. Jusqu&rsquo;ici, plus de 12.000 cas&#13;<br \/>\nd&rsquo;infection au nouveau coronavirus ont \u00e9t\u00e9 confirm\u00e9s en Roumanie, dont 3.500 qui&#13;<br \/>\nont gu\u00e9ri. Environ 2.200 ressortissants roumains ont \u00e9t\u00e9 test\u00e9s positifs au Sars-Cov-2&#13;<br \/>\n\u00e0 l&rsquo;\u00e9tranger, la plupart d&rsquo;entre eux en Italie. &#13;\n<\/p>\n<p><\/p>\n<p>&#13;<br \/>\n&#13;<\/p>\n<p><strong class=cms-bold>Minorit\u00e9s&#13;<br \/>\n<\/strong>&#8211; Le pr\u00e9sident Klaus Iohannis a critiqu\u00e9 durement l&rsquo;adoption tacite, par la&#13;<br \/>\nChambre des d\u00e9put\u00e9s, du projet de loi sur l&rsquo;autonomie du Pays sicule, r\u00e9gion au&#13;<br \/>\ncentre-est de la Roumanie qui recueille la moiti\u00e9 de la communaut\u00e9 hongroise du&#13;<br \/>\npays. Le chef de l&rsquo;Etat a annonc\u00e9 qu&rsquo;il ne promulguera pas une telle loi. Selon&#13;<br \/>\nle projet initi\u00e9 par l&rsquo;Union d\u00e9mocrate magyare de Roumanie (UDMR), cette r\u00e9gion&#13;<br \/>\no\u00f9 vivent les Sicules, un groupe ethnique de langue hongroise, devrait avoir sa&#13;<br \/>\npropre organisation administrative et le hongrois comme langue officielle. Il s&rsquo;agit&#13;<br \/>\ndes d\u00e9partements de Covasna et Harghita et d&rsquo;une partie du d\u00e9partement de Mure\u015f qui s&rsquo;uniraient pour former une r\u00e9gion&#13;<br \/>\nautonome. Le projet avait re\u00e7u l&rsquo;avis n\u00e9gatif du Conseil l\u00e9gislatif et du&#13;<br \/>\nConseil \u00e9conomique et social, ainsi qu&rsquo;un avis n\u00e9gatif consultatif du&#13;<br \/>\ngouvernement. Mais la date limite pour d\u00e9battre et voter le texte en question&#13;<br \/>\nest pass\u00e9e sans d\u00e9bat et sans vote et le processus appel\u00e9 \u00ab adoption&#13;<br \/>\ntacite \u00bb s&rsquo;est enclench\u00e9 : le projet de loi a \u00e9t\u00e9 adopt\u00e9 par d\u00e9faut&#13;<br \/>\npar la Chambre des d\u00e9put\u00e9s. Le S\u00e9nat, l&rsquo;assembl\u00e9 d\u00e9cisionnelle en cette mati\u00e8re,&#13;<br \/>\na \u00e9t\u00e9 appel\u00e9 au vote et a rejet\u00e9 le projet mercredi, sans, toutefois, que cela&#13;<br \/>\narr\u00eate les disputes politiques. Le pr\u00e9sident de la Chambre des d\u00e9put\u00e9s et chef&#13;<br \/>\nde fille des sociaux-d\u00e9mocrates, Marcel Ciolacu, a d\u00e9clar\u00e9 que son parti avait&#13;<br \/>\nvot\u00e9 contre cette loi dans les commissions sp\u00e9ciales. Mais de son c\u00f4t\u00e9, le Parti&#13;<br \/>\nnational lib\u00e9ral (PNL) soutient que cette adoption tacite est en fait un accord&#13;<br \/>\npolitiqu\u00e9 entre le Parti social-d\u00e9mocrate et l&rsquo;UDMR. Avant le vote du S\u00e9nat, l&rsquo;Union&#13;<br \/>\nsauvez la Roumanie (USR) a annonc\u00e9 que ses s\u00e9nateurs voteraient contre l&rsquo;autonomie du&#13;<br \/>\nPays sicule et qu&rsquo;elle \u00e9tait de toute fa\u00e7on contraire \u00e0 la Constitution&#13;<br \/>\nroumaine. D&rsquo;apr\u00e8s le pr\u00e9sident du Parti du mouvement populaire (PMP) Eugen&#13;<br \/>\nTomac, l&rsquo;adoption tacite de ce projet de loi repr\u00e9sente \u00ab une des plus graves&#13;<br \/>\nhumiliations que le Parlement pouvait apporter au peuple roumain et \u00e0 la&#13;<br \/>\nRoumanie, un signal de faiblesse d&rsquo;un point de vue politique. \u00bb<\/p>\n<p><\/p>\n<\/p>\n<p><strong class=cms-bold>Sondage&#13;<br \/>\n<\/strong>&#8211; L&rsquo;effondrement de l&rsquo;\u00e9conomie est un danger plus important que l&rsquo;\u00e9pid\u00e9mie de&#13;<br \/>\ncoronavirus, c&rsquo;est ce que pensent 70% des Roumains questionn\u00e9s par l&rsquo;Institut&#13;<br \/>\nroumain pour les sondages d&rsquo;opinion (IRSOP). La plupart des participants \u00e0 l&rsquo;\u00e9tude&#13;<br \/>\nestiment que la pand\u00e9mie ne dispara\u00eetra pas et que les gens vivront avec la&#13;<br \/>\ncrainte qu&rsquo;une aggravation de la situation sanitaire soit possible \u00e0 tout&#13;<br \/>\nmoment. La peur et la d\u00e9pression persistent chez plus de la moiti\u00e9 de la&#13;<br \/>\npopulation interrog\u00e9e. 55% des Roumains estiment que le gouvernement fait bien&#13;<br \/>\nson travail, voire tr\u00e8s bien. Toutefois, un tiers seulement appr\u00e9cient le&#13;<br \/>\ntravail du Parlement. L&rsquo;altruisme n&rsquo;est pas forcement \u00e0 la hausse, constatent les&#13;<br \/>\nauteurs de l&rsquo;\u00e9tude, car seulement 27% des participants ont l&rsquo;impression que les&#13;<br \/>\nRoumains sont devenus plus g\u00e9n\u00e9reux pendant cette p\u00e9riode. Le sondage a \u00e9t\u00e9&#13;<br \/>\nr\u00e9alis\u00e9 par t\u00e9l\u00e9phone du 22 au 25 avril sur un \u00e9chantillon repr\u00e9sentatif de 710&#13;<br \/>\npersonnes de plus de 18 ans. La marge d&rsquo;erreur est d&rsquo;environ 3,7%.<\/p>\n<p><\/p>\n<p>&#13;<br \/>\n&#13;<br \/>\n&#13;<br \/>\n&#13;<\/p>\n<p><strong class=cms-bold>Coronavirus dans le monde<\/strong> -&#13;<br \/>\nDe plus en plus de pays annoncent l&rsquo;all\u00e9gement des restrictions impos\u00e9es pour&#13;<br \/>\nluter contre la propagation du nouveau coronavirus. En France et en Gr\u00e8ce,&#13;<br \/>\nles \u00e9coles rouvriront graduellement \u00e0 partir du 11 mai, alors qu&rsquo;en Italie et&#13;<br \/>\nen Espagne les \u00e9l\u00e8ves resteront chez eux jusqu&rsquo;\u00e0 l&rsquo;automne prochain. Les h\u00f4tels&#13;<br \/>\npolonais accueilleront les touristes cet \u00e9t\u00e9 et la Bulgarie, la Gr\u00e8ce et la&#13;<br \/>\nTurquie ont l&rsquo;intention de d\u00e9marrer la saison touristique le 1er&#13;<br \/>\njuillet. Les \u00e9quipes espagnoles de football reprendront leurs entra\u00eenements le 4&#13;<br \/>\nmai et les Portugais visent sur des calendriers de reprise diff\u00e9rents pour&#13;<br \/>\nchaque discipline sportive. Aux Etats-Unis, alors que le pays a d\u00e9pass\u00e9 un&#13;<br \/>\nmillion de cas d&rsquo;infection au Sars-Cov-2, le pr\u00e9sident Donald Trump demande aux&#13;<br \/>\nproducteurs de viande de maintenir leur activit\u00e9. Plusieurs abattoirs avaient ferm\u00e9,&#13;<br \/>\nmais le gouvernement f\u00e9d\u00e9ral s&rsquo;est engag\u00e9 \u00e0 fournir de l&rsquo;\u00e9quipement de&#13;<br \/>\nprotection aux salari\u00e9s du secteur.  <\/p>\n<p><\/p>\n<p>&#13;<br \/>\n&#13;<br \/>\n&#13;<br \/>\n&#13;<br \/>\n&#13;<br \/>\n&#13;<\/p>\n<p><strong class=cms-bold>M\u00e9t\u00e9o&#13;<br \/>\n<\/strong>&#8211; En Roumanie, les temp\u00e9ratures restent \u00e9lev\u00e9es notamment sur le sud et l&rsquo;est,&#13;<br \/>\nmais le temps est plut\u00f4t instable. Des orages sont \u00e0 attendre localement dans&#13;<br \/>\nle nord, nord-est, centre et sur le relief jusqu&rsquo;\u00e0 jeudi soir. Le vent&#13;<br \/>\nsoufflera fort sur le sud-est du territoire. Les temp\u00e9ratures maximales iront de&#13;<br \/>\n16 \u00e0 28 degr\u00e9s. <\/p>\n<p><\/p>\n","protected":false},"excerpt":{"rendered":"<p>Coronavirus en Roumanie&#13; &#8211; D\u00e9confinement ou pas le 15 mai, les Roumains devront encore attendre pour conna\u00eetre&#13; la r\u00e9ponse. Selon le premier ministre Ludovic Orban, quatre sc\u00e9narios sont envisag\u00e9s&#13; pour apr\u00e8s cette date : de prolonger, une troisi\u00e8me fois, l&rsquo;\u00e9tat d&rsquo;urgence,&#13; d&rsquo;instituer l&rsquo;\u00e9tat d&rsquo;alerte, d&rsquo;instaurer des r\u00e8gles \u00e9pid\u00e9miologiques sp\u00e9ciales ou&#13; rien de tout cela, si [&hellip;]<\/p>\n","protected":false},"author":113,"featured_media":391122,"comment_status":"closed","ping_status":"closed","sticky":false,"template":"","format":"standard","meta":{"_acf_changed":false,"footnotes":""},"categories":[89002],"tags":[35339,35374,28945,30168,38707,30982,29386,35601,87848,86178,29035,32141],"coauthors":[],"class_list":["post-394294","post","type-post","status-publish","format-standard","has-post-thumbnail","hentry","category-le-flash","tag-coronavirus","tag-covid-19","tag-klaus-iohannis","tag-ludovic-orban","tag-pmp","tag-pnl","tag-psd","tag-sars-cov-2","tag-sicules","tag-sondage","tag-udmr","tag-usr"],"acf":[],"yoast_head":"<!-- This site is optimized with the Yoast SEO plugin v27.5 - https:\/\/yoast.com\/product\/yoast-seo-wordpress\/ -->\n<title>29.04.2020 (mise \u00e0 jour) - Radio Roumanie Internationale<\/title>\n<meta name=\"robots\" content=\"index, follow, max-snippet:-1, max-image-preview:large, max-video-preview:-1\" \/>\n<link rel=\"canonical\" href=\"https:\/\/www.rri.ro\/fr\/actualites\/le-flash\/29-04-2020-mise-a-jour-id394294.html\" \/>\n<meta property=\"og:locale\" content=\"fr_FR\" \/>\n<meta property=\"og:type\" content=\"article\" \/>\n<meta property=\"og:title\" content=\"29.04.2020 (mise \u00e0 jour) - Radio Roumanie Internationale\" \/>\n<meta property=\"og:description\" content=\"Coronavirus en Roumanie&#013; &#8211; D\u00e9confinement ou pas le 15 mai, les Roumains devront encore attendre pour conna\u00eetre&#013; la r\u00e9ponse. Selon le premier ministre Ludovic Orban, quatre sc\u00e9narios sont envisag\u00e9s&#013; pour apr\u00e8s cette date : de prolonger, une troisi\u00e8me fois, l&rsquo;\u00e9tat d&rsquo;urgence,&#013; d&rsquo;instituer l&rsquo;\u00e9tat d&rsquo;alerte, d&rsquo;instaurer des r\u00e8gles \u00e9pid\u00e9miologiques sp\u00e9ciales ou&#013; rien de tout cela, si [&hellip;]\" \/>\n<meta property=\"og:url\" content=\"https:\/\/www.rri.ro\/fr\/actualites\/le-flash\/29-04-2020-mise-a-jour-id394294.html\" \/>\n<meta property=\"og:site_name\" content=\"Radio Roumanie Internationale\" \/>\n<meta property=\"article:published_time\" content=\"2020-04-29T16:46:00+00:00\" \/>\n<meta property=\"og:image\" content=\"https:\/\/www.rri.ro\/wp-content\/uploads\/2023\/10\/stiri-franceza-ok2.png\" \/>\n\t<meta property=\"og:image:width\" content=\"420\" \/>\n\t<meta property=\"og:image:height\" content=\"280\" \/>\n\t<meta property=\"og:image:type\" content=\"image\/png\" \/>\n<meta name=\"author\" content=\"Newsroom\" \/>\n<meta name=\"twitter:card\" content=\"summary_large_image\" \/>\n<meta name=\"twitter:label1\" content=\"\u00c9crit par\" \/>\n\t<meta name=\"twitter:data1\" content=\"Newsroom\" \/>\n\t<meta name=\"twitter:label2\" content=\"Dur\u00e9e de lecture estim\u00e9e\" \/>\n\t<meta name=\"twitter:data2\" content=\"5 minutes\" \/>\n\t<meta name=\"twitter:label3\" content=\"Written by\" \/>\n\t<meta name=\"twitter:data3\" content=\"Newsroom\" \/>\n<script type=\"application\/ld+json\" class=\"yoast-schema-graph\">{\"@context\":\"https:\\\/\\\/schema.org\",\"@graph\":[{\"@type\":\"Article\",\"@id\":\"https:\\\/\\\/www.rri.ro\\\/fr\\\/actualites\\\/le-flash\\\/29-04-2020-mise-a-jour-id394294.html#article\",\"isPartOf\":{\"@id\":\"https:\\\/\\\/www.rri.ro\\\/fr\\\/actualites\\\/le-flash\\\/29-04-2020-mise-a-jour-id394294.html\"},\"author\":{\"name\":\"Newsroom\",\"@id\":\"https:\\\/\\\/www.rri.ro\\\/#\\\/schema\\\/person\\\/4a479940371b9fdefd194f561e8a7f88\"},\"headline\":\"29.04.2020 (mise \u00e0 jour)\",\"datePublished\":\"2020-04-29T16:46:00+00:00\",\"mainEntityOfPage\":{\"@id\":\"https:\\\/\\\/www.rri.ro\\\/fr\\\/actualites\\\/le-flash\\\/29-04-2020-mise-a-jour-id394294.html\"},\"wordCount\":1034,\"image\":{\"@id\":\"https:\\\/\\\/www.rri.ro\\\/fr\\\/actualites\\\/le-flash\\\/29-04-2020-mise-a-jour-id394294.html#primaryimage\"},\"thumbnailUrl\":\"https:\\\/\\\/www.rri.ro\\\/wp-content\\\/uploads\\\/2023\\\/10\\\/stiri-franceza-ok2.png\",\"keywords\":[\"coronavirus\",\"Covid-19\",\"Klaus Iohannis\",\"Ludovic Orban\",\"PMP\",\"PNL\",\"PSD\",\"SARS-CoV-2\",\"Sicules\",\"sondage\",\"UDMR\",\"USR\"],\"articleSection\":[\"Le flash\"],\"inLanguage\":\"fr-FR\"},{\"@type\":\"WebPage\",\"@id\":\"https:\\\/\\\/www.rri.ro\\\/fr\\\/actualites\\\/le-flash\\\/29-04-2020-mise-a-jour-id394294.html\",\"url\":\"https:\\\/\\\/www.rri.ro\\\/fr\\\/actualites\\\/le-flash\\\/29-04-2020-mise-a-jour-id394294.html\",\"name\":\"29.04.2020 (mise \u00e0 jour) - Radio Roumanie Internationale\",\"isPartOf\":{\"@id\":\"https:\\\/\\\/www.rri.ro\\\/#website\"},\"primaryImageOfPage\":{\"@id\":\"https:\\\/\\\/www.rri.ro\\\/fr\\\/actualites\\\/le-flash\\\/29-04-2020-mise-a-jour-id394294.html#primaryimage\"},\"image\":{\"@id\":\"https:\\\/\\\/www.rri.ro\\\/fr\\\/actualites\\\/le-flash\\\/29-04-2020-mise-a-jour-id394294.html#primaryimage\"},\"thumbnailUrl\":\"https:\\\/\\\/www.rri.ro\\\/wp-content\\\/uploads\\\/2023\\\/10\\\/stiri-franceza-ok2.png\",\"datePublished\":\"2020-04-29T16:46:00+00:00\",\"author\":{\"@id\":\"https:\\\/\\\/www.rri.ro\\\/#\\\/schema\\\/person\\\/4a479940371b9fdefd194f561e8a7f88\"},\"breadcrumb\":{\"@id\":\"https:\\\/\\\/www.rri.ro\\\/fr\\\/actualites\\\/le-flash\\\/29-04-2020-mise-a-jour-id394294.html#breadcrumb\"},\"inLanguage\":\"fr-FR\",\"potentialAction\":[{\"@type\":\"ReadAction\",\"target\":[\"https:\\\/\\\/www.rri.ro\\\/fr\\\/actualites\\\/le-flash\\\/29-04-2020-mise-a-jour-id394294.html\"]}]},{\"@type\":\"ImageObject\",\"inLanguage\":\"fr-FR\",\"@id\":\"https:\\\/\\\/www.rri.ro\\\/fr\\\/actualites\\\/le-flash\\\/29-04-2020-mise-a-jour-id394294.html#primaryimage\",\"url\":\"https:\\\/\\\/www.rri.ro\\\/wp-content\\\/uploads\\\/2023\\\/10\\\/stiri-franceza-ok2.png\",\"contentUrl\":\"https:\\\/\\\/www.rri.ro\\\/wp-content\\\/uploads\\\/2023\\\/10\\\/stiri-franceza-ok2.png\",\"width\":420,\"height\":280},{\"@type\":\"BreadcrumbList\",\"@id\":\"https:\\\/\\\/www.rri.ro\\\/fr\\\/actualites\\\/le-flash\\\/29-04-2020-mise-a-jour-id394294.html#breadcrumb\",\"itemListElement\":[{\"@type\":\"ListItem\",\"position\":1,\"name\":\"Page d'accueil\",\"item\":\"https:\\\/\\\/www.rri.ro\\\/fr\"},{\"@type\":\"ListItem\",\"position\":2,\"name\":\"Actualit\u00e9s\",\"item\":\"https:\\\/\\\/www.rri.ro\\\/fr\\\/actualites\"},{\"@type\":\"ListItem\",\"position\":3,\"name\":\"Le flash\",\"item\":\"https:\\\/\\\/www.rri.ro\\\/fr\\\/actualites\\\/le-flash\"},{\"@type\":\"ListItem\",\"position\":4,\"name\":\"29.04.2020 (mise \u00e0 jour)\"}]},{\"@type\":\"WebSite\",\"@id\":\"https:\\\/\\\/www.rri.ro\\\/#website\",\"url\":\"https:\\\/\\\/www.rri.ro\\\/\",\"name\":\"Radio Roumanie Internationale\",\"description\":\"Totul despre Rom\u00e2nia \u015fi rom\u00e2ni, \u00een 13 limbi\\\/dialecte!\",\"inLanguage\":\"fr-FR\"},{\"@type\":\"Person\",\"@id\":\"https:\\\/\\\/www.rri.ro\\\/#\\\/schema\\\/person\\\/4a479940371b9fdefd194f561e8a7f88\",\"name\":\"Newsroom\",\"url\":\"https:\\\/\\\/www.rri.ro\\\/fr\\\/author\\\/newsroom\"}]}<\/script>\n<!-- \/ Yoast SEO plugin. -->","yoast_head_json":{"title":"29.04.2020 (mise \u00e0 jour) - Radio Roumanie Internationale","robots":{"index":"index","follow":"follow","max-snippet":"max-snippet:-1","max-image-preview":"max-image-preview:large","max-video-preview":"max-video-preview:-1"},"canonical":"https:\/\/www.rri.ro\/fr\/actualites\/le-flash\/29-04-2020-mise-a-jour-id394294.html","og_locale":"fr_FR","og_type":"article","og_title":"29.04.2020 (mise \u00e0 jour) - Radio Roumanie Internationale","og_description":"Coronavirus en Roumanie&#13; &#8211; D\u00e9confinement ou pas le 15 mai, les Roumains devront encore attendre pour conna\u00eetre&#13; la r\u00e9ponse. Selon le premier ministre Ludovic Orban, quatre sc\u00e9narios sont envisag\u00e9s&#13; pour apr\u00e8s cette date : de prolonger, une troisi\u00e8me fois, l&rsquo;\u00e9tat d&rsquo;urgence,&#13; d&rsquo;instituer l&rsquo;\u00e9tat d&rsquo;alerte, d&rsquo;instaurer des r\u00e8gles \u00e9pid\u00e9miologiques sp\u00e9ciales ou&#13; rien de tout cela, si [&hellip;]","og_url":"https:\/\/www.rri.ro\/fr\/actualites\/le-flash\/29-04-2020-mise-a-jour-id394294.html","og_site_name":"Radio Roumanie Internationale","article_published_time":"2020-04-29T16:46:00+00:00","og_image":[{"width":420,"height":280,"url":"https:\/\/www.rri.ro\/wp-content\/uploads\/2023\/10\/stiri-franceza-ok2.png","type":"image\/png"}],"author":"Newsroom","twitter_card":"summary_large_image","twitter_misc":{"\u00c9crit par":"Newsroom","Dur\u00e9e de lecture estim\u00e9e":"5 minutes","Written by":"Newsroom"},"schema":{"@context":"https:\/\/schema.org","@graph":[{"@type":"Article","@id":"https:\/\/www.rri.ro\/fr\/actualites\/le-flash\/29-04-2020-mise-a-jour-id394294.html#article","isPartOf":{"@id":"https:\/\/www.rri.ro\/fr\/actualites\/le-flash\/29-04-2020-mise-a-jour-id394294.html"},"author":{"name":"Newsroom","@id":"https:\/\/www.rri.ro\/#\/schema\/person\/4a479940371b9fdefd194f561e8a7f88"},"headline":"29.04.2020 (mise \u00e0 jour)","datePublished":"2020-04-29T16:46:00+00:00","mainEntityOfPage":{"@id":"https:\/\/www.rri.ro\/fr\/actualites\/le-flash\/29-04-2020-mise-a-jour-id394294.html"},"wordCount":1034,"image":{"@id":"https:\/\/www.rri.ro\/fr\/actualites\/le-flash\/29-04-2020-mise-a-jour-id394294.html#primaryimage"},"thumbnailUrl":"https:\/\/www.rri.ro\/wp-content\/uploads\/2023\/10\/stiri-franceza-ok2.png","keywords":["coronavirus","Covid-19","Klaus Iohannis","Ludovic Orban","PMP","PNL","PSD","SARS-CoV-2","Sicules","sondage","UDMR","USR"],"articleSection":["Le flash"],"inLanguage":"fr-FR"},{"@type":"WebPage","@id":"https:\/\/www.rri.ro\/fr\/actualites\/le-flash\/29-04-2020-mise-a-jour-id394294.html","url":"https:\/\/www.rri.ro\/fr\/actualites\/le-flash\/29-04-2020-mise-a-jour-id394294.html","name":"29.04.2020 (mise \u00e0 jour) - Radio Roumanie Internationale","isPartOf":{"@id":"https:\/\/www.rri.ro\/#website"},"primaryImageOfPage":{"@id":"https:\/\/www.rri.ro\/fr\/actualites\/le-flash\/29-04-2020-mise-a-jour-id394294.html#primaryimage"},"image":{"@id":"https:\/\/www.rri.ro\/fr\/actualites\/le-flash\/29-04-2020-mise-a-jour-id394294.html#primaryimage"},"thumbnailUrl":"https:\/\/www.rri.ro\/wp-content\/uploads\/2023\/10\/stiri-franceza-ok2.png","datePublished":"2020-04-29T16:46:00+00:00","author":{"@id":"https:\/\/www.rri.ro\/#\/schema\/person\/4a479940371b9fdefd194f561e8a7f88"},"breadcrumb":{"@id":"https:\/\/www.rri.ro\/fr\/actualites\/le-flash\/29-04-2020-mise-a-jour-id394294.html#breadcrumb"},"inLanguage":"fr-FR","potentialAction":[{"@type":"ReadAction","target":["https:\/\/www.rri.ro\/fr\/actualites\/le-flash\/29-04-2020-mise-a-jour-id394294.html"]}]},{"@type":"ImageObject","inLanguage":"fr-FR","@id":"https:\/\/www.rri.ro\/fr\/actualites\/le-flash\/29-04-2020-mise-a-jour-id394294.html#primaryimage","url":"https:\/\/www.rri.ro\/wp-content\/uploads\/2023\/10\/stiri-franceza-ok2.png","contentUrl":"https:\/\/www.rri.ro\/wp-content\/uploads\/2023\/10\/stiri-franceza-ok2.png","width":420,"height":280},{"@type":"BreadcrumbList","@id":"https:\/\/www.rri.ro\/fr\/actualites\/le-flash\/29-04-2020-mise-a-jour-id394294.html#breadcrumb","itemListElement":[{"@type":"ListItem","position":1,"name":"Page d'accueil","item":"https:\/\/www.rri.ro\/fr"},{"@type":"ListItem","position":2,"name":"Actualit\u00e9s","item":"https:\/\/www.rri.ro\/fr\/actualites"},{"@type":"ListItem","position":3,"name":"Le flash","item":"https:\/\/www.rri.ro\/fr\/actualites\/le-flash"},{"@type":"ListItem","position":4,"name":"29.04.2020 (mise \u00e0 jour)"}]},{"@type":"WebSite","@id":"https:\/\/www.rri.ro\/#website","url":"https:\/\/www.rri.ro\/","name":"Radio Roumanie Internationale","description":"Totul despre Rom\u00e2nia \u015fi rom\u00e2ni, \u00een 13 limbi\/dialecte!","inLanguage":"fr-FR"},{"@type":"Person","@id":"https:\/\/www.rri.ro\/#\/schema\/person\/4a479940371b9fdefd194f561e8a7f88","name":"Newsroom","url":"https:\/\/www.rri.ro\/fr\/author\/newsroom"}]}},"_links":{"self":[{"href":"https:\/\/www.rri.ro\/fr\/wp-json\/wp\/v2\/posts\/394294","targetHints":{"allow":["GET"]}}],"collection":[{"href":"https:\/\/www.rri.ro\/fr\/wp-json\/wp\/v2\/posts"}],"about":[{"href":"https:\/\/www.rri.ro\/fr\/wp-json\/wp\/v2\/types\/post"}],"author":[{"embeddable":true,"href":"https:\/\/www.rri.ro\/fr\/wp-json\/wp\/v2\/users\/113"}],"replies":[{"embeddable":true,"href":"https:\/\/www.rri.ro\/fr\/wp-json\/wp\/v2\/comments?post=394294"}],"version-history":[{"count":0,"href":"https:\/\/www.rri.ro\/fr\/wp-json\/wp\/v2\/posts\/394294\/revisions"}],"wp:featuredmedia":[{"embeddable":true,"href":"https:\/\/www.rri.ro\/fr\/wp-json\/wp\/v2\/media\/391122"}],"wp:attachment":[{"href":"https:\/\/www.rri.ro\/fr\/wp-json\/wp\/v2\/media?parent=394294"}],"wp:term":[{"taxonomy":"category","embeddable":true,"href":"https:\/\/www.rri.ro\/fr\/wp-json\/wp\/v2\/categories?post=394294"},{"taxonomy":"post_tag","embeddable":true,"href":"https:\/\/www.rri.ro\/fr\/wp-json\/wp\/v2\/tags?post=394294"},{"taxonomy":"author","embeddable":true,"href":"https:\/\/www.rri.ro\/fr\/wp-json\/wp\/v2\/coauthors?post=394294"}],"curies":[{"name":"wp","href":"https:\/\/api.w.org\/{rel}","templated":true}]}}