{"id":394394,"date":"2020-06-18T20:28:00","date_gmt":"2020-06-18T17:28:00","guid":{"rendered":"http:\/\/devrri.freshlemon.ro\/le-roumain-mot-a-mot\/consulter-les-lecons\/18-06-2020-mise-a-jour-id394394.html"},"modified":"2020-06-18T20:28:00","modified_gmt":"2020-06-18T17:28:00","slug":"18-06-2020-mise-a-jour","status":"publish","type":"post","link":"https:\/\/www.rri.ro\/fr\/actualites\/le-flash\/18-06-2020-mise-a-jour-id394394.html","title":{"rendered":"18.06.2020 (mise \u00e0 jour)"},"content":{"rendered":"<\/p>\n<p><strong class=cms-bold style=font-size: 1em;>Coronavirus <\/strong>-&#13;<br \/>\nLa Roumanie enregistre une hausse des cas d&rsquo;infection au nouveau coronavirus. Les&#13;<br \/>\nautorit\u00e9s annoncent ce jeudi 320 cas suppl\u00e9mentaires, le total se chiffrant \u00e0&#13;<br \/>\npr\u00e9sent \u00e0 23.080 personnes test\u00e9es positives, dont plus de 16.300 ont gu\u00e9ri et&#13;<br \/>\n178 sont actuellement hospitalis\u00e9s en soins intensifs. Jusqu&rsquo;\u00e0 pr\u00e9sent, le&#13;<br \/>\nbilan des d\u00e9c\u00e8s approche les 1.500. Selon le ministre de la Sant\u00e9 Nelu T\u0103taru,&#13;<br \/>\nla hausse du nombre de nouveaux cas n&rsquo;est pas une surprise, puisqu&rsquo;elle&#13;<br \/>\nsurvient apr\u00e8s le d\u00e9confinement. Par ailleurs, le premier ministre Ludovic&#13;<br \/>\nOrban a d\u00e9clar\u00e9 que les th\u00e9\u00e2tres et les restaurants rouvriraient leurs portes&#13;<br \/>\n\u00ab quand cela sera possible d&rsquo;un point de vue \u00e9pid\u00e9miologique \u00bb. Le&#13;<br \/>\nchef du gouvernement a ajout\u00e9 que, pour l&rsquo;instant, les autorit\u00e9s ne pouvaient&#13;<br \/>\npas anticiper l&rsquo;\u00e9volution de l&rsquo;\u00e9pid\u00e9mie et il a encore une fois appel\u00e9 \u00e0 la plus&#13;<br \/>\ngrande vigilance et \u00e0 l&rsquo;application stricte des normes institu\u00e9es.<\/p>\n<p><\/p>\n<p>&#13;<br \/>\n&#13;<br \/>\n&#13;<br \/>\n&#13;<\/p>\n<p><strong class=cms-bold>Retraites <\/strong>&#8211; Le Parlement&#13;<br \/>\nbicam\u00e9ral de Bucarest, r\u00e9uni en s\u00e9ance pl\u00e9ni\u00e8re, a vot\u00e9 jeudi en faveur du&#13;<br \/>\nprojet de loi relatif \u00e0 l&rsquo;imp\u00f4t sur ce que l&rsquo;on appelle les retraites&#13;<br \/>\nsp\u00e9ciales. Le projet avait d\u00e9j\u00e0 \u00e9t\u00e9 adopt\u00e9, mercredi, par les d\u00e9put\u00e9s. N\u00e9anmoins,&#13;<br \/>\nce vote du pl\u00e9num \u00e9tait n\u00e9cessaire car le projet concerne&#13;<br \/>\naussi les retraites des d\u00e9put\u00e9s  et des&#13;<br \/>\ns\u00e9nateurs. Les \u00e9lus ont d\u00e9cid\u00e9 de soumettre \u00e0 l&rsquo;imp\u00f4t la diff\u00e9rence entre le&#13;<br \/>\nmontant de la retraite sp\u00e9ciale et celui de la retraite bas\u00e9e sur le principe&#13;<br \/>\nde contributivit\u00e9. Ainsi,&#13;<br \/>\nl&rsquo;imp\u00f4t pr\u00e9lev\u00e9 pour les retraites entre 2.000 lei (environ 400 euros) et 7.000 lei (1.400 euros) sera de 10%, et toute pension&#13;<br \/>\nde retraite d\u00e9passant 7.000 lei sera soumise \u00e0 un imp\u00f4t de 85%. L&rsquo;Avocat du&#13;<br \/>\npeuple, l&rsquo;\u00e9quivalent roumain du d\u00e9fenseur des droits, a d\u00e9j\u00e0 attaqu\u00e9 la loi&#13;<br \/>\naupr\u00e8s de la Cour constitutionnelle. La Haute cour de cassation et de justice a&#13;<br \/>\nannonc\u00e9 qu&rsquo;elle fera de m\u00eame. <\/p>\n<p><\/p>\n<p><strong class=cms-bold>Diplomatie <\/strong>&#8211; Le pr\u00e9sident de la Roumanie, Klaus Iohannis, a particip\u00e9 jeudi au sommet du Partenariat oriental, d\u00e9roul\u00e9 par visioconf\u00e9rence. Le chef de l&rsquo;Etat a r\u00e9it\u00e9r\u00e9 l&rsquo;engagement de la Roumanie pour soutenir l&rsquo;ouverture vers l&rsquo;Europe des partenaires orientaux les plus engag\u00e9s. De m\u00eame, il a exprim\u00e9 le soutien de Bucarest pour une approche plus ambitieuse de l&rsquo;Union europ\u00e9enne pour ce qui est de la coop\u00e9ration dans le domaine de la s\u00e9curit\u00e9. Une approche, a pr\u00e9cis\u00e9 Klaus Iohannis, en mesure de r\u00e9pondre aux int\u00e9r\u00eats l\u00e9gitimes de l&rsquo;Union et des Etats partenaires de la r\u00e9gion. Pour finir, le pr\u00e9sident Iohannis a soulign\u00e9 le soutien important accord\u00e9 par la Roumanie \u00e0 la R\u00e9publique de Moldava et \u00e0 l&rsquo;Ukraine durant l&rsquo;\u00e9pid\u00e9mie de Covid-19. La r\u00e9union a rassembl\u00e9 les chefs d&rsquo;Etat et de gouvernement de l&rsquo;Union europ\u00e9enne, les pr\u00e9sidents de l&rsquo;Ukraine et d&rsquo;Azerba\u00efdjan, tout comme les premiers ministres de la R\u00e9publique de Moldova, de la G\u00e9orgie, d&rsquo;Arm\u00e9nie et de Belarus.<\/p>\n<p><\/p>\n<p><strong>OTAN<\/strong> &#8211; Le ministre roumain de la D\u00e9fense Nicolae Ciuc\u0103 a particip\u00e9 \u00e0 la r\u00e9union minist\u00e9rielle de l&rsquo;OTAN en visioconf\u00e9rence. A cette occasion, il a montr\u00e9 la disponibilit\u00e9 de la Roumanie de mettre \u00e0 disposition une facilit\u00e9 pour entreposer du mat\u00e9riel sanitaire du stock de l&rsquo;OTAN. Le ministre Ciuc\u0103 a aussi r\u00e9it\u00e9r\u00e9 l&rsquo;appel aux alli\u00e9s \u00e0 accro\u00eetre leurs contributions aux projets dans la r\u00e9gion de la mer Noire, qui a une importance strat\u00e9gique pour l&rsquo;Alliance. Selon un communiqu\u00e9 de presse du minist\u00e8re de la d\u00e9fense de Bucarest, les ministres participants \u00e0 la r\u00e9union ont \u00e9galement \u00e9valu\u00e9 la mise en \u0153uvre de la posture de dissuasion et de d\u00e9fense de l&rsquo;OTAN, notamment les implications, pour la s\u00e9curit\u00e9 europ\u00e9enne et euro-atlantique, du d\u00e9veloppement des syst\u00e8mes russes de missiles nucl\u00e9aires et \u00e0 double guidage. Les participants \u00e0 la r\u00e9union ont agr\u00e9\u00e9 un paquet de mesures politiques et militaires d&rsquo;adaptation et ils ont r\u00e9affirm\u00e9 l&rsquo;engagement de l&rsquo;OTAN pour le contr\u00f4le des armements, la non-prolif\u00e9ration et le d\u00e9sarmement.<\/p>\n<p><\/p>\n<p>&#13;<br \/>\n&#13;<br \/>\n&#13;<br \/>\n&#13;<\/p>\n<p><strong class=cms-bold>D\u00e9fense <\/strong>&#8211; La Roumanie envoie, cette ann\u00e9e, 2.669 militaires en&#13;<br \/>\nmissions et op\u00e9rations ext\u00e9rieures, des forces d\u00e9ploy\u00e9es et d\u00e9ployables \u00e0 la&#13;<br \/>\ndemande de l&rsquo;OTAN et de l&rsquo;UE. De m\u00eame, 791 cadres du minist\u00e8re de l&rsquo;Int\u00e9rieur&#13;<br \/>\npeuvent prendre part \u00e0 des missions et \u00e0 des op\u00e9rations \u00e0 l&rsquo;\u00e9tranger, et autres&#13;<br \/>\n1.007 peuvent \u00eatre disloqu\u00e9s en cas de besoin, montre une note d&rsquo;information du&#13;<br \/>\npr\u00e9sident Klaus Iohannis pr\u00e9sent\u00e9e au Parlement. Le document pr\u00e9cise que les&#13;<br \/>\nforces de l&rsquo;Arm\u00e9e roumaine ex\u00e9cutent les missions pr\u00e9vues \u00ab pour tenir les&#13;<br \/>\nengagements de la Roumanie et confirmer le r\u00f4le de notre pays dans le maintien&#13;<br \/>\nde la s\u00e9curit\u00e9. Ainsi, la continuit\u00e9 des actions de consolidation et du&#13;<br \/>\nmaintien de la paix est assur\u00e9e en accord avec l&rsquo;OTAN, l&rsquo;UE, l&rsquo;ONU et&#13;<br \/>\nl&rsquo;OSCE. \u00bb Le pr\u00e9sident Klaus Iohannis a \u00e9galement approuv\u00e9 le d\u00e9ploiement&#13;<br \/>\nen Roumanie, en cas de besoin, de la Force de r\u00e9action de l&rsquo;OTAN. <\/p>\n<p><strong class=cms-bold style=font-size: 1em;><br \/><\/strong><\/p>\n<p><strong class=cms-bold style=font-size: 1em;>M\u00e9t\u00e9o <\/strong>-&#13;<br \/>\nLa m\u00e9t\u00e9o reste instable en Roumanie, tout le territoire se trouvant sous&#13;<br \/>\nvigilance jaune. Dans les 24 prochaines heures, les minimales iront de 12 \u00e0 20\u00b0&#13;<br \/>\net les maximales de 20 \u00e0 29\u00b0. Ces derniers jours, les pluies torrentielles et les&#13;<br \/>\nrivi\u00e8res en crue ont provoqu\u00e9 des d\u00e9g\u00e2ts dans plus de la moiti\u00e9 des&#13;<br \/>\nd\u00e9partements du pays.<\/p>\n<p><\/p>\n","protected":false},"excerpt":{"rendered":"<p>Coronavirus -&#13; La Roumanie enregistre une hausse des cas d&rsquo;infection au nouveau coronavirus. Les&#13; autorit\u00e9s annoncent ce jeudi 320 cas suppl\u00e9mentaires, le total se chiffrant \u00e0&#13; pr\u00e9sent \u00e0 23.080 personnes test\u00e9es positives, dont plus de 16.300 ont gu\u00e9ri et&#13; 178 sont actuellement hospitalis\u00e9s en soins intensifs. Jusqu&rsquo;\u00e0 pr\u00e9sent, le&#13; bilan des d\u00e9c\u00e8s approche les 1.500. [&hellip;]<\/p>\n","protected":false},"author":113,"featured_media":391122,"comment_status":"closed","ping_status":"closed","sticky":false,"template":"","format":"standard","meta":{"_acf_changed":false,"footnotes":""},"categories":[89002],"tags":[85359,35339,29875,92310,48989,88060,87242,40296],"coauthors":[],"class_list":["post-394394","post","type-post","status-publish","format-standard","has-post-thumbnail","hentry","category-le-flash","tag-armee","tag-coronavirus","tag-defense","tag-loi-des-retraites","tag-otan","tag-partenariat-oriental","tag-pensions-de-retraite","tag-ue"],"acf":[],"yoast_head":"<!-- This site is optimized with the Yoast SEO plugin v27.5 - https:\/\/yoast.com\/product\/yoast-seo-wordpress\/ -->\n<title>18.06.2020 (mise \u00e0 jour) - Radio Roumanie Internationale<\/title>\n<meta name=\"robots\" content=\"index, follow, max-snippet:-1, max-image-preview:large, max-video-preview:-1\" \/>\n<link rel=\"canonical\" href=\"https:\/\/www.rri.ro\/fr\/actualites\/le-flash\/18-06-2020-mise-a-jour-id394394.html\" \/>\n<meta property=\"og:locale\" content=\"fr_FR\" \/>\n<meta property=\"og:type\" content=\"article\" \/>\n<meta property=\"og:title\" content=\"18.06.2020 (mise \u00e0 jour) - Radio Roumanie Internationale\" \/>\n<meta property=\"og:description\" content=\"Coronavirus -&#013; La Roumanie enregistre une hausse des cas d&rsquo;infection au nouveau coronavirus. Les&#013; autorit\u00e9s annoncent ce jeudi 320 cas suppl\u00e9mentaires, le total se chiffrant \u00e0&#013; pr\u00e9sent \u00e0 23.080 personnes test\u00e9es positives, dont plus de 16.300 ont gu\u00e9ri et&#013; 178 sont actuellement hospitalis\u00e9s en soins intensifs. Jusqu&rsquo;\u00e0 pr\u00e9sent, le&#013; bilan des d\u00e9c\u00e8s approche les 1.500. [&hellip;]\" \/>\n<meta property=\"og:url\" content=\"https:\/\/www.rri.ro\/fr\/actualites\/le-flash\/18-06-2020-mise-a-jour-id394394.html\" \/>\n<meta property=\"og:site_name\" content=\"Radio Roumanie Internationale\" \/>\n<meta property=\"article:published_time\" content=\"2020-06-18T17:28:00+00:00\" \/>\n<meta property=\"og:image\" content=\"https:\/\/www.rri.ro\/wp-content\/uploads\/2023\/10\/stiri-franceza-ok2.png\" \/>\n\t<meta property=\"og:image:width\" content=\"420\" \/>\n\t<meta property=\"og:image:height\" content=\"280\" \/>\n\t<meta property=\"og:image:type\" content=\"image\/png\" \/>\n<meta name=\"author\" content=\"Newsroom\" \/>\n<meta name=\"twitter:card\" content=\"summary_large_image\" \/>\n<meta name=\"twitter:label1\" content=\"\u00c9crit par\" \/>\n\t<meta name=\"twitter:data1\" content=\"Newsroom\" \/>\n\t<meta name=\"twitter:label2\" content=\"Dur\u00e9e de lecture estim\u00e9e\" \/>\n\t<meta name=\"twitter:data2\" content=\"5 minutes\" \/>\n\t<meta name=\"twitter:label3\" content=\"Written by\" \/>\n\t<meta name=\"twitter:data3\" content=\"Newsroom\" \/>\n<script type=\"application\/ld+json\" class=\"yoast-schema-graph\">{\"@context\":\"https:\\\/\\\/schema.org\",\"@graph\":[{\"@type\":\"Article\",\"@id\":\"https:\\\/\\\/www.rri.ro\\\/fr\\\/actualites\\\/le-flash\\\/18-06-2020-mise-a-jour-id394394.html#article\",\"isPartOf\":{\"@id\":\"https:\\\/\\\/www.rri.ro\\\/fr\\\/actualites\\\/le-flash\\\/18-06-2020-mise-a-jour-id394394.html\"},\"author\":{\"name\":\"Newsroom\",\"@id\":\"https:\\\/\\\/www.rri.ro\\\/#\\\/schema\\\/person\\\/4a479940371b9fdefd194f561e8a7f88\"},\"headline\":\"18.06.2020 (mise \u00e0 jour)\",\"datePublished\":\"2020-06-18T17:28:00+00:00\",\"mainEntityOfPage\":{\"@id\":\"https:\\\/\\\/www.rri.ro\\\/fr\\\/actualites\\\/le-flash\\\/18-06-2020-mise-a-jour-id394394.html\"},\"wordCount\":961,\"image\":{\"@id\":\"https:\\\/\\\/www.rri.ro\\\/fr\\\/actualites\\\/le-flash\\\/18-06-2020-mise-a-jour-id394394.html#primaryimage\"},\"thumbnailUrl\":\"https:\\\/\\\/www.rri.ro\\\/wp-content\\\/uploads\\\/2023\\\/10\\\/stiri-franceza-ok2.png\",\"keywords\":[\"arm\u00e9e\",\"coronavirus\",\"defense\",\"loi des retraites\",\"OTAN\",\"Partenariat oriental\",\"pensions de retraite\",\"UE\"],\"articleSection\":[\"Le flash\"],\"inLanguage\":\"fr-FR\"},{\"@type\":\"WebPage\",\"@id\":\"https:\\\/\\\/www.rri.ro\\\/fr\\\/actualites\\\/le-flash\\\/18-06-2020-mise-a-jour-id394394.html\",\"url\":\"https:\\\/\\\/www.rri.ro\\\/fr\\\/actualites\\\/le-flash\\\/18-06-2020-mise-a-jour-id394394.html\",\"name\":\"18.06.2020 (mise \u00e0 jour) - Radio Roumanie Internationale\",\"isPartOf\":{\"@id\":\"https:\\\/\\\/www.rri.ro\\\/#website\"},\"primaryImageOfPage\":{\"@id\":\"https:\\\/\\\/www.rri.ro\\\/fr\\\/actualites\\\/le-flash\\\/18-06-2020-mise-a-jour-id394394.html#primaryimage\"},\"image\":{\"@id\":\"https:\\\/\\\/www.rri.ro\\\/fr\\\/actualites\\\/le-flash\\\/18-06-2020-mise-a-jour-id394394.html#primaryimage\"},\"thumbnailUrl\":\"https:\\\/\\\/www.rri.ro\\\/wp-content\\\/uploads\\\/2023\\\/10\\\/stiri-franceza-ok2.png\",\"datePublished\":\"2020-06-18T17:28:00+00:00\",\"author\":{\"@id\":\"https:\\\/\\\/www.rri.ro\\\/#\\\/schema\\\/person\\\/4a479940371b9fdefd194f561e8a7f88\"},\"breadcrumb\":{\"@id\":\"https:\\\/\\\/www.rri.ro\\\/fr\\\/actualites\\\/le-flash\\\/18-06-2020-mise-a-jour-id394394.html#breadcrumb\"},\"inLanguage\":\"fr-FR\",\"potentialAction\":[{\"@type\":\"ReadAction\",\"target\":[\"https:\\\/\\\/www.rri.ro\\\/fr\\\/actualites\\\/le-flash\\\/18-06-2020-mise-a-jour-id394394.html\"]}]},{\"@type\":\"ImageObject\",\"inLanguage\":\"fr-FR\",\"@id\":\"https:\\\/\\\/www.rri.ro\\\/fr\\\/actualites\\\/le-flash\\\/18-06-2020-mise-a-jour-id394394.html#primaryimage\",\"url\":\"https:\\\/\\\/www.rri.ro\\\/wp-content\\\/uploads\\\/2023\\\/10\\\/stiri-franceza-ok2.png\",\"contentUrl\":\"https:\\\/\\\/www.rri.ro\\\/wp-content\\\/uploads\\\/2023\\\/10\\\/stiri-franceza-ok2.png\",\"width\":420,\"height\":280},{\"@type\":\"BreadcrumbList\",\"@id\":\"https:\\\/\\\/www.rri.ro\\\/fr\\\/actualites\\\/le-flash\\\/18-06-2020-mise-a-jour-id394394.html#breadcrumb\",\"itemListElement\":[{\"@type\":\"ListItem\",\"position\":1,\"name\":\"Page d'accueil\",\"item\":\"https:\\\/\\\/www.rri.ro\\\/fr\"},{\"@type\":\"ListItem\",\"position\":2,\"name\":\"Actualit\u00e9s\",\"item\":\"https:\\\/\\\/www.rri.ro\\\/fr\\\/actualites\"},{\"@type\":\"ListItem\",\"position\":3,\"name\":\"Le flash\",\"item\":\"https:\\\/\\\/www.rri.ro\\\/fr\\\/actualites\\\/le-flash\"},{\"@type\":\"ListItem\",\"position\":4,\"name\":\"18.06.2020 (mise \u00e0 jour)\"}]},{\"@type\":\"WebSite\",\"@id\":\"https:\\\/\\\/www.rri.ro\\\/#website\",\"url\":\"https:\\\/\\\/www.rri.ro\\\/\",\"name\":\"Radio Roumanie Internationale\",\"description\":\"Totul despre Rom\u00e2nia \u015fi rom\u00e2ni, \u00een 13 limbi\\\/dialecte!\",\"inLanguage\":\"fr-FR\"},{\"@type\":\"Person\",\"@id\":\"https:\\\/\\\/www.rri.ro\\\/#\\\/schema\\\/person\\\/4a479940371b9fdefd194f561e8a7f88\",\"name\":\"Newsroom\",\"url\":\"https:\\\/\\\/www.rri.ro\\\/fr\\\/author\\\/newsroom\"}]}<\/script>\n<!-- \/ Yoast SEO plugin. -->","yoast_head_json":{"title":"18.06.2020 (mise \u00e0 jour) - Radio Roumanie Internationale","robots":{"index":"index","follow":"follow","max-snippet":"max-snippet:-1","max-image-preview":"max-image-preview:large","max-video-preview":"max-video-preview:-1"},"canonical":"https:\/\/www.rri.ro\/fr\/actualites\/le-flash\/18-06-2020-mise-a-jour-id394394.html","og_locale":"fr_FR","og_type":"article","og_title":"18.06.2020 (mise \u00e0 jour) - Radio Roumanie Internationale","og_description":"Coronavirus -&#13; La Roumanie enregistre une hausse des cas d&rsquo;infection au nouveau coronavirus. Les&#13; autorit\u00e9s annoncent ce jeudi 320 cas suppl\u00e9mentaires, le total se chiffrant \u00e0&#13; pr\u00e9sent \u00e0 23.080 personnes test\u00e9es positives, dont plus de 16.300 ont gu\u00e9ri et&#13; 178 sont actuellement hospitalis\u00e9s en soins intensifs. Jusqu&rsquo;\u00e0 pr\u00e9sent, le&#13; bilan des d\u00e9c\u00e8s approche les 1.500. [&hellip;]","og_url":"https:\/\/www.rri.ro\/fr\/actualites\/le-flash\/18-06-2020-mise-a-jour-id394394.html","og_site_name":"Radio Roumanie Internationale","article_published_time":"2020-06-18T17:28:00+00:00","og_image":[{"width":420,"height":280,"url":"https:\/\/www.rri.ro\/wp-content\/uploads\/2023\/10\/stiri-franceza-ok2.png","type":"image\/png"}],"author":"Newsroom","twitter_card":"summary_large_image","twitter_misc":{"\u00c9crit par":"Newsroom","Dur\u00e9e de lecture estim\u00e9e":"5 minutes","Written by":"Newsroom"},"schema":{"@context":"https:\/\/schema.org","@graph":[{"@type":"Article","@id":"https:\/\/www.rri.ro\/fr\/actualites\/le-flash\/18-06-2020-mise-a-jour-id394394.html#article","isPartOf":{"@id":"https:\/\/www.rri.ro\/fr\/actualites\/le-flash\/18-06-2020-mise-a-jour-id394394.html"},"author":{"name":"Newsroom","@id":"https:\/\/www.rri.ro\/#\/schema\/person\/4a479940371b9fdefd194f561e8a7f88"},"headline":"18.06.2020 (mise \u00e0 jour)","datePublished":"2020-06-18T17:28:00+00:00","mainEntityOfPage":{"@id":"https:\/\/www.rri.ro\/fr\/actualites\/le-flash\/18-06-2020-mise-a-jour-id394394.html"},"wordCount":961,"image":{"@id":"https:\/\/www.rri.ro\/fr\/actualites\/le-flash\/18-06-2020-mise-a-jour-id394394.html#primaryimage"},"thumbnailUrl":"https:\/\/www.rri.ro\/wp-content\/uploads\/2023\/10\/stiri-franceza-ok2.png","keywords":["arm\u00e9e","coronavirus","defense","loi des retraites","OTAN","Partenariat oriental","pensions de retraite","UE"],"articleSection":["Le flash"],"inLanguage":"fr-FR"},{"@type":"WebPage","@id":"https:\/\/www.rri.ro\/fr\/actualites\/le-flash\/18-06-2020-mise-a-jour-id394394.html","url":"https:\/\/www.rri.ro\/fr\/actualites\/le-flash\/18-06-2020-mise-a-jour-id394394.html","name":"18.06.2020 (mise \u00e0 jour) - Radio Roumanie Internationale","isPartOf":{"@id":"https:\/\/www.rri.ro\/#website"},"primaryImageOfPage":{"@id":"https:\/\/www.rri.ro\/fr\/actualites\/le-flash\/18-06-2020-mise-a-jour-id394394.html#primaryimage"},"image":{"@id":"https:\/\/www.rri.ro\/fr\/actualites\/le-flash\/18-06-2020-mise-a-jour-id394394.html#primaryimage"},"thumbnailUrl":"https:\/\/www.rri.ro\/wp-content\/uploads\/2023\/10\/stiri-franceza-ok2.png","datePublished":"2020-06-18T17:28:00+00:00","author":{"@id":"https:\/\/www.rri.ro\/#\/schema\/person\/4a479940371b9fdefd194f561e8a7f88"},"breadcrumb":{"@id":"https:\/\/www.rri.ro\/fr\/actualites\/le-flash\/18-06-2020-mise-a-jour-id394394.html#breadcrumb"},"inLanguage":"fr-FR","potentialAction":[{"@type":"ReadAction","target":["https:\/\/www.rri.ro\/fr\/actualites\/le-flash\/18-06-2020-mise-a-jour-id394394.html"]}]},{"@type":"ImageObject","inLanguage":"fr-FR","@id":"https:\/\/www.rri.ro\/fr\/actualites\/le-flash\/18-06-2020-mise-a-jour-id394394.html#primaryimage","url":"https:\/\/www.rri.ro\/wp-content\/uploads\/2023\/10\/stiri-franceza-ok2.png","contentUrl":"https:\/\/www.rri.ro\/wp-content\/uploads\/2023\/10\/stiri-franceza-ok2.png","width":420,"height":280},{"@type":"BreadcrumbList","@id":"https:\/\/www.rri.ro\/fr\/actualites\/le-flash\/18-06-2020-mise-a-jour-id394394.html#breadcrumb","itemListElement":[{"@type":"ListItem","position":1,"name":"Page d'accueil","item":"https:\/\/www.rri.ro\/fr"},{"@type":"ListItem","position":2,"name":"Actualit\u00e9s","item":"https:\/\/www.rri.ro\/fr\/actualites"},{"@type":"ListItem","position":3,"name":"Le flash","item":"https:\/\/www.rri.ro\/fr\/actualites\/le-flash"},{"@type":"ListItem","position":4,"name":"18.06.2020 (mise \u00e0 jour)"}]},{"@type":"WebSite","@id":"https:\/\/www.rri.ro\/#website","url":"https:\/\/www.rri.ro\/","name":"Radio Roumanie Internationale","description":"Totul despre Rom\u00e2nia \u015fi rom\u00e2ni, \u00een 13 limbi\/dialecte!","inLanguage":"fr-FR"},{"@type":"Person","@id":"https:\/\/www.rri.ro\/#\/schema\/person\/4a479940371b9fdefd194f561e8a7f88","name":"Newsroom","url":"https:\/\/www.rri.ro\/fr\/author\/newsroom"}]}},"_links":{"self":[{"href":"https:\/\/www.rri.ro\/fr\/wp-json\/wp\/v2\/posts\/394394","targetHints":{"allow":["GET"]}}],"collection":[{"href":"https:\/\/www.rri.ro\/fr\/wp-json\/wp\/v2\/posts"}],"about":[{"href":"https:\/\/www.rri.ro\/fr\/wp-json\/wp\/v2\/types\/post"}],"author":[{"embeddable":true,"href":"https:\/\/www.rri.ro\/fr\/wp-json\/wp\/v2\/users\/113"}],"replies":[{"embeddable":true,"href":"https:\/\/www.rri.ro\/fr\/wp-json\/wp\/v2\/comments?post=394394"}],"version-history":[{"count":0,"href":"https:\/\/www.rri.ro\/fr\/wp-json\/wp\/v2\/posts\/394394\/revisions"}],"wp:featuredmedia":[{"embeddable":true,"href":"https:\/\/www.rri.ro\/fr\/wp-json\/wp\/v2\/media\/391122"}],"wp:attachment":[{"href":"https:\/\/www.rri.ro\/fr\/wp-json\/wp\/v2\/media?parent=394394"}],"wp:term":[{"taxonomy":"category","embeddable":true,"href":"https:\/\/www.rri.ro\/fr\/wp-json\/wp\/v2\/categories?post=394394"},{"taxonomy":"post_tag","embeddable":true,"href":"https:\/\/www.rri.ro\/fr\/wp-json\/wp\/v2\/tags?post=394394"},{"taxonomy":"author","embeddable":true,"href":"https:\/\/www.rri.ro\/fr\/wp-json\/wp\/v2\/coauthors?post=394394"}],"curies":[{"name":"wp","href":"https:\/\/api.w.org\/{rel}","templated":true}]}}