{"id":394790,"date":"2020-12-31T14:46:00","date_gmt":"2020-12-31T12:46:00","guid":{"rendered":"http:\/\/devrri.freshlemon.ro\/le-roumain-mot-a-mot\/consulter-les-lecons\/31-12-2020-id394790.html"},"modified":"2020-12-31T14:46:00","modified_gmt":"2020-12-31T12:46:00","slug":"31-12-2020","status":"publish","type":"post","link":"https:\/\/www.rri.ro\/fr\/actualites\/le-flash\/31-12-2020-id394790.html","title":{"rendered":"31.12.2020"},"content":{"rendered":"<p><p><strong class=cms-bold>Vaccin <\/strong>&#8211; La campagne de vaccination&#13;<br \/>\ncontre le SARS CoV-2 continue en Roumanie, 5.666 personnes ayant \u00e9t\u00e9 immunis\u00e9es&#13;<br \/>\njusqu&rsquo;\u00e0 pr\u00e9sent. Des effets secondaires mineurs ont \u00e9t\u00e9 signal\u00e9s dans 17 cas. Les&#13;<br \/>\nautorit\u00e9s exhortent la population \u00e0 s&rsquo;informer de sources m\u00e9dicales officielles&#13;<br \/>\net \u00e0 se faire vacciner. La pr\u00e9sidente de la Soci\u00e9t\u00e9 roumaine d&rsquo;\u00e9pid\u00e9miologie, Doina&#13;<br \/>\nAzoic\u0103i, est rassurante pour ce qui est de l&rsquo;efficacit\u00e9 du vaccin Pfizer&#13;<br \/>\nBiontech, utilis\u00e9 en Roumanie, y compris contre des mutations du virus. Dans ce&#13;<br \/>\ncontexte, le nombre de nouveaux cas de COVID-19 a encore augment\u00e9, plus de 4.300&#13;<br \/>\nnouvelles infections ayant \u00e9t\u00e9 identifi\u00e9es sur un total de pr\u00e8s de 21.500 tests&#13;<br \/>\nde d\u00e9pistage effectu\u00e9s. Depuis le d\u00e9but de la pand\u00e9mie, la Roumanie a enregistr\u00e9&#13;<br \/>\nplus de 632.000 malades et plus de 15.760&#13;<br \/>\nd\u00e9c\u00e8s. \u00c0 l&rsquo;\u00e9tranger, 7.056 ressortissants roumains ont \u00e9t\u00e9 d\u00e9pist\u00e9s&#13;<br \/>\npositifs au SARS CoV-2, dont 130 ont perdu la vie.<\/p>\n<p><\/p>\n<p>&#13;<br \/>\n&#13;<br \/>\n&#13;<br \/>\n&#13;<\/p>\n<p><strong class=cms-bold>Aide <\/strong>&#8211; La Roumanie a envoy\u00e9 de l&rsquo;aide&#13;<br \/>\nhumanitaire \u00e0 la Croatie, dont la r\u00e9gion de Petrinja a \u00e9t\u00e9 frapp\u00e9e par une&#13;<br \/>\ns\u00e9rie de tremblements de terre. Le gouvernement de&#13;<br \/>\nBucarest a d\u00e9cid\u00e9 mercredi de r\u00e9pondre ainsi \u00e0 la demande des autorit\u00e9s croates,&#13;<br \/>\ndans le contexte de l&rsquo;activation du m\u00e9canisme de protection civile de l&rsquo;Union&#13;<br \/>\neurop\u00e9enne. Le convoi humanitaire, parti aujourd&rsquo;hui de la ville d&rsquo;Arad&#13;<br \/>\n(ouest de la Roumanie) vers la Croatie, transporte des biens de premi\u00e8re&#13;<br \/>\nn\u00e9cessit\u00e9 : containers habitables, tentes, lits, matelas et sacs de&#13;<br \/>\ncouchage. 30 personnes accompagnent ce convoi. Samedi, la Croatie observera une&#13;<br \/>\njourn\u00e9e de deuil national, \u00e0 la m\u00e9moire des victimes.<\/p>\n<p><\/p>\n<p>&#13;<br \/>\n&#13;<br \/>\n&#13;<br \/>\n&#13;<\/p>\n<p><strong class=cms-bold>Syndicats&#13;<br \/>\n<\/strong>&#8211; Plusieurs syndicats du secteur de la d\u00e9fense et de l&rsquo;ordre public, ainsi que&#13;<br \/>\net des greffiers de Roumanie manifestent, aujourd&rsquo;hui, devant le si\u00e8ge du&#13;<br \/>\nminist\u00e8re de l&rsquo;int\u00e9rieur de Bucarest ainsi que devant les si\u00e8ges des&#13;<br \/>\npr\u00e9fectures \u00e0 travers le pays, contre la d\u00e9cision de l&rsquo;Ex\u00e9cutif de geler les&#13;<br \/>\nsalaires dans le secteur public sur l&rsquo;ann\u00e9e 2021. Cette d\u00e9cision, adopt\u00e9e hier,&#13;<br \/>\nest aussi critiqu\u00e9e par les syndicats de la sant\u00e9 et des fonctionnaires du minist\u00e8re&#13;<br \/>\nde l&rsquo;int\u00e9rieur.<\/p>\n<p><\/p>\n<p>&#13;<br \/>\n&#13;<br \/>\n&#13;<br \/>\n&#13;<\/p>\n<p><strong class=cms-bold>Electricit\u00e9 <\/strong>&#8211; La Roumanie ouvre, \u00e0&#13;<br \/>\npartir de demain, son march\u00e9 de l&rsquo;\u00e9lectricit\u00e9 \u00e0 la concurrence, mais les&#13;<br \/>\nanalystes accusent les autorit\u00e9s d&rsquo;avoir mal g\u00e9r\u00e9 le sujet, avec pour&#13;<br \/>\ncons\u00e9quence une augmentation des tarifs allant jusqu&rsquo;\u00e0 26% pour certains consommateurs.&#13;<br \/>\nLa cause en serait le manque d&rsquo;information de la population, dont les&#13;<br \/>\ncat\u00e9gories les plus menac\u00e9es sont les clients du march\u00e9 r\u00e9gul\u00e9, qui ne&#13;<br \/>\nn\u00e9gocient aucun contrat sur le march\u00e9 concurrentiel, quel que soit le&#13;<br \/>\nfournisseur. Le march\u00e9 r\u00e9gul\u00e9 de l&rsquo;\u00e9lectricit\u00e9 de Roumanie compte environ six&#13;<br \/>\nmillions de consommateurs individuels. Ceux qui n\u00e9gocient une offre avec un&#13;<br \/>\nfournisseur devront prendre en compte une majoration maximale de 5% du tarif,&#13;<br \/>\ntandis que les autres auront automatiquement un contrat  de service universel, le plus cher du march\u00e9,&#13;<br \/>\nquel que soit leur fournisseur d&rsquo;\u00e9lectricit\u00e9. <\/p>\n<p><\/p>\n<p>&#13;<br \/>\n&#13;<br \/>\n&#13;<br \/>\n&#13;<br \/>\n&#13;<br \/>\n&#13;<\/p>\n<p><strong class=cms-bold>Travailleurs \u00e9trangers<\/strong> &#8211; Le contingent de travailleurs \u00e9trangers temporaires&#13;<br \/>\nrecrut\u00e9s sur le march\u00e9 de l&#8217;emploi de Roumanie sera de 25.000 personnes en 2021,&#13;<br \/>\npar rapport aux 30.000 de cette ann\u00e9e. Le gouvernement de Bucarest a pris cette&#13;<br \/>\nd\u00e9cision, en prenant en compte les donn\u00e9es les plus r\u00e9centes fournies par l&rsquo;Inspection&#13;<br \/>\ng\u00e9n\u00e9rale de l&rsquo;immigration, selon lesquelles le nombre d&rsquo;avis d&#8217;embauche ou de&#13;<br \/>\nd\u00e9tachement, d\u00e9livr\u00e9s pour les ressortissants \u00e9trangers au cours de 10 premiers&#13;<br \/>\nmois de cette ann\u00e9e, a baiss\u00e9 de pr\u00e8s de 6.000, par rapport aux plus de 23.000&#13;<br \/>\nd\u00e9livr\u00e9s pendant la m\u00eame p\u00e9riode de 2019. A cela s&rsquo;ajoute la suppression de l&rsquo;obligation,&#13;<br \/>\npour les employeurs, d&rsquo;obtenir un avis d&#8217;embauche pour les ressortissants d&rsquo;Ukraine,&#13;<br \/>\nR\u00e9publique de Moldova et Serbie, titulaires d&rsquo;un contrat de travail \u00e0 plein&#13;<br \/>\ntemps, de 9 mois maximum.<\/p>\n<p><\/p>\n<p>&#13;<br \/>\n&#13;<br \/>\n&#13;<br \/>\n&#13;<br \/>\n&#13;<br \/>\n&#13;<\/p>\n<p><strong class=cms-bold>\u00c9galit\u00e9 des chances<\/strong>&#13;<br \/>\n&#8211; En une seule ann\u00e9e, la Roumanie a r\u00e9ussi la chute la plus brutale en&#13;<br \/>\nmati\u00e8re de pr\u00e9sence des femmes au gouvernement, indique une \u00e9tude r\u00e9alis\u00e9e par&#13;<br \/>\nl&rsquo;Initiative pour la comp\u00e9titivit\u00e9. Avec une seule femme membre de l&rsquo;\u00e9quipe&#13;<br \/>\ngouvernementale en place \u00e0 Bucarest, la Roumanie chute \u00e0 la 175-e place dans le&#13;<br \/>\nmonde, alors qu&rsquo;elle en avait occup\u00e9 la 102-e, se classant aussi derni\u00e8re parmi&#13;<br \/>\nles Etats membres de l&rsquo;Union europ\u00e9enne. Les femmes sont absentes des&#13;<br \/>\ngouvernements de 9 pays, dont l&rsquo;Arabie Saoudite, le Sultanat de Brunei, la Tha\u00eflande&#13;<br \/>\nou le Vietnam. Il existe aussi 14 Etats, tels l&rsquo;Espagne, la Finlande, l&rsquo;Autriche,&#13;<br \/>\nla Su\u00e8de, la France ou le Canada, o\u00f9 les femmes d\u00e9tiennent au moins la moiti\u00e9&#13;<br \/>\ndes portefeuilles minist\u00e9riels. <\/p>\n<p><\/p>\n<p>&#13;<br \/>\n&#13;<\/p>\n<p><strong class=cms-bold>Brexit <\/strong>&#8211; Le Royaume Uni se s\u00e9pare d\u00e9finitivement&#13;<br \/>\nde l&rsquo;Union europ\u00e9enne, cette nuit, \u00e0 1 heure (heure de Bucarest). L&rsquo;accord&#13;<br \/>\npost-Brexit a enfin \u00e9t\u00e9 sign\u00e9 mercredi par la pr\u00e9sidente de la Commission&#13;<br \/>\neurop\u00e9enne, Ursula von der Leyen, et&#13;<br \/>\npar le pr\u00e9sident du Conseil europ\u00e9en, Charles Michel. Le document a \u00e9t\u00e9&#13;<br \/>\napprouv\u00e9 par le parlement britannique et devra \u00eatre ratifi\u00e9 par le Parlement&#13;<br \/>\neurop\u00e9en et par les parlements nationaux des 27. Gr\u00e2ce \u00e0 cet accord,&#13;<br \/>\nLondres et Bruxelles n&rsquo;appliqueront pas de taxes sur la circulation des&#13;<br \/>\nmarchandises entre les deux parties. <\/p>\n<p><\/p>\n","protected":false},"excerpt":{"rendered":"<p>Vaccin &#8211; La campagne de vaccination&#13; contre le SARS CoV-2 continue en Roumanie, 5.666 personnes ayant \u00e9t\u00e9 immunis\u00e9es&#13; jusqu&rsquo;\u00e0 pr\u00e9sent. Des effets secondaires mineurs ont \u00e9t\u00e9 signal\u00e9s dans 17 cas. Les&#13; autorit\u00e9s exhortent la population \u00e0 s&rsquo;informer de sources m\u00e9dicales officielles&#13; et \u00e0 se faire vacciner. La pr\u00e9sidente de la Soci\u00e9t\u00e9 roumaine d&rsquo;\u00e9pid\u00e9miologie, Doina&#13; Azoic\u0103i, [&hellip;]<\/p>\n","protected":false},"author":113,"featured_media":391122,"comment_status":"closed","ping_status":"closed","sticky":false,"template":"","format":"standard","meta":{"_acf_changed":false,"footnotes":""},"categories":[89002],"tags":[88331,14005,35374,89810,85729,85616,87096,92866,85700,85412,85598,92507,164585],"coauthors":[],"class_list":["post-394790","post","type-post","status-publish","format-standard","has-post-thumbnail","hentry","category-le-flash","tag-aide-humanitaire","tag-brexit","tag-covid-19","tag-croatie","tag-electricite","tag-femmes","tag-gouvernement","tag-marche-concurrentiel","tag-protestations","tag-roumanie","tag-syndicats","tag-travailleurs-etrangers","tag-vaccination-fr"],"acf":[],"yoast_head":"<!-- This site is optimized with the Yoast SEO plugin v27.3 - https:\/\/yoast.com\/product\/yoast-seo-wordpress\/ -->\n<title>31.12.2020 - Radio Roumanie Internationale<\/title>\n<meta name=\"robots\" content=\"index, follow, max-snippet:-1, max-image-preview:large, max-video-preview:-1\" \/>\n<link rel=\"canonical\" href=\"https:\/\/www.rri.ro\/fr\/actualites\/le-flash\/31-12-2020-id394790.html\" \/>\n<meta property=\"og:locale\" content=\"fr_FR\" \/>\n<meta property=\"og:type\" content=\"article\" \/>\n<meta property=\"og:title\" content=\"31.12.2020 - Radio Roumanie Internationale\" \/>\n<meta property=\"og:description\" content=\"Vaccin &#8211; La campagne de vaccination&#013; contre le SARS CoV-2 continue en Roumanie, 5.666 personnes ayant \u00e9t\u00e9 immunis\u00e9es&#013; jusqu&rsquo;\u00e0 pr\u00e9sent. Des effets secondaires mineurs ont \u00e9t\u00e9 signal\u00e9s dans 17 cas. Les&#013; autorit\u00e9s exhortent la population \u00e0 s&rsquo;informer de sources m\u00e9dicales officielles&#013; et \u00e0 se faire vacciner. La pr\u00e9sidente de la Soci\u00e9t\u00e9 roumaine d&rsquo;\u00e9pid\u00e9miologie, Doina&#013; Azoic\u0103i, [&hellip;]\" \/>\n<meta property=\"og:url\" content=\"https:\/\/www.rri.ro\/fr\/actualites\/le-flash\/31-12-2020-id394790.html\" \/>\n<meta property=\"og:site_name\" content=\"Radio Roumanie Internationale\" \/>\n<meta property=\"article:published_time\" content=\"2020-12-31T12:46:00+00:00\" \/>\n<meta property=\"og:image\" content=\"https:\/\/www.rri.ro\/wp-content\/uploads\/2023\/10\/stiri-franceza-ok2.png\" \/>\n\t<meta property=\"og:image:width\" content=\"420\" \/>\n\t<meta property=\"og:image:height\" content=\"280\" \/>\n\t<meta property=\"og:image:type\" content=\"image\/png\" \/>\n<meta name=\"author\" content=\"Newsroom\" \/>\n<meta name=\"twitter:card\" content=\"summary_large_image\" \/>\n<meta name=\"twitter:label1\" content=\"\u00c9crit par\" \/>\n\t<meta name=\"twitter:data1\" content=\"Newsroom\" \/>\n\t<meta name=\"twitter:label2\" content=\"Dur\u00e9e de lecture estim\u00e9e\" \/>\n\t<meta name=\"twitter:data2\" content=\"4 minutes\" \/>\n\t<meta name=\"twitter:label3\" content=\"Written by\" \/>\n\t<meta name=\"twitter:data3\" content=\"Newsroom\" \/>\n<script type=\"application\/ld+json\" class=\"yoast-schema-graph\">{\"@context\":\"https:\\\/\\\/schema.org\",\"@graph\":[{\"@type\":\"Article\",\"@id\":\"https:\\\/\\\/www.rri.ro\\\/fr\\\/actualites\\\/le-flash\\\/31-12-2020-id394790.html#article\",\"isPartOf\":{\"@id\":\"https:\\\/\\\/www.rri.ro\\\/fr\\\/actualites\\\/le-flash\\\/31-12-2020-id394790.html\"},\"author\":{\"name\":\"Newsroom\",\"@id\":\"https:\\\/\\\/www.rri.ro\\\/#\\\/schema\\\/person\\\/4a479940371b9fdefd194f561e8a7f88\"},\"headline\":\"31.12.2020\",\"datePublished\":\"2020-12-31T12:46:00+00:00\",\"mainEntityOfPage\":{\"@id\":\"https:\\\/\\\/www.rri.ro\\\/fr\\\/actualites\\\/le-flash\\\/31-12-2020-id394790.html\"},\"wordCount\":900,\"image\":{\"@id\":\"https:\\\/\\\/www.rri.ro\\\/fr\\\/actualites\\\/le-flash\\\/31-12-2020-id394790.html#primaryimage\"},\"thumbnailUrl\":\"https:\\\/\\\/www.rri.ro\\\/wp-content\\\/uploads\\\/2023\\\/10\\\/stiri-franceza-ok2.png\",\"keywords\":[\"aide humanitaire\",\"Brexit\",\"Covid-19\",\"Croatie\",\"\u00e9lectricit\u00e9\",\"femmes\",\"gouvernement\",\"march\u00e9 concurrentiel\",\"protestations\",\"Roumanie\",\"syndicats\",\"travailleurs \u00e9trangers\",\"vaccination\"],\"articleSection\":[\"Le flash\"],\"inLanguage\":\"fr-FR\"},{\"@type\":\"WebPage\",\"@id\":\"https:\\\/\\\/www.rri.ro\\\/fr\\\/actualites\\\/le-flash\\\/31-12-2020-id394790.html\",\"url\":\"https:\\\/\\\/www.rri.ro\\\/fr\\\/actualites\\\/le-flash\\\/31-12-2020-id394790.html\",\"name\":\"31.12.2020 - Radio Roumanie Internationale\",\"isPartOf\":{\"@id\":\"https:\\\/\\\/www.rri.ro\\\/#website\"},\"primaryImageOfPage\":{\"@id\":\"https:\\\/\\\/www.rri.ro\\\/fr\\\/actualites\\\/le-flash\\\/31-12-2020-id394790.html#primaryimage\"},\"image\":{\"@id\":\"https:\\\/\\\/www.rri.ro\\\/fr\\\/actualites\\\/le-flash\\\/31-12-2020-id394790.html#primaryimage\"},\"thumbnailUrl\":\"https:\\\/\\\/www.rri.ro\\\/wp-content\\\/uploads\\\/2023\\\/10\\\/stiri-franceza-ok2.png\",\"datePublished\":\"2020-12-31T12:46:00+00:00\",\"author\":{\"@id\":\"https:\\\/\\\/www.rri.ro\\\/#\\\/schema\\\/person\\\/4a479940371b9fdefd194f561e8a7f88\"},\"breadcrumb\":{\"@id\":\"https:\\\/\\\/www.rri.ro\\\/fr\\\/actualites\\\/le-flash\\\/31-12-2020-id394790.html#breadcrumb\"},\"inLanguage\":\"fr-FR\",\"potentialAction\":[{\"@type\":\"ReadAction\",\"target\":[\"https:\\\/\\\/www.rri.ro\\\/fr\\\/actualites\\\/le-flash\\\/31-12-2020-id394790.html\"]}]},{\"@type\":\"ImageObject\",\"inLanguage\":\"fr-FR\",\"@id\":\"https:\\\/\\\/www.rri.ro\\\/fr\\\/actualites\\\/le-flash\\\/31-12-2020-id394790.html#primaryimage\",\"url\":\"https:\\\/\\\/www.rri.ro\\\/wp-content\\\/uploads\\\/2023\\\/10\\\/stiri-franceza-ok2.png\",\"contentUrl\":\"https:\\\/\\\/www.rri.ro\\\/wp-content\\\/uploads\\\/2023\\\/10\\\/stiri-franceza-ok2.png\",\"width\":420,\"height\":280},{\"@type\":\"BreadcrumbList\",\"@id\":\"https:\\\/\\\/www.rri.ro\\\/fr\\\/actualites\\\/le-flash\\\/31-12-2020-id394790.html#breadcrumb\",\"itemListElement\":[{\"@type\":\"ListItem\",\"position\":1,\"name\":\"Page d'accueil\",\"item\":\"https:\\\/\\\/www.rri.ro\\\/fr\"},{\"@type\":\"ListItem\",\"position\":2,\"name\":\"Actualit\u00e9s\",\"item\":\"https:\\\/\\\/www.rri.ro\\\/fr\\\/actualites\"},{\"@type\":\"ListItem\",\"position\":3,\"name\":\"Le flash\",\"item\":\"https:\\\/\\\/www.rri.ro\\\/fr\\\/actualites\\\/le-flash\"},{\"@type\":\"ListItem\",\"position\":4,\"name\":\"31.12.2020\"}]},{\"@type\":\"WebSite\",\"@id\":\"https:\\\/\\\/www.rri.ro\\\/#website\",\"url\":\"https:\\\/\\\/www.rri.ro\\\/\",\"name\":\"Radio Roumanie Internationale\",\"description\":\"Totul despre Rom\u00e2nia \u015fi rom\u00e2ni, \u00een 13 limbi\\\/dialecte!\",\"inLanguage\":\"fr-FR\"},{\"@type\":\"Person\",\"@id\":\"https:\\\/\\\/www.rri.ro\\\/#\\\/schema\\\/person\\\/4a479940371b9fdefd194f561e8a7f88\",\"name\":\"Newsroom\",\"url\":\"https:\\\/\\\/www.rri.ro\\\/fr\\\/author\\\/newsroom\"}]}<\/script>\n<!-- \/ Yoast SEO plugin. -->","yoast_head_json":{"title":"31.12.2020 - Radio Roumanie Internationale","robots":{"index":"index","follow":"follow","max-snippet":"max-snippet:-1","max-image-preview":"max-image-preview:large","max-video-preview":"max-video-preview:-1"},"canonical":"https:\/\/www.rri.ro\/fr\/actualites\/le-flash\/31-12-2020-id394790.html","og_locale":"fr_FR","og_type":"article","og_title":"31.12.2020 - Radio Roumanie Internationale","og_description":"Vaccin &#8211; La campagne de vaccination&#13; contre le SARS CoV-2 continue en Roumanie, 5.666 personnes ayant \u00e9t\u00e9 immunis\u00e9es&#13; jusqu&rsquo;\u00e0 pr\u00e9sent. Des effets secondaires mineurs ont \u00e9t\u00e9 signal\u00e9s dans 17 cas. Les&#13; autorit\u00e9s exhortent la population \u00e0 s&rsquo;informer de sources m\u00e9dicales officielles&#13; et \u00e0 se faire vacciner. La pr\u00e9sidente de la Soci\u00e9t\u00e9 roumaine d&rsquo;\u00e9pid\u00e9miologie, Doina&#13; Azoic\u0103i, [&hellip;]","og_url":"https:\/\/www.rri.ro\/fr\/actualites\/le-flash\/31-12-2020-id394790.html","og_site_name":"Radio Roumanie Internationale","article_published_time":"2020-12-31T12:46:00+00:00","og_image":[{"width":420,"height":280,"url":"https:\/\/www.rri.ro\/wp-content\/uploads\/2023\/10\/stiri-franceza-ok2.png","type":"image\/png"}],"author":"Newsroom","twitter_card":"summary_large_image","twitter_misc":{"\u00c9crit par":"Newsroom","Dur\u00e9e de lecture estim\u00e9e":"4 minutes","Written by":"Newsroom"},"schema":{"@context":"https:\/\/schema.org","@graph":[{"@type":"Article","@id":"https:\/\/www.rri.ro\/fr\/actualites\/le-flash\/31-12-2020-id394790.html#article","isPartOf":{"@id":"https:\/\/www.rri.ro\/fr\/actualites\/le-flash\/31-12-2020-id394790.html"},"author":{"name":"Newsroom","@id":"https:\/\/www.rri.ro\/#\/schema\/person\/4a479940371b9fdefd194f561e8a7f88"},"headline":"31.12.2020","datePublished":"2020-12-31T12:46:00+00:00","mainEntityOfPage":{"@id":"https:\/\/www.rri.ro\/fr\/actualites\/le-flash\/31-12-2020-id394790.html"},"wordCount":900,"image":{"@id":"https:\/\/www.rri.ro\/fr\/actualites\/le-flash\/31-12-2020-id394790.html#primaryimage"},"thumbnailUrl":"https:\/\/www.rri.ro\/wp-content\/uploads\/2023\/10\/stiri-franceza-ok2.png","keywords":["aide humanitaire","Brexit","Covid-19","Croatie","\u00e9lectricit\u00e9","femmes","gouvernement","march\u00e9 concurrentiel","protestations","Roumanie","syndicats","travailleurs \u00e9trangers","vaccination"],"articleSection":["Le flash"],"inLanguage":"fr-FR"},{"@type":"WebPage","@id":"https:\/\/www.rri.ro\/fr\/actualites\/le-flash\/31-12-2020-id394790.html","url":"https:\/\/www.rri.ro\/fr\/actualites\/le-flash\/31-12-2020-id394790.html","name":"31.12.2020 - Radio Roumanie Internationale","isPartOf":{"@id":"https:\/\/www.rri.ro\/#website"},"primaryImageOfPage":{"@id":"https:\/\/www.rri.ro\/fr\/actualites\/le-flash\/31-12-2020-id394790.html#primaryimage"},"image":{"@id":"https:\/\/www.rri.ro\/fr\/actualites\/le-flash\/31-12-2020-id394790.html#primaryimage"},"thumbnailUrl":"https:\/\/www.rri.ro\/wp-content\/uploads\/2023\/10\/stiri-franceza-ok2.png","datePublished":"2020-12-31T12:46:00+00:00","author":{"@id":"https:\/\/www.rri.ro\/#\/schema\/person\/4a479940371b9fdefd194f561e8a7f88"},"breadcrumb":{"@id":"https:\/\/www.rri.ro\/fr\/actualites\/le-flash\/31-12-2020-id394790.html#breadcrumb"},"inLanguage":"fr-FR","potentialAction":[{"@type":"ReadAction","target":["https:\/\/www.rri.ro\/fr\/actualites\/le-flash\/31-12-2020-id394790.html"]}]},{"@type":"ImageObject","inLanguage":"fr-FR","@id":"https:\/\/www.rri.ro\/fr\/actualites\/le-flash\/31-12-2020-id394790.html#primaryimage","url":"https:\/\/www.rri.ro\/wp-content\/uploads\/2023\/10\/stiri-franceza-ok2.png","contentUrl":"https:\/\/www.rri.ro\/wp-content\/uploads\/2023\/10\/stiri-franceza-ok2.png","width":420,"height":280},{"@type":"BreadcrumbList","@id":"https:\/\/www.rri.ro\/fr\/actualites\/le-flash\/31-12-2020-id394790.html#breadcrumb","itemListElement":[{"@type":"ListItem","position":1,"name":"Page d'accueil","item":"https:\/\/www.rri.ro\/fr"},{"@type":"ListItem","position":2,"name":"Actualit\u00e9s","item":"https:\/\/www.rri.ro\/fr\/actualites"},{"@type":"ListItem","position":3,"name":"Le flash","item":"https:\/\/www.rri.ro\/fr\/actualites\/le-flash"},{"@type":"ListItem","position":4,"name":"31.12.2020"}]},{"@type":"WebSite","@id":"https:\/\/www.rri.ro\/#website","url":"https:\/\/www.rri.ro\/","name":"Radio Roumanie Internationale","description":"Totul despre Rom\u00e2nia \u015fi rom\u00e2ni, \u00een 13 limbi\/dialecte!","inLanguage":"fr-FR"},{"@type":"Person","@id":"https:\/\/www.rri.ro\/#\/schema\/person\/4a479940371b9fdefd194f561e8a7f88","name":"Newsroom","url":"https:\/\/www.rri.ro\/fr\/author\/newsroom"}]}},"_links":{"self":[{"href":"https:\/\/www.rri.ro\/fr\/wp-json\/wp\/v2\/posts\/394790","targetHints":{"allow":["GET"]}}],"collection":[{"href":"https:\/\/www.rri.ro\/fr\/wp-json\/wp\/v2\/posts"}],"about":[{"href":"https:\/\/www.rri.ro\/fr\/wp-json\/wp\/v2\/types\/post"}],"author":[{"embeddable":true,"href":"https:\/\/www.rri.ro\/fr\/wp-json\/wp\/v2\/users\/113"}],"replies":[{"embeddable":true,"href":"https:\/\/www.rri.ro\/fr\/wp-json\/wp\/v2\/comments?post=394790"}],"version-history":[{"count":0,"href":"https:\/\/www.rri.ro\/fr\/wp-json\/wp\/v2\/posts\/394790\/revisions"}],"wp:featuredmedia":[{"embeddable":true,"href":"https:\/\/www.rri.ro\/fr\/wp-json\/wp\/v2\/media\/391122"}],"wp:attachment":[{"href":"https:\/\/www.rri.ro\/fr\/wp-json\/wp\/v2\/media?parent=394790"}],"wp:term":[{"taxonomy":"category","embeddable":true,"href":"https:\/\/www.rri.ro\/fr\/wp-json\/wp\/v2\/categories?post=394790"},{"taxonomy":"post_tag","embeddable":true,"href":"https:\/\/www.rri.ro\/fr\/wp-json\/wp\/v2\/tags?post=394790"},{"taxonomy":"author","embeddable":true,"href":"https:\/\/www.rri.ro\/fr\/wp-json\/wp\/v2\/coauthors?post=394790"}],"curies":[{"name":"wp","href":"https:\/\/api.w.org\/{rel}","templated":true}]}}