{"id":394803,"date":"2021-01-06T18:37:00","date_gmt":"2021-01-06T16:37:00","guid":{"rendered":"http:\/\/devrri.freshlemon.ro\/le-roumain-mot-a-mot\/consulter-les-lecons\/06-01-2021-mise-a-jour-id394803.html"},"modified":"2021-01-06T18:37:00","modified_gmt":"2021-01-06T16:37:00","slug":"06-01-2021-mise-a-jour","status":"publish","type":"post","link":"https:\/\/www.rri.ro\/fr\/actualites\/le-flash\/06-01-2021-mise-a-jour-id394803.html","title":{"rendered":"06.01.2021 (mise \u00e0 jour)"},"content":{"rendered":"<p><strong class=cms-bold>Coronavirus <\/strong>&#8211;  La troisi\u00e8me tranche de 150.000 doses de vaccins anti-Covid est arriv\u00e9e en Roumanie. Les avions qui en ont assur\u00e9 le transport ont atterri \u00e0 Otopeni, pr\u00e8s de la capitale, ainsi que sur les a\u00e9roports de Cluj-Napoca et de Timisoara. La campagne de vaccination a d\u00e9marr\u00e9e le 27 d\u00e9cembre. Jusqu&rsquo;\u00e0 pr\u00e9sent, plus de 58. 000 personnes ont \u00e9t\u00e9 vaccin\u00e9s. La deuxi\u00e8me phase de la campagne d\u00e9butera \u00e0 la fin de la semaine prochaine, la priorit\u00e9 \u00e9tant donn\u00e9e aux seniors et aux personnes atteintes de maladies chroniques, ainsi qu&rsquo;aux travailleurs des domaines impliqu\u00e9s dans le bon fonctionnement de l&rsquo;Etat. Les autorit\u00e9s estiment que la troisi\u00e8me phase de la campagne de vaccination, qui s&rsquo;adresse \u00e0 la population g\u00e9n\u00e9rale, d\u00e9butera en avril. Depuis le d\u00e9clenchement de la pand\u00e9mie, la Roumanie a recens\u00e9 plus de 654.000 cas d&rsquo;infection au nouveau coronavirus et presque 16.300 d\u00e9c\u00e8s li\u00e9s \u00e0 la Covid-19. <br \/><strong class=cms-bold><br \/><\/strong><\/p>\n<p><strong class=cms-bold><br \/><\/strong><\/p>\n<p><strong class=cms-bold>Partenariat<\/strong>&#8211; La Roumanie s&rsquo;implique dans la d\u00e9marche commune de plusieurs Etats membres de mettre en place un m\u00e9canisme europ\u00e9en cens\u00e9 permettre l&rsquo;acc\u00e8s des pays du Partenariat oriental au vaccin contre le Covid-19. Mercredi, le chef de la diplomatie roumaine, Bogdan Aurescu, et ses homologues bulgare, croate, estonien, lituanien, su\u00e9dois, tch\u00e8que, danois, finlandais, lettone, hongrois, polonais et slovaque, ont adress\u00e9 une lettre en ce sens au haut repr\u00e9sentant de l&rsquo;Union europ\u00e9enne pour les affaires \u00e9trang\u00e8res et la politique de s\u00e9curit\u00e9, Josep Borrell et \u00e0 d&rsquo;autres membres de la CE. Par ce document, les ministres des Affaires Etrang\u00e8res se prononcent en faveur du d\u00e9veloppement d&rsquo;un m\u00e9canisme europ\u00e9en cens\u00e9 permettre aux pays membres du Partenariat oriental d&rsquo;avoir acc\u00e8s aux vaccins contre le coronavirus, \u00e0 l&rsquo;instar des pays des Balkans de l&rsquo;Ouest. Les 13 chefs de diplomatie ont affirm\u00e9 qu&rsquo;une telle d\u00e9marche aidera des millions de citoyens europ\u00e9ens, en contribuant au renforcement de la s\u00e9curit\u00e9 sanitaire au sein de l&rsquo;UE.<\/p>\n<p><\/p>\n<p><p><strong class=cms-bold>Gouvernement<\/strong> &#8211; Une \u00e9valuation&#13;<br \/>\nfinanci\u00e8re de toutes les compagnies et toutes les institutions subordonn\u00e9es aux&#13;<br \/>\nminist\u00e8res et une possible reprise des cours en pr\u00e9sentiel \u00e0 partir du 8&#13;<br \/>\nf\u00e9vrier, voil\u00e0 deux des principaux th\u00e8mes ayant domin\u00e9s la r\u00e9union de mercredi&#13;<br \/>\ndu gouvernement de Bucarest. D&rsquo;ici le 4 f\u00e9vrier, les ministres sont oblig\u00e9s de&#13;<br \/>\npr\u00e9senter au chef du cabinet Florin C\u00eetu une \u00e9valuation des compagnies&#13;<br \/>\nsubordonn\u00e9es \u00e0 leurs minist\u00e8res, afin d&rsquo;avancer des solutions concr\u00e8tes et des&#13;<br \/>\nd\u00e9lais fixes pour rendre ces structures plus efficaces. Par ailleurs, le&#13;<br \/>\nministre de l&rsquo;Education nationale, Sorin C\u00eempeanu, a annonc\u00e9 que les \u00e9coles&#13;<br \/>\npourraient rouvrir \u00e0 partir du deuxi\u00e8me semestre. Et lui d&rsquo;annoncer qu&rsquo;un&#13;<br \/>\nexamen de la situation \u00e9pid\u00e9miologique aura lieu d&rsquo;ici la fin du mois afin qu&rsquo;une&#13;<br \/>\nd\u00e9cision soit prise en ce sens. En attendant, les cours se poursuivront en&#13;<br \/>\nligne. <\/p>\n<p><\/p>\n<p><\/p>\n<p><strong class=cms-bold>Don<\/strong> &#8211; Le Minist\u00e8re roumain de la D\u00e9fense nationale a offert mercredi au Minist\u00e8re moldave de la d\u00e9fense des \u00e9quipements de protection sanitaire dans l&rsquo;actuel contexte de lutte contre le coronavirus. Cette nouvelle tranche d&rsquo;aide sanitaire consistant en combinaisons, masques et visi\u00e8res de protection s&rsquo;inscrit dans le cadre d&rsquo;une d\u00e9marche mise en place en avril dernier et faisant partie d&rsquo;un paquet de mesures de soutien \u00e0 l&rsquo;intention des citoyens moldaves r\u00e9it\u00e9r\u00e9 par le pr\u00e9sident roumain, Klaus Iohannis, \u00e0 l&rsquo;occasion de sa r\u00e9cente visite \u00e0 Chisinau. Selon un communiqu\u00e9 du Minist\u00e8re roumain de la D\u00e9fense, par son geste, Bucarest reconfirme son engagement de soutenir les autorit\u00e9s moldaves et leurs efforts de combattre les effets de l&rsquo;actuelle pand\u00e9mie. <\/p>\n<p><\/p>\n<\/p>\n<p><strong class=cms-bold><br \/><\/strong><\/p>\n<p><strong class=cms-bold>Ambassadeurs <\/strong>&#8211; A Bucarest,&#13;<br \/>\nneuf candidats aux postes d&rsquo;ambassadeurs ont \u00e9t\u00e9 entendus  mercredi par les commissions parlementaires&#13;<br \/>\nmixtes pour la politique \u00e9trang\u00e8re et pour les communaut\u00e9s roumaines \u00e0&#13;<br \/>\nl&rsquo;\u00e9tranger. Parmi ceux ayant re\u00e7u des avis favorables en unanimit\u00e9 figurent Daniela&#13;<br \/>\nLaura Popescu et Cristian Istrate propos\u00e9s pour les postes d&rsquo;ambassadeur au Royaume-Uni&#13;<br \/>\net respectivement en F\u00e9d\u00e9ration de Russie. L&rsquo;audition, qui aurait d\u00fb avoir lieu&#13;<br \/>\nen novembre dernier, a \u00e9t\u00e9 report\u00e9e, le calendrier des commissions n&rsquo;ayant pu \u00eatre&#13;<br \/>\napprouv\u00e9 par le Bureau du S\u00e9nat en raison du manque de quorum.<\/p>\n<p>&#13;<br \/>\n&#13;<br \/>\n<\/p>\n<p><\/p>\n<p><strong class=cms-bold style=font-size: 1em;>Intemp\u00e9ries<\/strong><span style=font-size: 1em;> &#8211; Les hydrologues roumains ont prolong\u00e9 jusqu&rsquo;\u00e0 jeudi \u00e0 midi et respectivement jusqu&rsquo;\u00e0 jeudi dans la nuit, les alertes orange et jaune aux crues concernant plusieurs rivi\u00e8res du nord, du centre et du sud de la Roumanie. Plusieurs dizaines de localit\u00e9s de 11 d\u00e9partements du pays ont \u00e9t\u00e9 touch\u00e9es par les inondations ces derniers jours, a inform\u00e9 mercredi l&rsquo;Inspection g\u00e9n\u00e9rale pour les situations d&rsquo;urgence. Le trafic ferroviaire a \u00e9t\u00e9 perturb\u00e9, tandis que celui routier a \u00e9t\u00e9 temporairement bloqu\u00e9 sur certaines routes nationales et d\u00e9partementales. Par ailleurs, les sauveteurs en montagne mettent en garde contre le risque \u00e9lev\u00e9 de multiples avalanches entre 1 400 et 2 000 m d&rsquo;altitude, dans les Carpates m\u00e9ridionales. Le manteau neigeux \u00e9tant instable, certaines pistes de ski ont \u00e9t\u00e9 ferm\u00e9es.<\/span><\/p>\n<p><strong class=cms-bold><br \/><\/strong><\/p>\n<p><strong class=cms-bold><br \/><\/strong><\/p>\n<p><strong class=cms-bold>M\u00e9t\u00e9o<\/strong> &#8211; Les m\u00e9t\u00e9orologues ont \u00e9mis une alerte aux pr\u00e9cipitations mod\u00e9r\u00e9es d&rsquo;ici samedi matin, en vigueur sur l&rsquo;ensemble du pays. Des quantit\u00e9s plus importantes  de pr\u00e9cipitations, notamment sous forme de pluie, tomberont notamment sur le sud-ouest et \u00e0 la montagne. Une nouvelle couche de neige est attendue en altitude o\u00f9 le vent soufflera  plus fort. Jeudi, les temp\u00e9ratures maximales de la journ\u00e9e iront de 2\u00b0 \u00e0 13\u00b0. <\/p>\n","protected":false},"excerpt":{"rendered":"<p>Coronavirus &#8211; La troisi\u00e8me tranche de 150.000 doses de vaccins anti-Covid est arriv\u00e9e en Roumanie. Les avions qui en ont assur\u00e9 le transport ont atterri \u00e0 Otopeni, pr\u00e8s de la capitale, ainsi que sur les a\u00e9roports de Cluj-Napoca et de Timisoara. La campagne de vaccination a d\u00e9marr\u00e9e le 27 d\u00e9cembre. Jusqu&rsquo;\u00e0 pr\u00e9sent, plus de 58. [&hellip;]<\/p>\n","protected":false},"author":113,"featured_media":391122,"comment_status":"closed","ping_status":"closed","sticky":false,"template":"","format":"standard","meta":{"_acf_changed":false,"footnotes":""},"categories":[89002],"tags":[35339,89218,88060,31797],"coauthors":[],"class_list":["post-394803","post","type-post","status-publish","format-standard","has-post-thumbnail","hentry","category-le-flash","tag-coronavirus","tag-intemperies","tag-partenariat-oriental","tag-vaccination"],"acf":[],"yoast_head":"<!-- This site is optimized with the Yoast SEO plugin v27.5 - https:\/\/yoast.com\/product\/yoast-seo-wordpress\/ -->\n<title>06.01.2021 (mise \u00e0 jour) - Radio Roumanie Internationale<\/title>\n<meta name=\"robots\" content=\"index, follow, max-snippet:-1, max-image-preview:large, max-video-preview:-1\" \/>\n<link rel=\"canonical\" href=\"https:\/\/www.rri.ro\/fr\/actualites\/le-flash\/06-01-2021-mise-a-jour-id394803.html\" \/>\n<meta property=\"og:locale\" content=\"fr_FR\" \/>\n<meta property=\"og:type\" content=\"article\" \/>\n<meta property=\"og:title\" content=\"06.01.2021 (mise \u00e0 jour) - Radio Roumanie Internationale\" \/>\n<meta property=\"og:description\" content=\"Coronavirus &#8211; La troisi\u00e8me tranche de 150.000 doses de vaccins anti-Covid est arriv\u00e9e en Roumanie. Les avions qui en ont assur\u00e9 le transport ont atterri \u00e0 Otopeni, pr\u00e8s de la capitale, ainsi que sur les a\u00e9roports de Cluj-Napoca et de Timisoara. La campagne de vaccination a d\u00e9marr\u00e9e le 27 d\u00e9cembre. Jusqu&rsquo;\u00e0 pr\u00e9sent, plus de 58. [&hellip;]\" \/>\n<meta property=\"og:url\" content=\"https:\/\/www.rri.ro\/fr\/actualites\/le-flash\/06-01-2021-mise-a-jour-id394803.html\" \/>\n<meta property=\"og:site_name\" content=\"Radio Roumanie Internationale\" \/>\n<meta property=\"article:published_time\" content=\"2021-01-06T16:37:00+00:00\" \/>\n<meta property=\"og:image\" content=\"https:\/\/www.rri.ro\/wp-content\/uploads\/2023\/10\/stiri-franceza-ok2.png\" \/>\n\t<meta property=\"og:image:width\" content=\"420\" \/>\n\t<meta property=\"og:image:height\" content=\"280\" \/>\n\t<meta property=\"og:image:type\" content=\"image\/png\" \/>\n<meta name=\"author\" content=\"Newsroom\" \/>\n<meta name=\"twitter:card\" content=\"summary_large_image\" \/>\n<meta name=\"twitter:label1\" content=\"\u00c9crit par\" \/>\n\t<meta name=\"twitter:data1\" content=\"Newsroom\" \/>\n\t<meta name=\"twitter:label2\" content=\"Dur\u00e9e de lecture estim\u00e9e\" \/>\n\t<meta name=\"twitter:data2\" content=\"5 minutes\" \/>\n\t<meta name=\"twitter:label3\" content=\"Written by\" \/>\n\t<meta name=\"twitter:data3\" content=\"Newsroom\" \/>\n<script type=\"application\/ld+json\" class=\"yoast-schema-graph\">{\"@context\":\"https:\\\/\\\/schema.org\",\"@graph\":[{\"@type\":\"Article\",\"@id\":\"https:\\\/\\\/www.rri.ro\\\/fr\\\/actualites\\\/le-flash\\\/06-01-2021-mise-a-jour-id394803.html#article\",\"isPartOf\":{\"@id\":\"https:\\\/\\\/www.rri.ro\\\/fr\\\/actualites\\\/le-flash\\\/06-01-2021-mise-a-jour-id394803.html\"},\"author\":{\"name\":\"Newsroom\",\"@id\":\"https:\\\/\\\/www.rri.ro\\\/#\\\/schema\\\/person\\\/4a479940371b9fdefd194f561e8a7f88\"},\"headline\":\"06.01.2021 (mise \u00e0 jour)\",\"datePublished\":\"2021-01-06T16:37:00+00:00\",\"mainEntityOfPage\":{\"@id\":\"https:\\\/\\\/www.rri.ro\\\/fr\\\/actualites\\\/le-flash\\\/06-01-2021-mise-a-jour-id394803.html\"},\"wordCount\":948,\"image\":{\"@id\":\"https:\\\/\\\/www.rri.ro\\\/fr\\\/actualites\\\/le-flash\\\/06-01-2021-mise-a-jour-id394803.html#primaryimage\"},\"thumbnailUrl\":\"https:\\\/\\\/www.rri.ro\\\/wp-content\\\/uploads\\\/2023\\\/10\\\/stiri-franceza-ok2.png\",\"keywords\":[\"coronavirus\",\"intemp\u00e9ries\",\"Partenariat oriental\",\"vaccination\"],\"articleSection\":[\"Le flash\"],\"inLanguage\":\"fr-FR\"},{\"@type\":\"WebPage\",\"@id\":\"https:\\\/\\\/www.rri.ro\\\/fr\\\/actualites\\\/le-flash\\\/06-01-2021-mise-a-jour-id394803.html\",\"url\":\"https:\\\/\\\/www.rri.ro\\\/fr\\\/actualites\\\/le-flash\\\/06-01-2021-mise-a-jour-id394803.html\",\"name\":\"06.01.2021 (mise \u00e0 jour) - Radio Roumanie Internationale\",\"isPartOf\":{\"@id\":\"https:\\\/\\\/www.rri.ro\\\/#website\"},\"primaryImageOfPage\":{\"@id\":\"https:\\\/\\\/www.rri.ro\\\/fr\\\/actualites\\\/le-flash\\\/06-01-2021-mise-a-jour-id394803.html#primaryimage\"},\"image\":{\"@id\":\"https:\\\/\\\/www.rri.ro\\\/fr\\\/actualites\\\/le-flash\\\/06-01-2021-mise-a-jour-id394803.html#primaryimage\"},\"thumbnailUrl\":\"https:\\\/\\\/www.rri.ro\\\/wp-content\\\/uploads\\\/2023\\\/10\\\/stiri-franceza-ok2.png\",\"datePublished\":\"2021-01-06T16:37:00+00:00\",\"author\":{\"@id\":\"https:\\\/\\\/www.rri.ro\\\/#\\\/schema\\\/person\\\/4a479940371b9fdefd194f561e8a7f88\"},\"breadcrumb\":{\"@id\":\"https:\\\/\\\/www.rri.ro\\\/fr\\\/actualites\\\/le-flash\\\/06-01-2021-mise-a-jour-id394803.html#breadcrumb\"},\"inLanguage\":\"fr-FR\",\"potentialAction\":[{\"@type\":\"ReadAction\",\"target\":[\"https:\\\/\\\/www.rri.ro\\\/fr\\\/actualites\\\/le-flash\\\/06-01-2021-mise-a-jour-id394803.html\"]}]},{\"@type\":\"ImageObject\",\"inLanguage\":\"fr-FR\",\"@id\":\"https:\\\/\\\/www.rri.ro\\\/fr\\\/actualites\\\/le-flash\\\/06-01-2021-mise-a-jour-id394803.html#primaryimage\",\"url\":\"https:\\\/\\\/www.rri.ro\\\/wp-content\\\/uploads\\\/2023\\\/10\\\/stiri-franceza-ok2.png\",\"contentUrl\":\"https:\\\/\\\/www.rri.ro\\\/wp-content\\\/uploads\\\/2023\\\/10\\\/stiri-franceza-ok2.png\",\"width\":420,\"height\":280},{\"@type\":\"BreadcrumbList\",\"@id\":\"https:\\\/\\\/www.rri.ro\\\/fr\\\/actualites\\\/le-flash\\\/06-01-2021-mise-a-jour-id394803.html#breadcrumb\",\"itemListElement\":[{\"@type\":\"ListItem\",\"position\":1,\"name\":\"Page d'accueil\",\"item\":\"https:\\\/\\\/www.rri.ro\\\/fr\"},{\"@type\":\"ListItem\",\"position\":2,\"name\":\"Actualit\u00e9s\",\"item\":\"https:\\\/\\\/www.rri.ro\\\/fr\\\/actualites\"},{\"@type\":\"ListItem\",\"position\":3,\"name\":\"Le flash\",\"item\":\"https:\\\/\\\/www.rri.ro\\\/fr\\\/actualites\\\/le-flash\"},{\"@type\":\"ListItem\",\"position\":4,\"name\":\"06.01.2021 (mise \u00e0 jour)\"}]},{\"@type\":\"WebSite\",\"@id\":\"https:\\\/\\\/www.rri.ro\\\/#website\",\"url\":\"https:\\\/\\\/www.rri.ro\\\/\",\"name\":\"Radio Roumanie Internationale\",\"description\":\"Totul despre Rom\u00e2nia \u015fi rom\u00e2ni, \u00een 13 limbi\\\/dialecte!\",\"inLanguage\":\"fr-FR\"},{\"@type\":\"Person\",\"@id\":\"https:\\\/\\\/www.rri.ro\\\/#\\\/schema\\\/person\\\/4a479940371b9fdefd194f561e8a7f88\",\"name\":\"Newsroom\",\"url\":\"https:\\\/\\\/www.rri.ro\\\/fr\\\/author\\\/newsroom\"}]}<\/script>\n<!-- \/ Yoast SEO plugin. -->","yoast_head_json":{"title":"06.01.2021 (mise \u00e0 jour) - Radio Roumanie Internationale","robots":{"index":"index","follow":"follow","max-snippet":"max-snippet:-1","max-image-preview":"max-image-preview:large","max-video-preview":"max-video-preview:-1"},"canonical":"https:\/\/www.rri.ro\/fr\/actualites\/le-flash\/06-01-2021-mise-a-jour-id394803.html","og_locale":"fr_FR","og_type":"article","og_title":"06.01.2021 (mise \u00e0 jour) - Radio Roumanie Internationale","og_description":"Coronavirus &#8211; La troisi\u00e8me tranche de 150.000 doses de vaccins anti-Covid est arriv\u00e9e en Roumanie. Les avions qui en ont assur\u00e9 le transport ont atterri \u00e0 Otopeni, pr\u00e8s de la capitale, ainsi que sur les a\u00e9roports de Cluj-Napoca et de Timisoara. La campagne de vaccination a d\u00e9marr\u00e9e le 27 d\u00e9cembre. Jusqu&rsquo;\u00e0 pr\u00e9sent, plus de 58. [&hellip;]","og_url":"https:\/\/www.rri.ro\/fr\/actualites\/le-flash\/06-01-2021-mise-a-jour-id394803.html","og_site_name":"Radio Roumanie Internationale","article_published_time":"2021-01-06T16:37:00+00:00","og_image":[{"width":420,"height":280,"url":"https:\/\/www.rri.ro\/wp-content\/uploads\/2023\/10\/stiri-franceza-ok2.png","type":"image\/png"}],"author":"Newsroom","twitter_card":"summary_large_image","twitter_misc":{"\u00c9crit par":"Newsroom","Dur\u00e9e de lecture estim\u00e9e":"5 minutes","Written by":"Newsroom"},"schema":{"@context":"https:\/\/schema.org","@graph":[{"@type":"Article","@id":"https:\/\/www.rri.ro\/fr\/actualites\/le-flash\/06-01-2021-mise-a-jour-id394803.html#article","isPartOf":{"@id":"https:\/\/www.rri.ro\/fr\/actualites\/le-flash\/06-01-2021-mise-a-jour-id394803.html"},"author":{"name":"Newsroom","@id":"https:\/\/www.rri.ro\/#\/schema\/person\/4a479940371b9fdefd194f561e8a7f88"},"headline":"06.01.2021 (mise \u00e0 jour)","datePublished":"2021-01-06T16:37:00+00:00","mainEntityOfPage":{"@id":"https:\/\/www.rri.ro\/fr\/actualites\/le-flash\/06-01-2021-mise-a-jour-id394803.html"},"wordCount":948,"image":{"@id":"https:\/\/www.rri.ro\/fr\/actualites\/le-flash\/06-01-2021-mise-a-jour-id394803.html#primaryimage"},"thumbnailUrl":"https:\/\/www.rri.ro\/wp-content\/uploads\/2023\/10\/stiri-franceza-ok2.png","keywords":["coronavirus","intemp\u00e9ries","Partenariat oriental","vaccination"],"articleSection":["Le flash"],"inLanguage":"fr-FR"},{"@type":"WebPage","@id":"https:\/\/www.rri.ro\/fr\/actualites\/le-flash\/06-01-2021-mise-a-jour-id394803.html","url":"https:\/\/www.rri.ro\/fr\/actualites\/le-flash\/06-01-2021-mise-a-jour-id394803.html","name":"06.01.2021 (mise \u00e0 jour) - Radio Roumanie Internationale","isPartOf":{"@id":"https:\/\/www.rri.ro\/#website"},"primaryImageOfPage":{"@id":"https:\/\/www.rri.ro\/fr\/actualites\/le-flash\/06-01-2021-mise-a-jour-id394803.html#primaryimage"},"image":{"@id":"https:\/\/www.rri.ro\/fr\/actualites\/le-flash\/06-01-2021-mise-a-jour-id394803.html#primaryimage"},"thumbnailUrl":"https:\/\/www.rri.ro\/wp-content\/uploads\/2023\/10\/stiri-franceza-ok2.png","datePublished":"2021-01-06T16:37:00+00:00","author":{"@id":"https:\/\/www.rri.ro\/#\/schema\/person\/4a479940371b9fdefd194f561e8a7f88"},"breadcrumb":{"@id":"https:\/\/www.rri.ro\/fr\/actualites\/le-flash\/06-01-2021-mise-a-jour-id394803.html#breadcrumb"},"inLanguage":"fr-FR","potentialAction":[{"@type":"ReadAction","target":["https:\/\/www.rri.ro\/fr\/actualites\/le-flash\/06-01-2021-mise-a-jour-id394803.html"]}]},{"@type":"ImageObject","inLanguage":"fr-FR","@id":"https:\/\/www.rri.ro\/fr\/actualites\/le-flash\/06-01-2021-mise-a-jour-id394803.html#primaryimage","url":"https:\/\/www.rri.ro\/wp-content\/uploads\/2023\/10\/stiri-franceza-ok2.png","contentUrl":"https:\/\/www.rri.ro\/wp-content\/uploads\/2023\/10\/stiri-franceza-ok2.png","width":420,"height":280},{"@type":"BreadcrumbList","@id":"https:\/\/www.rri.ro\/fr\/actualites\/le-flash\/06-01-2021-mise-a-jour-id394803.html#breadcrumb","itemListElement":[{"@type":"ListItem","position":1,"name":"Page d'accueil","item":"https:\/\/www.rri.ro\/fr"},{"@type":"ListItem","position":2,"name":"Actualit\u00e9s","item":"https:\/\/www.rri.ro\/fr\/actualites"},{"@type":"ListItem","position":3,"name":"Le flash","item":"https:\/\/www.rri.ro\/fr\/actualites\/le-flash"},{"@type":"ListItem","position":4,"name":"06.01.2021 (mise \u00e0 jour)"}]},{"@type":"WebSite","@id":"https:\/\/www.rri.ro\/#website","url":"https:\/\/www.rri.ro\/","name":"Radio Roumanie Internationale","description":"Totul despre Rom\u00e2nia \u015fi rom\u00e2ni, \u00een 13 limbi\/dialecte!","inLanguage":"fr-FR"},{"@type":"Person","@id":"https:\/\/www.rri.ro\/#\/schema\/person\/4a479940371b9fdefd194f561e8a7f88","name":"Newsroom","url":"https:\/\/www.rri.ro\/fr\/author\/newsroom"}]}},"_links":{"self":[{"href":"https:\/\/www.rri.ro\/fr\/wp-json\/wp\/v2\/posts\/394803","targetHints":{"allow":["GET"]}}],"collection":[{"href":"https:\/\/www.rri.ro\/fr\/wp-json\/wp\/v2\/posts"}],"about":[{"href":"https:\/\/www.rri.ro\/fr\/wp-json\/wp\/v2\/types\/post"}],"author":[{"embeddable":true,"href":"https:\/\/www.rri.ro\/fr\/wp-json\/wp\/v2\/users\/113"}],"replies":[{"embeddable":true,"href":"https:\/\/www.rri.ro\/fr\/wp-json\/wp\/v2\/comments?post=394803"}],"version-history":[{"count":0,"href":"https:\/\/www.rri.ro\/fr\/wp-json\/wp\/v2\/posts\/394803\/revisions"}],"wp:featuredmedia":[{"embeddable":true,"href":"https:\/\/www.rri.ro\/fr\/wp-json\/wp\/v2\/media\/391122"}],"wp:attachment":[{"href":"https:\/\/www.rri.ro\/fr\/wp-json\/wp\/v2\/media?parent=394803"}],"wp:term":[{"taxonomy":"category","embeddable":true,"href":"https:\/\/www.rri.ro\/fr\/wp-json\/wp\/v2\/categories?post=394803"},{"taxonomy":"post_tag","embeddable":true,"href":"https:\/\/www.rri.ro\/fr\/wp-json\/wp\/v2\/tags?post=394803"},{"taxonomy":"author","embeddable":true,"href":"https:\/\/www.rri.ro\/fr\/wp-json\/wp\/v2\/coauthors?post=394803"}],"curies":[{"name":"wp","href":"https:\/\/api.w.org\/{rel}","templated":true}]}}