{"id":394886,"date":"2021-02-17T19:21:00","date_gmt":"2021-02-17T17:21:00","guid":{"rendered":"http:\/\/devrri.freshlemon.ro\/le-roumain-mot-a-mot\/consulter-les-lecons\/17-02-2021-mise-a-jour-id394886.html"},"modified":"2021-02-17T19:21:00","modified_gmt":"2021-02-17T17:21:00","slug":"17-02-2021-mise-a-jour","status":"publish","type":"post","link":"https:\/\/www.rri.ro\/fr\/actualites\/le-flash\/17-02-2021-mise-a-jour-id394886.html","title":{"rendered":"17.02.2021 (mise \u00e0 jour)"},"content":{"rendered":"<p><strong>Retraites <\/strong>\u2013 Le Parlement de Bucarest a adopt\u00e9, mercredi, un projet de loi qui pr\u00e9voit l&rsquo;abrogation des retraites sp\u00e9ciales des s\u00e9nateurs et des d\u00e9put\u00e9s. 357 \u00e9lus ont vot\u00e9 en faveur du document, tandis que 30 se sont abstenus. Le pr\u00e9sident de la Chambre des d\u00e9put\u00e9s, Ludovic Orban, a d\u00e9clar\u00e9 que la suppression de ces pensions sp\u00e9ciales n&rsquo;\u00e9tait qu&rsquo;un premier pas, pr\u00e9cisant quil faudra r\u00e9viser \u00e0 fond toute la l\u00e9gislation en la mati\u00e8re, de sorte \u00e0 faire respecter le mieux possible le principe de contributivit\u00e9.  <\/p>\n<p>&#13;<br \/>\n&#13;<\/p>\n<p>&#13;<br \/>\n&#13;<\/p>\n<p><strong>Motion<\/strong> \u2013 Les d\u00e9put\u00e9s roumains ont rejet\u00e9, mercredi, la premi\u00e8re motion de cette l\u00e9gislature, d\u00e9pos\u00e9e par lopposition sociale-d\u00e9mocrate contre le ministre de la sant\u00e9, Vlad Voiculescu, motion d\u00e9j\u00e0 examin\u00e9e par les \u00e9lus lundi. Le ministre a \u00e9t\u00e9 accus\u00e9 de manque dimplication dans le d\u00e9roulement de la campagne de vaccination et de d\u00e9pistage des cas de Covid-19, ainsi que dans ladoption de mesures pour \u00e9viter le d\u00e9clenchement dincendies dans les \u00e9tablissements de soins de sant\u00e9. La motion a re\u00e7u le vote favorable des d\u00e9put\u00e9s du Parti social-d\u00e9mocrate et des \u00e9lus de lAlliance pour lUnion des Roumains, \u00e9galement dans lopposition. Lors des d\u00e9bats de lundi, le ministre de la sant\u00e9, Vlad Voiculescu, avait d\u00e9clar\u00e9 que le Parti social-d\u00e9mocrate \u00e9tait lauteur du d\u00e9sastre enregistr\u00e9 dans le syst\u00e8me de sant\u00e9 ces 30 derni\u00e8res ann\u00e9es. Du point de vue de la proc\u00e9dure, une motion contre un membre du gouvernement nattire pas automatiquement la d\u00e9mission du ministre en question.<\/p>\n<p>&#13;<br \/>\n&#13;<\/p>\n<p>&#13;<br \/>\n&#13;<\/p>\n<p><strong>Syndicats<\/strong> \u2013 Les syndicats ont poursuivi leurs manifestations mercredi \u00e0 Bucarest et dans plusieurs autres villes de Roumanie. Les premiers \u00e0 protester devant le si\u00e8ge du gouvernement ont \u00e9t\u00e9 les syndicalistes de la police, de ladministration publique, de lassistance sociale, de la greffe, des finances et du contr\u00f4le financier, suivis par ceux d\u2018autres secteurs. Des rassemblements ont \u00e9galement \u00e9t\u00e9 organis\u00e9s  devants les locaux du Parti national lib\u00e9ral et de lUnion Sauvez la Roumanie-Plus, membres de la coalition au pouvoir. Les syndicats rejettent le projet de budget national, qui, selon eux, est une construction financi\u00e8re daust\u00e9rit\u00e9 et qui creusera la crise \u00e9conomique engendr\u00e9e par la pand\u00e9mie. Mardi, les patrons et les salari\u00e9s de lindustrie de lhospitalit\u00e9 ont eux-aussi exprim\u00e9 leur m\u00e9contentement \u00e0 ce m\u00eame sujet. Enfin, mais pas en dernier lieu, les syndicats des cheminots ont demand\u00e9 lapplication du statut du personnel ferroviaire, qui pr\u00e9voit la majoration des salaires et des investissements dans la modernisation des chemins de fer roumains.<\/p>\n<p>&#13;<br \/>\n&#13;<\/p>\n<p>&#13;<br \/>\n&#13;<\/p>\n<p><strong>Plan &#8211;<\/strong> Le pr\u00e9sident roumain, Klaus Iohannis, a d\u00e9clar\u00e9 mercredi que les discussions de ces derniers temps avec les membres du gouvernement avaient eu pour objectif de pr\u00e9parer les projets du Plan national de redressement et de r\u00e9silience. Ces projets, a-t-il pr\u00e9cis\u00e9, viseront principalement les h\u00f4pitaux, les \u00e9coles, l&rsquo;environnement et les emplois. Klaus Iohannis a affirm\u00e9 que le document, dont la finalisation est pr\u00e9vue avant le mois davril, sera soumis \u00e0 la Commission europ\u00e9enne. Selon le pr\u00e9sident Klaus Iohannis, la Roumanie peut obtenir des fonds europ\u00e9ens \u00ab importants\u00bb via le Plan national de redressement et de r\u00e9silience, ayant \u00e0 sa disposition plus de 30 milliards d&rsquo;euros.<\/p>\n<p>&#13;<br \/>\n&#13;<\/p>\n<p>&#13;<br \/>\n&#13;<\/p>\n<p><strong>Vaccination<\/strong> \u2013 Le pr\u00e9sident du Comit\u00e9 national de coordination de la campagne de vaccination contre la Covid-19, le m\u00e9decin colonel Valeriu Gheorghi\u0163\u0103, a d\u00e9clar\u00e9 que les b\u00e9n\u00e9fices de limmunisation \u00e9taient d\u00e9j\u00e0 visibles, deux mois seulement apr\u00e8s le d\u00e9but de la campagne en Roumanie. Les chiffres officiels font \u00e9tat de plus de 98% du personnel soignant \u00e9ligible pour la premi\u00e8re \u00e9tape \u00e0 avoir re\u00e7u la premi\u00e8re injection et de pr\u00e8s 90% \u00e0 avoir aussi re\u00e7u linjection de rappel. Quelque 716.000 personnes ont \u00e9t\u00e9 vaccin\u00e9es en Roumanie depuis le d\u00e9but de la campagne nationale, le 27 d\u00e9cembre dernier. Sur les plus de 1,2 millions de doses de vaccin utilis\u00e9es, la majorit\u00e9 provenaient des laboratoires Pfizer\/BioNTech<em>,<\/em> mais aussi de Moderna et dAstraZeneca<em>.<\/em> Par ailleurs, la Roumanie a rapport\u00e9 plus de 2.800 nouveaux cas dinfection par le nouveau coronavirus d\u00e9pist\u00e9s en 24 heures, sur pr\u00e8s de 35.000 tests effectu\u00e9s \u00e0 l\u00e9chelle nationale. Depuis le d\u00e9but de la pand\u00e9mie, La Roumanie a enregistr\u00e9 plus de 768.000 cas dinfection par le Sars-CoV-2 et 19.588 d\u00e9c\u00e8s.<\/p>\n<p>&#13;<br \/>\n&#13;<\/p>\n<p>&#13;<br \/>\n&#13;<\/p>\n<p><strong>Anniversaire<\/strong> \u2013 LInstitut culturel roumain organise, ces jours-ci \u00e0 Bucarest, Bruxelles, Chi\u015fin\u0103u, Lisbonne, Londres, Madrid et Paris, des \u00e9v\u00e9nements en ligne d\u00e9di\u00e9s au sculpteur roumain Constantin Br\u00e2ncu\u015fi, dont nous c\u00e9l\u00e9brons le 145-e anniversaire. Un concert extraordinaire sera diffus\u00e9 depuis la Roumanie, le 19 f\u00e9vrier, date de naissance de limmense artiste n\u00e9 dans la commune de Hobi\u0163a, dans le d\u00e9partement de Gorj (sud), il y a 145 ans. La musique sera accompagn\u00e9e dimages des \u0153uvres de Br\u00e2ncu\u015fi appartenant au Mus\u00e9e national dart de Roumanie. Pionnier de la sculpture moderne abstraite, Constantin Br\u00e2ncu\u015fi est un des plus grands sculpteurs du 20-e si\u00e8cle.<\/p>\n<p>&#13;<br \/>\n&#13;<\/p>\n<p><p><strong class=cms-bold>M\u00e9t\u00e9o<\/strong> &#8211; Alors que la m\u00e9t\u00e9o devient plus cl\u00e9mente dans la moiti\u00e9 sud de la&#13;<br \/>\nRoumanie, les r\u00e9gions du nord-ouest n&rsquo;\u00e9chapperont pas au froid. On attend des chutes&#13;<br \/>\nde neige faibles sur le sud, le centre et l&rsquo;est du territoire. Jeudi, les temp\u00e9ratures&#13;<br \/>\nmaximales iront de &#8211; 3\u00b0 \u00e0 12\u00b0. Il fera 6\u00b0 \u00e0 Bucarest, la capitale. <\/p>\n<p>&#13;<br \/>\n&#13;<br \/>\n<\/p>\n<p>&#13;<br \/>\n&#13;<\/p>\n<p>&#13;<\/p>\n","protected":false},"excerpt":{"rendered":"<p>Retraites \u2013 Le Parlement de Bucarest a adopt\u00e9, mercredi, un projet de loi qui pr\u00e9voit l&rsquo;abrogation des retraites sp\u00e9ciales des s\u00e9nateurs et des d\u00e9put\u00e9s. 357 \u00e9lus ont vot\u00e9 en faveur du document, tandis que 30 se sont abstenus. Le pr\u00e9sident de la Chambre des d\u00e9put\u00e9s, Ludovic Orban, a d\u00e9clar\u00e9 que la suppression de ces pensions [&hellip;]<\/p>\n","protected":false},"author":113,"featured_media":391122,"comment_status":"closed","ping_status":"closed","sticky":false,"template":"","format":"standard","meta":{"_acf_changed":false,"footnotes":""},"categories":[89002],"tags":[85753,150442,143871,163836,156214,85700,92837,161701,87428,85598,164585,35944,30376],"coauthors":[],"class_list":["post-394886","post","type-post","status-publish","format-standard","has-post-thumbnail","hentry","category-le-flash","tag-anniversaire","tag-constantin-brancusi-fr","tag-klaus-iohannis-fr","tag-motion-fr","tag-plan-fr","tag-protestations","tag-redressement","tag-resilience-fr","tag-retraites","tag-syndicats","tag-vaccination-fr","tag-valeriu-gheorghita","tag-vlad-voiculescu"],"acf":[],"yoast_head":"<!-- This site is optimized with the Yoast SEO plugin v27.3 - https:\/\/yoast.com\/product\/yoast-seo-wordpress\/ -->\n<title>17.02.2021 (mise \u00e0 jour) - Radio Roumanie Internationale<\/title>\n<meta name=\"robots\" content=\"index, follow, max-snippet:-1, max-image-preview:large, max-video-preview:-1\" \/>\n<link rel=\"canonical\" href=\"https:\/\/www.rri.ro\/fr\/actualites\/le-flash\/17-02-2021-mise-a-jour-id394886.html\" \/>\n<meta property=\"og:locale\" content=\"fr_FR\" \/>\n<meta property=\"og:type\" content=\"article\" \/>\n<meta property=\"og:title\" content=\"17.02.2021 (mise \u00e0 jour) - Radio Roumanie Internationale\" \/>\n<meta property=\"og:description\" content=\"Retraites \u2013 Le Parlement de Bucarest a adopt\u00e9, mercredi, un projet de loi qui pr\u00e9voit l&rsquo;abrogation des retraites sp\u00e9ciales des s\u00e9nateurs et des d\u00e9put\u00e9s. 357 \u00e9lus ont vot\u00e9 en faveur du document, tandis que 30 se sont abstenus. Le pr\u00e9sident de la Chambre des d\u00e9put\u00e9s, Ludovic Orban, a d\u00e9clar\u00e9 que la suppression de ces pensions [&hellip;]\" \/>\n<meta property=\"og:url\" content=\"https:\/\/www.rri.ro\/fr\/actualites\/le-flash\/17-02-2021-mise-a-jour-id394886.html\" \/>\n<meta property=\"og:site_name\" content=\"Radio Roumanie Internationale\" \/>\n<meta property=\"article:published_time\" content=\"2021-02-17T17:21:00+00:00\" \/>\n<meta property=\"og:image\" content=\"https:\/\/www.rri.ro\/wp-content\/uploads\/2023\/10\/stiri-franceza-ok2.png\" \/>\n\t<meta property=\"og:image:width\" content=\"420\" \/>\n\t<meta property=\"og:image:height\" content=\"280\" \/>\n\t<meta property=\"og:image:type\" content=\"image\/png\" \/>\n<meta name=\"author\" content=\"Newsroom\" \/>\n<meta name=\"twitter:card\" content=\"summary_large_image\" \/>\n<meta name=\"twitter:label1\" content=\"\u00c9crit par\" \/>\n\t<meta name=\"twitter:data1\" content=\"Newsroom\" \/>\n\t<meta name=\"twitter:label2\" content=\"Dur\u00e9e de lecture estim\u00e9e\" \/>\n\t<meta name=\"twitter:data2\" content=\"5 minutes\" \/>\n\t<meta name=\"twitter:label3\" content=\"Written by\" \/>\n\t<meta name=\"twitter:data3\" content=\"Newsroom\" \/>\n<script type=\"application\/ld+json\" class=\"yoast-schema-graph\">{\"@context\":\"https:\\\/\\\/schema.org\",\"@graph\":[{\"@type\":\"Article\",\"@id\":\"https:\\\/\\\/www.rri.ro\\\/fr\\\/actualites\\\/le-flash\\\/17-02-2021-mise-a-jour-id394886.html#article\",\"isPartOf\":{\"@id\":\"https:\\\/\\\/www.rri.ro\\\/fr\\\/actualites\\\/le-flash\\\/17-02-2021-mise-a-jour-id394886.html\"},\"author\":{\"name\":\"Newsroom\",\"@id\":\"https:\\\/\\\/www.rri.ro\\\/#\\\/schema\\\/person\\\/4a479940371b9fdefd194f561e8a7f88\"},\"headline\":\"17.02.2021 (mise \u00e0 jour)\",\"datePublished\":\"2021-02-17T17:21:00+00:00\",\"mainEntityOfPage\":{\"@id\":\"https:\\\/\\\/www.rri.ro\\\/fr\\\/actualites\\\/le-flash\\\/17-02-2021-mise-a-jour-id394886.html\"},\"wordCount\":915,\"image\":{\"@id\":\"https:\\\/\\\/www.rri.ro\\\/fr\\\/actualites\\\/le-flash\\\/17-02-2021-mise-a-jour-id394886.html#primaryimage\"},\"thumbnailUrl\":\"https:\\\/\\\/www.rri.ro\\\/wp-content\\\/uploads\\\/2023\\\/10\\\/stiri-franceza-ok2.png\",\"keywords\":[\"anniversaire\",\"Constantin Brancusi\",\"Klaus Iohannis\",\"motion\",\"plan\",\"protestations\",\"redressement\",\"resilience\",\"retrait\u00e9s\",\"syndicats\",\"vaccination\",\"Valeriu Gheorghi\u0163\u0103\",\"Vlad Voiculescu\"],\"articleSection\":[\"Le flash\"],\"inLanguage\":\"fr-FR\"},{\"@type\":\"WebPage\",\"@id\":\"https:\\\/\\\/www.rri.ro\\\/fr\\\/actualites\\\/le-flash\\\/17-02-2021-mise-a-jour-id394886.html\",\"url\":\"https:\\\/\\\/www.rri.ro\\\/fr\\\/actualites\\\/le-flash\\\/17-02-2021-mise-a-jour-id394886.html\",\"name\":\"17.02.2021 (mise \u00e0 jour) - Radio Roumanie Internationale\",\"isPartOf\":{\"@id\":\"https:\\\/\\\/www.rri.ro\\\/#website\"},\"primaryImageOfPage\":{\"@id\":\"https:\\\/\\\/www.rri.ro\\\/fr\\\/actualites\\\/le-flash\\\/17-02-2021-mise-a-jour-id394886.html#primaryimage\"},\"image\":{\"@id\":\"https:\\\/\\\/www.rri.ro\\\/fr\\\/actualites\\\/le-flash\\\/17-02-2021-mise-a-jour-id394886.html#primaryimage\"},\"thumbnailUrl\":\"https:\\\/\\\/www.rri.ro\\\/wp-content\\\/uploads\\\/2023\\\/10\\\/stiri-franceza-ok2.png\",\"datePublished\":\"2021-02-17T17:21:00+00:00\",\"author\":{\"@id\":\"https:\\\/\\\/www.rri.ro\\\/#\\\/schema\\\/person\\\/4a479940371b9fdefd194f561e8a7f88\"},\"breadcrumb\":{\"@id\":\"https:\\\/\\\/www.rri.ro\\\/fr\\\/actualites\\\/le-flash\\\/17-02-2021-mise-a-jour-id394886.html#breadcrumb\"},\"inLanguage\":\"fr-FR\",\"potentialAction\":[{\"@type\":\"ReadAction\",\"target\":[\"https:\\\/\\\/www.rri.ro\\\/fr\\\/actualites\\\/le-flash\\\/17-02-2021-mise-a-jour-id394886.html\"]}]},{\"@type\":\"ImageObject\",\"inLanguage\":\"fr-FR\",\"@id\":\"https:\\\/\\\/www.rri.ro\\\/fr\\\/actualites\\\/le-flash\\\/17-02-2021-mise-a-jour-id394886.html#primaryimage\",\"url\":\"https:\\\/\\\/www.rri.ro\\\/wp-content\\\/uploads\\\/2023\\\/10\\\/stiri-franceza-ok2.png\",\"contentUrl\":\"https:\\\/\\\/www.rri.ro\\\/wp-content\\\/uploads\\\/2023\\\/10\\\/stiri-franceza-ok2.png\",\"width\":420,\"height\":280},{\"@type\":\"BreadcrumbList\",\"@id\":\"https:\\\/\\\/www.rri.ro\\\/fr\\\/actualites\\\/le-flash\\\/17-02-2021-mise-a-jour-id394886.html#breadcrumb\",\"itemListElement\":[{\"@type\":\"ListItem\",\"position\":1,\"name\":\"Page d'accueil\",\"item\":\"https:\\\/\\\/www.rri.ro\\\/fr\"},{\"@type\":\"ListItem\",\"position\":2,\"name\":\"Actualit\u00e9s\",\"item\":\"https:\\\/\\\/www.rri.ro\\\/fr\\\/actualites\"},{\"@type\":\"ListItem\",\"position\":3,\"name\":\"Le flash\",\"item\":\"https:\\\/\\\/www.rri.ro\\\/fr\\\/actualites\\\/le-flash\"},{\"@type\":\"ListItem\",\"position\":4,\"name\":\"17.02.2021 (mise \u00e0 jour)\"}]},{\"@type\":\"WebSite\",\"@id\":\"https:\\\/\\\/www.rri.ro\\\/#website\",\"url\":\"https:\\\/\\\/www.rri.ro\\\/\",\"name\":\"Radio Roumanie Internationale\",\"description\":\"Totul despre Rom\u00e2nia \u015fi rom\u00e2ni, \u00een 13 limbi\\\/dialecte!\",\"inLanguage\":\"fr-FR\"},{\"@type\":\"Person\",\"@id\":\"https:\\\/\\\/www.rri.ro\\\/#\\\/schema\\\/person\\\/4a479940371b9fdefd194f561e8a7f88\",\"name\":\"Newsroom\",\"url\":\"https:\\\/\\\/www.rri.ro\\\/fr\\\/author\\\/newsroom\"}]}<\/script>\n<!-- \/ Yoast SEO plugin. -->","yoast_head_json":{"title":"17.02.2021 (mise \u00e0 jour) - Radio Roumanie Internationale","robots":{"index":"index","follow":"follow","max-snippet":"max-snippet:-1","max-image-preview":"max-image-preview:large","max-video-preview":"max-video-preview:-1"},"canonical":"https:\/\/www.rri.ro\/fr\/actualites\/le-flash\/17-02-2021-mise-a-jour-id394886.html","og_locale":"fr_FR","og_type":"article","og_title":"17.02.2021 (mise \u00e0 jour) - Radio Roumanie Internationale","og_description":"Retraites \u2013 Le Parlement de Bucarest a adopt\u00e9, mercredi, un projet de loi qui pr\u00e9voit l&rsquo;abrogation des retraites sp\u00e9ciales des s\u00e9nateurs et des d\u00e9put\u00e9s. 357 \u00e9lus ont vot\u00e9 en faveur du document, tandis que 30 se sont abstenus. Le pr\u00e9sident de la Chambre des d\u00e9put\u00e9s, Ludovic Orban, a d\u00e9clar\u00e9 que la suppression de ces pensions [&hellip;]","og_url":"https:\/\/www.rri.ro\/fr\/actualites\/le-flash\/17-02-2021-mise-a-jour-id394886.html","og_site_name":"Radio Roumanie Internationale","article_published_time":"2021-02-17T17:21:00+00:00","og_image":[{"width":420,"height":280,"url":"https:\/\/www.rri.ro\/wp-content\/uploads\/2023\/10\/stiri-franceza-ok2.png","type":"image\/png"}],"author":"Newsroom","twitter_card":"summary_large_image","twitter_misc":{"\u00c9crit par":"Newsroom","Dur\u00e9e de lecture estim\u00e9e":"5 minutes","Written by":"Newsroom"},"schema":{"@context":"https:\/\/schema.org","@graph":[{"@type":"Article","@id":"https:\/\/www.rri.ro\/fr\/actualites\/le-flash\/17-02-2021-mise-a-jour-id394886.html#article","isPartOf":{"@id":"https:\/\/www.rri.ro\/fr\/actualites\/le-flash\/17-02-2021-mise-a-jour-id394886.html"},"author":{"name":"Newsroom","@id":"https:\/\/www.rri.ro\/#\/schema\/person\/4a479940371b9fdefd194f561e8a7f88"},"headline":"17.02.2021 (mise \u00e0 jour)","datePublished":"2021-02-17T17:21:00+00:00","mainEntityOfPage":{"@id":"https:\/\/www.rri.ro\/fr\/actualites\/le-flash\/17-02-2021-mise-a-jour-id394886.html"},"wordCount":915,"image":{"@id":"https:\/\/www.rri.ro\/fr\/actualites\/le-flash\/17-02-2021-mise-a-jour-id394886.html#primaryimage"},"thumbnailUrl":"https:\/\/www.rri.ro\/wp-content\/uploads\/2023\/10\/stiri-franceza-ok2.png","keywords":["anniversaire","Constantin Brancusi","Klaus Iohannis","motion","plan","protestations","redressement","resilience","retrait\u00e9s","syndicats","vaccination","Valeriu Gheorghi\u0163\u0103","Vlad Voiculescu"],"articleSection":["Le flash"],"inLanguage":"fr-FR"},{"@type":"WebPage","@id":"https:\/\/www.rri.ro\/fr\/actualites\/le-flash\/17-02-2021-mise-a-jour-id394886.html","url":"https:\/\/www.rri.ro\/fr\/actualites\/le-flash\/17-02-2021-mise-a-jour-id394886.html","name":"17.02.2021 (mise \u00e0 jour) - Radio Roumanie Internationale","isPartOf":{"@id":"https:\/\/www.rri.ro\/#website"},"primaryImageOfPage":{"@id":"https:\/\/www.rri.ro\/fr\/actualites\/le-flash\/17-02-2021-mise-a-jour-id394886.html#primaryimage"},"image":{"@id":"https:\/\/www.rri.ro\/fr\/actualites\/le-flash\/17-02-2021-mise-a-jour-id394886.html#primaryimage"},"thumbnailUrl":"https:\/\/www.rri.ro\/wp-content\/uploads\/2023\/10\/stiri-franceza-ok2.png","datePublished":"2021-02-17T17:21:00+00:00","author":{"@id":"https:\/\/www.rri.ro\/#\/schema\/person\/4a479940371b9fdefd194f561e8a7f88"},"breadcrumb":{"@id":"https:\/\/www.rri.ro\/fr\/actualites\/le-flash\/17-02-2021-mise-a-jour-id394886.html#breadcrumb"},"inLanguage":"fr-FR","potentialAction":[{"@type":"ReadAction","target":["https:\/\/www.rri.ro\/fr\/actualites\/le-flash\/17-02-2021-mise-a-jour-id394886.html"]}]},{"@type":"ImageObject","inLanguage":"fr-FR","@id":"https:\/\/www.rri.ro\/fr\/actualites\/le-flash\/17-02-2021-mise-a-jour-id394886.html#primaryimage","url":"https:\/\/www.rri.ro\/wp-content\/uploads\/2023\/10\/stiri-franceza-ok2.png","contentUrl":"https:\/\/www.rri.ro\/wp-content\/uploads\/2023\/10\/stiri-franceza-ok2.png","width":420,"height":280},{"@type":"BreadcrumbList","@id":"https:\/\/www.rri.ro\/fr\/actualites\/le-flash\/17-02-2021-mise-a-jour-id394886.html#breadcrumb","itemListElement":[{"@type":"ListItem","position":1,"name":"Page d'accueil","item":"https:\/\/www.rri.ro\/fr"},{"@type":"ListItem","position":2,"name":"Actualit\u00e9s","item":"https:\/\/www.rri.ro\/fr\/actualites"},{"@type":"ListItem","position":3,"name":"Le flash","item":"https:\/\/www.rri.ro\/fr\/actualites\/le-flash"},{"@type":"ListItem","position":4,"name":"17.02.2021 (mise \u00e0 jour)"}]},{"@type":"WebSite","@id":"https:\/\/www.rri.ro\/#website","url":"https:\/\/www.rri.ro\/","name":"Radio Roumanie Internationale","description":"Totul despre Rom\u00e2nia \u015fi rom\u00e2ni, \u00een 13 limbi\/dialecte!","inLanguage":"fr-FR"},{"@type":"Person","@id":"https:\/\/www.rri.ro\/#\/schema\/person\/4a479940371b9fdefd194f561e8a7f88","name":"Newsroom","url":"https:\/\/www.rri.ro\/fr\/author\/newsroom"}]}},"_links":{"self":[{"href":"https:\/\/www.rri.ro\/fr\/wp-json\/wp\/v2\/posts\/394886","targetHints":{"allow":["GET"]}}],"collection":[{"href":"https:\/\/www.rri.ro\/fr\/wp-json\/wp\/v2\/posts"}],"about":[{"href":"https:\/\/www.rri.ro\/fr\/wp-json\/wp\/v2\/types\/post"}],"author":[{"embeddable":true,"href":"https:\/\/www.rri.ro\/fr\/wp-json\/wp\/v2\/users\/113"}],"replies":[{"embeddable":true,"href":"https:\/\/www.rri.ro\/fr\/wp-json\/wp\/v2\/comments?post=394886"}],"version-history":[{"count":0,"href":"https:\/\/www.rri.ro\/fr\/wp-json\/wp\/v2\/posts\/394886\/revisions"}],"wp:featuredmedia":[{"embeddable":true,"href":"https:\/\/www.rri.ro\/fr\/wp-json\/wp\/v2\/media\/391122"}],"wp:attachment":[{"href":"https:\/\/www.rri.ro\/fr\/wp-json\/wp\/v2\/media?parent=394886"}],"wp:term":[{"taxonomy":"category","embeddable":true,"href":"https:\/\/www.rri.ro\/fr\/wp-json\/wp\/v2\/categories?post=394886"},{"taxonomy":"post_tag","embeddable":true,"href":"https:\/\/www.rri.ro\/fr\/wp-json\/wp\/v2\/tags?post=394886"},{"taxonomy":"author","embeddable":true,"href":"https:\/\/www.rri.ro\/fr\/wp-json\/wp\/v2\/coauthors?post=394886"}],"curies":[{"name":"wp","href":"https:\/\/api.w.org\/{rel}","templated":true}]}}