{"id":394911,"date":"2021-03-02T13:34:00","date_gmt":"2021-03-02T11:34:00","guid":{"rendered":"http:\/\/devrri.freshlemon.ro\/le-roumain-mot-a-mot\/consulter-les-lecons\/02-03-2021-id394911.html"},"modified":"2021-03-02T13:34:00","modified_gmt":"2021-03-02T11:34:00","slug":"02-03-2021","status":"publish","type":"post","link":"https:\/\/www.rri.ro\/fr\/actualites\/le-flash\/02-03-2021-id394911.html","title":{"rendered":"02.03.2021"},"content":{"rendered":"<p><strong class=cms-bold>Covid en Roumanie &#8211; <\/strong>Quelque 950 mille Roumains ont \u00e9t\u00e9 vaccin\u00e9s jusqu&rsquo;ici contre la Covid 19, dont la plupart avec les produits de Pfizer-BioNTech, mais aussi avec ceux de Moderna et d&rsquo;AstraZeneca. Le secr\u00e9taire d&rsquo;Etat au minist\u00e8re de la Sant\u00e9 Andrei Baciu a affirm\u00e9 que tous les vaccins approuv\u00e9s \u00e0 \u00eatre utilis\u00e9s en Roumanie sont efficaces contre toutes les variantes de coronavirus pr\u00e9sentes en Roumanie. Selon lui, jusqu&rsquo;au d\u00e9but de cet automne quelque 70% de la population du pays sera vaccin\u00e9e, ce qui produira l&rsquo;immunit\u00e9 collective et le rel\u00e2chement des restrictions.  Le coordonnateur de la campagne nationale d&rsquo;immunisation, le m\u00e9decin militaire Valeriu Gheorghita a annonc\u00e9 que la population g\u00e9n\u00e9rale, elle aussi incluse dans la troisi\u00e8me \u00e9tape, pourra prendre des rendez-vous sur la plate forme enligne \u00e0 commencer par la mi-mars et que la vaccination commencerait en avril. Par ailleurs, les m\u00e9decins avertissent que la Roumanie et au d\u00e9but d&rsquo;une troisi\u00e8me vague de la pand\u00e9mie et insistent sur le respect des trois mesures de protection : le port du masque, la d\u00e9sinfection des mains et la distanciation physique. Plus de 4000 mille nouveaux cas d&rsquo;infection au SARS-CoV-2 ont \u00e9t\u00e9 d\u00e9pist\u00e9s ces derni\u00e8res 24 heures, et une centaine de d\u00e9c\u00e8s ont \u00e9galement \u00e9t\u00e9 rapport\u00e9s. Jusqu&rsquo;ici, plus de 800.000 personnes ont \u00e9t\u00e9 infect\u00e9es au coronavirus, dont plus de 90% ont gu\u00e9ri. Le nombre total des d\u00e9c\u00e8s a d\u00e9pass\u00e9 les 20.400. Un millier de malades sont \u00e9galement hospitalis\u00e9s en soins intensifs.<\/p>\n<p><\/p>\n<p><strong class=cms-bold>Budgets &#8211;<\/strong> Le Parlement de Bucarest doit voter aujourd&rsquo;hui des projets de loi du budget d&rsquo;Etat et du budget de la s\u00e9curit\u00e9 sociale pour l&rsquo;ann\u00e9e 2021. Les commissions sp\u00e9cialis\u00e9es en charge des budgets et des finances ont donn\u00e9 le feu vert aux deux projets, sans aucune modification par rapport aux propositions du gouvernement. Aucun des 3500 amendements d\u00e9pos\u00e9s par l&rsquo;Opposition n&rsquo;a \u00e9t\u00e9 adopt\u00e9 par les commissions parlementaires. D&rsquo;ailleurs, l&rsquo;Opposition accuse le gouvernement d&rsquo;avoir \u00e9labor\u00e9 un budget d&rsquo;aust\u00e9rit\u00e9. Et pourtant, le cabinet affirme qu&rsquo;il s&rsquo;agit d&rsquo;un projet visant le d\u00e9veloppement et la r\u00e9forme. Le ministre des Finances, Alexandru Nazare a d\u00e9clar\u00e9 que c&rsquo;\u00e9tait un budget de la relance \u00e9conomique qui ne pr\u00e9voyait pas de majorations d&rsquo;imp\u00f4ts, ni de baisses de salaires dans le secteur public. Cette ann\u00e9e, le d\u00e9ficit ne peut pas d\u00e9passer les 7,16% du PIB, et les d\u00e9penses avec le personnel sont limit\u00e9es \u00e0 9,8%. Le budget repose sur une croissance \u00e9conomique de 4,31%. <\/p>\n<p><\/p>\n<p><strong class=cms-bold>Protestations &#8211; <\/strong>La f\u00e9d\u00e9ration syndicale \u00ab Solidaritatea sanitara \u00bb poursuit aujourd&rsquo;hui les protestations devant le l\u00e9gislatif de Bucarest pour d\u00e9terminer les \u00e9lus nationaux qui d\u00e9battent du projet du budget d&rsquo;Etat de cette ann\u00e9e d&rsquo;adopter les amendements qui r\u00e9pondent aux revendications du secteur. Les syndicalistes demandent l&rsquo;allocation des fonds n\u00e9cessaires pour assurer le payement des travailleurs du domaine et la s\u00e9curit\u00e9 du travail. Lundi, des dizaines de salari\u00e9s ont protest\u00e9, demandant le respect du droit \u00e0 la pension de r\u00e9version,  la r\u00e9duction du temps de travail en continu et l&rsquo;inclusion de la Covid 19 sur la liste des maladies professionnelles pour les travailleurs de la sant\u00e9. <\/p>\n<p><\/p>\n<p><strong class=cms-bold>Justice &#8211;<\/strong> Ioana Basescu, la fille de l&rsquo;ex-pr\u00e9sident Traian Basescu a \u00e9t\u00e9 condamn\u00e9e mardi par la Cour d&rsquo;appel de Bucarest \u00e0 une peine de 5 ans de prison ferme pour des faits d&rsquo;instigation \u00e0 la dilapidation et d&rsquo;instigation au blanchiment d&rsquo;argent dans un dossier visant le financement de la campagne \u00e9lectorale pour les \u00e9lections pr\u00e9sidentielles de 2009. Ioana Basescu s&rsquo;est vue inflig\u00e9 une peine de prison de 3 ans pour instigation \u00e0 dilapidation et deux peines pour instigation au blanchiment d&rsquo;argent de 3 et respectivement de 5 ans de prison ferme, qui ont \u00e9t\u00e9 ensuite combin\u00e9es en une seule peine de 5 ans de prison ferme. La d\u00e9cision n&rsquo;est pas d\u00e9finitive et peut pas \u00eatre attaqu\u00e9e par appel. Dans le m\u00eame dossier, l&rsquo;ex-ministre Elena Udrea a re\u00e7u une peine de 8 ans de prison ferme pour des infractions d&rsquo;instigation \u00e0 la prise ill\u00e9gale d&rsquo;int\u00e9r\u00eats et au blanchiment d&rsquo;argent dans un dossier visant le financement de la campagne \u00e9lectorale de Traian Basescu qui a remport\u00e9 son second mandat aux pr\u00e9sidentielles de 2009. Elena Udrea a \u00e9galement \u00e9t\u00e9 condamn\u00e9e dans d&rsquo;autres dossiers de corruption alors que d&rsquo;autres sont en d\u00e9roulement.    <\/p>\n<p><\/p>\n<p><strong class=cms-bold>Criminalit\u00e9 &#8211; <\/strong>Les autorit\u00e9s de Roumanie, de R\u00e9publique de Moldova et de France, en coop\u00e9ration avec l&rsquo;Europol ont d\u00e9mantel\u00e9 un r\u00e9seau international de criminalit\u00e9 organis\u00e9e qui exploitait des migrants ill\u00e9gaux  par le travail au noir. Suite \u00e0 cette action, 38 suspects ont \u00e9t\u00e9 arr\u00eat\u00e9s, a annonc\u00e9 l&rsquo;Agence europ\u00e9enne bas\u00e9 \u00e0 la Haye. Le communiqu\u00e9 pr\u00e9cise \u00e9galement que le r\u00e9seau de criminalit\u00e9 organis\u00e9e s&rsquo;occupait du trafic de personnes, respectivement de la falsification de documents et de fraude aux aides sociales, deux actions par le biais desquelles ils ont obtenu un profit ill\u00e9gal de 14 millions d&rsquo;euros. Les  malfaiteurs ont agi en complicit\u00e9 avec des compagnies du b\u00e2timent et le profit ill\u00e9gal \u00e9tait blanchi par le biais d&rsquo;entreprises bas\u00e9es en France. <\/p>\n<p><\/p>\n<p><strong class=cms-bold>Berlin &#8211;<\/strong> Le Festival international du film de Berlin, le premier festival europ\u00e9en de l&rsquo;ann\u00e9e a commenc\u00e9 lundi dans une variante enligne \u00e0 cause de la pand\u00e9mie de Covid 19. Cette 71e \u00e9dition a \u00e9t\u00e9 s\u00e9par\u00e9e en deux \u00e9tapes, avec des projections pour le public remises au mois de juin.   Le r\u00e9alisateur roumain Radu Jude, qui avait d\u00e9j\u00e0 remport\u00e9 en 2015 l&rsquo;ours d&rsquo;argent pour la production \u00abAferim ! \u00bb revient dans la comp\u00e9tition avec le film \u00ab Bad Luck Banging or Loony Porn \u00bb. Le sc\u00e9nario, compos\u00e9 par Jude, va explorer la relation entre l&rsquo;individu et la soci\u00e9t\u00e9 en montrant ce qui se passe quand une jeune enseignante en secondaire publie un clip de porno amateur sur un site web. Les cons\u00e9quences de cette d\u00e9cision vont profond\u00e9ment affecter sa vie.<\/p>\n<p><\/p>\n<p><strong class=cms-bold>Gaudeamus &#8211; <\/strong>Le salon du livre Gaudeamus se poursuit en Roumanie, \u00e9dition marathon organis\u00e9e exclusivement enligne \u00e0 cause de la pand\u00e9mie de coronavirus. Plus de 70 participants, dont des prestigieuses maisons d&rsquo;\u00e9dition du pays et des dizaines d&rsquo;\u00e9v\u00e9nements li\u00e9s aux plus r\u00e9centes parutions figurent \u00e0 l&rsquo;affiche du Salon. Celui-ci pr\u00e9serve son caract\u00e8re g\u00e9n\u00e9raliste, et la dur\u00e9e de cette \u00e9dition, tout le long du mois de mars permet pour la premi\u00e8re fois l&rsquo;adoption de th\u00e9matiques distinctes, telles le livre de non-fiction, la po\u00e9sie et le livre d&rsquo;enfants. Les \u00e9v\u00e9nements du salon sont \u00e0 retrouver sur le site gaudeamus.ro, sur la page Facebook Radio Romania Gaudeamus et sur les sites et les pages sur les r\u00e9seaux sociaux des participants, signal\u00e9s par des liens actifs dans le programme du salon.  <\/p>\n<p><\/p>\n<p><strong class=cms-bold>M\u00e9t\u00e9o &#8211; <\/strong>Temps instable en Roumanie, notamment sur le sud et le sud-est, o\u00f9 des pr\u00e9cipitations sont signal\u00e9es. Des chutes de neige sont \u00e9galement enregistr\u00e9es sur le relief, o\u00f9 le vent est assez fort. Ciel variable sur le reste du territoire. Les temp\u00e9ratures vont de 5 \u00e0 15 degr\u00e9s. 5 degr\u00e9s en ce moment \u00e0 Bucarest. <\/p>\n<p><\/p>\n","protected":false},"excerpt":{"rendered":"<p>Covid en Roumanie &#8211; Quelque 950 mille Roumains ont \u00e9t\u00e9 vaccin\u00e9s jusqu&rsquo;ici contre la Covid 19, dont la plupart avec les produits de Pfizer-BioNTech, mais aussi avec ceux de Moderna et d&rsquo;AstraZeneca. Le secr\u00e9taire d&rsquo;Etat au minist\u00e8re de la Sant\u00e9 Andrei Baciu a affirm\u00e9 que tous les vaccins approuv\u00e9s \u00e0 \u00eatre utilis\u00e9s en Roumanie sont [&hellip;]<\/p>\n","protected":false},"author":113,"featured_media":391122,"comment_status":"closed","ping_status":"closed","sticky":false,"template":"","format":"standard","meta":{"_acf_changed":false,"footnotes":""},"categories":[89002],"tags":[89594,158395,148511,35339,137213,143692,146705,137214,86111,147064,47026,85700,92655,85598,164585],"coauthors":[],"class_list":["post-394911","post","type-post","status-publish","format-standard","has-post-thumbnail","hentry","category-le-flash","tag-austerite","tag-berlin-fr","tag-budget-fr","tag-coronavirus","tag-corruption-fr","tag-film-fr","tag-gaudeamus-fr","tag-justice-fr","tag-livre","tag-meteo-fr","tag-pandemie","tag-protestations","tag-relachement","tag-syndicats","tag-vaccination-fr"],"acf":[],"yoast_head":"<!-- This site is optimized with the Yoast SEO plugin v27.3 - https:\/\/yoast.com\/product\/yoast-seo-wordpress\/ -->\n<title>02.03.2021 - Radio Roumanie Internationale<\/title>\n<meta name=\"robots\" content=\"index, follow, max-snippet:-1, max-image-preview:large, max-video-preview:-1\" \/>\n<link rel=\"canonical\" href=\"https:\/\/www.rri.ro\/fr\/actualites\/le-flash\/02-03-2021-id394911.html\" \/>\n<meta property=\"og:locale\" content=\"fr_FR\" \/>\n<meta property=\"og:type\" content=\"article\" \/>\n<meta property=\"og:title\" content=\"02.03.2021 - Radio Roumanie Internationale\" \/>\n<meta property=\"og:description\" content=\"Covid en Roumanie &#8211; Quelque 950 mille Roumains ont \u00e9t\u00e9 vaccin\u00e9s jusqu&rsquo;ici contre la Covid 19, dont la plupart avec les produits de Pfizer-BioNTech, mais aussi avec ceux de Moderna et d&rsquo;AstraZeneca. Le secr\u00e9taire d&rsquo;Etat au minist\u00e8re de la Sant\u00e9 Andrei Baciu a affirm\u00e9 que tous les vaccins approuv\u00e9s \u00e0 \u00eatre utilis\u00e9s en Roumanie sont [&hellip;]\" \/>\n<meta property=\"og:url\" content=\"https:\/\/www.rri.ro\/fr\/actualites\/le-flash\/02-03-2021-id394911.html\" \/>\n<meta property=\"og:site_name\" content=\"Radio Roumanie Internationale\" \/>\n<meta property=\"article:published_time\" content=\"2021-03-02T11:34:00+00:00\" \/>\n<meta property=\"og:image\" content=\"https:\/\/www.rri.ro\/wp-content\/uploads\/2023\/10\/stiri-franceza-ok2.png\" \/>\n\t<meta property=\"og:image:width\" content=\"420\" \/>\n\t<meta property=\"og:image:height\" content=\"280\" \/>\n\t<meta property=\"og:image:type\" content=\"image\/png\" \/>\n<meta name=\"author\" content=\"Newsroom\" \/>\n<meta name=\"twitter:card\" content=\"summary_large_image\" \/>\n<meta name=\"twitter:label1\" content=\"\u00c9crit par\" \/>\n\t<meta name=\"twitter:data1\" content=\"Newsroom\" \/>\n\t<meta name=\"twitter:label2\" content=\"Dur\u00e9e de lecture estim\u00e9e\" \/>\n\t<meta name=\"twitter:data2\" content=\"6 minutes\" \/>\n\t<meta name=\"twitter:label3\" content=\"Written by\" \/>\n\t<meta name=\"twitter:data3\" content=\"Newsroom\" \/>\n<script type=\"application\/ld+json\" class=\"yoast-schema-graph\">{\"@context\":\"https:\\\/\\\/schema.org\",\"@graph\":[{\"@type\":\"Article\",\"@id\":\"https:\\\/\\\/www.rri.ro\\\/fr\\\/actualites\\\/le-flash\\\/02-03-2021-id394911.html#article\",\"isPartOf\":{\"@id\":\"https:\\\/\\\/www.rri.ro\\\/fr\\\/actualites\\\/le-flash\\\/02-03-2021-id394911.html\"},\"author\":{\"name\":\"Newsroom\",\"@id\":\"https:\\\/\\\/www.rri.ro\\\/#\\\/schema\\\/person\\\/4a479940371b9fdefd194f561e8a7f88\"},\"headline\":\"02.03.2021\",\"datePublished\":\"2021-03-02T11:34:00+00:00\",\"mainEntityOfPage\":{\"@id\":\"https:\\\/\\\/www.rri.ro\\\/fr\\\/actualites\\\/le-flash\\\/02-03-2021-id394911.html\"},\"wordCount\":1249,\"image\":{\"@id\":\"https:\\\/\\\/www.rri.ro\\\/fr\\\/actualites\\\/le-flash\\\/02-03-2021-id394911.html#primaryimage\"},\"thumbnailUrl\":\"https:\\\/\\\/www.rri.ro\\\/wp-content\\\/uploads\\\/2023\\\/10\\\/stiri-franceza-ok2.png\",\"keywords\":[\"aust\u00e9rit\u00e9\",\"Berlin\",\"budget\",\"coronavirus\",\"corruption\",\"film\",\"gaudeamus\",\"justice\",\"livre\",\"meteo\",\"pandemie\",\"protestations\",\"rel\u00e2chement\",\"syndicats\",\"vaccination\"],\"articleSection\":[\"Le flash\"],\"inLanguage\":\"fr-FR\"},{\"@type\":\"WebPage\",\"@id\":\"https:\\\/\\\/www.rri.ro\\\/fr\\\/actualites\\\/le-flash\\\/02-03-2021-id394911.html\",\"url\":\"https:\\\/\\\/www.rri.ro\\\/fr\\\/actualites\\\/le-flash\\\/02-03-2021-id394911.html\",\"name\":\"02.03.2021 - Radio Roumanie Internationale\",\"isPartOf\":{\"@id\":\"https:\\\/\\\/www.rri.ro\\\/#website\"},\"primaryImageOfPage\":{\"@id\":\"https:\\\/\\\/www.rri.ro\\\/fr\\\/actualites\\\/le-flash\\\/02-03-2021-id394911.html#primaryimage\"},\"image\":{\"@id\":\"https:\\\/\\\/www.rri.ro\\\/fr\\\/actualites\\\/le-flash\\\/02-03-2021-id394911.html#primaryimage\"},\"thumbnailUrl\":\"https:\\\/\\\/www.rri.ro\\\/wp-content\\\/uploads\\\/2023\\\/10\\\/stiri-franceza-ok2.png\",\"datePublished\":\"2021-03-02T11:34:00+00:00\",\"author\":{\"@id\":\"https:\\\/\\\/www.rri.ro\\\/#\\\/schema\\\/person\\\/4a479940371b9fdefd194f561e8a7f88\"},\"breadcrumb\":{\"@id\":\"https:\\\/\\\/www.rri.ro\\\/fr\\\/actualites\\\/le-flash\\\/02-03-2021-id394911.html#breadcrumb\"},\"inLanguage\":\"fr-FR\",\"potentialAction\":[{\"@type\":\"ReadAction\",\"target\":[\"https:\\\/\\\/www.rri.ro\\\/fr\\\/actualites\\\/le-flash\\\/02-03-2021-id394911.html\"]}]},{\"@type\":\"ImageObject\",\"inLanguage\":\"fr-FR\",\"@id\":\"https:\\\/\\\/www.rri.ro\\\/fr\\\/actualites\\\/le-flash\\\/02-03-2021-id394911.html#primaryimage\",\"url\":\"https:\\\/\\\/www.rri.ro\\\/wp-content\\\/uploads\\\/2023\\\/10\\\/stiri-franceza-ok2.png\",\"contentUrl\":\"https:\\\/\\\/www.rri.ro\\\/wp-content\\\/uploads\\\/2023\\\/10\\\/stiri-franceza-ok2.png\",\"width\":420,\"height\":280},{\"@type\":\"BreadcrumbList\",\"@id\":\"https:\\\/\\\/www.rri.ro\\\/fr\\\/actualites\\\/le-flash\\\/02-03-2021-id394911.html#breadcrumb\",\"itemListElement\":[{\"@type\":\"ListItem\",\"position\":1,\"name\":\"Page d'accueil\",\"item\":\"https:\\\/\\\/www.rri.ro\\\/fr\"},{\"@type\":\"ListItem\",\"position\":2,\"name\":\"Actualit\u00e9s\",\"item\":\"https:\\\/\\\/www.rri.ro\\\/fr\\\/actualites\"},{\"@type\":\"ListItem\",\"position\":3,\"name\":\"Le flash\",\"item\":\"https:\\\/\\\/www.rri.ro\\\/fr\\\/actualites\\\/le-flash\"},{\"@type\":\"ListItem\",\"position\":4,\"name\":\"02.03.2021\"}]},{\"@type\":\"WebSite\",\"@id\":\"https:\\\/\\\/www.rri.ro\\\/#website\",\"url\":\"https:\\\/\\\/www.rri.ro\\\/\",\"name\":\"Radio Roumanie Internationale\",\"description\":\"Totul despre Rom\u00e2nia \u015fi rom\u00e2ni, \u00een 13 limbi\\\/dialecte!\",\"inLanguage\":\"fr-FR\"},{\"@type\":\"Person\",\"@id\":\"https:\\\/\\\/www.rri.ro\\\/#\\\/schema\\\/person\\\/4a479940371b9fdefd194f561e8a7f88\",\"name\":\"Newsroom\",\"url\":\"https:\\\/\\\/www.rri.ro\\\/fr\\\/author\\\/newsroom\"}]}<\/script>\n<!-- \/ Yoast SEO plugin. -->","yoast_head_json":{"title":"02.03.2021 - Radio Roumanie Internationale","robots":{"index":"index","follow":"follow","max-snippet":"max-snippet:-1","max-image-preview":"max-image-preview:large","max-video-preview":"max-video-preview:-1"},"canonical":"https:\/\/www.rri.ro\/fr\/actualites\/le-flash\/02-03-2021-id394911.html","og_locale":"fr_FR","og_type":"article","og_title":"02.03.2021 - Radio Roumanie Internationale","og_description":"Covid en Roumanie &#8211; Quelque 950 mille Roumains ont \u00e9t\u00e9 vaccin\u00e9s jusqu&rsquo;ici contre la Covid 19, dont la plupart avec les produits de Pfizer-BioNTech, mais aussi avec ceux de Moderna et d&rsquo;AstraZeneca. Le secr\u00e9taire d&rsquo;Etat au minist\u00e8re de la Sant\u00e9 Andrei Baciu a affirm\u00e9 que tous les vaccins approuv\u00e9s \u00e0 \u00eatre utilis\u00e9s en Roumanie sont [&hellip;]","og_url":"https:\/\/www.rri.ro\/fr\/actualites\/le-flash\/02-03-2021-id394911.html","og_site_name":"Radio Roumanie Internationale","article_published_time":"2021-03-02T11:34:00+00:00","og_image":[{"width":420,"height":280,"url":"https:\/\/www.rri.ro\/wp-content\/uploads\/2023\/10\/stiri-franceza-ok2.png","type":"image\/png"}],"author":"Newsroom","twitter_card":"summary_large_image","twitter_misc":{"\u00c9crit par":"Newsroom","Dur\u00e9e de lecture estim\u00e9e":"6 minutes","Written by":"Newsroom"},"schema":{"@context":"https:\/\/schema.org","@graph":[{"@type":"Article","@id":"https:\/\/www.rri.ro\/fr\/actualites\/le-flash\/02-03-2021-id394911.html#article","isPartOf":{"@id":"https:\/\/www.rri.ro\/fr\/actualites\/le-flash\/02-03-2021-id394911.html"},"author":{"name":"Newsroom","@id":"https:\/\/www.rri.ro\/#\/schema\/person\/4a479940371b9fdefd194f561e8a7f88"},"headline":"02.03.2021","datePublished":"2021-03-02T11:34:00+00:00","mainEntityOfPage":{"@id":"https:\/\/www.rri.ro\/fr\/actualites\/le-flash\/02-03-2021-id394911.html"},"wordCount":1249,"image":{"@id":"https:\/\/www.rri.ro\/fr\/actualites\/le-flash\/02-03-2021-id394911.html#primaryimage"},"thumbnailUrl":"https:\/\/www.rri.ro\/wp-content\/uploads\/2023\/10\/stiri-franceza-ok2.png","keywords":["aust\u00e9rit\u00e9","Berlin","budget","coronavirus","corruption","film","gaudeamus","justice","livre","meteo","pandemie","protestations","rel\u00e2chement","syndicats","vaccination"],"articleSection":["Le flash"],"inLanguage":"fr-FR"},{"@type":"WebPage","@id":"https:\/\/www.rri.ro\/fr\/actualites\/le-flash\/02-03-2021-id394911.html","url":"https:\/\/www.rri.ro\/fr\/actualites\/le-flash\/02-03-2021-id394911.html","name":"02.03.2021 - Radio Roumanie Internationale","isPartOf":{"@id":"https:\/\/www.rri.ro\/#website"},"primaryImageOfPage":{"@id":"https:\/\/www.rri.ro\/fr\/actualites\/le-flash\/02-03-2021-id394911.html#primaryimage"},"image":{"@id":"https:\/\/www.rri.ro\/fr\/actualites\/le-flash\/02-03-2021-id394911.html#primaryimage"},"thumbnailUrl":"https:\/\/www.rri.ro\/wp-content\/uploads\/2023\/10\/stiri-franceza-ok2.png","datePublished":"2021-03-02T11:34:00+00:00","author":{"@id":"https:\/\/www.rri.ro\/#\/schema\/person\/4a479940371b9fdefd194f561e8a7f88"},"breadcrumb":{"@id":"https:\/\/www.rri.ro\/fr\/actualites\/le-flash\/02-03-2021-id394911.html#breadcrumb"},"inLanguage":"fr-FR","potentialAction":[{"@type":"ReadAction","target":["https:\/\/www.rri.ro\/fr\/actualites\/le-flash\/02-03-2021-id394911.html"]}]},{"@type":"ImageObject","inLanguage":"fr-FR","@id":"https:\/\/www.rri.ro\/fr\/actualites\/le-flash\/02-03-2021-id394911.html#primaryimage","url":"https:\/\/www.rri.ro\/wp-content\/uploads\/2023\/10\/stiri-franceza-ok2.png","contentUrl":"https:\/\/www.rri.ro\/wp-content\/uploads\/2023\/10\/stiri-franceza-ok2.png","width":420,"height":280},{"@type":"BreadcrumbList","@id":"https:\/\/www.rri.ro\/fr\/actualites\/le-flash\/02-03-2021-id394911.html#breadcrumb","itemListElement":[{"@type":"ListItem","position":1,"name":"Page d'accueil","item":"https:\/\/www.rri.ro\/fr"},{"@type":"ListItem","position":2,"name":"Actualit\u00e9s","item":"https:\/\/www.rri.ro\/fr\/actualites"},{"@type":"ListItem","position":3,"name":"Le flash","item":"https:\/\/www.rri.ro\/fr\/actualites\/le-flash"},{"@type":"ListItem","position":4,"name":"02.03.2021"}]},{"@type":"WebSite","@id":"https:\/\/www.rri.ro\/#website","url":"https:\/\/www.rri.ro\/","name":"Radio Roumanie Internationale","description":"Totul despre Rom\u00e2nia \u015fi rom\u00e2ni, \u00een 13 limbi\/dialecte!","inLanguage":"fr-FR"},{"@type":"Person","@id":"https:\/\/www.rri.ro\/#\/schema\/person\/4a479940371b9fdefd194f561e8a7f88","name":"Newsroom","url":"https:\/\/www.rri.ro\/fr\/author\/newsroom"}]}},"_links":{"self":[{"href":"https:\/\/www.rri.ro\/fr\/wp-json\/wp\/v2\/posts\/394911","targetHints":{"allow":["GET"]}}],"collection":[{"href":"https:\/\/www.rri.ro\/fr\/wp-json\/wp\/v2\/posts"}],"about":[{"href":"https:\/\/www.rri.ro\/fr\/wp-json\/wp\/v2\/types\/post"}],"author":[{"embeddable":true,"href":"https:\/\/www.rri.ro\/fr\/wp-json\/wp\/v2\/users\/113"}],"replies":[{"embeddable":true,"href":"https:\/\/www.rri.ro\/fr\/wp-json\/wp\/v2\/comments?post=394911"}],"version-history":[{"count":0,"href":"https:\/\/www.rri.ro\/fr\/wp-json\/wp\/v2\/posts\/394911\/revisions"}],"wp:featuredmedia":[{"embeddable":true,"href":"https:\/\/www.rri.ro\/fr\/wp-json\/wp\/v2\/media\/391122"}],"wp:attachment":[{"href":"https:\/\/www.rri.ro\/fr\/wp-json\/wp\/v2\/media?parent=394911"}],"wp:term":[{"taxonomy":"category","embeddable":true,"href":"https:\/\/www.rri.ro\/fr\/wp-json\/wp\/v2\/categories?post=394911"},{"taxonomy":"post_tag","embeddable":true,"href":"https:\/\/www.rri.ro\/fr\/wp-json\/wp\/v2\/tags?post=394911"},{"taxonomy":"author","embeddable":true,"href":"https:\/\/www.rri.ro\/fr\/wp-json\/wp\/v2\/coauthors?post=394911"}],"curies":[{"name":"wp","href":"https:\/\/api.w.org\/{rel}","templated":true}]}}