{"id":394912,"date":"2021-03-02T19:46:00","date_gmt":"2021-03-02T17:46:00","guid":{"rendered":"http:\/\/devrri.freshlemon.ro\/le-roumain-mot-a-mot\/consulter-les-lecons\/02-03-2021-mise-a-jour-id394912.html"},"modified":"2021-03-02T19:46:00","modified_gmt":"2021-03-02T17:46:00","slug":"02-03-2021-mise-a-jour","status":"publish","type":"post","link":"https:\/\/www.rri.ro\/fr\/actualites\/le-flash\/02-03-2021-mise-a-jour-id394912.html","title":{"rendered":"02.03.2021 (mise \u00e0 jour)"},"content":{"rendered":"<\/p>\n<p><strong class=cms-bold>Budget&#13;<br \/>\n2021<\/strong> &#8211; Le Parlement de Bucarest a vot\u00e9 mardi les projets de loi du budget de l\u00a0\u00bbEtat&#13;<br \/>\net du budget de la s\u00e9curit\u00e9 sociale pour l&rsquo;ann\u00e9e 2021 dans leur forme avanc\u00e9e&#13;<br \/>\npar le gouvernement. Aucun amendement n&rsquo;a \u00e9t\u00e9 adopt\u00e9. De son c\u00f4t\u00e9, l&rsquo;Opposition&#13;<br \/>\nsociale-d\u00e9mocrate accuse le gouvernement d&rsquo;avoir \u00e9labor\u00e9 un budget d&rsquo;aust\u00e9rit\u00e9,&#13;<br \/>\nalors que le premier ministre lib\u00e9ral Florin C\u00eetu la contredit et insiste&#13;<br \/>\nsur le fait que ce budget est cibl\u00e9 sur les investissements et force l&rsquo;administration&#13;<br \/>\npublique, centrale et locale \u00e0 se r\u00e9former. Cette ann\u00e9e, le d\u00e9ficit ne peut pas&#13;<br \/>\nd\u00e9passer les 7,16% du PIB, et les d\u00e9penses avec le personnel sont limit\u00e9es \u00e0&#13;<br \/>\n9,8%. Le budget table sur une croissance \u00e9conomique de 4,31%. <\/p>\n<p><\/p>\n<p><strong class=cms-bold style=font-size: 1em;>Protestations <\/strong>&#8211; Si le gouvernement ne d\u00e9bloque pas les n\u00e9gociations avec les syndicats du secteur sanitaire, les salari\u00e9s du syst\u00e8me descendront dans la rue pour des r\u00e9voltes spontan\u00e9es contre les recommandations des leaders syndicaux, a mis en garde, mardi, le pr\u00e9sident de la F\u00e9d\u00e9ration Sanitas de Bucarest, Viorel Husanu. La protestation organis\u00e9e mardi par son syndicat \u00e9tait cens\u00e9e attirer l&rsquo;attention des parlementaires sur l&rsquo;urgence d&rsquo;accro\u00eetre le budget de la Sant\u00e9. A son tour, la F\u00e9d\u00e9ration syndicale La Solidarit\u00e9 Sanitaire (Solidaritatea sanitara) a manifest\u00e9 mardi pour la 2e journ\u00e9e cons\u00e9cutive pour d\u00e9terminer les parlementaires en train de d\u00e9battre du budget 2021 d&rsquo;adopter les amendements contenant des modifications correspondant \u00e0 leurs revendications. Les syndicats de la sant\u00e9 demandent que les sommes n\u00e9cessaires soient allou\u00e9es pour respecter les droits des salari\u00e9s du secteur et les normes de la s\u00e9curit\u00e9 au travail. Ils demandent aussi le respect du droit \u00e0 la pension de r\u00e9version, la r\u00e9duction du temps de travail en continu et l&rsquo;inclusion de la Covid 19 sur la liste des maladies professionnelles pour les travailleurs de la sant\u00e9. <\/p>\n<p><\/p>\n<p><strong class=cms-bold>Vaccination anticovid<\/strong> &#8211; Pr\u00e8s de 950 000 Roumains ont \u00e9t\u00e9 vaccin\u00e9s jusqu&rsquo;ici contre la&#13;<br \/>\nCovid-19, dont la plupart avec les produits de Pfizer-BioNTech, mais aussi avec&#13;<br \/>\nceux de Moderna et d&rsquo;AstraZeneca. Le secr\u00e9taire d&rsquo;Etat au minist\u00e8re de la Sant\u00e9&#13;<br \/>\nAndrei Baciu a affirm\u00e9 que tous les vaccins approuv\u00e9s \u00e0 \u00eatre utilis\u00e9s en&#13;<br \/>\nRoumanie sont efficaces contre tous les variants de coronavirus pr\u00e9sents en&#13;<br \/>\nRoumanie. Selon le coordinnateur de la campagne nationale d&rsquo;immunisation, le&#13;<br \/>\nm\u00e9decin militaire Valeriu Gheorghita, la population g\u00e9n\u00e9rale, incluse dans la&#13;<br \/>\ntroisi\u00e8me \u00e9tape, pourra prendre des rendez-vous sur la plateforme enligne \u00e0&#13;<br \/>\ncommencer par le 15 mars, alors que la vaccination proprement-dite de cette&#13;<br \/>\ntranche de population commencera en avril.<\/p>\n<p><\/p>\n<p>&#13;<br \/>\n&#13;<\/p>\n<p><strong>Covid en Roumanie &#8211; <\/strong>Par&#13;<br \/>\nailleurs, les m\u00e9decins avertissent que la Roumanie est au d\u00e9but d&rsquo;une troisi\u00e8me&#13;<br \/>\nvague de la pand\u00e9mie et insistent sur le respect des trois mesures de&#13;<br \/>\nprotection : le port du masque, la d\u00e9sinfection des mains et la distanciation&#13;<br \/>\nphysique. Plus de 4000 nouveaux cas d&rsquo;infection au SARS-CoV-2 ont \u00e9t\u00e9 confirm\u00e9s&#13;<br \/>\nces derni\u00e8res 24 heures et une centaine de d\u00e9c\u00e8s ont \u00e9galement \u00e9t\u00e9 rapport\u00e9s.&#13;<br \/>\nUn millier de malades sont actuellement hospitalis\u00e9s en soins intensifs.<\/p>\n<p>&#13;<br \/>\n&#13;<br \/>\n<br \/>&#13;<br \/>\n&#13;<br \/>\n&#13;<\/p>\n<p><strong class=cms-bold>D\u00e9put\u00e9s europ\u00e9ens<\/strong> -&#13;<br \/>\nLes 33 d\u00e9put\u00e9s europ\u00e9ens roumains ont demand\u00e9 mardi \u00e0 la cheffe de la&#13;<br \/>\nCommission europ\u00e9enne et au Haut repr\u00e9sentant de l&rsquo;UE pour les affaires&#13;<br \/>\next\u00e9rieures des actions concr\u00e8tes pour une meilleure repr\u00e9sentation des&#13;<br \/>\nRoumains aux postes de direction des institutions europ\u00e9ennes, lit-on dans&#13;<br \/>\nun communiqu\u00e9 de l&rsquo;alliance entre l&rsquo;Union Sauvez la Roumanie (USR) et le parti&#13;<br \/>\nPLUS, alliance qui fait partie de la coalition au pouvoir en Roumanie. Les&#13;<br \/>\nd\u00e9put\u00e9s se trouvant \u00e0 l&rsquo;origine de cette initiative ont constat\u00e9 que, 14 ans&#13;<br \/>\napr\u00e8s l&rsquo;adh\u00e9sion de la Roumanie \u00e0 l&rsquo;UE, les Roumains ne sont pas suffisamment&#13;<br \/>\nbien repr\u00e9sent\u00e9s au sein du management des institutions europ\u00e9ennes. Ils&#13;<br \/>\ndemandent donc un rendez-vous avec la pr\u00e9sidente de la Commission, Ursula von&#13;<br \/>\nder Leyen, afin de rem\u00e9dier \u00e0 cette situation.  <\/p>\n<p><\/p>\n<\/p>\n<p><strong class=cms-bold>M\u00e9t\u00e9o&#13;<br \/>\n<\/strong>&#8211; Les m\u00e9t\u00e9orologues annoncent du beau temps en Ro dans les 24 prochaines&#13;<br \/>\nheures, avec des maxima allant de 7 \u00e0 17 degr\u00e9s. <\/p>\n<p><\/p>\n<p>&#13;<br \/>\n&#13;<br \/><\/p>\n","protected":false},"excerpt":{"rendered":"<p>Budget&#13; 2021 &#8211; Le Parlement de Bucarest a vot\u00e9 mardi les projets de loi du budget de l\u00a0\u00bbEtat&#13; et du budget de la s\u00e9curit\u00e9 sociale pour l&rsquo;ann\u00e9e 2021 dans leur forme avanc\u00e9e&#13; par le gouvernement. Aucun amendement n&rsquo;a \u00e9t\u00e9 adopt\u00e9. De son c\u00f4t\u00e9, l&rsquo;Opposition&#13; sociale-d\u00e9mocrate accuse le gouvernement d&rsquo;avoir \u00e9labor\u00e9 un budget d&rsquo;aust\u00e9rit\u00e9,&#13; alors que [&hellip;]<\/p>\n","protected":false},"author":113,"featured_media":391122,"comment_status":"closed","ping_status":"closed","sticky":false,"template":"","format":"standard","meta":{"_acf_changed":false,"footnotes":""},"categories":[89002],"tags":[92815,35339,47026,85700,86066,85598,164585],"coauthors":[],"class_list":["post-394912","post","type-post","status-publish","format-standard","has-post-thumbnail","hentry","category-le-flash","tag-budget-2021","tag-coronavirus","tag-pandemie","tag-protestations","tag-sante","tag-syndicats","tag-vaccination-fr"],"acf":[],"yoast_head":"<!-- This site is optimized with the Yoast SEO plugin v27.3 - https:\/\/yoast.com\/product\/yoast-seo-wordpress\/ -->\n<title>02.03.2021 (mise \u00e0 jour) - Radio Roumanie Internationale<\/title>\n<meta name=\"robots\" content=\"index, follow, max-snippet:-1, max-image-preview:large, max-video-preview:-1\" \/>\n<link rel=\"canonical\" href=\"https:\/\/www.rri.ro\/fr\/actualites\/le-flash\/02-03-2021-mise-a-jour-id394912.html\" \/>\n<meta property=\"og:locale\" content=\"fr_FR\" \/>\n<meta property=\"og:type\" content=\"article\" \/>\n<meta property=\"og:title\" content=\"02.03.2021 (mise \u00e0 jour) - Radio Roumanie Internationale\" \/>\n<meta property=\"og:description\" content=\"Budget&#013; 2021 &#8211; Le Parlement de Bucarest a vot\u00e9 mardi les projets de loi du budget de l\u00a0\u00bbEtat&#013; et du budget de la s\u00e9curit\u00e9 sociale pour l&rsquo;ann\u00e9e 2021 dans leur forme avanc\u00e9e&#013; par le gouvernement. Aucun amendement n&rsquo;a \u00e9t\u00e9 adopt\u00e9. De son c\u00f4t\u00e9, l&rsquo;Opposition&#013; sociale-d\u00e9mocrate accuse le gouvernement d&rsquo;avoir \u00e9labor\u00e9 un budget d&rsquo;aust\u00e9rit\u00e9,&#013; alors que [&hellip;]\" \/>\n<meta property=\"og:url\" content=\"https:\/\/www.rri.ro\/fr\/actualites\/le-flash\/02-03-2021-mise-a-jour-id394912.html\" \/>\n<meta property=\"og:site_name\" content=\"Radio Roumanie Internationale\" \/>\n<meta property=\"article:published_time\" content=\"2021-03-02T17:46:00+00:00\" \/>\n<meta property=\"og:image\" content=\"https:\/\/www.rri.ro\/wp-content\/uploads\/2023\/10\/stiri-franceza-ok2.png\" \/>\n\t<meta property=\"og:image:width\" content=\"420\" \/>\n\t<meta property=\"og:image:height\" content=\"280\" \/>\n\t<meta property=\"og:image:type\" content=\"image\/png\" \/>\n<meta name=\"author\" content=\"Newsroom\" \/>\n<meta name=\"twitter:card\" content=\"summary_large_image\" \/>\n<meta name=\"twitter:label1\" content=\"\u00c9crit par\" \/>\n\t<meta name=\"twitter:data1\" content=\"Newsroom\" \/>\n\t<meta name=\"twitter:label2\" content=\"Dur\u00e9e de lecture estim\u00e9e\" \/>\n\t<meta name=\"twitter:data2\" content=\"3 minutes\" \/>\n\t<meta name=\"twitter:label3\" content=\"Written by\" \/>\n\t<meta name=\"twitter:data3\" content=\"Newsroom\" \/>\n<script type=\"application\/ld+json\" class=\"yoast-schema-graph\">{\"@context\":\"https:\\\/\\\/schema.org\",\"@graph\":[{\"@type\":\"Article\",\"@id\":\"https:\\\/\\\/www.rri.ro\\\/fr\\\/actualites\\\/le-flash\\\/02-03-2021-mise-a-jour-id394912.html#article\",\"isPartOf\":{\"@id\":\"https:\\\/\\\/www.rri.ro\\\/fr\\\/actualites\\\/le-flash\\\/02-03-2021-mise-a-jour-id394912.html\"},\"author\":{\"name\":\"Newsroom\",\"@id\":\"https:\\\/\\\/www.rri.ro\\\/#\\\/schema\\\/person\\\/4a479940371b9fdefd194f561e8a7f88\"},\"headline\":\"02.03.2021 (mise \u00e0 jour)\",\"datePublished\":\"2021-03-02T17:46:00+00:00\",\"mainEntityOfPage\":{\"@id\":\"https:\\\/\\\/www.rri.ro\\\/fr\\\/actualites\\\/le-flash\\\/02-03-2021-mise-a-jour-id394912.html\"},\"wordCount\":718,\"image\":{\"@id\":\"https:\\\/\\\/www.rri.ro\\\/fr\\\/actualites\\\/le-flash\\\/02-03-2021-mise-a-jour-id394912.html#primaryimage\"},\"thumbnailUrl\":\"https:\\\/\\\/www.rri.ro\\\/wp-content\\\/uploads\\\/2023\\\/10\\\/stiri-franceza-ok2.png\",\"keywords\":[\"budget 2021\",\"coronavirus\",\"pandemie\",\"protestations\",\"sant\u00e9\",\"syndicats\",\"vaccination\"],\"articleSection\":[\"Le flash\"],\"inLanguage\":\"fr-FR\"},{\"@type\":\"WebPage\",\"@id\":\"https:\\\/\\\/www.rri.ro\\\/fr\\\/actualites\\\/le-flash\\\/02-03-2021-mise-a-jour-id394912.html\",\"url\":\"https:\\\/\\\/www.rri.ro\\\/fr\\\/actualites\\\/le-flash\\\/02-03-2021-mise-a-jour-id394912.html\",\"name\":\"02.03.2021 (mise \u00e0 jour) - Radio Roumanie Internationale\",\"isPartOf\":{\"@id\":\"https:\\\/\\\/www.rri.ro\\\/#website\"},\"primaryImageOfPage\":{\"@id\":\"https:\\\/\\\/www.rri.ro\\\/fr\\\/actualites\\\/le-flash\\\/02-03-2021-mise-a-jour-id394912.html#primaryimage\"},\"image\":{\"@id\":\"https:\\\/\\\/www.rri.ro\\\/fr\\\/actualites\\\/le-flash\\\/02-03-2021-mise-a-jour-id394912.html#primaryimage\"},\"thumbnailUrl\":\"https:\\\/\\\/www.rri.ro\\\/wp-content\\\/uploads\\\/2023\\\/10\\\/stiri-franceza-ok2.png\",\"datePublished\":\"2021-03-02T17:46:00+00:00\",\"author\":{\"@id\":\"https:\\\/\\\/www.rri.ro\\\/#\\\/schema\\\/person\\\/4a479940371b9fdefd194f561e8a7f88\"},\"breadcrumb\":{\"@id\":\"https:\\\/\\\/www.rri.ro\\\/fr\\\/actualites\\\/le-flash\\\/02-03-2021-mise-a-jour-id394912.html#breadcrumb\"},\"inLanguage\":\"fr-FR\",\"potentialAction\":[{\"@type\":\"ReadAction\",\"target\":[\"https:\\\/\\\/www.rri.ro\\\/fr\\\/actualites\\\/le-flash\\\/02-03-2021-mise-a-jour-id394912.html\"]}]},{\"@type\":\"ImageObject\",\"inLanguage\":\"fr-FR\",\"@id\":\"https:\\\/\\\/www.rri.ro\\\/fr\\\/actualites\\\/le-flash\\\/02-03-2021-mise-a-jour-id394912.html#primaryimage\",\"url\":\"https:\\\/\\\/www.rri.ro\\\/wp-content\\\/uploads\\\/2023\\\/10\\\/stiri-franceza-ok2.png\",\"contentUrl\":\"https:\\\/\\\/www.rri.ro\\\/wp-content\\\/uploads\\\/2023\\\/10\\\/stiri-franceza-ok2.png\",\"width\":420,\"height\":280},{\"@type\":\"BreadcrumbList\",\"@id\":\"https:\\\/\\\/www.rri.ro\\\/fr\\\/actualites\\\/le-flash\\\/02-03-2021-mise-a-jour-id394912.html#breadcrumb\",\"itemListElement\":[{\"@type\":\"ListItem\",\"position\":1,\"name\":\"Page d'accueil\",\"item\":\"https:\\\/\\\/www.rri.ro\\\/fr\"},{\"@type\":\"ListItem\",\"position\":2,\"name\":\"Actualit\u00e9s\",\"item\":\"https:\\\/\\\/www.rri.ro\\\/fr\\\/actualites\"},{\"@type\":\"ListItem\",\"position\":3,\"name\":\"Le flash\",\"item\":\"https:\\\/\\\/www.rri.ro\\\/fr\\\/actualites\\\/le-flash\"},{\"@type\":\"ListItem\",\"position\":4,\"name\":\"02.03.2021 (mise \u00e0 jour)\"}]},{\"@type\":\"WebSite\",\"@id\":\"https:\\\/\\\/www.rri.ro\\\/#website\",\"url\":\"https:\\\/\\\/www.rri.ro\\\/\",\"name\":\"Radio Roumanie Internationale\",\"description\":\"Totul despre Rom\u00e2nia \u015fi rom\u00e2ni, \u00een 13 limbi\\\/dialecte!\",\"inLanguage\":\"fr-FR\"},{\"@type\":\"Person\",\"@id\":\"https:\\\/\\\/www.rri.ro\\\/#\\\/schema\\\/person\\\/4a479940371b9fdefd194f561e8a7f88\",\"name\":\"Newsroom\",\"url\":\"https:\\\/\\\/www.rri.ro\\\/fr\\\/author\\\/newsroom\"}]}<\/script>\n<!-- \/ Yoast SEO plugin. -->","yoast_head_json":{"title":"02.03.2021 (mise \u00e0 jour) - Radio Roumanie Internationale","robots":{"index":"index","follow":"follow","max-snippet":"max-snippet:-1","max-image-preview":"max-image-preview:large","max-video-preview":"max-video-preview:-1"},"canonical":"https:\/\/www.rri.ro\/fr\/actualites\/le-flash\/02-03-2021-mise-a-jour-id394912.html","og_locale":"fr_FR","og_type":"article","og_title":"02.03.2021 (mise \u00e0 jour) - Radio Roumanie Internationale","og_description":"Budget&#13; 2021 &#8211; Le Parlement de Bucarest a vot\u00e9 mardi les projets de loi du budget de l\u00a0\u00bbEtat&#13; et du budget de la s\u00e9curit\u00e9 sociale pour l&rsquo;ann\u00e9e 2021 dans leur forme avanc\u00e9e&#13; par le gouvernement. Aucun amendement n&rsquo;a \u00e9t\u00e9 adopt\u00e9. De son c\u00f4t\u00e9, l&rsquo;Opposition&#13; sociale-d\u00e9mocrate accuse le gouvernement d&rsquo;avoir \u00e9labor\u00e9 un budget d&rsquo;aust\u00e9rit\u00e9,&#13; alors que [&hellip;]","og_url":"https:\/\/www.rri.ro\/fr\/actualites\/le-flash\/02-03-2021-mise-a-jour-id394912.html","og_site_name":"Radio Roumanie Internationale","article_published_time":"2021-03-02T17:46:00+00:00","og_image":[{"width":420,"height":280,"url":"https:\/\/www.rri.ro\/wp-content\/uploads\/2023\/10\/stiri-franceza-ok2.png","type":"image\/png"}],"author":"Newsroom","twitter_card":"summary_large_image","twitter_misc":{"\u00c9crit par":"Newsroom","Dur\u00e9e de lecture estim\u00e9e":"3 minutes","Written by":"Newsroom"},"schema":{"@context":"https:\/\/schema.org","@graph":[{"@type":"Article","@id":"https:\/\/www.rri.ro\/fr\/actualites\/le-flash\/02-03-2021-mise-a-jour-id394912.html#article","isPartOf":{"@id":"https:\/\/www.rri.ro\/fr\/actualites\/le-flash\/02-03-2021-mise-a-jour-id394912.html"},"author":{"name":"Newsroom","@id":"https:\/\/www.rri.ro\/#\/schema\/person\/4a479940371b9fdefd194f561e8a7f88"},"headline":"02.03.2021 (mise \u00e0 jour)","datePublished":"2021-03-02T17:46:00+00:00","mainEntityOfPage":{"@id":"https:\/\/www.rri.ro\/fr\/actualites\/le-flash\/02-03-2021-mise-a-jour-id394912.html"},"wordCount":718,"image":{"@id":"https:\/\/www.rri.ro\/fr\/actualites\/le-flash\/02-03-2021-mise-a-jour-id394912.html#primaryimage"},"thumbnailUrl":"https:\/\/www.rri.ro\/wp-content\/uploads\/2023\/10\/stiri-franceza-ok2.png","keywords":["budget 2021","coronavirus","pandemie","protestations","sant\u00e9","syndicats","vaccination"],"articleSection":["Le flash"],"inLanguage":"fr-FR"},{"@type":"WebPage","@id":"https:\/\/www.rri.ro\/fr\/actualites\/le-flash\/02-03-2021-mise-a-jour-id394912.html","url":"https:\/\/www.rri.ro\/fr\/actualites\/le-flash\/02-03-2021-mise-a-jour-id394912.html","name":"02.03.2021 (mise \u00e0 jour) - Radio Roumanie Internationale","isPartOf":{"@id":"https:\/\/www.rri.ro\/#website"},"primaryImageOfPage":{"@id":"https:\/\/www.rri.ro\/fr\/actualites\/le-flash\/02-03-2021-mise-a-jour-id394912.html#primaryimage"},"image":{"@id":"https:\/\/www.rri.ro\/fr\/actualites\/le-flash\/02-03-2021-mise-a-jour-id394912.html#primaryimage"},"thumbnailUrl":"https:\/\/www.rri.ro\/wp-content\/uploads\/2023\/10\/stiri-franceza-ok2.png","datePublished":"2021-03-02T17:46:00+00:00","author":{"@id":"https:\/\/www.rri.ro\/#\/schema\/person\/4a479940371b9fdefd194f561e8a7f88"},"breadcrumb":{"@id":"https:\/\/www.rri.ro\/fr\/actualites\/le-flash\/02-03-2021-mise-a-jour-id394912.html#breadcrumb"},"inLanguage":"fr-FR","potentialAction":[{"@type":"ReadAction","target":["https:\/\/www.rri.ro\/fr\/actualites\/le-flash\/02-03-2021-mise-a-jour-id394912.html"]}]},{"@type":"ImageObject","inLanguage":"fr-FR","@id":"https:\/\/www.rri.ro\/fr\/actualites\/le-flash\/02-03-2021-mise-a-jour-id394912.html#primaryimage","url":"https:\/\/www.rri.ro\/wp-content\/uploads\/2023\/10\/stiri-franceza-ok2.png","contentUrl":"https:\/\/www.rri.ro\/wp-content\/uploads\/2023\/10\/stiri-franceza-ok2.png","width":420,"height":280},{"@type":"BreadcrumbList","@id":"https:\/\/www.rri.ro\/fr\/actualites\/le-flash\/02-03-2021-mise-a-jour-id394912.html#breadcrumb","itemListElement":[{"@type":"ListItem","position":1,"name":"Page d'accueil","item":"https:\/\/www.rri.ro\/fr"},{"@type":"ListItem","position":2,"name":"Actualit\u00e9s","item":"https:\/\/www.rri.ro\/fr\/actualites"},{"@type":"ListItem","position":3,"name":"Le flash","item":"https:\/\/www.rri.ro\/fr\/actualites\/le-flash"},{"@type":"ListItem","position":4,"name":"02.03.2021 (mise \u00e0 jour)"}]},{"@type":"WebSite","@id":"https:\/\/www.rri.ro\/#website","url":"https:\/\/www.rri.ro\/","name":"Radio Roumanie Internationale","description":"Totul despre Rom\u00e2nia \u015fi rom\u00e2ni, \u00een 13 limbi\/dialecte!","inLanguage":"fr-FR"},{"@type":"Person","@id":"https:\/\/www.rri.ro\/#\/schema\/person\/4a479940371b9fdefd194f561e8a7f88","name":"Newsroom","url":"https:\/\/www.rri.ro\/fr\/author\/newsroom"}]}},"_links":{"self":[{"href":"https:\/\/www.rri.ro\/fr\/wp-json\/wp\/v2\/posts\/394912","targetHints":{"allow":["GET"]}}],"collection":[{"href":"https:\/\/www.rri.ro\/fr\/wp-json\/wp\/v2\/posts"}],"about":[{"href":"https:\/\/www.rri.ro\/fr\/wp-json\/wp\/v2\/types\/post"}],"author":[{"embeddable":true,"href":"https:\/\/www.rri.ro\/fr\/wp-json\/wp\/v2\/users\/113"}],"replies":[{"embeddable":true,"href":"https:\/\/www.rri.ro\/fr\/wp-json\/wp\/v2\/comments?post=394912"}],"version-history":[{"count":0,"href":"https:\/\/www.rri.ro\/fr\/wp-json\/wp\/v2\/posts\/394912\/revisions"}],"wp:featuredmedia":[{"embeddable":true,"href":"https:\/\/www.rri.ro\/fr\/wp-json\/wp\/v2\/media\/391122"}],"wp:attachment":[{"href":"https:\/\/www.rri.ro\/fr\/wp-json\/wp\/v2\/media?parent=394912"}],"wp:term":[{"taxonomy":"category","embeddable":true,"href":"https:\/\/www.rri.ro\/fr\/wp-json\/wp\/v2\/categories?post=394912"},{"taxonomy":"post_tag","embeddable":true,"href":"https:\/\/www.rri.ro\/fr\/wp-json\/wp\/v2\/tags?post=394912"},{"taxonomy":"author","embeddable":true,"href":"https:\/\/www.rri.ro\/fr\/wp-json\/wp\/v2\/coauthors?post=394912"}],"curies":[{"name":"wp","href":"https:\/\/api.w.org\/{rel}","templated":true}]}}