{"id":394965,"date":"2021-04-02T13:50:00","date_gmt":"2021-04-02T10:50:00","guid":{"rendered":"http:\/\/devrri.freshlemon.ro\/le-roumain-mot-a-mot\/consulter-les-lecons\/02-04-2021-id394965.html"},"modified":"2021-04-02T13:50:00","modified_gmt":"2021-04-02T10:50:00","slug":"02-04-2021","status":"publish","type":"post","link":"https:\/\/www.rri.ro\/fr\/actualites\/le-flash\/02-04-2021-id394965.html","title":{"rendered":"02.04.2021"},"content":{"rendered":"<p>&#13;<br \/>\n&#13;<\/p>\n<p><strong class=cms-bold>Coronavirus <\/strong>&#8211; 432.000&#13;<br \/>\ndoses du vaccin AstraZeneca sont attendues \u00e0 Bucarest dans le courant de la&#13;<br \/>\njourn\u00e9e, soit la plus grande quantit\u00e9 livr\u00e9e \u00e0 la Roumanie jusqu&rsquo;ici. D&rsquo;ailleurs,&#13;<br \/>\nle pr\u00e9sident Klaus Iohannis avait annonc\u00e9 hier qu&rsquo;un nombre significatif de&#13;<br \/>\ndoses de vaccins anti-Covid seraient livr\u00e9es dans la p\u00e9riode \u00e0 venir, ce qui&#13;<br \/>\npermettrait d&rsquo;acc\u00e9l\u00e9rer la campagne nationale de vaccination. De son c\u00f4t\u00e9, le&#13;<br \/>\nministre de la D\u00e9fense Nicolae Ciuc\u0103 a&#13;<br \/>\nfait savoir que 15 nouveaux centres de vaccination seraient ouverts le lundi 5&#13;<br \/>\navril. Le taux d&rsquo;incidence le plus \u00e9lev\u00e9 du pays &#8211; 9,45 pour mille habitants &#8211; continue&#13;<br \/>\nd&rsquo;\u00eatre affich\u00e9 par le d\u00e9partement d&rsquo;Ilfov, qui entoure la capitale. Bucarest&#13;<br \/>\nd\u00e9passe de peu 7 personnes infect\u00e9es pour mille habitants et autres 12&#13;<br \/>\nd\u00e9partements enregistrent un taux d&rsquo;incidence moyen de 3 pour mille habitants. Le&#13;<br \/>\ntaux d&rsquo;incidence d\u00e9cide justement des restrictions de circulation appliqu\u00e9es&#13;<br \/>\ndans chaque commune. Actuellement, un couvre-feu est instaur\u00e9 dans tout le pays&#13;<br \/>\nentre 22h et 5h du matin. Dans les communes o\u00f9 le taux d&rsquo;incidence d\u00e9passe 4&#13;<br \/>\npour mille habitants, cette r\u00e8gle change de vendredi \u00e0 dimanche. Durant ces&#13;<br \/>\ntrois soirs-l\u00e0, le couvre-feu est impos\u00e9 de 20h \u00e0 5h du matin et les commerces doivent&#13;<br \/>\nfermer \u00e0 18h. Ces restrictions s&rsquo;\u00e9tendent \u00e0 toute la semaine l\u00e0 o\u00f9 le taux d&rsquo;incidence&#13;<br \/>\nd\u00e9passe 7,5 pour mille habitants. C&rsquo;est le cas, \u00e0 partir d&rsquo;aujourd&rsquo;hui,&#13;<br \/>\nde la ville de Cluj, du nord-ouest du pays. Les donn\u00e9es&#13;<br \/>\nofficielles de ce vendredi font \u00e9tat de 5.800 nouveaux cas de contamination au&#13;<br \/>\nSars-Cov-2. 1.454 malades sont en r\u00e9animation et 145 personnes sont d\u00e9c\u00e9d\u00e9es&#13;<br \/>\ndes suites de l&rsquo;infection dans les derni\u00e8res 24 heures.<\/p>\n<p>&#13;<br \/>\n&#13;<br \/>\n&#13;<br \/>\n&#13;<\/p>\n<p><\/p>\n<p>&#13;<br \/>\n&#13;<br \/>\n&#13;<br \/>\n&#13;<\/p>\n<p><strong class=cms-bold>Protestations <\/strong>&#8211; En&#13;<br \/>\nRoumanie, les manifestations contre les restrictions sanitaires impos\u00e9es par&#13;<br \/>\nles autorit\u00e9s perdent en intensit\u00e9. Les rassemblements ont continu\u00e9 hier soir,&#13;<br \/>\npour le cinqui\u00e8me soir cons\u00e9cutif, \u00e0 Bucarest et dans plusieurs grandes villes.&#13;<br \/>\nLes m\u00e9contentements des protestataires sont li\u00e9es avant tout aux horaires d&rsquo;ouverture&#13;<br \/>\ndes magasins, aux restrictions de circulation et \u00e0 l&rsquo;obligation de porter un&#13;<br \/>\nmasque en plein air. La position des autorit\u00e9s roumaines restent inchang\u00e9e : ces&#13;<br \/>\nmesures sont n\u00e9cessaires pour limiter l&rsquo;acc\u00e9l\u00e9ration de la propagation du&#13;<br \/>\ncoronavirus.<\/p>\n<p><\/p>\n<p>&#13;<br \/>\n&#13;<br \/>\n&#13;<br \/>\n&#13;<br \/>\n&#13;<br \/>\n&#13;<\/p>\n<p><strong class=cms-bold>Ecole <\/strong>&#8211; Les \u00e9l\u00e8ves&#13;<br \/>\nroumains sont en vacances \u00e0 partir d&rsquo;aujourd&rsquo;hui et jusqu&rsquo;\u00e0 4 mai, mais avec&#13;<br \/>\nquelques exceptions. Les \u00e9l\u00e8ves en fin de cursus scolaire auront seulement deux&#13;<br \/>\nsemaines de break &#8211; entre le 2 et le 11 avril pour P\u00e2ques catholique et entre&#13;<br \/>\nle 30 avril et le 9 mai pour P\u00e2ques orthodoxe. Entre ces deux semaines de&#13;<br \/>\npause, ceux-ci feront cours, mais en ligne. La prolongation des vacances de&#13;<br \/>\nprintemps a \u00e9t\u00e9 d\u00e9cid\u00e9e par le minist\u00e8re de l&rsquo;Education nationale pour limiter&#13;<br \/>\nla mobilit\u00e9 des personnes en cette p\u00e9riode de f\u00eates, mais a \u00e9t\u00e9 largement&#13;<br \/>\ncontest\u00e9e par les associations d&rsquo;\u00e9l\u00e8ves et de parents d&rsquo;\u00e9l\u00e8ves. <\/p>\n<p><\/p>\n<p>&#13;<br \/>\n&#13;<br \/>\n&#13;<br \/>\n&#13;<br \/>\n&#13;<br \/>\n&#13;<br \/>\n&#13;<br \/>\n&#13;<\/p>\n<p><strong class=cms-bold>P\u00e2ques <\/strong>&#8211; P\u00e2ques sera donc c\u00e9l\u00e9br\u00e9&#13;<br \/>\nce dimanche 4 avril par les croyants catholiques et protestants du monde entier&#13;<br \/>\net de Roumanie. C&rsquo;est la deuxi\u00e8me ann\u00e9e o\u00f9 le Pape Fran\u00e7ois pr\u00e9sidera des&#13;<br \/>\nc\u00e9l\u00e9brations en format r\u00e9duit en raison de la pand\u00e9mie de Covid-19. En ce vendredi&#13;<br \/>\n2 avril, le Chemin de Croix sera c\u00e9l\u00e9br\u00e9 sur le parvis de la basilique&#13;<br \/>\nSaint-Pierre, comme l&rsquo;an dernier, et non au Colis\u00e9e comme c&rsquo;\u00e9tait la tradition&#13;<br \/>\njusqu&rsquo;en 2019. En Roumanie, la circulation des personnes est autoris\u00e9e les 3 et&#13;<br \/>\n4 avril entre 20h et 2h du matin, pour se rendre aux lieux de culte. <\/p>\n<p><\/p>\n<p>&#13;<br \/>\n&#13;<br \/>\n&#13;<br \/>\n&#13;<\/p>\n<p><strong class=cms-bold>M\u00e9t\u00e9o <\/strong>&#8211; Le temps devient&#13;<br \/>\ninstable et se refroidit dans l&rsquo;ouest, le nord et le centre de la Roumanie, et se&#13;<br \/>\nmaintient chaud pour cette p\u00e9riode de l&rsquo;ann\u00e9e partout ailleurs. On attend des&#13;<br \/>\naverses orageuses sur le nord, le centre et l&rsquo;est du pays, avec des quantit\u00e9s d&rsquo;eau&#13;<br \/>\nqui pourront d\u00e9passer par endroits 15 \u00e0 20 l\/mc. Le vent soufflera fort, avec&#13;<br \/>\ndes vitesses entre 45 et 55km\/h sur la plupart des r\u00e9gions. Les temp\u00e9ratures&#13;<br \/>\nmaximales iront de 9 au 22\u00b0, avec 17\u00b0 \u00e0 midi \u00e0 Bucarest.<\/p>\n<p>&#13;<br \/>\n&#13;<br \/>\n&#13;<br \/>\n&#13;<br \/>\n&#13;<br \/>\n&#13;<br \/><\/p>\n","protected":false},"excerpt":{"rendered":"<p>&#13; &#13; Coronavirus &#8211; 432.000&#13; doses du vaccin AstraZeneca sont attendues \u00e0 Bucarest dans le courant de la&#13; journ\u00e9e, soit la plus grande quantit\u00e9 livr\u00e9e \u00e0 la Roumanie jusqu&rsquo;ici. D&rsquo;ailleurs,&#13; le pr\u00e9sident Klaus Iohannis avait annonc\u00e9 hier qu&rsquo;un nombre significatif de&#13; doses de vaccins anti-Covid seraient livr\u00e9es dans la p\u00e9riode \u00e0 venir, ce qui&#13; permettrait [&hellip;]<\/p>\n","protected":false},"author":113,"featured_media":391122,"comment_status":"closed","ping_status":"closed","sticky":false,"template":"","format":"standard","meta":{"_acf_changed":false,"footnotes":""},"categories":[89002],"tags":[92852,35953,85325,152768,85795,85835,85700,85229,91272],"coauthors":[],"class_list":["post-394965","post","type-post","status-publish","format-standard","has-post-thumbnail","hentry","category-le-flash","tag-anti-covid","tag-astrazeneca","tag-ecole","tag-education-fr","tag-manifestations","tag-paques","tag-protestations","tag-vacances","tag-vaccins"],"acf":[],"yoast_head":"<!-- This site is optimized with the Yoast SEO plugin v27.3 - https:\/\/yoast.com\/product\/yoast-seo-wordpress\/ -->\n<title>02.04.2021 - Radio Roumanie Internationale<\/title>\n<meta name=\"robots\" content=\"index, follow, max-snippet:-1, max-image-preview:large, max-video-preview:-1\" \/>\n<link rel=\"canonical\" href=\"https:\/\/www.rri.ro\/fr\/actualites\/le-flash\/02-04-2021-id394965.html\" \/>\n<meta property=\"og:locale\" content=\"fr_FR\" \/>\n<meta property=\"og:type\" content=\"article\" \/>\n<meta property=\"og:title\" content=\"02.04.2021 - Radio Roumanie Internationale\" \/>\n<meta property=\"og:description\" content=\"&#013; &#013; Coronavirus &#8211; 432.000&#013; doses du vaccin AstraZeneca sont attendues \u00e0 Bucarest dans le courant de la&#013; journ\u00e9e, soit la plus grande quantit\u00e9 livr\u00e9e \u00e0 la Roumanie jusqu&rsquo;ici. D&rsquo;ailleurs,&#013; le pr\u00e9sident Klaus Iohannis avait annonc\u00e9 hier qu&rsquo;un nombre significatif de&#013; doses de vaccins anti-Covid seraient livr\u00e9es dans la p\u00e9riode \u00e0 venir, ce qui&#013; permettrait [&hellip;]\" \/>\n<meta property=\"og:url\" content=\"https:\/\/www.rri.ro\/fr\/actualites\/le-flash\/02-04-2021-id394965.html\" \/>\n<meta property=\"og:site_name\" content=\"Radio Roumanie Internationale\" \/>\n<meta property=\"article:published_time\" content=\"2021-04-02T10:50:00+00:00\" \/>\n<meta property=\"og:image\" content=\"https:\/\/www.rri.ro\/wp-content\/uploads\/2023\/10\/stiri-franceza-ok2.png\" \/>\n\t<meta property=\"og:image:width\" content=\"420\" \/>\n\t<meta property=\"og:image:height\" content=\"280\" \/>\n\t<meta property=\"og:image:type\" content=\"image\/png\" \/>\n<meta name=\"author\" content=\"Newsroom\" \/>\n<meta name=\"twitter:card\" content=\"summary_large_image\" \/>\n<meta name=\"twitter:label1\" content=\"\u00c9crit par\" \/>\n\t<meta name=\"twitter:data1\" content=\"Newsroom\" \/>\n\t<meta name=\"twitter:label2\" content=\"Dur\u00e9e de lecture estim\u00e9e\" \/>\n\t<meta name=\"twitter:data2\" content=\"3 minutes\" \/>\n\t<meta name=\"twitter:label3\" content=\"Written by\" \/>\n\t<meta name=\"twitter:data3\" content=\"Newsroom\" \/>\n<script type=\"application\/ld+json\" class=\"yoast-schema-graph\">{\"@context\":\"https:\\\/\\\/schema.org\",\"@graph\":[{\"@type\":\"Article\",\"@id\":\"https:\\\/\\\/www.rri.ro\\\/fr\\\/actualites\\\/le-flash\\\/02-04-2021-id394965.html#article\",\"isPartOf\":{\"@id\":\"https:\\\/\\\/www.rri.ro\\\/fr\\\/actualites\\\/le-flash\\\/02-04-2021-id394965.html\"},\"author\":{\"name\":\"Newsroom\",\"@id\":\"https:\\\/\\\/www.rri.ro\\\/#\\\/schema\\\/person\\\/4a479940371b9fdefd194f561e8a7f88\"},\"headline\":\"02.04.2021\",\"datePublished\":\"2021-04-02T10:50:00+00:00\",\"mainEntityOfPage\":{\"@id\":\"https:\\\/\\\/www.rri.ro\\\/fr\\\/actualites\\\/le-flash\\\/02-04-2021-id394965.html\"},\"wordCount\":704,\"image\":{\"@id\":\"https:\\\/\\\/www.rri.ro\\\/fr\\\/actualites\\\/le-flash\\\/02-04-2021-id394965.html#primaryimage\"},\"thumbnailUrl\":\"https:\\\/\\\/www.rri.ro\\\/wp-content\\\/uploads\\\/2023\\\/10\\\/stiri-franceza-ok2.png\",\"keywords\":[\"anti-Covid\",\"Astrazeneca\",\"\u00e9cole\",\"education\",\"manifestations\",\"P\u00e2ques\",\"protestations\",\"vacances\",\"vaccins\"],\"articleSection\":[\"Le flash\"],\"inLanguage\":\"fr-FR\"},{\"@type\":\"WebPage\",\"@id\":\"https:\\\/\\\/www.rri.ro\\\/fr\\\/actualites\\\/le-flash\\\/02-04-2021-id394965.html\",\"url\":\"https:\\\/\\\/www.rri.ro\\\/fr\\\/actualites\\\/le-flash\\\/02-04-2021-id394965.html\",\"name\":\"02.04.2021 - Radio Roumanie Internationale\",\"isPartOf\":{\"@id\":\"https:\\\/\\\/www.rri.ro\\\/#website\"},\"primaryImageOfPage\":{\"@id\":\"https:\\\/\\\/www.rri.ro\\\/fr\\\/actualites\\\/le-flash\\\/02-04-2021-id394965.html#primaryimage\"},\"image\":{\"@id\":\"https:\\\/\\\/www.rri.ro\\\/fr\\\/actualites\\\/le-flash\\\/02-04-2021-id394965.html#primaryimage\"},\"thumbnailUrl\":\"https:\\\/\\\/www.rri.ro\\\/wp-content\\\/uploads\\\/2023\\\/10\\\/stiri-franceza-ok2.png\",\"datePublished\":\"2021-04-02T10:50:00+00:00\",\"author\":{\"@id\":\"https:\\\/\\\/www.rri.ro\\\/#\\\/schema\\\/person\\\/4a479940371b9fdefd194f561e8a7f88\"},\"breadcrumb\":{\"@id\":\"https:\\\/\\\/www.rri.ro\\\/fr\\\/actualites\\\/le-flash\\\/02-04-2021-id394965.html#breadcrumb\"},\"inLanguage\":\"fr-FR\",\"potentialAction\":[{\"@type\":\"ReadAction\",\"target\":[\"https:\\\/\\\/www.rri.ro\\\/fr\\\/actualites\\\/le-flash\\\/02-04-2021-id394965.html\"]}]},{\"@type\":\"ImageObject\",\"inLanguage\":\"fr-FR\",\"@id\":\"https:\\\/\\\/www.rri.ro\\\/fr\\\/actualites\\\/le-flash\\\/02-04-2021-id394965.html#primaryimage\",\"url\":\"https:\\\/\\\/www.rri.ro\\\/wp-content\\\/uploads\\\/2023\\\/10\\\/stiri-franceza-ok2.png\",\"contentUrl\":\"https:\\\/\\\/www.rri.ro\\\/wp-content\\\/uploads\\\/2023\\\/10\\\/stiri-franceza-ok2.png\",\"width\":420,\"height\":280},{\"@type\":\"BreadcrumbList\",\"@id\":\"https:\\\/\\\/www.rri.ro\\\/fr\\\/actualites\\\/le-flash\\\/02-04-2021-id394965.html#breadcrumb\",\"itemListElement\":[{\"@type\":\"ListItem\",\"position\":1,\"name\":\"Page d'accueil\",\"item\":\"https:\\\/\\\/www.rri.ro\\\/fr\"},{\"@type\":\"ListItem\",\"position\":2,\"name\":\"Actualit\u00e9s\",\"item\":\"https:\\\/\\\/www.rri.ro\\\/fr\\\/actualites\"},{\"@type\":\"ListItem\",\"position\":3,\"name\":\"Le flash\",\"item\":\"https:\\\/\\\/www.rri.ro\\\/fr\\\/actualites\\\/le-flash\"},{\"@type\":\"ListItem\",\"position\":4,\"name\":\"02.04.2021\"}]},{\"@type\":\"WebSite\",\"@id\":\"https:\\\/\\\/www.rri.ro\\\/#website\",\"url\":\"https:\\\/\\\/www.rri.ro\\\/\",\"name\":\"Radio Roumanie Internationale\",\"description\":\"Totul despre Rom\u00e2nia \u015fi rom\u00e2ni, \u00een 13 limbi\\\/dialecte!\",\"inLanguage\":\"fr-FR\"},{\"@type\":\"Person\",\"@id\":\"https:\\\/\\\/www.rri.ro\\\/#\\\/schema\\\/person\\\/4a479940371b9fdefd194f561e8a7f88\",\"name\":\"Newsroom\",\"url\":\"https:\\\/\\\/www.rri.ro\\\/fr\\\/author\\\/newsroom\"}]}<\/script>\n<!-- \/ Yoast SEO plugin. -->","yoast_head_json":{"title":"02.04.2021 - Radio Roumanie Internationale","robots":{"index":"index","follow":"follow","max-snippet":"max-snippet:-1","max-image-preview":"max-image-preview:large","max-video-preview":"max-video-preview:-1"},"canonical":"https:\/\/www.rri.ro\/fr\/actualites\/le-flash\/02-04-2021-id394965.html","og_locale":"fr_FR","og_type":"article","og_title":"02.04.2021 - Radio Roumanie Internationale","og_description":"&#13; &#13; Coronavirus &#8211; 432.000&#13; doses du vaccin AstraZeneca sont attendues \u00e0 Bucarest dans le courant de la&#13; journ\u00e9e, soit la plus grande quantit\u00e9 livr\u00e9e \u00e0 la Roumanie jusqu&rsquo;ici. D&rsquo;ailleurs,&#13; le pr\u00e9sident Klaus Iohannis avait annonc\u00e9 hier qu&rsquo;un nombre significatif de&#13; doses de vaccins anti-Covid seraient livr\u00e9es dans la p\u00e9riode \u00e0 venir, ce qui&#13; permettrait [&hellip;]","og_url":"https:\/\/www.rri.ro\/fr\/actualites\/le-flash\/02-04-2021-id394965.html","og_site_name":"Radio Roumanie Internationale","article_published_time":"2021-04-02T10:50:00+00:00","og_image":[{"width":420,"height":280,"url":"https:\/\/www.rri.ro\/wp-content\/uploads\/2023\/10\/stiri-franceza-ok2.png","type":"image\/png"}],"author":"Newsroom","twitter_card":"summary_large_image","twitter_misc":{"\u00c9crit par":"Newsroom","Dur\u00e9e de lecture estim\u00e9e":"3 minutes","Written by":"Newsroom"},"schema":{"@context":"https:\/\/schema.org","@graph":[{"@type":"Article","@id":"https:\/\/www.rri.ro\/fr\/actualites\/le-flash\/02-04-2021-id394965.html#article","isPartOf":{"@id":"https:\/\/www.rri.ro\/fr\/actualites\/le-flash\/02-04-2021-id394965.html"},"author":{"name":"Newsroom","@id":"https:\/\/www.rri.ro\/#\/schema\/person\/4a479940371b9fdefd194f561e8a7f88"},"headline":"02.04.2021","datePublished":"2021-04-02T10:50:00+00:00","mainEntityOfPage":{"@id":"https:\/\/www.rri.ro\/fr\/actualites\/le-flash\/02-04-2021-id394965.html"},"wordCount":704,"image":{"@id":"https:\/\/www.rri.ro\/fr\/actualites\/le-flash\/02-04-2021-id394965.html#primaryimage"},"thumbnailUrl":"https:\/\/www.rri.ro\/wp-content\/uploads\/2023\/10\/stiri-franceza-ok2.png","keywords":["anti-Covid","Astrazeneca","\u00e9cole","education","manifestations","P\u00e2ques","protestations","vacances","vaccins"],"articleSection":["Le flash"],"inLanguage":"fr-FR"},{"@type":"WebPage","@id":"https:\/\/www.rri.ro\/fr\/actualites\/le-flash\/02-04-2021-id394965.html","url":"https:\/\/www.rri.ro\/fr\/actualites\/le-flash\/02-04-2021-id394965.html","name":"02.04.2021 - Radio Roumanie Internationale","isPartOf":{"@id":"https:\/\/www.rri.ro\/#website"},"primaryImageOfPage":{"@id":"https:\/\/www.rri.ro\/fr\/actualites\/le-flash\/02-04-2021-id394965.html#primaryimage"},"image":{"@id":"https:\/\/www.rri.ro\/fr\/actualites\/le-flash\/02-04-2021-id394965.html#primaryimage"},"thumbnailUrl":"https:\/\/www.rri.ro\/wp-content\/uploads\/2023\/10\/stiri-franceza-ok2.png","datePublished":"2021-04-02T10:50:00+00:00","author":{"@id":"https:\/\/www.rri.ro\/#\/schema\/person\/4a479940371b9fdefd194f561e8a7f88"},"breadcrumb":{"@id":"https:\/\/www.rri.ro\/fr\/actualites\/le-flash\/02-04-2021-id394965.html#breadcrumb"},"inLanguage":"fr-FR","potentialAction":[{"@type":"ReadAction","target":["https:\/\/www.rri.ro\/fr\/actualites\/le-flash\/02-04-2021-id394965.html"]}]},{"@type":"ImageObject","inLanguage":"fr-FR","@id":"https:\/\/www.rri.ro\/fr\/actualites\/le-flash\/02-04-2021-id394965.html#primaryimage","url":"https:\/\/www.rri.ro\/wp-content\/uploads\/2023\/10\/stiri-franceza-ok2.png","contentUrl":"https:\/\/www.rri.ro\/wp-content\/uploads\/2023\/10\/stiri-franceza-ok2.png","width":420,"height":280},{"@type":"BreadcrumbList","@id":"https:\/\/www.rri.ro\/fr\/actualites\/le-flash\/02-04-2021-id394965.html#breadcrumb","itemListElement":[{"@type":"ListItem","position":1,"name":"Page d'accueil","item":"https:\/\/www.rri.ro\/fr"},{"@type":"ListItem","position":2,"name":"Actualit\u00e9s","item":"https:\/\/www.rri.ro\/fr\/actualites"},{"@type":"ListItem","position":3,"name":"Le flash","item":"https:\/\/www.rri.ro\/fr\/actualites\/le-flash"},{"@type":"ListItem","position":4,"name":"02.04.2021"}]},{"@type":"WebSite","@id":"https:\/\/www.rri.ro\/#website","url":"https:\/\/www.rri.ro\/","name":"Radio Roumanie Internationale","description":"Totul despre Rom\u00e2nia \u015fi rom\u00e2ni, \u00een 13 limbi\/dialecte!","inLanguage":"fr-FR"},{"@type":"Person","@id":"https:\/\/www.rri.ro\/#\/schema\/person\/4a479940371b9fdefd194f561e8a7f88","name":"Newsroom","url":"https:\/\/www.rri.ro\/fr\/author\/newsroom"}]}},"_links":{"self":[{"href":"https:\/\/www.rri.ro\/fr\/wp-json\/wp\/v2\/posts\/394965","targetHints":{"allow":["GET"]}}],"collection":[{"href":"https:\/\/www.rri.ro\/fr\/wp-json\/wp\/v2\/posts"}],"about":[{"href":"https:\/\/www.rri.ro\/fr\/wp-json\/wp\/v2\/types\/post"}],"author":[{"embeddable":true,"href":"https:\/\/www.rri.ro\/fr\/wp-json\/wp\/v2\/users\/113"}],"replies":[{"embeddable":true,"href":"https:\/\/www.rri.ro\/fr\/wp-json\/wp\/v2\/comments?post=394965"}],"version-history":[{"count":0,"href":"https:\/\/www.rri.ro\/fr\/wp-json\/wp\/v2\/posts\/394965\/revisions"}],"wp:featuredmedia":[{"embeddable":true,"href":"https:\/\/www.rri.ro\/fr\/wp-json\/wp\/v2\/media\/391122"}],"wp:attachment":[{"href":"https:\/\/www.rri.ro\/fr\/wp-json\/wp\/v2\/media?parent=394965"}],"wp:term":[{"taxonomy":"category","embeddable":true,"href":"https:\/\/www.rri.ro\/fr\/wp-json\/wp\/v2\/categories?post=394965"},{"taxonomy":"post_tag","embeddable":true,"href":"https:\/\/www.rri.ro\/fr\/wp-json\/wp\/v2\/tags?post=394965"},{"taxonomy":"author","embeddable":true,"href":"https:\/\/www.rri.ro\/fr\/wp-json\/wp\/v2\/coauthors?post=394965"}],"curies":[{"name":"wp","href":"https:\/\/api.w.org\/{rel}","templated":true}]}}