{"id":395066,"date":"2021-05-22T18:56:00","date_gmt":"2021-05-22T15:56:00","guid":{"rendered":"http:\/\/devrri.freshlemon.ro\/le-roumain-mot-a-mot\/consulter-les-lecons\/22-05-2021-mise-a-jour-id395066.html"},"modified":"2021-05-22T18:56:00","modified_gmt":"2021-05-22T15:56:00","slug":"22-05-2021-mise-a-jour","status":"publish","type":"post","link":"https:\/\/www.rri.ro\/fr\/actualites\/le-flash\/22-05-2021-mise-a-jour-id395066.html","title":{"rendered":"22.05.2021 (mise \u00e0 jour)"},"content":{"rendered":"<p><strong class=cms-bold>Coronavirus en Roumanie &#8211;<\/strong> Le nombre des nouveaux cas de Covid 19 en Roumanie, annonc\u00e9 aujourd&rsquo;hui, est toujours \u00e0 la baisse par rapport au jour pr\u00e9c\u00e9dent. 455 personnes ont \u00e9t\u00e9 d\u00e9pist\u00e9es positives \u00e0 l&rsquo;infection au SARS CoV 2 sur quelque 28 mille tests effectu\u00e9s. Moins de 3 700 malades infect\u00e9s au Covid 19 sont hospitalis\u00e9s, dont 623 en r\u00e9animation. 59 d\u00e9c\u00e8s des suites de la maladie ont \u00e9galement \u00e9t\u00e9 enregistr\u00e9s.  Parall\u00e8lement, la campagne de vaccination se poursuit en force. Plusieurs \u00ab marathons \u00bb de la vaccination se d\u00e9roulent en cette fin de semaine aussi, dans diff\u00e9rentes villes du pays. Plusieurs centres d&rsquo;immunisation au volant ont \u00e9galement \u00e9t\u00e9 ouverts. Depuis le d\u00e9but de la campagne \u00e0 la fin d\u00e9cembre de l&rsquo;ann\u00e9e derni\u00e8re, pr\u00e8s de 7,3 millions de doses de vaccin ont \u00e9t\u00e9 administr\u00e9es \u00e0 plus de 4 millions de personnes, dont plus de 3,1 millions ont \u00e9galement re\u00e7u la deuxi\u00e8me dose.<\/p>\n<p><strong class=cms-bold>Coronavirus en Europe &#8211; <\/strong>L&rsquo;Espagne rouvre les fronti\u00e8res pour tous les voyageurs des pays jug\u00e9s s\u00fbrs, dont le Royaume-Uni, l&rsquo;Australie, Chine, Isra\u00ebl et Japon, sans aucune condition, ni restriction sanitaire impos\u00e9 par la pand\u00e9mie de Covid 19, selon le correspondent de la radio publique roumaine \u00e0 Madrid.  A partir du 7 juin, toutes les personnes vaccin\u00e9es sont \u00e9galement les bienvenues dans le Royaume-Uni, si elles poss\u00e8dent un certificat de vaccination au sch\u00e9ma complet pr\u00e9vu par l&rsquo;Agence europ\u00e9enne du m\u00e9dicament ou par l&rsquo;OMS. L&rsquo;Autriche a \u00e9galement revisit\u00e9 les conditions d&rsquo;entr\u00e9e sur son territoire, les nouvelles mesures s&rsquo;appliquant \u00e0 partir du 30 juin. Les voyageurs qui  y arrivent en provenance d&rsquo;Etats pour lesquels aucune alerte de voyage n&rsquo;a \u00e9t\u00e9 \u00e9mise, y compris la Roumanie, sont except\u00e9es de la mesure de l&rsquo;auto-isolement. L&rsquo;entr\u00e9e en Autriche est permise en vertu du certificat de vaccination contre la Covid 19, du r\u00e9sultat n\u00e9gatif d&rsquo;un test de d\u00e9pistage de l&rsquo;infection au SARS CoV 2 ou d&rsquo;un certificat m\u00e9dical cens\u00e9 attester une infection au nouveau coronavirus ou la pr\u00e9sence des anticorps, vieille de 3 mois tout au plus. Les enfants de moins de 10 ans sont except\u00e9s de l&rsquo;obligation d&rsquo;\u00eatre soumis \u00e0 un test de d\u00e9pistage. <\/p>\n<p><strong class=cms-bold>Elections &#8211;<\/strong> Coup d&rsquo;envoi de la campagne \u00e9lectorale pour les \u00e9lections parlementaires anticip\u00e9es en R\u00e9publique de Moldova, pr\u00e9vues le 11 juillet. Selon les analystes politiques, l&rsquo;affrontement devrait s&rsquo;av\u00e9rer dure entre les formations pro-europ\u00e9ennes et celles pro-russes. Le Parti Action et S\u00e9curit\u00e9, fond\u00e9  par la pr\u00e9sidente pro-europ\u00e9enne de la R\u00e9publique Maia Sandu a promis de d\u00e9rouler une campagne \u00e9lectorale correcte et propre afin de conqu\u00e9rir la confiance des citoyens. Le principal contre-candidat des forces pro-europ\u00e9ennes est le Parti des Socialistes, de l&rsquo;ex pr\u00e9sident pro-russe Igor Dodon, qui constitue un bloc \u00e9lectoral avec les communistes de Vladimir Voronin, lui-aussi ancien chef de l&rsquo;Etat des ann\u00e9es 2001 &#8211; 2009. Le parti du maire de la ville de Balti, Renato Usat\u00eei pourrait \u00e9galement acc\u00e9der au L\u00e9gislatif. <\/p>\n<p><strong class=cms-bold>P\u00e8lerinage &#8211;<\/strong> Des milliers de personnes ont particip\u00e9 samedi dans le centre de la Roumanie \u00e0 \u015eumuleu Ciuc, au traditionnel p\u00e8lerinage d\u00e9roul\u00e9 \u00e0 l&rsquo;occasion de la Pentec\u00f4te catholique. Les organisateurs ont adopt\u00e9 une multitude de mesures pour que l&rsquo;\u00e9v\u00e9nement se d\u00e9roule en toute s\u00e9curit\u00e9, dans le conteste de la pand\u00e9mie de Covid 19. Des centaines de volontaires ont \u00e9t\u00e9 mobilis\u00e9s d&rsquo;autres centaines de gendarmes, policiers, pompiers, secouristes et m\u00e9decins urgentistes ont \u00e9galement \u00e9t\u00e9 d\u00e9ploy\u00e9s. L&rsquo;ann\u00e9e derni\u00e8re le p\u00e8lerinage d\u00e9roul\u00e9 sur le mont \u015eumuleu qui r\u00e9unissait chaque ann\u00e9e plus de 100 mille personnes venues de tous les coins du monde ne s&rsquo;est plus d\u00e9roul\u00e9 \u00e0 cause de la pand\u00e9mie de Covid 19. L&rsquo;ordre des franciscains, organisateur de l&rsquo;\u00e9v\u00e9nement a pri\u00e9 les p\u00e8lerins \u00e0 participer \u00e0 la procession uniquement avec leur \u00e2me. En 2019, le 1er juin, le Pape Fran\u00e7ois s&rsquo;\u00e9tait rendu \u00e0 \u015eumuleu Ciuc pour tenir une messe consacr\u00e9e \u00e0 la Vierge. Le p\u00e8lerinage \u00e0 \u015eumuleu Ciuc a une histoire de plus de 450 ans.  <\/p>\n<p><strong class=cms-bold>Affaires \u00e9conomiques et financi\u00e8res &#8211;<\/strong> Le ministre roumain des Finances, Alexandru Nazare a particip\u00e9 \u00e0 Lisbonne \u00e0 la premi\u00e8re r\u00e9union en pr\u00e9sentiel de cette ann\u00e9e du Conseil des affaires \u00e9conomiques et financi\u00e8res (ECOFIN). Il a annonc\u00e9 sur Facebook que samedi il avait rencontr\u00e9 plusieurs responsables europ\u00e9ens dont les commissaires Valdis Dombrovskis et Paolo Gentiloni, ses homologues de Gr\u00e8ce, Espagne, Irlande et Italie, pour \u00e9voquer l&rsquo;\u00e9volution des \u00e9conomies europ\u00e9ennes dans le contexte de la pand\u00e9mie et de la mise en \u0153uvre du M\u00e9canisme europ\u00e9en de relance et de r\u00e9silience. Conform\u00e9ment au ministre roumain, les travaux d&rsquo;Ecofin ont d\u00e9marr\u00e9 vendredi par des d\u00e9bats li\u00e9s \u00e0 la structure des politiques \u00e9conomiques et fiscales cens\u00e9es favoriser un redressement rapide des \u00e9conomies europ\u00e9ennes apr\u00e8s la crise g\u00e9n\u00e9r\u00e9e par la pand\u00e9mie de Covid 19. <\/p>\n<p><strong class=cms-bold>M\u00e9t\u00e9o &#8211; <\/strong>Temp\u00e9ratures \u00e0 la hausse sur la vaste majorit\u00e9 des r\u00e9gions. Des pluies et des orages sont possibles sur le nord, le nord-ouest et en montagne. Les maxima iront de 20 \u00e0 28 degr\u00e9s.<\/p>\n","protected":false},"excerpt":{"rendered":"<p>Coronavirus en Roumanie &#8211; Le nombre des nouveaux cas de Covid 19 en Roumanie, annonc\u00e9 aujourd&rsquo;hui, est toujours \u00e0 la baisse par rapport au jour pr\u00e9c\u00e9dent. 455 personnes ont \u00e9t\u00e9 d\u00e9pist\u00e9es positives \u00e0 l&rsquo;infection au SARS CoV 2 sur quelque 28 mille tests effectu\u00e9s. Moins de 3 700 malades infect\u00e9s au Covid 19 sont hospitalis\u00e9s, [&hellip;]<\/p>\n","protected":false},"author":113,"featured_media":391122,"comment_status":"closed","ping_status":"closed","sticky":false,"template":"","format":"standard","meta":{"_acf_changed":false,"footnotes":""},"categories":[89002],"tags":[35339,92591,144283,132394,147064,47026,87435,88039,86066,86216,144399],"coauthors":[],"class_list":["post-395066","post","type-post","status-publish","format-standard","has-post-thumbnail","hentry","category-le-flash","tag-coronavirus","tag-depistage","tag-economie-fr","tag-elections-fr","tag-meteo-fr","tag-pandemie","tag-pelerinage","tag-relance","tag-sante","tag-tourisme","tag-voyage-fr"],"acf":[],"yoast_head":"<!-- This site is optimized with the Yoast SEO plugin v27.3 - https:\/\/yoast.com\/product\/yoast-seo-wordpress\/ -->\n<title>22.05.2021 (mise \u00e0 jour) - Radio Roumanie Internationale<\/title>\n<meta name=\"robots\" content=\"index, follow, max-snippet:-1, max-image-preview:large, max-video-preview:-1\" \/>\n<link rel=\"canonical\" href=\"https:\/\/www.rri.ro\/fr\/actualites\/le-flash\/22-05-2021-mise-a-jour-id395066.html\" \/>\n<meta property=\"og:locale\" content=\"fr_FR\" \/>\n<meta property=\"og:type\" content=\"article\" \/>\n<meta property=\"og:title\" content=\"22.05.2021 (mise \u00e0 jour) - Radio Roumanie Internationale\" \/>\n<meta property=\"og:description\" content=\"Coronavirus en Roumanie &#8211; Le nombre des nouveaux cas de Covid 19 en Roumanie, annonc\u00e9 aujourd&rsquo;hui, est toujours \u00e0 la baisse par rapport au jour pr\u00e9c\u00e9dent. 455 personnes ont \u00e9t\u00e9 d\u00e9pist\u00e9es positives \u00e0 l&rsquo;infection au SARS CoV 2 sur quelque 28 mille tests effectu\u00e9s. Moins de 3 700 malades infect\u00e9s au Covid 19 sont hospitalis\u00e9s, [&hellip;]\" \/>\n<meta property=\"og:url\" content=\"https:\/\/www.rri.ro\/fr\/actualites\/le-flash\/22-05-2021-mise-a-jour-id395066.html\" \/>\n<meta property=\"og:site_name\" content=\"Radio Roumanie Internationale\" \/>\n<meta property=\"article:published_time\" content=\"2021-05-22T15:56:00+00:00\" \/>\n<meta property=\"og:image\" content=\"https:\/\/www.rri.ro\/wp-content\/uploads\/2023\/10\/stiri-franceza-ok2.png\" \/>\n\t<meta property=\"og:image:width\" content=\"420\" \/>\n\t<meta property=\"og:image:height\" content=\"280\" \/>\n\t<meta property=\"og:image:type\" content=\"image\/png\" \/>\n<meta name=\"author\" content=\"Newsroom\" \/>\n<meta name=\"twitter:card\" content=\"summary_large_image\" \/>\n<meta name=\"twitter:label1\" content=\"\u00c9crit par\" \/>\n\t<meta name=\"twitter:data1\" content=\"Newsroom\" \/>\n\t<meta name=\"twitter:label2\" content=\"Dur\u00e9e de lecture estim\u00e9e\" \/>\n\t<meta name=\"twitter:data2\" content=\"4 minutes\" \/>\n\t<meta name=\"twitter:label3\" content=\"Written by\" \/>\n\t<meta name=\"twitter:data3\" content=\"Newsroom\" \/>\n<script type=\"application\/ld+json\" class=\"yoast-schema-graph\">{\"@context\":\"https:\\\/\\\/schema.org\",\"@graph\":[{\"@type\":\"Article\",\"@id\":\"https:\\\/\\\/www.rri.ro\\\/fr\\\/actualites\\\/le-flash\\\/22-05-2021-mise-a-jour-id395066.html#article\",\"isPartOf\":{\"@id\":\"https:\\\/\\\/www.rri.ro\\\/fr\\\/actualites\\\/le-flash\\\/22-05-2021-mise-a-jour-id395066.html\"},\"author\":{\"name\":\"Newsroom\",\"@id\":\"https:\\\/\\\/www.rri.ro\\\/#\\\/schema\\\/person\\\/4a479940371b9fdefd194f561e8a7f88\"},\"headline\":\"22.05.2021 (mise \u00e0 jour)\",\"datePublished\":\"2021-05-22T15:56:00+00:00\",\"mainEntityOfPage\":{\"@id\":\"https:\\\/\\\/www.rri.ro\\\/fr\\\/actualites\\\/le-flash\\\/22-05-2021-mise-a-jour-id395066.html\"},\"wordCount\":896,\"image\":{\"@id\":\"https:\\\/\\\/www.rri.ro\\\/fr\\\/actualites\\\/le-flash\\\/22-05-2021-mise-a-jour-id395066.html#primaryimage\"},\"thumbnailUrl\":\"https:\\\/\\\/www.rri.ro\\\/wp-content\\\/uploads\\\/2023\\\/10\\\/stiri-franceza-ok2.png\",\"keywords\":[\"coronavirus\",\"d\u00e9pistage\",\"economie\",\"elections\",\"meteo\",\"pandemie\",\"p\u00e8lerinage\",\"relance\",\"sant\u00e9\",\"tourisme\",\"Voyage\"],\"articleSection\":[\"Le flash\"],\"inLanguage\":\"fr-FR\"},{\"@type\":\"WebPage\",\"@id\":\"https:\\\/\\\/www.rri.ro\\\/fr\\\/actualites\\\/le-flash\\\/22-05-2021-mise-a-jour-id395066.html\",\"url\":\"https:\\\/\\\/www.rri.ro\\\/fr\\\/actualites\\\/le-flash\\\/22-05-2021-mise-a-jour-id395066.html\",\"name\":\"22.05.2021 (mise \u00e0 jour) - Radio Roumanie Internationale\",\"isPartOf\":{\"@id\":\"https:\\\/\\\/www.rri.ro\\\/#website\"},\"primaryImageOfPage\":{\"@id\":\"https:\\\/\\\/www.rri.ro\\\/fr\\\/actualites\\\/le-flash\\\/22-05-2021-mise-a-jour-id395066.html#primaryimage\"},\"image\":{\"@id\":\"https:\\\/\\\/www.rri.ro\\\/fr\\\/actualites\\\/le-flash\\\/22-05-2021-mise-a-jour-id395066.html#primaryimage\"},\"thumbnailUrl\":\"https:\\\/\\\/www.rri.ro\\\/wp-content\\\/uploads\\\/2023\\\/10\\\/stiri-franceza-ok2.png\",\"datePublished\":\"2021-05-22T15:56:00+00:00\",\"author\":{\"@id\":\"https:\\\/\\\/www.rri.ro\\\/#\\\/schema\\\/person\\\/4a479940371b9fdefd194f561e8a7f88\"},\"breadcrumb\":{\"@id\":\"https:\\\/\\\/www.rri.ro\\\/fr\\\/actualites\\\/le-flash\\\/22-05-2021-mise-a-jour-id395066.html#breadcrumb\"},\"inLanguage\":\"fr-FR\",\"potentialAction\":[{\"@type\":\"ReadAction\",\"target\":[\"https:\\\/\\\/www.rri.ro\\\/fr\\\/actualites\\\/le-flash\\\/22-05-2021-mise-a-jour-id395066.html\"]}]},{\"@type\":\"ImageObject\",\"inLanguage\":\"fr-FR\",\"@id\":\"https:\\\/\\\/www.rri.ro\\\/fr\\\/actualites\\\/le-flash\\\/22-05-2021-mise-a-jour-id395066.html#primaryimage\",\"url\":\"https:\\\/\\\/www.rri.ro\\\/wp-content\\\/uploads\\\/2023\\\/10\\\/stiri-franceza-ok2.png\",\"contentUrl\":\"https:\\\/\\\/www.rri.ro\\\/wp-content\\\/uploads\\\/2023\\\/10\\\/stiri-franceza-ok2.png\",\"width\":420,\"height\":280},{\"@type\":\"BreadcrumbList\",\"@id\":\"https:\\\/\\\/www.rri.ro\\\/fr\\\/actualites\\\/le-flash\\\/22-05-2021-mise-a-jour-id395066.html#breadcrumb\",\"itemListElement\":[{\"@type\":\"ListItem\",\"position\":1,\"name\":\"Page d'accueil\",\"item\":\"https:\\\/\\\/www.rri.ro\\\/fr\"},{\"@type\":\"ListItem\",\"position\":2,\"name\":\"Actualit\u00e9s\",\"item\":\"https:\\\/\\\/www.rri.ro\\\/fr\\\/actualites\"},{\"@type\":\"ListItem\",\"position\":3,\"name\":\"Le flash\",\"item\":\"https:\\\/\\\/www.rri.ro\\\/fr\\\/actualites\\\/le-flash\"},{\"@type\":\"ListItem\",\"position\":4,\"name\":\"22.05.2021 (mise \u00e0 jour)\"}]},{\"@type\":\"WebSite\",\"@id\":\"https:\\\/\\\/www.rri.ro\\\/#website\",\"url\":\"https:\\\/\\\/www.rri.ro\\\/\",\"name\":\"Radio Roumanie Internationale\",\"description\":\"Totul despre Rom\u00e2nia \u015fi rom\u00e2ni, \u00een 13 limbi\\\/dialecte!\",\"inLanguage\":\"fr-FR\"},{\"@type\":\"Person\",\"@id\":\"https:\\\/\\\/www.rri.ro\\\/#\\\/schema\\\/person\\\/4a479940371b9fdefd194f561e8a7f88\",\"name\":\"Newsroom\",\"url\":\"https:\\\/\\\/www.rri.ro\\\/fr\\\/author\\\/newsroom\"}]}<\/script>\n<!-- \/ Yoast SEO plugin. -->","yoast_head_json":{"title":"22.05.2021 (mise \u00e0 jour) - Radio Roumanie Internationale","robots":{"index":"index","follow":"follow","max-snippet":"max-snippet:-1","max-image-preview":"max-image-preview:large","max-video-preview":"max-video-preview:-1"},"canonical":"https:\/\/www.rri.ro\/fr\/actualites\/le-flash\/22-05-2021-mise-a-jour-id395066.html","og_locale":"fr_FR","og_type":"article","og_title":"22.05.2021 (mise \u00e0 jour) - Radio Roumanie Internationale","og_description":"Coronavirus en Roumanie &#8211; Le nombre des nouveaux cas de Covid 19 en Roumanie, annonc\u00e9 aujourd&rsquo;hui, est toujours \u00e0 la baisse par rapport au jour pr\u00e9c\u00e9dent. 455 personnes ont \u00e9t\u00e9 d\u00e9pist\u00e9es positives \u00e0 l&rsquo;infection au SARS CoV 2 sur quelque 28 mille tests effectu\u00e9s. Moins de 3 700 malades infect\u00e9s au Covid 19 sont hospitalis\u00e9s, [&hellip;]","og_url":"https:\/\/www.rri.ro\/fr\/actualites\/le-flash\/22-05-2021-mise-a-jour-id395066.html","og_site_name":"Radio Roumanie Internationale","article_published_time":"2021-05-22T15:56:00+00:00","og_image":[{"width":420,"height":280,"url":"https:\/\/www.rri.ro\/wp-content\/uploads\/2023\/10\/stiri-franceza-ok2.png","type":"image\/png"}],"author":"Newsroom","twitter_card":"summary_large_image","twitter_misc":{"\u00c9crit par":"Newsroom","Dur\u00e9e de lecture estim\u00e9e":"4 minutes","Written by":"Newsroom"},"schema":{"@context":"https:\/\/schema.org","@graph":[{"@type":"Article","@id":"https:\/\/www.rri.ro\/fr\/actualites\/le-flash\/22-05-2021-mise-a-jour-id395066.html#article","isPartOf":{"@id":"https:\/\/www.rri.ro\/fr\/actualites\/le-flash\/22-05-2021-mise-a-jour-id395066.html"},"author":{"name":"Newsroom","@id":"https:\/\/www.rri.ro\/#\/schema\/person\/4a479940371b9fdefd194f561e8a7f88"},"headline":"22.05.2021 (mise \u00e0 jour)","datePublished":"2021-05-22T15:56:00+00:00","mainEntityOfPage":{"@id":"https:\/\/www.rri.ro\/fr\/actualites\/le-flash\/22-05-2021-mise-a-jour-id395066.html"},"wordCount":896,"image":{"@id":"https:\/\/www.rri.ro\/fr\/actualites\/le-flash\/22-05-2021-mise-a-jour-id395066.html#primaryimage"},"thumbnailUrl":"https:\/\/www.rri.ro\/wp-content\/uploads\/2023\/10\/stiri-franceza-ok2.png","keywords":["coronavirus","d\u00e9pistage","economie","elections","meteo","pandemie","p\u00e8lerinage","relance","sant\u00e9","tourisme","Voyage"],"articleSection":["Le flash"],"inLanguage":"fr-FR"},{"@type":"WebPage","@id":"https:\/\/www.rri.ro\/fr\/actualites\/le-flash\/22-05-2021-mise-a-jour-id395066.html","url":"https:\/\/www.rri.ro\/fr\/actualites\/le-flash\/22-05-2021-mise-a-jour-id395066.html","name":"22.05.2021 (mise \u00e0 jour) - Radio Roumanie Internationale","isPartOf":{"@id":"https:\/\/www.rri.ro\/#website"},"primaryImageOfPage":{"@id":"https:\/\/www.rri.ro\/fr\/actualites\/le-flash\/22-05-2021-mise-a-jour-id395066.html#primaryimage"},"image":{"@id":"https:\/\/www.rri.ro\/fr\/actualites\/le-flash\/22-05-2021-mise-a-jour-id395066.html#primaryimage"},"thumbnailUrl":"https:\/\/www.rri.ro\/wp-content\/uploads\/2023\/10\/stiri-franceza-ok2.png","datePublished":"2021-05-22T15:56:00+00:00","author":{"@id":"https:\/\/www.rri.ro\/#\/schema\/person\/4a479940371b9fdefd194f561e8a7f88"},"breadcrumb":{"@id":"https:\/\/www.rri.ro\/fr\/actualites\/le-flash\/22-05-2021-mise-a-jour-id395066.html#breadcrumb"},"inLanguage":"fr-FR","potentialAction":[{"@type":"ReadAction","target":["https:\/\/www.rri.ro\/fr\/actualites\/le-flash\/22-05-2021-mise-a-jour-id395066.html"]}]},{"@type":"ImageObject","inLanguage":"fr-FR","@id":"https:\/\/www.rri.ro\/fr\/actualites\/le-flash\/22-05-2021-mise-a-jour-id395066.html#primaryimage","url":"https:\/\/www.rri.ro\/wp-content\/uploads\/2023\/10\/stiri-franceza-ok2.png","contentUrl":"https:\/\/www.rri.ro\/wp-content\/uploads\/2023\/10\/stiri-franceza-ok2.png","width":420,"height":280},{"@type":"BreadcrumbList","@id":"https:\/\/www.rri.ro\/fr\/actualites\/le-flash\/22-05-2021-mise-a-jour-id395066.html#breadcrumb","itemListElement":[{"@type":"ListItem","position":1,"name":"Page d'accueil","item":"https:\/\/www.rri.ro\/fr"},{"@type":"ListItem","position":2,"name":"Actualit\u00e9s","item":"https:\/\/www.rri.ro\/fr\/actualites"},{"@type":"ListItem","position":3,"name":"Le flash","item":"https:\/\/www.rri.ro\/fr\/actualites\/le-flash"},{"@type":"ListItem","position":4,"name":"22.05.2021 (mise \u00e0 jour)"}]},{"@type":"WebSite","@id":"https:\/\/www.rri.ro\/#website","url":"https:\/\/www.rri.ro\/","name":"Radio Roumanie Internationale","description":"Totul despre Rom\u00e2nia \u015fi rom\u00e2ni, \u00een 13 limbi\/dialecte!","inLanguage":"fr-FR"},{"@type":"Person","@id":"https:\/\/www.rri.ro\/#\/schema\/person\/4a479940371b9fdefd194f561e8a7f88","name":"Newsroom","url":"https:\/\/www.rri.ro\/fr\/author\/newsroom"}]}},"_links":{"self":[{"href":"https:\/\/www.rri.ro\/fr\/wp-json\/wp\/v2\/posts\/395066","targetHints":{"allow":["GET"]}}],"collection":[{"href":"https:\/\/www.rri.ro\/fr\/wp-json\/wp\/v2\/posts"}],"about":[{"href":"https:\/\/www.rri.ro\/fr\/wp-json\/wp\/v2\/types\/post"}],"author":[{"embeddable":true,"href":"https:\/\/www.rri.ro\/fr\/wp-json\/wp\/v2\/users\/113"}],"replies":[{"embeddable":true,"href":"https:\/\/www.rri.ro\/fr\/wp-json\/wp\/v2\/comments?post=395066"}],"version-history":[{"count":0,"href":"https:\/\/www.rri.ro\/fr\/wp-json\/wp\/v2\/posts\/395066\/revisions"}],"wp:featuredmedia":[{"embeddable":true,"href":"https:\/\/www.rri.ro\/fr\/wp-json\/wp\/v2\/media\/391122"}],"wp:attachment":[{"href":"https:\/\/www.rri.ro\/fr\/wp-json\/wp\/v2\/media?parent=395066"}],"wp:term":[{"taxonomy":"category","embeddable":true,"href":"https:\/\/www.rri.ro\/fr\/wp-json\/wp\/v2\/categories?post=395066"},{"taxonomy":"post_tag","embeddable":true,"href":"https:\/\/www.rri.ro\/fr\/wp-json\/wp\/v2\/tags?post=395066"},{"taxonomy":"author","embeddable":true,"href":"https:\/\/www.rri.ro\/fr\/wp-json\/wp\/v2\/coauthors?post=395066"}],"curies":[{"name":"wp","href":"https:\/\/api.w.org\/{rel}","templated":true}]}}