{"id":395069,"date":"2021-05-24T13:57:00","date_gmt":"2021-05-24T10:57:00","guid":{"rendered":"http:\/\/devrri.freshlemon.ro\/le-roumain-mot-a-mot\/consulter-les-lecons\/24-05-2021-id395069.html"},"modified":"2021-05-24T13:57:00","modified_gmt":"2021-05-24T10:57:00","slug":"24-05-2021","status":"publish","type":"post","link":"https:\/\/www.rri.ro\/fr\/actualites\/le-flash\/24-05-2021-id395069.html","title":{"rendered":"24.05.2021"},"content":{"rendered":"<p><strong class=cms-bold>D\u00e9tournement &#8211; <\/strong>Le minist\u00e8re des Affaires Etrang\u00e8res de Bucarest s&rsquo;est d\u00e9clar\u00e9 profond\u00e9ment inquiet quant \u00e0 la d\u00e9marche inadmissible des autorit\u00e9s du Belarus qui ont forc\u00e9 un avion de ligne qui op\u00e9rait le vol Ath\u00e8nes &#8211; Vilnius \u00e0 se poser sur l&rsquo;a\u00e9roport de Minsk. Bucarest condamne fermement cette op\u00e9ration. Le minist\u00e8re des Affaires Etrang\u00e8res roumain a qualifi\u00e9 l&rsquo;incident comme extr\u00eamement grave et a transmis aux autorit\u00e9s du Belarus de permettre \u00e0 toutes les personnes \u00e0 bord \u00e0 continuer imm\u00e9diatement et en toute s\u00e9curit\u00e9 leur voyage. Des agents des services de s\u00e9curit\u00e9 b\u00e9larusses (KGB) sont soup\u00e7onn\u00e9s de s&rsquo;\u00eatre trouv\u00e9s dans l&rsquo;avion de Ryanair d\u00e9tourn\u00e9 par les autorit\u00e9s b\u00e9larusses, qui ont arr\u00eat\u00e9 un opposant pr\u00e9sent a bord, a affirm\u00e9 lundi le patron de la compagnie a\u00e9rienne irlandaise, Michael O&rsquo;Leary. Roman Protassevitch, 26 ans, ancien r\u00e9dacteur en chef de l&rsquo;influent m\u00e9dia d&rsquo;opposition b\u00e9larusse Nexta, a \u00e9t\u00e9 interpell\u00e9 dimanche apr\u00e8s-midi \u00e0 la suite de l&rsquo;atterrissage d&rsquo;urgence \u00e0 l&rsquo;a\u00e9roport de Minsk de l&rsquo;avion, \u00e0 la suite d&rsquo;une fausse alerte a la bombe.<\/p>\n<p><\/p>\n<p><strong class=cms-bold>R\u00e9union de l&rsquo;UE &#8211;<\/strong> Le pr\u00e9sident de la Roumanie, Klaus Iohannis participe aujourd&rsquo;hui et demain \u00e0 Bruxelles, \u00e0 la r\u00e9union extraordinaire des leaders europ\u00e9ens. Les principaux sujets \u00e0 l&rsquo;ordre du jour : la coordination au niveau de l&rsquo;UE dans le contexte de la pand\u00e9mie de Covid 19, la lutte contre les changements climatiques, les relations de l&rsquo;Union avec la Russie et le Royaume Uni. Au sujet de la pand\u00e9mie de Covid 19, le chef de l&rsquo;Etat se d\u00e9clare favorable \u00e0 une coordination \u00e9troite entre les Etats membres et au maintien d&rsquo;une approche vigilante \u00e0 l&rsquo;avenir aussi. Klaus Iohannis plaidera pour la mise en \u0153uvre rapide des pass sanitaires num\u00e9riques \u00e0 condition qu&rsquo;elles n&rsquo;influencent le droit des citoyens \u00e0 la libre circulation. Pour ce qui est de la lutte contre les changements climatiques, le chef de l&rsquo;Etat roumain soulignera le besoin de cr\u00e9er un cadre l\u00e9gal flexible, cens\u00e9 permettre aux Etats membres d&rsquo;identifier les meilleures solutions pour atteindre l&rsquo;objectif de r\u00e9duire de 55% les \u00e9missions de gaz \u00e0 effet de serre \u00e0 l&rsquo;horizon 2030. <\/p>\n<p><\/p>\n<p><strong class=cms-bold>Coronavirus en Roumanie &#8211;<\/strong> Le nombre des nouveaux cas de Covid-19 est toujours \u00e0 la baisse en Roumanie. 230 cas d&rsquo;infection en 24 heures ont \u00e9t\u00e9 rapport\u00e9s ce lundi, soit le niveau le plus bas depuis d\u00e9but juin 2020, selon les chiffres les plus r\u00e9cents rapport\u00e9s par le Groupe de Communication Strat\u00e9gique.  36 malades sont d\u00e9c\u00e9d\u00e9s ces derni\u00e8res 24 heures en Roumanie, alors que 580 personnes infect\u00e9es sont en r\u00e9animation. De plus en plus d&rsquo;h\u00f4pitaux du pays r\u00e9organisent leur activit\u00e9 sur la toile du fond d&rsquo;une baisse constante du nombre de malades infect\u00e9es au nouveau coronavirus. Parall\u00e8lement, la campagne d&rsquo;immunisation se poursuit au niveau national.  Depuis d\u00e9cembre dernier et le d\u00e9but de la campagne d&rsquo;immunisation et jusqu&rsquo;\u00e0 pr\u00e9sent, plus de 7,3 millions de doses de vaccin ont \u00e9t\u00e9 administr\u00e9es \u00e0 plus de 4 millions de personnes, dont pr\u00e8s de 3,2 millions ont re\u00e7u aussi la deuxi\u00e8me dose. <\/p>\n<p><\/p>\n<p><strong class=cms-bold>Plan national de relance et de r\u00e9silience &#8211; <\/strong>C&rsquo;est une semaine d\u00e9cisive pour le Plan national de relance et de r\u00e9silience, qui doit \u00eatre remis \u00e0 la Commission europ\u00e9enne pour que la Roumanie puisse acc\u00e9der \u00e0 pr\u00e8s de 30 milliards d&rsquo;euros destin\u00e9s au d\u00e9veloppement. La forme finale du document, avec tous les d\u00e9tails concernant la mise \u0153uvre, devrait \u00eatre achev\u00e9e avant la fin du mois. Par ailleurs, le principal parti d&rsquo;opposition exige au gouvernement de pr\u00e9senter ce plan au Parlement sinon les sociaux-d\u00e9mocrates menacent  de ne pas voter en faveur d&rsquo;un trait\u00e9 europ\u00e9en cens\u00e9 augmenter la contribution des Etats membres au budget de l&rsquo;Union et qui a besoin d&rsquo;une majorit\u00e9 de deux tiers au Parlement de Bucarest.  Par ailleurs, les Commissions juridiques du Parlement devraient se r\u00e9unir mardi pour analyser les rapports d&rsquo;activit\u00e9 de D\u00e9fenseur des droits pour les ann\u00e9es 2019 et 2020. Le S\u00e9nat doit d\u00e9battre \u00e9galement et voter le projet de loi relatif aux r\u00e9seaux d&rsquo;Internet \u00e0 haut d\u00e9bit 5G. Aux termes de cette loi, les fournisseurs de t\u00e9l\u00e9coms pourraient utiliser dans leurs r\u00e9seaux uniquement des technologies et des \u00e9quipements conform\u00e9ment \u00e0 l&rsquo;avis \u00e9mis par le Conseil supr\u00eame de d\u00e9fense de la Roumanie. <\/p>\n<p><\/p>\n<p><strong class=cms-bold>Education &#8211;<\/strong> Les examens nationaux, soit l&rsquo;\u00e9valuation des \u00e9coliers en fin de coll\u00e8ge et le baccalaur\u00e9at, se d\u00e9rouleront aux dates \u00e9tablies et en pr\u00e9sentiel, a annonc\u00e9 le ministre roumain de l&rsquo;Education nationale, Sorin C\u00eempeanu. Au mois d&rsquo;ao\u00fbt, les \u00e9coles pourront organiser des cours de rattrapage et les professeurs sont encourag\u00e9s \u00e0 organiser des colonies de vacances et des excursions. Rappelons-le, au milieu de la semaine derni\u00e8re, tous les \u00e9l\u00e8ves de la Capitale et des localit\u00e9s et des localit\u00e9s o\u00f9 le taux d&rsquo;infection au SARS CoV 2 est de moins d&rsquo;un cas par mille habitants, les \u00e9coliers sont rentr\u00e9s dans les salles de classe. Il s&rsquo;agit de 93% du total des \u00e9l\u00e8ves de Roumanie, soit quelque 3 millions de personnes. <\/p>\n<p><\/p>\n<p><strong class=cms-bold>M\u00e9t\u00e9o &#8211; <\/strong>Il fait beau et les temp\u00e9ratures sont assez \u00e9lev\u00e9es pour cette p\u00e9riode de l&rsquo;ann\u00e9e, notamment sur le sud de la Roumanie, alors que sur le reste du territoire, elles tournent autour des moyennes pluriannuelles. Ciel variable, couvert avec des pluies notamment en montagne. Les maxima de la journ\u00e9e iront de 19 \u00e0 29 degr\u00e9s. 25 degr\u00e9s et un superbe soleil en ce moment \u00e0 Bucarest. <\/p>\n<p><\/p>\n","protected":false},"excerpt":{"rendered":"<p>D\u00e9tournement &#8211; Le minist\u00e8re des Affaires Etrang\u00e8res de Bucarest s&rsquo;est d\u00e9clar\u00e9 profond\u00e9ment inquiet quant \u00e0 la d\u00e9marche inadmissible des autorit\u00e9s du Belarus qui ont forc\u00e9 un avion de ligne qui op\u00e9rait le vol Ath\u00e8nes &#8211; Vilnius \u00e0 se poser sur l&rsquo;a\u00e9roport de Minsk. Bucarest condamne fermement cette op\u00e9ration. Le minist\u00e8re des Affaires Etrang\u00e8res roumain a [&hellip;]<\/p>\n","protected":false},"author":113,"featured_media":391122,"comment_status":"closed","ping_status":"closed","sticky":false,"template":"","format":"standard","meta":{"_acf_changed":false,"footnotes":""},"categories":[89002],"tags":[88217,146755,35684,93005,144283,152768,87329,88039,161701,89559,56021,143291],"coauthors":[],"class_list":["post-395069","post","type-post","status-publish","format-standard","has-post-thumbnail","hentry","category-le-flash","tag-affaires-etrangeres","tag-avion-fr","tag-belarus","tag-detournement","tag-economie-fr","tag-education-fr","tag-examens","tag-relance","tag-resilience-fr","tag-reunion","tag-ryanair","tag-ue-fr"],"acf":[],"yoast_head":"<!-- This site is optimized with the Yoast SEO plugin v27.3 - https:\/\/yoast.com\/product\/yoast-seo-wordpress\/ -->\n<title>24.05.2021 - Radio Roumanie Internationale<\/title>\n<meta name=\"robots\" content=\"index, follow, max-snippet:-1, max-image-preview:large, max-video-preview:-1\" \/>\n<link rel=\"canonical\" href=\"https:\/\/www.rri.ro\/fr\/actualites\/le-flash\/24-05-2021-id395069.html\" \/>\n<meta property=\"og:locale\" content=\"fr_FR\" \/>\n<meta property=\"og:type\" content=\"article\" \/>\n<meta property=\"og:title\" content=\"24.05.2021 - Radio Roumanie Internationale\" \/>\n<meta property=\"og:description\" content=\"D\u00e9tournement &#8211; Le minist\u00e8re des Affaires Etrang\u00e8res de Bucarest s&rsquo;est d\u00e9clar\u00e9 profond\u00e9ment inquiet quant \u00e0 la d\u00e9marche inadmissible des autorit\u00e9s du Belarus qui ont forc\u00e9 un avion de ligne qui op\u00e9rait le vol Ath\u00e8nes &#8211; Vilnius \u00e0 se poser sur l&rsquo;a\u00e9roport de Minsk. Bucarest condamne fermement cette op\u00e9ration. Le minist\u00e8re des Affaires Etrang\u00e8res roumain a [&hellip;]\" \/>\n<meta property=\"og:url\" content=\"https:\/\/www.rri.ro\/fr\/actualites\/le-flash\/24-05-2021-id395069.html\" \/>\n<meta property=\"og:site_name\" content=\"Radio Roumanie Internationale\" \/>\n<meta property=\"article:published_time\" content=\"2021-05-24T10:57:00+00:00\" \/>\n<meta property=\"og:image\" content=\"https:\/\/www.rri.ro\/wp-content\/uploads\/2023\/10\/stiri-franceza-ok2.png\" \/>\n\t<meta property=\"og:image:width\" content=\"420\" \/>\n\t<meta property=\"og:image:height\" content=\"280\" \/>\n\t<meta property=\"og:image:type\" content=\"image\/png\" \/>\n<meta name=\"author\" content=\"Newsroom\" \/>\n<meta name=\"twitter:card\" content=\"summary_large_image\" \/>\n<meta name=\"twitter:label1\" content=\"\u00c9crit par\" \/>\n\t<meta name=\"twitter:data1\" content=\"Newsroom\" \/>\n\t<meta name=\"twitter:label2\" content=\"Dur\u00e9e de lecture estim\u00e9e\" \/>\n\t<meta name=\"twitter:data2\" content=\"5 minutes\" \/>\n\t<meta name=\"twitter:label3\" content=\"Written by\" \/>\n\t<meta name=\"twitter:data3\" content=\"Newsroom\" \/>\n<script type=\"application\/ld+json\" class=\"yoast-schema-graph\">{\"@context\":\"https:\\\/\\\/schema.org\",\"@graph\":[{\"@type\":\"Article\",\"@id\":\"https:\\\/\\\/www.rri.ro\\\/fr\\\/actualites\\\/le-flash\\\/24-05-2021-id395069.html#article\",\"isPartOf\":{\"@id\":\"https:\\\/\\\/www.rri.ro\\\/fr\\\/actualites\\\/le-flash\\\/24-05-2021-id395069.html\"},\"author\":{\"name\":\"Newsroom\",\"@id\":\"https:\\\/\\\/www.rri.ro\\\/#\\\/schema\\\/person\\\/4a479940371b9fdefd194f561e8a7f88\"},\"headline\":\"24.05.2021\",\"datePublished\":\"2021-05-24T10:57:00+00:00\",\"mainEntityOfPage\":{\"@id\":\"https:\\\/\\\/www.rri.ro\\\/fr\\\/actualites\\\/le-flash\\\/24-05-2021-id395069.html\"},\"wordCount\":979,\"image\":{\"@id\":\"https:\\\/\\\/www.rri.ro\\\/fr\\\/actualites\\\/le-flash\\\/24-05-2021-id395069.html#primaryimage\"},\"thumbnailUrl\":\"https:\\\/\\\/www.rri.ro\\\/wp-content\\\/uploads\\\/2023\\\/10\\\/stiri-franceza-ok2.png\",\"keywords\":[\"affaires \u00e9trang\u00e8res\",\"avion\",\"Belarus\",\"d\u00e9tournement\",\"economie\",\"education\",\"examens\",\"relance\",\"resilience\",\"r\u00e9union\",\"Ryanair\",\"UE\"],\"articleSection\":[\"Le flash\"],\"inLanguage\":\"fr-FR\"},{\"@type\":\"WebPage\",\"@id\":\"https:\\\/\\\/www.rri.ro\\\/fr\\\/actualites\\\/le-flash\\\/24-05-2021-id395069.html\",\"url\":\"https:\\\/\\\/www.rri.ro\\\/fr\\\/actualites\\\/le-flash\\\/24-05-2021-id395069.html\",\"name\":\"24.05.2021 - Radio Roumanie Internationale\",\"isPartOf\":{\"@id\":\"https:\\\/\\\/www.rri.ro\\\/#website\"},\"primaryImageOfPage\":{\"@id\":\"https:\\\/\\\/www.rri.ro\\\/fr\\\/actualites\\\/le-flash\\\/24-05-2021-id395069.html#primaryimage\"},\"image\":{\"@id\":\"https:\\\/\\\/www.rri.ro\\\/fr\\\/actualites\\\/le-flash\\\/24-05-2021-id395069.html#primaryimage\"},\"thumbnailUrl\":\"https:\\\/\\\/www.rri.ro\\\/wp-content\\\/uploads\\\/2023\\\/10\\\/stiri-franceza-ok2.png\",\"datePublished\":\"2021-05-24T10:57:00+00:00\",\"author\":{\"@id\":\"https:\\\/\\\/www.rri.ro\\\/#\\\/schema\\\/person\\\/4a479940371b9fdefd194f561e8a7f88\"},\"breadcrumb\":{\"@id\":\"https:\\\/\\\/www.rri.ro\\\/fr\\\/actualites\\\/le-flash\\\/24-05-2021-id395069.html#breadcrumb\"},\"inLanguage\":\"fr-FR\",\"potentialAction\":[{\"@type\":\"ReadAction\",\"target\":[\"https:\\\/\\\/www.rri.ro\\\/fr\\\/actualites\\\/le-flash\\\/24-05-2021-id395069.html\"]}]},{\"@type\":\"ImageObject\",\"inLanguage\":\"fr-FR\",\"@id\":\"https:\\\/\\\/www.rri.ro\\\/fr\\\/actualites\\\/le-flash\\\/24-05-2021-id395069.html#primaryimage\",\"url\":\"https:\\\/\\\/www.rri.ro\\\/wp-content\\\/uploads\\\/2023\\\/10\\\/stiri-franceza-ok2.png\",\"contentUrl\":\"https:\\\/\\\/www.rri.ro\\\/wp-content\\\/uploads\\\/2023\\\/10\\\/stiri-franceza-ok2.png\",\"width\":420,\"height\":280},{\"@type\":\"BreadcrumbList\",\"@id\":\"https:\\\/\\\/www.rri.ro\\\/fr\\\/actualites\\\/le-flash\\\/24-05-2021-id395069.html#breadcrumb\",\"itemListElement\":[{\"@type\":\"ListItem\",\"position\":1,\"name\":\"Page d'accueil\",\"item\":\"https:\\\/\\\/www.rri.ro\\\/fr\"},{\"@type\":\"ListItem\",\"position\":2,\"name\":\"Actualit\u00e9s\",\"item\":\"https:\\\/\\\/www.rri.ro\\\/fr\\\/actualites\"},{\"@type\":\"ListItem\",\"position\":3,\"name\":\"Le flash\",\"item\":\"https:\\\/\\\/www.rri.ro\\\/fr\\\/actualites\\\/le-flash\"},{\"@type\":\"ListItem\",\"position\":4,\"name\":\"24.05.2021\"}]},{\"@type\":\"WebSite\",\"@id\":\"https:\\\/\\\/www.rri.ro\\\/#website\",\"url\":\"https:\\\/\\\/www.rri.ro\\\/\",\"name\":\"Radio Roumanie Internationale\",\"description\":\"Totul despre Rom\u00e2nia \u015fi rom\u00e2ni, \u00een 13 limbi\\\/dialecte!\",\"inLanguage\":\"fr-FR\"},{\"@type\":\"Person\",\"@id\":\"https:\\\/\\\/www.rri.ro\\\/#\\\/schema\\\/person\\\/4a479940371b9fdefd194f561e8a7f88\",\"name\":\"Newsroom\",\"url\":\"https:\\\/\\\/www.rri.ro\\\/fr\\\/author\\\/newsroom\"}]}<\/script>\n<!-- \/ Yoast SEO plugin. -->","yoast_head_json":{"title":"24.05.2021 - Radio Roumanie Internationale","robots":{"index":"index","follow":"follow","max-snippet":"max-snippet:-1","max-image-preview":"max-image-preview:large","max-video-preview":"max-video-preview:-1"},"canonical":"https:\/\/www.rri.ro\/fr\/actualites\/le-flash\/24-05-2021-id395069.html","og_locale":"fr_FR","og_type":"article","og_title":"24.05.2021 - Radio Roumanie Internationale","og_description":"D\u00e9tournement &#8211; Le minist\u00e8re des Affaires Etrang\u00e8res de Bucarest s&rsquo;est d\u00e9clar\u00e9 profond\u00e9ment inquiet quant \u00e0 la d\u00e9marche inadmissible des autorit\u00e9s du Belarus qui ont forc\u00e9 un avion de ligne qui op\u00e9rait le vol Ath\u00e8nes &#8211; Vilnius \u00e0 se poser sur l&rsquo;a\u00e9roport de Minsk. Bucarest condamne fermement cette op\u00e9ration. Le minist\u00e8re des Affaires Etrang\u00e8res roumain a [&hellip;]","og_url":"https:\/\/www.rri.ro\/fr\/actualites\/le-flash\/24-05-2021-id395069.html","og_site_name":"Radio Roumanie Internationale","article_published_time":"2021-05-24T10:57:00+00:00","og_image":[{"width":420,"height":280,"url":"https:\/\/www.rri.ro\/wp-content\/uploads\/2023\/10\/stiri-franceza-ok2.png","type":"image\/png"}],"author":"Newsroom","twitter_card":"summary_large_image","twitter_misc":{"\u00c9crit par":"Newsroom","Dur\u00e9e de lecture estim\u00e9e":"5 minutes","Written by":"Newsroom"},"schema":{"@context":"https:\/\/schema.org","@graph":[{"@type":"Article","@id":"https:\/\/www.rri.ro\/fr\/actualites\/le-flash\/24-05-2021-id395069.html#article","isPartOf":{"@id":"https:\/\/www.rri.ro\/fr\/actualites\/le-flash\/24-05-2021-id395069.html"},"author":{"name":"Newsroom","@id":"https:\/\/www.rri.ro\/#\/schema\/person\/4a479940371b9fdefd194f561e8a7f88"},"headline":"24.05.2021","datePublished":"2021-05-24T10:57:00+00:00","mainEntityOfPage":{"@id":"https:\/\/www.rri.ro\/fr\/actualites\/le-flash\/24-05-2021-id395069.html"},"wordCount":979,"image":{"@id":"https:\/\/www.rri.ro\/fr\/actualites\/le-flash\/24-05-2021-id395069.html#primaryimage"},"thumbnailUrl":"https:\/\/www.rri.ro\/wp-content\/uploads\/2023\/10\/stiri-franceza-ok2.png","keywords":["affaires \u00e9trang\u00e8res","avion","Belarus","d\u00e9tournement","economie","education","examens","relance","resilience","r\u00e9union","Ryanair","UE"],"articleSection":["Le flash"],"inLanguage":"fr-FR"},{"@type":"WebPage","@id":"https:\/\/www.rri.ro\/fr\/actualites\/le-flash\/24-05-2021-id395069.html","url":"https:\/\/www.rri.ro\/fr\/actualites\/le-flash\/24-05-2021-id395069.html","name":"24.05.2021 - Radio Roumanie Internationale","isPartOf":{"@id":"https:\/\/www.rri.ro\/#website"},"primaryImageOfPage":{"@id":"https:\/\/www.rri.ro\/fr\/actualites\/le-flash\/24-05-2021-id395069.html#primaryimage"},"image":{"@id":"https:\/\/www.rri.ro\/fr\/actualites\/le-flash\/24-05-2021-id395069.html#primaryimage"},"thumbnailUrl":"https:\/\/www.rri.ro\/wp-content\/uploads\/2023\/10\/stiri-franceza-ok2.png","datePublished":"2021-05-24T10:57:00+00:00","author":{"@id":"https:\/\/www.rri.ro\/#\/schema\/person\/4a479940371b9fdefd194f561e8a7f88"},"breadcrumb":{"@id":"https:\/\/www.rri.ro\/fr\/actualites\/le-flash\/24-05-2021-id395069.html#breadcrumb"},"inLanguage":"fr-FR","potentialAction":[{"@type":"ReadAction","target":["https:\/\/www.rri.ro\/fr\/actualites\/le-flash\/24-05-2021-id395069.html"]}]},{"@type":"ImageObject","inLanguage":"fr-FR","@id":"https:\/\/www.rri.ro\/fr\/actualites\/le-flash\/24-05-2021-id395069.html#primaryimage","url":"https:\/\/www.rri.ro\/wp-content\/uploads\/2023\/10\/stiri-franceza-ok2.png","contentUrl":"https:\/\/www.rri.ro\/wp-content\/uploads\/2023\/10\/stiri-franceza-ok2.png","width":420,"height":280},{"@type":"BreadcrumbList","@id":"https:\/\/www.rri.ro\/fr\/actualites\/le-flash\/24-05-2021-id395069.html#breadcrumb","itemListElement":[{"@type":"ListItem","position":1,"name":"Page d'accueil","item":"https:\/\/www.rri.ro\/fr"},{"@type":"ListItem","position":2,"name":"Actualit\u00e9s","item":"https:\/\/www.rri.ro\/fr\/actualites"},{"@type":"ListItem","position":3,"name":"Le flash","item":"https:\/\/www.rri.ro\/fr\/actualites\/le-flash"},{"@type":"ListItem","position":4,"name":"24.05.2021"}]},{"@type":"WebSite","@id":"https:\/\/www.rri.ro\/#website","url":"https:\/\/www.rri.ro\/","name":"Radio Roumanie Internationale","description":"Totul despre Rom\u00e2nia \u015fi rom\u00e2ni, \u00een 13 limbi\/dialecte!","inLanguage":"fr-FR"},{"@type":"Person","@id":"https:\/\/www.rri.ro\/#\/schema\/person\/4a479940371b9fdefd194f561e8a7f88","name":"Newsroom","url":"https:\/\/www.rri.ro\/fr\/author\/newsroom"}]}},"_links":{"self":[{"href":"https:\/\/www.rri.ro\/fr\/wp-json\/wp\/v2\/posts\/395069","targetHints":{"allow":["GET"]}}],"collection":[{"href":"https:\/\/www.rri.ro\/fr\/wp-json\/wp\/v2\/posts"}],"about":[{"href":"https:\/\/www.rri.ro\/fr\/wp-json\/wp\/v2\/types\/post"}],"author":[{"embeddable":true,"href":"https:\/\/www.rri.ro\/fr\/wp-json\/wp\/v2\/users\/113"}],"replies":[{"embeddable":true,"href":"https:\/\/www.rri.ro\/fr\/wp-json\/wp\/v2\/comments?post=395069"}],"version-history":[{"count":0,"href":"https:\/\/www.rri.ro\/fr\/wp-json\/wp\/v2\/posts\/395069\/revisions"}],"wp:featuredmedia":[{"embeddable":true,"href":"https:\/\/www.rri.ro\/fr\/wp-json\/wp\/v2\/media\/391122"}],"wp:attachment":[{"href":"https:\/\/www.rri.ro\/fr\/wp-json\/wp\/v2\/media?parent=395069"}],"wp:term":[{"taxonomy":"category","embeddable":true,"href":"https:\/\/www.rri.ro\/fr\/wp-json\/wp\/v2\/categories?post=395069"},{"taxonomy":"post_tag","embeddable":true,"href":"https:\/\/www.rri.ro\/fr\/wp-json\/wp\/v2\/tags?post=395069"},{"taxonomy":"author","embeddable":true,"href":"https:\/\/www.rri.ro\/fr\/wp-json\/wp\/v2\/coauthors?post=395069"}],"curies":[{"name":"wp","href":"https:\/\/api.w.org\/{rel}","templated":true}]}}