{"id":395077,"date":"2021-05-28T12:44:00","date_gmt":"2021-05-28T09:44:00","guid":{"rendered":"http:\/\/devrri.freshlemon.ro\/le-roumain-mot-a-mot\/consulter-les-lecons\/28-05-2021-id395077.html"},"modified":"2021-05-28T12:44:00","modified_gmt":"2021-05-28T09:44:00","slug":"28-05-2021","status":"publish","type":"post","link":"https:\/\/www.rri.ro\/fr\/actualites\/le-flash\/28-05-2021-id395077.html","title":{"rendered":"28.05.2021"},"content":{"rendered":"<\/p>\n<p><strong class=cms-bold>Coronavirus en Roumanie<\/strong> &#8211; La pand\u00e9mie est toujours en recul en Roumanie. Vendredi l&rsquo;on a rapport\u00e9 321 personnes&#13;<br \/>\npositives au Sars-Cov-2 d\u00e9pist\u00e9es en 24 heures sur pr\u00e8s de 33 000 effectu\u00e9s et 43&#13;<br \/>\nd\u00e9c\u00e8s des suites de la Covid-19. Parall\u00e8lement, la campagne de vaccination se poursuit.&#13;<br \/>\nDepuis son d\u00e9but, en d\u00e9cembre dernier, quelque 7,6 millions de doses du vaccin&#13;<br \/>\nanticovid ont \u00e9t\u00e9 administr\u00e9es \u00e0 4,2 millions de Roumains, dont plus de 3,3&#13;<br \/>\nmillions ont d\u00e9j\u00e0 re\u00e7u les deux doses. La 2e \u00e9dition du marathon de&#13;<br \/>\nla vaccination a lieu ces vendredi, samedi et dimanche \u00e0 Bucarest. Y&#13;<br \/>\nparticipent un millier de b\u00e9n\u00e9voles &#8211; m\u00e9decins, \u00e9tudiants en m\u00e9decine, infirmiers&#13;<br \/>\net personnels administratifs. Lors de la premi\u00e8re \u00e9tape, organis\u00e9e du 7 au 10&#13;<br \/>\nmai, plus de 20 000 personnes ont \u00e9t\u00e9 immunis\u00e9es. Sur cette toile de fond, le&#13;<br \/>\ngouvernement roumain a d\u00e9cid\u00e9 de lever de nouvelles restrictions \u00e0 compter du 1er&#13;<br \/>\njuin. Il sera permis, entre autres, de renoncer au masque de protection au&#13;<br \/>\ntravail, \u00e0 l&rsquo;int\u00e9rieur, dans des pi\u00e8ces r\u00e9unissant un maximum de 5 personnes, \u00e0&#13;<br \/>\ncondition que celles-ci soient vaccin\u00e9es avec les deux doses du s\u00e9rum&#13;<br \/>\nanticovid, ou bien d&rsquo;organiser des \u00e9v\u00e9nements dans des espaces clos. <\/p>\n<p>&#13;<br \/>\n&#13;<br \/>\n<br \/>&#13;<br \/>\n&#13;<br \/>\n&#13;<\/p>\n<p><strong class=cms-bold>Diplomatie <\/strong>&#8211; Pour la premi\u00e8re fois, un th\u00e8me propos\u00e9 par la Roumanie a figur\u00e9 \u00e0&#13;<br \/>\nl&rsquo;agenda d&rsquo;une r\u00e9union informelle des ministres des AE de l&rsquo;UE, tenue ces&#13;<br \/>\nmercredi et jeudi \u00e0 Lisbonne, au Portugal. Il s&rsquo;agit de la question des&#13;<br \/>\nconflits gel\u00e9s dans le Voisinage Oriental de l&rsquo;Union, un sujet propos\u00e9 et&#13;<br \/>\nd\u00e9taill\u00e9 par le chef de la diplomatie roumaine, Bodgan Aurescu. Il a aussi&#13;<br \/>\navanc\u00e9 plusieurs propositions concr\u00e8tes, \u00e0 prendre en consid\u00e9ration dans les&#13;<br \/>\nfuturs d\u00e9bats, dont la cr\u00e9ation d&rsquo;un poste de repr\u00e9sentant sp\u00e9cial de l&rsquo;UE&#13;<br \/>\npour les conflits gel\u00e9s et la r\u00e9silience des Etats du Partenariat Oriental, la&#13;<br \/>\nmise en place de sanctions dans des zones telles la Transnistrie (r\u00e9gion&#13;<br \/>\ns\u00e9paratiste russophone sise dans la R\u00e9publique de Moldova, un pays \u00e0 population&#13;<br \/>\nmajoritaire roumanophone) ou bien des mesures de soutien post-pand\u00e9mie. Dans&#13;<br \/>\nune interview pour Radio Roumanie, Bogdan Aurescu a expliqu\u00e9 que l&rsquo;ensemble de&#13;<br \/>\nl&rsquo;UE \u00e9tait consciente du danger que repr\u00e9sentent les conflits gel\u00e9s mais aussi&#13;<br \/>\nque la Russie se trouve derri\u00e8re tous ces conflits. D&rsquo;autres sujets ont figur\u00e9&#13;<br \/>\n\u00e0 l&rsquo;agenda des ministres r\u00e9unis \u00e0 Lisbonne : la situation dans la r\u00e9gion&#13;<br \/>\n\u00e9largie de la mer Noire, les relations avec l&rsquo;Afrique, ainsi que la vision&#13;<br \/>\nstrat\u00e9gique de l&rsquo;UE pour la r\u00e9gion indopacifique<\/p>\n<p>&#13;<br \/>\n&#13;<br \/>\n<br \/>&#13;<br \/>\n&#13;<br \/>\n&#13;<\/p>\n<p><strong class=cms-bold>Relance et r\u00e9silience<\/strong> &#8211; Les parlements de l&rsquo;Autriche et de la Pologne ont approuv\u00e9 jeudi le&#13;<br \/>\nPlan europ\u00e9en de relance, estim\u00e9 \u00e0 672 milliards d&rsquo;euros et cens\u00e9 aider les&#13;<br \/>\nEtats membres \u00e0 surmonter les cons\u00e9quences \u00e9conomiques de la pand\u00e9mie de&#13;<br \/>\ncoronavirus. Il est donc possible d&rsquo;achever le processus de ratification du&#13;<br \/>\nPlan au niveau communautaire. Allou\u00e9 sous forme de subventions et de cr\u00e9dits&#13;<br \/>\npour les 27, l&rsquo;argent servira \u00e0 financer des projets d&rsquo;investissements visant&#13;<br \/>\nla transition \u00e0 l&rsquo;\u00e9nergie verte et au num\u00e9rique. Les premi\u00e8res tranches seront&#13;<br \/>\noctroy\u00e9es fin juillet au plus vite. Pour en b\u00e9n\u00e9ficier, chaque Etat membre&#13;<br \/>\ndroit pr\u00e9senter \u00e0 Bruxelles son propre plan de relance et de r\u00e9silience. 19&#13;<br \/>\nEtats membres l&rsquo;ont d\u00e9j\u00e0 fait. A Bucarest, Ludovic Orban, le chef du Parti National&#13;<br \/>\nLib\u00e9ral (PNL, principale formation politique de la coalition au pouvoir) a&#13;<br \/>\nd\u00e9clar\u00e9 que le Plan de la Roumanie sera rendu public le 2 juin, juste apr\u00e8s son&#13;<br \/>\nenvoi \u00e0 Bruxelles. Dans l&rsquo;opposition, le Parti Social-D\u00e9mocrate (PSD), accuse&#13;<br \/>\nl&rsquo;Ex\u00e9cutif d&rsquo;avoir assum\u00e9 des mesures d&rsquo;aust\u00e9rit\u00e9 via ce Plan et souhaite le&#13;<br \/>\ncontester par motion de censure.  <\/p>\n<p>&#13;<br \/>\n&#13;<br \/>\n<br \/>&#13;<br \/>\n&#13;<br \/>\n&#13;<\/p>\n<p><strong class=cms-bold>Aides <\/strong>&#8211; La gouvernement de Bucarest a&#13;<br \/>\napprouv\u00e9 une nouvelle aide humanitaire, gratuite, pour aider la R\u00e9publique de&#13;<br \/>\nMoldova voisine \u00e0 mieux g\u00e9rer la pand\u00e9mie de coronavirus. Chisinau recevra donc&#13;<br \/>\nplus de 100 000 doses du vaccin Astra Zeneca, a fait savoir le minist\u00e8re de la&#13;<br \/>\nSant\u00e9 de Bucarest. Par ailleurs, le secr\u00e9taire d&rsquo;Etat au sein du minist\u00e8re&#13;<br \/>\nroumain des AE, Dan Neculaescu, effectue ce vendredi une visite de travail \u00e0&#13;<br \/>\nCernauti, en Ukraine, une ville situ\u00e9e de la fronti\u00e8re roumaine pour faire des&#13;<br \/>\ndons humanitaires \u00e0 la minorit\u00e9 roumaine vivant dans le pays voisin et pour&#13;<br \/>\nrencontrer les repr\u00e9sentants de cette minorit\u00e9. Il aura \u00e9galement des&#13;<br \/>\npourparlers avec le ministre adjoint des AE de l&rsquo;Ukraine, Vasyl Bodnar, et avec&#13;<br \/>\nla direction de l&rsquo;Administration r\u00e9gionale d&rsquo;Etat de Cernauti. <\/p>\n<p><\/p>\n<p>&#13;<br \/>\n&#13;<\/p>\n<p><strong class=cms-bold>Tennis <\/strong>&#8211; La joueuse de tennis roumaine&#13;<br \/>\nSorana C\u00eerstea affronte ce vendredi la Polonaise Magda Linette (48e&#13;<br \/>\nWTA) dans les demi-finales du tournoi WTA de Strasbourg. Jeudi, la Roumaine a&#13;<br \/>\nvaincu la Chinoise Shuai Zhang dans les 8e de finale. Elle s&rsquo;est&#13;<br \/>\nqualifi\u00e9e directement en demi-finale vu que la joueuse canadienne d&rsquo;origine&#13;<br \/>\nroumaine, Bianca Andreescu, s&rsquo;est retir\u00e9e de la comp\u00e9tition. <\/p>\n<p><\/p>\n<p>&#13;<br \/>\n&#13;<\/p>\n<p><strong class=cms-bold>M\u00e9t\u00e9o <\/strong>&#8211; La m\u00e9t\u00e9o est instable&#13;<br \/>\naujourd&rsquo;hui partout en Roumanie. Les temp\u00e9ratures sont \u00e0 la baisse. Le ciel est&#13;<br \/>\ncouvert et il pleut notamment sur le centre, l&rsquo;est et le sud. Par endroits les&#13;<br \/>\npr\u00e9cipitations pourraient d\u00e9passer les 70 litres\/m\u00b2, notamment dans le centre&#13;<br \/>\net dans le nord-est, mais aussi en montagne. Les maxima de la journ\u00e9e iront de&#13;<br \/>\n14 \u00e0 24 degr\u00e9s. Ciel couvert et 18 degr\u00e9s \u00e0 midi \u00e0 Bucarest. <\/p>\n<p><\/p>\n","protected":false},"excerpt":{"rendered":"<p>Coronavirus en Roumanie &#8211; La pand\u00e9mie est toujours en recul en Roumanie. Vendredi l&rsquo;on a rapport\u00e9 321 personnes&#13; positives au Sars-Cov-2 d\u00e9pist\u00e9es en 24 heures sur pr\u00e8s de 33 000 effectu\u00e9s et 43&#13; d\u00e9c\u00e8s des suites de la Covid-19. Parall\u00e8lement, la campagne de vaccination se poursuit.&#13; Depuis son d\u00e9but, en d\u00e9cembre dernier, quelque 7,6 millions [&hellip;]<\/p>\n","protected":false},"author":113,"featured_media":391122,"comment_status":"closed","ping_status":"closed","sticky":false,"template":"","format":"standard","meta":{"_acf_changed":false,"footnotes":""},"categories":[89002],"tags":[92870,93009,149356,47026,88039,161701,154373,143522,164585,93008],"coauthors":[],"class_list":["post-395077","post","type-post","status-publish","format-standard","has-post-thumbnail","hentry","category-le-flash","tag-aides-humanitaires","tag-conflits-geles","tag-diplomatie-fr","tag-pandemie","tag-relance","tag-resilience-fr","tag-strasbourg-fr","tag-tennis-fr","tag-vaccination-fr","tag-voisinage-oriental"],"acf":[],"yoast_head":"<!-- This site is optimized with the Yoast SEO plugin v27.3 - https:\/\/yoast.com\/product\/yoast-seo-wordpress\/ -->\n<title>28.05.2021 - Radio Roumanie Internationale<\/title>\n<meta name=\"robots\" content=\"index, follow, max-snippet:-1, max-image-preview:large, max-video-preview:-1\" \/>\n<link rel=\"canonical\" href=\"https:\/\/www.rri.ro\/fr\/actualites\/le-flash\/28-05-2021-id395077.html\" \/>\n<meta property=\"og:locale\" content=\"fr_FR\" \/>\n<meta property=\"og:type\" content=\"article\" \/>\n<meta property=\"og:title\" content=\"28.05.2021 - Radio Roumanie Internationale\" \/>\n<meta property=\"og:description\" content=\"Coronavirus en Roumanie &#8211; La pand\u00e9mie est toujours en recul en Roumanie. Vendredi l&rsquo;on a rapport\u00e9 321 personnes&#013; positives au Sars-Cov-2 d\u00e9pist\u00e9es en 24 heures sur pr\u00e8s de 33 000 effectu\u00e9s et 43&#013; d\u00e9c\u00e8s des suites de la Covid-19. Parall\u00e8lement, la campagne de vaccination se poursuit.&#013; Depuis son d\u00e9but, en d\u00e9cembre dernier, quelque 7,6 millions [&hellip;]\" \/>\n<meta property=\"og:url\" content=\"https:\/\/www.rri.ro\/fr\/actualites\/le-flash\/28-05-2021-id395077.html\" \/>\n<meta property=\"og:site_name\" content=\"Radio Roumanie Internationale\" \/>\n<meta property=\"article:published_time\" content=\"2021-05-28T09:44:00+00:00\" \/>\n<meta property=\"og:image\" content=\"https:\/\/www.rri.ro\/wp-content\/uploads\/2023\/10\/stiri-franceza-ok2.png\" \/>\n\t<meta property=\"og:image:width\" content=\"420\" \/>\n\t<meta property=\"og:image:height\" content=\"280\" \/>\n\t<meta property=\"og:image:type\" content=\"image\/png\" \/>\n<meta name=\"author\" content=\"Newsroom\" \/>\n<meta name=\"twitter:card\" content=\"summary_large_image\" \/>\n<meta name=\"twitter:label1\" content=\"\u00c9crit par\" \/>\n\t<meta name=\"twitter:data1\" content=\"Newsroom\" \/>\n\t<meta name=\"twitter:label2\" content=\"Dur\u00e9e de lecture estim\u00e9e\" \/>\n\t<meta name=\"twitter:data2\" content=\"4 minutes\" \/>\n\t<meta name=\"twitter:label3\" content=\"Written by\" \/>\n\t<meta name=\"twitter:data3\" content=\"Newsroom\" \/>\n<script type=\"application\/ld+json\" class=\"yoast-schema-graph\">{\"@context\":\"https:\\\/\\\/schema.org\",\"@graph\":[{\"@type\":\"Article\",\"@id\":\"https:\\\/\\\/www.rri.ro\\\/fr\\\/actualites\\\/le-flash\\\/28-05-2021-id395077.html#article\",\"isPartOf\":{\"@id\":\"https:\\\/\\\/www.rri.ro\\\/fr\\\/actualites\\\/le-flash\\\/28-05-2021-id395077.html\"},\"author\":{\"name\":\"Newsroom\",\"@id\":\"https:\\\/\\\/www.rri.ro\\\/#\\\/schema\\\/person\\\/4a479940371b9fdefd194f561e8a7f88\"},\"headline\":\"28.05.2021\",\"datePublished\":\"2021-05-28T09:44:00+00:00\",\"mainEntityOfPage\":{\"@id\":\"https:\\\/\\\/www.rri.ro\\\/fr\\\/actualites\\\/le-flash\\\/28-05-2021-id395077.html\"},\"wordCount\":922,\"image\":{\"@id\":\"https:\\\/\\\/www.rri.ro\\\/fr\\\/actualites\\\/le-flash\\\/28-05-2021-id395077.html#primaryimage\"},\"thumbnailUrl\":\"https:\\\/\\\/www.rri.ro\\\/wp-content\\\/uploads\\\/2023\\\/10\\\/stiri-franceza-ok2.png\",\"keywords\":[\"aides humanitaires\",\"conflits gel\u00e9s\",\"diplomatie\",\"pandemie\",\"relance\",\"resilience\",\"Strasbourg\",\"tennis\",\"vaccination\",\"voisinage oriental\"],\"articleSection\":[\"Le flash\"],\"inLanguage\":\"fr-FR\"},{\"@type\":\"WebPage\",\"@id\":\"https:\\\/\\\/www.rri.ro\\\/fr\\\/actualites\\\/le-flash\\\/28-05-2021-id395077.html\",\"url\":\"https:\\\/\\\/www.rri.ro\\\/fr\\\/actualites\\\/le-flash\\\/28-05-2021-id395077.html\",\"name\":\"28.05.2021 - Radio Roumanie Internationale\",\"isPartOf\":{\"@id\":\"https:\\\/\\\/www.rri.ro\\\/#website\"},\"primaryImageOfPage\":{\"@id\":\"https:\\\/\\\/www.rri.ro\\\/fr\\\/actualites\\\/le-flash\\\/28-05-2021-id395077.html#primaryimage\"},\"image\":{\"@id\":\"https:\\\/\\\/www.rri.ro\\\/fr\\\/actualites\\\/le-flash\\\/28-05-2021-id395077.html#primaryimage\"},\"thumbnailUrl\":\"https:\\\/\\\/www.rri.ro\\\/wp-content\\\/uploads\\\/2023\\\/10\\\/stiri-franceza-ok2.png\",\"datePublished\":\"2021-05-28T09:44:00+00:00\",\"author\":{\"@id\":\"https:\\\/\\\/www.rri.ro\\\/#\\\/schema\\\/person\\\/4a479940371b9fdefd194f561e8a7f88\"},\"breadcrumb\":{\"@id\":\"https:\\\/\\\/www.rri.ro\\\/fr\\\/actualites\\\/le-flash\\\/28-05-2021-id395077.html#breadcrumb\"},\"inLanguage\":\"fr-FR\",\"potentialAction\":[{\"@type\":\"ReadAction\",\"target\":[\"https:\\\/\\\/www.rri.ro\\\/fr\\\/actualites\\\/le-flash\\\/28-05-2021-id395077.html\"]}]},{\"@type\":\"ImageObject\",\"inLanguage\":\"fr-FR\",\"@id\":\"https:\\\/\\\/www.rri.ro\\\/fr\\\/actualites\\\/le-flash\\\/28-05-2021-id395077.html#primaryimage\",\"url\":\"https:\\\/\\\/www.rri.ro\\\/wp-content\\\/uploads\\\/2023\\\/10\\\/stiri-franceza-ok2.png\",\"contentUrl\":\"https:\\\/\\\/www.rri.ro\\\/wp-content\\\/uploads\\\/2023\\\/10\\\/stiri-franceza-ok2.png\",\"width\":420,\"height\":280},{\"@type\":\"BreadcrumbList\",\"@id\":\"https:\\\/\\\/www.rri.ro\\\/fr\\\/actualites\\\/le-flash\\\/28-05-2021-id395077.html#breadcrumb\",\"itemListElement\":[{\"@type\":\"ListItem\",\"position\":1,\"name\":\"Page d'accueil\",\"item\":\"https:\\\/\\\/www.rri.ro\\\/fr\"},{\"@type\":\"ListItem\",\"position\":2,\"name\":\"Actualit\u00e9s\",\"item\":\"https:\\\/\\\/www.rri.ro\\\/fr\\\/actualites\"},{\"@type\":\"ListItem\",\"position\":3,\"name\":\"Le flash\",\"item\":\"https:\\\/\\\/www.rri.ro\\\/fr\\\/actualites\\\/le-flash\"},{\"@type\":\"ListItem\",\"position\":4,\"name\":\"28.05.2021\"}]},{\"@type\":\"WebSite\",\"@id\":\"https:\\\/\\\/www.rri.ro\\\/#website\",\"url\":\"https:\\\/\\\/www.rri.ro\\\/\",\"name\":\"Radio Roumanie Internationale\",\"description\":\"Totul despre Rom\u00e2nia \u015fi rom\u00e2ni, \u00een 13 limbi\\\/dialecte!\",\"inLanguage\":\"fr-FR\"},{\"@type\":\"Person\",\"@id\":\"https:\\\/\\\/www.rri.ro\\\/#\\\/schema\\\/person\\\/4a479940371b9fdefd194f561e8a7f88\",\"name\":\"Newsroom\",\"url\":\"https:\\\/\\\/www.rri.ro\\\/fr\\\/author\\\/newsroom\"}]}<\/script>\n<!-- \/ Yoast SEO plugin. -->","yoast_head_json":{"title":"28.05.2021 - Radio Roumanie Internationale","robots":{"index":"index","follow":"follow","max-snippet":"max-snippet:-1","max-image-preview":"max-image-preview:large","max-video-preview":"max-video-preview:-1"},"canonical":"https:\/\/www.rri.ro\/fr\/actualites\/le-flash\/28-05-2021-id395077.html","og_locale":"fr_FR","og_type":"article","og_title":"28.05.2021 - Radio Roumanie Internationale","og_description":"Coronavirus en Roumanie &#8211; La pand\u00e9mie est toujours en recul en Roumanie. Vendredi l&rsquo;on a rapport\u00e9 321 personnes&#13; positives au Sars-Cov-2 d\u00e9pist\u00e9es en 24 heures sur pr\u00e8s de 33 000 effectu\u00e9s et 43&#13; d\u00e9c\u00e8s des suites de la Covid-19. Parall\u00e8lement, la campagne de vaccination se poursuit.&#13; Depuis son d\u00e9but, en d\u00e9cembre dernier, quelque 7,6 millions [&hellip;]","og_url":"https:\/\/www.rri.ro\/fr\/actualites\/le-flash\/28-05-2021-id395077.html","og_site_name":"Radio Roumanie Internationale","article_published_time":"2021-05-28T09:44:00+00:00","og_image":[{"width":420,"height":280,"url":"https:\/\/www.rri.ro\/wp-content\/uploads\/2023\/10\/stiri-franceza-ok2.png","type":"image\/png"}],"author":"Newsroom","twitter_card":"summary_large_image","twitter_misc":{"\u00c9crit par":"Newsroom","Dur\u00e9e de lecture estim\u00e9e":"4 minutes","Written by":"Newsroom"},"schema":{"@context":"https:\/\/schema.org","@graph":[{"@type":"Article","@id":"https:\/\/www.rri.ro\/fr\/actualites\/le-flash\/28-05-2021-id395077.html#article","isPartOf":{"@id":"https:\/\/www.rri.ro\/fr\/actualites\/le-flash\/28-05-2021-id395077.html"},"author":{"name":"Newsroom","@id":"https:\/\/www.rri.ro\/#\/schema\/person\/4a479940371b9fdefd194f561e8a7f88"},"headline":"28.05.2021","datePublished":"2021-05-28T09:44:00+00:00","mainEntityOfPage":{"@id":"https:\/\/www.rri.ro\/fr\/actualites\/le-flash\/28-05-2021-id395077.html"},"wordCount":922,"image":{"@id":"https:\/\/www.rri.ro\/fr\/actualites\/le-flash\/28-05-2021-id395077.html#primaryimage"},"thumbnailUrl":"https:\/\/www.rri.ro\/wp-content\/uploads\/2023\/10\/stiri-franceza-ok2.png","keywords":["aides humanitaires","conflits gel\u00e9s","diplomatie","pandemie","relance","resilience","Strasbourg","tennis","vaccination","voisinage oriental"],"articleSection":["Le flash"],"inLanguage":"fr-FR"},{"@type":"WebPage","@id":"https:\/\/www.rri.ro\/fr\/actualites\/le-flash\/28-05-2021-id395077.html","url":"https:\/\/www.rri.ro\/fr\/actualites\/le-flash\/28-05-2021-id395077.html","name":"28.05.2021 - Radio Roumanie Internationale","isPartOf":{"@id":"https:\/\/www.rri.ro\/#website"},"primaryImageOfPage":{"@id":"https:\/\/www.rri.ro\/fr\/actualites\/le-flash\/28-05-2021-id395077.html#primaryimage"},"image":{"@id":"https:\/\/www.rri.ro\/fr\/actualites\/le-flash\/28-05-2021-id395077.html#primaryimage"},"thumbnailUrl":"https:\/\/www.rri.ro\/wp-content\/uploads\/2023\/10\/stiri-franceza-ok2.png","datePublished":"2021-05-28T09:44:00+00:00","author":{"@id":"https:\/\/www.rri.ro\/#\/schema\/person\/4a479940371b9fdefd194f561e8a7f88"},"breadcrumb":{"@id":"https:\/\/www.rri.ro\/fr\/actualites\/le-flash\/28-05-2021-id395077.html#breadcrumb"},"inLanguage":"fr-FR","potentialAction":[{"@type":"ReadAction","target":["https:\/\/www.rri.ro\/fr\/actualites\/le-flash\/28-05-2021-id395077.html"]}]},{"@type":"ImageObject","inLanguage":"fr-FR","@id":"https:\/\/www.rri.ro\/fr\/actualites\/le-flash\/28-05-2021-id395077.html#primaryimage","url":"https:\/\/www.rri.ro\/wp-content\/uploads\/2023\/10\/stiri-franceza-ok2.png","contentUrl":"https:\/\/www.rri.ro\/wp-content\/uploads\/2023\/10\/stiri-franceza-ok2.png","width":420,"height":280},{"@type":"BreadcrumbList","@id":"https:\/\/www.rri.ro\/fr\/actualites\/le-flash\/28-05-2021-id395077.html#breadcrumb","itemListElement":[{"@type":"ListItem","position":1,"name":"Page d'accueil","item":"https:\/\/www.rri.ro\/fr"},{"@type":"ListItem","position":2,"name":"Actualit\u00e9s","item":"https:\/\/www.rri.ro\/fr\/actualites"},{"@type":"ListItem","position":3,"name":"Le flash","item":"https:\/\/www.rri.ro\/fr\/actualites\/le-flash"},{"@type":"ListItem","position":4,"name":"28.05.2021"}]},{"@type":"WebSite","@id":"https:\/\/www.rri.ro\/#website","url":"https:\/\/www.rri.ro\/","name":"Radio Roumanie Internationale","description":"Totul despre Rom\u00e2nia \u015fi rom\u00e2ni, \u00een 13 limbi\/dialecte!","inLanguage":"fr-FR"},{"@type":"Person","@id":"https:\/\/www.rri.ro\/#\/schema\/person\/4a479940371b9fdefd194f561e8a7f88","name":"Newsroom","url":"https:\/\/www.rri.ro\/fr\/author\/newsroom"}]}},"_links":{"self":[{"href":"https:\/\/www.rri.ro\/fr\/wp-json\/wp\/v2\/posts\/395077","targetHints":{"allow":["GET"]}}],"collection":[{"href":"https:\/\/www.rri.ro\/fr\/wp-json\/wp\/v2\/posts"}],"about":[{"href":"https:\/\/www.rri.ro\/fr\/wp-json\/wp\/v2\/types\/post"}],"author":[{"embeddable":true,"href":"https:\/\/www.rri.ro\/fr\/wp-json\/wp\/v2\/users\/113"}],"replies":[{"embeddable":true,"href":"https:\/\/www.rri.ro\/fr\/wp-json\/wp\/v2\/comments?post=395077"}],"version-history":[{"count":0,"href":"https:\/\/www.rri.ro\/fr\/wp-json\/wp\/v2\/posts\/395077\/revisions"}],"wp:featuredmedia":[{"embeddable":true,"href":"https:\/\/www.rri.ro\/fr\/wp-json\/wp\/v2\/media\/391122"}],"wp:attachment":[{"href":"https:\/\/www.rri.ro\/fr\/wp-json\/wp\/v2\/media?parent=395077"}],"wp:term":[{"taxonomy":"category","embeddable":true,"href":"https:\/\/www.rri.ro\/fr\/wp-json\/wp\/v2\/categories?post=395077"},{"taxonomy":"post_tag","embeddable":true,"href":"https:\/\/www.rri.ro\/fr\/wp-json\/wp\/v2\/tags?post=395077"},{"taxonomy":"author","embeddable":true,"href":"https:\/\/www.rri.ro\/fr\/wp-json\/wp\/v2\/coauthors?post=395077"}],"curies":[{"name":"wp","href":"https:\/\/api.w.org\/{rel}","templated":true}]}}