{"id":395082,"date":"2021-05-30T18:55:00","date_gmt":"2021-05-30T15:55:00","guid":{"rendered":"http:\/\/devrri.freshlemon.ro\/le-roumain-mot-a-mot\/consulter-les-lecons\/30-05-2021-mise-a-jour-id395082.html"},"modified":"2021-05-30T18:55:00","modified_gmt":"2021-05-30T15:55:00","slug":"30-05-2021-mise-a-jour","status":"publish","type":"post","link":"https:\/\/www.rri.ro\/fr\/actualites\/le-flash\/30-05-2021-mise-a-jour-id395082.html","title":{"rendered":"30\/05\/2021 (mise \u00e0 jour)"},"content":{"rendered":"<p><strong>Coronavirus<\/strong> &#8212; Le nombre de nouveaux cas de Covid-19 continue de baisser en Roumanie. A pr\u00e9sent, Bucarest et tous les d\u00e9partements du pays sont en zone dite \u00ab verte \u00bb, le taux d\u2019incidence cumul\u00e9 sur 14 jours \u00e9tant inf\u00e9rieur \u00e0 un cas par millier d\u2019habitants. Dimanche, 158 nouveaux cas ont \u00e9t\u00e9 rapport\u00e9s, 29 personnes sont d\u00e9c\u00e9d\u00e9es des suites de l\u2019infection et 443 malades sont en soins critiques. C\u00f4t\u00e9 chiffres, les derni\u00e8res 24 heures, plus de 76 000 personnes ont \u00e9t\u00e9 vaccin\u00e9es dans le pays. Pendant tout le week-end, de nouveaux \u00e9v\u00e9nements pour encourager la population \u00e0 se faire vacciner contre la Covid-19 ont eu lieu en Roumanie, tels que des d\u00e9placements d\u2019\u00e9quipes mobiles sur les march\u00e9s ou la vaccination au volant. Depuis le d\u00e9but de la campagne, fin d\u00e9cembre dernier, pr\u00e8s de 4,3 millions de personnes ont \u00e9t\u00e9 immunis\u00e9es, dont 3,5 millions ont re\u00e7u les deux injections. Plus d\u2019un million de doses de vaccin Pfizer arrivent lundi en Roumanie, soit la tranche la plus cons\u00e9quente. LAgence europ\u00e9enne des m\u00e9dicaments a recommand\u00e9 vendredi lutilisation du vaccin anti-Covid Pfizer\/BioNTech pour les 12-15 ans.<\/p>\n<p>&#13;<br \/>\n&#13;<\/p>\n<p>&#13;<br \/>\n&#13;<\/p>\n<p><strong>Diaspora &#8212; \u00ab <\/strong>Nous avons besoin des comp\u00e9tences de tous les Roumains pour construire un pays prosp\u00e8re o\u00f9 ceux qui sont partis puissent revenir avec joie \u00bb, affirmait le pr\u00e9sident Klaus Iohannis aujourd\u2019hui, dans un message \u00e0 l\u2019occasion de la Journ\u00e9e des Roumains de la diaspora, c\u00e9l\u00e9br\u00e9e le dernier dimanche de mai. Le chef de l\u2019Etat les a tous remerci\u00e9s pour la responsabilit\u00e9 dont ils ont fait preuve et pour la solidarit\u00e9 \u00e0 l\u2019\u00e9gard de ceux qui sont rest\u00e9s au pays. Il a mentionn\u00e9 les moments difficiles qu\u2019ils ont connu pendant la pand\u00e9mie &#8212; tant les Roumains du monde que ceux rest\u00e9s au pays. Le pr\u00e9sident a inform\u00e9 les Roumains du monde que b\u00e9n\u00e9ficiant de fonds europ\u00e9ens, qui faciliteront des investissements massifs dans tous les secteurs, la Roumanie conna\u00eetrait un ample processus de d\u00e9veloppement et de r\u00e9formes. \u00ab La Journ\u00e9e des Roumains de la diaspora est un moment pour r\u00e9fl\u00e9chir \u00e0 l\u2019importance de sauvegarder notre identit\u00e9 et nos valeurs nationales, que chaque Roumain porte au fond de son c\u0153ur \u00bb, a soulign\u00e9 dans son message le ministre des Affaires \u00e9trang\u00e8res, Bogdan Aurescu. Selon lui, renforcer le dialogue et les relations avec les membres des communaut\u00e9s roumaines est une ligne d\u2019action prioritaire du minist\u00e8re, outre la promotion de l\u2019h\u00e9ritage historique et culturel.<\/p>\n<p>&#13;<br \/>\n&#13;<\/p>\n<p>&#13;<br \/>\n&#13;<\/p>\n<p><strong>Visite &#8212; <\/strong>Le vice-pr\u00e9sident de la Commission europ\u00e9enne pour les Relations interinstitutionnelles et la prospective, Maro\u0161 \u0160ef\u010dovi\u010d, fera, lundi, une visite en Roumanie, apprend-on par la Repr\u00e9sentation de la Commission europ\u00e9enne \u00e0 Bucarest. Le haut responsable europ\u00e9en aura des rencontres avec le premier ministre Florin C\u00ee\u0163u, avec Leonard Orban, conseiller pr\u00e9sidentiel pour les affaires europ\u00e9ennes, ainsi qu\u2019avec les pr\u00e9sidents  des deux Chambres du Parlement, Anca Dragu et respectivement Ludovic Orban. Au cours de sa visite, le vice-pr\u00e9sident \u0160ef\u010dovi\u010d prononcera un discours au Forum de s\u00e9curit\u00e9 Atlantique &#8212; mer Noire 2021, accueilli par l\u2019Institut Aspen de Roumanie, et prendra part \u00e0 l\u2019inauguration du Centre euro-atlantique pour la r\u00e9silience.<\/p>\n<p>&#13;<br \/>\n&#13;<\/p>\n<p>&#13;<br \/>\n&#13;<\/p>\n<p><strong>PNL &#8212; <\/strong>Le Conseil national du PNL (principal parti au pouvoir en Roumanie) a fix\u00e9, ce dimanche, la date du Congr\u00e8s du parti au 25 septembre et a \u00e9lu la commission charg\u00e9e de son organisation. Avant le commencement du Conseil, le premier ministre Florin C\u00ee\u0163u a annonc\u00e9 sa candidature \u00e0 la pr\u00e9sidence du parti, soulignant que le PNL avait besoin d\u2019un nouveau souffle. Florin C\u00ee\u0163u, actuellement vice-pr\u00e9sident du parti, a promis \u00e0 ses coll\u00e8gues que le PNL serait au pouvoir au moins 8 ans et qu\u2019ensemble, ils transformeraient la Roumanie en un pays lib\u00e9ral dont tous les Roumains puissent b\u00e9n\u00e9ficier. Le pr\u00e9sident en exercice du PNL, Ludovic Orban, a affirm\u00e9 que ce serait une belle comp\u00e9tition qui montrera aux Roumains que les lib\u00e9raux disposent de ressources humaines fortes et que c\u2019est un parti \u00e0 m\u00eame d\u2019assurer la bonne gouvernance.<\/p>\n<p>&#13;<br \/>\n&#13;<\/p>\n<p>&#13;<br \/>\n&#13;<\/p>\n<p><strong>Migrants &#8212; <\/strong>15 ressortissants de Syrie, de Somalie et d\u2019Irak, dont deux enfants, qui avaient travers\u00e9 le Danube dans une embarcation gonflable, ont \u00e9t\u00e9 interpell\u00e9s par les policiers roumains aux fronti\u00e8res de Drobeta Turnu Severin (sud-ouest). Selon l\u2019Inspection g\u00e9n\u00e9rale de la Police aux fronti\u00e8res, \u00e0 l\u2019enqu\u00eate, les adultes ont d\u00e9clar\u00e9 avoir quitt\u00e9 le territoire de la Serbie en essayant de franchir clandestinement la fronti\u00e8re de la Roumanie sur le Danube, \u00e0 l\u2019aide d\u2019une embarcation. L\u2019enqu\u00eate est en cours.<\/p>\n<p>&#13;<br \/>\n&#13;<\/p>\n<p>&#13;<br \/>\n&#13;<\/p>\n<p><strong>Gymnastique &#8212; <\/strong>La Roumanie a conquis les m\u00e9dailles d\u2019or \u00e0 l\u2019\u00e9preuve de groupe, samedi, \u00e0 la 16e \u00e9dition des Championnats du monde de gymnastique a\u00e9robic de Bakou, selon le site de la F\u00e9d\u00e9ration roumaine de gymnastique. L\u2019\u00e9quipe d\u2019or est compos\u00e9e de Gabriel Boc\u015fer, Teodora Cucu, Daniel \u0162avoc, David Gavrilovici et Mihai Alin Popa. A cette \u00e9dition, la Roumanie a \u00e9galement obtenu une m\u00e9daille d\u2019argent \u00e0 l\u2019\u00e9preuve par \u00e9quipes et une de bronze \u00e0 l\u2019\u00e9preuve de trio, par Teodora Cucu, Daniel \u0162avoc et David Gavrilovici. Le classement par \u00e9quipes est dress\u00e9 sur la base des meilleurs r\u00e9sultats enregistr\u00e9s au trio, aux paires mixtes, au groupe, \u00e0 la danse a\u00e9robic et \u00e0 l\u2019\u00e9preuve individuelle masculine ou f\u00e9minine.  <\/p>\n<p>&#13;<br \/>\n&#13;<\/p>\n<p>&#13;<br \/>\n&#13;<\/p>\n<p><strong>Tennis &#8212; <\/strong>La joueuse de tennis roumaine Ana Bogdan (102e WTA) s\u2019est qualifi\u00e9e, ce dimanche, au deuxi\u00e8me tour du tournoi de Roland Garros, deuxi\u00e8me du Grand Chelem de l\u2019ann\u00e9e, apr\u00e8s avoir vaincu l\u2019Italienne Elisabetta Cocciaretto (113e du monde) par 6-1, 6-3<strong>. <\/strong>Au deuxi\u00e8me tour, Ana Bogdan rencontre la Japonaise Naomi Osaka, qui a \u00e9limin\u00e9 ce dimanche la Roumaine Patricia \u021aig (63e WTA) par 6-4,7-6. Les autres Roumaines qui se sont qualifi\u00e9es directement au tableau principal sont Sorana C\u00eerstea (61e WTA), Mihaela Buz\u0103rnescu (173e WTA), Irina Begu (74e WTA), alors qu\u2019Irina Bara est arriv\u00e9e par les qualifications. Accident\u00e9e, Simona Halep, n\u00b0 3 mondiale, qui a triomph\u00e9 sur la terre battue parisienne en 2018, ne participe pas \u00e0 cette \u00e9dition.<\/p>\n<p>&#13;<\/p>\n","protected":false},"excerpt":{"rendered":"<p>Coronavirus &#8212; Le nombre de nouveaux cas de Covid-19 continue de baisser en Roumanie. A pr\u00e9sent, Bucarest et tous les d\u00e9partements du pays sont en zone dite \u00ab verte \u00bb, le taux d\u2019incidence cumul\u00e9 sur 14 jours \u00e9tant inf\u00e9rieur \u00e0 un cas par millier d\u2019habitants. Dimanche, 158 nouveaux cas ont \u00e9t\u00e9 rapport\u00e9s, 29 personnes sont [&hellip;]<\/p>\n","protected":false},"author":113,"featured_media":391122,"comment_status":"closed","ping_status":"closed","sticky":false,"template":"","format":"standard","meta":{"_acf_changed":false,"footnotes":""},"categories":[89002],"tags":[47164,35339,22456,89595,39529,89074,29473,29613,30982,29089,85412,28939,86349],"coauthors":[],"class_list":["post-395082","post","type-post","status-publish","format-standard","has-post-thumbnail","hentry","category-le-flash","tag-congres","tag-coronavirus","tag-diaspora","tag-gymnastique","tag-maros-sefcovic","tag-medailles","tag-message","tag-migrants","tag-pnl","tag-roland-garros","tag-roumanie","tag-tennis","tag-visite"],"acf":[],"yoast_head":"<!-- This site is optimized with the Yoast SEO plugin v27.3 - https:\/\/yoast.com\/product\/yoast-seo-wordpress\/ -->\n<title>30\/05\/2021 (mise \u00e0 jour) - Radio Roumanie Internationale<\/title>\n<meta name=\"robots\" content=\"index, follow, max-snippet:-1, max-image-preview:large, max-video-preview:-1\" \/>\n<link rel=\"canonical\" href=\"https:\/\/www.rri.ro\/fr\/actualites\/le-flash\/30-05-2021-mise-a-jour-id395082.html\" \/>\n<meta property=\"og:locale\" content=\"fr_FR\" \/>\n<meta property=\"og:type\" content=\"article\" \/>\n<meta property=\"og:title\" content=\"30\/05\/2021 (mise \u00e0 jour) - Radio Roumanie Internationale\" \/>\n<meta property=\"og:description\" content=\"Coronavirus &#8212; Le nombre de nouveaux cas de Covid-19 continue de baisser en Roumanie. A pr\u00e9sent, Bucarest et tous les d\u00e9partements du pays sont en zone dite \u00ab verte \u00bb, le taux d\u2019incidence cumul\u00e9 sur 14 jours \u00e9tant inf\u00e9rieur \u00e0 un cas par millier d\u2019habitants. Dimanche, 158 nouveaux cas ont \u00e9t\u00e9 rapport\u00e9s, 29 personnes sont [&hellip;]\" \/>\n<meta property=\"og:url\" content=\"https:\/\/www.rri.ro\/fr\/actualites\/le-flash\/30-05-2021-mise-a-jour-id395082.html\" \/>\n<meta property=\"og:site_name\" content=\"Radio Roumanie Internationale\" \/>\n<meta property=\"article:published_time\" content=\"2021-05-30T15:55:00+00:00\" \/>\n<meta property=\"og:image\" content=\"https:\/\/www.rri.ro\/wp-content\/uploads\/2023\/10\/stiri-franceza-ok2.png\" \/>\n\t<meta property=\"og:image:width\" content=\"420\" \/>\n\t<meta property=\"og:image:height\" content=\"280\" \/>\n\t<meta property=\"og:image:type\" content=\"image\/png\" \/>\n<meta name=\"author\" content=\"Newsroom\" \/>\n<meta name=\"twitter:card\" content=\"summary_large_image\" \/>\n<meta name=\"twitter:label1\" content=\"\u00c9crit par\" \/>\n\t<meta name=\"twitter:data1\" content=\"Newsroom\" \/>\n\t<meta name=\"twitter:label2\" content=\"Dur\u00e9e de lecture estim\u00e9e\" \/>\n\t<meta name=\"twitter:data2\" content=\"5 minutes\" \/>\n\t<meta name=\"twitter:label3\" content=\"Written by\" \/>\n\t<meta name=\"twitter:data3\" content=\"Newsroom\" \/>\n<script type=\"application\/ld+json\" class=\"yoast-schema-graph\">{\"@context\":\"https:\\\/\\\/schema.org\",\"@graph\":[{\"@type\":\"Article\",\"@id\":\"https:\\\/\\\/www.rri.ro\\\/fr\\\/actualites\\\/le-flash\\\/30-05-2021-mise-a-jour-id395082.html#article\",\"isPartOf\":{\"@id\":\"https:\\\/\\\/www.rri.ro\\\/fr\\\/actualites\\\/le-flash\\\/30-05-2021-mise-a-jour-id395082.html\"},\"author\":{\"name\":\"Newsroom\",\"@id\":\"https:\\\/\\\/www.rri.ro\\\/#\\\/schema\\\/person\\\/4a479940371b9fdefd194f561e8a7f88\"},\"headline\":\"30\\\/05\\\/2021 (mise \u00e0 jour)\",\"datePublished\":\"2021-05-30T15:55:00+00:00\",\"mainEntityOfPage\":{\"@id\":\"https:\\\/\\\/www.rri.ro\\\/fr\\\/actualites\\\/le-flash\\\/30-05-2021-mise-a-jour-id395082.html\"},\"wordCount\":1057,\"image\":{\"@id\":\"https:\\\/\\\/www.rri.ro\\\/fr\\\/actualites\\\/le-flash\\\/30-05-2021-mise-a-jour-id395082.html#primaryimage\"},\"thumbnailUrl\":\"https:\\\/\\\/www.rri.ro\\\/wp-content\\\/uploads\\\/2023\\\/10\\\/stiri-franceza-ok2.png\",\"keywords\":[\"Congres\",\"coronavirus\",\"diaspora\",\"gymnastique\",\"Maros Sefcovic\",\"m\u00e9dailles\",\"message\",\"migrants\",\"PNL\",\"Roland Garros\",\"Roumanie\",\"tennis\",\"visite\"],\"articleSection\":[\"Le flash\"],\"inLanguage\":\"fr-FR\"},{\"@type\":\"WebPage\",\"@id\":\"https:\\\/\\\/www.rri.ro\\\/fr\\\/actualites\\\/le-flash\\\/30-05-2021-mise-a-jour-id395082.html\",\"url\":\"https:\\\/\\\/www.rri.ro\\\/fr\\\/actualites\\\/le-flash\\\/30-05-2021-mise-a-jour-id395082.html\",\"name\":\"30\\\/05\\\/2021 (mise \u00e0 jour) - Radio Roumanie Internationale\",\"isPartOf\":{\"@id\":\"https:\\\/\\\/www.rri.ro\\\/#website\"},\"primaryImageOfPage\":{\"@id\":\"https:\\\/\\\/www.rri.ro\\\/fr\\\/actualites\\\/le-flash\\\/30-05-2021-mise-a-jour-id395082.html#primaryimage\"},\"image\":{\"@id\":\"https:\\\/\\\/www.rri.ro\\\/fr\\\/actualites\\\/le-flash\\\/30-05-2021-mise-a-jour-id395082.html#primaryimage\"},\"thumbnailUrl\":\"https:\\\/\\\/www.rri.ro\\\/wp-content\\\/uploads\\\/2023\\\/10\\\/stiri-franceza-ok2.png\",\"datePublished\":\"2021-05-30T15:55:00+00:00\",\"author\":{\"@id\":\"https:\\\/\\\/www.rri.ro\\\/#\\\/schema\\\/person\\\/4a479940371b9fdefd194f561e8a7f88\"},\"breadcrumb\":{\"@id\":\"https:\\\/\\\/www.rri.ro\\\/fr\\\/actualites\\\/le-flash\\\/30-05-2021-mise-a-jour-id395082.html#breadcrumb\"},\"inLanguage\":\"fr-FR\",\"potentialAction\":[{\"@type\":\"ReadAction\",\"target\":[\"https:\\\/\\\/www.rri.ro\\\/fr\\\/actualites\\\/le-flash\\\/30-05-2021-mise-a-jour-id395082.html\"]}]},{\"@type\":\"ImageObject\",\"inLanguage\":\"fr-FR\",\"@id\":\"https:\\\/\\\/www.rri.ro\\\/fr\\\/actualites\\\/le-flash\\\/30-05-2021-mise-a-jour-id395082.html#primaryimage\",\"url\":\"https:\\\/\\\/www.rri.ro\\\/wp-content\\\/uploads\\\/2023\\\/10\\\/stiri-franceza-ok2.png\",\"contentUrl\":\"https:\\\/\\\/www.rri.ro\\\/wp-content\\\/uploads\\\/2023\\\/10\\\/stiri-franceza-ok2.png\",\"width\":420,\"height\":280},{\"@type\":\"BreadcrumbList\",\"@id\":\"https:\\\/\\\/www.rri.ro\\\/fr\\\/actualites\\\/le-flash\\\/30-05-2021-mise-a-jour-id395082.html#breadcrumb\",\"itemListElement\":[{\"@type\":\"ListItem\",\"position\":1,\"name\":\"Page d'accueil\",\"item\":\"https:\\\/\\\/www.rri.ro\\\/fr\"},{\"@type\":\"ListItem\",\"position\":2,\"name\":\"Actualit\u00e9s\",\"item\":\"https:\\\/\\\/www.rri.ro\\\/fr\\\/actualites\"},{\"@type\":\"ListItem\",\"position\":3,\"name\":\"Le flash\",\"item\":\"https:\\\/\\\/www.rri.ro\\\/fr\\\/actualites\\\/le-flash\"},{\"@type\":\"ListItem\",\"position\":4,\"name\":\"30\\\/05\\\/2021 (mise \u00e0 jour)\"}]},{\"@type\":\"WebSite\",\"@id\":\"https:\\\/\\\/www.rri.ro\\\/#website\",\"url\":\"https:\\\/\\\/www.rri.ro\\\/\",\"name\":\"Radio Roumanie Internationale\",\"description\":\"Totul despre Rom\u00e2nia \u015fi rom\u00e2ni, \u00een 13 limbi\\\/dialecte!\",\"inLanguage\":\"fr-FR\"},{\"@type\":\"Person\",\"@id\":\"https:\\\/\\\/www.rri.ro\\\/#\\\/schema\\\/person\\\/4a479940371b9fdefd194f561e8a7f88\",\"name\":\"Newsroom\",\"url\":\"https:\\\/\\\/www.rri.ro\\\/fr\\\/author\\\/newsroom\"}]}<\/script>\n<!-- \/ Yoast SEO plugin. -->","yoast_head_json":{"title":"30\/05\/2021 (mise \u00e0 jour) - Radio Roumanie Internationale","robots":{"index":"index","follow":"follow","max-snippet":"max-snippet:-1","max-image-preview":"max-image-preview:large","max-video-preview":"max-video-preview:-1"},"canonical":"https:\/\/www.rri.ro\/fr\/actualites\/le-flash\/30-05-2021-mise-a-jour-id395082.html","og_locale":"fr_FR","og_type":"article","og_title":"30\/05\/2021 (mise \u00e0 jour) - Radio Roumanie Internationale","og_description":"Coronavirus &#8212; Le nombre de nouveaux cas de Covid-19 continue de baisser en Roumanie. A pr\u00e9sent, Bucarest et tous les d\u00e9partements du pays sont en zone dite \u00ab verte \u00bb, le taux d\u2019incidence cumul\u00e9 sur 14 jours \u00e9tant inf\u00e9rieur \u00e0 un cas par millier d\u2019habitants. Dimanche, 158 nouveaux cas ont \u00e9t\u00e9 rapport\u00e9s, 29 personnes sont [&hellip;]","og_url":"https:\/\/www.rri.ro\/fr\/actualites\/le-flash\/30-05-2021-mise-a-jour-id395082.html","og_site_name":"Radio Roumanie Internationale","article_published_time":"2021-05-30T15:55:00+00:00","og_image":[{"width":420,"height":280,"url":"https:\/\/www.rri.ro\/wp-content\/uploads\/2023\/10\/stiri-franceza-ok2.png","type":"image\/png"}],"author":"Newsroom","twitter_card":"summary_large_image","twitter_misc":{"\u00c9crit par":"Newsroom","Dur\u00e9e de lecture estim\u00e9e":"5 minutes","Written by":"Newsroom"},"schema":{"@context":"https:\/\/schema.org","@graph":[{"@type":"Article","@id":"https:\/\/www.rri.ro\/fr\/actualites\/le-flash\/30-05-2021-mise-a-jour-id395082.html#article","isPartOf":{"@id":"https:\/\/www.rri.ro\/fr\/actualites\/le-flash\/30-05-2021-mise-a-jour-id395082.html"},"author":{"name":"Newsroom","@id":"https:\/\/www.rri.ro\/#\/schema\/person\/4a479940371b9fdefd194f561e8a7f88"},"headline":"30\/05\/2021 (mise \u00e0 jour)","datePublished":"2021-05-30T15:55:00+00:00","mainEntityOfPage":{"@id":"https:\/\/www.rri.ro\/fr\/actualites\/le-flash\/30-05-2021-mise-a-jour-id395082.html"},"wordCount":1057,"image":{"@id":"https:\/\/www.rri.ro\/fr\/actualites\/le-flash\/30-05-2021-mise-a-jour-id395082.html#primaryimage"},"thumbnailUrl":"https:\/\/www.rri.ro\/wp-content\/uploads\/2023\/10\/stiri-franceza-ok2.png","keywords":["Congres","coronavirus","diaspora","gymnastique","Maros Sefcovic","m\u00e9dailles","message","migrants","PNL","Roland Garros","Roumanie","tennis","visite"],"articleSection":["Le flash"],"inLanguage":"fr-FR"},{"@type":"WebPage","@id":"https:\/\/www.rri.ro\/fr\/actualites\/le-flash\/30-05-2021-mise-a-jour-id395082.html","url":"https:\/\/www.rri.ro\/fr\/actualites\/le-flash\/30-05-2021-mise-a-jour-id395082.html","name":"30\/05\/2021 (mise \u00e0 jour) - Radio Roumanie Internationale","isPartOf":{"@id":"https:\/\/www.rri.ro\/#website"},"primaryImageOfPage":{"@id":"https:\/\/www.rri.ro\/fr\/actualites\/le-flash\/30-05-2021-mise-a-jour-id395082.html#primaryimage"},"image":{"@id":"https:\/\/www.rri.ro\/fr\/actualites\/le-flash\/30-05-2021-mise-a-jour-id395082.html#primaryimage"},"thumbnailUrl":"https:\/\/www.rri.ro\/wp-content\/uploads\/2023\/10\/stiri-franceza-ok2.png","datePublished":"2021-05-30T15:55:00+00:00","author":{"@id":"https:\/\/www.rri.ro\/#\/schema\/person\/4a479940371b9fdefd194f561e8a7f88"},"breadcrumb":{"@id":"https:\/\/www.rri.ro\/fr\/actualites\/le-flash\/30-05-2021-mise-a-jour-id395082.html#breadcrumb"},"inLanguage":"fr-FR","potentialAction":[{"@type":"ReadAction","target":["https:\/\/www.rri.ro\/fr\/actualites\/le-flash\/30-05-2021-mise-a-jour-id395082.html"]}]},{"@type":"ImageObject","inLanguage":"fr-FR","@id":"https:\/\/www.rri.ro\/fr\/actualites\/le-flash\/30-05-2021-mise-a-jour-id395082.html#primaryimage","url":"https:\/\/www.rri.ro\/wp-content\/uploads\/2023\/10\/stiri-franceza-ok2.png","contentUrl":"https:\/\/www.rri.ro\/wp-content\/uploads\/2023\/10\/stiri-franceza-ok2.png","width":420,"height":280},{"@type":"BreadcrumbList","@id":"https:\/\/www.rri.ro\/fr\/actualites\/le-flash\/30-05-2021-mise-a-jour-id395082.html#breadcrumb","itemListElement":[{"@type":"ListItem","position":1,"name":"Page d'accueil","item":"https:\/\/www.rri.ro\/fr"},{"@type":"ListItem","position":2,"name":"Actualit\u00e9s","item":"https:\/\/www.rri.ro\/fr\/actualites"},{"@type":"ListItem","position":3,"name":"Le flash","item":"https:\/\/www.rri.ro\/fr\/actualites\/le-flash"},{"@type":"ListItem","position":4,"name":"30\/05\/2021 (mise \u00e0 jour)"}]},{"@type":"WebSite","@id":"https:\/\/www.rri.ro\/#website","url":"https:\/\/www.rri.ro\/","name":"Radio Roumanie Internationale","description":"Totul despre Rom\u00e2nia \u015fi rom\u00e2ni, \u00een 13 limbi\/dialecte!","inLanguage":"fr-FR"},{"@type":"Person","@id":"https:\/\/www.rri.ro\/#\/schema\/person\/4a479940371b9fdefd194f561e8a7f88","name":"Newsroom","url":"https:\/\/www.rri.ro\/fr\/author\/newsroom"}]}},"_links":{"self":[{"href":"https:\/\/www.rri.ro\/fr\/wp-json\/wp\/v2\/posts\/395082","targetHints":{"allow":["GET"]}}],"collection":[{"href":"https:\/\/www.rri.ro\/fr\/wp-json\/wp\/v2\/posts"}],"about":[{"href":"https:\/\/www.rri.ro\/fr\/wp-json\/wp\/v2\/types\/post"}],"author":[{"embeddable":true,"href":"https:\/\/www.rri.ro\/fr\/wp-json\/wp\/v2\/users\/113"}],"replies":[{"embeddable":true,"href":"https:\/\/www.rri.ro\/fr\/wp-json\/wp\/v2\/comments?post=395082"}],"version-history":[{"count":0,"href":"https:\/\/www.rri.ro\/fr\/wp-json\/wp\/v2\/posts\/395082\/revisions"}],"wp:featuredmedia":[{"embeddable":true,"href":"https:\/\/www.rri.ro\/fr\/wp-json\/wp\/v2\/media\/391122"}],"wp:attachment":[{"href":"https:\/\/www.rri.ro\/fr\/wp-json\/wp\/v2\/media?parent=395082"}],"wp:term":[{"taxonomy":"category","embeddable":true,"href":"https:\/\/www.rri.ro\/fr\/wp-json\/wp\/v2\/categories?post=395082"},{"taxonomy":"post_tag","embeddable":true,"href":"https:\/\/www.rri.ro\/fr\/wp-json\/wp\/v2\/tags?post=395082"},{"taxonomy":"author","embeddable":true,"href":"https:\/\/www.rri.ro\/fr\/wp-json\/wp\/v2\/coauthors?post=395082"}],"curies":[{"name":"wp","href":"https:\/\/api.w.org\/{rel}","templated":true}]}}