{"id":395196,"date":"2021-07-19T19:30:00","date_gmt":"2021-07-19T16:30:00","guid":{"rendered":"http:\/\/devrri.freshlemon.ro\/le-roumain-mot-a-mot\/consulter-les-lecons\/19-07-2021-mise-a-jour-2-id395196.html"},"modified":"2021-07-19T19:30:00","modified_gmt":"2021-07-19T16:30:00","slug":"19-07-2021-mise-a-jour-2","status":"publish","type":"post","link":"https:\/\/www.rri.ro\/fr\/actualites\/le-flash\/19-07-2021-mise-a-jour-2-id395196.html","title":{"rendered":"19.07.2021 (mise \u00e0 jour)"},"content":{"rendered":"<p><strong class=cms-bold>M\u00e9t\u00e9o &#8211;<\/strong> Les vagues de chaleur alterneront avec les p\u00e9riodes d&rsquo;instabilit\u00e9 en Roumanie durant les prochaines 24 heures. Des alertes code jaune et orange \u00e0 l&rsquo;instabilit\u00e9 et aux pluies torrentielles ont \u00e9t\u00e9 \u00e9mises et sont en vigueur jusqu&rsquo;\u00e0 demain matin concernant le nord, le nord-est, le centre, le sud-ouest et les r\u00e9gions de montagne.  Les maxima de la journ\u00e9e iront de 24 \u00e0 33 degr\u00e9s. La m\u00e9t\u00e9o restera capricieuse au moins jusqu&rsquo;au milieu de cette semaine, annonce l&rsquo;Administration nationale de m\u00e9t\u00e9orologie. L&rsquo;instabilit\u00e9 devra se propager \u00e0 travers le pays, alors que les temp\u00e9ratures devraient baisser l\u00e9g\u00e8rement. Pourtant l&rsquo;inconfort thermique demeurera assez \u00e9lev\u00e9. Les temp\u00eates toucheront d&rsquo;abord le sud-ouest, l&rsquo;ouest, le centre et le nord du pays alors que mardi cette instabilit\u00e9 sera pr\u00e9sente aussi sur le sud et le sud-est du territoire. Des quantit\u00e9s d&rsquo;eau importantes devraient tomber, allant jusqu&rsquo;\u00e0 60 litres par m\u00e8tre carr\u00e9. Jusqu&rsquo;\u00e0 mercredi, des temp\u00eates et des orages avec des chutes de gr\u00eale sont possibles, mais le beau temps sera de retour jeudi, avec des pluies isol\u00e9es sur le relief et des temp\u00e9ratures plut\u00f4t agr\u00e9ables allant de 23 \u00e0 31 degr\u00e9s \u00e0 travers le pays. La m\u00e9t\u00e9o extr\u00eame des derniers jours a provoqu\u00e9 des d\u00e9g\u00e2ts importants sur l&rsquo;ouest de la Roumanie, o\u00f9 plusieurs localit\u00e9s du comt\u00e9 d&rsquo;Alba ont \u00e9t\u00e9 touch\u00e9es par les inondations et la crue des rivi\u00e8res. <\/p>\n<p><\/p>\n<p><strong class=cms-bold>Coronavirus en Roumanie &#8211; <\/strong>La ministre roumaine de la Sant\u00e9, Ioana Mihaila, affirme que la 4e vague de la pand\u00e9mie de coronavirus sera celle des personnes non vaccin\u00e9es. Elle pr\u00e9cise aussi que moins de 1% des vaccin\u00e9s ont contract\u00e9 le virus et exhorte la population \u00e0 se faire immuniser pour \u00e9viter le risque de d\u00e9velopper une forme s\u00e9v\u00e8re de Covid-19, m\u00eame s&rsquo;il s&rsquo;agit du variant Delta. Malgr\u00e9 les appels constants des autorit\u00e9s et des diff\u00e9rentes campagnes de vaccination, le seuil des 5 millions de Roumains vaccin\u00e9s au sch\u00e9ma complet n&rsquo;a toujours pas \u00e9t\u00e9 franchi, alors que la date butoir en \u00e9tait le 1er juin. 46 nouveaux cas de contamination au Sars CoV 2 ont \u00e9t\u00e9 rapport\u00e9s lundi dans l&rsquo;apr\u00e8s-midi en Roumanie sur pr\u00e8s de 11 mille tests effectu\u00e9s. Le Groupe de Communication strat\u00e9gique a annonc\u00e9 un d\u00e9c\u00e8s des suites de la Covid 19 269 malades de Covid 19 sont actuellement hospitalis\u00e9s, dont 33 en r\u00e9animation &#8211; soins intensifs. <\/p>\n<p><\/p>\n<p><strong class=cms-bold>Coronavirus en Europe &#8211; <\/strong>La Gr\u00e8ce r\u00e9introduit des restrictions sanitaires en pleine saison estivale. Selon le correspondant de Radio Roumanie \u00e0 Ath\u00e8nes, dans plusieurs \u00eeles grecques consid\u00e9r\u00e9es jusqu&rsquo;ici comme libres de covid, les autorit\u00e9s ont impos\u00e9 le couvre-feu dans la nuit et ont interdit l&rsquo;acc\u00e8s des personnes non vaccin\u00e9es \u00e0 l&rsquo;int\u00e9rieur des clubs et des restaurants. Le gouvernement d&rsquo;Ath\u00e8nes envisage d&rsquo;imposer la vaccination obligatoire pour plusieurs cat\u00e9gories de salari\u00e9s, qui risquent de se voir licencier s&rsquo;ils refusent l&rsquo;immunisation. En revanche, l&rsquo;Angleterre a lev\u00e9 toutes les restrictions \u00e0 compter de ce lundi, y compris le port du masque, m\u00eame si le nombre des infections au variant Delta du coronavirus ne cesse de cro\u00eetre. Et pour cause : de l&rsquo;avis du gouvernement de Londres, les restrictions ne peuvent pas durer \u00e0 l&rsquo;infini, alors que les vaccins prot\u00e8gent contre l&rsquo;infection au coronavirus.  <\/p>\n<p><\/p>\n<p><strong class=cms-bold>D\u00e9fense &#8211; <\/strong>Le ministre roumain de la d\u00e9fense, Nicolae Ciuca, et le chef de l&rsquo;Etat major de la d\u00e9fense, le g\u00e9n\u00e9ral-lieutenant Daniel Petrescu participent mardi \u00e0 la c\u00e9r\u00e9monie militaire d\u00e9roul\u00e9e \u00e0 l&rsquo;occasion de la Journ\u00e9e de l&rsquo;aviation roumaine et des Forces a\u00e9riennes aupr\u00e8s du monument des h\u00e9ros de l&rsquo;air, situ\u00e9 dans le centre-ville de Bucarest. Plusieurs couronnes de fleurs seront d\u00e9pos\u00e9es \u00e0 la m\u00e9moire des h\u00e9ros aviateurs et le 74e r\u00e9giment recevra son drapeau de combat. Cette unit\u00e9 fond\u00e9 le 1er d\u00e9cembre 2018 vise \u00e0 rendre op\u00e9rationnel le syst\u00e8me de missiles sol-air Patriot.    <\/p>\n<p><\/p>\n<p><strong class=cms-bold>For\u00eats &#8211; <\/strong>La Roumanie a rejoint dix autres Etats europ\u00e9ens, dont l&rsquo;Allemagne, l&rsquo;Autriche et la Hongrie qui ont demand\u00e9 un d\u00e9bat sur la nouvelle strat\u00e9gie de Bruxelles sur la gestion des for\u00eats, avant que le document soit officiellement assum\u00e9 par la Commission europ\u00e9enne. Le ministre roumain de l&rsquo;environnementTanczos Barna, a expliqu\u00e9 que jusqu&rsquo;ici les Etats membres ont pu consulter uniquement un projet de la strat\u00e9gie et que la variante finale devrait tenir compte des opinions ponctuelles des chaque Etat. Il a \u00e9galement ajout\u00e9 que mardi il devra rencontrer Virginijus Sinklevicius, le commissaire europ\u00e9en \u00e0 l&rsquo;environnement \u00e0 l&rsquo;environnement, aux oc\u00e9ans et \u00e0 la p\u00eache et il parlera justement de cet aspect. Pourtant, selon la Commission europ\u00e9enne, la nouvelle strat\u00e9gie pour la protection et la r\u00e9g\u00e9n\u00e9ration des for\u00eats de l&rsquo;UE, adopt\u00e9 le 16 juillet est issue d&rsquo;une consultation publique dans tous les Etats membres. La d\u00e9marche de contester de la strat\u00e9gie europ\u00e9enne relative aux for\u00eats a \u00e9t\u00e9 initi\u00e9e par l&rsquo;Autriche.  La Roumanie s&rsquo;est confront\u00e9e depuis plusieurs ann\u00e9es \u00e0 des d\u00e9frichements massifs. Gr\u00e2ce \u00e0 la nouvelle loi, la protection des for\u00eats \u00e2g\u00e9es et primaires sera suivie en Roumanie, tout comme en Bulgarie, Finlande et Su\u00e8de. <\/p>\n<p><\/p>\n<p><strong class=cms-bold>Amende &#8211;<\/strong> La compagnie Rompetrol Rafinare s&rsquo;est vue infliger une amende de quelque 10 mille euros de la part de la Garde Environnementale, apr\u00e8s l&rsquo;incendie qui a eu lieu lundi aux raffineries Petromidia, dans le sud-est du pays. La compagnie a \u00e9t\u00e9 sanctionn\u00e9e pour ne pas avoir respect\u00e9 la l\u00e9gislation relative aux accidents majeurs, impliquant des substances dangereuses. Le 2 juillet, une installation de la plateforme industrielle de Petromodia a explos\u00e9 et provoqu\u00e9 un incendie violent qui a \u00e9mis une fum\u00e9e \u00e9paisse. Cinq ouvriers de la compagnie ont \u00e9t\u00e9 bless\u00e9s, dont un est d\u00e9c\u00e9d\u00e9 durant l&rsquo;\u00e9v\u00e9nement ce qui a transform\u00e9 l&rsquo;incident en accident majeur. Deux autres travailleurs sont d\u00e9c\u00e9d\u00e9s dans une clinique allemande, o\u00f9 ils \u00e9taient soign\u00e9s.  Le parquet a ouvert un dossier p\u00e9nal pour des faits de meurtre, blessures graves et destruction                                                                                   <\/p>\n<p><\/p>\n<p><\/p>\n","protected":false},"excerpt":{"rendered":"<p>M\u00e9t\u00e9o &#8211; Les vagues de chaleur alterneront avec les p\u00e9riodes d&rsquo;instabilit\u00e9 en Roumanie durant les prochaines 24 heures. Des alertes code jaune et orange \u00e0 l&rsquo;instabilit\u00e9 et aux pluies torrentielles ont \u00e9t\u00e9 \u00e9mises et sont en vigueur jusqu&rsquo;\u00e0 demain matin concernant le nord, le nord-est, le centre, le sud-ouest et les r\u00e9gions de montagne. Les [&hellip;]<\/p>\n","protected":false},"author":113,"featured_media":395156,"comment_status":"closed","ping_status":"closed","sticky":false,"template":"","format":"standard","meta":{"_acf_changed":false,"footnotes":""},"categories":[89002],"tags":[89588,93059,88182,35339,116082,86723,86944,89218,147064,90177,86066,164585],"coauthors":[],"class_list":["post-395196","post","type-post","status-publish","format-standard","has-post-thumbnail","hentry","category-le-flash","tag-amende","tag-aviatio","tag-chaleur","tag-coronavirus","tag-defense-fr","tag-environnement","tag-forets","tag-intemperies","tag-meteo-fr","tag-raffinerie","tag-sante","tag-vaccination-fr"],"acf":[],"yoast_head":"<!-- This site is optimized with the Yoast SEO plugin v27.5 - https:\/\/yoast.com\/product\/yoast-seo-wordpress\/ -->\n<title>19.07.2021 (mise \u00e0 jour) - Radio Roumanie Internationale<\/title>\n<meta name=\"robots\" content=\"index, follow, max-snippet:-1, max-image-preview:large, max-video-preview:-1\" \/>\n<link rel=\"canonical\" href=\"https:\/\/www.rri.ro\/fr\/actualites\/le-flash\/19-07-2021-mise-a-jour-2-id395196.html\" \/>\n<meta property=\"og:locale\" content=\"fr_FR\" \/>\n<meta property=\"og:type\" content=\"article\" \/>\n<meta property=\"og:title\" content=\"19.07.2021 (mise \u00e0 jour) - Radio Roumanie Internationale\" \/>\n<meta property=\"og:description\" content=\"M\u00e9t\u00e9o &#8211; Les vagues de chaleur alterneront avec les p\u00e9riodes d&rsquo;instabilit\u00e9 en Roumanie durant les prochaines 24 heures. Des alertes code jaune et orange \u00e0 l&rsquo;instabilit\u00e9 et aux pluies torrentielles ont \u00e9t\u00e9 \u00e9mises et sont en vigueur jusqu&rsquo;\u00e0 demain matin concernant le nord, le nord-est, le centre, le sud-ouest et les r\u00e9gions de montagne. Les [&hellip;]\" \/>\n<meta property=\"og:url\" content=\"https:\/\/www.rri.ro\/fr\/actualites\/le-flash\/19-07-2021-mise-a-jour-2-id395196.html\" \/>\n<meta property=\"og:site_name\" content=\"Radio Roumanie Internationale\" \/>\n<meta property=\"article:published_time\" content=\"2021-07-19T16:30:00+00:00\" \/>\n<meta property=\"og:image\" content=\"https:\/\/www.rri.ro\/wp-content\/uploads\/2023\/10\/stiri-franceza-bleu.png\" \/>\n\t<meta property=\"og:image:width\" content=\"640\" \/>\n\t<meta property=\"og:image:height\" content=\"480\" \/>\n\t<meta property=\"og:image:type\" content=\"image\/png\" \/>\n<meta name=\"author\" content=\"Newsroom\" \/>\n<meta name=\"twitter:card\" content=\"summary_large_image\" \/>\n<meta name=\"twitter:label1\" content=\"\u00c9crit par\" \/>\n\t<meta name=\"twitter:data1\" content=\"Newsroom\" \/>\n\t<meta name=\"twitter:label2\" content=\"Dur\u00e9e de lecture estim\u00e9e\" \/>\n\t<meta name=\"twitter:data2\" content=\"5 minutes\" \/>\n\t<meta name=\"twitter:label3\" content=\"Written by\" \/>\n\t<meta name=\"twitter:data3\" content=\"Newsroom\" \/>\n<script type=\"application\/ld+json\" class=\"yoast-schema-graph\">{\"@context\":\"https:\\\/\\\/schema.org\",\"@graph\":[{\"@type\":\"Article\",\"@id\":\"https:\\\/\\\/www.rri.ro\\\/fr\\\/actualites\\\/le-flash\\\/19-07-2021-mise-a-jour-2-id395196.html#article\",\"isPartOf\":{\"@id\":\"https:\\\/\\\/www.rri.ro\\\/fr\\\/actualites\\\/le-flash\\\/19-07-2021-mise-a-jour-2-id395196.html\"},\"author\":{\"name\":\"Newsroom\",\"@id\":\"https:\\\/\\\/www.rri.ro\\\/#\\\/schema\\\/person\\\/4a479940371b9fdefd194f561e8a7f88\"},\"headline\":\"19.07.2021 (mise \u00e0 jour)\",\"datePublished\":\"2021-07-19T16:30:00+00:00\",\"mainEntityOfPage\":{\"@id\":\"https:\\\/\\\/www.rri.ro\\\/fr\\\/actualites\\\/le-flash\\\/19-07-2021-mise-a-jour-2-id395196.html\"},\"wordCount\":1074,\"image\":{\"@id\":\"https:\\\/\\\/www.rri.ro\\\/fr\\\/actualites\\\/le-flash\\\/19-07-2021-mise-a-jour-2-id395196.html#primaryimage\"},\"thumbnailUrl\":\"https:\\\/\\\/www.rri.ro\\\/wp-content\\\/uploads\\\/2023\\\/10\\\/stiri-franceza-bleu.png\",\"keywords\":[\"amende\",\"aviatio\",\"chaleur\",\"coronavirus\",\"defense\",\"environnement\",\"for\u00eats\",\"intemp\u00e9ries\",\"meteo\",\"raffinerie\",\"sant\u00e9\",\"vaccination\"],\"articleSection\":[\"Le flash\"],\"inLanguage\":\"fr-FR\"},{\"@type\":\"WebPage\",\"@id\":\"https:\\\/\\\/www.rri.ro\\\/fr\\\/actualites\\\/le-flash\\\/19-07-2021-mise-a-jour-2-id395196.html\",\"url\":\"https:\\\/\\\/www.rri.ro\\\/fr\\\/actualites\\\/le-flash\\\/19-07-2021-mise-a-jour-2-id395196.html\",\"name\":\"19.07.2021 (mise \u00e0 jour) - Radio Roumanie Internationale\",\"isPartOf\":{\"@id\":\"https:\\\/\\\/www.rri.ro\\\/#website\"},\"primaryImageOfPage\":{\"@id\":\"https:\\\/\\\/www.rri.ro\\\/fr\\\/actualites\\\/le-flash\\\/19-07-2021-mise-a-jour-2-id395196.html#primaryimage\"},\"image\":{\"@id\":\"https:\\\/\\\/www.rri.ro\\\/fr\\\/actualites\\\/le-flash\\\/19-07-2021-mise-a-jour-2-id395196.html#primaryimage\"},\"thumbnailUrl\":\"https:\\\/\\\/www.rri.ro\\\/wp-content\\\/uploads\\\/2023\\\/10\\\/stiri-franceza-bleu.png\",\"datePublished\":\"2021-07-19T16:30:00+00:00\",\"author\":{\"@id\":\"https:\\\/\\\/www.rri.ro\\\/#\\\/schema\\\/person\\\/4a479940371b9fdefd194f561e8a7f88\"},\"breadcrumb\":{\"@id\":\"https:\\\/\\\/www.rri.ro\\\/fr\\\/actualites\\\/le-flash\\\/19-07-2021-mise-a-jour-2-id395196.html#breadcrumb\"},\"inLanguage\":\"fr-FR\",\"potentialAction\":[{\"@type\":\"ReadAction\",\"target\":[\"https:\\\/\\\/www.rri.ro\\\/fr\\\/actualites\\\/le-flash\\\/19-07-2021-mise-a-jour-2-id395196.html\"]}]},{\"@type\":\"ImageObject\",\"inLanguage\":\"fr-FR\",\"@id\":\"https:\\\/\\\/www.rri.ro\\\/fr\\\/actualites\\\/le-flash\\\/19-07-2021-mise-a-jour-2-id395196.html#primaryimage\",\"url\":\"https:\\\/\\\/www.rri.ro\\\/wp-content\\\/uploads\\\/2023\\\/10\\\/stiri-franceza-bleu.png\",\"contentUrl\":\"https:\\\/\\\/www.rri.ro\\\/wp-content\\\/uploads\\\/2023\\\/10\\\/stiri-franceza-bleu.png\",\"width\":640,\"height\":480},{\"@type\":\"BreadcrumbList\",\"@id\":\"https:\\\/\\\/www.rri.ro\\\/fr\\\/actualites\\\/le-flash\\\/19-07-2021-mise-a-jour-2-id395196.html#breadcrumb\",\"itemListElement\":[{\"@type\":\"ListItem\",\"position\":1,\"name\":\"Page d'accueil\",\"item\":\"https:\\\/\\\/www.rri.ro\\\/fr\"},{\"@type\":\"ListItem\",\"position\":2,\"name\":\"Actualit\u00e9s\",\"item\":\"https:\\\/\\\/www.rri.ro\\\/fr\\\/actualites\"},{\"@type\":\"ListItem\",\"position\":3,\"name\":\"Le flash\",\"item\":\"https:\\\/\\\/www.rri.ro\\\/fr\\\/actualites\\\/le-flash\"},{\"@type\":\"ListItem\",\"position\":4,\"name\":\"19.07.2021 (mise \u00e0 jour)\"}]},{\"@type\":\"WebSite\",\"@id\":\"https:\\\/\\\/www.rri.ro\\\/#website\",\"url\":\"https:\\\/\\\/www.rri.ro\\\/\",\"name\":\"Radio Roumanie Internationale\",\"description\":\"Totul despre Rom\u00e2nia \u015fi rom\u00e2ni, \u00een 13 limbi\\\/dialecte!\",\"inLanguage\":\"fr-FR\"},{\"@type\":\"Person\",\"@id\":\"https:\\\/\\\/www.rri.ro\\\/#\\\/schema\\\/person\\\/4a479940371b9fdefd194f561e8a7f88\",\"name\":\"Newsroom\",\"url\":\"https:\\\/\\\/www.rri.ro\\\/fr\\\/author\\\/newsroom\"}]}<\/script>\n<!-- \/ Yoast SEO plugin. -->","yoast_head_json":{"title":"19.07.2021 (mise \u00e0 jour) - Radio Roumanie Internationale","robots":{"index":"index","follow":"follow","max-snippet":"max-snippet:-1","max-image-preview":"max-image-preview:large","max-video-preview":"max-video-preview:-1"},"canonical":"https:\/\/www.rri.ro\/fr\/actualites\/le-flash\/19-07-2021-mise-a-jour-2-id395196.html","og_locale":"fr_FR","og_type":"article","og_title":"19.07.2021 (mise \u00e0 jour) - Radio Roumanie Internationale","og_description":"M\u00e9t\u00e9o &#8211; Les vagues de chaleur alterneront avec les p\u00e9riodes d&rsquo;instabilit\u00e9 en Roumanie durant les prochaines 24 heures. Des alertes code jaune et orange \u00e0 l&rsquo;instabilit\u00e9 et aux pluies torrentielles ont \u00e9t\u00e9 \u00e9mises et sont en vigueur jusqu&rsquo;\u00e0 demain matin concernant le nord, le nord-est, le centre, le sud-ouest et les r\u00e9gions de montagne. Les [&hellip;]","og_url":"https:\/\/www.rri.ro\/fr\/actualites\/le-flash\/19-07-2021-mise-a-jour-2-id395196.html","og_site_name":"Radio Roumanie Internationale","article_published_time":"2021-07-19T16:30:00+00:00","og_image":[{"width":640,"height":480,"url":"https:\/\/www.rri.ro\/wp-content\/uploads\/2023\/10\/stiri-franceza-bleu.png","type":"image\/png"}],"author":"Newsroom","twitter_card":"summary_large_image","twitter_misc":{"\u00c9crit par":"Newsroom","Dur\u00e9e de lecture estim\u00e9e":"5 minutes","Written by":"Newsroom"},"schema":{"@context":"https:\/\/schema.org","@graph":[{"@type":"Article","@id":"https:\/\/www.rri.ro\/fr\/actualites\/le-flash\/19-07-2021-mise-a-jour-2-id395196.html#article","isPartOf":{"@id":"https:\/\/www.rri.ro\/fr\/actualites\/le-flash\/19-07-2021-mise-a-jour-2-id395196.html"},"author":{"name":"Newsroom","@id":"https:\/\/www.rri.ro\/#\/schema\/person\/4a479940371b9fdefd194f561e8a7f88"},"headline":"19.07.2021 (mise \u00e0 jour)","datePublished":"2021-07-19T16:30:00+00:00","mainEntityOfPage":{"@id":"https:\/\/www.rri.ro\/fr\/actualites\/le-flash\/19-07-2021-mise-a-jour-2-id395196.html"},"wordCount":1074,"image":{"@id":"https:\/\/www.rri.ro\/fr\/actualites\/le-flash\/19-07-2021-mise-a-jour-2-id395196.html#primaryimage"},"thumbnailUrl":"https:\/\/www.rri.ro\/wp-content\/uploads\/2023\/10\/stiri-franceza-bleu.png","keywords":["amende","aviatio","chaleur","coronavirus","defense","environnement","for\u00eats","intemp\u00e9ries","meteo","raffinerie","sant\u00e9","vaccination"],"articleSection":["Le flash"],"inLanguage":"fr-FR"},{"@type":"WebPage","@id":"https:\/\/www.rri.ro\/fr\/actualites\/le-flash\/19-07-2021-mise-a-jour-2-id395196.html","url":"https:\/\/www.rri.ro\/fr\/actualites\/le-flash\/19-07-2021-mise-a-jour-2-id395196.html","name":"19.07.2021 (mise \u00e0 jour) - Radio Roumanie Internationale","isPartOf":{"@id":"https:\/\/www.rri.ro\/#website"},"primaryImageOfPage":{"@id":"https:\/\/www.rri.ro\/fr\/actualites\/le-flash\/19-07-2021-mise-a-jour-2-id395196.html#primaryimage"},"image":{"@id":"https:\/\/www.rri.ro\/fr\/actualites\/le-flash\/19-07-2021-mise-a-jour-2-id395196.html#primaryimage"},"thumbnailUrl":"https:\/\/www.rri.ro\/wp-content\/uploads\/2023\/10\/stiri-franceza-bleu.png","datePublished":"2021-07-19T16:30:00+00:00","author":{"@id":"https:\/\/www.rri.ro\/#\/schema\/person\/4a479940371b9fdefd194f561e8a7f88"},"breadcrumb":{"@id":"https:\/\/www.rri.ro\/fr\/actualites\/le-flash\/19-07-2021-mise-a-jour-2-id395196.html#breadcrumb"},"inLanguage":"fr-FR","potentialAction":[{"@type":"ReadAction","target":["https:\/\/www.rri.ro\/fr\/actualites\/le-flash\/19-07-2021-mise-a-jour-2-id395196.html"]}]},{"@type":"ImageObject","inLanguage":"fr-FR","@id":"https:\/\/www.rri.ro\/fr\/actualites\/le-flash\/19-07-2021-mise-a-jour-2-id395196.html#primaryimage","url":"https:\/\/www.rri.ro\/wp-content\/uploads\/2023\/10\/stiri-franceza-bleu.png","contentUrl":"https:\/\/www.rri.ro\/wp-content\/uploads\/2023\/10\/stiri-franceza-bleu.png","width":640,"height":480},{"@type":"BreadcrumbList","@id":"https:\/\/www.rri.ro\/fr\/actualites\/le-flash\/19-07-2021-mise-a-jour-2-id395196.html#breadcrumb","itemListElement":[{"@type":"ListItem","position":1,"name":"Page d'accueil","item":"https:\/\/www.rri.ro\/fr"},{"@type":"ListItem","position":2,"name":"Actualit\u00e9s","item":"https:\/\/www.rri.ro\/fr\/actualites"},{"@type":"ListItem","position":3,"name":"Le flash","item":"https:\/\/www.rri.ro\/fr\/actualites\/le-flash"},{"@type":"ListItem","position":4,"name":"19.07.2021 (mise \u00e0 jour)"}]},{"@type":"WebSite","@id":"https:\/\/www.rri.ro\/#website","url":"https:\/\/www.rri.ro\/","name":"Radio Roumanie Internationale","description":"Totul despre Rom\u00e2nia \u015fi rom\u00e2ni, \u00een 13 limbi\/dialecte!","inLanguage":"fr-FR"},{"@type":"Person","@id":"https:\/\/www.rri.ro\/#\/schema\/person\/4a479940371b9fdefd194f561e8a7f88","name":"Newsroom","url":"https:\/\/www.rri.ro\/fr\/author\/newsroom"}]}},"_links":{"self":[{"href":"https:\/\/www.rri.ro\/fr\/wp-json\/wp\/v2\/posts\/395196","targetHints":{"allow":["GET"]}}],"collection":[{"href":"https:\/\/www.rri.ro\/fr\/wp-json\/wp\/v2\/posts"}],"about":[{"href":"https:\/\/www.rri.ro\/fr\/wp-json\/wp\/v2\/types\/post"}],"author":[{"embeddable":true,"href":"https:\/\/www.rri.ro\/fr\/wp-json\/wp\/v2\/users\/113"}],"replies":[{"embeddable":true,"href":"https:\/\/www.rri.ro\/fr\/wp-json\/wp\/v2\/comments?post=395196"}],"version-history":[{"count":0,"href":"https:\/\/www.rri.ro\/fr\/wp-json\/wp\/v2\/posts\/395196\/revisions"}],"wp:featuredmedia":[{"embeddable":true,"href":"https:\/\/www.rri.ro\/fr\/wp-json\/wp\/v2\/media\/395156"}],"wp:attachment":[{"href":"https:\/\/www.rri.ro\/fr\/wp-json\/wp\/v2\/media?parent=395196"}],"wp:term":[{"taxonomy":"category","embeddable":true,"href":"https:\/\/www.rri.ro\/fr\/wp-json\/wp\/v2\/categories?post=395196"},{"taxonomy":"post_tag","embeddable":true,"href":"https:\/\/www.rri.ro\/fr\/wp-json\/wp\/v2\/tags?post=395196"},{"taxonomy":"author","embeddable":true,"href":"https:\/\/www.rri.ro\/fr\/wp-json\/wp\/v2\/coauthors?post=395196"}],"curies":[{"name":"wp","href":"https:\/\/api.w.org\/{rel}","templated":true}]}}