{"id":395514,"date":"2021-12-15T18:47:00","date_gmt":"2021-12-15T16:47:00","guid":{"rendered":"http:\/\/devrri.freshlemon.ro\/le-roumain-mot-a-mot\/consulter-les-lecons\/15-12-2021-mise-a-jour-id395514.html"},"modified":"2021-12-15T18:47:00","modified_gmt":"2021-12-15T16:47:00","slug":"15-12-2021-mise-a-jour","status":"publish","type":"post","link":"https:\/\/www.rri.ro\/fr\/actualites\/le-flash\/15-12-2021-mise-a-jour-id395514.html","title":{"rendered":"15\/12\/2021 (mise \u00e0 jour)"},"content":{"rendered":"<p><strong>Covid-19 &#8212;<\/strong> Mercredi, la Roumanie a rapport\u00e9 829 nouveaux cas de contamination au coronavirus et 88 d\u00e9c\u00e8s des suites de cette maladie, dont 17 ant\u00e9rieurs \u00e0 la p\u00e9riode de r\u00e9f\u00e9rence. Actuellement, le nombre de Roumains ayant b\u00e9n\u00e9fici\u00e9 d\u2019un sch\u00e9ma de vaccination complet se monte \u00e0 7,6 millions. Depuis le d\u00e9clenchement de la pand\u00e9mie, en Roumanie, presque 1,8 millions de Roumains ont \u00e9t\u00e9 infect\u00e9s et 58 000 en sont morts. Suite \u00e0 une psychose anti-vaccin aliment\u00e9e par une partie des m\u00e9dias et quelques figures publiques, la Roumanie est le deuxi\u00e8me pays europ\u00e9en affichant le taux de vaccination le plus faible. Le ministre de la Sant\u00e9, Alexandru Rafila, a annonc\u00e9 le vote du gouvernement en faveur de la mise en place \u00e0 partir du 20 d\u00e9cembre du formulaire num\u00e9rique de localisation du passager, utilis\u00e9 d\u00e9j\u00e0 dans 18 pays europ\u00e9ens. Compl\u00e9t\u00e9 \u00e0 la veille du voyage, ce document vise \u00e0 faciliter la localisation des personnes contamin\u00e9es.<\/p>\n<p>&#13;<br \/>\n&#13;<\/p>\n<p>&#13;<br \/>\n&#13;<\/p>\n<p><strong>Gouvernement &#8212;<\/strong> Le gouvernement roumain a adopt\u00e9 ce mercredi des mesures sociales au b\u00e9n\u00e9fice des enfants, des retrait\u00e9s et des personnes handicap\u00e9es. Parmi ces mesures, une ordonnance d\u2019urgence pr\u00e9voyant la majoration, \u00e0 partir de l\u2019ann\u00e9e prochaine, des allocations familiales. Les nouvelles allocations devraient \u00eatre de 243 lei, soit une cinquantaine d\u2019euros pour les enfants \u00e2g\u00e9s de 2 \u00e0 18 ans, et de 600 lei, soit 110 euros, pour ceux de moins de deux ans. Les enfants handicap\u00e9s se verront allouer une enveloppe mensuelle de 600 lei. Par ailleurs, le point de retraite sera major\u00e9 \u00e0 1 586 lei, soit 320 euros, et la pension de retraite minimale sera de 1 000 lei, soit environ 200 euros. Toutes ces ordonnances sont n\u00e9cessaires \u00e0 la construction budg\u00e9taire 2022. Le projet du budget de l\u2019Etat pour l\u2019ann\u00e9e prochaine sera soumis au d\u00e9bat public vendredi, avant d\u2019\u00eatre valid\u00e9 par le gouvernement lundi et envoy\u00e9 au L\u00e9gislatif qui devra l\u2019adopter avant le 23 d\u00e9cembre.<\/p>\n<p>&#13;<br \/>\n&#13;<\/p>\n<p>&#13;<br \/>\n&#13;<\/p>\n<p><strong>D\u00e9mission &#8212; <\/strong>Le ministre roumain de la Recherche, le lib\u00e9ral Florin Roman, a d\u00e9missionn\u00e9 de ses fonctions, a annonc\u00e9 le Bureau de presse du gouvernement de Bucarest. Ant\u00e9rieurement, sa d\u00e9mission ou sa destitution par le premier ministre lib\u00e9ral Nicolae Ciuc\u0103 avait \u00e9t\u00e9 demand\u00e9e tant par l\u2019opposition de centre-droit &#8212; l\u2019USR &#8212; que par l\u2019opposition nationaliste &#8212; l\u2019AUR &#8212; suite aux accusations de plagiat port\u00e9es contre lui pour son m\u00e9moire de master. \u00ab Florin Roman compromet de mani\u00e8re irr\u00e9m\u00e9diable les fonctions de ministre de la Recherche. Il compromet l\u2019id\u00e9e de m\u00e9ritocratie et de comp\u00e9tence pour tout jeune qui a pein\u00e9 pour faire ses \u00e9tudes, pour tout citoyen ordinaire de ce pays qui n\u2019a pas trich\u00e9 dans ses \u00e9tudes. Mettez-le \u00e0 la porte ! \u00bb, a \u00e9crit le leader de l\u2019USR, Dacian Ciolo\u015f, sur sa page Facebook. A son tour, le copr\u00e9sident de l\u2019AUR, George Simion, affirme que les mensonges ou les omissions que le d\u00e9put\u00e9 lib\u00e9ral a faites dans son CV ne le qualifient pas pour \u00eatre ministre de la Recherche et de la Num\u00e9risation. Cette d\u00e9mission est la premi\u00e8re du nouveau cabinet de coalition PSD-PNL-UDMR, install\u00e9 voici moins d\u2019un mois.<\/p>\n<p>&#13;<br \/>\n&#13;<\/p>\n<p>&#13;<br \/>\n&#13;<\/p>\n<p><strong>Conseil europ\u00e9en<\/strong> &#8212; Le pr\u00e9sident de la Roumanie, Klaus Iohannis, participera jeudi, \u00e0 Bruxelles, \u00e0 la r\u00e9union du Conseil europ\u00e9en. Son agenda sera domin\u00e9 par la pand\u00e9mie, la flamb\u00e9e des tarifs de l\u2019\u00e9nergie, la s\u00e9curit\u00e9 et la d\u00e9fense de l\u2019UE, la migration et la situation aux fronti\u00e8res communautaires avec l\u2019Ukraine et le Belarus. Mercredi, M Iohannis a \u00e9t\u00e9 pr\u00e9sent au 6<sup>e<\/sup> Sommet du Partenariat oriental, \u00e9galement accueilli par Bruxelles. Y ont \u00e9t\u00e9 pr\u00e9sents les chefs d\u2019Etat et de gouvernement des pays membres, tout comme les leaders des cinq pays partenaires ex-sovi\u00e9tiques &#8212; la R\u00e9publique de Moldova, l\u2019Ukraine, la G\u00e9orgie, l\u2019Arm\u00e9nie et l\u2019Azerba\u00efdjan. M Iohannis a d\u00e9clar\u00e9 que l\u2019Union europ\u00e9enne devait s\u2019investir davantage et plus souvent dans la solution des conflits qui affectent ses partenaires et qu\u2019elle accorde une chance \u00e0 ceux qui souhaitent faire plus. Il a donn\u00e9 l\u2019exemple de la R\u00e9publique de Moldova. Par ailleurs, l\u2019UE a annonc\u00e9 ce mercredi offrir une aide de 60 millions d\u2019euros \u00e0 la R\u00e9publique de Moldova pour qu\u2019elle puise d\u00e9passer la crise \u00e9nerg\u00e9tique. L\u2019aide est non remboursable et elle sera fournie \u00e0 Chi\u015fin\u0103u avant la fin de l\u2019ann\u00e9e.<\/p>\n<p>&#13;<br \/>\n&#13;<\/p>\n<p>&#13;<br \/>\n&#13;<\/p>\n<p><strong>R\u00e9volution &#8212;<\/strong> Ce mercredi, la Roumanie marque les 32 ann\u00e9es \u00e9coul\u00e9es depuis le moment o\u00f9 la R\u00e9volution de d\u00e9cembre \u201989 a \u00e9clat\u00e9 \u00e0 Timi\u015foara. Pour m\u00e9moire, le 15 d\u00e9cembre 1989, des dizaines de personnes se sont rassembl\u00e9es sur une des places du centre-ville de Timisoara pour d\u00e9fendre le pasteur L\u00e1szl\u00f3 T\u0151k\u00e9s que la Securitate mena\u00e7ait d\u2019\u00e9vacuer. Un jour plus tard, les protestations ont tourn\u00e9 en r\u00e9volution. Comme chaque ann\u00e9e depuis ces moments-l\u00e0, entre le 15 et le 20 d\u00e9cembre, la Roumanie marque par des c\u00e9r\u00e9monies et comm\u00e9morations la chute du communisme et le sacrifice des Roumains d\u2019il y a 32 ans.<\/p>\n<p>&#13;<br \/>\n&#13;<\/p>\n<p>&#13;<br \/>\n&#13;<\/p>\n<p>&#13;<\/p>\n","protected":false},"excerpt":{"rendered":"<p>Covid-19 &#8212; Mercredi, la Roumanie a rapport\u00e9 829 nouveaux cas de contamination au coronavirus et 88 d\u00e9c\u00e8s des suites de cette maladie, dont 17 ant\u00e9rieurs \u00e0 la p\u00e9riode de r\u00e9f\u00e9rence. Actuellement, le nombre de Roumains ayant b\u00e9n\u00e9fici\u00e9 d\u2019un sch\u00e9ma de vaccination complet se monte \u00e0 7,6 millions. Depuis le d\u00e9clenchement de la pand\u00e9mie, en Roumanie, [&hellip;]<\/p>\n","protected":false},"author":113,"featured_media":395459,"comment_status":"closed","ping_status":"closed","sticky":false,"template":"","format":"standard","meta":{"_acf_changed":false,"footnotes":""},"categories":[89002],"tags":[40419,89253,35374,89265,88082,88223,88060,29661,85412,93139,88110,1989],"coauthors":[],"class_list":["post-395514","post","type-post","status-publish","format-standard","has-post-thumbnail","hentry","category-le-flash","tag-allocations","tag-conseil-europeen","tag-covid-19","tag-demission","tag-mesures","tag-ministre","tag-partenariat-oriental","tag-revolution","tag-roumanie","tag-sociales","tag-sommet","tag-vaccin-imunizare-coronavirus"],"acf":[],"yoast_head":"<!-- This site is optimized with the Yoast SEO plugin v27.5 - https:\/\/yoast.com\/product\/yoast-seo-wordpress\/ -->\n<title>15\/12\/2021 (mise \u00e0 jour) - Radio Roumanie Internationale<\/title>\n<meta name=\"robots\" content=\"index, follow, max-snippet:-1, max-image-preview:large, max-video-preview:-1\" \/>\n<link rel=\"canonical\" href=\"https:\/\/www.rri.ro\/fr\/actualites\/le-flash\/15-12-2021-mise-a-jour-id395514.html\" \/>\n<meta property=\"og:locale\" content=\"fr_FR\" \/>\n<meta property=\"og:type\" content=\"article\" \/>\n<meta property=\"og:title\" content=\"15\/12\/2021 (mise \u00e0 jour) - Radio Roumanie Internationale\" \/>\n<meta property=\"og:description\" content=\"Covid-19 &#8212; Mercredi, la Roumanie a rapport\u00e9 829 nouveaux cas de contamination au coronavirus et 88 d\u00e9c\u00e8s des suites de cette maladie, dont 17 ant\u00e9rieurs \u00e0 la p\u00e9riode de r\u00e9f\u00e9rence. Actuellement, le nombre de Roumains ayant b\u00e9n\u00e9fici\u00e9 d\u2019un sch\u00e9ma de vaccination complet se monte \u00e0 7,6 millions. Depuis le d\u00e9clenchement de la pand\u00e9mie, en Roumanie, [&hellip;]\" \/>\n<meta property=\"og:url\" content=\"https:\/\/www.rri.ro\/fr\/actualites\/le-flash\/15-12-2021-mise-a-jour-id395514.html\" \/>\n<meta property=\"og:site_name\" content=\"Radio Roumanie Internationale\" \/>\n<meta property=\"article:published_time\" content=\"2021-12-15T16:47:00+00:00\" \/>\n<meta property=\"og:image\" content=\"https:\/\/www.rri.ro\/wp-content\/uploads\/2023\/10\/stiri-franceza-bleu-5.png\" \/>\n\t<meta property=\"og:image:width\" content=\"640\" \/>\n\t<meta property=\"og:image:height\" content=\"480\" \/>\n\t<meta property=\"og:image:type\" content=\"image\/png\" \/>\n<meta name=\"author\" content=\"Newsroom\" \/>\n<meta name=\"twitter:card\" content=\"summary_large_image\" \/>\n<meta name=\"twitter:label1\" content=\"\u00c9crit par\" \/>\n\t<meta name=\"twitter:data1\" content=\"Newsroom\" \/>\n\t<meta name=\"twitter:label2\" content=\"Dur\u00e9e de lecture estim\u00e9e\" \/>\n\t<meta name=\"twitter:data2\" content=\"4 minutes\" \/>\n\t<meta name=\"twitter:label3\" content=\"Written by\" \/>\n\t<meta name=\"twitter:data3\" content=\"Newsroom\" \/>\n<script type=\"application\/ld+json\" class=\"yoast-schema-graph\">{\"@context\":\"https:\\\/\\\/schema.org\",\"@graph\":[{\"@type\":\"Article\",\"@id\":\"https:\\\/\\\/www.rri.ro\\\/fr\\\/actualites\\\/le-flash\\\/15-12-2021-mise-a-jour-id395514.html#article\",\"isPartOf\":{\"@id\":\"https:\\\/\\\/www.rri.ro\\\/fr\\\/actualites\\\/le-flash\\\/15-12-2021-mise-a-jour-id395514.html\"},\"author\":{\"name\":\"Newsroom\",\"@id\":\"https:\\\/\\\/www.rri.ro\\\/#\\\/schema\\\/person\\\/4a479940371b9fdefd194f561e8a7f88\"},\"headline\":\"15\\\/12\\\/2021 (mise \u00e0 jour)\",\"datePublished\":\"2021-12-15T16:47:00+00:00\",\"mainEntityOfPage\":{\"@id\":\"https:\\\/\\\/www.rri.ro\\\/fr\\\/actualites\\\/le-flash\\\/15-12-2021-mise-a-jour-id395514.html\"},\"wordCount\":876,\"image\":{\"@id\":\"https:\\\/\\\/www.rri.ro\\\/fr\\\/actualites\\\/le-flash\\\/15-12-2021-mise-a-jour-id395514.html#primaryimage\"},\"thumbnailUrl\":\"https:\\\/\\\/www.rri.ro\\\/wp-content\\\/uploads\\\/2023\\\/10\\\/stiri-franceza-bleu-5.png\",\"keywords\":[\"allocations\",\"Conseil europ\u00e9en\",\"Covid-19\",\"d\u00e9mission\",\"mesures\",\"ministre\",\"Partenariat oriental\",\"Revolution\",\"Roumanie\",\"sociales\",\"sommet\",\"vaccin, imunizare, coronavirus\"],\"articleSection\":[\"Le flash\"],\"inLanguage\":\"fr-FR\"},{\"@type\":\"WebPage\",\"@id\":\"https:\\\/\\\/www.rri.ro\\\/fr\\\/actualites\\\/le-flash\\\/15-12-2021-mise-a-jour-id395514.html\",\"url\":\"https:\\\/\\\/www.rri.ro\\\/fr\\\/actualites\\\/le-flash\\\/15-12-2021-mise-a-jour-id395514.html\",\"name\":\"15\\\/12\\\/2021 (mise \u00e0 jour) - Radio Roumanie Internationale\",\"isPartOf\":{\"@id\":\"https:\\\/\\\/www.rri.ro\\\/#website\"},\"primaryImageOfPage\":{\"@id\":\"https:\\\/\\\/www.rri.ro\\\/fr\\\/actualites\\\/le-flash\\\/15-12-2021-mise-a-jour-id395514.html#primaryimage\"},\"image\":{\"@id\":\"https:\\\/\\\/www.rri.ro\\\/fr\\\/actualites\\\/le-flash\\\/15-12-2021-mise-a-jour-id395514.html#primaryimage\"},\"thumbnailUrl\":\"https:\\\/\\\/www.rri.ro\\\/wp-content\\\/uploads\\\/2023\\\/10\\\/stiri-franceza-bleu-5.png\",\"datePublished\":\"2021-12-15T16:47:00+00:00\",\"author\":{\"@id\":\"https:\\\/\\\/www.rri.ro\\\/#\\\/schema\\\/person\\\/4a479940371b9fdefd194f561e8a7f88\"},\"breadcrumb\":{\"@id\":\"https:\\\/\\\/www.rri.ro\\\/fr\\\/actualites\\\/le-flash\\\/15-12-2021-mise-a-jour-id395514.html#breadcrumb\"},\"inLanguage\":\"fr-FR\",\"potentialAction\":[{\"@type\":\"ReadAction\",\"target\":[\"https:\\\/\\\/www.rri.ro\\\/fr\\\/actualites\\\/le-flash\\\/15-12-2021-mise-a-jour-id395514.html\"]}]},{\"@type\":\"ImageObject\",\"inLanguage\":\"fr-FR\",\"@id\":\"https:\\\/\\\/www.rri.ro\\\/fr\\\/actualites\\\/le-flash\\\/15-12-2021-mise-a-jour-id395514.html#primaryimage\",\"url\":\"https:\\\/\\\/www.rri.ro\\\/wp-content\\\/uploads\\\/2023\\\/10\\\/stiri-franceza-bleu-5.png\",\"contentUrl\":\"https:\\\/\\\/www.rri.ro\\\/wp-content\\\/uploads\\\/2023\\\/10\\\/stiri-franceza-bleu-5.png\",\"width\":640,\"height\":480},{\"@type\":\"BreadcrumbList\",\"@id\":\"https:\\\/\\\/www.rri.ro\\\/fr\\\/actualites\\\/le-flash\\\/15-12-2021-mise-a-jour-id395514.html#breadcrumb\",\"itemListElement\":[{\"@type\":\"ListItem\",\"position\":1,\"name\":\"Page d'accueil\",\"item\":\"https:\\\/\\\/www.rri.ro\\\/fr\"},{\"@type\":\"ListItem\",\"position\":2,\"name\":\"Actualit\u00e9s\",\"item\":\"https:\\\/\\\/www.rri.ro\\\/fr\\\/actualites\"},{\"@type\":\"ListItem\",\"position\":3,\"name\":\"Le flash\",\"item\":\"https:\\\/\\\/www.rri.ro\\\/fr\\\/actualites\\\/le-flash\"},{\"@type\":\"ListItem\",\"position\":4,\"name\":\"15\\\/12\\\/2021 (mise \u00e0 jour)\"}]},{\"@type\":\"WebSite\",\"@id\":\"https:\\\/\\\/www.rri.ro\\\/#website\",\"url\":\"https:\\\/\\\/www.rri.ro\\\/\",\"name\":\"Radio Roumanie Internationale\",\"description\":\"Totul despre Rom\u00e2nia \u015fi rom\u00e2ni, \u00een 13 limbi\\\/dialecte!\",\"inLanguage\":\"fr-FR\"},{\"@type\":\"Person\",\"@id\":\"https:\\\/\\\/www.rri.ro\\\/#\\\/schema\\\/person\\\/4a479940371b9fdefd194f561e8a7f88\",\"name\":\"Newsroom\",\"url\":\"https:\\\/\\\/www.rri.ro\\\/fr\\\/author\\\/newsroom\"}]}<\/script>\n<!-- \/ Yoast SEO plugin. -->","yoast_head_json":{"title":"15\/12\/2021 (mise \u00e0 jour) - Radio Roumanie Internationale","robots":{"index":"index","follow":"follow","max-snippet":"max-snippet:-1","max-image-preview":"max-image-preview:large","max-video-preview":"max-video-preview:-1"},"canonical":"https:\/\/www.rri.ro\/fr\/actualites\/le-flash\/15-12-2021-mise-a-jour-id395514.html","og_locale":"fr_FR","og_type":"article","og_title":"15\/12\/2021 (mise \u00e0 jour) - Radio Roumanie Internationale","og_description":"Covid-19 &#8212; Mercredi, la Roumanie a rapport\u00e9 829 nouveaux cas de contamination au coronavirus et 88 d\u00e9c\u00e8s des suites de cette maladie, dont 17 ant\u00e9rieurs \u00e0 la p\u00e9riode de r\u00e9f\u00e9rence. Actuellement, le nombre de Roumains ayant b\u00e9n\u00e9fici\u00e9 d\u2019un sch\u00e9ma de vaccination complet se monte \u00e0 7,6 millions. Depuis le d\u00e9clenchement de la pand\u00e9mie, en Roumanie, [&hellip;]","og_url":"https:\/\/www.rri.ro\/fr\/actualites\/le-flash\/15-12-2021-mise-a-jour-id395514.html","og_site_name":"Radio Roumanie Internationale","article_published_time":"2021-12-15T16:47:00+00:00","og_image":[{"width":640,"height":480,"url":"https:\/\/www.rri.ro\/wp-content\/uploads\/2023\/10\/stiri-franceza-bleu-5.png","type":"image\/png"}],"author":"Newsroom","twitter_card":"summary_large_image","twitter_misc":{"\u00c9crit par":"Newsroom","Dur\u00e9e de lecture estim\u00e9e":"4 minutes","Written by":"Newsroom"},"schema":{"@context":"https:\/\/schema.org","@graph":[{"@type":"Article","@id":"https:\/\/www.rri.ro\/fr\/actualites\/le-flash\/15-12-2021-mise-a-jour-id395514.html#article","isPartOf":{"@id":"https:\/\/www.rri.ro\/fr\/actualites\/le-flash\/15-12-2021-mise-a-jour-id395514.html"},"author":{"name":"Newsroom","@id":"https:\/\/www.rri.ro\/#\/schema\/person\/4a479940371b9fdefd194f561e8a7f88"},"headline":"15\/12\/2021 (mise \u00e0 jour)","datePublished":"2021-12-15T16:47:00+00:00","mainEntityOfPage":{"@id":"https:\/\/www.rri.ro\/fr\/actualites\/le-flash\/15-12-2021-mise-a-jour-id395514.html"},"wordCount":876,"image":{"@id":"https:\/\/www.rri.ro\/fr\/actualites\/le-flash\/15-12-2021-mise-a-jour-id395514.html#primaryimage"},"thumbnailUrl":"https:\/\/www.rri.ro\/wp-content\/uploads\/2023\/10\/stiri-franceza-bleu-5.png","keywords":["allocations","Conseil europ\u00e9en","Covid-19","d\u00e9mission","mesures","ministre","Partenariat oriental","Revolution","Roumanie","sociales","sommet","vaccin, imunizare, coronavirus"],"articleSection":["Le flash"],"inLanguage":"fr-FR"},{"@type":"WebPage","@id":"https:\/\/www.rri.ro\/fr\/actualites\/le-flash\/15-12-2021-mise-a-jour-id395514.html","url":"https:\/\/www.rri.ro\/fr\/actualites\/le-flash\/15-12-2021-mise-a-jour-id395514.html","name":"15\/12\/2021 (mise \u00e0 jour) - Radio Roumanie Internationale","isPartOf":{"@id":"https:\/\/www.rri.ro\/#website"},"primaryImageOfPage":{"@id":"https:\/\/www.rri.ro\/fr\/actualites\/le-flash\/15-12-2021-mise-a-jour-id395514.html#primaryimage"},"image":{"@id":"https:\/\/www.rri.ro\/fr\/actualites\/le-flash\/15-12-2021-mise-a-jour-id395514.html#primaryimage"},"thumbnailUrl":"https:\/\/www.rri.ro\/wp-content\/uploads\/2023\/10\/stiri-franceza-bleu-5.png","datePublished":"2021-12-15T16:47:00+00:00","author":{"@id":"https:\/\/www.rri.ro\/#\/schema\/person\/4a479940371b9fdefd194f561e8a7f88"},"breadcrumb":{"@id":"https:\/\/www.rri.ro\/fr\/actualites\/le-flash\/15-12-2021-mise-a-jour-id395514.html#breadcrumb"},"inLanguage":"fr-FR","potentialAction":[{"@type":"ReadAction","target":["https:\/\/www.rri.ro\/fr\/actualites\/le-flash\/15-12-2021-mise-a-jour-id395514.html"]}]},{"@type":"ImageObject","inLanguage":"fr-FR","@id":"https:\/\/www.rri.ro\/fr\/actualites\/le-flash\/15-12-2021-mise-a-jour-id395514.html#primaryimage","url":"https:\/\/www.rri.ro\/wp-content\/uploads\/2023\/10\/stiri-franceza-bleu-5.png","contentUrl":"https:\/\/www.rri.ro\/wp-content\/uploads\/2023\/10\/stiri-franceza-bleu-5.png","width":640,"height":480},{"@type":"BreadcrumbList","@id":"https:\/\/www.rri.ro\/fr\/actualites\/le-flash\/15-12-2021-mise-a-jour-id395514.html#breadcrumb","itemListElement":[{"@type":"ListItem","position":1,"name":"Page d'accueil","item":"https:\/\/www.rri.ro\/fr"},{"@type":"ListItem","position":2,"name":"Actualit\u00e9s","item":"https:\/\/www.rri.ro\/fr\/actualites"},{"@type":"ListItem","position":3,"name":"Le flash","item":"https:\/\/www.rri.ro\/fr\/actualites\/le-flash"},{"@type":"ListItem","position":4,"name":"15\/12\/2021 (mise \u00e0 jour)"}]},{"@type":"WebSite","@id":"https:\/\/www.rri.ro\/#website","url":"https:\/\/www.rri.ro\/","name":"Radio Roumanie Internationale","description":"Totul despre Rom\u00e2nia \u015fi rom\u00e2ni, \u00een 13 limbi\/dialecte!","inLanguage":"fr-FR"},{"@type":"Person","@id":"https:\/\/www.rri.ro\/#\/schema\/person\/4a479940371b9fdefd194f561e8a7f88","name":"Newsroom","url":"https:\/\/www.rri.ro\/fr\/author\/newsroom"}]}},"_links":{"self":[{"href":"https:\/\/www.rri.ro\/fr\/wp-json\/wp\/v2\/posts\/395514","targetHints":{"allow":["GET"]}}],"collection":[{"href":"https:\/\/www.rri.ro\/fr\/wp-json\/wp\/v2\/posts"}],"about":[{"href":"https:\/\/www.rri.ro\/fr\/wp-json\/wp\/v2\/types\/post"}],"author":[{"embeddable":true,"href":"https:\/\/www.rri.ro\/fr\/wp-json\/wp\/v2\/users\/113"}],"replies":[{"embeddable":true,"href":"https:\/\/www.rri.ro\/fr\/wp-json\/wp\/v2\/comments?post=395514"}],"version-history":[{"count":0,"href":"https:\/\/www.rri.ro\/fr\/wp-json\/wp\/v2\/posts\/395514\/revisions"}],"wp:featuredmedia":[{"embeddable":true,"href":"https:\/\/www.rri.ro\/fr\/wp-json\/wp\/v2\/media\/395459"}],"wp:attachment":[{"href":"https:\/\/www.rri.ro\/fr\/wp-json\/wp\/v2\/media?parent=395514"}],"wp:term":[{"taxonomy":"category","embeddable":true,"href":"https:\/\/www.rri.ro\/fr\/wp-json\/wp\/v2\/categories?post=395514"},{"taxonomy":"post_tag","embeddable":true,"href":"https:\/\/www.rri.ro\/fr\/wp-json\/wp\/v2\/tags?post=395514"},{"taxonomy":"author","embeddable":true,"href":"https:\/\/www.rri.ro\/fr\/wp-json\/wp\/v2\/coauthors?post=395514"}],"curies":[{"name":"wp","href":"https:\/\/api.w.org\/{rel}","templated":true}]}}