{"id":395555,"date":"2022-01-05T18:56:00","date_gmt":"2022-01-05T16:56:00","guid":{"rendered":"http:\/\/devrri.freshlemon.ro\/le-roumain-mot-a-mot\/consulter-les-lecons\/05-01-2022-mise-a-jour-id395555.html"},"modified":"2022-01-05T18:56:00","modified_gmt":"2022-01-05T16:56:00","slug":"05-01-2022-mise-a-jour","status":"publish","type":"post","link":"https:\/\/www.rri.ro\/fr\/actualites\/le-flash\/05-01-2022-mise-a-jour-id395555.html","title":{"rendered":"05\/01\/2022 (mise \u00e0 jour)"},"content":{"rendered":"<p><strong>Covid &#8212;<\/strong> Le Comit\u00e9 national pour les situations d\u2019urgence a d\u00e9cid\u00e9 ce mercredi de prolonger l\u2019\u00e9tat d\u2019alerte en Roumanie et de maintenir les restrictions sanitaires. Le port de masque chirurgical ou de type FFP2 redevient obligatoire pour tous les Roumains, aussi bien \u00e0 l\u2019ext\u00e9rieur, qu\u2019\u00e0 l\u2019int\u00e9rieur. Y font exception les enfants de moins de 5 ans, les salari\u00e9s qui travaillent seuls dans les bureaux, les pr\u00e9sentateurs de t\u00e9l\u00e9vision et leurs invit\u00e9s, les repr\u00e9sentants des cultes religieux et ceux qui prennent la parole dans des espaces ouverts ou clos, \u00e0 condition de respecter une distanciation sociale de 3 m\u00e8tres. La Roumanie a rapport\u00e9 4 893 nouveaux cas de contamination au coronavirus ces 24 derni\u00e8res heures sur 63 000 tests effectu\u00e9s. L\u2019incidence est \u00e0 la hausse dans presque tous les d\u00e9partements du pays, y compris \u00e0 Bucarest. Le taux de contamination au niveau national se monte actuellement \u00e0 0,67. Le Groupe de communication strat\u00e9gique a annonc\u00e9 aussi 30 d\u00e9c\u00e8s suppl\u00e9mentaires en 24 heures dont 6 ant\u00e9rieurs \u00e0 la p\u00e9riode de r\u00e9f\u00e9rence. 409 patients positifs sont hospitalis\u00e9s dans des unit\u00e9s de soins intensifs. Presque 8 millions de Roumains se sont fait vacciner au sch\u00e9ma complet, ce qui repr\u00e9sente 40 % de la population \u00e9ligible.<\/p>\n<p>&#13;<br \/>\n&#13;<\/p>\n<p>&#13;<br \/>\n&#13;<\/p>\n<p><strong>Protestations &#8212; <\/strong>Des associations d\u2019\u00e9l\u00e8ves de Roumanie ont annonc\u00e9 qu\u2019elles protesteraient, jeudi, devant le minist\u00e8re de l\u2019Education de Bucarest et qu\u2019elles attaqueraient en justice l\u2019ordre par lequel 730 000 d\u2019entre eux ne toucheront plus de bourse du m\u00e9rite. Le Conseil national des \u00e9l\u00e8ves condamne cette mesure et dit que le minist\u00e8re a d\u00e9cid\u00e9 de priver des dizaines de milliers d\u2019enfants du droit \u00e0 l\u2019\u00e9ducation. La moyenne pour la bourse du m\u00e9rite a \u00e9t\u00e9 \u00e9lev\u00e9e de 8,50\/10 \u00e0 9,50\/10 &#8212; un crit\u00e8re que les \u00e9l\u00e8ves qualifient d\u2019in\u00e9quitable et d\u2019inefficace. Leurs repr\u00e9sentants demandent que les nouveaux crit\u00e8res d\u2019octroi des bourses soient appliqu\u00e9s \u00e0 partir de la prochaine ann\u00e9e scolaire. Le ministre de tutelle, Sorin C\u00eempeanu, a d\u00e9clar\u00e9 r\u00e9cemment que lorsque l\u2019\u00e9cole a \u00e9t\u00e9 en ligne en raison de l\u2019\u00e9pid\u00e9mie de Covid-19, les notes ont connu des distorsions importantes, ce qui fait que 50 % des \u00e9l\u00e8ves roumains auraient d\u00fb toucher des bourses du m\u00e9rite.<\/p>\n<p>&#13;<br \/>\n&#13;<\/p>\n<p>&#13;<br \/>\n&#13;<\/p>\n<p><strong>Plan &#8212; <\/strong>Le porte-parole de l\u2019ex\u00e9cutif de Bucarest, Dan C\u0103rbunaru, a affirm\u00e9 que lors de la r\u00e9union de mercredi du gouvernement, la possibilit\u00e9 de remplir par avance une partie des objectifs assum\u00e9s dans le cadre du Plan national de relance et de r\u00e9silience au premier trimestre de l\u2019ann\u00e9e en cours avait \u00e9t\u00e9 \u00e9voqu\u00e9e. Il a r\u00e9p\u00e9t\u00e9 qu\u2019en 2021, 18 sur les 21 cibles et jalons \u00e0 atteindre jusqu\u2019\u00e0 la fin de l\u2019ann\u00e9e derni\u00e8re l\u2019ont \u00e9t\u00e9. Il existe, a-t-il ajout\u00e9, trois domaines qui d\u00e9pendent en ce moment de la r\u00e9ponse que les institutions europ\u00e9ennes doivent donner en mati\u00e8re de financements, mais qui sont \u00e9galement solutionn\u00e9s, du point de vue des engagements assum\u00e9s par la Roumanie. La Roumanie a d\u00e9j\u00e0 re\u00e7u 1,9 milliards d\u2019euros de subventions, sur un total de 29 milliards d\u2019euros que Bruxelles alloue pour financer le Plan roumain. Un montant comparable au premier doit \u00eatre vers\u00e9 \u00e0 Bucarest dans quelques jours, a ajout\u00e9 le porte-parole du gouvernement.<\/p>\n<p>&#13;<br \/>\n&#13;<\/p>\n<p>&#13;<br \/>\n&#13;<\/p>\n<p><strong>Tennis <\/strong>&#8212; La joueuse de tennis roumaine Simona Halep (20e WTA) a vaincu ce mercredi l\u2019Australienne Destanee Aiava (316e WTA), score 6-4, 6-2, au tournoi Melbourne Summer Set 1 qui se d\u00e9roule en Australie. Au 2e tour du tournoi, elle jouera son prochain match contre sa compatriote Gabriela Ruse. Ce mercredi aussi, la joueuse de tennis roumaine Irina Begu et Nina Stojanovic (Serbie) se sont qualifi\u00e9es dans les quarts de l\u2019\u00e9preuve de double au tournoi de cat\u00e9gorie WTA 250 Melbourne Set 2 apr\u00e8s un score de 7-6 (4), 6-4 contre le couple Beatriz Haddad Maia (Br\u00e9sil)\/Nuria Parrizas Diaz (Espagne). Dans les quarts de finale, les joueuses affronteront Aliona Bolsova (Espagne) et Katarzyna Kawa (Pologne). Les deux tournois Summer Set de Melbourne pr\u00e9c\u00e9dent l\u2019Open d\u2019Australie, pr\u00e9vu du 17 au 30 janvier.<\/p>\n<p>&#13;<br \/>\n&#13;<\/p>\n<p>&#13;<br \/>\n&#13;<\/p>\n<p><strong>Handball &#8212; <\/strong>La s\u00e9lection nationale masculine de handball de la Roumanie se pr\u00e9pare pour le tournoi pr\u00e9liminaire de qualifications au Championnat du monde, organis\u00e9 \u00e0 domicile, \u00e0 Cluj-Napoca (nord-ouest). Du 7 au 9 janvier, les Roumains rencontreront les s\u00e9lections d\u2019Isra\u00ebl, de Chypre et de la R\u00e9publique de Moldova, des adversaires consid\u00e9r\u00e9s accessibles par la presse de sp\u00e9cialit\u00e9. La semaine derni\u00e8re, la Roumanie a jou\u00e9, toujours \u00e0 Cluj, deux matchs amicaux contre la s\u00e9lection de la Turquie, gagn\u00e9s par 26-24 et respectivement 35-25. Les matchs de pr\u00e9paration ont remplac\u00e9 au programme des deux \u00e9quipes une nouvelle \u00e9dition du Troph\u00e9e Carpa\u0163i. Ce dernier a \u00e9t\u00e9 annul\u00e9 apr\u00e8s que de nombreux joueurs des deux autres pays participants, la Suisse et l\u2019Iran, ont \u00e9t\u00e9 test\u00e9s positifs au Covid. Le s\u00e9lectionneur de la Roumanie est le c\u00e9l\u00e8bre entra\u00eeneur espagnol Xavi Pascual, qui a gagn\u00e9 trois fois la Ligue des champions avec Barcelone.<\/p>\n<p>&#13;<\/p>\n","protected":false},"excerpt":{"rendered":"<p>Covid &#8212; Le Comit\u00e9 national pour les situations d\u2019urgence a d\u00e9cid\u00e9 ce mercredi de prolonger l\u2019\u00e9tat d\u2019alerte en Roumanie et de maintenir les restrictions sanitaires. Le port de masque chirurgical ou de type FFP2 redevient obligatoire pour tous les Roumains, aussi bien \u00e0 l\u2019ext\u00e9rieur, qu\u2019\u00e0 l\u2019int\u00e9rieur. Y font exception les enfants de moins de 5 [&hellip;]<\/p>\n","protected":false},"author":113,"featured_media":395459,"comment_status":"closed","ping_status":"closed","sticky":false,"template":"","format":"standard","meta":{"_acf_changed":false,"footnotes":""},"categories":[89002],"tags":[147720,164586,86438,37332,146961,156214,85700,88039,85412,143789,143522],"coauthors":[],"class_list":["post-395555","post","type-post","status-publish","format-standard","has-post-thumbnail","hentry","category-le-flash","tag-cluj-fr","tag-covid-fr","tag-eleves","tag-euros","tag-handball-fr","tag-plan-fr","tag-protestations","tag-relance","tag-roumanie","tag-simona-halep-fr","tag-tennis-fr"],"acf":[],"yoast_head":"<!-- This site is optimized with the Yoast SEO plugin v27.3 - https:\/\/yoast.com\/product\/yoast-seo-wordpress\/ -->\n<title>05\/01\/2022 (mise \u00e0 jour) - Radio Roumanie Internationale<\/title>\n<meta name=\"robots\" content=\"index, follow, max-snippet:-1, max-image-preview:large, max-video-preview:-1\" \/>\n<link rel=\"canonical\" href=\"https:\/\/www.rri.ro\/fr\/actualites\/le-flash\/05-01-2022-mise-a-jour-id395555.html\" \/>\n<meta property=\"og:locale\" content=\"fr_FR\" \/>\n<meta property=\"og:type\" content=\"article\" \/>\n<meta property=\"og:title\" content=\"05\/01\/2022 (mise \u00e0 jour) - Radio Roumanie Internationale\" \/>\n<meta property=\"og:description\" content=\"Covid &#8212; Le Comit\u00e9 national pour les situations d\u2019urgence a d\u00e9cid\u00e9 ce mercredi de prolonger l\u2019\u00e9tat d\u2019alerte en Roumanie et de maintenir les restrictions sanitaires. Le port de masque chirurgical ou de type FFP2 redevient obligatoire pour tous les Roumains, aussi bien \u00e0 l\u2019ext\u00e9rieur, qu\u2019\u00e0 l\u2019int\u00e9rieur. Y font exception les enfants de moins de 5 [&hellip;]\" \/>\n<meta property=\"og:url\" content=\"https:\/\/www.rri.ro\/fr\/actualites\/le-flash\/05-01-2022-mise-a-jour-id395555.html\" \/>\n<meta property=\"og:site_name\" content=\"Radio Roumanie Internationale\" \/>\n<meta property=\"article:published_time\" content=\"2022-01-05T16:56:00+00:00\" \/>\n<meta property=\"og:image\" content=\"https:\/\/www.rri.ro\/wp-content\/uploads\/2023\/10\/stiri-franceza-bleu-5.png\" \/>\n\t<meta property=\"og:image:width\" content=\"640\" \/>\n\t<meta property=\"og:image:height\" content=\"480\" \/>\n\t<meta property=\"og:image:type\" content=\"image\/png\" \/>\n<meta name=\"author\" content=\"Newsroom\" \/>\n<meta name=\"twitter:card\" content=\"summary_large_image\" \/>\n<meta name=\"twitter:label1\" content=\"\u00c9crit par\" \/>\n\t<meta name=\"twitter:data1\" content=\"Newsroom\" \/>\n\t<meta name=\"twitter:label2\" content=\"Dur\u00e9e de lecture estim\u00e9e\" \/>\n\t<meta name=\"twitter:data2\" content=\"4 minutes\" \/>\n\t<meta name=\"twitter:label3\" content=\"Written by\" \/>\n\t<meta name=\"twitter:data3\" content=\"Newsroom\" \/>\n<script type=\"application\/ld+json\" class=\"yoast-schema-graph\">{\"@context\":\"https:\\\/\\\/schema.org\",\"@graph\":[{\"@type\":\"Article\",\"@id\":\"https:\\\/\\\/www.rri.ro\\\/fr\\\/actualites\\\/le-flash\\\/05-01-2022-mise-a-jour-id395555.html#article\",\"isPartOf\":{\"@id\":\"https:\\\/\\\/www.rri.ro\\\/fr\\\/actualites\\\/le-flash\\\/05-01-2022-mise-a-jour-id395555.html\"},\"author\":{\"name\":\"Newsroom\",\"@id\":\"https:\\\/\\\/www.rri.ro\\\/#\\\/schema\\\/person\\\/4a479940371b9fdefd194f561e8a7f88\"},\"headline\":\"05\\\/01\\\/2022 (mise \u00e0 jour)\",\"datePublished\":\"2022-01-05T16:56:00+00:00\",\"mainEntityOfPage\":{\"@id\":\"https:\\\/\\\/www.rri.ro\\\/fr\\\/actualites\\\/le-flash\\\/05-01-2022-mise-a-jour-id395555.html\"},\"wordCount\":869,\"image\":{\"@id\":\"https:\\\/\\\/www.rri.ro\\\/fr\\\/actualites\\\/le-flash\\\/05-01-2022-mise-a-jour-id395555.html#primaryimage\"},\"thumbnailUrl\":\"https:\\\/\\\/www.rri.ro\\\/wp-content\\\/uploads\\\/2023\\\/10\\\/stiri-franceza-bleu-5.png\",\"keywords\":[\"cluj\",\"COVID\",\"\u00e9l\u00e8ves\",\"euros\",\"handball\",\"plan\",\"protestations\",\"relance\",\"Roumanie\",\"Simona Halep\",\"tennis\"],\"articleSection\":[\"Le flash\"],\"inLanguage\":\"fr-FR\"},{\"@type\":\"WebPage\",\"@id\":\"https:\\\/\\\/www.rri.ro\\\/fr\\\/actualites\\\/le-flash\\\/05-01-2022-mise-a-jour-id395555.html\",\"url\":\"https:\\\/\\\/www.rri.ro\\\/fr\\\/actualites\\\/le-flash\\\/05-01-2022-mise-a-jour-id395555.html\",\"name\":\"05\\\/01\\\/2022 (mise \u00e0 jour) - Radio Roumanie Internationale\",\"isPartOf\":{\"@id\":\"https:\\\/\\\/www.rri.ro\\\/#website\"},\"primaryImageOfPage\":{\"@id\":\"https:\\\/\\\/www.rri.ro\\\/fr\\\/actualites\\\/le-flash\\\/05-01-2022-mise-a-jour-id395555.html#primaryimage\"},\"image\":{\"@id\":\"https:\\\/\\\/www.rri.ro\\\/fr\\\/actualites\\\/le-flash\\\/05-01-2022-mise-a-jour-id395555.html#primaryimage\"},\"thumbnailUrl\":\"https:\\\/\\\/www.rri.ro\\\/wp-content\\\/uploads\\\/2023\\\/10\\\/stiri-franceza-bleu-5.png\",\"datePublished\":\"2022-01-05T16:56:00+00:00\",\"author\":{\"@id\":\"https:\\\/\\\/www.rri.ro\\\/#\\\/schema\\\/person\\\/4a479940371b9fdefd194f561e8a7f88\"},\"breadcrumb\":{\"@id\":\"https:\\\/\\\/www.rri.ro\\\/fr\\\/actualites\\\/le-flash\\\/05-01-2022-mise-a-jour-id395555.html#breadcrumb\"},\"inLanguage\":\"fr-FR\",\"potentialAction\":[{\"@type\":\"ReadAction\",\"target\":[\"https:\\\/\\\/www.rri.ro\\\/fr\\\/actualites\\\/le-flash\\\/05-01-2022-mise-a-jour-id395555.html\"]}]},{\"@type\":\"ImageObject\",\"inLanguage\":\"fr-FR\",\"@id\":\"https:\\\/\\\/www.rri.ro\\\/fr\\\/actualites\\\/le-flash\\\/05-01-2022-mise-a-jour-id395555.html#primaryimage\",\"url\":\"https:\\\/\\\/www.rri.ro\\\/wp-content\\\/uploads\\\/2023\\\/10\\\/stiri-franceza-bleu-5.png\",\"contentUrl\":\"https:\\\/\\\/www.rri.ro\\\/wp-content\\\/uploads\\\/2023\\\/10\\\/stiri-franceza-bleu-5.png\",\"width\":640,\"height\":480},{\"@type\":\"BreadcrumbList\",\"@id\":\"https:\\\/\\\/www.rri.ro\\\/fr\\\/actualites\\\/le-flash\\\/05-01-2022-mise-a-jour-id395555.html#breadcrumb\",\"itemListElement\":[{\"@type\":\"ListItem\",\"position\":1,\"name\":\"Page d'accueil\",\"item\":\"https:\\\/\\\/www.rri.ro\\\/fr\"},{\"@type\":\"ListItem\",\"position\":2,\"name\":\"Actualit\u00e9s\",\"item\":\"https:\\\/\\\/www.rri.ro\\\/fr\\\/actualites\"},{\"@type\":\"ListItem\",\"position\":3,\"name\":\"Le flash\",\"item\":\"https:\\\/\\\/www.rri.ro\\\/fr\\\/actualites\\\/le-flash\"},{\"@type\":\"ListItem\",\"position\":4,\"name\":\"05\\\/01\\\/2022 (mise \u00e0 jour)\"}]},{\"@type\":\"WebSite\",\"@id\":\"https:\\\/\\\/www.rri.ro\\\/#website\",\"url\":\"https:\\\/\\\/www.rri.ro\\\/\",\"name\":\"Radio Roumanie Internationale\",\"description\":\"Totul despre Rom\u00e2nia \u015fi rom\u00e2ni, \u00een 13 limbi\\\/dialecte!\",\"inLanguage\":\"fr-FR\"},{\"@type\":\"Person\",\"@id\":\"https:\\\/\\\/www.rri.ro\\\/#\\\/schema\\\/person\\\/4a479940371b9fdefd194f561e8a7f88\",\"name\":\"Newsroom\",\"url\":\"https:\\\/\\\/www.rri.ro\\\/fr\\\/author\\\/newsroom\"}]}<\/script>\n<!-- \/ Yoast SEO plugin. -->","yoast_head_json":{"title":"05\/01\/2022 (mise \u00e0 jour) - Radio Roumanie Internationale","robots":{"index":"index","follow":"follow","max-snippet":"max-snippet:-1","max-image-preview":"max-image-preview:large","max-video-preview":"max-video-preview:-1"},"canonical":"https:\/\/www.rri.ro\/fr\/actualites\/le-flash\/05-01-2022-mise-a-jour-id395555.html","og_locale":"fr_FR","og_type":"article","og_title":"05\/01\/2022 (mise \u00e0 jour) - Radio Roumanie Internationale","og_description":"Covid &#8212; Le Comit\u00e9 national pour les situations d\u2019urgence a d\u00e9cid\u00e9 ce mercredi de prolonger l\u2019\u00e9tat d\u2019alerte en Roumanie et de maintenir les restrictions sanitaires. Le port de masque chirurgical ou de type FFP2 redevient obligatoire pour tous les Roumains, aussi bien \u00e0 l\u2019ext\u00e9rieur, qu\u2019\u00e0 l\u2019int\u00e9rieur. Y font exception les enfants de moins de 5 [&hellip;]","og_url":"https:\/\/www.rri.ro\/fr\/actualites\/le-flash\/05-01-2022-mise-a-jour-id395555.html","og_site_name":"Radio Roumanie Internationale","article_published_time":"2022-01-05T16:56:00+00:00","og_image":[{"width":640,"height":480,"url":"https:\/\/www.rri.ro\/wp-content\/uploads\/2023\/10\/stiri-franceza-bleu-5.png","type":"image\/png"}],"author":"Newsroom","twitter_card":"summary_large_image","twitter_misc":{"\u00c9crit par":"Newsroom","Dur\u00e9e de lecture estim\u00e9e":"4 minutes","Written by":"Newsroom"},"schema":{"@context":"https:\/\/schema.org","@graph":[{"@type":"Article","@id":"https:\/\/www.rri.ro\/fr\/actualites\/le-flash\/05-01-2022-mise-a-jour-id395555.html#article","isPartOf":{"@id":"https:\/\/www.rri.ro\/fr\/actualites\/le-flash\/05-01-2022-mise-a-jour-id395555.html"},"author":{"name":"Newsroom","@id":"https:\/\/www.rri.ro\/#\/schema\/person\/4a479940371b9fdefd194f561e8a7f88"},"headline":"05\/01\/2022 (mise \u00e0 jour)","datePublished":"2022-01-05T16:56:00+00:00","mainEntityOfPage":{"@id":"https:\/\/www.rri.ro\/fr\/actualites\/le-flash\/05-01-2022-mise-a-jour-id395555.html"},"wordCount":869,"image":{"@id":"https:\/\/www.rri.ro\/fr\/actualites\/le-flash\/05-01-2022-mise-a-jour-id395555.html#primaryimage"},"thumbnailUrl":"https:\/\/www.rri.ro\/wp-content\/uploads\/2023\/10\/stiri-franceza-bleu-5.png","keywords":["cluj","COVID","\u00e9l\u00e8ves","euros","handball","plan","protestations","relance","Roumanie","Simona Halep","tennis"],"articleSection":["Le flash"],"inLanguage":"fr-FR"},{"@type":"WebPage","@id":"https:\/\/www.rri.ro\/fr\/actualites\/le-flash\/05-01-2022-mise-a-jour-id395555.html","url":"https:\/\/www.rri.ro\/fr\/actualites\/le-flash\/05-01-2022-mise-a-jour-id395555.html","name":"05\/01\/2022 (mise \u00e0 jour) - Radio Roumanie Internationale","isPartOf":{"@id":"https:\/\/www.rri.ro\/#website"},"primaryImageOfPage":{"@id":"https:\/\/www.rri.ro\/fr\/actualites\/le-flash\/05-01-2022-mise-a-jour-id395555.html#primaryimage"},"image":{"@id":"https:\/\/www.rri.ro\/fr\/actualites\/le-flash\/05-01-2022-mise-a-jour-id395555.html#primaryimage"},"thumbnailUrl":"https:\/\/www.rri.ro\/wp-content\/uploads\/2023\/10\/stiri-franceza-bleu-5.png","datePublished":"2022-01-05T16:56:00+00:00","author":{"@id":"https:\/\/www.rri.ro\/#\/schema\/person\/4a479940371b9fdefd194f561e8a7f88"},"breadcrumb":{"@id":"https:\/\/www.rri.ro\/fr\/actualites\/le-flash\/05-01-2022-mise-a-jour-id395555.html#breadcrumb"},"inLanguage":"fr-FR","potentialAction":[{"@type":"ReadAction","target":["https:\/\/www.rri.ro\/fr\/actualites\/le-flash\/05-01-2022-mise-a-jour-id395555.html"]}]},{"@type":"ImageObject","inLanguage":"fr-FR","@id":"https:\/\/www.rri.ro\/fr\/actualites\/le-flash\/05-01-2022-mise-a-jour-id395555.html#primaryimage","url":"https:\/\/www.rri.ro\/wp-content\/uploads\/2023\/10\/stiri-franceza-bleu-5.png","contentUrl":"https:\/\/www.rri.ro\/wp-content\/uploads\/2023\/10\/stiri-franceza-bleu-5.png","width":640,"height":480},{"@type":"BreadcrumbList","@id":"https:\/\/www.rri.ro\/fr\/actualites\/le-flash\/05-01-2022-mise-a-jour-id395555.html#breadcrumb","itemListElement":[{"@type":"ListItem","position":1,"name":"Page d'accueil","item":"https:\/\/www.rri.ro\/fr"},{"@type":"ListItem","position":2,"name":"Actualit\u00e9s","item":"https:\/\/www.rri.ro\/fr\/actualites"},{"@type":"ListItem","position":3,"name":"Le flash","item":"https:\/\/www.rri.ro\/fr\/actualites\/le-flash"},{"@type":"ListItem","position":4,"name":"05\/01\/2022 (mise \u00e0 jour)"}]},{"@type":"WebSite","@id":"https:\/\/www.rri.ro\/#website","url":"https:\/\/www.rri.ro\/","name":"Radio Roumanie Internationale","description":"Totul despre Rom\u00e2nia \u015fi rom\u00e2ni, \u00een 13 limbi\/dialecte!","inLanguage":"fr-FR"},{"@type":"Person","@id":"https:\/\/www.rri.ro\/#\/schema\/person\/4a479940371b9fdefd194f561e8a7f88","name":"Newsroom","url":"https:\/\/www.rri.ro\/fr\/author\/newsroom"}]}},"_links":{"self":[{"href":"https:\/\/www.rri.ro\/fr\/wp-json\/wp\/v2\/posts\/395555","targetHints":{"allow":["GET"]}}],"collection":[{"href":"https:\/\/www.rri.ro\/fr\/wp-json\/wp\/v2\/posts"}],"about":[{"href":"https:\/\/www.rri.ro\/fr\/wp-json\/wp\/v2\/types\/post"}],"author":[{"embeddable":true,"href":"https:\/\/www.rri.ro\/fr\/wp-json\/wp\/v2\/users\/113"}],"replies":[{"embeddable":true,"href":"https:\/\/www.rri.ro\/fr\/wp-json\/wp\/v2\/comments?post=395555"}],"version-history":[{"count":0,"href":"https:\/\/www.rri.ro\/fr\/wp-json\/wp\/v2\/posts\/395555\/revisions"}],"wp:featuredmedia":[{"embeddable":true,"href":"https:\/\/www.rri.ro\/fr\/wp-json\/wp\/v2\/media\/395459"}],"wp:attachment":[{"href":"https:\/\/www.rri.ro\/fr\/wp-json\/wp\/v2\/media?parent=395555"}],"wp:term":[{"taxonomy":"category","embeddable":true,"href":"https:\/\/www.rri.ro\/fr\/wp-json\/wp\/v2\/categories?post=395555"},{"taxonomy":"post_tag","embeddable":true,"href":"https:\/\/www.rri.ro\/fr\/wp-json\/wp\/v2\/tags?post=395555"},{"taxonomy":"author","embeddable":true,"href":"https:\/\/www.rri.ro\/fr\/wp-json\/wp\/v2\/coauthors?post=395555"}],"curies":[{"name":"wp","href":"https:\/\/api.w.org\/{rel}","templated":true}]}}