{"id":395830,"date":"2022-05-23T20:36:00","date_gmt":"2022-05-23T17:36:00","guid":{"rendered":"http:\/\/devrri.freshlemon.ro\/le-roumain-mot-a-mot\/consulter-les-lecons\/23-05-2022mise-a-jour-id395830.html"},"modified":"2022-05-23T20:36:00","modified_gmt":"2022-05-23T17:36:00","slug":"23-05-2022mise-a-jour","status":"publish","type":"post","link":"https:\/\/www.rri.ro\/fr\/actualites\/le-flash\/23-05-2022mise-a-jour-id395830.html","title":{"rendered":"23\/05\/2022(mise \u00e0 jour)"},"content":{"rendered":"<p><strong>Plan de relance &#8212; <\/strong>La premi\u00e8re demande de paiement du Plan national de relance et de r\u00e9silience, de 3 milliards d\u2019euros, sera avanc\u00e9e \u00e0 la Commission europ\u00e9enne, a annonc\u00e9 le premier ministre Nicolae Ciuc\u0103. Ces fonds financeront des projets de toutes les composantes du Plan et auront un impact dans plusieurs domaines strat\u00e9giques pour la Roumanie. Le chef du cabinet de Bucarest a appr\u00e9ci\u00e9 les efforts des institutions concern\u00e9es par la gestion du Plan national de relance et de r\u00e9silience. Il a \u00e9galement exig\u00e9 de maintenir un rythme soutenu pour la mise en \u0153uvre efficace et de qualit\u00e9 des projets d\u2019investissements et des r\u00e9formes. C\u2019est un effort qui doit continuer et \u00eatre \u00e9largi afin de valoriser les 30 milliards d\u2019euros dont la Roumanie va b\u00e9n\u00e9ficier par le Plan dans des projets de modernisation et de d\u00e9veloppement du pays, a d\u00e9clar\u00e9 M Ciuc\u0103.<\/p>\n<p>&#13;<br \/>\n&#13;<\/p>\n<p>&#13;<br \/>\n&#13;<\/p>\n<p><strong>Economie<\/strong> &#8212; Sept Etats, dont la Roumanie, continuent d\u2019enregistrer des d\u00e9s\u00e9quilibres macro\u00e9conomiques excessifs, a annonc\u00e9 lundi la Commission europ\u00e9enne qui a \u00e9valu\u00e9 ces d\u00e9s\u00e9quilibres dans 12 Etats membres de l\u2019Union s\u00e9lectionn\u00e9s pour des analyses approfondies dans le Rapport sur le m\u00e9canisme d\u2019alerte de 2022. La Commission souligne que l\u2019\u00e9conomie roumaine se confronte \u00e0 des vuln\u00e9rabilit\u00e9s li\u00e9es \u00e0 la comp\u00e9titivit\u00e9 et aux \u00e9volutions de la balance commerciale. Le d\u00e9ficit du compte courant d\u2019avant la crise provoqu\u00e9e par la pand\u00e9mie a continu\u00e9 \u00e0 progresser pour constituer un risque \u00e0 l\u2019adresse de la soutenabilit\u00e9 \u00e0 long terme. La dette gouvernementale s\u2019est accrue de mani\u00e8re significative, depuis un niveau mod\u00e9r\u00e9. Entre temps, les couts des emprunts souverains ont augment\u00e9 depuis le d\u00e9but de l\u2019ann\u00e9e 2021, alors que la bureaucratie, une dette publique inefficace et un cadre l\u00e9gislatif volatile constitueront un fardeau pour les investisseurs, avertit l\u2019ex\u00e9cutif communautaire.<\/p>\n<p>&#13;<br \/>\n&#13;<\/p>\n<p>&#13;<br \/>\n&#13;<\/p>\n<p><strong>R\u00e9fugi\u00e9s &#8211;<\/strong> Le nombre des ressortissants ukrainiens entr\u00e9s en Roumanie dimanche a baiss\u00e9 de 17,4 % par rapport au jour pr\u00e9c\u00e9dent, selon un communiqu\u00e9 de l\u2019Inspection g\u00e9n\u00e9rale de la Police aux fronti\u00e8res, \u00e9mis lundi. Depuis le d\u00e9but de la crise et jusqu\u2019\u00e0 dimanche, plus d\u2019un million de citoyens ukrainiens sont entr\u00e9s en Roumanie. Le minist\u00e8re de l\u2019Int\u00e9rieur pr\u00e9cise aussi que le taux d\u2019occupation des centres d\u2019h\u00e9bergement de l\u2019Inspection g\u00e9n\u00e9rale de l\u2019immigration tourne autour des 47 %. La m\u00eame Inspection a \u00e9mis depuis le 18 mars et jusqu\u2019\u00e0 pr\u00e9sent 27 353 permis de s\u00e9jour pour les b\u00e9n\u00e9ficiaires de protection temporaire. En \u00e9gale mesure, depuis le d\u00e9but du conflit en Ukraine, 4 349 ressortissants ukrainiens ont demand\u00e9 l\u2019asile en Roumanie, b\u00e9n\u00e9ficiant en m\u00eame temps de tous les droits pr\u00e9vus par la l\u00e9gislation nationale.<\/p>\n<p>&#13;<br \/>\n&#13;<\/p>\n<p>&#13;<br \/>\n&#13;<\/p>\n<p><strong>Film &#8212;<\/strong> Le cin\u00e9aste roumain Cristian Mungiu, en comp\u00e9tition au Festival du film de Cannes, esp\u00e8re que son film <em>\u00ab R.M.N. \u00bb<\/em> qui raconte l\u2019histoire d\u2019un village transylvain comme v\u00e9ritable laboratoire explosif du populisme, puisse ouvrir les yeux des Europ\u00e9ens sur ce mal qui les ronge, selon l\u2019AFP. Le r\u00e9alisateur est en lice pour une deuxi\u00e8me Palme dOr quinze ans apr\u00e8s<em> \u00ab 4 mois, 3 semaines, 2 jours \u00bb<\/em>, film coup de poing sur le droit \u00e0 lavortement, et qui se veut \u00e0 nouveau tr\u00e8s politique. Son titre, <em>\u00ab RMN \u00bb<\/em>, fait r\u00e9f\u00e9rence \u00e0 lacronyme roumain de limagerie par r\u00e9sonance magn\u00e9tique (IRM) : Mungiu semploie \u00e0 y sonder les tenants et les aboutissants du populisme, un mal qui aurait m\u00e9tastas\u00e9 jusqu\u00e0 ce village encore p\u00e9tri de traditions, aux confins de lEurope. <em>\u00ab J\u2019esp\u00e8re que (les spectateurs) n\u00e9chapperont pas facilement \u00e0 leurs responsabilit\u00e9s, quils ne se diront pas \u00e7a a lieu dans une contr\u00e9e lointaine, sauvage. Jai bien peur que ce ne soit pas le cas \u00bb<\/em>, d\u00e9clarait M Mungiu cit\u00e9 par l\u2019AFP.  Laction se d\u00e9roule \u00e0 quelques jours de No\u00ebl, dans un village de Transylvanie. Les Roms, eux, ont disparu du bourg, chass\u00e9s par les habitants et la force des pr\u00e9jug\u00e9s. Mais de nouveaux <em>\u00ab damn\u00e9s de la Terre \u00bb<\/em> ont fait leur apparition, trois Sri-Lankais que lon a fait venir pour travailler dans la boulangerie industrielle du coin, les Roumains \u00e9tant tous partis louer leurs bras \u00e0 louest.<\/p>\n<p>&#13;<br \/>\n&#13;<\/p>\n<p>&#13;<\/p>\n","protected":false},"excerpt":{"rendered":"<p>Plan de relance &#8212; La premi\u00e8re demande de paiement du Plan national de relance et de r\u00e9silience, de 3 milliards d\u2019euros, sera avanc\u00e9e \u00e0 la Commission europ\u00e9enne, a annonc\u00e9 le premier ministre Nicolae Ciuc\u0103. Ces fonds financeront des projets de toutes les composantes du Plan et auront un impact dans plusieurs domaines strat\u00e9giques pour la [&hellip;]<\/p>\n","protected":false},"author":113,"featured_media":395459,"comment_status":"closed","ping_status":"closed","sticky":false,"template":"","format":"standard","meta":{"_acf_changed":false,"footnotes":""},"categories":[89002],"tags":[148240,158417,148510,93253,89209,144283,143692,89625,87172,86782,88039],"coauthors":[],"class_list":["post-395830","post","type-post","status-publish","format-standard","has-post-thumbnail","hentry","category-le-flash","tag-cannes-fr","tag-cristian-mungiu-fr","tag-deficit-fr","tag-desequilibres","tag-dette","tag-economie-fr","tag-film-fr","tag-paiement","tag-projets","tag-refugies","tag-relance"],"acf":[],"yoast_head":"<!-- This site is optimized with the Yoast SEO plugin v27.3 - https:\/\/yoast.com\/product\/yoast-seo-wordpress\/ -->\n<title>23\/05\/2022(mise \u00e0 jour) - Radio Roumanie Internationale<\/title>\n<meta name=\"robots\" content=\"index, follow, max-snippet:-1, max-image-preview:large, max-video-preview:-1\" \/>\n<link rel=\"canonical\" href=\"https:\/\/www.rri.ro\/fr\/actualites\/le-flash\/23-05-2022mise-a-jour-id395830.html\" \/>\n<meta property=\"og:locale\" content=\"fr_FR\" \/>\n<meta property=\"og:type\" content=\"article\" \/>\n<meta property=\"og:title\" content=\"23\/05\/2022(mise \u00e0 jour) - Radio Roumanie Internationale\" \/>\n<meta property=\"og:description\" content=\"Plan de relance &#8212; La premi\u00e8re demande de paiement du Plan national de relance et de r\u00e9silience, de 3 milliards d\u2019euros, sera avanc\u00e9e \u00e0 la Commission europ\u00e9enne, a annonc\u00e9 le premier ministre Nicolae Ciuc\u0103. Ces fonds financeront des projets de toutes les composantes du Plan et auront un impact dans plusieurs domaines strat\u00e9giques pour la [&hellip;]\" \/>\n<meta property=\"og:url\" content=\"https:\/\/www.rri.ro\/fr\/actualites\/le-flash\/23-05-2022mise-a-jour-id395830.html\" \/>\n<meta property=\"og:site_name\" content=\"Radio Roumanie Internationale\" \/>\n<meta property=\"article:published_time\" content=\"2022-05-23T17:36:00+00:00\" \/>\n<meta property=\"og:image\" content=\"https:\/\/www.rri.ro\/wp-content\/uploads\/2023\/10\/stiri-franceza-bleu-5.png\" \/>\n\t<meta property=\"og:image:width\" content=\"640\" \/>\n\t<meta property=\"og:image:height\" content=\"480\" \/>\n\t<meta property=\"og:image:type\" content=\"image\/png\" \/>\n<meta name=\"author\" content=\"Newsroom\" \/>\n<meta name=\"twitter:card\" content=\"summary_large_image\" \/>\n<meta name=\"twitter:label1\" content=\"\u00c9crit par\" \/>\n\t<meta name=\"twitter:data1\" content=\"Newsroom\" \/>\n\t<meta name=\"twitter:label2\" content=\"Dur\u00e9e de lecture estim\u00e9e\" \/>\n\t<meta name=\"twitter:data2\" content=\"4 minutes\" \/>\n\t<meta name=\"twitter:label3\" content=\"Written by\" \/>\n\t<meta name=\"twitter:data3\" content=\"Newsroom\" \/>\n<script type=\"application\/ld+json\" class=\"yoast-schema-graph\">{\"@context\":\"https:\\\/\\\/schema.org\",\"@graph\":[{\"@type\":\"Article\",\"@id\":\"https:\\\/\\\/www.rri.ro\\\/fr\\\/actualites\\\/le-flash\\\/23-05-2022mise-a-jour-id395830.html#article\",\"isPartOf\":{\"@id\":\"https:\\\/\\\/www.rri.ro\\\/fr\\\/actualites\\\/le-flash\\\/23-05-2022mise-a-jour-id395830.html\"},\"author\":{\"name\":\"Newsroom\",\"@id\":\"https:\\\/\\\/www.rri.ro\\\/#\\\/schema\\\/person\\\/4a479940371b9fdefd194f561e8a7f88\"},\"headline\":\"23\\\/05\\\/2022(mise \u00e0 jour)\",\"datePublished\":\"2022-05-23T17:36:00+00:00\",\"mainEntityOfPage\":{\"@id\":\"https:\\\/\\\/www.rri.ro\\\/fr\\\/actualites\\\/le-flash\\\/23-05-2022mise-a-jour-id395830.html\"},\"wordCount\":732,\"image\":{\"@id\":\"https:\\\/\\\/www.rri.ro\\\/fr\\\/actualites\\\/le-flash\\\/23-05-2022mise-a-jour-id395830.html#primaryimage\"},\"thumbnailUrl\":\"https:\\\/\\\/www.rri.ro\\\/wp-content\\\/uploads\\\/2023\\\/10\\\/stiri-franceza-bleu-5.png\",\"keywords\":[\"Cannes\",\"Cristian Mungiu\",\"deficit\",\"d\u00e9s\u00e9quilibres\",\"dette\",\"economie\",\"film\",\"paiement\",\"projets\",\"r\u00e9fugi\u00e9s\",\"relance\"],\"articleSection\":[\"Le flash\"],\"inLanguage\":\"fr-FR\"},{\"@type\":\"WebPage\",\"@id\":\"https:\\\/\\\/www.rri.ro\\\/fr\\\/actualites\\\/le-flash\\\/23-05-2022mise-a-jour-id395830.html\",\"url\":\"https:\\\/\\\/www.rri.ro\\\/fr\\\/actualites\\\/le-flash\\\/23-05-2022mise-a-jour-id395830.html\",\"name\":\"23\\\/05\\\/2022(mise \u00e0 jour) - Radio Roumanie Internationale\",\"isPartOf\":{\"@id\":\"https:\\\/\\\/www.rri.ro\\\/#website\"},\"primaryImageOfPage\":{\"@id\":\"https:\\\/\\\/www.rri.ro\\\/fr\\\/actualites\\\/le-flash\\\/23-05-2022mise-a-jour-id395830.html#primaryimage\"},\"image\":{\"@id\":\"https:\\\/\\\/www.rri.ro\\\/fr\\\/actualites\\\/le-flash\\\/23-05-2022mise-a-jour-id395830.html#primaryimage\"},\"thumbnailUrl\":\"https:\\\/\\\/www.rri.ro\\\/wp-content\\\/uploads\\\/2023\\\/10\\\/stiri-franceza-bleu-5.png\",\"datePublished\":\"2022-05-23T17:36:00+00:00\",\"author\":{\"@id\":\"https:\\\/\\\/www.rri.ro\\\/#\\\/schema\\\/person\\\/4a479940371b9fdefd194f561e8a7f88\"},\"breadcrumb\":{\"@id\":\"https:\\\/\\\/www.rri.ro\\\/fr\\\/actualites\\\/le-flash\\\/23-05-2022mise-a-jour-id395830.html#breadcrumb\"},\"inLanguage\":\"fr-FR\",\"potentialAction\":[{\"@type\":\"ReadAction\",\"target\":[\"https:\\\/\\\/www.rri.ro\\\/fr\\\/actualites\\\/le-flash\\\/23-05-2022mise-a-jour-id395830.html\"]}]},{\"@type\":\"ImageObject\",\"inLanguage\":\"fr-FR\",\"@id\":\"https:\\\/\\\/www.rri.ro\\\/fr\\\/actualites\\\/le-flash\\\/23-05-2022mise-a-jour-id395830.html#primaryimage\",\"url\":\"https:\\\/\\\/www.rri.ro\\\/wp-content\\\/uploads\\\/2023\\\/10\\\/stiri-franceza-bleu-5.png\",\"contentUrl\":\"https:\\\/\\\/www.rri.ro\\\/wp-content\\\/uploads\\\/2023\\\/10\\\/stiri-franceza-bleu-5.png\",\"width\":640,\"height\":480},{\"@type\":\"BreadcrumbList\",\"@id\":\"https:\\\/\\\/www.rri.ro\\\/fr\\\/actualites\\\/le-flash\\\/23-05-2022mise-a-jour-id395830.html#breadcrumb\",\"itemListElement\":[{\"@type\":\"ListItem\",\"position\":1,\"name\":\"Page d'accueil\",\"item\":\"https:\\\/\\\/www.rri.ro\\\/fr\"},{\"@type\":\"ListItem\",\"position\":2,\"name\":\"Actualit\u00e9s\",\"item\":\"https:\\\/\\\/www.rri.ro\\\/fr\\\/actualites\"},{\"@type\":\"ListItem\",\"position\":3,\"name\":\"Le flash\",\"item\":\"https:\\\/\\\/www.rri.ro\\\/fr\\\/actualites\\\/le-flash\"},{\"@type\":\"ListItem\",\"position\":4,\"name\":\"23\\\/05\\\/2022(mise \u00e0 jour)\"}]},{\"@type\":\"WebSite\",\"@id\":\"https:\\\/\\\/www.rri.ro\\\/#website\",\"url\":\"https:\\\/\\\/www.rri.ro\\\/\",\"name\":\"Radio Roumanie Internationale\",\"description\":\"Totul despre Rom\u00e2nia \u015fi rom\u00e2ni, \u00een 13 limbi\\\/dialecte!\",\"inLanguage\":\"fr-FR\"},{\"@type\":\"Person\",\"@id\":\"https:\\\/\\\/www.rri.ro\\\/#\\\/schema\\\/person\\\/4a479940371b9fdefd194f561e8a7f88\",\"name\":\"Newsroom\",\"url\":\"https:\\\/\\\/www.rri.ro\\\/fr\\\/author\\\/newsroom\"}]}<\/script>\n<!-- \/ Yoast SEO plugin. -->","yoast_head_json":{"title":"23\/05\/2022(mise \u00e0 jour) - Radio Roumanie Internationale","robots":{"index":"index","follow":"follow","max-snippet":"max-snippet:-1","max-image-preview":"max-image-preview:large","max-video-preview":"max-video-preview:-1"},"canonical":"https:\/\/www.rri.ro\/fr\/actualites\/le-flash\/23-05-2022mise-a-jour-id395830.html","og_locale":"fr_FR","og_type":"article","og_title":"23\/05\/2022(mise \u00e0 jour) - Radio Roumanie Internationale","og_description":"Plan de relance &#8212; La premi\u00e8re demande de paiement du Plan national de relance et de r\u00e9silience, de 3 milliards d\u2019euros, sera avanc\u00e9e \u00e0 la Commission europ\u00e9enne, a annonc\u00e9 le premier ministre Nicolae Ciuc\u0103. Ces fonds financeront des projets de toutes les composantes du Plan et auront un impact dans plusieurs domaines strat\u00e9giques pour la [&hellip;]","og_url":"https:\/\/www.rri.ro\/fr\/actualites\/le-flash\/23-05-2022mise-a-jour-id395830.html","og_site_name":"Radio Roumanie Internationale","article_published_time":"2022-05-23T17:36:00+00:00","og_image":[{"width":640,"height":480,"url":"https:\/\/www.rri.ro\/wp-content\/uploads\/2023\/10\/stiri-franceza-bleu-5.png","type":"image\/png"}],"author":"Newsroom","twitter_card":"summary_large_image","twitter_misc":{"\u00c9crit par":"Newsroom","Dur\u00e9e de lecture estim\u00e9e":"4 minutes","Written by":"Newsroom"},"schema":{"@context":"https:\/\/schema.org","@graph":[{"@type":"Article","@id":"https:\/\/www.rri.ro\/fr\/actualites\/le-flash\/23-05-2022mise-a-jour-id395830.html#article","isPartOf":{"@id":"https:\/\/www.rri.ro\/fr\/actualites\/le-flash\/23-05-2022mise-a-jour-id395830.html"},"author":{"name":"Newsroom","@id":"https:\/\/www.rri.ro\/#\/schema\/person\/4a479940371b9fdefd194f561e8a7f88"},"headline":"23\/05\/2022(mise \u00e0 jour)","datePublished":"2022-05-23T17:36:00+00:00","mainEntityOfPage":{"@id":"https:\/\/www.rri.ro\/fr\/actualites\/le-flash\/23-05-2022mise-a-jour-id395830.html"},"wordCount":732,"image":{"@id":"https:\/\/www.rri.ro\/fr\/actualites\/le-flash\/23-05-2022mise-a-jour-id395830.html#primaryimage"},"thumbnailUrl":"https:\/\/www.rri.ro\/wp-content\/uploads\/2023\/10\/stiri-franceza-bleu-5.png","keywords":["Cannes","Cristian Mungiu","deficit","d\u00e9s\u00e9quilibres","dette","economie","film","paiement","projets","r\u00e9fugi\u00e9s","relance"],"articleSection":["Le flash"],"inLanguage":"fr-FR"},{"@type":"WebPage","@id":"https:\/\/www.rri.ro\/fr\/actualites\/le-flash\/23-05-2022mise-a-jour-id395830.html","url":"https:\/\/www.rri.ro\/fr\/actualites\/le-flash\/23-05-2022mise-a-jour-id395830.html","name":"23\/05\/2022(mise \u00e0 jour) - Radio Roumanie Internationale","isPartOf":{"@id":"https:\/\/www.rri.ro\/#website"},"primaryImageOfPage":{"@id":"https:\/\/www.rri.ro\/fr\/actualites\/le-flash\/23-05-2022mise-a-jour-id395830.html#primaryimage"},"image":{"@id":"https:\/\/www.rri.ro\/fr\/actualites\/le-flash\/23-05-2022mise-a-jour-id395830.html#primaryimage"},"thumbnailUrl":"https:\/\/www.rri.ro\/wp-content\/uploads\/2023\/10\/stiri-franceza-bleu-5.png","datePublished":"2022-05-23T17:36:00+00:00","author":{"@id":"https:\/\/www.rri.ro\/#\/schema\/person\/4a479940371b9fdefd194f561e8a7f88"},"breadcrumb":{"@id":"https:\/\/www.rri.ro\/fr\/actualites\/le-flash\/23-05-2022mise-a-jour-id395830.html#breadcrumb"},"inLanguage":"fr-FR","potentialAction":[{"@type":"ReadAction","target":["https:\/\/www.rri.ro\/fr\/actualites\/le-flash\/23-05-2022mise-a-jour-id395830.html"]}]},{"@type":"ImageObject","inLanguage":"fr-FR","@id":"https:\/\/www.rri.ro\/fr\/actualites\/le-flash\/23-05-2022mise-a-jour-id395830.html#primaryimage","url":"https:\/\/www.rri.ro\/wp-content\/uploads\/2023\/10\/stiri-franceza-bleu-5.png","contentUrl":"https:\/\/www.rri.ro\/wp-content\/uploads\/2023\/10\/stiri-franceza-bleu-5.png","width":640,"height":480},{"@type":"BreadcrumbList","@id":"https:\/\/www.rri.ro\/fr\/actualites\/le-flash\/23-05-2022mise-a-jour-id395830.html#breadcrumb","itemListElement":[{"@type":"ListItem","position":1,"name":"Page d'accueil","item":"https:\/\/www.rri.ro\/fr"},{"@type":"ListItem","position":2,"name":"Actualit\u00e9s","item":"https:\/\/www.rri.ro\/fr\/actualites"},{"@type":"ListItem","position":3,"name":"Le flash","item":"https:\/\/www.rri.ro\/fr\/actualites\/le-flash"},{"@type":"ListItem","position":4,"name":"23\/05\/2022(mise \u00e0 jour)"}]},{"@type":"WebSite","@id":"https:\/\/www.rri.ro\/#website","url":"https:\/\/www.rri.ro\/","name":"Radio Roumanie Internationale","description":"Totul despre Rom\u00e2nia \u015fi rom\u00e2ni, \u00een 13 limbi\/dialecte!","inLanguage":"fr-FR"},{"@type":"Person","@id":"https:\/\/www.rri.ro\/#\/schema\/person\/4a479940371b9fdefd194f561e8a7f88","name":"Newsroom","url":"https:\/\/www.rri.ro\/fr\/author\/newsroom"}]}},"_links":{"self":[{"href":"https:\/\/www.rri.ro\/fr\/wp-json\/wp\/v2\/posts\/395830","targetHints":{"allow":["GET"]}}],"collection":[{"href":"https:\/\/www.rri.ro\/fr\/wp-json\/wp\/v2\/posts"}],"about":[{"href":"https:\/\/www.rri.ro\/fr\/wp-json\/wp\/v2\/types\/post"}],"author":[{"embeddable":true,"href":"https:\/\/www.rri.ro\/fr\/wp-json\/wp\/v2\/users\/113"}],"replies":[{"embeddable":true,"href":"https:\/\/www.rri.ro\/fr\/wp-json\/wp\/v2\/comments?post=395830"}],"version-history":[{"count":0,"href":"https:\/\/www.rri.ro\/fr\/wp-json\/wp\/v2\/posts\/395830\/revisions"}],"wp:featuredmedia":[{"embeddable":true,"href":"https:\/\/www.rri.ro\/fr\/wp-json\/wp\/v2\/media\/395459"}],"wp:attachment":[{"href":"https:\/\/www.rri.ro\/fr\/wp-json\/wp\/v2\/media?parent=395830"}],"wp:term":[{"taxonomy":"category","embeddable":true,"href":"https:\/\/www.rri.ro\/fr\/wp-json\/wp\/v2\/categories?post=395830"},{"taxonomy":"post_tag","embeddable":true,"href":"https:\/\/www.rri.ro\/fr\/wp-json\/wp\/v2\/tags?post=395830"},{"taxonomy":"author","embeddable":true,"href":"https:\/\/www.rri.ro\/fr\/wp-json\/wp\/v2\/coauthors?post=395830"}],"curies":[{"name":"wp","href":"https:\/\/api.w.org\/{rel}","templated":true}]}}