{"id":396383,"date":"2023-04-07T13:24:00","date_gmt":"2023-04-07T10:24:00","guid":{"rendered":"http:\/\/devrri.freshlemon.ro\/le-roumain-mot-a-mot\/consulter-les-lecons\/07-04-2023-id396383.html"},"modified":"2023-04-07T13:24:00","modified_gmt":"2023-04-07T10:24:00","slug":"07-04-2023","status":"publish","type":"post","link":"https:\/\/www.rri.ro\/fr\/actualites\/le-flash\/07-04-2023-id396383.html","title":{"rendered":"07.04.2023"},"content":{"rendered":"<p><p><strong class=cms-bold>Budget<\/strong> &#8211; Le&#13;<br \/>\ngouvernement roumain cherche des solutions pour combler un trou de 20 milliards&#13;<br \/>\nde lei dans le budget et emp\u00eacher le d\u00e9ficit de d\u00e9passer la cible de 4,4% du&#13;<br \/>\nPIB. Les leaders de la coalition au pouvoir d\u00e9noncent les d\u00e9penses non&#13;<br \/>\njustifi\u00e9es au sein des plusieurs minist\u00e8res et institutions et appellent le&#13;<br \/>\nMinist\u00e8re des Finances \u00e0 combattre le gaspillage des fonds publiques. Le chef&#13;<br \/>\ndu gouvernement, Nicolae Ciuca, a pr\u00e9cis\u00e9 que son gouvernement ne pr\u00e9voit pas&#13;<br \/>\nde coupures salariales ou d&rsquo;autres revenus, mais que le ministre des Finances,&#13;<br \/>\nAdrian C\u00e2ciu, est cens\u00e9 proposer des mesures concr\u00e8tes pour r\u00e9duire les&#13;<br \/>\nd\u00e9penses dans les mois \u00e0 venir. Pour sa part, le leader du PSD, Marcel Ciolacu,&#13;<br \/>\na lanc\u00e9 l&rsquo;id\u00e9e d&rsquo;une r\u00e9forme des d\u00e9penses publiques, parall\u00e8lement \u00e0 la baisse&#13;<br \/>\nde l&rsquo;\u00e9vasion fiscale. A ses dires, il faudrait supprimer les bonus salariaux et&#13;<br \/>\najouter ceux d\u00e9j\u00e0 obtenus, au salaire de base. Et le ministre des Finances de&#13;<br \/>\npr\u00e9ciser que l&rsquo;ajustement des d\u00e9penses salariales ne risque d&rsquo;impacter ni les&#13;<br \/>\npaquets social et \u00e9conomique \u00e9labor\u00e9s par la coalition, ni les investissements.&#13;<br \/>\nEn revanche, les experts de la Banque centrale de Roumanie consid\u00e8rent que dans&#13;<br \/>\nle contexte d&rsquo;un niveau \u00e9lev\u00e9 des d\u00e9ficits de compte courant et budg\u00e9taire,&#13;<br \/>\nl&rsquo;argent attribu\u00e9 \u00e0 la Roumanie via le Plan national de relance et de&#13;<br \/>\nr\u00e9silience repr\u00e9sente une chance extraordinaire pour l&rsquo;\u00e9conomie. <\/p>\n<p><\/p>\n<p>&#13;<br \/>\n&#13;<br \/>\n&#13;<br \/>\n&#13;<br \/>\n&#13;<br \/>\n&#13;<br \/>\n&#13;<br \/>\n&#13;<br \/>\n&#13;<br \/>\n&#13;<br \/>\n&#13;<br \/>\n&#13;<br \/>\n&#13;<br \/>\n&#13;<\/p>\n<p><strong class=cms-bold>Protestations <\/strong>&#8211; Les agriculteurs roumains protestent ce&#13;<br \/>\nvendredi \u00e0 Bucarest et dans 18 d\u00e9partements de Roumanie contre les fonds&#13;<br \/>\nd\u00e9cid\u00e9s par la Commission europ\u00e9enne pour compenser aux pertes qu&rsquo;ils ont&#13;<br \/>\nenregistr\u00e9es suite \u00e0 l&rsquo;exon\u00e9ration temporaire des droits de douane et de la TVA&#13;<br \/>\nsur les importations de c\u00e9r\u00e9ales ukrainiennes. Les cultivateurs appellent&#13;<br \/>\nBruxelles \u00e0 renoncer au r\u00e9gime sp\u00e9cial appliqu\u00e9 aux produits import\u00e9s&#13;<br \/>\nd&rsquo;Ukraine. Des protestations similaires ont lieu en Bulgarie aussi o\u00f9 les&#13;<br \/>\nfermiers ont bloqu\u00e9 le rond point pr\u00e9c\u00e9dant le pont Ruse-Giurgiu, entre la&#13;<br \/>\nRoumanie et la Bulgarie. Par cons\u00e9quent, le Minist\u00e8re des Affaires Etrang\u00e8res&#13;<br \/>\nde Bucarest avertit les chauffeurs roumains qui souhaitent se rendre en&#13;<br \/>\nBulgarie que l&rsquo;acc\u00e8s des v\u00e9hicules sera bloqu\u00e9 aux points de passage frontalier&#13;<br \/>\nde Ruse-Giurgiu et Kardam-Negru Voda et sur les routes adjacentes. <\/p>\n<p><\/p>\n<p>&#13;<br \/>\n&#13;<br \/>\n&#13;<br \/>\n&#13;<br \/>\n&#13;<br \/>\n&#13;<br \/>\n&#13;<br \/>\n&#13;<br \/>\n&#13;<br \/>\n&#13;<br \/>\n&#13;<br \/>\n&#13;<br \/>\n&#13;<br \/>\n&#13;<br \/>\n&#13;<br \/>\n&#13;<br \/>\n&#13;<br \/>\n&#13;<br \/>\n&#13;<br \/>\n&#13;<br \/>\n&#13;<br \/>\n&#13;<br \/>\n&#13;<br \/>\n&#13;<br \/>\n&#13;<br \/>\n&#13;<br \/>\n&#13;<br \/>\n&#13;<br \/>\n&#13;<br \/>\n&#13;<br \/>\n&#13;<br \/>\n&#13;<br \/>\n&#13;<br \/>\n&#13;<\/p>\n<p><strong class=cms-bold>OTAN<\/strong>&#8211; \u00ab Les peuples et les responsables politiques&#13;<br \/>\ndes pays alli\u00e9s ont compris la n\u00e9cessit\u00e9 d&rsquo;investir davantage dans la d\u00e9fense&#13;<br \/>\nafin d&rsquo;assurer l&rsquo;interop\u00e9rabilit\u00e9 \u00bb a d\u00e9clar\u00e9 vendredi, l&rsquo;adjoint au&#13;<br \/>\nsecr\u00e9taire g\u00e9n\u00e9ral de l&rsquo;OTAN, le Roumain, Mircea Geoana, pr\u00e9sent \u00e0 Craiova,&#13;<br \/>\npour visiter la Brigade multinationale Sud-Est. A cette occasion, il a r\u00e9it\u00e9r\u00e9&#13;<br \/>\nle soutien que la Roumanie accorde \u00e0 l&rsquo;Ukraine. \u00ab Nous appuyons Kiev,&#13;<br \/>\nparce qu&rsquo;\u00e0 force de lutter, les Ukrainiens ne prot\u00e8gent pas seulement leur pays&#13;<br \/>\net leur souverainet\u00e9, mais aussi la n\u00f4tre. On continuera \u00e0 aider l&rsquo;Ukraine&#13;<br \/>\naussi longtemps qu&rsquo;il le faudra \u00bb. Plac\u00e9e sous le contr\u00f4le op\u00e9rationnel du&#13;<br \/>\nCommandement de division multinationale du Sud-est, la Brigade a pour mission&#13;<br \/>\nd&rsquo;assurer tant le cadre d&rsquo;instruction des structures subordonn\u00e9es que le&#13;<br \/>\ncontr\u00f4le d&rsquo;une op\u00e9ration de l&rsquo;OTAN de type Article 5, la d\u00e9fense collective,&#13;<br \/>\npour contribuer \u00e0 la s\u00e9curit\u00e9 territoriale sur le flanc sud-est et dans la&#13;<br \/>\nr\u00e9gion de la mer Noire.<\/p>\n<p><\/p>\n<p>&#13;<br \/>\n&#13;<br \/>\n&#13;<br \/>\n&#13;<br \/>\n&#13;<br \/>\n&#13;<br \/>\n&#13;<br \/>\n&#13;<br \/>\n&#13;<br \/>\n&#13;<br \/>\n&#13;<br \/>\n&#13;<br \/>\n&#13;<br \/>\n&#13;<br \/>\n&#13;<br \/>\n&#13;<br \/>\n&#13;<br \/>\n&#13;<br \/>\n&#13;<br \/>\n&#13;<br \/>\n&#13;<br \/>\n&#13;<br \/>\n&#13;<br \/>\n&#13;<br \/>\n&#13;<br \/>\n&#13;<\/p>\n<p><strong class=cms-bold>Sant\u00e9<\/strong> &#8211; Selon le ministre roumain de la Sant\u00e9, Alexandru&#13;<br \/>\nRafila, le syst\u00e8me m\u00e9dical de Roumanie a besoin d&rsquo;un personnel nombreux,&#13;<br \/>\ninstruit et capable de r\u00e9pondre d&rsquo;une mani\u00e8re professionnelle et empathique aux&#13;<br \/>\nattentes des patients. Dans un message lanc\u00e9 \u00e0 l&rsquo;occasion de la Journ\u00e9e&#13;<br \/>\nmondiale de la Sant\u00e9, c\u00e9l\u00e9br\u00e9e ce vendredi, 7 avril, le responsable roumain a&#13;<br \/>\nrappel\u00e9 que des investissements sont n\u00e9cessaires dans les h\u00f4pitaux, les  cliniques et les cabinets des m\u00e9decins&#13;<br \/>\ntraitant. Cette ann\u00e9e, la Journ\u00e9e mondiale de la Sant\u00e9 se d\u00e9roule sous le&#13;<br \/>\nslogan \u00ab La sant\u00e9 pour tous \u00bb. Par ailleurs, Alexandru Rafila a&#13;<br \/>\npr\u00e9cis\u00e9 que le nombre des cas des infections respiratoires et des&#13;<br \/>\ncontaminations au Covid-19 est \u00e0 la baisse en Roumanie qui a recens\u00e9 la semaine&#13;<br \/>\nderni\u00e8re 6900 cas de coronavirus et un taux de positivit\u00e9 de 10% inf\u00e9rieur \u00e0&#13;<br \/>\ncelui de la semaine d&rsquo;avant. Pourtant, le nombre de d\u00e9c\u00e8s reste assez \u00e9lev\u00e9, \u00e0&#13;<br \/>\nsavoir 59. Plus de d\u00e9tails sur ce th\u00e8me apr\u00e8s les infos.<\/p>\n<p><\/p>\n<p>&#13;<br \/>\n&#13;<br \/>\n&#13;<br \/>\n&#13;<br \/>\n&#13;<br \/>\n&#13;<br \/>\n&#13;<br \/>\n&#13;<\/p>\n<p><strong class=cms-bold>Foire<\/strong> &#8211; La Foire des Rameaux de&#13;<br \/>\nBucarest a ouvert vendredi ses portes au Mus\u00e9e national du Paysan roumain.&#13;<br \/>\nTrois jours duranr, les visiteurs sont attendus acheter des \u0153ufs peints, des&#13;<br \/>\nic\u00f4nes et des objets d&rsquo;artisanat en bois, mais aussi des cozonaci et du pain de&#13;<br \/>\nmie. Organis\u00e9e chaque ann\u00e9e depuis plus de vingt ans, la foire est un des&#13;<br \/>\nincontournables que la capitale roumaine propose \u00e0 l&rsquo;approche des P\u00e2ques&#13;<br \/>\northodoxes qui cette ann\u00e9e auront lieu le 16 avril.<\/p>\n<p><\/p>\n<p>&#13;<br \/>\n&#13;<\/p>\n<p><strong class=cms-bold>Tennis<\/strong> &#8211; La joueuse de tennis roumaine, Irina Begu, a&#13;<br \/>\nperdu face \u00e0 l&rsquo;Am\u00e9ricaine, Jessiva Pegula, dans les huiti\u00e8mes de finale du&#13;<br \/>\ntournoi WTA 500 de Charleston, en Caroline du sud. Irina Begu, 32 ans et 37\u00e8me&#13;<br \/>\nmondiale s&rsquo;est inclin\u00e9e devant son adversaire, principale favorite et num\u00e9ro 3&#13;<br \/>\ndu monde, \u00e0 la fin d&rsquo;un match qui a dur\u00e9 deux heures et demie. <\/p>\n<p><\/p>\n<p>&#13;<br \/>\n&#13;<br \/>\n&#13;<br \/>\n&#13;<br \/>\n&#13;<br \/>\n&#13;<br \/>\n&#13;<br \/>\n&#13;<br \/>\n&#13;<br \/>\n&#13;<br \/>\n&#13;<br \/>\n&#13;<br \/>\n&#13;<br \/>\n&#13;<br \/>\n&#13;<br \/>\n&#13;<br \/>\n&#13;<br \/>\n&#13;<br \/>\n&#13;<br \/>\n&#13;<br \/>\n&#13;<br \/>\n&#13;<br \/>\n&#13;<br \/>\n&#13;<\/p>\n<p><strong class=cms-bold>M\u00e9t\u00e9o<\/strong> &#8211; Le temps&#13;<br \/>\ndemeure particuli\u00e8rement frisquet pour cette p\u00e9riode de l&rsquo;ann\u00e9e. Le ciel est&#13;<br \/>\ncouvert et des pr\u00e9cipitations touchent les r\u00e9gions du nord-ouest, du centre et&#13;<br \/>\nde l&rsquo;ouest de la Roumanie. Le vent souffle \u00e0 une vitesse mod\u00e9r\u00e9e qui s&rsquo;accentue&#13;<br \/>\ndans le sud du territoire. Les temp\u00e9ratures maximales vont de 3 \u00e0 12 degr\u00e9s.<\/p>\n<p>&#13;<br \/>\n&#13;<br \/><\/p>\n","protected":false},"excerpt":{"rendered":"<p>Budget &#8211; Le&#13; gouvernement roumain cherche des solutions pour combler un trou de 20 milliards&#13; de lei dans le budget et emp\u00eacher le d\u00e9ficit de d\u00e9passer la cible de 4,4% du&#13; PIB. Les leaders de la coalition au pouvoir d\u00e9noncent les d\u00e9penses non&#13; justifi\u00e9es au sein des plusieurs minist\u00e8res et institutions et appellent le&#13; Minist\u00e8re [&hellip;]<\/p>\n","protected":false},"author":113,"featured_media":395459,"comment_status":"closed","ping_status":"closed","sticky":false,"template":"","format":"standard","meta":{"_acf_changed":false,"footnotes":""},"categories":[89002],"tags":[86059,148511,148510,147064,154336,137215,85700,86575,143522],"coauthors":[],"class_list":["post-396383","post","type-post","status-publish","format-standard","has-post-thumbnail","hentry","category-le-flash","tag-agriculteurs","tag-budget-fr","tag-deficit-fr","tag-meteo-fr","tag-mircea-geoana-fr","tag-otan-fr","tag-protestations","tag-rameaux","tag-tennis-fr"],"acf":[],"yoast_head":"<!-- This site is optimized with the Yoast SEO plugin v27.3 - https:\/\/yoast.com\/product\/yoast-seo-wordpress\/ -->\n<title>07.04.2023 - Radio Roumanie Internationale<\/title>\n<meta name=\"robots\" content=\"index, follow, max-snippet:-1, max-image-preview:large, max-video-preview:-1\" \/>\n<link rel=\"canonical\" href=\"https:\/\/www.rri.ro\/fr\/actualites\/le-flash\/07-04-2023-id396383.html\" \/>\n<meta property=\"og:locale\" content=\"fr_FR\" \/>\n<meta property=\"og:type\" content=\"article\" \/>\n<meta property=\"og:title\" content=\"07.04.2023 - Radio Roumanie Internationale\" \/>\n<meta property=\"og:description\" content=\"Budget &#8211; Le&#013; gouvernement roumain cherche des solutions pour combler un trou de 20 milliards&#013; de lei dans le budget et emp\u00eacher le d\u00e9ficit de d\u00e9passer la cible de 4,4% du&#013; PIB. Les leaders de la coalition au pouvoir d\u00e9noncent les d\u00e9penses non&#013; justifi\u00e9es au sein des plusieurs minist\u00e8res et institutions et appellent le&#013; Minist\u00e8re [&hellip;]\" \/>\n<meta property=\"og:url\" content=\"https:\/\/www.rri.ro\/fr\/actualites\/le-flash\/07-04-2023-id396383.html\" \/>\n<meta property=\"og:site_name\" content=\"Radio Roumanie Internationale\" \/>\n<meta property=\"article:published_time\" content=\"2023-04-07T10:24:00+00:00\" \/>\n<meta property=\"og:image\" content=\"https:\/\/www.rri.ro\/wp-content\/uploads\/2023\/10\/stiri-franceza-bleu-5.png\" \/>\n\t<meta property=\"og:image:width\" content=\"640\" \/>\n\t<meta property=\"og:image:height\" content=\"480\" \/>\n\t<meta property=\"og:image:type\" content=\"image\/png\" \/>\n<meta name=\"author\" content=\"Newsroom\" \/>\n<meta name=\"twitter:card\" content=\"summary_large_image\" \/>\n<meta name=\"twitter:label1\" content=\"\u00c9crit par\" \/>\n\t<meta name=\"twitter:data1\" content=\"Newsroom\" \/>\n\t<meta name=\"twitter:label2\" content=\"Dur\u00e9e de lecture estim\u00e9e\" \/>\n\t<meta name=\"twitter:data2\" content=\"5 minutes\" \/>\n\t<meta name=\"twitter:label3\" content=\"Written by\" \/>\n\t<meta name=\"twitter:data3\" content=\"Newsroom\" \/>\n<script type=\"application\/ld+json\" class=\"yoast-schema-graph\">{\"@context\":\"https:\\\/\\\/schema.org\",\"@graph\":[{\"@type\":\"Article\",\"@id\":\"https:\\\/\\\/www.rri.ro\\\/fr\\\/actualites\\\/le-flash\\\/07-04-2023-id396383.html#article\",\"isPartOf\":{\"@id\":\"https:\\\/\\\/www.rri.ro\\\/fr\\\/actualites\\\/le-flash\\\/07-04-2023-id396383.html\"},\"author\":{\"name\":\"Newsroom\",\"@id\":\"https:\\\/\\\/www.rri.ro\\\/#\\\/schema\\\/person\\\/4a479940371b9fdefd194f561e8a7f88\"},\"headline\":\"07.04.2023\",\"datePublished\":\"2023-04-07T10:24:00+00:00\",\"mainEntityOfPage\":{\"@id\":\"https:\\\/\\\/www.rri.ro\\\/fr\\\/actualites\\\/le-flash\\\/07-04-2023-id396383.html\"},\"wordCount\":968,\"image\":{\"@id\":\"https:\\\/\\\/www.rri.ro\\\/fr\\\/actualites\\\/le-flash\\\/07-04-2023-id396383.html#primaryimage\"},\"thumbnailUrl\":\"https:\\\/\\\/www.rri.ro\\\/wp-content\\\/uploads\\\/2023\\\/10\\\/stiri-franceza-bleu-5.png\",\"keywords\":[\"agriculteurs\",\"budget\",\"deficit\",\"meteo\",\"Mircea Geoana\",\"OTAN\",\"protestations\",\"Rameaux\",\"tennis\"],\"articleSection\":[\"Le flash\"],\"inLanguage\":\"fr-FR\"},{\"@type\":\"WebPage\",\"@id\":\"https:\\\/\\\/www.rri.ro\\\/fr\\\/actualites\\\/le-flash\\\/07-04-2023-id396383.html\",\"url\":\"https:\\\/\\\/www.rri.ro\\\/fr\\\/actualites\\\/le-flash\\\/07-04-2023-id396383.html\",\"name\":\"07.04.2023 - Radio Roumanie Internationale\",\"isPartOf\":{\"@id\":\"https:\\\/\\\/www.rri.ro\\\/#website\"},\"primaryImageOfPage\":{\"@id\":\"https:\\\/\\\/www.rri.ro\\\/fr\\\/actualites\\\/le-flash\\\/07-04-2023-id396383.html#primaryimage\"},\"image\":{\"@id\":\"https:\\\/\\\/www.rri.ro\\\/fr\\\/actualites\\\/le-flash\\\/07-04-2023-id396383.html#primaryimage\"},\"thumbnailUrl\":\"https:\\\/\\\/www.rri.ro\\\/wp-content\\\/uploads\\\/2023\\\/10\\\/stiri-franceza-bleu-5.png\",\"datePublished\":\"2023-04-07T10:24:00+00:00\",\"author\":{\"@id\":\"https:\\\/\\\/www.rri.ro\\\/#\\\/schema\\\/person\\\/4a479940371b9fdefd194f561e8a7f88\"},\"breadcrumb\":{\"@id\":\"https:\\\/\\\/www.rri.ro\\\/fr\\\/actualites\\\/le-flash\\\/07-04-2023-id396383.html#breadcrumb\"},\"inLanguage\":\"fr-FR\",\"potentialAction\":[{\"@type\":\"ReadAction\",\"target\":[\"https:\\\/\\\/www.rri.ro\\\/fr\\\/actualites\\\/le-flash\\\/07-04-2023-id396383.html\"]}]},{\"@type\":\"ImageObject\",\"inLanguage\":\"fr-FR\",\"@id\":\"https:\\\/\\\/www.rri.ro\\\/fr\\\/actualites\\\/le-flash\\\/07-04-2023-id396383.html#primaryimage\",\"url\":\"https:\\\/\\\/www.rri.ro\\\/wp-content\\\/uploads\\\/2023\\\/10\\\/stiri-franceza-bleu-5.png\",\"contentUrl\":\"https:\\\/\\\/www.rri.ro\\\/wp-content\\\/uploads\\\/2023\\\/10\\\/stiri-franceza-bleu-5.png\",\"width\":640,\"height\":480},{\"@type\":\"BreadcrumbList\",\"@id\":\"https:\\\/\\\/www.rri.ro\\\/fr\\\/actualites\\\/le-flash\\\/07-04-2023-id396383.html#breadcrumb\",\"itemListElement\":[{\"@type\":\"ListItem\",\"position\":1,\"name\":\"Page d'accueil\",\"item\":\"https:\\\/\\\/www.rri.ro\\\/fr\"},{\"@type\":\"ListItem\",\"position\":2,\"name\":\"Actualit\u00e9s\",\"item\":\"https:\\\/\\\/www.rri.ro\\\/fr\\\/actualites\"},{\"@type\":\"ListItem\",\"position\":3,\"name\":\"Le flash\",\"item\":\"https:\\\/\\\/www.rri.ro\\\/fr\\\/actualites\\\/le-flash\"},{\"@type\":\"ListItem\",\"position\":4,\"name\":\"07.04.2023\"}]},{\"@type\":\"WebSite\",\"@id\":\"https:\\\/\\\/www.rri.ro\\\/#website\",\"url\":\"https:\\\/\\\/www.rri.ro\\\/\",\"name\":\"Radio Roumanie Internationale\",\"description\":\"Totul despre Rom\u00e2nia \u015fi rom\u00e2ni, \u00een 13 limbi\\\/dialecte!\",\"inLanguage\":\"fr-FR\"},{\"@type\":\"Person\",\"@id\":\"https:\\\/\\\/www.rri.ro\\\/#\\\/schema\\\/person\\\/4a479940371b9fdefd194f561e8a7f88\",\"name\":\"Newsroom\",\"url\":\"https:\\\/\\\/www.rri.ro\\\/fr\\\/author\\\/newsroom\"}]}<\/script>\n<!-- \/ Yoast SEO plugin. -->","yoast_head_json":{"title":"07.04.2023 - Radio Roumanie Internationale","robots":{"index":"index","follow":"follow","max-snippet":"max-snippet:-1","max-image-preview":"max-image-preview:large","max-video-preview":"max-video-preview:-1"},"canonical":"https:\/\/www.rri.ro\/fr\/actualites\/le-flash\/07-04-2023-id396383.html","og_locale":"fr_FR","og_type":"article","og_title":"07.04.2023 - Radio Roumanie Internationale","og_description":"Budget &#8211; Le&#13; gouvernement roumain cherche des solutions pour combler un trou de 20 milliards&#13; de lei dans le budget et emp\u00eacher le d\u00e9ficit de d\u00e9passer la cible de 4,4% du&#13; PIB. Les leaders de la coalition au pouvoir d\u00e9noncent les d\u00e9penses non&#13; justifi\u00e9es au sein des plusieurs minist\u00e8res et institutions et appellent le&#13; Minist\u00e8re [&hellip;]","og_url":"https:\/\/www.rri.ro\/fr\/actualites\/le-flash\/07-04-2023-id396383.html","og_site_name":"Radio Roumanie Internationale","article_published_time":"2023-04-07T10:24:00+00:00","og_image":[{"width":640,"height":480,"url":"https:\/\/www.rri.ro\/wp-content\/uploads\/2023\/10\/stiri-franceza-bleu-5.png","type":"image\/png"}],"author":"Newsroom","twitter_card":"summary_large_image","twitter_misc":{"\u00c9crit par":"Newsroom","Dur\u00e9e de lecture estim\u00e9e":"5 minutes","Written by":"Newsroom"},"schema":{"@context":"https:\/\/schema.org","@graph":[{"@type":"Article","@id":"https:\/\/www.rri.ro\/fr\/actualites\/le-flash\/07-04-2023-id396383.html#article","isPartOf":{"@id":"https:\/\/www.rri.ro\/fr\/actualites\/le-flash\/07-04-2023-id396383.html"},"author":{"name":"Newsroom","@id":"https:\/\/www.rri.ro\/#\/schema\/person\/4a479940371b9fdefd194f561e8a7f88"},"headline":"07.04.2023","datePublished":"2023-04-07T10:24:00+00:00","mainEntityOfPage":{"@id":"https:\/\/www.rri.ro\/fr\/actualites\/le-flash\/07-04-2023-id396383.html"},"wordCount":968,"image":{"@id":"https:\/\/www.rri.ro\/fr\/actualites\/le-flash\/07-04-2023-id396383.html#primaryimage"},"thumbnailUrl":"https:\/\/www.rri.ro\/wp-content\/uploads\/2023\/10\/stiri-franceza-bleu-5.png","keywords":["agriculteurs","budget","deficit","meteo","Mircea Geoana","OTAN","protestations","Rameaux","tennis"],"articleSection":["Le flash"],"inLanguage":"fr-FR"},{"@type":"WebPage","@id":"https:\/\/www.rri.ro\/fr\/actualites\/le-flash\/07-04-2023-id396383.html","url":"https:\/\/www.rri.ro\/fr\/actualites\/le-flash\/07-04-2023-id396383.html","name":"07.04.2023 - Radio Roumanie Internationale","isPartOf":{"@id":"https:\/\/www.rri.ro\/#website"},"primaryImageOfPage":{"@id":"https:\/\/www.rri.ro\/fr\/actualites\/le-flash\/07-04-2023-id396383.html#primaryimage"},"image":{"@id":"https:\/\/www.rri.ro\/fr\/actualites\/le-flash\/07-04-2023-id396383.html#primaryimage"},"thumbnailUrl":"https:\/\/www.rri.ro\/wp-content\/uploads\/2023\/10\/stiri-franceza-bleu-5.png","datePublished":"2023-04-07T10:24:00+00:00","author":{"@id":"https:\/\/www.rri.ro\/#\/schema\/person\/4a479940371b9fdefd194f561e8a7f88"},"breadcrumb":{"@id":"https:\/\/www.rri.ro\/fr\/actualites\/le-flash\/07-04-2023-id396383.html#breadcrumb"},"inLanguage":"fr-FR","potentialAction":[{"@type":"ReadAction","target":["https:\/\/www.rri.ro\/fr\/actualites\/le-flash\/07-04-2023-id396383.html"]}]},{"@type":"ImageObject","inLanguage":"fr-FR","@id":"https:\/\/www.rri.ro\/fr\/actualites\/le-flash\/07-04-2023-id396383.html#primaryimage","url":"https:\/\/www.rri.ro\/wp-content\/uploads\/2023\/10\/stiri-franceza-bleu-5.png","contentUrl":"https:\/\/www.rri.ro\/wp-content\/uploads\/2023\/10\/stiri-franceza-bleu-5.png","width":640,"height":480},{"@type":"BreadcrumbList","@id":"https:\/\/www.rri.ro\/fr\/actualites\/le-flash\/07-04-2023-id396383.html#breadcrumb","itemListElement":[{"@type":"ListItem","position":1,"name":"Page d'accueil","item":"https:\/\/www.rri.ro\/fr"},{"@type":"ListItem","position":2,"name":"Actualit\u00e9s","item":"https:\/\/www.rri.ro\/fr\/actualites"},{"@type":"ListItem","position":3,"name":"Le flash","item":"https:\/\/www.rri.ro\/fr\/actualites\/le-flash"},{"@type":"ListItem","position":4,"name":"07.04.2023"}]},{"@type":"WebSite","@id":"https:\/\/www.rri.ro\/#website","url":"https:\/\/www.rri.ro\/","name":"Radio Roumanie Internationale","description":"Totul despre Rom\u00e2nia \u015fi rom\u00e2ni, \u00een 13 limbi\/dialecte!","inLanguage":"fr-FR"},{"@type":"Person","@id":"https:\/\/www.rri.ro\/#\/schema\/person\/4a479940371b9fdefd194f561e8a7f88","name":"Newsroom","url":"https:\/\/www.rri.ro\/fr\/author\/newsroom"}]}},"_links":{"self":[{"href":"https:\/\/www.rri.ro\/fr\/wp-json\/wp\/v2\/posts\/396383","targetHints":{"allow":["GET"]}}],"collection":[{"href":"https:\/\/www.rri.ro\/fr\/wp-json\/wp\/v2\/posts"}],"about":[{"href":"https:\/\/www.rri.ro\/fr\/wp-json\/wp\/v2\/types\/post"}],"author":[{"embeddable":true,"href":"https:\/\/www.rri.ro\/fr\/wp-json\/wp\/v2\/users\/113"}],"replies":[{"embeddable":true,"href":"https:\/\/www.rri.ro\/fr\/wp-json\/wp\/v2\/comments?post=396383"}],"version-history":[{"count":0,"href":"https:\/\/www.rri.ro\/fr\/wp-json\/wp\/v2\/posts\/396383\/revisions"}],"wp:featuredmedia":[{"embeddable":true,"href":"https:\/\/www.rri.ro\/fr\/wp-json\/wp\/v2\/media\/395459"}],"wp:attachment":[{"href":"https:\/\/www.rri.ro\/fr\/wp-json\/wp\/v2\/media?parent=396383"}],"wp:term":[{"taxonomy":"category","embeddable":true,"href":"https:\/\/www.rri.ro\/fr\/wp-json\/wp\/v2\/categories?post=396383"},{"taxonomy":"post_tag","embeddable":true,"href":"https:\/\/www.rri.ro\/fr\/wp-json\/wp\/v2\/tags?post=396383"},{"taxonomy":"author","embeddable":true,"href":"https:\/\/www.rri.ro\/fr\/wp-json\/wp\/v2\/coauthors?post=396383"}],"curies":[{"name":"wp","href":"https:\/\/api.w.org\/{rel}","templated":true}]}}