{"id":396920,"date":"2013-02-12T14:24:00","date_gmt":"2013-02-12T12:24:00","guid":{"rendered":"http:\/\/devrri.freshlemon.ro\/le-roumain-mot-a-mot\/consulter-les-lecons\/le-scandale-europeen-de-la-viande-de-cheval-id396920.html"},"modified":"2013-02-12T14:24:00","modified_gmt":"2013-02-12T12:24:00","slug":"le-scandale-europeen-de-la-viande-de-cheval","status":"publish","type":"post","link":"https:\/\/www.rri.ro\/fr\/actualites\/les-dossiers-de-lactualite\/le-scandale-europeen-de-la-viande-de-cheval-id396920.html","title":{"rendered":"Le scandale europ\u00e9en de la viande de cheval"},"content":{"rendered":"<p>&#13;<br \/>\n\tUne r\u00e9union des responsables et des experts europ\u00e9ens sera convoqu\u00e9e cette semaine \u00e0 Bruxelles pour examiner l\u2019affaire de la viande de cheval estampill\u00e9e comme bovine. Ces derniers jours, dans plusieurs pays europ\u00e9ens, dont la Roumanie, des enqu\u00eates ont \u00e9t\u00e9 et continuent d\u2019\u00eatre men\u00e9es dans ce dossier.<\/p>\n<p>&#13;<\/p>\n<p>&#13;<br \/>\n\t<br \/>&#13;<br \/>\n\t<br \/>&#13;<br \/>\n\tEntre temps, les produits incrimin\u00e9s ont \u00e9t\u00e9 retir\u00e9s de plusieurs march\u00e9s europ\u00e9ens o\u00f9 ils \u00e9taient commercialis\u00e9s. Le scandale s\u2019est fait jour au Royaume Uni et en Su\u00e8de, o\u00f9 des produits surgel\u00e9s \u00e9tiquet\u00e9s comme \u00e9tant faits avec du b\u0153uf \u00e9taient propos\u00e9s \u00e0 la vente, alors qu\u2019en fait ils contenaient du cheval. Les produits provenaient d\u2019un fournisseur fran\u00e7ais, qui a soutenu avoir utilis\u00e9 de la viande de provenance roumaine. Les autorit\u00e9s roumaines ont v\u00e9rifi\u00e9 les deux abattoirs roumains auxquels les compagnies fran\u00e7aises affirment avoir achet\u00e9 la viande, sans trouver d\u2019irr\u00e9gularit\u00e9s.<br \/>&#13;\n\t <\/p>\n<p>&#13;<\/p>\n<p>&#13;<br \/>\n\t<br \/>&#13;<br \/>\n\tLe ministre de l\u2019Agriculture, Daniel Constantin: <em>\u00abIl n\u2019existe aucun indice qui confirme en ce moment que l\u2019\u00e9tiquetage erron\u00e9 ait \u00e9t\u00e9 fait en Roumanie, dans des \u00e9tablissements ou sur le territoire de la Roumanie. Ce qui est tr\u00e8s important et je voudrais le souligner, c\u2019est que la Roumanie n\u2019a pas export\u00e9 de viande hach\u00e9e \u00bb<\/em>.<br \/>&#13;\n\t <\/p>\n<p>&#13;<\/p>\n<p>&#13;<br \/>\n\t<br \/>&#13;<br \/>\n\tLe premier ministre Victor Ponta a d\u00e9clar\u00e9 \u00e0 son tour que la Roumanie n\u2019est nullement coupable dans le scandale de la viande de cheval du Royaume Uni. Victor Ponta: <em>\u00ab Je ne crois pas que la Roumanie, \u00e9tant transparente et respectant toutes les normes, puisse et doive accepter le statut de suspect de service. Il est tr\u00e8s clair que la compagnie fran\u00e7aise na eu aucun contrat direct avec des soci\u00e9t\u00e9s roumaines. Afin de r\u00e9tablir la cr\u00e9dibilit\u00e9 au niveau europ\u00e9en, il faut \u00e9tablir clairement ou sest produite la fraude et qui en est coupable. Notre int\u00e9r\u00eat et notre pouvoir direct a \u00e9t\u00e9 de v\u00e9rifier en Roumanie si cela existe ; suite aux \u00e9l\u00e9ments dont nous disposons en ce moment, il nexiste aucune violation des r\u00e8gles et des standards europ\u00e9ens \u00bb<\/em>, a martel\u00e9 M. Ponta.<br \/>&#13;\n\t <\/p>\n<p>&#13;<\/p>\n<p>&#13;<br \/>\n\t<br \/>&#13;<br \/>\n\tIl a pr\u00e9cis\u00e9 que le minist\u00e8re de l\u2019Agriculture et les autres autorit\u00e9s ayant des attributions en la mati\u00e8re demanderont, au nom de la Roumanie, que les compagnies se rendant coupables du scandale de la viande de cheval soient tenues directement responsables.<\/p>\n<p>&#13;<\/p>\n<p>&#13;<br \/>\n\t<br \/>&#13;<br \/>\n\t<br \/>&#13;<br \/>\n\tEn visite \u00e0 Bucarest, le commissaire europ\u00e9en \u00e0 l\u2019Agriculture, Dacian Ciolo\u015f, s\u2019est exprim\u00e9 sur le sujet \u00e0 son tour: <em>\u00ab Dans ce cas il ne sagit pas dun probl\u00e8me de s\u00e9curit\u00e9 alimentaire ou sanitaire, mais dun risque de fraude. Jusquici la Commission europ\u00e9enne ne dispose pas de donn\u00e9es qui incriminent un Etat ou un autre, une compagnie ou une autre. La Commission europ\u00e9enne est en contact permanent avec les Etats membres impliqu\u00e9s dans ce sujet et il est dans notre int\u00e9r\u00eat que ce probl\u00e8me soit tir\u00e9 au clair au plus t\u00f4t \u00bb.<br \/>&#13;<br \/>\n\t<br \/>&#13;<br \/>\n\t<\/em><br \/>&#13;<br \/>\n\tReste \u00e0 voir quelles d\u00e9cisions seront prises les jours suivants au niveau europ\u00e9en pour que de telles situations soient \u00e9vit\u00e9es \u00e0 l\u2019avenir\u2026 (trad.: Ligia Mihaiescu)<\/p>\n<p>&#13;<\/p>\n","protected":false},"excerpt":{"rendered":"<p>&#13; Une r\u00e9union des responsables et des experts europ\u00e9ens sera convoqu\u00e9e cette semaine \u00e0 Bruxelles pour examiner l\u2019affaire de la viande de cheval estampill\u00e9e comme bovine. Ces derniers jours, dans plusieurs pays europ\u00e9ens, dont la Roumanie, des enqu\u00eates ont \u00e9t\u00e9 et continuent d\u2019\u00eatre men\u00e9es dans ce dossier. &#13; &#13; &#13; &#13; Entre temps, les produits [&hellip;]<\/p>\n","protected":false},"author":2,"featured_media":43070,"comment_status":"closed","ping_status":"closed","sticky":false,"template":"","format":"standard","meta":{"_acf_changed":false,"footnotes":""},"categories":[93377],"tags":[88001,87544,87061,93401,89312,143291,87513],"coauthors":[],"class_list":["post-396920","post","type-post","status-publish","format-standard","has-post-thumbnail","hentry","category-les-dossiers-de-lactualite","tag-andreea-bojoi","tag-cheval","tag-commission-europeenne","tag-lasagnes","tag-scandale","tag-ue-fr","tag-viande"],"acf":[],"yoast_head":"<!-- This site is optimized with the Yoast SEO plugin v27.5 - https:\/\/yoast.com\/product\/yoast-seo-wordpress\/ -->\n<title>Le scandale europ\u00e9en de la viande de cheval - Radio Roumanie Internationale<\/title>\n<meta name=\"robots\" content=\"index, follow, max-snippet:-1, max-image-preview:large, max-video-preview:-1\" \/>\n<link rel=\"canonical\" href=\"https:\/\/www.rri.ro\/fr\/actualites\/les-dossiers-de-lactualite\/le-scandale-europeen-de-la-viande-de-cheval-id396920.html\" \/>\n<meta property=\"og:locale\" content=\"fr_FR\" \/>\n<meta property=\"og:type\" content=\"article\" \/>\n<meta property=\"og:title\" content=\"Le scandale europ\u00e9en de la viande de cheval - Radio Roumanie Internationale\" \/>\n<meta property=\"og:description\" content=\"&#013; Une r\u00e9union des responsables et des experts europ\u00e9ens sera convoqu\u00e9e cette semaine \u00e0 Bruxelles pour examiner l\u2019affaire de la viande de cheval estampill\u00e9e comme bovine. Ces derniers jours, dans plusieurs pays europ\u00e9ens, dont la Roumanie, des enqu\u00eates ont \u00e9t\u00e9 et continuent d\u2019\u00eatre men\u00e9es dans ce dossier. &#013; &#013; &#013; &#013; Entre temps, les produits [&hellip;]\" \/>\n<meta property=\"og:url\" content=\"https:\/\/www.rri.ro\/fr\/actualites\/les-dossiers-de-lactualite\/le-scandale-europeen-de-la-viande-de-cheval-id396920.html\" \/>\n<meta property=\"og:site_name\" content=\"Radio Roumanie Internationale\" \/>\n<meta property=\"article:published_time\" content=\"2013-02-12T12:24:00+00:00\" \/>\n<meta property=\"og:image\" content=\"https:\/\/www.rri.ro\/wp-content\/uploads\/2023\/10\/Carne-cal.jpg\" \/>\n\t<meta property=\"og:image:width\" content=\"450\" \/>\n\t<meta property=\"og:image:height\" content=\"317\" \/>\n\t<meta property=\"og:image:type\" content=\"image\/jpeg\" \/>\n<meta name=\"author\" content=\"Rom\u00e2nia Interna\u021bional\" \/>\n<meta name=\"twitter:card\" content=\"summary_large_image\" \/>\n<meta name=\"twitter:label1\" content=\"\u00c9crit par\" \/>\n\t<meta name=\"twitter:data1\" content=\"Rom\u00e2nia Interna\u021bional\" \/>\n\t<meta name=\"twitter:label2\" content=\"Dur\u00e9e de lecture estim\u00e9e\" \/>\n\t<meta name=\"twitter:data2\" content=\"3 minutes\" \/>\n\t<meta name=\"twitter:label3\" content=\"Written by\" \/>\n\t<meta name=\"twitter:data3\" content=\"Rom\u00e2nia Interna\u021bional\" \/>\n<script type=\"application\/ld+json\" class=\"yoast-schema-graph\">{\"@context\":\"https:\\\/\\\/schema.org\",\"@graph\":[{\"@type\":\"Article\",\"@id\":\"https:\\\/\\\/www.rri.ro\\\/fr\\\/actualites\\\/les-dossiers-de-lactualite\\\/le-scandale-europeen-de-la-viande-de-cheval-id396920.html#article\",\"isPartOf\":{\"@id\":\"https:\\\/\\\/www.rri.ro\\\/fr\\\/actualites\\\/les-dossiers-de-lactualite\\\/le-scandale-europeen-de-la-viande-de-cheval-id396920.html\"},\"author\":{\"name\":\"Rom\u00e2nia Interna\u021bional\",\"@id\":\"https:\\\/\\\/www.rri.ro\\\/#\\\/schema\\\/person\\\/18fac491bccbfe149b92aea77ad60abd\"},\"headline\":\"Le scandale europ\u00e9en de la viande de cheval\",\"datePublished\":\"2013-02-12T12:24:00+00:00\",\"mainEntityOfPage\":{\"@id\":\"https:\\\/\\\/www.rri.ro\\\/fr\\\/actualites\\\/les-dossiers-de-lactualite\\\/le-scandale-europeen-de-la-viande-de-cheval-id396920.html\"},\"wordCount\":547,\"image\":{\"@id\":\"https:\\\/\\\/www.rri.ro\\\/fr\\\/actualites\\\/les-dossiers-de-lactualite\\\/le-scandale-europeen-de-la-viande-de-cheval-id396920.html#primaryimage\"},\"thumbnailUrl\":\"https:\\\/\\\/www.rri.ro\\\/wp-content\\\/uploads\\\/2023\\\/10\\\/Carne-cal.jpg\",\"keywords\":[\"Andreea Bojoi\",\"cheval\",\"Commission europ\u00e9enne\",\"lasagnes\",\"scandale\",\"UE\",\"viande\"],\"articleSection\":[\"Les dossiers de l'actualit\u00e9\"],\"inLanguage\":\"fr-FR\"},{\"@type\":\"WebPage\",\"@id\":\"https:\\\/\\\/www.rri.ro\\\/fr\\\/actualites\\\/les-dossiers-de-lactualite\\\/le-scandale-europeen-de-la-viande-de-cheval-id396920.html\",\"url\":\"https:\\\/\\\/www.rri.ro\\\/fr\\\/actualites\\\/les-dossiers-de-lactualite\\\/le-scandale-europeen-de-la-viande-de-cheval-id396920.html\",\"name\":\"Le scandale europ\u00e9en de la viande de cheval - Radio Roumanie Internationale\",\"isPartOf\":{\"@id\":\"https:\\\/\\\/www.rri.ro\\\/#website\"},\"primaryImageOfPage\":{\"@id\":\"https:\\\/\\\/www.rri.ro\\\/fr\\\/actualites\\\/les-dossiers-de-lactualite\\\/le-scandale-europeen-de-la-viande-de-cheval-id396920.html#primaryimage\"},\"image\":{\"@id\":\"https:\\\/\\\/www.rri.ro\\\/fr\\\/actualites\\\/les-dossiers-de-lactualite\\\/le-scandale-europeen-de-la-viande-de-cheval-id396920.html#primaryimage\"},\"thumbnailUrl\":\"https:\\\/\\\/www.rri.ro\\\/wp-content\\\/uploads\\\/2023\\\/10\\\/Carne-cal.jpg\",\"datePublished\":\"2013-02-12T12:24:00+00:00\",\"author\":{\"@id\":\"https:\\\/\\\/www.rri.ro\\\/#\\\/schema\\\/person\\\/18fac491bccbfe149b92aea77ad60abd\"},\"breadcrumb\":{\"@id\":\"https:\\\/\\\/www.rri.ro\\\/fr\\\/actualites\\\/les-dossiers-de-lactualite\\\/le-scandale-europeen-de-la-viande-de-cheval-id396920.html#breadcrumb\"},\"inLanguage\":\"fr-FR\",\"potentialAction\":[{\"@type\":\"ReadAction\",\"target\":[\"https:\\\/\\\/www.rri.ro\\\/fr\\\/actualites\\\/les-dossiers-de-lactualite\\\/le-scandale-europeen-de-la-viande-de-cheval-id396920.html\"]}]},{\"@type\":\"ImageObject\",\"inLanguage\":\"fr-FR\",\"@id\":\"https:\\\/\\\/www.rri.ro\\\/fr\\\/actualites\\\/les-dossiers-de-lactualite\\\/le-scandale-europeen-de-la-viande-de-cheval-id396920.html#primaryimage\",\"url\":\"https:\\\/\\\/www.rri.ro\\\/wp-content\\\/uploads\\\/2023\\\/10\\\/Carne-cal.jpg\",\"contentUrl\":\"https:\\\/\\\/www.rri.ro\\\/wp-content\\\/uploads\\\/2023\\\/10\\\/Carne-cal.jpg\",\"width\":450,\"height\":317},{\"@type\":\"BreadcrumbList\",\"@id\":\"https:\\\/\\\/www.rri.ro\\\/fr\\\/actualites\\\/les-dossiers-de-lactualite\\\/le-scandale-europeen-de-la-viande-de-cheval-id396920.html#breadcrumb\",\"itemListElement\":[{\"@type\":\"ListItem\",\"position\":1,\"name\":\"Page d'accueil\",\"item\":\"https:\\\/\\\/www.rri.ro\\\/fr\"},{\"@type\":\"ListItem\",\"position\":2,\"name\":\"Actualit\u00e9s\",\"item\":\"https:\\\/\\\/www.rri.ro\\\/fr\\\/actualites\"},{\"@type\":\"ListItem\",\"position\":3,\"name\":\"Les dossiers de l'actualit\u00e9\",\"item\":\"https:\\\/\\\/www.rri.ro\\\/fr\\\/actualites\\\/les-dossiers-de-lactualite\"},{\"@type\":\"ListItem\",\"position\":4,\"name\":\"Le scandale europ\u00e9en de la viande de cheval\"}]},{\"@type\":\"WebSite\",\"@id\":\"https:\\\/\\\/www.rri.ro\\\/#website\",\"url\":\"https:\\\/\\\/www.rri.ro\\\/\",\"name\":\"Radio Roumanie Internationale\",\"description\":\"Totul despre Rom\u00e2nia \u015fi rom\u00e2ni, \u00een 13 limbi\\\/dialecte!\",\"inLanguage\":\"fr-FR\"},{\"@type\":\"Person\",\"@id\":\"https:\\\/\\\/www.rri.ro\\\/#\\\/schema\\\/person\\\/18fac491bccbfe149b92aea77ad60abd\",\"name\":\"Rom\u00e2nia Interna\u021bional\",\"url\":\"https:\\\/\\\/www.rri.ro\\\/fr\\\/author\\\/redactia\"}]}<\/script>\n<!-- \/ Yoast SEO plugin. -->","yoast_head_json":{"title":"Le scandale europ\u00e9en de la viande de cheval - Radio Roumanie Internationale","robots":{"index":"index","follow":"follow","max-snippet":"max-snippet:-1","max-image-preview":"max-image-preview:large","max-video-preview":"max-video-preview:-1"},"canonical":"https:\/\/www.rri.ro\/fr\/actualites\/les-dossiers-de-lactualite\/le-scandale-europeen-de-la-viande-de-cheval-id396920.html","og_locale":"fr_FR","og_type":"article","og_title":"Le scandale europ\u00e9en de la viande de cheval - Radio Roumanie Internationale","og_description":"&#13; Une r\u00e9union des responsables et des experts europ\u00e9ens sera convoqu\u00e9e cette semaine \u00e0 Bruxelles pour examiner l\u2019affaire de la viande de cheval estampill\u00e9e comme bovine. Ces derniers jours, dans plusieurs pays europ\u00e9ens, dont la Roumanie, des enqu\u00eates ont \u00e9t\u00e9 et continuent d\u2019\u00eatre men\u00e9es dans ce dossier. &#13; &#13; &#13; &#13; Entre temps, les produits [&hellip;]","og_url":"https:\/\/www.rri.ro\/fr\/actualites\/les-dossiers-de-lactualite\/le-scandale-europeen-de-la-viande-de-cheval-id396920.html","og_site_name":"Radio Roumanie Internationale","article_published_time":"2013-02-12T12:24:00+00:00","og_image":[{"width":450,"height":317,"url":"https:\/\/www.rri.ro\/wp-content\/uploads\/2023\/10\/Carne-cal.jpg","type":"image\/jpeg"}],"author":"Rom\u00e2nia Interna\u021bional","twitter_card":"summary_large_image","twitter_misc":{"\u00c9crit par":"Rom\u00e2nia Interna\u021bional","Dur\u00e9e de lecture estim\u00e9e":"3 minutes","Written by":"Rom\u00e2nia Interna\u021bional"},"schema":{"@context":"https:\/\/schema.org","@graph":[{"@type":"Article","@id":"https:\/\/www.rri.ro\/fr\/actualites\/les-dossiers-de-lactualite\/le-scandale-europeen-de-la-viande-de-cheval-id396920.html#article","isPartOf":{"@id":"https:\/\/www.rri.ro\/fr\/actualites\/les-dossiers-de-lactualite\/le-scandale-europeen-de-la-viande-de-cheval-id396920.html"},"author":{"name":"Rom\u00e2nia Interna\u021bional","@id":"https:\/\/www.rri.ro\/#\/schema\/person\/18fac491bccbfe149b92aea77ad60abd"},"headline":"Le scandale europ\u00e9en de la viande de cheval","datePublished":"2013-02-12T12:24:00+00:00","mainEntityOfPage":{"@id":"https:\/\/www.rri.ro\/fr\/actualites\/les-dossiers-de-lactualite\/le-scandale-europeen-de-la-viande-de-cheval-id396920.html"},"wordCount":547,"image":{"@id":"https:\/\/www.rri.ro\/fr\/actualites\/les-dossiers-de-lactualite\/le-scandale-europeen-de-la-viande-de-cheval-id396920.html#primaryimage"},"thumbnailUrl":"https:\/\/www.rri.ro\/wp-content\/uploads\/2023\/10\/Carne-cal.jpg","keywords":["Andreea Bojoi","cheval","Commission europ\u00e9enne","lasagnes","scandale","UE","viande"],"articleSection":["Les dossiers de l'actualit\u00e9"],"inLanguage":"fr-FR"},{"@type":"WebPage","@id":"https:\/\/www.rri.ro\/fr\/actualites\/les-dossiers-de-lactualite\/le-scandale-europeen-de-la-viande-de-cheval-id396920.html","url":"https:\/\/www.rri.ro\/fr\/actualites\/les-dossiers-de-lactualite\/le-scandale-europeen-de-la-viande-de-cheval-id396920.html","name":"Le scandale europ\u00e9en de la viande de cheval - Radio Roumanie Internationale","isPartOf":{"@id":"https:\/\/www.rri.ro\/#website"},"primaryImageOfPage":{"@id":"https:\/\/www.rri.ro\/fr\/actualites\/les-dossiers-de-lactualite\/le-scandale-europeen-de-la-viande-de-cheval-id396920.html#primaryimage"},"image":{"@id":"https:\/\/www.rri.ro\/fr\/actualites\/les-dossiers-de-lactualite\/le-scandale-europeen-de-la-viande-de-cheval-id396920.html#primaryimage"},"thumbnailUrl":"https:\/\/www.rri.ro\/wp-content\/uploads\/2023\/10\/Carne-cal.jpg","datePublished":"2013-02-12T12:24:00+00:00","author":{"@id":"https:\/\/www.rri.ro\/#\/schema\/person\/18fac491bccbfe149b92aea77ad60abd"},"breadcrumb":{"@id":"https:\/\/www.rri.ro\/fr\/actualites\/les-dossiers-de-lactualite\/le-scandale-europeen-de-la-viande-de-cheval-id396920.html#breadcrumb"},"inLanguage":"fr-FR","potentialAction":[{"@type":"ReadAction","target":["https:\/\/www.rri.ro\/fr\/actualites\/les-dossiers-de-lactualite\/le-scandale-europeen-de-la-viande-de-cheval-id396920.html"]}]},{"@type":"ImageObject","inLanguage":"fr-FR","@id":"https:\/\/www.rri.ro\/fr\/actualites\/les-dossiers-de-lactualite\/le-scandale-europeen-de-la-viande-de-cheval-id396920.html#primaryimage","url":"https:\/\/www.rri.ro\/wp-content\/uploads\/2023\/10\/Carne-cal.jpg","contentUrl":"https:\/\/www.rri.ro\/wp-content\/uploads\/2023\/10\/Carne-cal.jpg","width":450,"height":317},{"@type":"BreadcrumbList","@id":"https:\/\/www.rri.ro\/fr\/actualites\/les-dossiers-de-lactualite\/le-scandale-europeen-de-la-viande-de-cheval-id396920.html#breadcrumb","itemListElement":[{"@type":"ListItem","position":1,"name":"Page d'accueil","item":"https:\/\/www.rri.ro\/fr"},{"@type":"ListItem","position":2,"name":"Actualit\u00e9s","item":"https:\/\/www.rri.ro\/fr\/actualites"},{"@type":"ListItem","position":3,"name":"Les dossiers de l'actualit\u00e9","item":"https:\/\/www.rri.ro\/fr\/actualites\/les-dossiers-de-lactualite"},{"@type":"ListItem","position":4,"name":"Le scandale europ\u00e9en de la viande de cheval"}]},{"@type":"WebSite","@id":"https:\/\/www.rri.ro\/#website","url":"https:\/\/www.rri.ro\/","name":"Radio Roumanie Internationale","description":"Totul despre Rom\u00e2nia \u015fi rom\u00e2ni, \u00een 13 limbi\/dialecte!","inLanguage":"fr-FR"},{"@type":"Person","@id":"https:\/\/www.rri.ro\/#\/schema\/person\/18fac491bccbfe149b92aea77ad60abd","name":"Rom\u00e2nia Interna\u021bional","url":"https:\/\/www.rri.ro\/fr\/author\/redactia"}]}},"_links":{"self":[{"href":"https:\/\/www.rri.ro\/fr\/wp-json\/wp\/v2\/posts\/396920","targetHints":{"allow":["GET"]}}],"collection":[{"href":"https:\/\/www.rri.ro\/fr\/wp-json\/wp\/v2\/posts"}],"about":[{"href":"https:\/\/www.rri.ro\/fr\/wp-json\/wp\/v2\/types\/post"}],"author":[{"embeddable":true,"href":"https:\/\/www.rri.ro\/fr\/wp-json\/wp\/v2\/users\/2"}],"replies":[{"embeddable":true,"href":"https:\/\/www.rri.ro\/fr\/wp-json\/wp\/v2\/comments?post=396920"}],"version-history":[{"count":0,"href":"https:\/\/www.rri.ro\/fr\/wp-json\/wp\/v2\/posts\/396920\/revisions"}],"wp:featuredmedia":[{"embeddable":true,"href":"https:\/\/www.rri.ro\/fr\/wp-json\/wp\/v2\/media\/43070"}],"wp:attachment":[{"href":"https:\/\/www.rri.ro\/fr\/wp-json\/wp\/v2\/media?parent=396920"}],"wp:term":[{"taxonomy":"category","embeddable":true,"href":"https:\/\/www.rri.ro\/fr\/wp-json\/wp\/v2\/categories?post=396920"},{"taxonomy":"post_tag","embeddable":true,"href":"https:\/\/www.rri.ro\/fr\/wp-json\/wp\/v2\/tags?post=396920"},{"taxonomy":"author","embeddable":true,"href":"https:\/\/www.rri.ro\/fr\/wp-json\/wp\/v2\/coauthors?post=396920"}],"curies":[{"name":"wp","href":"https:\/\/api.w.org\/{rel}","templated":true}]}}