{"id":397087,"date":"2013-02-26T12:29:00","date_gmt":"2013-02-26T10:29:00","guid":{"rendered":"http:\/\/devrri.freshlemon.ro\/le-roumain-mot-a-mot\/consulter-les-lecons\/retablir-la-confiance-du-consommateur-europeen-id397087.html"},"modified":"2013-02-26T12:29:00","modified_gmt":"2013-02-26T10:29:00","slug":"retablir-la-confiance-du-consommateur-europeen","status":"publish","type":"post","link":"https:\/\/www.rri.ro\/fr\/actualites\/les-dossiers-de-lactualite\/retablir-la-confiance-du-consommateur-europeen-id397087.html","title":{"rendered":"R\u00e9tablir la confiance du consommateur europ\u00e9en"},"content":{"rendered":"<p>&#13;<br \/>\n\tCe sont les Britanniques qui ont \u00e9t\u00e9 les premi\u00e8res victimes officielles du commerce frauduleux avec de la viande de cheval, d\u00e9tect\u00e9e dans des produits surgel\u00e9s annon\u00e7ant pourtant sur leurs \u00e9tiquettes \u00ab pur b\u0153uf \u00bb. Le scandale a rapidement enfl\u00e9, gagnant l\u2019ensemble du continent, et il est loin de toucher \u00e0 sa fin. De la viande de cheval a \u00e9t\u00e9 r\u00e9cemment d\u00e9couverte dans les boulettes de viande vendues par le groupe su\u00e9dois Ikea en R\u00e9publique Tch\u00e8que, tandis que le groupe Nestl\u00e9 a annonc\u00e9 avoir d\u00e9tect\u00e9 des traces d\u2019ADN de cheval dans les plats industriels d\u2019un de ses distributeurs espagnols.<\/p>\n<p>&#13;<\/p>\n<p>&#13;\n\t  <\/p>\n<p>&#13;<\/p>\n<p>&#13;\n\t <\/p>\n<p>&#13;<\/p>\n<p>&#13;<br \/>\n\tDe tels incidents alimentaires doivent \u00eatre \u00e9vit\u00e9s \u00e0 tout prix &#8212; les Europ\u00e9ens sont unanimes \u00e0 ce propos. R\u00e9unis \u00e0 Bruxelles, les ministres de l\u2019Agriculture des 27 ont convenu de proposer un paquet de mesures visant \u00e0 r\u00e9tablir la confiance des consommateurs dans les produits \u00e0 base de viande \u00ab fabriqu\u00e9s dans l\u2019UE \u00bb. Selon le ministre roumain, Daniel Constantin, les pays communautaires poursuivront les contr\u00f4les, afin de d\u00e9celer les fraudes aussi rapidement que possible : <em>\u00ab L\u2019on est tomb\u00e9 d\u2019accord sur les prochaines actions que la Commission doit entreprendre, parce que tous les Etats membres sont conscients de la n\u00e9cessit\u00e9 de renforcer les contr\u00f4les. Il y a des contr\u00f4les approfondis dans les abattoirs, les entrep\u00f4ts, chez les commer\u00e7ants, afin de v\u00e9rifier si le contenu du produit correspond bien avec l\u2019\u00e9tiquette. La Commission europ\u00e9enne a demand\u00e9 aux Etats membres de collaborer \u00e9troitement avec l\u2019Europol, ce que la Roumanie s\u2019est engag\u00e9e \u00e0 faire aussi, sans \u00e9quivoque. \u00bb<\/em><\/p>\n<p>&#13;<\/p>\n<p>&#13;\n\t  <\/p>\n<p>&#13;<\/p>\n<p>&#13;\n\t <\/p>\n<p>&#13;<\/p>\n<p>&#13;<br \/>\n\tDans le m\u00eame temps, les tests ADN visant \u00e0 d\u00e9pister la viande de cheval dans les surgel\u00e9s seront financ\u00e9s \u00e0 hauteur de 75% par la Commission europ\u00e9enne. Une tr\u00e8s bonne nouvelle, selon le ministre Daniel Constantin, parce que ces examens, de m\u00eame que ceux devant d\u00e9celer une substance toxique pour les humains utilis\u00e9e dans le traitement des chevaux, ont des co\u00fbts \u00e9lev\u00e9s.<\/p>\n<p>&#13;<\/p>\n<p>&#13;\n\t  <\/p>\n<p>&#13;<\/p>\n<p>&#13;\n\t <\/p>\n<p>&#13;<\/p>\n<p>&#13;<br \/>\n\tPar ailleurs, la Roumanie s\u2019est ralli\u00e9e \u00e0 une proposition de la France et de l\u2019Allemagne qui demande \u00e0 la Commission europ\u00e9enne des mesures suppl\u00e9mentaires pour am\u00e9liorer l\u2019\u00e9tiquetage des produits alimentaires. Point\u00e9e du doigt au d\u00e9but du scandale, la Roumanie a prouv\u00e9, suite aux contr\u00f4les entrepris, que les soci\u00e9t\u00e9s locales exportatrices de viande de cheval l\u2019avaient correctement labellis\u00e9e. La fraude est survenue ult\u00e9rieurement, dans la cha\u00eene alimentaire menant \u00e0 certains supermarch\u00e9s britanniques ayant vendu les lasagnes en question. Les consommateurs roumains ne sont pas \u00e0 l\u2019abri, eux non plus. Les autorit\u00e9s ont d\u00e9couvert plusieurs fast-foods proposant des produits \u00e0 base de viande de cheval \u00e9tiquet\u00e9e comme du b\u0153uf. (trad.: Andrei Popov)<\/p>\n<p>&#13;<\/p>\n","protected":false},"excerpt":{"rendered":"<p>&#13; Ce sont les Britanniques qui ont \u00e9t\u00e9 les premi\u00e8res victimes officielles du commerce frauduleux avec de la viande de cheval, d\u00e9tect\u00e9e dans des produits surgel\u00e9s annon\u00e7ant pourtant sur leurs \u00e9tiquettes \u00ab pur b\u0153uf \u00bb. Le scandale a rapidement enfl\u00e9, gagnant l\u2019ensemble du continent, et il est loin de toucher \u00e0 sa fin. De la [&hellip;]<\/p>\n","protected":false},"author":110,"featured_media":43070,"comment_status":"closed","ping_status":"closed","sticky":false,"template":"","format":"standard","meta":{"_acf_changed":false,"footnotes":""},"categories":[93377],"tags":[147518,87544,87061,93415,29976,79367,93401,89312,93382,89264,93414,143291,87513],"coauthors":[],"class_list":["post-397087","post","type-post","status-publish","format-standard","has-post-thumbnail","hentry","category-les-dossiers-de-lactualite","tag-agriculture-fr","tag-cheval","tag-commission-europeenne","tag-etiquette","tag-europol","tag-fast-food","tag-lasagnes","tag-scandale","tag-stefan-stoica","tag-surgeles","tag-test-adn","tag-ue-fr","tag-viande"],"acf":[],"yoast_head":"<!-- This site is optimized with the Yoast SEO plugin v27.5 - https:\/\/yoast.com\/product\/yoast-seo-wordpress\/ -->\n<title>R\u00e9tablir la confiance du consommateur europ\u00e9en - Radio Roumanie Internationale<\/title>\n<meta name=\"robots\" content=\"index, follow, max-snippet:-1, max-image-preview:large, max-video-preview:-1\" \/>\n<link rel=\"canonical\" href=\"https:\/\/www.rri.ro\/fr\/actualites\/les-dossiers-de-lactualite\/retablir-la-confiance-du-consommateur-europeen-id397087.html\" \/>\n<meta property=\"og:locale\" content=\"fr_FR\" \/>\n<meta property=\"og:type\" content=\"article\" \/>\n<meta property=\"og:title\" content=\"R\u00e9tablir la confiance du consommateur europ\u00e9en - Radio Roumanie Internationale\" \/>\n<meta property=\"og:description\" content=\"&#013; Ce sont les Britanniques qui ont \u00e9t\u00e9 les premi\u00e8res victimes officielles du commerce frauduleux avec de la viande de cheval, d\u00e9tect\u00e9e dans des produits surgel\u00e9s annon\u00e7ant pourtant sur leurs \u00e9tiquettes \u00ab pur b\u0153uf \u00bb. Le scandale a rapidement enfl\u00e9, gagnant l\u2019ensemble du continent, et il est loin de toucher \u00e0 sa fin. De la [&hellip;]\" \/>\n<meta property=\"og:url\" content=\"https:\/\/www.rri.ro\/fr\/actualites\/les-dossiers-de-lactualite\/retablir-la-confiance-du-consommateur-europeen-id397087.html\" \/>\n<meta property=\"og:site_name\" content=\"Radio Roumanie Internationale\" \/>\n<meta property=\"article:published_time\" content=\"2013-02-26T10:29:00+00:00\" \/>\n<meta property=\"og:image\" content=\"https:\/\/www.rri.ro\/wp-content\/uploads\/2023\/10\/Carne-cal.jpg\" \/>\n\t<meta property=\"og:image:width\" content=\"450\" \/>\n\t<meta property=\"og:image:height\" content=\"317\" \/>\n\t<meta property=\"og:image:type\" content=\"image\/jpeg\" \/>\n<meta name=\"author\" content=\"\u015etefan Stoica\" \/>\n<meta name=\"twitter:card\" content=\"summary_large_image\" \/>\n<meta name=\"twitter:label1\" content=\"\u00c9crit par\" \/>\n\t<meta name=\"twitter:data1\" content=\"\u015etefan Stoica\" \/>\n\t<meta name=\"twitter:label2\" content=\"Dur\u00e9e de lecture estim\u00e9e\" \/>\n\t<meta name=\"twitter:data2\" content=\"2 minutes\" \/>\n\t<meta name=\"twitter:label3\" content=\"Written by\" \/>\n\t<meta name=\"twitter:data3\" content=\"\u015etefan Stoica\" \/>\n<script type=\"application\/ld+json\" class=\"yoast-schema-graph\">{\"@context\":\"https:\\\/\\\/schema.org\",\"@graph\":[{\"@type\":\"Article\",\"@id\":\"https:\\\/\\\/www.rri.ro\\\/fr\\\/actualites\\\/les-dossiers-de-lactualite\\\/retablir-la-confiance-du-consommateur-europeen-id397087.html#article\",\"isPartOf\":{\"@id\":\"https:\\\/\\\/www.rri.ro\\\/fr\\\/actualites\\\/les-dossiers-de-lactualite\\\/retablir-la-confiance-du-consommateur-europeen-id397087.html\"},\"author\":{\"name\":\"\u015etefan Stoica\",\"@id\":\"https:\\\/\\\/www.rri.ro\\\/#\\\/schema\\\/person\\\/2d81d5dc94d44190d13245f64551d334\"},\"headline\":\"R\u00e9tablir la confiance du consommateur europ\u00e9en\",\"datePublished\":\"2013-02-26T10:29:00+00:00\",\"mainEntityOfPage\":{\"@id\":\"https:\\\/\\\/www.rri.ro\\\/fr\\\/actualites\\\/les-dossiers-de-lactualite\\\/retablir-la-confiance-du-consommateur-europeen-id397087.html\"},\"wordCount\":481,\"image\":{\"@id\":\"https:\\\/\\\/www.rri.ro\\\/fr\\\/actualites\\\/les-dossiers-de-lactualite\\\/retablir-la-confiance-du-consommateur-europeen-id397087.html#primaryimage\"},\"thumbnailUrl\":\"https:\\\/\\\/www.rri.ro\\\/wp-content\\\/uploads\\\/2023\\\/10\\\/Carne-cal.jpg\",\"keywords\":[\"agriculture\",\"cheval\",\"Commission europ\u00e9enne\",\"\u00e9tiquette\",\"Europol\",\"fast-food\",\"lasagnes\",\"scandale\",\"Stefan Stoica\",\"surgel\u00e9s\",\"test ADN\",\"UE\",\"viande\"],\"articleSection\":[\"Les dossiers de l'actualit\u00e9\"],\"inLanguage\":\"fr-FR\"},{\"@type\":\"WebPage\",\"@id\":\"https:\\\/\\\/www.rri.ro\\\/fr\\\/actualites\\\/les-dossiers-de-lactualite\\\/retablir-la-confiance-du-consommateur-europeen-id397087.html\",\"url\":\"https:\\\/\\\/www.rri.ro\\\/fr\\\/actualites\\\/les-dossiers-de-lactualite\\\/retablir-la-confiance-du-consommateur-europeen-id397087.html\",\"name\":\"R\u00e9tablir la confiance du consommateur europ\u00e9en - Radio Roumanie Internationale\",\"isPartOf\":{\"@id\":\"https:\\\/\\\/www.rri.ro\\\/#website\"},\"primaryImageOfPage\":{\"@id\":\"https:\\\/\\\/www.rri.ro\\\/fr\\\/actualites\\\/les-dossiers-de-lactualite\\\/retablir-la-confiance-du-consommateur-europeen-id397087.html#primaryimage\"},\"image\":{\"@id\":\"https:\\\/\\\/www.rri.ro\\\/fr\\\/actualites\\\/les-dossiers-de-lactualite\\\/retablir-la-confiance-du-consommateur-europeen-id397087.html#primaryimage\"},\"thumbnailUrl\":\"https:\\\/\\\/www.rri.ro\\\/wp-content\\\/uploads\\\/2023\\\/10\\\/Carne-cal.jpg\",\"datePublished\":\"2013-02-26T10:29:00+00:00\",\"author\":{\"@id\":\"https:\\\/\\\/www.rri.ro\\\/#\\\/schema\\\/person\\\/2d81d5dc94d44190d13245f64551d334\"},\"breadcrumb\":{\"@id\":\"https:\\\/\\\/www.rri.ro\\\/fr\\\/actualites\\\/les-dossiers-de-lactualite\\\/retablir-la-confiance-du-consommateur-europeen-id397087.html#breadcrumb\"},\"inLanguage\":\"fr-FR\",\"potentialAction\":[{\"@type\":\"ReadAction\",\"target\":[\"https:\\\/\\\/www.rri.ro\\\/fr\\\/actualites\\\/les-dossiers-de-lactualite\\\/retablir-la-confiance-du-consommateur-europeen-id397087.html\"]}]},{\"@type\":\"ImageObject\",\"inLanguage\":\"fr-FR\",\"@id\":\"https:\\\/\\\/www.rri.ro\\\/fr\\\/actualites\\\/les-dossiers-de-lactualite\\\/retablir-la-confiance-du-consommateur-europeen-id397087.html#primaryimage\",\"url\":\"https:\\\/\\\/www.rri.ro\\\/wp-content\\\/uploads\\\/2023\\\/10\\\/Carne-cal.jpg\",\"contentUrl\":\"https:\\\/\\\/www.rri.ro\\\/wp-content\\\/uploads\\\/2023\\\/10\\\/Carne-cal.jpg\",\"width\":450,\"height\":317},{\"@type\":\"BreadcrumbList\",\"@id\":\"https:\\\/\\\/www.rri.ro\\\/fr\\\/actualites\\\/les-dossiers-de-lactualite\\\/retablir-la-confiance-du-consommateur-europeen-id397087.html#breadcrumb\",\"itemListElement\":[{\"@type\":\"ListItem\",\"position\":1,\"name\":\"Page d'accueil\",\"item\":\"https:\\\/\\\/www.rri.ro\\\/fr\"},{\"@type\":\"ListItem\",\"position\":2,\"name\":\"Actualit\u00e9s\",\"item\":\"https:\\\/\\\/www.rri.ro\\\/fr\\\/actualites\"},{\"@type\":\"ListItem\",\"position\":3,\"name\":\"Les dossiers de l'actualit\u00e9\",\"item\":\"https:\\\/\\\/www.rri.ro\\\/fr\\\/actualites\\\/les-dossiers-de-lactualite\"},{\"@type\":\"ListItem\",\"position\":4,\"name\":\"R\u00e9tablir la confiance du consommateur europ\u00e9en\"}]},{\"@type\":\"WebSite\",\"@id\":\"https:\\\/\\\/www.rri.ro\\\/#website\",\"url\":\"https:\\\/\\\/www.rri.ro\\\/\",\"name\":\"Radio Roumanie Internationale\",\"description\":\"Totul despre Rom\u00e2nia \u015fi rom\u00e2ni, \u00een 13 limbi\\\/dialecte!\",\"inLanguage\":\"fr-FR\"},{\"@type\":\"Person\",\"@id\":\"https:\\\/\\\/www.rri.ro\\\/#\\\/schema\\\/person\\\/2d81d5dc94d44190d13245f64551d334\",\"name\":\"\u015etefan Stoica\",\"url\":\"https:\\\/\\\/www.rri.ro\\\/fr\\\/author\\\/stefan-stoica\"}]}<\/script>\n<!-- \/ Yoast SEO plugin. -->","yoast_head_json":{"title":"R\u00e9tablir la confiance du consommateur europ\u00e9en - Radio Roumanie Internationale","robots":{"index":"index","follow":"follow","max-snippet":"max-snippet:-1","max-image-preview":"max-image-preview:large","max-video-preview":"max-video-preview:-1"},"canonical":"https:\/\/www.rri.ro\/fr\/actualites\/les-dossiers-de-lactualite\/retablir-la-confiance-du-consommateur-europeen-id397087.html","og_locale":"fr_FR","og_type":"article","og_title":"R\u00e9tablir la confiance du consommateur europ\u00e9en - Radio Roumanie Internationale","og_description":"&#13; Ce sont les Britanniques qui ont \u00e9t\u00e9 les premi\u00e8res victimes officielles du commerce frauduleux avec de la viande de cheval, d\u00e9tect\u00e9e dans des produits surgel\u00e9s annon\u00e7ant pourtant sur leurs \u00e9tiquettes \u00ab pur b\u0153uf \u00bb. Le scandale a rapidement enfl\u00e9, gagnant l\u2019ensemble du continent, et il est loin de toucher \u00e0 sa fin. De la [&hellip;]","og_url":"https:\/\/www.rri.ro\/fr\/actualites\/les-dossiers-de-lactualite\/retablir-la-confiance-du-consommateur-europeen-id397087.html","og_site_name":"Radio Roumanie Internationale","article_published_time":"2013-02-26T10:29:00+00:00","og_image":[{"width":450,"height":317,"url":"https:\/\/www.rri.ro\/wp-content\/uploads\/2023\/10\/Carne-cal.jpg","type":"image\/jpeg"}],"author":"\u015etefan Stoica","twitter_card":"summary_large_image","twitter_misc":{"\u00c9crit par":"\u015etefan Stoica","Dur\u00e9e de lecture estim\u00e9e":"2 minutes","Written by":"\u015etefan Stoica"},"schema":{"@context":"https:\/\/schema.org","@graph":[{"@type":"Article","@id":"https:\/\/www.rri.ro\/fr\/actualites\/les-dossiers-de-lactualite\/retablir-la-confiance-du-consommateur-europeen-id397087.html#article","isPartOf":{"@id":"https:\/\/www.rri.ro\/fr\/actualites\/les-dossiers-de-lactualite\/retablir-la-confiance-du-consommateur-europeen-id397087.html"},"author":{"name":"\u015etefan Stoica","@id":"https:\/\/www.rri.ro\/#\/schema\/person\/2d81d5dc94d44190d13245f64551d334"},"headline":"R\u00e9tablir la confiance du consommateur europ\u00e9en","datePublished":"2013-02-26T10:29:00+00:00","mainEntityOfPage":{"@id":"https:\/\/www.rri.ro\/fr\/actualites\/les-dossiers-de-lactualite\/retablir-la-confiance-du-consommateur-europeen-id397087.html"},"wordCount":481,"image":{"@id":"https:\/\/www.rri.ro\/fr\/actualites\/les-dossiers-de-lactualite\/retablir-la-confiance-du-consommateur-europeen-id397087.html#primaryimage"},"thumbnailUrl":"https:\/\/www.rri.ro\/wp-content\/uploads\/2023\/10\/Carne-cal.jpg","keywords":["agriculture","cheval","Commission europ\u00e9enne","\u00e9tiquette","Europol","fast-food","lasagnes","scandale","Stefan Stoica","surgel\u00e9s","test ADN","UE","viande"],"articleSection":["Les dossiers de l'actualit\u00e9"],"inLanguage":"fr-FR"},{"@type":"WebPage","@id":"https:\/\/www.rri.ro\/fr\/actualites\/les-dossiers-de-lactualite\/retablir-la-confiance-du-consommateur-europeen-id397087.html","url":"https:\/\/www.rri.ro\/fr\/actualites\/les-dossiers-de-lactualite\/retablir-la-confiance-du-consommateur-europeen-id397087.html","name":"R\u00e9tablir la confiance du consommateur europ\u00e9en - Radio Roumanie Internationale","isPartOf":{"@id":"https:\/\/www.rri.ro\/#website"},"primaryImageOfPage":{"@id":"https:\/\/www.rri.ro\/fr\/actualites\/les-dossiers-de-lactualite\/retablir-la-confiance-du-consommateur-europeen-id397087.html#primaryimage"},"image":{"@id":"https:\/\/www.rri.ro\/fr\/actualites\/les-dossiers-de-lactualite\/retablir-la-confiance-du-consommateur-europeen-id397087.html#primaryimage"},"thumbnailUrl":"https:\/\/www.rri.ro\/wp-content\/uploads\/2023\/10\/Carne-cal.jpg","datePublished":"2013-02-26T10:29:00+00:00","author":{"@id":"https:\/\/www.rri.ro\/#\/schema\/person\/2d81d5dc94d44190d13245f64551d334"},"breadcrumb":{"@id":"https:\/\/www.rri.ro\/fr\/actualites\/les-dossiers-de-lactualite\/retablir-la-confiance-du-consommateur-europeen-id397087.html#breadcrumb"},"inLanguage":"fr-FR","potentialAction":[{"@type":"ReadAction","target":["https:\/\/www.rri.ro\/fr\/actualites\/les-dossiers-de-lactualite\/retablir-la-confiance-du-consommateur-europeen-id397087.html"]}]},{"@type":"ImageObject","inLanguage":"fr-FR","@id":"https:\/\/www.rri.ro\/fr\/actualites\/les-dossiers-de-lactualite\/retablir-la-confiance-du-consommateur-europeen-id397087.html#primaryimage","url":"https:\/\/www.rri.ro\/wp-content\/uploads\/2023\/10\/Carne-cal.jpg","contentUrl":"https:\/\/www.rri.ro\/wp-content\/uploads\/2023\/10\/Carne-cal.jpg","width":450,"height":317},{"@type":"BreadcrumbList","@id":"https:\/\/www.rri.ro\/fr\/actualites\/les-dossiers-de-lactualite\/retablir-la-confiance-du-consommateur-europeen-id397087.html#breadcrumb","itemListElement":[{"@type":"ListItem","position":1,"name":"Page d'accueil","item":"https:\/\/www.rri.ro\/fr"},{"@type":"ListItem","position":2,"name":"Actualit\u00e9s","item":"https:\/\/www.rri.ro\/fr\/actualites"},{"@type":"ListItem","position":3,"name":"Les dossiers de l'actualit\u00e9","item":"https:\/\/www.rri.ro\/fr\/actualites\/les-dossiers-de-lactualite"},{"@type":"ListItem","position":4,"name":"R\u00e9tablir la confiance du consommateur europ\u00e9en"}]},{"@type":"WebSite","@id":"https:\/\/www.rri.ro\/#website","url":"https:\/\/www.rri.ro\/","name":"Radio Roumanie Internationale","description":"Totul despre Rom\u00e2nia \u015fi rom\u00e2ni, \u00een 13 limbi\/dialecte!","inLanguage":"fr-FR"},{"@type":"Person","@id":"https:\/\/www.rri.ro\/#\/schema\/person\/2d81d5dc94d44190d13245f64551d334","name":"\u015etefan Stoica","url":"https:\/\/www.rri.ro\/fr\/author\/stefan-stoica"}]}},"_links":{"self":[{"href":"https:\/\/www.rri.ro\/fr\/wp-json\/wp\/v2\/posts\/397087","targetHints":{"allow":["GET"]}}],"collection":[{"href":"https:\/\/www.rri.ro\/fr\/wp-json\/wp\/v2\/posts"}],"about":[{"href":"https:\/\/www.rri.ro\/fr\/wp-json\/wp\/v2\/types\/post"}],"author":[{"embeddable":true,"href":"https:\/\/www.rri.ro\/fr\/wp-json\/wp\/v2\/users\/110"}],"replies":[{"embeddable":true,"href":"https:\/\/www.rri.ro\/fr\/wp-json\/wp\/v2\/comments?post=397087"}],"version-history":[{"count":0,"href":"https:\/\/www.rri.ro\/fr\/wp-json\/wp\/v2\/posts\/397087\/revisions"}],"wp:featuredmedia":[{"embeddable":true,"href":"https:\/\/www.rri.ro\/fr\/wp-json\/wp\/v2\/media\/43070"}],"wp:attachment":[{"href":"https:\/\/www.rri.ro\/fr\/wp-json\/wp\/v2\/media?parent=397087"}],"wp:term":[{"taxonomy":"category","embeddable":true,"href":"https:\/\/www.rri.ro\/fr\/wp-json\/wp\/v2\/categories?post=397087"},{"taxonomy":"post_tag","embeddable":true,"href":"https:\/\/www.rri.ro\/fr\/wp-json\/wp\/v2\/tags?post=397087"},{"taxonomy":"author","embeddable":true,"href":"https:\/\/www.rri.ro\/fr\/wp-json\/wp\/v2\/coauthors?post=397087"}],"curies":[{"name":"wp","href":"https:\/\/api.w.org\/{rel}","templated":true}]}}